{"id":16271,"date":"2023-01-09T10:17:57","date_gmt":"2023-01-09T09:17:57","guid":{"rendered":"https:\/\/progettotouring.it\/radiotouring104\/?p=16271"},"modified":"2023-01-09T10:17:57","modified_gmt":"2023-01-09T09:17:57","slug":"turismo-in-calabria-ridisegnare-il-settore-sul-modello-scandinavo","status":"publish","type":"post","link":"https:\/\/progettotouring.it\/radiotouring104\/2023\/01\/09\/turismo-in-calabria-ridisegnare-il-settore-sul-modello-scandinavo\/","title":{"rendered":"Turismo in Calabria: ridisegnare il settore sul modello scandinavo"},"content":{"rendered":"<p>Si \u00e8 tenuta a Oslo tra il 7 e l\u20198 gennaio 2023 \u2018Reiselivsmessen\u2019, fiera dedicata al turismo e al settore dei viaggi che ha visto la partecipazione di uno stand della Regione Calabria. Tra i presenti alla fiera norvegese anche l\u2019imprenditore calabrese Giuseppe Nucera, forte della sua esperienza quarantennale nel settore turistico.<\/p>\n<p>\u201cHo avuto modo di studiare e apprezzare da vicino quello che \u00e8 il modello di turismo che i norvegesi preferiscono quando vanno oltre i confini nazionali. Prediligono un turismo incentrato sulle bellezze naturali e paesaggistiche di un territorio, insieme alle eccellenze enogastronomiche.<\/p>\n<p>Sono caratteristiche -evidenzia Nucera- che si adattano perfettamente alla Calabria. La popolazione scandinava ha investito tanto in Spagna, acquisendo propriet\u00e0 immobiliari. Penso a quello che potrebbe accadere con i meravigliosi borghi della nostra regione, localit\u00e0 incontaminate che ho mostrato nel corso della fiera ai presenti e che hanno incontrato la meraviglia dei norvegesi\u201d.<\/p>\n<p>Secondo l\u2019ideatore del movimento \u2018La Calabria che vogliamo\u2019, gi\u00e0 presidente di Confindustria Reggio Calabria, \u00e8 il momento di voltare pagina nel settore turistico, imprimendo un deciso cambio di passo fatto di politiche differenti e maggiormente incisive.<\/p>\n<p>\u201cSi pu\u00f2 aprire un nuovo capitolo per la nostra regione, per valorizzare per\u00f2 tutte le potenzialit\u00e0 della Calabria servono iniziative concordate e programmate con lungimiranza. Se ci guardiamo indietro, vediamo anni e anni di investimenti sbagliati, uno spreco di risorse che non ha permesso alla Calabria di essere percepita come una destinazione turistica di assoluto livello.<\/p>\n<p>C\u2019\u00e8 bisogno di coraggio e idee chiare. La Regione Calabria -afferma Nucera- dovrebbbe riunire attorno ad un tavolo gli imprenditori di tutti i settori, non soltanto quello turistico, per ridisegnare da zero un mercato che potrebbe e dovrebbe rappresentare una delle principali ricchezze economiche della Calabria\u201d.<\/p>\n","protected":false},"excerpt":{"rendered":"<p>Si \u00e8 tenuta a Oslo tra il 7 e l\u20198 gennaio 2023 \u2018Reiselivsmessen\u2019, fiera dedicata al turismo e al settore dei viaggi che ha visto la partecipazione di uno stand&hellip;<\/p>\n","protected":false},"author":13,"featured_media":16273,"comment_status":"open","ping_status":"open","sticky":false,"template":"","format":"standard","meta":{"_jetpack_memberships_contains_paid_content":false,"footnotes":"","jetpack_publicize_message":"","jetpack_publicize_feature_enabled":true,"jetpack_social_post_already_shared":false,"jetpack_social_options":{"image_generator_settings":{"template":"highway","default_image_id":0,"font":"","enabled":false},"version":2}},"categories":[142,921,196],"tags":[8128,8130,8126,8127,8129],"class_list":["post-16271","post","type-post","status-publish","format-standard","has-post-thumbnail","hentry","category-calabria","category-home","category-news","tag-fiera-turistica","tag-giuseppe-nucera","tag-oslo","tag-reiselivsmessen","tag-turismo-in-calabria"],"yoast_head":"<!-- This site is optimized with the Yoast SEO plugin v27.2 - https:\/\/yoast.com\/product\/yoast-seo-wordpress\/ -->\n<title>Turismo in Calabria: ridisegnare il settore sul modello scandinavo<\/title>\n<meta name=\"description\" content=\"Durante la fiera norvegese dedicata ai viaggi, l&#039;imprenditore Giuseppe Nucera sprona i colleghi ad affacciarsi al mercato internazionale\" \/>\n<meta name=\"robots\" content=\"index, follow, max-snippet:-1, max-image-preview:large, max-video-preview:-1\" \/>\n<link rel=\"canonical\" href=\"https:\/\/progettotouring.it\/radiotouring104\/2023\/01\/09\/turismo-in-calabria-ridisegnare-il-settore-sul-modello-scandinavo\/\" \/>\n<meta property=\"og:locale\" content=\"it_IT\" \/>\n<meta property=\"og:type\" content=\"article\" \/>\n<meta property=\"og:title\" content=\"Turismo in Calabria: ridisegnare il settore sul modello scandinavo\" \/>\n<meta property=\"og:description\" content=\"Durante la fiera norvegese dedicata ai viaggi, l&#039;imprenditore Giuseppe Nucera sprona i colleghi ad affacciarsi al mercato internazionale\" \/>\n<meta property=\"og:url\" content=\"https:\/\/progettotouring.it\/radiotouring104\/2023\/01\/09\/turismo-in-calabria-ridisegnare-il-settore-sul-modello-scandinavo\/\" \/>\n<meta property=\"og:site_name\" content=\"Radio Touring 104\" \/>\n<meta property=\"article:published_time\" content=\"2023-01-09T09:17:57+00:00\" \/>\n<meta property=\"og:image\" content=\"https:\/\/progettotouring.it\/radiotouring104\/wp-content\/uploads\/sites\/6\/2023\/01\/Nucera-Giuseppe-1.jpg\" \/>\n\t<meta property=\"og:image:width\" content=\"746\" \/>\n\t<meta property=\"og:image:height\" content=\"398\" \/>\n\t<meta property=\"og:image:type\" content=\"image\/jpeg\" \/>\n<meta name=\"author\" content=\"Helena Pedone\" \/>\n<meta name=\"twitter:card\" content=\"summary_large_image\" \/>\n<meta name=\"twitter:label1\" content=\"Scritto da\" \/>\n\t<meta name=\"twitter:data1\" content=\"Helena Pedone\" \/>\n\t<meta name=\"twitter:label2\" content=\"Tempo di lettura stimato\" \/>\n\t<meta name=\"twitter:data2\" content=\"1 minuto\" \/>\n<script type=\"application\/ld+json\" class=\"yoast-schema-graph\">{\"@context\":\"https:\/\/schema.org\",\"@graph\":[{\"@type\":\"Article\",\"@id\":\"https:\/\/progettotouring.it\/radiotouring104\/2023\/01\/09\/turismo-in-calabria-ridisegnare-il-settore-sul-modello-scandinavo\/#article\",\"isPartOf\":{\"@id\":\"https:\/\/progettotouring.it\/radiotouring104\/2023\/01\/09\/turismo-in-calabria-ridisegnare-il-settore-sul-modello-scandinavo\/\"},\"author\":{\"name\":\"Helena Pedone\",\"@id\":\"https:\/\/progettotouring.it\/radiotouring104\/#\/schema\/person\/8458ed437f4094f881aab8e4cc572684\"},\"headline\":\"Turismo in Calabria: ridisegnare il settore sul modello scandinavo\",\"datePublished\":\"2023-01-09T09:17:57+00:00\",\"mainEntityOfPage\":{\"@id\":\"https:\/\/progettotouring.it\/radiotouring104\/2023\/01\/09\/turismo-in-calabria-ridisegnare-il-settore-sul-modello-scandinavo\/\"},\"wordCount\":291,\"commentCount\":0,\"publisher\":{\"@id\":\"https:\/\/progettotouring.it\/radiotouring104\/#organization\"},\"image\":{\"@id\":\"https:\/\/progettotouring.it\/radiotouring104\/2023\/01\/09\/turismo-in-calabria-ridisegnare-il-settore-sul-modello-scandinavo\/#primaryimage\"},\"thumbnailUrl\":\"https:\/\/progettotouring.it\/radiotouring104\/wp-content\/uploads\/sites\/6\/2023\/01\/Nucera-Giuseppe-1.jpg\",\"keywords\":[\"Fiera turistica\",\"Giuseppe Nucera\",\"Oslo\",\"Reiselivsmessen\",\"Turismo in Calabria\"],\"articleSection\":[\"Calabria\",\"Home\",\"News\"],\"inLanguage\":\"it-IT\",\"potentialAction\":[{\"@type\":\"CommentAction\",\"name\":\"Comment\",\"target\":[\"https:\/\/progettotouring.it\/radiotouring104\/2023\/01\/09\/turismo-in-calabria-ridisegnare-il-settore-sul-modello-scandinavo\/#respond\"]}]},{\"@type\":\"WebPage\",\"@id\":\"https:\/\/progettotouring.it\/radiotouring104\/2023\/01\/09\/turismo-in-calabria-ridisegnare-il-settore-sul-modello-scandinavo\/\",\"url\":\"https:\/\/progettotouring.it\/radiotouring104\/2023\/01\/09\/turismo-in-calabria-ridisegnare-il-settore-sul-modello-scandinavo\/\",\"name\":\"Turismo in Calabria: ridisegnare il settore sul modello scandinavo\",\"isPartOf\":{\"@id\":\"https:\/\/progettotouring.it\/radiotouring104\/#website\"},\"primaryImageOfPage\":{\"@id\":\"https:\/\/progettotouring.it\/radiotouring104\/2023\/01\/09\/turismo-in-calabria-ridisegnare-il-settore-sul-modello-scandinavo\/#primaryimage\"},\"image\":{\"@id\":\"https:\/\/progettotouring.it\/radiotouring104\/2023\/01\/09\/turismo-in-calabria-ridisegnare-il-settore-sul-modello-scandinavo\/#primaryimage\"},\"thumbnailUrl\":\"https:\/\/progettotouring.it\/radiotouring104\/wp-content\/uploads\/sites\/6\/2023\/01\/Nucera-Giuseppe-1.jpg\",\"datePublished\":\"2023-01-09T09:17:57+00:00\",\"description\":\"Durante la fiera norvegese dedicata ai viaggi, l'imprenditore Giuseppe Nucera sprona i colleghi ad affacciarsi al mercato internazionale\",\"breadcrumb\":{\"@id\":\"https:\/\/progettotouring.it\/radiotouring104\/2023\/01\/09\/turismo-in-calabria-ridisegnare-il-settore-sul-modello-scandinavo\/#breadcrumb\"},\"inLanguage\":\"it-IT\",\"potentialAction\":[{\"@type\":\"ReadAction\",\"target\":[\"https:\/\/progettotouring.it\/radiotouring104\/2023\/01\/09\/turismo-in-calabria-ridisegnare-il-settore-sul-modello-scandinavo\/\"]}]},{\"@type\":\"ImageObject\",\"inLanguage\":\"it-IT\",\"@id\":\"https:\/\/progettotouring.it\/radiotouring104\/2023\/01\/09\/turismo-in-calabria-ridisegnare-il-settore-sul-modello-scandinavo\/#primaryimage\",\"url\":\"https:\/\/progettotouring.it\/radiotouring104\/wp-content\/uploads\/sites\/6\/2023\/01\/Nucera-Giuseppe-1.jpg\",\"contentUrl\":\"https:\/\/progettotouring.it\/radiotouring104\/wp-content\/uploads\/sites\/6\/2023\/01\/Nucera-Giuseppe-1.jpg\",\"width\":746,\"height\":398},{\"@type\":\"BreadcrumbList\",\"@id\":\"https:\/\/progettotouring.it\/radiotouring104\/2023\/01\/09\/turismo-in-calabria-ridisegnare-il-settore-sul-modello-scandinavo\/#breadcrumb\",\"itemListElement\":[{\"@type\":\"ListItem\",\"position\":1,\"name\":\"Home\",\"item\":\"https:\/\/progettotouring.it\/radiotouring104\/\"},{\"@type\":\"ListItem\",\"position\":2,\"name\":\"Turismo in Calabria: ridisegnare il settore sul modello scandinavo\"}]},{\"@type\":\"WebSite\",\"@id\":\"https:\/\/progettotouring.it\/radiotouring104\/#website\",\"url\":\"https:\/\/progettotouring.it\/radiotouring104\/\",\"name\":\"Radio Touring 104\",\"description\":\"La prima radio Reggina\",\"publisher\":{\"@id\":\"https:\/\/progettotouring.it\/radiotouring104\/#organization\"},\"potentialAction\":[{\"@type\":\"SearchAction\",\"target\":{\"@type\":\"EntryPoint\",\"urlTemplate\":\"https:\/\/progettotouring.it\/radiotouring104\/?s={search_term_string}\"},\"query-input\":{\"@type\":\"PropertyValueSpecification\",\"valueRequired\":true,\"valueName\":\"search_term_string\"}}],\"inLanguage\":\"it-IT\"},{\"@type\":\"Organization\",\"@id\":\"https:\/\/progettotouring.it\/radiotouring104\/#organization\",\"name\":\"Radio Touring 104\",\"url\":\"https:\/\/progettotouring.it\/radiotouring104\/\",\"logo\":{\"@type\":\"ImageObject\",\"inLanguage\":\"it-IT\",\"@id\":\"https:\/\/progettotouring.it\/radiotouring104\/#\/schema\/logo\/image\/\",\"url\":\"https:\/\/progettotouring.it\/radiotouring104\/wp-content\/uploads\/sites\/6\/2022\/02\/cropped-logo-radio-touring-104.png\",\"contentUrl\":\"https:\/\/progettotouring.it\/radiotouring104\/wp-content\/uploads\/sites\/6\/2022\/02\/cropped-logo-radio-touring-104.png\",\"width\":377,\"height\":182,\"caption\":\"Radio Touring 104\"},\"image\":{\"@id\":\"https:\/\/progettotouring.it\/radiotouring104\/#\/schema\/logo\/image\/\"}},{\"@type\":\"Person\",\"@id\":\"https:\/\/progettotouring.it\/radiotouring104\/#\/schema\/person\/8458ed437f4094f881aab8e4cc572684\",\"name\":\"Helena Pedone\",\"image\":{\"@type\":\"ImageObject\",\"inLanguage\":\"it-IT\",\"@id\":\"https:\/\/secure.gravatar.com\/avatar\/95a63adf316f90175b68113b4b895a96641be06395ffeef88fea6178b30027d9?s=96&d=mm&r=g\",\"url\":\"https:\/\/secure.gravatar.com\/avatar\/95a63adf316f90175b68113b4b895a96641be06395ffeef88fea6178b30027d9?s=96&d=mm&r=g\",\"contentUrl\":\"https:\/\/secure.gravatar.com\/avatar\/95a63adf316f90175b68113b4b895a96641be06395ffeef88fea6178b30027d9?s=96&d=mm&r=g\",\"caption\":\"Helena Pedone\"},\"url\":\"https:\/\/progettotouring.it\/radiotouring104\/author\/helena\/\"}]}<\/script>\n<!-- \/ Yoast SEO plugin. -->","yoast_head_json":{"title":"Turismo in Calabria: ridisegnare il settore sul modello scandinavo","description":"Durante la fiera norvegese dedicata ai viaggi, l'imprenditore Giuseppe Nucera sprona i colleghi ad affacciarsi al mercato internazionale","robots":{"index":"index","follow":"follow","max-snippet":"max-snippet:-1","max-image-preview":"max-image-preview:large","max-video-preview":"max-video-preview:-1"},"canonical":"https:\/\/progettotouring.it\/radiotouring104\/2023\/01\/09\/turismo-in-calabria-ridisegnare-il-settore-sul-modello-scandinavo\/","og_locale":"it_IT","og_type":"article","og_title":"Turismo in Calabria: ridisegnare il settore sul modello scandinavo","og_description":"Durante la fiera norvegese dedicata ai viaggi, l'imprenditore Giuseppe Nucera sprona i colleghi ad affacciarsi al mercato internazionale","og_url":"https:\/\/progettotouring.it\/radiotouring104\/2023\/01\/09\/turismo-in-calabria-ridisegnare-il-settore-sul-modello-scandinavo\/","og_site_name":"Radio Touring 104","article_published_time":"2023-01-09T09:17:57+00:00","og_image":[{"width":746,"height":398,"url":"https:\/\/progettotouring.it\/radiotouring104\/wp-content\/uploads\/sites\/6\/2023\/01\/Nucera-Giuseppe-1.jpg","type":"image\/jpeg"}],"author":"Helena Pedone","twitter_card":"summary_large_image","twitter_misc":{"Scritto da":"Helena Pedone","Tempo di lettura stimato":"1 minuto"},"schema":{"@context":"https:\/\/schema.org","@graph":[{"@type":"Article","@id":"https:\/\/progettotouring.it\/radiotouring104\/2023\/01\/09\/turismo-in-calabria-ridisegnare-il-settore-sul-modello-scandinavo\/#article","isPartOf":{"@id":"https:\/\/progettotouring.it\/radiotouring104\/2023\/01\/09\/turismo-in-calabria-ridisegnare-il-settore-sul-modello-scandinavo\/"},"author":{"name":"Helena Pedone","@id":"https:\/\/progettotouring.it\/radiotouring104\/#\/schema\/person\/8458ed437f4094f881aab8e4cc572684"},"headline":"Turismo in Calabria: ridisegnare il settore sul modello scandinavo","datePublished":"2023-01-09T09:17:57+00:00","mainEntityOfPage":{"@id":"https:\/\/progettotouring.it\/radiotouring104\/2023\/01\/09\/turismo-in-calabria-ridisegnare-il-settore-sul-modello-scandinavo\/"},"wordCount":291,"commentCount":0,"publisher":{"@id":"https:\/\/progettotouring.it\/radiotouring104\/#organization"},"image":{"@id":"https:\/\/progettotouring.it\/radiotouring104\/2023\/01\/09\/turismo-in-calabria-ridisegnare-il-settore-sul-modello-scandinavo\/#primaryimage"},"thumbnailUrl":"https:\/\/progettotouring.it\/radiotouring104\/wp-content\/uploads\/sites\/6\/2023\/01\/Nucera-Giuseppe-1.jpg","keywords":["Fiera turistica","Giuseppe Nucera","Oslo","Reiselivsmessen","Turismo in Calabria"],"articleSection":["Calabria","Home","News"],"inLanguage":"it-IT","potentialAction":[{"@type":"CommentAction","name":"Comment","target":["https:\/\/progettotouring.it\/radiotouring104\/2023\/01\/09\/turismo-in-calabria-ridisegnare-il-settore-sul-modello-scandinavo\/#respond"]}]},{"@type":"WebPage","@id":"https:\/\/progettotouring.it\/radiotouring104\/2023\/01\/09\/turismo-in-calabria-ridisegnare-il-settore-sul-modello-scandinavo\/","url":"https:\/\/progettotouring.it\/radiotouring104\/2023\/01\/09\/turismo-in-calabria-ridisegnare-il-settore-sul-modello-scandinavo\/","name":"Turismo in Calabria: ridisegnare il settore sul modello scandinavo","isPartOf":{"@id":"https:\/\/progettotouring.it\/radiotouring104\/#website"},"primaryImageOfPage":{"@id":"https:\/\/progettotouring.it\/radiotouring104\/2023\/01\/09\/turismo-in-calabria-ridisegnare-il-settore-sul-modello-scandinavo\/#primaryimage"},"image":{"@id":"https:\/\/progettotouring.it\/radiotouring104\/2023\/01\/09\/turismo-in-calabria-ridisegnare-il-settore-sul-modello-scandinavo\/#primaryimage"},"thumbnailUrl":"https:\/\/progettotouring.it\/radiotouring104\/wp-content\/uploads\/sites\/6\/2023\/01\/Nucera-Giuseppe-1.jpg","datePublished":"2023-01-09T09:17:57+00:00","description":"Durante la fiera norvegese dedicata ai viaggi, l'imprenditore Giuseppe Nucera sprona i colleghi ad affacciarsi al mercato internazionale","breadcrumb":{"@id":"https:\/\/progettotouring.it\/radiotouring104\/2023\/01\/09\/turismo-in-calabria-ridisegnare-il-settore-sul-modello-scandinavo\/#breadcrumb"},"inLanguage":"it-IT","potentialAction":[{"@type":"ReadAction","target":["https:\/\/progettotouring.it\/radiotouring104\/2023\/01\/09\/turismo-in-calabria-ridisegnare-il-settore-sul-modello-scandinavo\/"]}]},{"@type":"ImageObject","inLanguage":"it-IT","@id":"https:\/\/progettotouring.it\/radiotouring104\/2023\/01\/09\/turismo-in-calabria-ridisegnare-il-settore-sul-modello-scandinavo\/#primaryimage","url":"https:\/\/progettotouring.it\/radiotouring104\/wp-content\/uploads\/sites\/6\/2023\/01\/Nucera-Giuseppe-1.jpg","contentUrl":"https:\/\/progettotouring.it\/radiotouring104\/wp-content\/uploads\/sites\/6\/2023\/01\/Nucera-Giuseppe-1.jpg","width":746,"height":398},{"@type":"BreadcrumbList","@id":"https:\/\/progettotouring.it\/radiotouring104\/2023\/01\/09\/turismo-in-calabria-ridisegnare-il-settore-sul-modello-scandinavo\/#breadcrumb","itemListElement":[{"@type":"ListItem","position":1,"name":"Home","item":"https:\/\/progettotouring.it\/radiotouring104\/"},{"@type":"ListItem","position":2,"name":"Turismo in Calabria: ridisegnare il settore sul modello scandinavo"}]},{"@type":"WebSite","@id":"https:\/\/progettotouring.it\/radiotouring104\/#website","url":"https:\/\/progettotouring.it\/radiotouring104\/","name":"Radio Touring 104","description":"La prima radio Reggina","publisher":{"@id":"https:\/\/progettotouring.it\/radiotouring104\/#organization"},"potentialAction":[{"@type":"SearchAction","target":{"@type":"EntryPoint","urlTemplate":"https:\/\/progettotouring.it\/radiotouring104\/?s={search_term_string}"},"query-input":{"@type":"PropertyValueSpecification","valueRequired":true,"valueName":"search_term_string"}}],"inLanguage":"it-IT"},{"@type":"Organization","@id":"https:\/\/progettotouring.it\/radiotouring104\/#organization","name":"Radio Touring 104","url":"https:\/\/progettotouring.it\/radiotouring104\/","logo":{"@type":"ImageObject","inLanguage":"it-IT","@id":"https:\/\/progettotouring.it\/radiotouring104\/#\/schema\/logo\/image\/","url":"https:\/\/progettotouring.it\/radiotouring104\/wp-content\/uploads\/sites\/6\/2022\/02\/cropped-logo-radio-touring-104.png","contentUrl":"https:\/\/progettotouring.it\/radiotouring104\/wp-content\/uploads\/sites\/6\/2022\/02\/cropped-logo-radio-touring-104.png","width":377,"height":182,"caption":"Radio Touring 104"},"image":{"@id":"https:\/\/progettotouring.it\/radiotouring104\/#\/schema\/logo\/image\/"}},{"@type":"Person","@id":"https:\/\/progettotouring.it\/radiotouring104\/#\/schema\/person\/8458ed437f4094f881aab8e4cc572684","name":"Helena Pedone","image":{"@type":"ImageObject","inLanguage":"it-IT","@id":"https:\/\/secure.gravatar.com\/avatar\/95a63adf316f90175b68113b4b895a96641be06395ffeef88fea6178b30027d9?s=96&d=mm&r=g","url":"https:\/\/secure.gravatar.com\/avatar\/95a63adf316f90175b68113b4b895a96641be06395ffeef88fea6178b30027d9?s=96&d=mm&r=g","contentUrl":"https:\/\/secure.gravatar.com\/avatar\/95a63adf316f90175b68113b4b895a96641be06395ffeef88fea6178b30027d9?s=96&d=mm&r=g","caption":"Helena Pedone"},"url":"https:\/\/progettotouring.it\/radiotouring104\/author\/helena\/"}]}},"jetpack_publicize_connections":[],"jetpack_featured_media_url":"https:\/\/progettotouring.it\/radiotouring104\/wp-content\/uploads\/sites\/6\/2023\/01\/Nucera-Giuseppe-1.jpg","jetpack_sharing_enabled":true,"_links":{"self":[{"href":"https:\/\/progettotouring.it\/radiotouring104\/wp-json\/wp\/v2\/posts\/16271","targetHints":{"allow":["GET"]}}],"collection":[{"href":"https:\/\/progettotouring.it\/radiotouring104\/wp-json\/wp\/v2\/posts"}],"about":[{"href":"https:\/\/progettotouring.it\/radiotouring104\/wp-json\/wp\/v2\/types\/post"}],"author":[{"embeddable":true,"href":"https:\/\/progettotouring.it\/radiotouring104\/wp-json\/wp\/v2\/users\/13"}],"replies":[{"embeddable":true,"href":"https:\/\/progettotouring.it\/radiotouring104\/wp-json\/wp\/v2\/comments?post=16271"}],"version-history":[{"count":1,"href":"https:\/\/progettotouring.it\/radiotouring104\/wp-json\/wp\/v2\/posts\/16271\/revisions"}],"predecessor-version":[{"id":16275,"href":"https:\/\/progettotouring.it\/radiotouring104\/wp-json\/wp\/v2\/posts\/16271\/revisions\/16275"}],"wp:featuredmedia":[{"embeddable":true,"href":"https:\/\/progettotouring.it\/radiotouring104\/wp-json\/wp\/v2\/media\/16273"}],"wp:attachment":[{"href":"https:\/\/progettotouring.it\/radiotouring104\/wp-json\/wp\/v2\/media?parent=16271"}],"wp:term":[{"taxonomy":"category","embeddable":true,"href":"https:\/\/progettotouring.it\/radiotouring104\/wp-json\/wp\/v2\/categories?post=16271"},{"taxonomy":"post_tag","embeddable":true,"href":"https:\/\/progettotouring.it\/radiotouring104\/wp-json\/wp\/v2\/tags?post=16271"}],"curies":[{"name":"wp","href":"https:\/\/api.w.org\/{rel}","templated":true}]}}