{"id":16274,"date":"2023-01-09T10:43:33","date_gmt":"2023-01-09T09:43:33","guid":{"rendered":"https:\/\/progettotouring.it\/radiotouring104\/?p=16274"},"modified":"2023-01-09T10:43:33","modified_gmt":"2023-01-09T09:43:33","slug":"domani-fiaccolata-sulla-corigliano-rossano-per-ricordare-luca","status":"publish","type":"post","link":"https:\/\/progettotouring.it\/radiotouring104\/2023\/01\/09\/domani-fiaccolata-sulla-corigliano-rossano-per-ricordare-luca\/","title":{"rendered":"Domani fiaccolata sulla Corigliano Rossano per ricordare Luca"},"content":{"rendered":"<p class=\"xmprfx_MsoNormal\">L\u2019Organizzazione di Volontariato \u201cBasta Vittime Sulla Strada Statale 106\u201d insieme con la Chiesa di Maria Ss Immacolata ed Patrocinio Gratuito dell\u2019Amministrazione Comunale di Corigliano-Rossano organizza per\u00a0<b><u>domani 9 gennaio, alle ore 21:00, la Fiaccolata in ricordo di Luca Laudone e di tutte le vittime della strada Statale 106.<\/u><\/b><\/p>\n<p class=\"xmprfx_MsoNormal\">Luca Laudone, ha perso la vita lo scorso 10 gennaio 2022 nell\u2019ambito di un incidente stradale portato agli onori della cronaca solo dalla nostra Organizzazione di Volontariato per la sua enormit\u00e0: il 19enne, infatti, perse il controllo della sua autovettura nello stesso punto in cui, 7 giorni prima, aveva perso il controllo un altro automobilista.\u00a0<b><u>L\u2019Anas Spa non solo non ha provveduto al ripristino del guardrail divelto ma ha posto dei new jersey in plastica completamente vuoti che, purtroppo, non sono riusciti a trattenere l\u2019auto di Luca dal finire nel fossato accanto alla strada e, nel tragico impatto, il giovane 19enne ha perso la vita.<\/u><\/b><\/p>\n<p class=\"xmprfx_MsoNormal\">Occorre, altres\u00ec, ricordare che l\u2019Anas Spa subito dopo la morte di Luca ha ripristinato il guardrail in meno di una settimana mentre\u00a0<b><u>solo un mese fa ha effettuato i lavori di ripristino del manto stradale che versava in condizioni inenarrabili tanto era ammalorato.<\/u><\/b><\/p>\n<p class=\"xmprfx_MsoNormal\">Il raduno \u00e8 previsto per domani sera alle 21:00 davanti la Chiesa di Maria Ss Immacolata e da l\u00ec si muover\u00e0 percorrendo un breve tratto di Via Fontanelle fino alla rotonda che porta prima sua Via Negri e poi sul breve tratto di Via Nazionale che congiunge a Via Provinciale che sar\u00e0 percorsa proprio fino alla Statale 106. Qui, dopo\u00a0<b><u>una breve pausa in cui verr\u00e0 ricordato Luca insieme a tutte le vittime della Statale 106<\/u><\/b>\u00a0si ritorner\u00e0 indietro percorrendo a ritroso lo stesso percorso fino a ritornare alla Chiesa della S.S. Immacolata dove si concluder\u00e0 la fiaccolata dopo un breve momento di ricordo e, ovviamente, di preghiera.<\/p>\n<p class=\"xmprfx_MsoNormal\"><b><u>Sar\u00e0 un corteo silenzioso in cui verr\u00e0 onorata la memoria delle vittime della \u201cstrada della morte\u201d<\/u><\/b>\u00a0ma vuole anche essere un momento di aggregazione e di sensibilizzazione per tutti: ogni cittadino,\u00a0<b><u>ogni associazione, ogni amministratore calabrese, ecc. \u00e8 invitato a partecipare.<\/u><\/b><\/p>\n<p class=\"xmprfx_MsoNormal\"><b><u>Solo nel 2022 sono state 27 le vittime della S.S.106<\/u><\/b>: di queste 12 in provincia di Cosenza, 6 in provincia di Crotone, 5 in provincia di Catanzaro e 4 in provincia di Reggio Calabria. Mentre sono 16 le vittime che avevano meno di 45 anni. Rispetto al 2021, in cui vi sono state 21 vittime, abbiamo avuto un netto peggioramento.<\/p>\n<p class=\"xmprfx_MsoNormal\"><b><u>\u00a0<\/u><\/b><\/p>\n<p class=\"xmprfx_MsoNormal\"><b><u>Davanti a questa strage che resta immutata da decenni non \u00e8 pi\u00f9 possibile rimanere indifferenti.<\/u><\/b><\/p>\n<p class=\"xmprfx_MsoNormal\">\n<p class=\"xmprfx_MsoNormal\">Per questa ragione si \u00e8 voluto organizzare la Fiaccolata:\u00a0<b><u>con la speranza che le luci delle fiaccole possano illuminare la coscienza di chi guida e percorre la famigerata e tristemente nota \u201cstrada della morte\u201d ma anche la coscienza delle Istituzioni e degli Enti che dovrebbero provvedere a rendere sicura una strada annoverata purtroppo tra le pi\u00f9 pericolose d\u2019Italia.<\/u><\/b><\/p>\n<p class=\"xmprfx_MsoNormal\">Basta Vittime Sulla Strada Statale 106 confida in una forte partecipazione dei cittadini calabresi, delle amministrazioni e delle associazioni, degli organi di informazione e dell\u2019intera societ\u00e0 calabrese per\u00a0<b><u>questa iniziativa che nasce dalla volont\u00e0 di non dimenticare e di non restare indifferenti.<\/u><\/b><\/p>\n","protected":false},"excerpt":{"rendered":"<p>L\u2019Organizzazione di Volontariato \u201cBasta Vittime Sulla Strada Statale 106\u201d insieme con la Chiesa di Maria Ss Immacolata ed Patrocinio Gratuito dell\u2019Amministrazione Comunale di Corigliano-Rossano organizza per\u00a0domani 9 gennaio, alle ore&hellip;<\/p>\n","protected":false},"author":12,"featured_media":16284,"comment_status":"open","ping_status":"open","sticky":false,"template":"","format":"standard","meta":{"_jetpack_memberships_contains_paid_content":false,"footnotes":"","jetpack_publicize_message":"","jetpack_publicize_feature_enabled":true,"jetpack_social_post_already_shared":false,"jetpack_social_options":{"image_generator_settings":{"template":"highway","default_image_id":0,"font":"","enabled":false},"version":2}},"categories":[142,921,196],"tags":[8135,8137,5576,8136],"class_list":["post-16274","post","type-post","status-publish","format-standard","has-post-thumbnail","hentry","category-calabria","category-home","category-news","tag-basta-vittime-sulla-s-s-106","tag-chiesa-di-maria-ss-immacolata","tag-corigliano-rossano","tag-fiaccolata-in-ricordo-di-luca-laudone-e-tutte-le-vittime-della-106"],"yoast_head":"<!-- This site is optimized with the Yoast SEO plugin v27.2 - https:\/\/yoast.com\/product\/yoast-seo-wordpress\/ -->\n<title>Domani fiaccolata sulla Corigliano Rossano per ricordare Luca<\/title>\n<meta name=\"description\" content=\"&quot;Basta vittime sulla S.S. 106&quot; organizza per oggi, alle 21, la Fiaccolata in ricordo di Luca Laudone e tutte le vittime della S,S.106\" \/>\n<meta name=\"robots\" content=\"index, follow, max-snippet:-1, max-image-preview:large, max-video-preview:-1\" \/>\n<link rel=\"canonical\" href=\"https:\/\/progettotouring.it\/radiotouring104\/2023\/01\/09\/domani-fiaccolata-sulla-corigliano-rossano-per-ricordare-luca\/\" \/>\n<meta property=\"og:locale\" content=\"it_IT\" \/>\n<meta property=\"og:type\" content=\"article\" \/>\n<meta property=\"og:title\" content=\"Domani fiaccolata sulla Corigliano Rossano per ricordare Luca\" \/>\n<meta property=\"og:description\" content=\"&quot;Basta vittime sulla S.S. 106&quot; organizza per oggi, alle 21, la Fiaccolata in ricordo di Luca Laudone e tutte le vittime della S,S.106\" \/>\n<meta property=\"og:url\" content=\"https:\/\/progettotouring.it\/radiotouring104\/2023\/01\/09\/domani-fiaccolata-sulla-corigliano-rossano-per-ricordare-luca\/\" \/>\n<meta property=\"og:site_name\" content=\"Radio Touring 104\" \/>\n<meta property=\"article:published_time\" content=\"2023-01-09T09:43:33+00:00\" \/>\n<meta property=\"og:image\" content=\"https:\/\/progettotouring.it\/radiotouring104\/wp-content\/uploads\/sites\/6\/2023\/01\/locandina-fiaccolata-S.S.-106-1.jpg\" \/>\n\t<meta property=\"og:image:width\" content=\"560\" \/>\n\t<meta property=\"og:image:height\" content=\"792\" \/>\n\t<meta property=\"og:image:type\" content=\"image\/jpeg\" \/>\n<meta name=\"author\" content=\"Sebastiano Plutino\" \/>\n<meta name=\"twitter:card\" content=\"summary_large_image\" \/>\n<meta name=\"twitter:label1\" content=\"Scritto da\" \/>\n\t<meta name=\"twitter:data1\" content=\"Sebastiano Plutino\" \/>\n\t<meta name=\"twitter:label2\" content=\"Tempo di lettura stimato\" \/>\n\t<meta name=\"twitter:data2\" content=\"3 minuti\" \/>\n<script type=\"application\/ld+json\" class=\"yoast-schema-graph\">{\"@context\":\"https:\/\/schema.org\",\"@graph\":[{\"@type\":\"Article\",\"@id\":\"https:\/\/progettotouring.it\/radiotouring104\/2023\/01\/09\/domani-fiaccolata-sulla-corigliano-rossano-per-ricordare-luca\/#article\",\"isPartOf\":{\"@id\":\"https:\/\/progettotouring.it\/radiotouring104\/2023\/01\/09\/domani-fiaccolata-sulla-corigliano-rossano-per-ricordare-luca\/\"},\"author\":{\"name\":\"Sebastiano Plutino\",\"@id\":\"https:\/\/progettotouring.it\/radiotouring104\/#\/schema\/person\/78613917f1851f041f7483f5af1d422e\"},\"headline\":\"Domani fiaccolata sulla Corigliano Rossano per ricordare Luca\",\"datePublished\":\"2023-01-09T09:43:33+00:00\",\"mainEntityOfPage\":{\"@id\":\"https:\/\/progettotouring.it\/radiotouring104\/2023\/01\/09\/domani-fiaccolata-sulla-corigliano-rossano-per-ricordare-luca\/\"},\"wordCount\":513,\"commentCount\":0,\"publisher\":{\"@id\":\"https:\/\/progettotouring.it\/radiotouring104\/#organization\"},\"image\":{\"@id\":\"https:\/\/progettotouring.it\/radiotouring104\/2023\/01\/09\/domani-fiaccolata-sulla-corigliano-rossano-per-ricordare-luca\/#primaryimage\"},\"thumbnailUrl\":\"https:\/\/progettotouring.it\/radiotouring104\/wp-content\/uploads\/sites\/6\/2023\/01\/locandina-fiaccolata-S.S.-106-1.jpg\",\"keywords\":[\"\\\"Basta vittime sulla S.S. 106\\\"\",\"Chiesa di Maria Ss Immacolata\",\"Corigliano Rossano\",\"fiaccolata in ricordo di Luca Laudone e tutte le vittime della 106\"],\"articleSection\":[\"Calabria\",\"Home\",\"News\"],\"inLanguage\":\"it-IT\",\"potentialAction\":[{\"@type\":\"CommentAction\",\"name\":\"Comment\",\"target\":[\"https:\/\/progettotouring.it\/radiotouring104\/2023\/01\/09\/domani-fiaccolata-sulla-corigliano-rossano-per-ricordare-luca\/#respond\"]}]},{\"@type\":\"WebPage\",\"@id\":\"https:\/\/progettotouring.it\/radiotouring104\/2023\/01\/09\/domani-fiaccolata-sulla-corigliano-rossano-per-ricordare-luca\/\",\"url\":\"https:\/\/progettotouring.it\/radiotouring104\/2023\/01\/09\/domani-fiaccolata-sulla-corigliano-rossano-per-ricordare-luca\/\",\"name\":\"Domani fiaccolata sulla Corigliano Rossano per ricordare Luca\",\"isPartOf\":{\"@id\":\"https:\/\/progettotouring.it\/radiotouring104\/#website\"},\"primaryImageOfPage\":{\"@id\":\"https:\/\/progettotouring.it\/radiotouring104\/2023\/01\/09\/domani-fiaccolata-sulla-corigliano-rossano-per-ricordare-luca\/#primaryimage\"},\"image\":{\"@id\":\"https:\/\/progettotouring.it\/radiotouring104\/2023\/01\/09\/domani-fiaccolata-sulla-corigliano-rossano-per-ricordare-luca\/#primaryimage\"},\"thumbnailUrl\":\"https:\/\/progettotouring.it\/radiotouring104\/wp-content\/uploads\/sites\/6\/2023\/01\/locandina-fiaccolata-S.S.-106-1.jpg\",\"datePublished\":\"2023-01-09T09:43:33+00:00\",\"description\":\"\\\"Basta vittime sulla S.S. 106\\\" organizza per oggi, alle 21, la Fiaccolata in ricordo di Luca Laudone e tutte le vittime della S,S.106\",\"breadcrumb\":{\"@id\":\"https:\/\/progettotouring.it\/radiotouring104\/2023\/01\/09\/domani-fiaccolata-sulla-corigliano-rossano-per-ricordare-luca\/#breadcrumb\"},\"inLanguage\":\"it-IT\",\"potentialAction\":[{\"@type\":\"ReadAction\",\"target\":[\"https:\/\/progettotouring.it\/radiotouring104\/2023\/01\/09\/domani-fiaccolata-sulla-corigliano-rossano-per-ricordare-luca\/\"]}]},{\"@type\":\"ImageObject\",\"inLanguage\":\"it-IT\",\"@id\":\"https:\/\/progettotouring.it\/radiotouring104\/2023\/01\/09\/domani-fiaccolata-sulla-corigliano-rossano-per-ricordare-luca\/#primaryimage\",\"url\":\"https:\/\/progettotouring.it\/radiotouring104\/wp-content\/uploads\/sites\/6\/2023\/01\/locandina-fiaccolata-S.S.-106-1.jpg\",\"contentUrl\":\"https:\/\/progettotouring.it\/radiotouring104\/wp-content\/uploads\/sites\/6\/2023\/01\/locandina-fiaccolata-S.S.-106-1.jpg\",\"width\":560,\"height\":792},{\"@type\":\"BreadcrumbList\",\"@id\":\"https:\/\/progettotouring.it\/radiotouring104\/2023\/01\/09\/domani-fiaccolata-sulla-corigliano-rossano-per-ricordare-luca\/#breadcrumb\",\"itemListElement\":[{\"@type\":\"ListItem\",\"position\":1,\"name\":\"Home\",\"item\":\"https:\/\/progettotouring.it\/radiotouring104\/\"},{\"@type\":\"ListItem\",\"position\":2,\"name\":\"Domani fiaccolata sulla Corigliano Rossano per ricordare Luca\"}]},{\"@type\":\"WebSite\",\"@id\":\"https:\/\/progettotouring.it\/radiotouring104\/#website\",\"url\":\"https:\/\/progettotouring.it\/radiotouring104\/\",\"name\":\"Radio Touring 104\",\"description\":\"La prima radio Reggina\",\"publisher\":{\"@id\":\"https:\/\/progettotouring.it\/radiotouring104\/#organization\"},\"potentialAction\":[{\"@type\":\"SearchAction\",\"target\":{\"@type\":\"EntryPoint\",\"urlTemplate\":\"https:\/\/progettotouring.it\/radiotouring104\/?s={search_term_string}\"},\"query-input\":{\"@type\":\"PropertyValueSpecification\",\"valueRequired\":true,\"valueName\":\"search_term_string\"}}],\"inLanguage\":\"it-IT\"},{\"@type\":\"Organization\",\"@id\":\"https:\/\/progettotouring.it\/radiotouring104\/#organization\",\"name\":\"Radio Touring 104\",\"url\":\"https:\/\/progettotouring.it\/radiotouring104\/\",\"logo\":{\"@type\":\"ImageObject\",\"inLanguage\":\"it-IT\",\"@id\":\"https:\/\/progettotouring.it\/radiotouring104\/#\/schema\/logo\/image\/\",\"url\":\"https:\/\/progettotouring.it\/radiotouring104\/wp-content\/uploads\/sites\/6\/2022\/02\/cropped-logo-radio-touring-104.png\",\"contentUrl\":\"https:\/\/progettotouring.it\/radiotouring104\/wp-content\/uploads\/sites\/6\/2022\/02\/cropped-logo-radio-touring-104.png\",\"width\":377,\"height\":182,\"caption\":\"Radio Touring 104\"},\"image\":{\"@id\":\"https:\/\/progettotouring.it\/radiotouring104\/#\/schema\/logo\/image\/\"}},{\"@type\":\"Person\",\"@id\":\"https:\/\/progettotouring.it\/radiotouring104\/#\/schema\/person\/78613917f1851f041f7483f5af1d422e\",\"name\":\"Sebastiano Plutino\",\"image\":{\"@type\":\"ImageObject\",\"inLanguage\":\"it-IT\",\"@id\":\"https:\/\/secure.gravatar.com\/avatar\/0546ffaa9b79224faf9f2a156b67a529ae861d3287c66c1d8ccfdf909bcba78d?s=96&d=mm&r=g\",\"url\":\"https:\/\/secure.gravatar.com\/avatar\/0546ffaa9b79224faf9f2a156b67a529ae861d3287c66c1d8ccfdf909bcba78d?s=96&d=mm&r=g\",\"contentUrl\":\"https:\/\/secure.gravatar.com\/avatar\/0546ffaa9b79224faf9f2a156b67a529ae861d3287c66c1d8ccfdf909bcba78d?s=96&d=mm&r=g\",\"caption\":\"Sebastiano Plutino\"},\"url\":\"https:\/\/progettotouring.it\/radiotouring104\/author\/sebastiano\/\"}]}<\/script>\n<!-- \/ Yoast SEO plugin. -->","yoast_head_json":{"title":"Domani fiaccolata sulla Corigliano Rossano per ricordare Luca","description":"\"Basta vittime sulla S.S. 106\" organizza per oggi, alle 21, la Fiaccolata in ricordo di Luca Laudone e tutte le vittime della S,S.106","robots":{"index":"index","follow":"follow","max-snippet":"max-snippet:-1","max-image-preview":"max-image-preview:large","max-video-preview":"max-video-preview:-1"},"canonical":"https:\/\/progettotouring.it\/radiotouring104\/2023\/01\/09\/domani-fiaccolata-sulla-corigliano-rossano-per-ricordare-luca\/","og_locale":"it_IT","og_type":"article","og_title":"Domani fiaccolata sulla Corigliano Rossano per ricordare Luca","og_description":"\"Basta vittime sulla S.S. 106\" organizza per oggi, alle 21, la Fiaccolata in ricordo di Luca Laudone e tutte le vittime della S,S.106","og_url":"https:\/\/progettotouring.it\/radiotouring104\/2023\/01\/09\/domani-fiaccolata-sulla-corigliano-rossano-per-ricordare-luca\/","og_site_name":"Radio Touring 104","article_published_time":"2023-01-09T09:43:33+00:00","og_image":[{"width":560,"height":792,"url":"https:\/\/progettotouring.it\/radiotouring104\/wp-content\/uploads\/sites\/6\/2023\/01\/locandina-fiaccolata-S.S.-106-1.jpg","type":"image\/jpeg"}],"author":"Sebastiano Plutino","twitter_card":"summary_large_image","twitter_misc":{"Scritto da":"Sebastiano Plutino","Tempo di lettura stimato":"3 minuti"},"schema":{"@context":"https:\/\/schema.org","@graph":[{"@type":"Article","@id":"https:\/\/progettotouring.it\/radiotouring104\/2023\/01\/09\/domani-fiaccolata-sulla-corigliano-rossano-per-ricordare-luca\/#article","isPartOf":{"@id":"https:\/\/progettotouring.it\/radiotouring104\/2023\/01\/09\/domani-fiaccolata-sulla-corigliano-rossano-per-ricordare-luca\/"},"author":{"name":"Sebastiano Plutino","@id":"https:\/\/progettotouring.it\/radiotouring104\/#\/schema\/person\/78613917f1851f041f7483f5af1d422e"},"headline":"Domani fiaccolata sulla Corigliano Rossano per ricordare Luca","datePublished":"2023-01-09T09:43:33+00:00","mainEntityOfPage":{"@id":"https:\/\/progettotouring.it\/radiotouring104\/2023\/01\/09\/domani-fiaccolata-sulla-corigliano-rossano-per-ricordare-luca\/"},"wordCount":513,"commentCount":0,"publisher":{"@id":"https:\/\/progettotouring.it\/radiotouring104\/#organization"},"image":{"@id":"https:\/\/progettotouring.it\/radiotouring104\/2023\/01\/09\/domani-fiaccolata-sulla-corigliano-rossano-per-ricordare-luca\/#primaryimage"},"thumbnailUrl":"https:\/\/progettotouring.it\/radiotouring104\/wp-content\/uploads\/sites\/6\/2023\/01\/locandina-fiaccolata-S.S.-106-1.jpg","keywords":["\"Basta vittime sulla S.S. 106\"","Chiesa di Maria Ss Immacolata","Corigliano Rossano","fiaccolata in ricordo di Luca Laudone e tutte le vittime della 106"],"articleSection":["Calabria","Home","News"],"inLanguage":"it-IT","potentialAction":[{"@type":"CommentAction","name":"Comment","target":["https:\/\/progettotouring.it\/radiotouring104\/2023\/01\/09\/domani-fiaccolata-sulla-corigliano-rossano-per-ricordare-luca\/#respond"]}]},{"@type":"WebPage","@id":"https:\/\/progettotouring.it\/radiotouring104\/2023\/01\/09\/domani-fiaccolata-sulla-corigliano-rossano-per-ricordare-luca\/","url":"https:\/\/progettotouring.it\/radiotouring104\/2023\/01\/09\/domani-fiaccolata-sulla-corigliano-rossano-per-ricordare-luca\/","name":"Domani fiaccolata sulla Corigliano Rossano per ricordare Luca","isPartOf":{"@id":"https:\/\/progettotouring.it\/radiotouring104\/#website"},"primaryImageOfPage":{"@id":"https:\/\/progettotouring.it\/radiotouring104\/2023\/01\/09\/domani-fiaccolata-sulla-corigliano-rossano-per-ricordare-luca\/#primaryimage"},"image":{"@id":"https:\/\/progettotouring.it\/radiotouring104\/2023\/01\/09\/domani-fiaccolata-sulla-corigliano-rossano-per-ricordare-luca\/#primaryimage"},"thumbnailUrl":"https:\/\/progettotouring.it\/radiotouring104\/wp-content\/uploads\/sites\/6\/2023\/01\/locandina-fiaccolata-S.S.-106-1.jpg","datePublished":"2023-01-09T09:43:33+00:00","description":"\"Basta vittime sulla S.S. 106\" organizza per oggi, alle 21, la Fiaccolata in ricordo di Luca Laudone e tutte le vittime della S,S.106","breadcrumb":{"@id":"https:\/\/progettotouring.it\/radiotouring104\/2023\/01\/09\/domani-fiaccolata-sulla-corigliano-rossano-per-ricordare-luca\/#breadcrumb"},"inLanguage":"it-IT","potentialAction":[{"@type":"ReadAction","target":["https:\/\/progettotouring.it\/radiotouring104\/2023\/01\/09\/domani-fiaccolata-sulla-corigliano-rossano-per-ricordare-luca\/"]}]},{"@type":"ImageObject","inLanguage":"it-IT","@id":"https:\/\/progettotouring.it\/radiotouring104\/2023\/01\/09\/domani-fiaccolata-sulla-corigliano-rossano-per-ricordare-luca\/#primaryimage","url":"https:\/\/progettotouring.it\/radiotouring104\/wp-content\/uploads\/sites\/6\/2023\/01\/locandina-fiaccolata-S.S.-106-1.jpg","contentUrl":"https:\/\/progettotouring.it\/radiotouring104\/wp-content\/uploads\/sites\/6\/2023\/01\/locandina-fiaccolata-S.S.-106-1.jpg","width":560,"height":792},{"@type":"BreadcrumbList","@id":"https:\/\/progettotouring.it\/radiotouring104\/2023\/01\/09\/domani-fiaccolata-sulla-corigliano-rossano-per-ricordare-luca\/#breadcrumb","itemListElement":[{"@type":"ListItem","position":1,"name":"Home","item":"https:\/\/progettotouring.it\/radiotouring104\/"},{"@type":"ListItem","position":2,"name":"Domani fiaccolata sulla Corigliano Rossano per ricordare Luca"}]},{"@type":"WebSite","@id":"https:\/\/progettotouring.it\/radiotouring104\/#website","url":"https:\/\/progettotouring.it\/radiotouring104\/","name":"Radio Touring 104","description":"La prima radio Reggina","publisher":{"@id":"https:\/\/progettotouring.it\/radiotouring104\/#organization"},"potentialAction":[{"@type":"SearchAction","target":{"@type":"EntryPoint","urlTemplate":"https:\/\/progettotouring.it\/radiotouring104\/?s={search_term_string}"},"query-input":{"@type":"PropertyValueSpecification","valueRequired":true,"valueName":"search_term_string"}}],"inLanguage":"it-IT"},{"@type":"Organization","@id":"https:\/\/progettotouring.it\/radiotouring104\/#organization","name":"Radio Touring 104","url":"https:\/\/progettotouring.it\/radiotouring104\/","logo":{"@type":"ImageObject","inLanguage":"it-IT","@id":"https:\/\/progettotouring.it\/radiotouring104\/#\/schema\/logo\/image\/","url":"https:\/\/progettotouring.it\/radiotouring104\/wp-content\/uploads\/sites\/6\/2022\/02\/cropped-logo-radio-touring-104.png","contentUrl":"https:\/\/progettotouring.it\/radiotouring104\/wp-content\/uploads\/sites\/6\/2022\/02\/cropped-logo-radio-touring-104.png","width":377,"height":182,"caption":"Radio Touring 104"},"image":{"@id":"https:\/\/progettotouring.it\/radiotouring104\/#\/schema\/logo\/image\/"}},{"@type":"Person","@id":"https:\/\/progettotouring.it\/radiotouring104\/#\/schema\/person\/78613917f1851f041f7483f5af1d422e","name":"Sebastiano Plutino","image":{"@type":"ImageObject","inLanguage":"it-IT","@id":"https:\/\/secure.gravatar.com\/avatar\/0546ffaa9b79224faf9f2a156b67a529ae861d3287c66c1d8ccfdf909bcba78d?s=96&d=mm&r=g","url":"https:\/\/secure.gravatar.com\/avatar\/0546ffaa9b79224faf9f2a156b67a529ae861d3287c66c1d8ccfdf909bcba78d?s=96&d=mm&r=g","contentUrl":"https:\/\/secure.gravatar.com\/avatar\/0546ffaa9b79224faf9f2a156b67a529ae861d3287c66c1d8ccfdf909bcba78d?s=96&d=mm&r=g","caption":"Sebastiano Plutino"},"url":"https:\/\/progettotouring.it\/radiotouring104\/author\/sebastiano\/"}]}},"jetpack_publicize_connections":[],"jetpack_featured_media_url":"https:\/\/progettotouring.it\/radiotouring104\/wp-content\/uploads\/sites\/6\/2023\/01\/locandina-fiaccolata-S.S.-106-1.jpg","jetpack_sharing_enabled":true,"_links":{"self":[{"href":"https:\/\/progettotouring.it\/radiotouring104\/wp-json\/wp\/v2\/posts\/16274","targetHints":{"allow":["GET"]}}],"collection":[{"href":"https:\/\/progettotouring.it\/radiotouring104\/wp-json\/wp\/v2\/posts"}],"about":[{"href":"https:\/\/progettotouring.it\/radiotouring104\/wp-json\/wp\/v2\/types\/post"}],"author":[{"embeddable":true,"href":"https:\/\/progettotouring.it\/radiotouring104\/wp-json\/wp\/v2\/users\/12"}],"replies":[{"embeddable":true,"href":"https:\/\/progettotouring.it\/radiotouring104\/wp-json\/wp\/v2\/comments?post=16274"}],"version-history":[{"count":1,"href":"https:\/\/progettotouring.it\/radiotouring104\/wp-json\/wp\/v2\/posts\/16274\/revisions"}],"predecessor-version":[{"id":16285,"href":"https:\/\/progettotouring.it\/radiotouring104\/wp-json\/wp\/v2\/posts\/16274\/revisions\/16285"}],"wp:featuredmedia":[{"embeddable":true,"href":"https:\/\/progettotouring.it\/radiotouring104\/wp-json\/wp\/v2\/media\/16284"}],"wp:attachment":[{"href":"https:\/\/progettotouring.it\/radiotouring104\/wp-json\/wp\/v2\/media?parent=16274"}],"wp:term":[{"taxonomy":"category","embeddable":true,"href":"https:\/\/progettotouring.it\/radiotouring104\/wp-json\/wp\/v2\/categories?post=16274"},{"taxonomy":"post_tag","embeddable":true,"href":"https:\/\/progettotouring.it\/radiotouring104\/wp-json\/wp\/v2\/tags?post=16274"}],"curies":[{"name":"wp","href":"https:\/\/api.w.org\/{rel}","templated":true}]}}