{"id":16282,"date":"2023-01-09T10:54:07","date_gmt":"2023-01-09T09:54:07","guid":{"rendered":"https:\/\/progettotouring.it\/radiotouring104\/?p=16282"},"modified":"2023-01-09T10:54:07","modified_gmt":"2023-01-09T09:54:07","slug":"locri-epizefiri-lantico-illumina-lanno-nuovo","status":"publish","type":"post","link":"https:\/\/progettotouring.it\/radiotouring104\/2023\/01\/09\/locri-epizefiri-lantico-illumina-lanno-nuovo\/","title":{"rendered":"Locri Epizefiri: l&#8217;antico illumina l&#8217;anno nuovo"},"content":{"rendered":"<p>Si \u00e8 concluso il 6 gennaio scorso il programma delle festivit\u00e0 natalizie \u201cUn Museo per le feste!\u201d promosso dal Museo e Parco archeologico nazionale di Locri che quest\u2019anno, oltre che sui numerosi eventi, ha puntato sulla piena accessibilit\u00e0 di tutti i siti afferenti. Per tutto il periodo festivo, dal 22 dicembre all\u20198 gennaio, \u00e8 stata garantita infatti l\u2019apertura giornaliera con orari continuati delle tre sedi espositive (Museo archeologico nazionale, Complesso Museale del Casino Macr\u00ec e Museo del territorio di Palazzo Nieddu) e del Parco, per dare ampie possibilit\u00e0 di visita, anche nel giorno di Capodanno. Come di consuetudine ormai, gli eventi proposti sono stati pensati nell\u2019ottica della differenziazione dell\u2019offerta, al fine di coinvolgere diversi target di pubblico.<\/p>\n<p>\u00ab<em>La politica di piena accessibilit\u00e0 che ha caratterizzato queste settimane si \u00e8 rivelata molto efficace: abbiamo avuto una grande partecipazione, registrando nel solo giorno di Capodanno oltre trecento presenze \u2013 spiega la Direttrice Elena Trunfio \u2013 segno tangibile dell\u2019interesse verso\u00a0 il nostro Parco archeologico<\/em>\u00bb.<\/p>\n<p>Un buon riscontro hanno avuto anche i numerosi eventi dedicati. Si \u00e8 avviato il programma con i laboratori per i bambini grazie ai quali si sono realizzate le decorazioni natalizie di tutte le sedi museali, per infondere anche tra i pi\u00f9 piccoli il senso di appartenenza verso il patrimonio culturale. Degna di nota \u00e8 sicuramente l\u2019iniziativa del 17 dicembre data in cui, grazie a Igers Calabria, Igers Reggio Calabria e il patrocinio della Citt\u00e0 metropolitana di RC, si \u00e8 svolto il primo Empty Museum della Calabria: un gruppo di influencer e utenti di Instragram si sono dati appuntamento al Parco per trascorrere una notte tra le bellezze di Locri Epizefiri, realizzando contenuti che sono stati condivisi sulle maggiori piattaforme digitali, contribuendo alla valorizzazione del sito e alla sua conoscenza anche tra le community social. Il 22 dicembre la proiezione del film di Alessandra Lagan\u00e0 e Tommaso Marletta \u201cLocrian Department. In viaggio con la scala locrese\u201d \u00a0ha fatto vivere a tutti i presenti un momento di grande suggestione, rivelando le maggiori bellezze calabresi attraverso un racconto fatto di musica e parole. Il 28 dicembre, Massimo Cusato, insieme a Aldo Gurnari ed Enzo Tropepe, ha accesso il pubblico con una serata strepitosa di musica e racconto con la presentazione\/concerto del suo ultimo libro. Grande successo ha avuto inoltre la prima visita guidata dell\u2019anno con l\u2019Archeoclub Locri, svoltasi il 2 gennaio, alla scoperta della Museo archeologico della polis e del Parco accompagnati dal presidente Nicola Monteleone.<\/p>\n<p><em>\u00abIl bilancio di queste settimane \u00e8 certamente positivo e vorrei ringraziare pubblicamente tutti coloro che hanno contribuito alla realizzazione del programma. Un ringraziamento particolare va per\u00f2 ai dipendenti del Parco Archeologico che, con grande spirito di servizio, non si sono risparmiati per offrire un servizio costante e di qualit\u00e0 <\/em>\u2013 ha commentato la Direttrice Elena Trunfio \u2013 <em>Il 2023 sar\u00e0 un anno decisivo per Locri Epizefiri, con l\u2019avvio del grande progetto di rinnovamento del Parco che doner\u00e0 un volto nuovo a tutta l\u2019area archeologica, all\u2019insegna dell\u2019accessibilit\u00e0, sostenibilit\u00e0 e fruizione. Gi\u00e0 nelle prossime settimane presenteremo poi \u00a0alcune importanti novit\u00e0, ma non voglio svelarvi ancora nulla<\/em>\u00bb.<\/p>\n<p>Appuntamento dunque come sempre a Locri Epizefiri, dal marted\u00ec alla domenica, dalle 9.00 alle 20.00.<\/p>\n","protected":false},"excerpt":{"rendered":"<p>Si \u00e8 concluso il 6 gennaio scorso il programma delle festivit\u00e0 natalizie \u201cUn Museo per le feste!\u201d promosso dal Museo e Parco archeologico nazionale di Locri che quest\u2019anno, oltre che&hellip;<\/p>\n","protected":false},"author":13,"featured_media":16287,"comment_status":"open","ping_status":"open","sticky":false,"template":"","format":"standard","meta":{"_jetpack_memberships_contains_paid_content":false,"footnotes":"","jetpack_publicize_message":"","jetpack_publicize_feature_enabled":true,"jetpack_social_post_already_shared":false,"jetpack_social_options":{"image_generator_settings":{"template":"highway","default_image_id":0,"font":"","enabled":false},"version":2}},"categories":[142,921,196],"tags":[8139,8140,2997],"class_list":["post-16282","post","type-post","status-publish","format-standard","has-post-thumbnail","hentry","category-calabria","category-home","category-news","tag-area-archeologica-locri-epizefiri","tag-capodanno-a-locri-epizefiri","tag-elena-trunfio"],"yoast_head":"<!-- This site is optimized with the Yoast SEO plugin v27.2 - https:\/\/yoast.com\/product\/yoast-seo-wordpress\/ -->\n<title>Locri Epizefiri: l&#039;antico illumina l&#039;anno nuovo<\/title>\n<meta name=\"description\" content=\"L&#039;area archeologica traccia un bilancio felice per la robusta affluenza delle trascorse festivit\u00e0 natalizie\" \/>\n<meta name=\"robots\" content=\"index, follow, max-snippet:-1, max-image-preview:large, max-video-preview:-1\" \/>\n<link rel=\"canonical\" href=\"https:\/\/progettotouring.it\/radiotouring104\/2023\/01\/09\/locri-epizefiri-lantico-illumina-lanno-nuovo\/\" \/>\n<meta property=\"og:locale\" content=\"it_IT\" \/>\n<meta property=\"og:type\" content=\"article\" \/>\n<meta property=\"og:title\" content=\"Locri Epizefiri: l&#039;antico illumina l&#039;anno nuovo\" \/>\n<meta property=\"og:description\" content=\"L&#039;area archeologica traccia un bilancio felice per la robusta affluenza delle trascorse festivit\u00e0 natalizie\" \/>\n<meta property=\"og:url\" content=\"https:\/\/progettotouring.it\/radiotouring104\/2023\/01\/09\/locri-epizefiri-lantico-illumina-lanno-nuovo\/\" \/>\n<meta property=\"og:site_name\" content=\"Radio Touring 104\" \/>\n<meta property=\"article:published_time\" content=\"2023-01-09T09:54:07+00:00\" \/>\n<meta property=\"og:image\" content=\"https:\/\/progettotouring.it\/radiotouring104\/wp-content\/uploads\/sites\/6\/2023\/01\/capodanno-1-gennaio-Locri.jpg\" \/>\n\t<meta property=\"og:image:width\" content=\"1080\" \/>\n\t<meta property=\"og:image:height\" content=\"810\" \/>\n\t<meta property=\"og:image:type\" content=\"image\/jpeg\" \/>\n<meta name=\"author\" content=\"Helena Pedone\" \/>\n<meta name=\"twitter:card\" content=\"summary_large_image\" \/>\n<meta name=\"twitter:label1\" content=\"Scritto da\" \/>\n\t<meta name=\"twitter:data1\" content=\"Helena Pedone\" \/>\n\t<meta name=\"twitter:label2\" content=\"Tempo di lettura stimato\" \/>\n\t<meta name=\"twitter:data2\" content=\"3 minuti\" \/>\n<script type=\"application\/ld+json\" class=\"yoast-schema-graph\">{\"@context\":\"https:\/\/schema.org\",\"@graph\":[{\"@type\":\"Article\",\"@id\":\"https:\/\/progettotouring.it\/radiotouring104\/2023\/01\/09\/locri-epizefiri-lantico-illumina-lanno-nuovo\/#article\",\"isPartOf\":{\"@id\":\"https:\/\/progettotouring.it\/radiotouring104\/2023\/01\/09\/locri-epizefiri-lantico-illumina-lanno-nuovo\/\"},\"author\":{\"name\":\"Helena Pedone\",\"@id\":\"https:\/\/progettotouring.it\/radiotouring104\/#\/schema\/person\/8458ed437f4094f881aab8e4cc572684\"},\"headline\":\"Locri Epizefiri: l&#8217;antico illumina l&#8217;anno nuovo\",\"datePublished\":\"2023-01-09T09:54:07+00:00\",\"mainEntityOfPage\":{\"@id\":\"https:\/\/progettotouring.it\/radiotouring104\/2023\/01\/09\/locri-epizefiri-lantico-illumina-lanno-nuovo\/\"},\"wordCount\":522,\"commentCount\":0,\"publisher\":{\"@id\":\"https:\/\/progettotouring.it\/radiotouring104\/#organization\"},\"image\":{\"@id\":\"https:\/\/progettotouring.it\/radiotouring104\/2023\/01\/09\/locri-epizefiri-lantico-illumina-lanno-nuovo\/#primaryimage\"},\"thumbnailUrl\":\"https:\/\/progettotouring.it\/radiotouring104\/wp-content\/uploads\/sites\/6\/2023\/01\/capodanno-1-gennaio-Locri.jpg\",\"keywords\":[\"Area Archeologica Locri Epizefiri\",\"Capodanno a Locri Epizefiri\",\"Elena Trunfio\"],\"articleSection\":[\"Calabria\",\"Home\",\"News\"],\"inLanguage\":\"it-IT\",\"potentialAction\":[{\"@type\":\"CommentAction\",\"name\":\"Comment\",\"target\":[\"https:\/\/progettotouring.it\/radiotouring104\/2023\/01\/09\/locri-epizefiri-lantico-illumina-lanno-nuovo\/#respond\"]}]},{\"@type\":\"WebPage\",\"@id\":\"https:\/\/progettotouring.it\/radiotouring104\/2023\/01\/09\/locri-epizefiri-lantico-illumina-lanno-nuovo\/\",\"url\":\"https:\/\/progettotouring.it\/radiotouring104\/2023\/01\/09\/locri-epizefiri-lantico-illumina-lanno-nuovo\/\",\"name\":\"Locri Epizefiri: l'antico illumina l'anno nuovo\",\"isPartOf\":{\"@id\":\"https:\/\/progettotouring.it\/radiotouring104\/#website\"},\"primaryImageOfPage\":{\"@id\":\"https:\/\/progettotouring.it\/radiotouring104\/2023\/01\/09\/locri-epizefiri-lantico-illumina-lanno-nuovo\/#primaryimage\"},\"image\":{\"@id\":\"https:\/\/progettotouring.it\/radiotouring104\/2023\/01\/09\/locri-epizefiri-lantico-illumina-lanno-nuovo\/#primaryimage\"},\"thumbnailUrl\":\"https:\/\/progettotouring.it\/radiotouring104\/wp-content\/uploads\/sites\/6\/2023\/01\/capodanno-1-gennaio-Locri.jpg\",\"datePublished\":\"2023-01-09T09:54:07+00:00\",\"description\":\"L'area archeologica traccia un bilancio felice per la robusta affluenza delle trascorse festivit\u00e0 natalizie\",\"breadcrumb\":{\"@id\":\"https:\/\/progettotouring.it\/radiotouring104\/2023\/01\/09\/locri-epizefiri-lantico-illumina-lanno-nuovo\/#breadcrumb\"},\"inLanguage\":\"it-IT\",\"potentialAction\":[{\"@type\":\"ReadAction\",\"target\":[\"https:\/\/progettotouring.it\/radiotouring104\/2023\/01\/09\/locri-epizefiri-lantico-illumina-lanno-nuovo\/\"]}]},{\"@type\":\"ImageObject\",\"inLanguage\":\"it-IT\",\"@id\":\"https:\/\/progettotouring.it\/radiotouring104\/2023\/01\/09\/locri-epizefiri-lantico-illumina-lanno-nuovo\/#primaryimage\",\"url\":\"https:\/\/progettotouring.it\/radiotouring104\/wp-content\/uploads\/sites\/6\/2023\/01\/capodanno-1-gennaio-Locri.jpg\",\"contentUrl\":\"https:\/\/progettotouring.it\/radiotouring104\/wp-content\/uploads\/sites\/6\/2023\/01\/capodanno-1-gennaio-Locri.jpg\",\"width\":1080,\"height\":810},{\"@type\":\"BreadcrumbList\",\"@id\":\"https:\/\/progettotouring.it\/radiotouring104\/2023\/01\/09\/locri-epizefiri-lantico-illumina-lanno-nuovo\/#breadcrumb\",\"itemListElement\":[{\"@type\":\"ListItem\",\"position\":1,\"name\":\"Home\",\"item\":\"https:\/\/progettotouring.it\/radiotouring104\/\"},{\"@type\":\"ListItem\",\"position\":2,\"name\":\"Locri Epizefiri: l&#8217;antico illumina l&#8217;anno nuovo\"}]},{\"@type\":\"WebSite\",\"@id\":\"https:\/\/progettotouring.it\/radiotouring104\/#website\",\"url\":\"https:\/\/progettotouring.it\/radiotouring104\/\",\"name\":\"Radio Touring 104\",\"description\":\"La prima radio Reggina\",\"publisher\":{\"@id\":\"https:\/\/progettotouring.it\/radiotouring104\/#organization\"},\"potentialAction\":[{\"@type\":\"SearchAction\",\"target\":{\"@type\":\"EntryPoint\",\"urlTemplate\":\"https:\/\/progettotouring.it\/radiotouring104\/?s={search_term_string}\"},\"query-input\":{\"@type\":\"PropertyValueSpecification\",\"valueRequired\":true,\"valueName\":\"search_term_string\"}}],\"inLanguage\":\"it-IT\"},{\"@type\":\"Organization\",\"@id\":\"https:\/\/progettotouring.it\/radiotouring104\/#organization\",\"name\":\"Radio Touring 104\",\"url\":\"https:\/\/progettotouring.it\/radiotouring104\/\",\"logo\":{\"@type\":\"ImageObject\",\"inLanguage\":\"it-IT\",\"@id\":\"https:\/\/progettotouring.it\/radiotouring104\/#\/schema\/logo\/image\/\",\"url\":\"https:\/\/progettotouring.it\/radiotouring104\/wp-content\/uploads\/sites\/6\/2022\/02\/cropped-logo-radio-touring-104.png\",\"contentUrl\":\"https:\/\/progettotouring.it\/radiotouring104\/wp-content\/uploads\/sites\/6\/2022\/02\/cropped-logo-radio-touring-104.png\",\"width\":377,\"height\":182,\"caption\":\"Radio Touring 104\"},\"image\":{\"@id\":\"https:\/\/progettotouring.it\/radiotouring104\/#\/schema\/logo\/image\/\"}},{\"@type\":\"Person\",\"@id\":\"https:\/\/progettotouring.it\/radiotouring104\/#\/schema\/person\/8458ed437f4094f881aab8e4cc572684\",\"name\":\"Helena Pedone\",\"image\":{\"@type\":\"ImageObject\",\"inLanguage\":\"it-IT\",\"@id\":\"https:\/\/secure.gravatar.com\/avatar\/95a63adf316f90175b68113b4b895a96641be06395ffeef88fea6178b30027d9?s=96&d=mm&r=g\",\"url\":\"https:\/\/secure.gravatar.com\/avatar\/95a63adf316f90175b68113b4b895a96641be06395ffeef88fea6178b30027d9?s=96&d=mm&r=g\",\"contentUrl\":\"https:\/\/secure.gravatar.com\/avatar\/95a63adf316f90175b68113b4b895a96641be06395ffeef88fea6178b30027d9?s=96&d=mm&r=g\",\"caption\":\"Helena Pedone\"},\"url\":\"https:\/\/progettotouring.it\/radiotouring104\/author\/helena\/\"}]}<\/script>\n<!-- \/ Yoast SEO plugin. -->","yoast_head_json":{"title":"Locri Epizefiri: l'antico illumina l'anno nuovo","description":"L'area archeologica traccia un bilancio felice per la robusta affluenza delle trascorse festivit\u00e0 natalizie","robots":{"index":"index","follow":"follow","max-snippet":"max-snippet:-1","max-image-preview":"max-image-preview:large","max-video-preview":"max-video-preview:-1"},"canonical":"https:\/\/progettotouring.it\/radiotouring104\/2023\/01\/09\/locri-epizefiri-lantico-illumina-lanno-nuovo\/","og_locale":"it_IT","og_type":"article","og_title":"Locri Epizefiri: l'antico illumina l'anno nuovo","og_description":"L'area archeologica traccia un bilancio felice per la robusta affluenza delle trascorse festivit\u00e0 natalizie","og_url":"https:\/\/progettotouring.it\/radiotouring104\/2023\/01\/09\/locri-epizefiri-lantico-illumina-lanno-nuovo\/","og_site_name":"Radio Touring 104","article_published_time":"2023-01-09T09:54:07+00:00","og_image":[{"width":1080,"height":810,"url":"https:\/\/progettotouring.it\/radiotouring104\/wp-content\/uploads\/sites\/6\/2023\/01\/capodanno-1-gennaio-Locri.jpg","type":"image\/jpeg"}],"author":"Helena Pedone","twitter_card":"summary_large_image","twitter_misc":{"Scritto da":"Helena Pedone","Tempo di lettura stimato":"3 minuti"},"schema":{"@context":"https:\/\/schema.org","@graph":[{"@type":"Article","@id":"https:\/\/progettotouring.it\/radiotouring104\/2023\/01\/09\/locri-epizefiri-lantico-illumina-lanno-nuovo\/#article","isPartOf":{"@id":"https:\/\/progettotouring.it\/radiotouring104\/2023\/01\/09\/locri-epizefiri-lantico-illumina-lanno-nuovo\/"},"author":{"name":"Helena Pedone","@id":"https:\/\/progettotouring.it\/radiotouring104\/#\/schema\/person\/8458ed437f4094f881aab8e4cc572684"},"headline":"Locri Epizefiri: l&#8217;antico illumina l&#8217;anno nuovo","datePublished":"2023-01-09T09:54:07+00:00","mainEntityOfPage":{"@id":"https:\/\/progettotouring.it\/radiotouring104\/2023\/01\/09\/locri-epizefiri-lantico-illumina-lanno-nuovo\/"},"wordCount":522,"commentCount":0,"publisher":{"@id":"https:\/\/progettotouring.it\/radiotouring104\/#organization"},"image":{"@id":"https:\/\/progettotouring.it\/radiotouring104\/2023\/01\/09\/locri-epizefiri-lantico-illumina-lanno-nuovo\/#primaryimage"},"thumbnailUrl":"https:\/\/progettotouring.it\/radiotouring104\/wp-content\/uploads\/sites\/6\/2023\/01\/capodanno-1-gennaio-Locri.jpg","keywords":["Area Archeologica Locri Epizefiri","Capodanno a Locri Epizefiri","Elena Trunfio"],"articleSection":["Calabria","Home","News"],"inLanguage":"it-IT","potentialAction":[{"@type":"CommentAction","name":"Comment","target":["https:\/\/progettotouring.it\/radiotouring104\/2023\/01\/09\/locri-epizefiri-lantico-illumina-lanno-nuovo\/#respond"]}]},{"@type":"WebPage","@id":"https:\/\/progettotouring.it\/radiotouring104\/2023\/01\/09\/locri-epizefiri-lantico-illumina-lanno-nuovo\/","url":"https:\/\/progettotouring.it\/radiotouring104\/2023\/01\/09\/locri-epizefiri-lantico-illumina-lanno-nuovo\/","name":"Locri Epizefiri: l'antico illumina l'anno nuovo","isPartOf":{"@id":"https:\/\/progettotouring.it\/radiotouring104\/#website"},"primaryImageOfPage":{"@id":"https:\/\/progettotouring.it\/radiotouring104\/2023\/01\/09\/locri-epizefiri-lantico-illumina-lanno-nuovo\/#primaryimage"},"image":{"@id":"https:\/\/progettotouring.it\/radiotouring104\/2023\/01\/09\/locri-epizefiri-lantico-illumina-lanno-nuovo\/#primaryimage"},"thumbnailUrl":"https:\/\/progettotouring.it\/radiotouring104\/wp-content\/uploads\/sites\/6\/2023\/01\/capodanno-1-gennaio-Locri.jpg","datePublished":"2023-01-09T09:54:07+00:00","description":"L'area archeologica traccia un bilancio felice per la robusta affluenza delle trascorse festivit\u00e0 natalizie","breadcrumb":{"@id":"https:\/\/progettotouring.it\/radiotouring104\/2023\/01\/09\/locri-epizefiri-lantico-illumina-lanno-nuovo\/#breadcrumb"},"inLanguage":"it-IT","potentialAction":[{"@type":"ReadAction","target":["https:\/\/progettotouring.it\/radiotouring104\/2023\/01\/09\/locri-epizefiri-lantico-illumina-lanno-nuovo\/"]}]},{"@type":"ImageObject","inLanguage":"it-IT","@id":"https:\/\/progettotouring.it\/radiotouring104\/2023\/01\/09\/locri-epizefiri-lantico-illumina-lanno-nuovo\/#primaryimage","url":"https:\/\/progettotouring.it\/radiotouring104\/wp-content\/uploads\/sites\/6\/2023\/01\/capodanno-1-gennaio-Locri.jpg","contentUrl":"https:\/\/progettotouring.it\/radiotouring104\/wp-content\/uploads\/sites\/6\/2023\/01\/capodanno-1-gennaio-Locri.jpg","width":1080,"height":810},{"@type":"BreadcrumbList","@id":"https:\/\/progettotouring.it\/radiotouring104\/2023\/01\/09\/locri-epizefiri-lantico-illumina-lanno-nuovo\/#breadcrumb","itemListElement":[{"@type":"ListItem","position":1,"name":"Home","item":"https:\/\/progettotouring.it\/radiotouring104\/"},{"@type":"ListItem","position":2,"name":"Locri Epizefiri: l&#8217;antico illumina l&#8217;anno nuovo"}]},{"@type":"WebSite","@id":"https:\/\/progettotouring.it\/radiotouring104\/#website","url":"https:\/\/progettotouring.it\/radiotouring104\/","name":"Radio Touring 104","description":"La prima radio Reggina","publisher":{"@id":"https:\/\/progettotouring.it\/radiotouring104\/#organization"},"potentialAction":[{"@type":"SearchAction","target":{"@type":"EntryPoint","urlTemplate":"https:\/\/progettotouring.it\/radiotouring104\/?s={search_term_string}"},"query-input":{"@type":"PropertyValueSpecification","valueRequired":true,"valueName":"search_term_string"}}],"inLanguage":"it-IT"},{"@type":"Organization","@id":"https:\/\/progettotouring.it\/radiotouring104\/#organization","name":"Radio Touring 104","url":"https:\/\/progettotouring.it\/radiotouring104\/","logo":{"@type":"ImageObject","inLanguage":"it-IT","@id":"https:\/\/progettotouring.it\/radiotouring104\/#\/schema\/logo\/image\/","url":"https:\/\/progettotouring.it\/radiotouring104\/wp-content\/uploads\/sites\/6\/2022\/02\/cropped-logo-radio-touring-104.png","contentUrl":"https:\/\/progettotouring.it\/radiotouring104\/wp-content\/uploads\/sites\/6\/2022\/02\/cropped-logo-radio-touring-104.png","width":377,"height":182,"caption":"Radio Touring 104"},"image":{"@id":"https:\/\/progettotouring.it\/radiotouring104\/#\/schema\/logo\/image\/"}},{"@type":"Person","@id":"https:\/\/progettotouring.it\/radiotouring104\/#\/schema\/person\/8458ed437f4094f881aab8e4cc572684","name":"Helena Pedone","image":{"@type":"ImageObject","inLanguage":"it-IT","@id":"https:\/\/secure.gravatar.com\/avatar\/95a63adf316f90175b68113b4b895a96641be06395ffeef88fea6178b30027d9?s=96&d=mm&r=g","url":"https:\/\/secure.gravatar.com\/avatar\/95a63adf316f90175b68113b4b895a96641be06395ffeef88fea6178b30027d9?s=96&d=mm&r=g","contentUrl":"https:\/\/secure.gravatar.com\/avatar\/95a63adf316f90175b68113b4b895a96641be06395ffeef88fea6178b30027d9?s=96&d=mm&r=g","caption":"Helena Pedone"},"url":"https:\/\/progettotouring.it\/radiotouring104\/author\/helena\/"}]}},"jetpack_publicize_connections":[],"jetpack_featured_media_url":"https:\/\/progettotouring.it\/radiotouring104\/wp-content\/uploads\/sites\/6\/2023\/01\/capodanno-1-gennaio-Locri.jpg","jetpack_sharing_enabled":true,"_links":{"self":[{"href":"https:\/\/progettotouring.it\/radiotouring104\/wp-json\/wp\/v2\/posts\/16282","targetHints":{"allow":["GET"]}}],"collection":[{"href":"https:\/\/progettotouring.it\/radiotouring104\/wp-json\/wp\/v2\/posts"}],"about":[{"href":"https:\/\/progettotouring.it\/radiotouring104\/wp-json\/wp\/v2\/types\/post"}],"author":[{"embeddable":true,"href":"https:\/\/progettotouring.it\/radiotouring104\/wp-json\/wp\/v2\/users\/13"}],"replies":[{"embeddable":true,"href":"https:\/\/progettotouring.it\/radiotouring104\/wp-json\/wp\/v2\/comments?post=16282"}],"version-history":[{"count":1,"href":"https:\/\/progettotouring.it\/radiotouring104\/wp-json\/wp\/v2\/posts\/16282\/revisions"}],"predecessor-version":[{"id":16291,"href":"https:\/\/progettotouring.it\/radiotouring104\/wp-json\/wp\/v2\/posts\/16282\/revisions\/16291"}],"wp:featuredmedia":[{"embeddable":true,"href":"https:\/\/progettotouring.it\/radiotouring104\/wp-json\/wp\/v2\/media\/16287"}],"wp:attachment":[{"href":"https:\/\/progettotouring.it\/radiotouring104\/wp-json\/wp\/v2\/media?parent=16282"}],"wp:term":[{"taxonomy":"category","embeddable":true,"href":"https:\/\/progettotouring.it\/radiotouring104\/wp-json\/wp\/v2\/categories?post=16282"},{"taxonomy":"post_tag","embeddable":true,"href":"https:\/\/progettotouring.it\/radiotouring104\/wp-json\/wp\/v2\/tags?post=16282"}],"curies":[{"name":"wp","href":"https:\/\/api.w.org\/{rel}","templated":true}]}}