{"id":16286,"date":"2023-01-09T10:49:28","date_gmt":"2023-01-09T09:49:28","guid":{"rendered":"https:\/\/progettotouring.it\/radiotouring104\/?p=16286"},"modified":"2023-01-09T10:49:59","modified_gmt":"2023-01-09T09:49:59","slug":"successo-per-prima-edizione-del-premio-magnus-aureus","status":"publish","type":"post","link":"https:\/\/progettotouring.it\/radiotouring104\/2023\/01\/09\/successo-per-prima-edizione-del-premio-magnus-aureus\/","title":{"rendered":"Successo per prima edizione del Premio Magnus Aureus"},"content":{"rendered":"<p class=\"xmprfx_MsoNormal\">\u00a0\u00a0Si \u00e8 tenuta sabato 7 gennaio tra le bellezze della storica Villa Rendano di Cosenza la prima edizione del Premio Magnus Aureus, ideato dalla Fondazione Tot\u00f2 Morgana e fortemente voluto dal suo presidente, Marco Serrao, primario di urologia del Tirrenia Hospital.<\/p>\n<p class=\"xmprfx_MsoNormal\">\u00a0\u00a0\u00a0\u00a0\u00a0\u00a0\u00a0\u00a0\u00a0\u00a0\u00a0 La fondazione, nata nel 2016, ha come obiettivo la prevenzione e la cura di patologie uro-andrologiche adolescenziali e, a tale scopo, organizza gratuitamente seminari nelle scuole superiori della Calabria e della Sicilia per far conoscere agli adolescenti le patologie dell\u2019apparato urinario in entrambi i sessi e i fattori di rischio; nonch\u00e9 organizza screening gratuiti che possano consentire la prevenzione a tutti coloro che hanno la possibilit\u00e0 di affrontare le spese di una visita specialistica privata.<\/p>\n<p class=\"xmprfx_MsoNormal\">\u00a0\u00a0\u00a0\u00a0\u00a0\u00a0\u00a0\u00a0\u00a0\u00a0\u00a0 L\u2019evento, condotto dalla giornalista Rossella Galati, ha donato undici \u201cgrandi spighe\u201d a personalit\u00e0 che nel corso della loro carriera hanno dato un contributo importante al territorio e sono stati esempio morale e professionale di grandezza.<\/p>\n<p class=\"xmprfx_MsoNormal\">\u00a0\u00a0\u00a0\u00a0\u00a0\u00a0\u00a0\u00a0\u00a0\u00a0\u00a0 Il primo premio \u00e8 stato assegnato a Tot\u00f2 Morgana, colui che ha ispirato la nascita della fondazione, nonno di Marco Serrao, esempio di vita e di amore incondizionato per la sua famiglia. A ritirare il premio, la figlia Rita Morgana, madre di Marco Serrao. Un momento commovente per tutti i presenti.<\/p>\n<p class=\"xmprfx_MsoNormal\">\u00a0\u00a0\u00a0\u00a0\u00a0\u00a0\u00a0\u00a0\u00a0\u00a0\u00a0 \u00a0Un secondo premio \u00e8 stato assegnato a Sandro Donato Grosso, giornalista di Sky Sport, che ha ringraziato la fondazione con un contributo video dal cuore dell\u2019Arabia Saudita.<\/p>\n<p class=\"xmprfx_MsoNormal\">\u00a0\u00a0\u00a0\u00a0\u00a0\u00a0\u00a0\u00a0\u00a0\u00a0\u00a0 Si \u00e8 poi tornati in Italia, precisamente a Firenze, per premiare con un altro contributo video Giorgio Pinchiorri, imprenditore enologo e fondatore di uno dei ristoranti d\u2019Italia pi\u00f9 famosi nel mondo, l\u2019<i>Enoteca Pinchiorri di Firenze<\/i>.<\/p>\n<p class=\"xmprfx_MsoNormal\">\u00a0\u00a0\u00a0\u00a0\u00a0\u00a0\u00a0\u00a0\u00a0\u00a0\u00a0 Dalle eccellenze imprenditoriali toscane si \u00e8 passati a quelle calabresi, premiando Margherita Amarelli, direttrice d\u2019azienda e marketing commerciale della\u00a0<i>Amarelli<\/i>, per i successi ottenuti dall\u2019azienda ed il contributo storico e culturale che il museo della liquirizia ha dato al territorio.<\/p>\n<p class=\"xmprfx_MsoNormal\">\u00a0\u00a0\u00a0\u00a0\u00a0\u00a0\u00a0\u00a0\u00a0\u00a0\u00a0 Un altro premio stato donato a colui che con il suo nobile e quotidiano impegno aiuta il prossimo anche nelle condizioni pi\u00f9 disperate, grazie al sostegno dell\u2019Accademia Internazionale Mauriziana: il Duca Fabrizio Mechi di Pontassieve, esempio di carit\u00e0 e nobilt\u00e0 d\u2019animo.<\/p>\n<p class=\"xmprfx_MsoNormal\">\u00a0\u00a0\u00a0\u00a0\u00a0\u00a0\u00a0\u00a0\u00a0\u00a0\u00a0 Un riconoscimento \u00e8 stato dato al campo della cultura nella personalit\u00e0 eccellente di Sebastiano And\u00f2, docente di Patologia, direttore del Dipartimento di Farmacia e Scienze delle Nutrizione e della Salute dell\u2019Universit\u00e0 della Calabria e Adjunct Professor del dipartimento di Biologia del College of Science and Technology della Temple University di Philadelphia. Un premio doveroso per il suo impegno ma soprattutto per essere stato \u201cil docente che ogni studente meriterebbe di avere\u201d.<\/p>\n<p class=\"xmprfx_MsoNormal\">\u00a0\u00a0\u00a0\u00a0\u00a0\u00a0\u00a0\u00a0\u00a0\u00a0\u00a0 Un altro premio \u00e8 stato assegnato al mondo al mondo dello sport, grazie al contributo professionale di Claudio Chiappucci, ex ciclista su strada e ciclocrossista italiano, vincitore di una Milano-Sanremo, due Giri del Piemonte, tre tappe al Tour de France e una al Giro d&#8217;Italia.<\/p>\n<p class=\"xmprfx_MsoNormal\">\u00a0\u00a0\u00a0\u00a0\u00a0\u00a0\u00a0\u00a0\u00a0\u00a0\u00a0 Ritornando in campo giornalistico, non poteva non essere premiato Riccardo Giacoia, noto giornalista nazionale che ha scelto di raccontare la sua Terra, nella sua bellezza e nella sua criminalit\u00e0, facendo emergere con professionalit\u00e0 e coraggio ogni profonda verit\u00e0.<\/p>\n<p class=\"xmprfx_MsoNormal\">\u00a0\u00a0\u00a0\u00a0\u00a0\u00a0\u00a0\u00a0\u00a0\u00a0\u00a0 Dalla realt\u00e0 di cronaca al fascino al cinema, un premio \u00e8 stato donato a Giovanni Virgilio: regista, produttore, scrittore e sceneggiatore, reduce dal successo del film\u00a0<i>I racconti della Domenica<\/i>\u00a0con Alessio Vassallo e Nino Frassica.<\/p>\n<p class=\"xmprfx_MsoNormal\">\u00a0\u00a0\u00a0\u00a0\u00a0\u00a0\u00a0\u00a0\u00a0\u00a0\u00a0 Un altro momento emozionante ha poi coinvolto i presenti: l\u2019inaspettata premiazione di Claudio Greco, fashion designer sempre molto vicino al sociale, che si \u00e8 commosso davanti alla profonda stima dell\u2019amico Marco Serrao.<\/p>\n<p class=\"xmprfx_MsoNormal\">\u00a0\u00a0\u00a0\u00a0\u00a0\u00a0\u00a0\u00a0\u00a0\u00a0\u00a0 La premiazione, si \u00e8 poi conclusa con l\u2019ultima, ma non per importanza, grande spiga d\u2019oro, assegnata a Tot\u00f2 Cascio, noto attore e guest star dell\u2019evento. Noto al pubblico come il bambino del film\u00a0<i>Nuovo Cinema Paradiso<\/i>, si \u00e8 presentato come un uomo senza maschera, con le sue ferite, le sue debolezza e la sua grande forza riscoperta da un\u2019immensa voglia di vivere. Tutto questo e molto pi\u00f9 \u00e8 raccontato nel suo libro\u00a0<i>La Gloria e la Prova,\u00a0<\/i>donato a tutti i presenti dalla fondazione Tot\u00f2 Morgana.<\/p>\n<p class=\"xmprfx_MsoNormal\">\u00a0\u00a0\u00a0\u00a0\u00a0\u00a0\u00a0\u00a0\u00a0\u00a0\u00a0 A dare ritmo nella seconda parte della serata la dolce sfilata dei bambini, ideata e coreografata da Claudio Greco, con gli abiti selezionati dal negozio Prima Moda Cosenza.<\/p>\n<p class=\"xmprfx_MsoNormal\">\u00a0\u00a0\u00a0\u00a0\u00a0\u00a0\u00a0\u00a0\u00a0\u00a0\u00a0 Non poteva mancare un\u2019anteprima della nuova collezione del fashion designer, che tra frange, paillettes e colori ha incantato i presenti mettendo in risalto la bellezza della donna in ogni occasione, in particolar modo delle modelle presenti, grazie anche al contributo del makeup e hair style offerto da ShE di Salvatore Esposito.<\/p>\n<p class=\"xmprfx_MsoNormal\">La serata si \u00e8 conclusa con un brindisi al nuovo anno e alla speranza di avere sempre eccellenze professionali e morali che facciano risplendere il territorio.<\/p>\n<p class=\"xmprfx_MsoNormal\">\n","protected":false},"excerpt":{"rendered":"<p>\u00a0\u00a0Si \u00e8 tenuta sabato 7 gennaio tra le bellezze della storica Villa Rendano di Cosenza la prima edizione del Premio Magnus Aureus, ideato dalla Fondazione Tot\u00f2 Morgana e fortemente voluto&hellip;<\/p>\n","protected":false},"author":12,"featured_media":16288,"comment_status":"open","ping_status":"open","sticky":false,"template":"","format":"standard","meta":{"_jetpack_memberships_contains_paid_content":false,"footnotes":"","jetpack_publicize_message":"","jetpack_publicize_feature_enabled":true,"jetpack_social_post_already_shared":false,"jetpack_social_options":{"image_generator_settings":{"template":"highway","default_image_id":0,"font":"","enabled":false},"version":2}},"categories":[142,921,196],"tags":[354,7740,8138,7738,7739],"class_list":["post-16286","post","type-post","status-publish","format-standard","has-post-thumbnail","hentry","category-calabria","category-home","category-news","tag-cosenza","tag-fondazione-toto-morgana","tag-premiate-11-eccellenze","tag-premio-magnus-aureus","tag-villa-rendano"],"yoast_head":"<!-- This site is optimized with the Yoast SEO plugin v27.2 - https:\/\/yoast.com\/product\/yoast-seo-wordpress\/ -->\n<title>Successo per prima edizione del Premio Magnus Aureus<\/title>\n<meta name=\"description\" content=\"Il 7 Gennaio, a Villa Rendano, La Fondazione Tot\u00f2 Morgana ha premiato undici eccellenze morali e professionali\" \/>\n<meta name=\"robots\" content=\"index, follow, max-snippet:-1, max-image-preview:large, max-video-preview:-1\" \/>\n<link rel=\"canonical\" href=\"https:\/\/progettotouring.it\/radiotouring104\/2023\/01\/09\/successo-per-prima-edizione-del-premio-magnus-aureus\/\" \/>\n<meta property=\"og:locale\" content=\"it_IT\" \/>\n<meta property=\"og:type\" content=\"article\" \/>\n<meta property=\"og:title\" content=\"Successo per prima edizione del Premio Magnus Aureus\" \/>\n<meta property=\"og:description\" content=\"Il 7 Gennaio, a Villa Rendano, La Fondazione Tot\u00f2 Morgana ha premiato undici eccellenze morali e professionali\" \/>\n<meta property=\"og:url\" content=\"https:\/\/progettotouring.it\/radiotouring104\/2023\/01\/09\/successo-per-prima-edizione-del-premio-magnus-aureus\/\" \/>\n<meta property=\"og:site_name\" content=\"Radio Touring 104\" \/>\n<meta property=\"article:published_time\" content=\"2023-01-09T09:49:28+00:00\" \/>\n<meta property=\"article:modified_time\" content=\"2023-01-09T09:49:59+00:00\" \/>\n<meta property=\"og:image\" content=\"https:\/\/progettotouring.it\/radiotouring104\/wp-content\/uploads\/sites\/6\/2023\/01\/Premio-Fondazione-Toto-Morgana.jpeg\" \/>\n\t<meta property=\"og:image:width\" content=\"2048\" \/>\n\t<meta property=\"og:image:height\" content=\"1366\" \/>\n\t<meta property=\"og:image:type\" content=\"image\/jpeg\" \/>\n<meta name=\"author\" content=\"Sebastiano Plutino\" \/>\n<meta name=\"twitter:card\" content=\"summary_large_image\" \/>\n<meta name=\"twitter:label1\" content=\"Scritto da\" \/>\n\t<meta name=\"twitter:data1\" content=\"Sebastiano Plutino\" \/>\n\t<meta name=\"twitter:label2\" content=\"Tempo di lettura stimato\" \/>\n\t<meta name=\"twitter:data2\" content=\"4 minuti\" \/>\n<script type=\"application\/ld+json\" class=\"yoast-schema-graph\">{\"@context\":\"https:\/\/schema.org\",\"@graph\":[{\"@type\":\"Article\",\"@id\":\"https:\/\/progettotouring.it\/radiotouring104\/2023\/01\/09\/successo-per-prima-edizione-del-premio-magnus-aureus\/#article\",\"isPartOf\":{\"@id\":\"https:\/\/progettotouring.it\/radiotouring104\/2023\/01\/09\/successo-per-prima-edizione-del-premio-magnus-aureus\/\"},\"author\":{\"name\":\"Sebastiano Plutino\",\"@id\":\"https:\/\/progettotouring.it\/radiotouring104\/#\/schema\/person\/78613917f1851f041f7483f5af1d422e\"},\"headline\":\"Successo per prima edizione del Premio Magnus Aureus\",\"datePublished\":\"2023-01-09T09:49:28+00:00\",\"dateModified\":\"2023-01-09T09:49:59+00:00\",\"mainEntityOfPage\":{\"@id\":\"https:\/\/progettotouring.it\/radiotouring104\/2023\/01\/09\/successo-per-prima-edizione-del-premio-magnus-aureus\/\"},\"wordCount\":768,\"commentCount\":0,\"publisher\":{\"@id\":\"https:\/\/progettotouring.it\/radiotouring104\/#organization\"},\"image\":{\"@id\":\"https:\/\/progettotouring.it\/radiotouring104\/2023\/01\/09\/successo-per-prima-edizione-del-premio-magnus-aureus\/#primaryimage\"},\"thumbnailUrl\":\"https:\/\/progettotouring.it\/radiotouring104\/wp-content\/uploads\/sites\/6\/2023\/01\/Premio-Fondazione-Toto-Morgana.jpeg\",\"keywords\":[\"Cosenza\",\"Fondazione Tot\u00f2 Morgana\",\"premiate 11 eccellenze\",\"Premio Magnus Aureus\",\"Villa Rendano\"],\"articleSection\":[\"Calabria\",\"Home\",\"News\"],\"inLanguage\":\"it-IT\",\"potentialAction\":[{\"@type\":\"CommentAction\",\"name\":\"Comment\",\"target\":[\"https:\/\/progettotouring.it\/radiotouring104\/2023\/01\/09\/successo-per-prima-edizione-del-premio-magnus-aureus\/#respond\"]}]},{\"@type\":\"WebPage\",\"@id\":\"https:\/\/progettotouring.it\/radiotouring104\/2023\/01\/09\/successo-per-prima-edizione-del-premio-magnus-aureus\/\",\"url\":\"https:\/\/progettotouring.it\/radiotouring104\/2023\/01\/09\/successo-per-prima-edizione-del-premio-magnus-aureus\/\",\"name\":\"Successo per prima edizione del Premio Magnus Aureus\",\"isPartOf\":{\"@id\":\"https:\/\/progettotouring.it\/radiotouring104\/#website\"},\"primaryImageOfPage\":{\"@id\":\"https:\/\/progettotouring.it\/radiotouring104\/2023\/01\/09\/successo-per-prima-edizione-del-premio-magnus-aureus\/#primaryimage\"},\"image\":{\"@id\":\"https:\/\/progettotouring.it\/radiotouring104\/2023\/01\/09\/successo-per-prima-edizione-del-premio-magnus-aureus\/#primaryimage\"},\"thumbnailUrl\":\"https:\/\/progettotouring.it\/radiotouring104\/wp-content\/uploads\/sites\/6\/2023\/01\/Premio-Fondazione-Toto-Morgana.jpeg\",\"datePublished\":\"2023-01-09T09:49:28+00:00\",\"dateModified\":\"2023-01-09T09:49:59+00:00\",\"description\":\"Il 7 Gennaio, a Villa Rendano, La Fondazione Tot\u00f2 Morgana ha premiato undici eccellenze morali e professionali\",\"breadcrumb\":{\"@id\":\"https:\/\/progettotouring.it\/radiotouring104\/2023\/01\/09\/successo-per-prima-edizione-del-premio-magnus-aureus\/#breadcrumb\"},\"inLanguage\":\"it-IT\",\"potentialAction\":[{\"@type\":\"ReadAction\",\"target\":[\"https:\/\/progettotouring.it\/radiotouring104\/2023\/01\/09\/successo-per-prima-edizione-del-premio-magnus-aureus\/\"]}]},{\"@type\":\"ImageObject\",\"inLanguage\":\"it-IT\",\"@id\":\"https:\/\/progettotouring.it\/radiotouring104\/2023\/01\/09\/successo-per-prima-edizione-del-premio-magnus-aureus\/#primaryimage\",\"url\":\"https:\/\/progettotouring.it\/radiotouring104\/wp-content\/uploads\/sites\/6\/2023\/01\/Premio-Fondazione-Toto-Morgana.jpeg\",\"contentUrl\":\"https:\/\/progettotouring.it\/radiotouring104\/wp-content\/uploads\/sites\/6\/2023\/01\/Premio-Fondazione-Toto-Morgana.jpeg\",\"width\":2048,\"height\":1366},{\"@type\":\"BreadcrumbList\",\"@id\":\"https:\/\/progettotouring.it\/radiotouring104\/2023\/01\/09\/successo-per-prima-edizione-del-premio-magnus-aureus\/#breadcrumb\",\"itemListElement\":[{\"@type\":\"ListItem\",\"position\":1,\"name\":\"Home\",\"item\":\"https:\/\/progettotouring.it\/radiotouring104\/\"},{\"@type\":\"ListItem\",\"position\":2,\"name\":\"Successo per prima edizione del Premio Magnus Aureus\"}]},{\"@type\":\"WebSite\",\"@id\":\"https:\/\/progettotouring.it\/radiotouring104\/#website\",\"url\":\"https:\/\/progettotouring.it\/radiotouring104\/\",\"name\":\"Radio Touring 104\",\"description\":\"La prima radio Reggina\",\"publisher\":{\"@id\":\"https:\/\/progettotouring.it\/radiotouring104\/#organization\"},\"potentialAction\":[{\"@type\":\"SearchAction\",\"target\":{\"@type\":\"EntryPoint\",\"urlTemplate\":\"https:\/\/progettotouring.it\/radiotouring104\/?s={search_term_string}\"},\"query-input\":{\"@type\":\"PropertyValueSpecification\",\"valueRequired\":true,\"valueName\":\"search_term_string\"}}],\"inLanguage\":\"it-IT\"},{\"@type\":\"Organization\",\"@id\":\"https:\/\/progettotouring.it\/radiotouring104\/#organization\",\"name\":\"Radio Touring 104\",\"url\":\"https:\/\/progettotouring.it\/radiotouring104\/\",\"logo\":{\"@type\":\"ImageObject\",\"inLanguage\":\"it-IT\",\"@id\":\"https:\/\/progettotouring.it\/radiotouring104\/#\/schema\/logo\/image\/\",\"url\":\"https:\/\/progettotouring.it\/radiotouring104\/wp-content\/uploads\/sites\/6\/2022\/02\/cropped-logo-radio-touring-104.png\",\"contentUrl\":\"https:\/\/progettotouring.it\/radiotouring104\/wp-content\/uploads\/sites\/6\/2022\/02\/cropped-logo-radio-touring-104.png\",\"width\":377,\"height\":182,\"caption\":\"Radio Touring 104\"},\"image\":{\"@id\":\"https:\/\/progettotouring.it\/radiotouring104\/#\/schema\/logo\/image\/\"}},{\"@type\":\"Person\",\"@id\":\"https:\/\/progettotouring.it\/radiotouring104\/#\/schema\/person\/78613917f1851f041f7483f5af1d422e\",\"name\":\"Sebastiano Plutino\",\"image\":{\"@type\":\"ImageObject\",\"inLanguage\":\"it-IT\",\"@id\":\"https:\/\/secure.gravatar.com\/avatar\/0546ffaa9b79224faf9f2a156b67a529ae861d3287c66c1d8ccfdf909bcba78d?s=96&d=mm&r=g\",\"url\":\"https:\/\/secure.gravatar.com\/avatar\/0546ffaa9b79224faf9f2a156b67a529ae861d3287c66c1d8ccfdf909bcba78d?s=96&d=mm&r=g\",\"contentUrl\":\"https:\/\/secure.gravatar.com\/avatar\/0546ffaa9b79224faf9f2a156b67a529ae861d3287c66c1d8ccfdf909bcba78d?s=96&d=mm&r=g\",\"caption\":\"Sebastiano Plutino\"},\"url\":\"https:\/\/progettotouring.it\/radiotouring104\/author\/sebastiano\/\"}]}<\/script>\n<!-- \/ Yoast SEO plugin. -->","yoast_head_json":{"title":"Successo per prima edizione del Premio Magnus Aureus","description":"Il 7 Gennaio, a Villa Rendano, La Fondazione Tot\u00f2 Morgana ha premiato undici eccellenze morali e professionali","robots":{"index":"index","follow":"follow","max-snippet":"max-snippet:-1","max-image-preview":"max-image-preview:large","max-video-preview":"max-video-preview:-1"},"canonical":"https:\/\/progettotouring.it\/radiotouring104\/2023\/01\/09\/successo-per-prima-edizione-del-premio-magnus-aureus\/","og_locale":"it_IT","og_type":"article","og_title":"Successo per prima edizione del Premio Magnus Aureus","og_description":"Il 7 Gennaio, a Villa Rendano, La Fondazione Tot\u00f2 Morgana ha premiato undici eccellenze morali e professionali","og_url":"https:\/\/progettotouring.it\/radiotouring104\/2023\/01\/09\/successo-per-prima-edizione-del-premio-magnus-aureus\/","og_site_name":"Radio Touring 104","article_published_time":"2023-01-09T09:49:28+00:00","article_modified_time":"2023-01-09T09:49:59+00:00","og_image":[{"width":2048,"height":1366,"url":"https:\/\/progettotouring.it\/radiotouring104\/wp-content\/uploads\/sites\/6\/2023\/01\/Premio-Fondazione-Toto-Morgana.jpeg","type":"image\/jpeg"}],"author":"Sebastiano Plutino","twitter_card":"summary_large_image","twitter_misc":{"Scritto da":"Sebastiano Plutino","Tempo di lettura stimato":"4 minuti"},"schema":{"@context":"https:\/\/schema.org","@graph":[{"@type":"Article","@id":"https:\/\/progettotouring.it\/radiotouring104\/2023\/01\/09\/successo-per-prima-edizione-del-premio-magnus-aureus\/#article","isPartOf":{"@id":"https:\/\/progettotouring.it\/radiotouring104\/2023\/01\/09\/successo-per-prima-edizione-del-premio-magnus-aureus\/"},"author":{"name":"Sebastiano Plutino","@id":"https:\/\/progettotouring.it\/radiotouring104\/#\/schema\/person\/78613917f1851f041f7483f5af1d422e"},"headline":"Successo per prima edizione del Premio Magnus Aureus","datePublished":"2023-01-09T09:49:28+00:00","dateModified":"2023-01-09T09:49:59+00:00","mainEntityOfPage":{"@id":"https:\/\/progettotouring.it\/radiotouring104\/2023\/01\/09\/successo-per-prima-edizione-del-premio-magnus-aureus\/"},"wordCount":768,"commentCount":0,"publisher":{"@id":"https:\/\/progettotouring.it\/radiotouring104\/#organization"},"image":{"@id":"https:\/\/progettotouring.it\/radiotouring104\/2023\/01\/09\/successo-per-prima-edizione-del-premio-magnus-aureus\/#primaryimage"},"thumbnailUrl":"https:\/\/progettotouring.it\/radiotouring104\/wp-content\/uploads\/sites\/6\/2023\/01\/Premio-Fondazione-Toto-Morgana.jpeg","keywords":["Cosenza","Fondazione Tot\u00f2 Morgana","premiate 11 eccellenze","Premio Magnus Aureus","Villa Rendano"],"articleSection":["Calabria","Home","News"],"inLanguage":"it-IT","potentialAction":[{"@type":"CommentAction","name":"Comment","target":["https:\/\/progettotouring.it\/radiotouring104\/2023\/01\/09\/successo-per-prima-edizione-del-premio-magnus-aureus\/#respond"]}]},{"@type":"WebPage","@id":"https:\/\/progettotouring.it\/radiotouring104\/2023\/01\/09\/successo-per-prima-edizione-del-premio-magnus-aureus\/","url":"https:\/\/progettotouring.it\/radiotouring104\/2023\/01\/09\/successo-per-prima-edizione-del-premio-magnus-aureus\/","name":"Successo per prima edizione del Premio Magnus Aureus","isPartOf":{"@id":"https:\/\/progettotouring.it\/radiotouring104\/#website"},"primaryImageOfPage":{"@id":"https:\/\/progettotouring.it\/radiotouring104\/2023\/01\/09\/successo-per-prima-edizione-del-premio-magnus-aureus\/#primaryimage"},"image":{"@id":"https:\/\/progettotouring.it\/radiotouring104\/2023\/01\/09\/successo-per-prima-edizione-del-premio-magnus-aureus\/#primaryimage"},"thumbnailUrl":"https:\/\/progettotouring.it\/radiotouring104\/wp-content\/uploads\/sites\/6\/2023\/01\/Premio-Fondazione-Toto-Morgana.jpeg","datePublished":"2023-01-09T09:49:28+00:00","dateModified":"2023-01-09T09:49:59+00:00","description":"Il 7 Gennaio, a Villa Rendano, La Fondazione Tot\u00f2 Morgana ha premiato undici eccellenze morali e professionali","breadcrumb":{"@id":"https:\/\/progettotouring.it\/radiotouring104\/2023\/01\/09\/successo-per-prima-edizione-del-premio-magnus-aureus\/#breadcrumb"},"inLanguage":"it-IT","potentialAction":[{"@type":"ReadAction","target":["https:\/\/progettotouring.it\/radiotouring104\/2023\/01\/09\/successo-per-prima-edizione-del-premio-magnus-aureus\/"]}]},{"@type":"ImageObject","inLanguage":"it-IT","@id":"https:\/\/progettotouring.it\/radiotouring104\/2023\/01\/09\/successo-per-prima-edizione-del-premio-magnus-aureus\/#primaryimage","url":"https:\/\/progettotouring.it\/radiotouring104\/wp-content\/uploads\/sites\/6\/2023\/01\/Premio-Fondazione-Toto-Morgana.jpeg","contentUrl":"https:\/\/progettotouring.it\/radiotouring104\/wp-content\/uploads\/sites\/6\/2023\/01\/Premio-Fondazione-Toto-Morgana.jpeg","width":2048,"height":1366},{"@type":"BreadcrumbList","@id":"https:\/\/progettotouring.it\/radiotouring104\/2023\/01\/09\/successo-per-prima-edizione-del-premio-magnus-aureus\/#breadcrumb","itemListElement":[{"@type":"ListItem","position":1,"name":"Home","item":"https:\/\/progettotouring.it\/radiotouring104\/"},{"@type":"ListItem","position":2,"name":"Successo per prima edizione del Premio Magnus Aureus"}]},{"@type":"WebSite","@id":"https:\/\/progettotouring.it\/radiotouring104\/#website","url":"https:\/\/progettotouring.it\/radiotouring104\/","name":"Radio Touring 104","description":"La prima radio Reggina","publisher":{"@id":"https:\/\/progettotouring.it\/radiotouring104\/#organization"},"potentialAction":[{"@type":"SearchAction","target":{"@type":"EntryPoint","urlTemplate":"https:\/\/progettotouring.it\/radiotouring104\/?s={search_term_string}"},"query-input":{"@type":"PropertyValueSpecification","valueRequired":true,"valueName":"search_term_string"}}],"inLanguage":"it-IT"},{"@type":"Organization","@id":"https:\/\/progettotouring.it\/radiotouring104\/#organization","name":"Radio Touring 104","url":"https:\/\/progettotouring.it\/radiotouring104\/","logo":{"@type":"ImageObject","inLanguage":"it-IT","@id":"https:\/\/progettotouring.it\/radiotouring104\/#\/schema\/logo\/image\/","url":"https:\/\/progettotouring.it\/radiotouring104\/wp-content\/uploads\/sites\/6\/2022\/02\/cropped-logo-radio-touring-104.png","contentUrl":"https:\/\/progettotouring.it\/radiotouring104\/wp-content\/uploads\/sites\/6\/2022\/02\/cropped-logo-radio-touring-104.png","width":377,"height":182,"caption":"Radio Touring 104"},"image":{"@id":"https:\/\/progettotouring.it\/radiotouring104\/#\/schema\/logo\/image\/"}},{"@type":"Person","@id":"https:\/\/progettotouring.it\/radiotouring104\/#\/schema\/person\/78613917f1851f041f7483f5af1d422e","name":"Sebastiano Plutino","image":{"@type":"ImageObject","inLanguage":"it-IT","@id":"https:\/\/secure.gravatar.com\/avatar\/0546ffaa9b79224faf9f2a156b67a529ae861d3287c66c1d8ccfdf909bcba78d?s=96&d=mm&r=g","url":"https:\/\/secure.gravatar.com\/avatar\/0546ffaa9b79224faf9f2a156b67a529ae861d3287c66c1d8ccfdf909bcba78d?s=96&d=mm&r=g","contentUrl":"https:\/\/secure.gravatar.com\/avatar\/0546ffaa9b79224faf9f2a156b67a529ae861d3287c66c1d8ccfdf909bcba78d?s=96&d=mm&r=g","caption":"Sebastiano Plutino"},"url":"https:\/\/progettotouring.it\/radiotouring104\/author\/sebastiano\/"}]}},"jetpack_publicize_connections":[],"jetpack_featured_media_url":"https:\/\/progettotouring.it\/radiotouring104\/wp-content\/uploads\/sites\/6\/2023\/01\/Premio-Fondazione-Toto-Morgana.jpeg","jetpack_sharing_enabled":true,"_links":{"self":[{"href":"https:\/\/progettotouring.it\/radiotouring104\/wp-json\/wp\/v2\/posts\/16286","targetHints":{"allow":["GET"]}}],"collection":[{"href":"https:\/\/progettotouring.it\/radiotouring104\/wp-json\/wp\/v2\/posts"}],"about":[{"href":"https:\/\/progettotouring.it\/radiotouring104\/wp-json\/wp\/v2\/types\/post"}],"author":[{"embeddable":true,"href":"https:\/\/progettotouring.it\/radiotouring104\/wp-json\/wp\/v2\/users\/12"}],"replies":[{"embeddable":true,"href":"https:\/\/progettotouring.it\/radiotouring104\/wp-json\/wp\/v2\/comments?post=16286"}],"version-history":[{"count":2,"href":"https:\/\/progettotouring.it\/radiotouring104\/wp-json\/wp\/v2\/posts\/16286\/revisions"}],"predecessor-version":[{"id":16290,"href":"https:\/\/progettotouring.it\/radiotouring104\/wp-json\/wp\/v2\/posts\/16286\/revisions\/16290"}],"wp:featuredmedia":[{"embeddable":true,"href":"https:\/\/progettotouring.it\/radiotouring104\/wp-json\/wp\/v2\/media\/16288"}],"wp:attachment":[{"href":"https:\/\/progettotouring.it\/radiotouring104\/wp-json\/wp\/v2\/media?parent=16286"}],"wp:term":[{"taxonomy":"category","embeddable":true,"href":"https:\/\/progettotouring.it\/radiotouring104\/wp-json\/wp\/v2\/categories?post=16286"},{"taxonomy":"post_tag","embeddable":true,"href":"https:\/\/progettotouring.it\/radiotouring104\/wp-json\/wp\/v2\/tags?post=16286"}],"curies":[{"name":"wp","href":"https:\/\/api.w.org\/{rel}","templated":true}]}}