{"id":16374,"date":"2023-01-10T10:23:58","date_gmt":"2023-01-10T09:23:58","guid":{"rendered":"https:\/\/progettotouring.it\/radiotouring104\/?p=16374"},"modified":"2023-01-10T10:26:55","modified_gmt":"2023-01-10T09:26:55","slug":"disincagliata-portacontainer-bloccata-in-porto-gioia-tauro","status":"publish","type":"post","link":"https:\/\/progettotouring.it\/radiotouring104\/2023\/01\/10\/disincagliata-portacontainer-bloccata-in-porto-gioia-tauro\/","title":{"rendered":"Disincagliata portacontainer bloccata in porto Gioia Tauro"},"content":{"rendered":"<p>E&#8217; stata disincagliata la nave portacontainer Msc Eliane, lunga 340 metri larga 46 e con un pescaggio di 14 metri e battente bandiera panamense, bloccata da ieri mattina in uscita dopo essere finita, per cause in corso di accertamento, sulla barriera frangiflutti del bacino di evoluzione del porto di Gioia Tauro. Le operazioni di disincaglio, terminate stamane, sono andate avanti con l&#8217;utilizzo di cinque rimorchiatori del servizio Con.Tug, con il coordinamento della Capitaneria di porto. Il disincaglio della nave, pur in presenza di un peggioramento delle condizioni meteomarine sulla zona, sono state facilitate dall&#8217;innalzamento del moto ondoso. La Msc Eliane, che prima dell&#8217;incidente occorsogli era diretta a Malta, si sta dirigendo verso una banchina dello scalo dove si proceder\u00e0 all&#8217;accertamento degli eventuali danni. Solo se le condizioni dello scafo lo permetteranno la nave carica di container potr\u00e0 valutazioriprendere il mare, altrimenti si potrebbe procedere al reimbarco dei container su un&#8217;altra nave. Dai primi accertamenti svolti gi\u00e0 ieri con l&#8217;ausilio dei sommozzatori non sarebbe emersa la presenza di squarci importanti, anche se non si pu\u00f2 ancora escludere nulla perch\u00e9 eventuali lesioni potrebbero risultare non perfettamente visibili. E&#8217; ipotizzabile ma da verificare, inoltre, che degli squarci si siano prodotti nella prima barriera in lamiera dello scafo, che ne ha due ad intercapedine. La nave comunque, e la cosa sembra rassicurare gli esperti, non avrebbe imbarcato acqua. (ANSA).<\/p>\n","protected":false},"excerpt":{"rendered":"<p>E&#8217; stata disincagliata la nave portacontainer Msc Eliane, lunga 340 metri larga 46 e con un pescaggio di 14 metri e battente bandiera panamense, bloccata da ieri mattina in uscita&hellip;<\/p>\n","protected":false},"author":12,"featured_media":16297,"comment_status":"open","ping_status":"open","sticky":false,"template":"","format":"standard","meta":{"_jetpack_memberships_contains_paid_content":false,"footnotes":"","jetpack_publicize_message":"","jetpack_publicize_feature_enabled":true,"jetpack_social_post_already_shared":false,"jetpack_social_options":{"image_generator_settings":{"template":"highway","default_image_id":0,"font":"","enabled":false},"version":2}},"categories":[921,150,196,140],"tags":[8202,8201,988,8203],"class_list":["post-16374","post","type-post","status-publish","format-standard","has-post-thumbnail","hentry","category-home","category-in-primo-piano","category-news","category-reggio-calabria","tag-5-rimorchiatori-impegnati","tag-disincagliata-portacontainer-msc-eliane","tag-porto-di-gioia-tauro","tag-valutazioni-danni-a-scafo"],"yoast_head":"<!-- This site is optimized with the Yoast SEO plugin v27.2 - https:\/\/yoast.com\/product\/yoast-seo-wordpress\/ -->\n<title>Disincagliata portacontainer bloccata in porto Gioia Tauro<\/title>\n<meta name=\"description\" content=\"Disincagliata la nave portacontainer Msc Eliane, grazie a 5 rimorchiatori, bloccata da ieri mattina nel porto di Gioia Tauro.\" \/>\n<meta name=\"robots\" content=\"index, follow, max-snippet:-1, max-image-preview:large, max-video-preview:-1\" \/>\n<link rel=\"canonical\" href=\"https:\/\/progettotouring.it\/radiotouring104\/2023\/01\/10\/disincagliata-portacontainer-bloccata-in-porto-gioia-tauro\/\" \/>\n<meta property=\"og:locale\" content=\"it_IT\" \/>\n<meta property=\"og:type\" content=\"article\" \/>\n<meta property=\"og:title\" content=\"Disincagliata portacontainer bloccata in porto Gioia Tauro\" \/>\n<meta property=\"og:description\" content=\"Disincagliata la nave portacontainer Msc Eliane, grazie a 5 rimorchiatori, bloccata da ieri mattina nel porto di Gioia Tauro.\" \/>\n<meta property=\"og:url\" content=\"https:\/\/progettotouring.it\/radiotouring104\/2023\/01\/10\/disincagliata-portacontainer-bloccata-in-porto-gioia-tauro\/\" \/>\n<meta property=\"og:site_name\" content=\"Radio Touring 104\" \/>\n<meta property=\"article:published_time\" content=\"2023-01-10T09:23:58+00:00\" \/>\n<meta property=\"article:modified_time\" content=\"2023-01-10T09:26:55+00:00\" \/>\n<meta property=\"og:image\" content=\"https:\/\/progettotouring.it\/radiotouring104\/wp-content\/uploads\/sites\/6\/2023\/01\/Porto-Gioia-Tauro-1.jpg\" \/>\n\t<meta property=\"og:image:width\" content=\"1080\" \/>\n\t<meta property=\"og:image:height\" content=\"630\" \/>\n\t<meta property=\"og:image:type\" content=\"image\/jpeg\" \/>\n<meta name=\"author\" content=\"Sebastiano Plutino\" \/>\n<meta name=\"twitter:card\" content=\"summary_large_image\" \/>\n<meta name=\"twitter:label1\" content=\"Scritto da\" \/>\n\t<meta name=\"twitter:data1\" content=\"Sebastiano Plutino\" \/>\n\t<meta name=\"twitter:label2\" content=\"Tempo di lettura stimato\" \/>\n\t<meta name=\"twitter:data2\" content=\"1 minuto\" \/>\n<script type=\"application\/ld+json\" class=\"yoast-schema-graph\">{\"@context\":\"https:\/\/schema.org\",\"@graph\":[{\"@type\":\"Article\",\"@id\":\"https:\/\/progettotouring.it\/radiotouring104\/2023\/01\/10\/disincagliata-portacontainer-bloccata-in-porto-gioia-tauro\/#article\",\"isPartOf\":{\"@id\":\"https:\/\/progettotouring.it\/radiotouring104\/2023\/01\/10\/disincagliata-portacontainer-bloccata-in-porto-gioia-tauro\/\"},\"author\":{\"name\":\"Sebastiano Plutino\",\"@id\":\"https:\/\/progettotouring.it\/radiotouring104\/#\/schema\/person\/78613917f1851f041f7483f5af1d422e\"},\"headline\":\"Disincagliata portacontainer bloccata in porto Gioia Tauro\",\"datePublished\":\"2023-01-10T09:23:58+00:00\",\"dateModified\":\"2023-01-10T09:26:55+00:00\",\"mainEntityOfPage\":{\"@id\":\"https:\/\/progettotouring.it\/radiotouring104\/2023\/01\/10\/disincagliata-portacontainer-bloccata-in-porto-gioia-tauro\/\"},\"wordCount\":230,\"commentCount\":0,\"publisher\":{\"@id\":\"https:\/\/progettotouring.it\/radiotouring104\/#organization\"},\"image\":{\"@id\":\"https:\/\/progettotouring.it\/radiotouring104\/2023\/01\/10\/disincagliata-portacontainer-bloccata-in-porto-gioia-tauro\/#primaryimage\"},\"thumbnailUrl\":\"https:\/\/progettotouring.it\/radiotouring104\/wp-content\/uploads\/sites\/6\/2023\/01\/Porto-Gioia-Tauro-1.jpg\",\"keywords\":[\"5 rimorchiatori impegnati\",\"disincagliata portacontainer Msc Eliane\",\"porto di Gioia Tauro\",\"valutazioni danni a scafo\"],\"articleSection\":[\"Home\",\"In primo piano\",\"News\",\"Reggio Calabria\"],\"inLanguage\":\"it-IT\",\"potentialAction\":[{\"@type\":\"CommentAction\",\"name\":\"Comment\",\"target\":[\"https:\/\/progettotouring.it\/radiotouring104\/2023\/01\/10\/disincagliata-portacontainer-bloccata-in-porto-gioia-tauro\/#respond\"]}]},{\"@type\":\"WebPage\",\"@id\":\"https:\/\/progettotouring.it\/radiotouring104\/2023\/01\/10\/disincagliata-portacontainer-bloccata-in-porto-gioia-tauro\/\",\"url\":\"https:\/\/progettotouring.it\/radiotouring104\/2023\/01\/10\/disincagliata-portacontainer-bloccata-in-porto-gioia-tauro\/\",\"name\":\"Disincagliata portacontainer bloccata in porto Gioia Tauro\",\"isPartOf\":{\"@id\":\"https:\/\/progettotouring.it\/radiotouring104\/#website\"},\"primaryImageOfPage\":{\"@id\":\"https:\/\/progettotouring.it\/radiotouring104\/2023\/01\/10\/disincagliata-portacontainer-bloccata-in-porto-gioia-tauro\/#primaryimage\"},\"image\":{\"@id\":\"https:\/\/progettotouring.it\/radiotouring104\/2023\/01\/10\/disincagliata-portacontainer-bloccata-in-porto-gioia-tauro\/#primaryimage\"},\"thumbnailUrl\":\"https:\/\/progettotouring.it\/radiotouring104\/wp-content\/uploads\/sites\/6\/2023\/01\/Porto-Gioia-Tauro-1.jpg\",\"datePublished\":\"2023-01-10T09:23:58+00:00\",\"dateModified\":\"2023-01-10T09:26:55+00:00\",\"description\":\"Disincagliata la nave portacontainer Msc Eliane, grazie a 5 rimorchiatori, bloccata da ieri mattina nel porto di Gioia Tauro.\",\"breadcrumb\":{\"@id\":\"https:\/\/progettotouring.it\/radiotouring104\/2023\/01\/10\/disincagliata-portacontainer-bloccata-in-porto-gioia-tauro\/#breadcrumb\"},\"inLanguage\":\"it-IT\",\"potentialAction\":[{\"@type\":\"ReadAction\",\"target\":[\"https:\/\/progettotouring.it\/radiotouring104\/2023\/01\/10\/disincagliata-portacontainer-bloccata-in-porto-gioia-tauro\/\"]}]},{\"@type\":\"ImageObject\",\"inLanguage\":\"it-IT\",\"@id\":\"https:\/\/progettotouring.it\/radiotouring104\/2023\/01\/10\/disincagliata-portacontainer-bloccata-in-porto-gioia-tauro\/#primaryimage\",\"url\":\"https:\/\/progettotouring.it\/radiotouring104\/wp-content\/uploads\/sites\/6\/2023\/01\/Porto-Gioia-Tauro-1.jpg\",\"contentUrl\":\"https:\/\/progettotouring.it\/radiotouring104\/wp-content\/uploads\/sites\/6\/2023\/01\/Porto-Gioia-Tauro-1.jpg\",\"width\":1080,\"height\":630},{\"@type\":\"BreadcrumbList\",\"@id\":\"https:\/\/progettotouring.it\/radiotouring104\/2023\/01\/10\/disincagliata-portacontainer-bloccata-in-porto-gioia-tauro\/#breadcrumb\",\"itemListElement\":[{\"@type\":\"ListItem\",\"position\":1,\"name\":\"Home\",\"item\":\"https:\/\/progettotouring.it\/radiotouring104\/\"},{\"@type\":\"ListItem\",\"position\":2,\"name\":\"Disincagliata portacontainer bloccata in porto Gioia Tauro\"}]},{\"@type\":\"WebSite\",\"@id\":\"https:\/\/progettotouring.it\/radiotouring104\/#website\",\"url\":\"https:\/\/progettotouring.it\/radiotouring104\/\",\"name\":\"Radio Touring 104\",\"description\":\"La prima radio Reggina\",\"publisher\":{\"@id\":\"https:\/\/progettotouring.it\/radiotouring104\/#organization\"},\"potentialAction\":[{\"@type\":\"SearchAction\",\"target\":{\"@type\":\"EntryPoint\",\"urlTemplate\":\"https:\/\/progettotouring.it\/radiotouring104\/?s={search_term_string}\"},\"query-input\":{\"@type\":\"PropertyValueSpecification\",\"valueRequired\":true,\"valueName\":\"search_term_string\"}}],\"inLanguage\":\"it-IT\"},{\"@type\":\"Organization\",\"@id\":\"https:\/\/progettotouring.it\/radiotouring104\/#organization\",\"name\":\"Radio Touring 104\",\"url\":\"https:\/\/progettotouring.it\/radiotouring104\/\",\"logo\":{\"@type\":\"ImageObject\",\"inLanguage\":\"it-IT\",\"@id\":\"https:\/\/progettotouring.it\/radiotouring104\/#\/schema\/logo\/image\/\",\"url\":\"https:\/\/progettotouring.it\/radiotouring104\/wp-content\/uploads\/sites\/6\/2022\/02\/cropped-logo-radio-touring-104.png\",\"contentUrl\":\"https:\/\/progettotouring.it\/radiotouring104\/wp-content\/uploads\/sites\/6\/2022\/02\/cropped-logo-radio-touring-104.png\",\"width\":377,\"height\":182,\"caption\":\"Radio Touring 104\"},\"image\":{\"@id\":\"https:\/\/progettotouring.it\/radiotouring104\/#\/schema\/logo\/image\/\"}},{\"@type\":\"Person\",\"@id\":\"https:\/\/progettotouring.it\/radiotouring104\/#\/schema\/person\/78613917f1851f041f7483f5af1d422e\",\"name\":\"Sebastiano Plutino\",\"image\":{\"@type\":\"ImageObject\",\"inLanguage\":\"it-IT\",\"@id\":\"https:\/\/secure.gravatar.com\/avatar\/0546ffaa9b79224faf9f2a156b67a529ae861d3287c66c1d8ccfdf909bcba78d?s=96&d=mm&r=g\",\"url\":\"https:\/\/secure.gravatar.com\/avatar\/0546ffaa9b79224faf9f2a156b67a529ae861d3287c66c1d8ccfdf909bcba78d?s=96&d=mm&r=g\",\"contentUrl\":\"https:\/\/secure.gravatar.com\/avatar\/0546ffaa9b79224faf9f2a156b67a529ae861d3287c66c1d8ccfdf909bcba78d?s=96&d=mm&r=g\",\"caption\":\"Sebastiano Plutino\"},\"url\":\"https:\/\/progettotouring.it\/radiotouring104\/author\/sebastiano\/\"}]}<\/script>\n<!-- \/ Yoast SEO plugin. -->","yoast_head_json":{"title":"Disincagliata portacontainer bloccata in porto Gioia Tauro","description":"Disincagliata la nave portacontainer Msc Eliane, grazie a 5 rimorchiatori, bloccata da ieri mattina nel porto di Gioia Tauro.","robots":{"index":"index","follow":"follow","max-snippet":"max-snippet:-1","max-image-preview":"max-image-preview:large","max-video-preview":"max-video-preview:-1"},"canonical":"https:\/\/progettotouring.it\/radiotouring104\/2023\/01\/10\/disincagliata-portacontainer-bloccata-in-porto-gioia-tauro\/","og_locale":"it_IT","og_type":"article","og_title":"Disincagliata portacontainer bloccata in porto Gioia Tauro","og_description":"Disincagliata la nave portacontainer Msc Eliane, grazie a 5 rimorchiatori, bloccata da ieri mattina nel porto di Gioia Tauro.","og_url":"https:\/\/progettotouring.it\/radiotouring104\/2023\/01\/10\/disincagliata-portacontainer-bloccata-in-porto-gioia-tauro\/","og_site_name":"Radio Touring 104","article_published_time":"2023-01-10T09:23:58+00:00","article_modified_time":"2023-01-10T09:26:55+00:00","og_image":[{"width":1080,"height":630,"url":"https:\/\/progettotouring.it\/radiotouring104\/wp-content\/uploads\/sites\/6\/2023\/01\/Porto-Gioia-Tauro-1.jpg","type":"image\/jpeg"}],"author":"Sebastiano Plutino","twitter_card":"summary_large_image","twitter_misc":{"Scritto da":"Sebastiano Plutino","Tempo di lettura stimato":"1 minuto"},"schema":{"@context":"https:\/\/schema.org","@graph":[{"@type":"Article","@id":"https:\/\/progettotouring.it\/radiotouring104\/2023\/01\/10\/disincagliata-portacontainer-bloccata-in-porto-gioia-tauro\/#article","isPartOf":{"@id":"https:\/\/progettotouring.it\/radiotouring104\/2023\/01\/10\/disincagliata-portacontainer-bloccata-in-porto-gioia-tauro\/"},"author":{"name":"Sebastiano Plutino","@id":"https:\/\/progettotouring.it\/radiotouring104\/#\/schema\/person\/78613917f1851f041f7483f5af1d422e"},"headline":"Disincagliata portacontainer bloccata in porto Gioia Tauro","datePublished":"2023-01-10T09:23:58+00:00","dateModified":"2023-01-10T09:26:55+00:00","mainEntityOfPage":{"@id":"https:\/\/progettotouring.it\/radiotouring104\/2023\/01\/10\/disincagliata-portacontainer-bloccata-in-porto-gioia-tauro\/"},"wordCount":230,"commentCount":0,"publisher":{"@id":"https:\/\/progettotouring.it\/radiotouring104\/#organization"},"image":{"@id":"https:\/\/progettotouring.it\/radiotouring104\/2023\/01\/10\/disincagliata-portacontainer-bloccata-in-porto-gioia-tauro\/#primaryimage"},"thumbnailUrl":"https:\/\/progettotouring.it\/radiotouring104\/wp-content\/uploads\/sites\/6\/2023\/01\/Porto-Gioia-Tauro-1.jpg","keywords":["5 rimorchiatori impegnati","disincagliata portacontainer Msc Eliane","porto di Gioia Tauro","valutazioni danni a scafo"],"articleSection":["Home","In primo piano","News","Reggio Calabria"],"inLanguage":"it-IT","potentialAction":[{"@type":"CommentAction","name":"Comment","target":["https:\/\/progettotouring.it\/radiotouring104\/2023\/01\/10\/disincagliata-portacontainer-bloccata-in-porto-gioia-tauro\/#respond"]}]},{"@type":"WebPage","@id":"https:\/\/progettotouring.it\/radiotouring104\/2023\/01\/10\/disincagliata-portacontainer-bloccata-in-porto-gioia-tauro\/","url":"https:\/\/progettotouring.it\/radiotouring104\/2023\/01\/10\/disincagliata-portacontainer-bloccata-in-porto-gioia-tauro\/","name":"Disincagliata portacontainer bloccata in porto Gioia Tauro","isPartOf":{"@id":"https:\/\/progettotouring.it\/radiotouring104\/#website"},"primaryImageOfPage":{"@id":"https:\/\/progettotouring.it\/radiotouring104\/2023\/01\/10\/disincagliata-portacontainer-bloccata-in-porto-gioia-tauro\/#primaryimage"},"image":{"@id":"https:\/\/progettotouring.it\/radiotouring104\/2023\/01\/10\/disincagliata-portacontainer-bloccata-in-porto-gioia-tauro\/#primaryimage"},"thumbnailUrl":"https:\/\/progettotouring.it\/radiotouring104\/wp-content\/uploads\/sites\/6\/2023\/01\/Porto-Gioia-Tauro-1.jpg","datePublished":"2023-01-10T09:23:58+00:00","dateModified":"2023-01-10T09:26:55+00:00","description":"Disincagliata la nave portacontainer Msc Eliane, grazie a 5 rimorchiatori, bloccata da ieri mattina nel porto di Gioia Tauro.","breadcrumb":{"@id":"https:\/\/progettotouring.it\/radiotouring104\/2023\/01\/10\/disincagliata-portacontainer-bloccata-in-porto-gioia-tauro\/#breadcrumb"},"inLanguage":"it-IT","potentialAction":[{"@type":"ReadAction","target":["https:\/\/progettotouring.it\/radiotouring104\/2023\/01\/10\/disincagliata-portacontainer-bloccata-in-porto-gioia-tauro\/"]}]},{"@type":"ImageObject","inLanguage":"it-IT","@id":"https:\/\/progettotouring.it\/radiotouring104\/2023\/01\/10\/disincagliata-portacontainer-bloccata-in-porto-gioia-tauro\/#primaryimage","url":"https:\/\/progettotouring.it\/radiotouring104\/wp-content\/uploads\/sites\/6\/2023\/01\/Porto-Gioia-Tauro-1.jpg","contentUrl":"https:\/\/progettotouring.it\/radiotouring104\/wp-content\/uploads\/sites\/6\/2023\/01\/Porto-Gioia-Tauro-1.jpg","width":1080,"height":630},{"@type":"BreadcrumbList","@id":"https:\/\/progettotouring.it\/radiotouring104\/2023\/01\/10\/disincagliata-portacontainer-bloccata-in-porto-gioia-tauro\/#breadcrumb","itemListElement":[{"@type":"ListItem","position":1,"name":"Home","item":"https:\/\/progettotouring.it\/radiotouring104\/"},{"@type":"ListItem","position":2,"name":"Disincagliata portacontainer bloccata in porto Gioia Tauro"}]},{"@type":"WebSite","@id":"https:\/\/progettotouring.it\/radiotouring104\/#website","url":"https:\/\/progettotouring.it\/radiotouring104\/","name":"Radio Touring 104","description":"La prima radio Reggina","publisher":{"@id":"https:\/\/progettotouring.it\/radiotouring104\/#organization"},"potentialAction":[{"@type":"SearchAction","target":{"@type":"EntryPoint","urlTemplate":"https:\/\/progettotouring.it\/radiotouring104\/?s={search_term_string}"},"query-input":{"@type":"PropertyValueSpecification","valueRequired":true,"valueName":"search_term_string"}}],"inLanguage":"it-IT"},{"@type":"Organization","@id":"https:\/\/progettotouring.it\/radiotouring104\/#organization","name":"Radio Touring 104","url":"https:\/\/progettotouring.it\/radiotouring104\/","logo":{"@type":"ImageObject","inLanguage":"it-IT","@id":"https:\/\/progettotouring.it\/radiotouring104\/#\/schema\/logo\/image\/","url":"https:\/\/progettotouring.it\/radiotouring104\/wp-content\/uploads\/sites\/6\/2022\/02\/cropped-logo-radio-touring-104.png","contentUrl":"https:\/\/progettotouring.it\/radiotouring104\/wp-content\/uploads\/sites\/6\/2022\/02\/cropped-logo-radio-touring-104.png","width":377,"height":182,"caption":"Radio Touring 104"},"image":{"@id":"https:\/\/progettotouring.it\/radiotouring104\/#\/schema\/logo\/image\/"}},{"@type":"Person","@id":"https:\/\/progettotouring.it\/radiotouring104\/#\/schema\/person\/78613917f1851f041f7483f5af1d422e","name":"Sebastiano Plutino","image":{"@type":"ImageObject","inLanguage":"it-IT","@id":"https:\/\/secure.gravatar.com\/avatar\/0546ffaa9b79224faf9f2a156b67a529ae861d3287c66c1d8ccfdf909bcba78d?s=96&d=mm&r=g","url":"https:\/\/secure.gravatar.com\/avatar\/0546ffaa9b79224faf9f2a156b67a529ae861d3287c66c1d8ccfdf909bcba78d?s=96&d=mm&r=g","contentUrl":"https:\/\/secure.gravatar.com\/avatar\/0546ffaa9b79224faf9f2a156b67a529ae861d3287c66c1d8ccfdf909bcba78d?s=96&d=mm&r=g","caption":"Sebastiano Plutino"},"url":"https:\/\/progettotouring.it\/radiotouring104\/author\/sebastiano\/"}]}},"jetpack_publicize_connections":[],"jetpack_featured_media_url":"https:\/\/progettotouring.it\/radiotouring104\/wp-content\/uploads\/sites\/6\/2023\/01\/Porto-Gioia-Tauro-1.jpg","jetpack_sharing_enabled":true,"_links":{"self":[{"href":"https:\/\/progettotouring.it\/radiotouring104\/wp-json\/wp\/v2\/posts\/16374","targetHints":{"allow":["GET"]}}],"collection":[{"href":"https:\/\/progettotouring.it\/radiotouring104\/wp-json\/wp\/v2\/posts"}],"about":[{"href":"https:\/\/progettotouring.it\/radiotouring104\/wp-json\/wp\/v2\/types\/post"}],"author":[{"embeddable":true,"href":"https:\/\/progettotouring.it\/radiotouring104\/wp-json\/wp\/v2\/users\/12"}],"replies":[{"embeddable":true,"href":"https:\/\/progettotouring.it\/radiotouring104\/wp-json\/wp\/v2\/comments?post=16374"}],"version-history":[{"count":1,"href":"https:\/\/progettotouring.it\/radiotouring104\/wp-json\/wp\/v2\/posts\/16374\/revisions"}],"predecessor-version":[{"id":16375,"href":"https:\/\/progettotouring.it\/radiotouring104\/wp-json\/wp\/v2\/posts\/16374\/revisions\/16375"}],"wp:featuredmedia":[{"embeddable":true,"href":"https:\/\/progettotouring.it\/radiotouring104\/wp-json\/wp\/v2\/media\/16297"}],"wp:attachment":[{"href":"https:\/\/progettotouring.it\/radiotouring104\/wp-json\/wp\/v2\/media?parent=16374"}],"wp:term":[{"taxonomy":"category","embeddable":true,"href":"https:\/\/progettotouring.it\/radiotouring104\/wp-json\/wp\/v2\/categories?post=16374"},{"taxonomy":"post_tag","embeddable":true,"href":"https:\/\/progettotouring.it\/radiotouring104\/wp-json\/wp\/v2\/tags?post=16374"}],"curies":[{"name":"wp","href":"https:\/\/api.w.org\/{rel}","templated":true}]}}