{"id":16431,"date":"2023-01-11T09:42:18","date_gmt":"2023-01-11T08:42:18","guid":{"rendered":"https:\/\/progettotouring.it\/radiotouring104\/?p=16431"},"modified":"2023-01-11T09:56:13","modified_gmt":"2023-01-11T08:56:13","slug":"16431","status":"publish","type":"post","link":"https:\/\/progettotouring.it\/radiotouring104\/2023\/01\/11\/16431\/","title":{"rendered":"Nesci interroga Metrocity su strada provinciale di Delianuova"},"content":{"rendered":"<p class=\"xmprfx_MsoNormal\"><span lang=\"IT\">\u201cSi attende da tempo il completamento di due arterie fondamentali per il territorio della fascia tirrenica della provincia\u201d &#8211; queste le parole dell\u2019eurodeputato di Fratelli d\u2019Italia Denis Nesci, che aggiunge: \u201cNon si hanno notizie da parte della Citt\u00e0 Metropolitana, che non comprende l\u2019importanza strategica di due opere che fanno parte di un ampio reticolo viario, la cui piena e completa funzionalit\u00e0, \u00e8 determinante per i collegamenti fra le comunit\u00e0 pre-aspromontane del versante tirrenico e della costa\u201d.<\/span><\/p>\n<p class=\"xmprfx_MsoNormal\"><span lang=\"IT\">\u00a0<\/span><\/p>\n<p class=\"xmprfx_MsoNormal\"><span lang=\"IT\">\u201cLa realizzazione delle due strade &#8211; continua l\u2019esponente di Fratelli d\u2019Italia &#8211; garantirebbe una percorribilit\u00e0 con conseguenti ricadute positive sia per la sicurezza stradale sia per l\u2019economia dei tempi di percorrenza. Ma soprattutto avrebbe degli effetti salvifici per lo sviluppo dei territori e delle comunit\u00e0 locali che insistono in quella zona. Auspico un intervento risolutorio della Citt\u00e0 Metropolitana &#8211; conclude Nesci &#8211; quanto meno per decifrare tempistiche e modalit\u00e0 d\u2019intervento che occorrono alla conclusione di lavori sospesi nell\u2019agosto 2020\u201d.<\/span><\/p>\n<p class=\"xmprfx_MsoNormal\"><span lang=\"IT\">\u00a0<\/span><\/p>\n<p class=\"xmprfx_MsoNormal\"><b><span lang=\"IT\">\u00a0<\/span><\/b><\/p>\n<p class=\"xmprfx_MsoNormal\"><span lang=\"IT\">\u00a0<\/span><\/p>\n","protected":false},"excerpt":{"rendered":"<p>\u201cSi attende da tempo il completamento di due arterie fondamentali per il territorio della fascia tirrenica della provincia\u201d &#8211; queste le parole dell\u2019eurodeputato di Fratelli d\u2019Italia Denis Nesci, che aggiunge:&hellip;<\/p>\n","protected":false},"author":12,"featured_media":13862,"comment_status":"open","ping_status":"open","sticky":false,"template":"","format":"standard","meta":{"_jetpack_memberships_contains_paid_content":false,"footnotes":"","jetpack_publicize_message":"","jetpack_publicize_feature_enabled":true,"jetpack_social_post_already_shared":false,"jetpack_social_options":{"image_generator_settings":{"template":"highway","default_image_id":0,"font":"","enabled":false},"version":2}},"categories":[921,196,140],"tags":[8240,3291,8241,8239],"class_list":["post-16431","post","type-post","status-publish","format-standard","has-post-thumbnail","hentry","category-home","category-news","category-reggio-calabria","tag-delianuova-a2-svincolo-gioia-tauro","tag-denis-nesci","tag-innesto-s-p-delianuova-scido","tag-nesci-interroga-metrocity-su-stato-strada-provinciale-di-delianuova"],"yoast_head":"<!-- This site is optimized with the Yoast SEO plugin v27.2 - https:\/\/yoast.com\/product\/yoast-seo-wordpress\/ -->\n<title>Nesci interroga Metrocity su strada provinciale di Delianuova<\/title>\n<meta name=\"description\" content=\"L&#039;Eurodeputato Nesci interroga Metrocity sulla provinciale Delianuova - A2 (svincolo Gioia Tauro) con innesto S.P Delianuova Scido\" \/>\n<meta name=\"robots\" content=\"index, follow, max-snippet:-1, max-image-preview:large, max-video-preview:-1\" \/>\n<link rel=\"canonical\" href=\"https:\/\/progettotouring.it\/radiotouring104\/2023\/01\/11\/16431\/\" \/>\n<meta property=\"og:locale\" content=\"it_IT\" \/>\n<meta property=\"og:type\" content=\"article\" \/>\n<meta property=\"og:title\" content=\"Nesci interroga Metrocity su strada provinciale di Delianuova\" \/>\n<meta property=\"og:description\" content=\"L&#039;Eurodeputato Nesci interroga Metrocity sulla provinciale Delianuova - A2 (svincolo Gioia Tauro) con innesto S.P Delianuova Scido\" \/>\n<meta property=\"og:url\" content=\"https:\/\/progettotouring.it\/radiotouring104\/2023\/01\/11\/16431\/\" \/>\n<meta property=\"og:site_name\" content=\"Radio Touring 104\" \/>\n<meta property=\"article:published_time\" content=\"2023-01-11T08:42:18+00:00\" \/>\n<meta property=\"article:modified_time\" content=\"2023-01-11T08:56:13+00:00\" \/>\n<meta property=\"og:image\" content=\"https:\/\/progettotouring.it\/radiotouring104\/wp-content\/uploads\/sites\/6\/2022\/12\/Montuoro-Nesci-De-Francesco.jpg\" \/>\n\t<meta property=\"og:image:width\" content=\"1600\" \/>\n\t<meta property=\"og:image:height\" content=\"990\" \/>\n\t<meta property=\"og:image:type\" content=\"image\/jpeg\" \/>\n<meta name=\"author\" content=\"Sebastiano Plutino\" \/>\n<meta name=\"twitter:card\" content=\"summary_large_image\" \/>\n<meta name=\"twitter:label1\" content=\"Scritto da\" \/>\n\t<meta name=\"twitter:data1\" content=\"Sebastiano Plutino\" \/>\n\t<meta name=\"twitter:label2\" content=\"Tempo di lettura stimato\" \/>\n\t<meta name=\"twitter:data2\" content=\"1 minuto\" \/>\n<script type=\"application\/ld+json\" class=\"yoast-schema-graph\">{\"@context\":\"https:\/\/schema.org\",\"@graph\":[{\"@type\":\"Article\",\"@id\":\"https:\/\/progettotouring.it\/radiotouring104\/2023\/01\/11\/16431\/#article\",\"isPartOf\":{\"@id\":\"https:\/\/progettotouring.it\/radiotouring104\/2023\/01\/11\/16431\/\"},\"author\":{\"name\":\"Sebastiano Plutino\",\"@id\":\"https:\/\/progettotouring.it\/radiotouring104\/#\/schema\/person\/78613917f1851f041f7483f5af1d422e\"},\"headline\":\"Nesci interroga Metrocity su strada provinciale di Delianuova\",\"datePublished\":\"2023-01-11T08:42:18+00:00\",\"dateModified\":\"2023-01-11T08:56:13+00:00\",\"mainEntityOfPage\":{\"@id\":\"https:\/\/progettotouring.it\/radiotouring104\/2023\/01\/11\/16431\/\"},\"wordCount\":169,\"commentCount\":0,\"publisher\":{\"@id\":\"https:\/\/progettotouring.it\/radiotouring104\/#organization\"},\"image\":{\"@id\":\"https:\/\/progettotouring.it\/radiotouring104\/2023\/01\/11\/16431\/#primaryimage\"},\"thumbnailUrl\":\"https:\/\/progettotouring.it\/radiotouring104\/wp-content\/uploads\/sites\/6\/2022\/12\/Montuoro-Nesci-De-Francesco.jpg\",\"keywords\":[\"Delianuova - A2 (svincolo Gioia Tauro)\",\"Denis Nesci\",\"innesto S.P Delianuova Scido\",\"Nesci interroga Metrocity su stato strada provinciale di Delianuova\"],\"articleSection\":[\"Home\",\"News\",\"Reggio Calabria\"],\"inLanguage\":\"it-IT\",\"potentialAction\":[{\"@type\":\"CommentAction\",\"name\":\"Comment\",\"target\":[\"https:\/\/progettotouring.it\/radiotouring104\/2023\/01\/11\/16431\/#respond\"]}]},{\"@type\":\"WebPage\",\"@id\":\"https:\/\/progettotouring.it\/radiotouring104\/2023\/01\/11\/16431\/\",\"url\":\"https:\/\/progettotouring.it\/radiotouring104\/2023\/01\/11\/16431\/\",\"name\":\"Nesci interroga Metrocity su strada provinciale di Delianuova\",\"isPartOf\":{\"@id\":\"https:\/\/progettotouring.it\/radiotouring104\/#website\"},\"primaryImageOfPage\":{\"@id\":\"https:\/\/progettotouring.it\/radiotouring104\/2023\/01\/11\/16431\/#primaryimage\"},\"image\":{\"@id\":\"https:\/\/progettotouring.it\/radiotouring104\/2023\/01\/11\/16431\/#primaryimage\"},\"thumbnailUrl\":\"https:\/\/progettotouring.it\/radiotouring104\/wp-content\/uploads\/sites\/6\/2022\/12\/Montuoro-Nesci-De-Francesco.jpg\",\"datePublished\":\"2023-01-11T08:42:18+00:00\",\"dateModified\":\"2023-01-11T08:56:13+00:00\",\"description\":\"L'Eurodeputato Nesci interroga Metrocity sulla provinciale Delianuova - A2 (svincolo Gioia Tauro) con innesto S.P Delianuova Scido\",\"breadcrumb\":{\"@id\":\"https:\/\/progettotouring.it\/radiotouring104\/2023\/01\/11\/16431\/#breadcrumb\"},\"inLanguage\":\"it-IT\",\"potentialAction\":[{\"@type\":\"ReadAction\",\"target\":[\"https:\/\/progettotouring.it\/radiotouring104\/2023\/01\/11\/16431\/\"]}]},{\"@type\":\"ImageObject\",\"inLanguage\":\"it-IT\",\"@id\":\"https:\/\/progettotouring.it\/radiotouring104\/2023\/01\/11\/16431\/#primaryimage\",\"url\":\"https:\/\/progettotouring.it\/radiotouring104\/wp-content\/uploads\/sites\/6\/2022\/12\/Montuoro-Nesci-De-Francesco.jpg\",\"contentUrl\":\"https:\/\/progettotouring.it\/radiotouring104\/wp-content\/uploads\/sites\/6\/2022\/12\/Montuoro-Nesci-De-Francesco.jpg\",\"width\":1600,\"height\":990},{\"@type\":\"BreadcrumbList\",\"@id\":\"https:\/\/progettotouring.it\/radiotouring104\/2023\/01\/11\/16431\/#breadcrumb\",\"itemListElement\":[{\"@type\":\"ListItem\",\"position\":1,\"name\":\"Home\",\"item\":\"https:\/\/progettotouring.it\/radiotouring104\/\"},{\"@type\":\"ListItem\",\"position\":2,\"name\":\"Nesci interroga Metrocity su strada provinciale di Delianuova\"}]},{\"@type\":\"WebSite\",\"@id\":\"https:\/\/progettotouring.it\/radiotouring104\/#website\",\"url\":\"https:\/\/progettotouring.it\/radiotouring104\/\",\"name\":\"Radio Touring 104\",\"description\":\"La prima radio Reggina\",\"publisher\":{\"@id\":\"https:\/\/progettotouring.it\/radiotouring104\/#organization\"},\"potentialAction\":[{\"@type\":\"SearchAction\",\"target\":{\"@type\":\"EntryPoint\",\"urlTemplate\":\"https:\/\/progettotouring.it\/radiotouring104\/?s={search_term_string}\"},\"query-input\":{\"@type\":\"PropertyValueSpecification\",\"valueRequired\":true,\"valueName\":\"search_term_string\"}}],\"inLanguage\":\"it-IT\"},{\"@type\":\"Organization\",\"@id\":\"https:\/\/progettotouring.it\/radiotouring104\/#organization\",\"name\":\"Radio Touring 104\",\"url\":\"https:\/\/progettotouring.it\/radiotouring104\/\",\"logo\":{\"@type\":\"ImageObject\",\"inLanguage\":\"it-IT\",\"@id\":\"https:\/\/progettotouring.it\/radiotouring104\/#\/schema\/logo\/image\/\",\"url\":\"https:\/\/progettotouring.it\/radiotouring104\/wp-content\/uploads\/sites\/6\/2022\/02\/cropped-logo-radio-touring-104.png\",\"contentUrl\":\"https:\/\/progettotouring.it\/radiotouring104\/wp-content\/uploads\/sites\/6\/2022\/02\/cropped-logo-radio-touring-104.png\",\"width\":377,\"height\":182,\"caption\":\"Radio Touring 104\"},\"image\":{\"@id\":\"https:\/\/progettotouring.it\/radiotouring104\/#\/schema\/logo\/image\/\"}},{\"@type\":\"Person\",\"@id\":\"https:\/\/progettotouring.it\/radiotouring104\/#\/schema\/person\/78613917f1851f041f7483f5af1d422e\",\"name\":\"Sebastiano Plutino\",\"image\":{\"@type\":\"ImageObject\",\"inLanguage\":\"it-IT\",\"@id\":\"https:\/\/secure.gravatar.com\/avatar\/0546ffaa9b79224faf9f2a156b67a529ae861d3287c66c1d8ccfdf909bcba78d?s=96&d=mm&r=g\",\"url\":\"https:\/\/secure.gravatar.com\/avatar\/0546ffaa9b79224faf9f2a156b67a529ae861d3287c66c1d8ccfdf909bcba78d?s=96&d=mm&r=g\",\"contentUrl\":\"https:\/\/secure.gravatar.com\/avatar\/0546ffaa9b79224faf9f2a156b67a529ae861d3287c66c1d8ccfdf909bcba78d?s=96&d=mm&r=g\",\"caption\":\"Sebastiano Plutino\"},\"url\":\"https:\/\/progettotouring.it\/radiotouring104\/author\/sebastiano\/\"}]}<\/script>\n<!-- \/ Yoast SEO plugin. -->","yoast_head_json":{"title":"Nesci interroga Metrocity su strada provinciale di Delianuova","description":"L'Eurodeputato Nesci interroga Metrocity sulla provinciale Delianuova - A2 (svincolo Gioia Tauro) con innesto S.P Delianuova Scido","robots":{"index":"index","follow":"follow","max-snippet":"max-snippet:-1","max-image-preview":"max-image-preview:large","max-video-preview":"max-video-preview:-1"},"canonical":"https:\/\/progettotouring.it\/radiotouring104\/2023\/01\/11\/16431\/","og_locale":"it_IT","og_type":"article","og_title":"Nesci interroga Metrocity su strada provinciale di Delianuova","og_description":"L'Eurodeputato Nesci interroga Metrocity sulla provinciale Delianuova - A2 (svincolo Gioia Tauro) con innesto S.P Delianuova Scido","og_url":"https:\/\/progettotouring.it\/radiotouring104\/2023\/01\/11\/16431\/","og_site_name":"Radio Touring 104","article_published_time":"2023-01-11T08:42:18+00:00","article_modified_time":"2023-01-11T08:56:13+00:00","og_image":[{"width":1600,"height":990,"url":"https:\/\/progettotouring.it\/radiotouring104\/wp-content\/uploads\/sites\/6\/2022\/12\/Montuoro-Nesci-De-Francesco.jpg","type":"image\/jpeg"}],"author":"Sebastiano Plutino","twitter_card":"summary_large_image","twitter_misc":{"Scritto da":"Sebastiano Plutino","Tempo di lettura stimato":"1 minuto"},"schema":{"@context":"https:\/\/schema.org","@graph":[{"@type":"Article","@id":"https:\/\/progettotouring.it\/radiotouring104\/2023\/01\/11\/16431\/#article","isPartOf":{"@id":"https:\/\/progettotouring.it\/radiotouring104\/2023\/01\/11\/16431\/"},"author":{"name":"Sebastiano Plutino","@id":"https:\/\/progettotouring.it\/radiotouring104\/#\/schema\/person\/78613917f1851f041f7483f5af1d422e"},"headline":"Nesci interroga Metrocity su strada provinciale di Delianuova","datePublished":"2023-01-11T08:42:18+00:00","dateModified":"2023-01-11T08:56:13+00:00","mainEntityOfPage":{"@id":"https:\/\/progettotouring.it\/radiotouring104\/2023\/01\/11\/16431\/"},"wordCount":169,"commentCount":0,"publisher":{"@id":"https:\/\/progettotouring.it\/radiotouring104\/#organization"},"image":{"@id":"https:\/\/progettotouring.it\/radiotouring104\/2023\/01\/11\/16431\/#primaryimage"},"thumbnailUrl":"https:\/\/progettotouring.it\/radiotouring104\/wp-content\/uploads\/sites\/6\/2022\/12\/Montuoro-Nesci-De-Francesco.jpg","keywords":["Delianuova - A2 (svincolo Gioia Tauro)","Denis Nesci","innesto S.P Delianuova Scido","Nesci interroga Metrocity su stato strada provinciale di Delianuova"],"articleSection":["Home","News","Reggio Calabria"],"inLanguage":"it-IT","potentialAction":[{"@type":"CommentAction","name":"Comment","target":["https:\/\/progettotouring.it\/radiotouring104\/2023\/01\/11\/16431\/#respond"]}]},{"@type":"WebPage","@id":"https:\/\/progettotouring.it\/radiotouring104\/2023\/01\/11\/16431\/","url":"https:\/\/progettotouring.it\/radiotouring104\/2023\/01\/11\/16431\/","name":"Nesci interroga Metrocity su strada provinciale di Delianuova","isPartOf":{"@id":"https:\/\/progettotouring.it\/radiotouring104\/#website"},"primaryImageOfPage":{"@id":"https:\/\/progettotouring.it\/radiotouring104\/2023\/01\/11\/16431\/#primaryimage"},"image":{"@id":"https:\/\/progettotouring.it\/radiotouring104\/2023\/01\/11\/16431\/#primaryimage"},"thumbnailUrl":"https:\/\/progettotouring.it\/radiotouring104\/wp-content\/uploads\/sites\/6\/2022\/12\/Montuoro-Nesci-De-Francesco.jpg","datePublished":"2023-01-11T08:42:18+00:00","dateModified":"2023-01-11T08:56:13+00:00","description":"L'Eurodeputato Nesci interroga Metrocity sulla provinciale Delianuova - A2 (svincolo Gioia Tauro) con innesto S.P Delianuova Scido","breadcrumb":{"@id":"https:\/\/progettotouring.it\/radiotouring104\/2023\/01\/11\/16431\/#breadcrumb"},"inLanguage":"it-IT","potentialAction":[{"@type":"ReadAction","target":["https:\/\/progettotouring.it\/radiotouring104\/2023\/01\/11\/16431\/"]}]},{"@type":"ImageObject","inLanguage":"it-IT","@id":"https:\/\/progettotouring.it\/radiotouring104\/2023\/01\/11\/16431\/#primaryimage","url":"https:\/\/progettotouring.it\/radiotouring104\/wp-content\/uploads\/sites\/6\/2022\/12\/Montuoro-Nesci-De-Francesco.jpg","contentUrl":"https:\/\/progettotouring.it\/radiotouring104\/wp-content\/uploads\/sites\/6\/2022\/12\/Montuoro-Nesci-De-Francesco.jpg","width":1600,"height":990},{"@type":"BreadcrumbList","@id":"https:\/\/progettotouring.it\/radiotouring104\/2023\/01\/11\/16431\/#breadcrumb","itemListElement":[{"@type":"ListItem","position":1,"name":"Home","item":"https:\/\/progettotouring.it\/radiotouring104\/"},{"@type":"ListItem","position":2,"name":"Nesci interroga Metrocity su strada provinciale di Delianuova"}]},{"@type":"WebSite","@id":"https:\/\/progettotouring.it\/radiotouring104\/#website","url":"https:\/\/progettotouring.it\/radiotouring104\/","name":"Radio Touring 104","description":"La prima radio Reggina","publisher":{"@id":"https:\/\/progettotouring.it\/radiotouring104\/#organization"},"potentialAction":[{"@type":"SearchAction","target":{"@type":"EntryPoint","urlTemplate":"https:\/\/progettotouring.it\/radiotouring104\/?s={search_term_string}"},"query-input":{"@type":"PropertyValueSpecification","valueRequired":true,"valueName":"search_term_string"}}],"inLanguage":"it-IT"},{"@type":"Organization","@id":"https:\/\/progettotouring.it\/radiotouring104\/#organization","name":"Radio Touring 104","url":"https:\/\/progettotouring.it\/radiotouring104\/","logo":{"@type":"ImageObject","inLanguage":"it-IT","@id":"https:\/\/progettotouring.it\/radiotouring104\/#\/schema\/logo\/image\/","url":"https:\/\/progettotouring.it\/radiotouring104\/wp-content\/uploads\/sites\/6\/2022\/02\/cropped-logo-radio-touring-104.png","contentUrl":"https:\/\/progettotouring.it\/radiotouring104\/wp-content\/uploads\/sites\/6\/2022\/02\/cropped-logo-radio-touring-104.png","width":377,"height":182,"caption":"Radio Touring 104"},"image":{"@id":"https:\/\/progettotouring.it\/radiotouring104\/#\/schema\/logo\/image\/"}},{"@type":"Person","@id":"https:\/\/progettotouring.it\/radiotouring104\/#\/schema\/person\/78613917f1851f041f7483f5af1d422e","name":"Sebastiano Plutino","image":{"@type":"ImageObject","inLanguage":"it-IT","@id":"https:\/\/secure.gravatar.com\/avatar\/0546ffaa9b79224faf9f2a156b67a529ae861d3287c66c1d8ccfdf909bcba78d?s=96&d=mm&r=g","url":"https:\/\/secure.gravatar.com\/avatar\/0546ffaa9b79224faf9f2a156b67a529ae861d3287c66c1d8ccfdf909bcba78d?s=96&d=mm&r=g","contentUrl":"https:\/\/secure.gravatar.com\/avatar\/0546ffaa9b79224faf9f2a156b67a529ae861d3287c66c1d8ccfdf909bcba78d?s=96&d=mm&r=g","caption":"Sebastiano Plutino"},"url":"https:\/\/progettotouring.it\/radiotouring104\/author\/sebastiano\/"}]}},"jetpack_publicize_connections":[],"jetpack_featured_media_url":"https:\/\/progettotouring.it\/radiotouring104\/wp-content\/uploads\/sites\/6\/2022\/12\/Montuoro-Nesci-De-Francesco.jpg","jetpack_sharing_enabled":true,"_links":{"self":[{"href":"https:\/\/progettotouring.it\/radiotouring104\/wp-json\/wp\/v2\/posts\/16431","targetHints":{"allow":["GET"]}}],"collection":[{"href":"https:\/\/progettotouring.it\/radiotouring104\/wp-json\/wp\/v2\/posts"}],"about":[{"href":"https:\/\/progettotouring.it\/radiotouring104\/wp-json\/wp\/v2\/types\/post"}],"author":[{"embeddable":true,"href":"https:\/\/progettotouring.it\/radiotouring104\/wp-json\/wp\/v2\/users\/12"}],"replies":[{"embeddable":true,"href":"https:\/\/progettotouring.it\/radiotouring104\/wp-json\/wp\/v2\/comments?post=16431"}],"version-history":[{"count":3,"href":"https:\/\/progettotouring.it\/radiotouring104\/wp-json\/wp\/v2\/posts\/16431\/revisions"}],"predecessor-version":[{"id":16435,"href":"https:\/\/progettotouring.it\/radiotouring104\/wp-json\/wp\/v2\/posts\/16431\/revisions\/16435"}],"wp:featuredmedia":[{"embeddable":true,"href":"https:\/\/progettotouring.it\/radiotouring104\/wp-json\/wp\/v2\/media\/13862"}],"wp:attachment":[{"href":"https:\/\/progettotouring.it\/radiotouring104\/wp-json\/wp\/v2\/media?parent=16431"}],"wp:term":[{"taxonomy":"category","embeddable":true,"href":"https:\/\/progettotouring.it\/radiotouring104\/wp-json\/wp\/v2\/categories?post=16431"},{"taxonomy":"post_tag","embeddable":true,"href":"https:\/\/progettotouring.it\/radiotouring104\/wp-json\/wp\/v2\/tags?post=16431"}],"curies":[{"name":"wp","href":"https:\/\/api.w.org\/{rel}","templated":true}]}}