{"id":16436,"date":"2023-01-11T10:05:35","date_gmt":"2023-01-11T09:05:35","guid":{"rendered":"https:\/\/progettotouring.it\/radiotouring104\/?p=16436"},"modified":"2023-01-11T10:05:55","modified_gmt":"2023-01-11T09:05:55","slug":"rapani-dichiarare-lo-stato-di-calamita-per-i-produttori-crotonesi","status":"publish","type":"post","link":"https:\/\/progettotouring.it\/radiotouring104\/2023\/01\/11\/rapani-dichiarare-lo-stato-di-calamita-per-i-produttori-crotonesi\/","title":{"rendered":"Rapani: \u00abDichiarare lo stato di calamit\u00e0 per i produttori crotonesi\u00bb"},"content":{"rendered":"<div class=\"msg-view-text-cnt\">\n<div class=\"xam_msg_class\">\n<div dir=\"ltr\">\u00abIl grido d\u2019allarme lanciato dal presidente Confagricoltura Crotone, non pu\u00f2 rimanere inascoltato. Diego Zurlo, ha sottolineato quanto siano in difficolt\u00e0 i produttori di finocchio del Crotonese, a causa delle condizioni climatiche degli ultimi mesi che si sono caratterizzate per le temperature eccessivamente miti. I produttori di Crotone, Isola di Capo Rizzuto, Rocca di Neto e Strongoli, riconosciuti col marchio \u201cIgp\u201d sono fortemente preoccupati dall\u2019inflazione, dal costo dei trasporti su gomma che si aggiunge alla bolla speculativa sui costi energetici e dei fertilizzanti. Per questi motivi mi far\u00f2 portavoce col ministro dell&#8217;Agricoltura e della sovranit\u00e0 alimentare, Francesco Lollobrigida, per verificare se vi siano le condizioni per far dichiarare lo stato di calamit\u00e0 naturale che preveda un ristoro a sostegno dei produttori di un territorio che si sta assestando quale maggiore produttore di finocchio al mondo\u00bb. \u00c8 quanto dichiara il senatore di Fratelli d\u2019Italia, Ernesto Rapani.<\/div>\n<\/div>\n<\/div>\n<div class=\"msg-view-attach-preview\">\n<div id=\"uiLogic_webmail__view_AttachmentsImageBlock_4\" class=\"attachmentsBlock\" role=\"group\"><\/div>\n<\/div>\n","protected":false},"excerpt":{"rendered":"<p>\u00abIl grido d\u2019allarme lanciato dal presidente Confagricoltura Crotone, non pu\u00f2 rimanere inascoltato. Diego Zurlo, ha sottolineato quanto siano in difficolt\u00e0 i produttori di finocchio del Crotonese, a causa delle condizioni&hellip;<\/p>\n","protected":false},"author":12,"featured_media":15769,"comment_status":"open","ping_status":"open","sticky":false,"template":"","format":"standard","meta":{"_jetpack_memberships_contains_paid_content":false,"footnotes":"","jetpack_publicize_message":"","jetpack_publicize_feature_enabled":true,"jetpack_social_post_already_shared":false,"jetpack_social_options":{"image_generator_settings":{"template":"highway","default_image_id":0,"font":"","enabled":false},"version":2}},"categories":[921,196,140],"tags":[8242,4591,8243],"class_list":["post-16436","post","type-post","status-publish","format-standard","has-post-thumbnail","hentry","category-home","category-news","category-reggio-calabria","tag-confagricoltura-crotone","tag-ernesto-rapani","tag-presidente-confagricoltura-crotone-diego-zurlo"],"yoast_head":"<!-- This site is optimized with the Yoast SEO plugin v27.2 - https:\/\/yoast.com\/product\/yoast-seo-wordpress\/ -->\n<title>Rapani: \u00abDichiarare lo stato di calamit\u00e0 per i produttori crotonesi\u00bb<\/title>\n<meta name=\"description\" content=\"Il senatore Fdi: \u00abMi far\u00f2 portavoce dei problemi del comparto col ministro Lollobrigida. L&#039;allarme di Confagricoltura Crotone va ascoltato&quot;\" \/>\n<meta name=\"robots\" content=\"index, follow, max-snippet:-1, max-image-preview:large, max-video-preview:-1\" \/>\n<link rel=\"canonical\" href=\"https:\/\/progettotouring.it\/radiotouring104\/2023\/01\/11\/rapani-dichiarare-lo-stato-di-calamita-per-i-produttori-crotonesi\/\" \/>\n<meta property=\"og:locale\" content=\"it_IT\" \/>\n<meta property=\"og:type\" content=\"article\" \/>\n<meta property=\"og:title\" content=\"Rapani: \u00abDichiarare lo stato di calamit\u00e0 per i produttori crotonesi\u00bb\" \/>\n<meta property=\"og:description\" content=\"Il senatore Fdi: \u00abMi far\u00f2 portavoce dei problemi del comparto col ministro Lollobrigida. L&#039;allarme di Confagricoltura Crotone va ascoltato&quot;\" \/>\n<meta property=\"og:url\" content=\"https:\/\/progettotouring.it\/radiotouring104\/2023\/01\/11\/rapani-dichiarare-lo-stato-di-calamita-per-i-produttori-crotonesi\/\" \/>\n<meta property=\"og:site_name\" content=\"Radio Touring 104\" \/>\n<meta property=\"article:published_time\" content=\"2023-01-11T09:05:35+00:00\" \/>\n<meta property=\"article:modified_time\" content=\"2023-01-11T09:05:55+00:00\" \/>\n<meta property=\"og:image\" content=\"https:\/\/progettotouring.it\/radiotouring104\/wp-content\/uploads\/sites\/6\/2022\/12\/Rapani.jpg\" \/>\n\t<meta property=\"og:image:width\" content=\"915\" \/>\n\t<meta property=\"og:image:height\" content=\"418\" \/>\n\t<meta property=\"og:image:type\" content=\"image\/jpeg\" \/>\n<meta name=\"author\" content=\"Sebastiano Plutino\" \/>\n<meta name=\"twitter:card\" content=\"summary_large_image\" \/>\n<meta name=\"twitter:label1\" content=\"Scritto da\" \/>\n\t<meta name=\"twitter:data1\" content=\"Sebastiano Plutino\" \/>\n\t<meta name=\"twitter:label2\" content=\"Tempo di lettura stimato\" \/>\n\t<meta name=\"twitter:data2\" content=\"1 minuto\" \/>\n<script type=\"application\/ld+json\" class=\"yoast-schema-graph\">{\"@context\":\"https:\/\/schema.org\",\"@graph\":[{\"@type\":\"Article\",\"@id\":\"https:\/\/progettotouring.it\/radiotouring104\/2023\/01\/11\/rapani-dichiarare-lo-stato-di-calamita-per-i-produttori-crotonesi\/#article\",\"isPartOf\":{\"@id\":\"https:\/\/progettotouring.it\/radiotouring104\/2023\/01\/11\/rapani-dichiarare-lo-stato-di-calamita-per-i-produttori-crotonesi\/\"},\"author\":{\"name\":\"Sebastiano Plutino\",\"@id\":\"https:\/\/progettotouring.it\/radiotouring104\/#\/schema\/person\/78613917f1851f041f7483f5af1d422e\"},\"headline\":\"Rapani: \u00abDichiarare lo stato di calamit\u00e0 per i produttori crotonesi\u00bb\",\"datePublished\":\"2023-01-11T09:05:35+00:00\",\"dateModified\":\"2023-01-11T09:05:55+00:00\",\"mainEntityOfPage\":{\"@id\":\"https:\/\/progettotouring.it\/radiotouring104\/2023\/01\/11\/rapani-dichiarare-lo-stato-di-calamita-per-i-produttori-crotonesi\/\"},\"wordCount\":156,\"commentCount\":0,\"publisher\":{\"@id\":\"https:\/\/progettotouring.it\/radiotouring104\/#organization\"},\"image\":{\"@id\":\"https:\/\/progettotouring.it\/radiotouring104\/2023\/01\/11\/rapani-dichiarare-lo-stato-di-calamita-per-i-produttori-crotonesi\/#primaryimage\"},\"thumbnailUrl\":\"https:\/\/progettotouring.it\/radiotouring104\/wp-content\/uploads\/sites\/6\/2022\/12\/Rapani.jpg\",\"keywords\":[\"confagricoltura Crotone\",\"Ernesto Rapani\",\"Presidente Confagricoltura Crotone Diego Zurlo\"],\"articleSection\":[\"Home\",\"News\",\"Reggio Calabria\"],\"inLanguage\":\"it-IT\",\"potentialAction\":[{\"@type\":\"CommentAction\",\"name\":\"Comment\",\"target\":[\"https:\/\/progettotouring.it\/radiotouring104\/2023\/01\/11\/rapani-dichiarare-lo-stato-di-calamita-per-i-produttori-crotonesi\/#respond\"]}]},{\"@type\":\"WebPage\",\"@id\":\"https:\/\/progettotouring.it\/radiotouring104\/2023\/01\/11\/rapani-dichiarare-lo-stato-di-calamita-per-i-produttori-crotonesi\/\",\"url\":\"https:\/\/progettotouring.it\/radiotouring104\/2023\/01\/11\/rapani-dichiarare-lo-stato-di-calamita-per-i-produttori-crotonesi\/\",\"name\":\"Rapani: \u00abDichiarare lo stato di calamit\u00e0 per i produttori crotonesi\u00bb\",\"isPartOf\":{\"@id\":\"https:\/\/progettotouring.it\/radiotouring104\/#website\"},\"primaryImageOfPage\":{\"@id\":\"https:\/\/progettotouring.it\/radiotouring104\/2023\/01\/11\/rapani-dichiarare-lo-stato-di-calamita-per-i-produttori-crotonesi\/#primaryimage\"},\"image\":{\"@id\":\"https:\/\/progettotouring.it\/radiotouring104\/2023\/01\/11\/rapani-dichiarare-lo-stato-di-calamita-per-i-produttori-crotonesi\/#primaryimage\"},\"thumbnailUrl\":\"https:\/\/progettotouring.it\/radiotouring104\/wp-content\/uploads\/sites\/6\/2022\/12\/Rapani.jpg\",\"datePublished\":\"2023-01-11T09:05:35+00:00\",\"dateModified\":\"2023-01-11T09:05:55+00:00\",\"description\":\"Il senatore Fdi: \u00abMi far\u00f2 portavoce dei problemi del comparto col ministro Lollobrigida. L'allarme di Confagricoltura Crotone va ascoltato\\\"\",\"breadcrumb\":{\"@id\":\"https:\/\/progettotouring.it\/radiotouring104\/2023\/01\/11\/rapani-dichiarare-lo-stato-di-calamita-per-i-produttori-crotonesi\/#breadcrumb\"},\"inLanguage\":\"it-IT\",\"potentialAction\":[{\"@type\":\"ReadAction\",\"target\":[\"https:\/\/progettotouring.it\/radiotouring104\/2023\/01\/11\/rapani-dichiarare-lo-stato-di-calamita-per-i-produttori-crotonesi\/\"]}]},{\"@type\":\"ImageObject\",\"inLanguage\":\"it-IT\",\"@id\":\"https:\/\/progettotouring.it\/radiotouring104\/2023\/01\/11\/rapani-dichiarare-lo-stato-di-calamita-per-i-produttori-crotonesi\/#primaryimage\",\"url\":\"https:\/\/progettotouring.it\/radiotouring104\/wp-content\/uploads\/sites\/6\/2022\/12\/Rapani.jpg\",\"contentUrl\":\"https:\/\/progettotouring.it\/radiotouring104\/wp-content\/uploads\/sites\/6\/2022\/12\/Rapani.jpg\",\"width\":915,\"height\":418},{\"@type\":\"BreadcrumbList\",\"@id\":\"https:\/\/progettotouring.it\/radiotouring104\/2023\/01\/11\/rapani-dichiarare-lo-stato-di-calamita-per-i-produttori-crotonesi\/#breadcrumb\",\"itemListElement\":[{\"@type\":\"ListItem\",\"position\":1,\"name\":\"Home\",\"item\":\"https:\/\/progettotouring.it\/radiotouring104\/\"},{\"@type\":\"ListItem\",\"position\":2,\"name\":\"Rapani: \u00abDichiarare lo stato di calamit\u00e0 per i produttori crotonesi\u00bb\"}]},{\"@type\":\"WebSite\",\"@id\":\"https:\/\/progettotouring.it\/radiotouring104\/#website\",\"url\":\"https:\/\/progettotouring.it\/radiotouring104\/\",\"name\":\"Radio Touring 104\",\"description\":\"La prima radio Reggina\",\"publisher\":{\"@id\":\"https:\/\/progettotouring.it\/radiotouring104\/#organization\"},\"potentialAction\":[{\"@type\":\"SearchAction\",\"target\":{\"@type\":\"EntryPoint\",\"urlTemplate\":\"https:\/\/progettotouring.it\/radiotouring104\/?s={search_term_string}\"},\"query-input\":{\"@type\":\"PropertyValueSpecification\",\"valueRequired\":true,\"valueName\":\"search_term_string\"}}],\"inLanguage\":\"it-IT\"},{\"@type\":\"Organization\",\"@id\":\"https:\/\/progettotouring.it\/radiotouring104\/#organization\",\"name\":\"Radio Touring 104\",\"url\":\"https:\/\/progettotouring.it\/radiotouring104\/\",\"logo\":{\"@type\":\"ImageObject\",\"inLanguage\":\"it-IT\",\"@id\":\"https:\/\/progettotouring.it\/radiotouring104\/#\/schema\/logo\/image\/\",\"url\":\"https:\/\/progettotouring.it\/radiotouring104\/wp-content\/uploads\/sites\/6\/2022\/02\/cropped-logo-radio-touring-104.png\",\"contentUrl\":\"https:\/\/progettotouring.it\/radiotouring104\/wp-content\/uploads\/sites\/6\/2022\/02\/cropped-logo-radio-touring-104.png\",\"width\":377,\"height\":182,\"caption\":\"Radio Touring 104\"},\"image\":{\"@id\":\"https:\/\/progettotouring.it\/radiotouring104\/#\/schema\/logo\/image\/\"}},{\"@type\":\"Person\",\"@id\":\"https:\/\/progettotouring.it\/radiotouring104\/#\/schema\/person\/78613917f1851f041f7483f5af1d422e\",\"name\":\"Sebastiano Plutino\",\"image\":{\"@type\":\"ImageObject\",\"inLanguage\":\"it-IT\",\"@id\":\"https:\/\/secure.gravatar.com\/avatar\/0546ffaa9b79224faf9f2a156b67a529ae861d3287c66c1d8ccfdf909bcba78d?s=96&d=mm&r=g\",\"url\":\"https:\/\/secure.gravatar.com\/avatar\/0546ffaa9b79224faf9f2a156b67a529ae861d3287c66c1d8ccfdf909bcba78d?s=96&d=mm&r=g\",\"contentUrl\":\"https:\/\/secure.gravatar.com\/avatar\/0546ffaa9b79224faf9f2a156b67a529ae861d3287c66c1d8ccfdf909bcba78d?s=96&d=mm&r=g\",\"caption\":\"Sebastiano Plutino\"},\"url\":\"https:\/\/progettotouring.it\/radiotouring104\/author\/sebastiano\/\"}]}<\/script>\n<!-- \/ Yoast SEO plugin. -->","yoast_head_json":{"title":"Rapani: \u00abDichiarare lo stato di calamit\u00e0 per i produttori crotonesi\u00bb","description":"Il senatore Fdi: \u00abMi far\u00f2 portavoce dei problemi del comparto col ministro Lollobrigida. L'allarme di Confagricoltura Crotone va ascoltato\"","robots":{"index":"index","follow":"follow","max-snippet":"max-snippet:-1","max-image-preview":"max-image-preview:large","max-video-preview":"max-video-preview:-1"},"canonical":"https:\/\/progettotouring.it\/radiotouring104\/2023\/01\/11\/rapani-dichiarare-lo-stato-di-calamita-per-i-produttori-crotonesi\/","og_locale":"it_IT","og_type":"article","og_title":"Rapani: \u00abDichiarare lo stato di calamit\u00e0 per i produttori crotonesi\u00bb","og_description":"Il senatore Fdi: \u00abMi far\u00f2 portavoce dei problemi del comparto col ministro Lollobrigida. L'allarme di Confagricoltura Crotone va ascoltato\"","og_url":"https:\/\/progettotouring.it\/radiotouring104\/2023\/01\/11\/rapani-dichiarare-lo-stato-di-calamita-per-i-produttori-crotonesi\/","og_site_name":"Radio Touring 104","article_published_time":"2023-01-11T09:05:35+00:00","article_modified_time":"2023-01-11T09:05:55+00:00","og_image":[{"width":915,"height":418,"url":"https:\/\/progettotouring.it\/radiotouring104\/wp-content\/uploads\/sites\/6\/2022\/12\/Rapani.jpg","type":"image\/jpeg"}],"author":"Sebastiano Plutino","twitter_card":"summary_large_image","twitter_misc":{"Scritto da":"Sebastiano Plutino","Tempo di lettura stimato":"1 minuto"},"schema":{"@context":"https:\/\/schema.org","@graph":[{"@type":"Article","@id":"https:\/\/progettotouring.it\/radiotouring104\/2023\/01\/11\/rapani-dichiarare-lo-stato-di-calamita-per-i-produttori-crotonesi\/#article","isPartOf":{"@id":"https:\/\/progettotouring.it\/radiotouring104\/2023\/01\/11\/rapani-dichiarare-lo-stato-di-calamita-per-i-produttori-crotonesi\/"},"author":{"name":"Sebastiano Plutino","@id":"https:\/\/progettotouring.it\/radiotouring104\/#\/schema\/person\/78613917f1851f041f7483f5af1d422e"},"headline":"Rapani: \u00abDichiarare lo stato di calamit\u00e0 per i produttori crotonesi\u00bb","datePublished":"2023-01-11T09:05:35+00:00","dateModified":"2023-01-11T09:05:55+00:00","mainEntityOfPage":{"@id":"https:\/\/progettotouring.it\/radiotouring104\/2023\/01\/11\/rapani-dichiarare-lo-stato-di-calamita-per-i-produttori-crotonesi\/"},"wordCount":156,"commentCount":0,"publisher":{"@id":"https:\/\/progettotouring.it\/radiotouring104\/#organization"},"image":{"@id":"https:\/\/progettotouring.it\/radiotouring104\/2023\/01\/11\/rapani-dichiarare-lo-stato-di-calamita-per-i-produttori-crotonesi\/#primaryimage"},"thumbnailUrl":"https:\/\/progettotouring.it\/radiotouring104\/wp-content\/uploads\/sites\/6\/2022\/12\/Rapani.jpg","keywords":["confagricoltura Crotone","Ernesto Rapani","Presidente Confagricoltura Crotone Diego Zurlo"],"articleSection":["Home","News","Reggio Calabria"],"inLanguage":"it-IT","potentialAction":[{"@type":"CommentAction","name":"Comment","target":["https:\/\/progettotouring.it\/radiotouring104\/2023\/01\/11\/rapani-dichiarare-lo-stato-di-calamita-per-i-produttori-crotonesi\/#respond"]}]},{"@type":"WebPage","@id":"https:\/\/progettotouring.it\/radiotouring104\/2023\/01\/11\/rapani-dichiarare-lo-stato-di-calamita-per-i-produttori-crotonesi\/","url":"https:\/\/progettotouring.it\/radiotouring104\/2023\/01\/11\/rapani-dichiarare-lo-stato-di-calamita-per-i-produttori-crotonesi\/","name":"Rapani: \u00abDichiarare lo stato di calamit\u00e0 per i produttori crotonesi\u00bb","isPartOf":{"@id":"https:\/\/progettotouring.it\/radiotouring104\/#website"},"primaryImageOfPage":{"@id":"https:\/\/progettotouring.it\/radiotouring104\/2023\/01\/11\/rapani-dichiarare-lo-stato-di-calamita-per-i-produttori-crotonesi\/#primaryimage"},"image":{"@id":"https:\/\/progettotouring.it\/radiotouring104\/2023\/01\/11\/rapani-dichiarare-lo-stato-di-calamita-per-i-produttori-crotonesi\/#primaryimage"},"thumbnailUrl":"https:\/\/progettotouring.it\/radiotouring104\/wp-content\/uploads\/sites\/6\/2022\/12\/Rapani.jpg","datePublished":"2023-01-11T09:05:35+00:00","dateModified":"2023-01-11T09:05:55+00:00","description":"Il senatore Fdi: \u00abMi far\u00f2 portavoce dei problemi del comparto col ministro Lollobrigida. L'allarme di Confagricoltura Crotone va ascoltato\"","breadcrumb":{"@id":"https:\/\/progettotouring.it\/radiotouring104\/2023\/01\/11\/rapani-dichiarare-lo-stato-di-calamita-per-i-produttori-crotonesi\/#breadcrumb"},"inLanguage":"it-IT","potentialAction":[{"@type":"ReadAction","target":["https:\/\/progettotouring.it\/radiotouring104\/2023\/01\/11\/rapani-dichiarare-lo-stato-di-calamita-per-i-produttori-crotonesi\/"]}]},{"@type":"ImageObject","inLanguage":"it-IT","@id":"https:\/\/progettotouring.it\/radiotouring104\/2023\/01\/11\/rapani-dichiarare-lo-stato-di-calamita-per-i-produttori-crotonesi\/#primaryimage","url":"https:\/\/progettotouring.it\/radiotouring104\/wp-content\/uploads\/sites\/6\/2022\/12\/Rapani.jpg","contentUrl":"https:\/\/progettotouring.it\/radiotouring104\/wp-content\/uploads\/sites\/6\/2022\/12\/Rapani.jpg","width":915,"height":418},{"@type":"BreadcrumbList","@id":"https:\/\/progettotouring.it\/radiotouring104\/2023\/01\/11\/rapani-dichiarare-lo-stato-di-calamita-per-i-produttori-crotonesi\/#breadcrumb","itemListElement":[{"@type":"ListItem","position":1,"name":"Home","item":"https:\/\/progettotouring.it\/radiotouring104\/"},{"@type":"ListItem","position":2,"name":"Rapani: \u00abDichiarare lo stato di calamit\u00e0 per i produttori crotonesi\u00bb"}]},{"@type":"WebSite","@id":"https:\/\/progettotouring.it\/radiotouring104\/#website","url":"https:\/\/progettotouring.it\/radiotouring104\/","name":"Radio Touring 104","description":"La prima radio Reggina","publisher":{"@id":"https:\/\/progettotouring.it\/radiotouring104\/#organization"},"potentialAction":[{"@type":"SearchAction","target":{"@type":"EntryPoint","urlTemplate":"https:\/\/progettotouring.it\/radiotouring104\/?s={search_term_string}"},"query-input":{"@type":"PropertyValueSpecification","valueRequired":true,"valueName":"search_term_string"}}],"inLanguage":"it-IT"},{"@type":"Organization","@id":"https:\/\/progettotouring.it\/radiotouring104\/#organization","name":"Radio Touring 104","url":"https:\/\/progettotouring.it\/radiotouring104\/","logo":{"@type":"ImageObject","inLanguage":"it-IT","@id":"https:\/\/progettotouring.it\/radiotouring104\/#\/schema\/logo\/image\/","url":"https:\/\/progettotouring.it\/radiotouring104\/wp-content\/uploads\/sites\/6\/2022\/02\/cropped-logo-radio-touring-104.png","contentUrl":"https:\/\/progettotouring.it\/radiotouring104\/wp-content\/uploads\/sites\/6\/2022\/02\/cropped-logo-radio-touring-104.png","width":377,"height":182,"caption":"Radio Touring 104"},"image":{"@id":"https:\/\/progettotouring.it\/radiotouring104\/#\/schema\/logo\/image\/"}},{"@type":"Person","@id":"https:\/\/progettotouring.it\/radiotouring104\/#\/schema\/person\/78613917f1851f041f7483f5af1d422e","name":"Sebastiano Plutino","image":{"@type":"ImageObject","inLanguage":"it-IT","@id":"https:\/\/secure.gravatar.com\/avatar\/0546ffaa9b79224faf9f2a156b67a529ae861d3287c66c1d8ccfdf909bcba78d?s=96&d=mm&r=g","url":"https:\/\/secure.gravatar.com\/avatar\/0546ffaa9b79224faf9f2a156b67a529ae861d3287c66c1d8ccfdf909bcba78d?s=96&d=mm&r=g","contentUrl":"https:\/\/secure.gravatar.com\/avatar\/0546ffaa9b79224faf9f2a156b67a529ae861d3287c66c1d8ccfdf909bcba78d?s=96&d=mm&r=g","caption":"Sebastiano Plutino"},"url":"https:\/\/progettotouring.it\/radiotouring104\/author\/sebastiano\/"}]}},"jetpack_publicize_connections":[],"jetpack_featured_media_url":"https:\/\/progettotouring.it\/radiotouring104\/wp-content\/uploads\/sites\/6\/2022\/12\/Rapani.jpg","jetpack_sharing_enabled":true,"_links":{"self":[{"href":"https:\/\/progettotouring.it\/radiotouring104\/wp-json\/wp\/v2\/posts\/16436","targetHints":{"allow":["GET"]}}],"collection":[{"href":"https:\/\/progettotouring.it\/radiotouring104\/wp-json\/wp\/v2\/posts"}],"about":[{"href":"https:\/\/progettotouring.it\/radiotouring104\/wp-json\/wp\/v2\/types\/post"}],"author":[{"embeddable":true,"href":"https:\/\/progettotouring.it\/radiotouring104\/wp-json\/wp\/v2\/users\/12"}],"replies":[{"embeddable":true,"href":"https:\/\/progettotouring.it\/radiotouring104\/wp-json\/wp\/v2\/comments?post=16436"}],"version-history":[{"count":1,"href":"https:\/\/progettotouring.it\/radiotouring104\/wp-json\/wp\/v2\/posts\/16436\/revisions"}],"predecessor-version":[{"id":16438,"href":"https:\/\/progettotouring.it\/radiotouring104\/wp-json\/wp\/v2\/posts\/16436\/revisions\/16438"}],"wp:featuredmedia":[{"embeddable":true,"href":"https:\/\/progettotouring.it\/radiotouring104\/wp-json\/wp\/v2\/media\/15769"}],"wp:attachment":[{"href":"https:\/\/progettotouring.it\/radiotouring104\/wp-json\/wp\/v2\/media?parent=16436"}],"wp:term":[{"taxonomy":"category","embeddable":true,"href":"https:\/\/progettotouring.it\/radiotouring104\/wp-json\/wp\/v2\/categories?post=16436"},{"taxonomy":"post_tag","embeddable":true,"href":"https:\/\/progettotouring.it\/radiotouring104\/wp-json\/wp\/v2\/tags?post=16436"}],"curies":[{"name":"wp","href":"https:\/\/api.w.org\/{rel}","templated":true}]}}