{"id":16437,"date":"2023-01-11T10:11:21","date_gmt":"2023-01-11T09:11:21","guid":{"rendered":"https:\/\/progettotouring.it\/radiotouring104\/?p=16437"},"modified":"2023-01-11T10:11:21","modified_gmt":"2023-01-11T09:11:21","slug":"consiglio-regionale-ieri-la-prima-seduta-del-2023-approvati-tutti-i-punti-allordine-del-giorno","status":"publish","type":"post","link":"https:\/\/progettotouring.it\/radiotouring104\/2023\/01\/11\/consiglio-regionale-ieri-la-prima-seduta-del-2023-approvati-tutti-i-punti-allordine-del-giorno\/","title":{"rendered":"Consiglio Regionale, ieri la prima seduta del 2023: approvati tutti i punti all&#8217;ordine del giorno"},"content":{"rendered":"<p style=\"text-align: justify;\">Buona la prima per il Consiglio Regionale, che nella seduta di ieri, la prima del 2023, ha <strong>approvato tutti i punti all\u2019ordine del giorno<\/strong>. La seduta ha avuto inizio con un lungo discorso del presidente <strong>Filippo Mancuso<\/strong>, il quale ha rivolto il proprio pensiero e le proprie speranze ai <strong>404 comuni della Regione Calabria<\/strong>, auspicando che il 2023 sia un anno orientato alla <strong>collaborazione e al coinvolgimento<\/strong>, anche grazie al contributo del <strong>CAL \u2013 Consiglio Autonomie Locali,<\/strong> la cui elezione dei 22 componenti aggiuntivi \u00e8 prevista per oggi.<\/p>\n<p style=\"text-align: justify;\">Al vaglio del Consiglio ben <strong>tre proposte di legge<\/strong>. La prima consiste in una modifica alla legge regionale relativa al &#8220;<strong>Riordino dell&#8217;organizzazione turistica regionale&#8221;<\/strong> per definire la figura del<strong> Direttore tecnico di agenzia viaggi e turismo<\/strong>, cui sono affidate &#8220;le funzioni di natura tecnico specialistica concernenti la produzione, l&#8217;organizzazione e l&#8217;intermediazione di viaggi e altri prodotti turistici&#8221;.<br \/>\nLa seconda, \u00e8 una &#8220;Modifica all&#8217;articolo 3 della legge regionale n. 30 del 2022&#8221;, destinata a semplificare le funzioni amministrative per il rilascio di<strong> autorizzazioni in materia di vincolo idrogeologico<\/strong> per attivit\u00e0 ed interventi in aree agricole non boscate.<br \/>\nLa terza e ultima &#8220;Modifiche all&#8217;articolo 39 della legge regionale n. 47 del 2011&#8221;, per salvaguardare, sull&#8217;intero territorio regionale, l&#8217;ultimazione dei lavori <strong>prorogando il termine ultimo di fine intervento dal 31 dicembre 2021 al 31 dicembre 2025<\/strong>, nonch\u00e9 a concedere la possibilit\u00e0 di presentare, entro il 31 dicembre 2023 la richiesta di rimodulazione di tipologia da propriet\u00e0 a locazione.<br \/>\nSu richiesta del consigliere Pd Ernesto Alecci, \u00e8 stata infine inserita nell&#8217;ordine del giorno ed approvata la mozione che promuove l&#8217;<strong>inserimento della &#8220;Vulvodinia&#8221;, della &#8220;Neuropatia del Pudendo&#8221; e della &#8220;Fibromialgia&#8221; nell&#8217;elenco delle malattie &#8220;croniche e invalidanti&#8221; riconosciute nei Livelli essenziali di assistenza (Lea)<\/strong>.<\/p>\n","protected":false},"excerpt":{"rendered":"<p>Buona la prima per il Consiglio Regionale, che nella seduta di ieri, la prima del 2023, ha approvato tutti i punti all\u2019ordine del giorno. La seduta ha avuto inizio con&hellip;<\/p>\n","protected":false},"author":1,"featured_media":16440,"comment_status":"open","ping_status":"open","sticky":false,"template":"","format":"standard","meta":{"_jetpack_memberships_contains_paid_content":false,"footnotes":"","jetpack_publicize_message":"","jetpack_publicize_feature_enabled":true,"jetpack_social_post_already_shared":false,"jetpack_social_options":{"image_generator_settings":{"template":"highway","default_image_id":0,"font":"","enabled":false},"version":2}},"categories":[921,150,196,140],"tags":[8244,8245,586,218,5635,594],"class_list":["post-16437","post","type-post","status-publish","format-standard","has-post-thumbnail","hentry","category-home","category-in-primo-piano","category-news","category-reggio-calabria","tag-cal","tag-cal-consiglio-autonomie-locali","tag-calabria","tag-consiglio-regionale","tag-consiglio-regionale-calabria","tag-filippo-mancuso"],"yoast_head":"<!-- This site is optimized with the Yoast SEO plugin v27.2 - https:\/\/yoast.com\/product\/yoast-seo-wordpress\/ -->\n<title>Prima seduta per il Consiglio Regionale, approvate tutte le proposte<\/title>\n<meta name=\"description\" content=\"Mancuso: &quot;2023 anno di impegno orientato a coinvolgimento rappresentanza societ\u00e0 civile su ogni scelta strategica della Regione&quot;\" \/>\n<meta name=\"robots\" content=\"index, follow, max-snippet:-1, max-image-preview:large, max-video-preview:-1\" \/>\n<link rel=\"canonical\" href=\"https:\/\/progettotouring.it\/radiotouring104\/2023\/01\/11\/consiglio-regionale-ieri-la-prima-seduta-del-2023-approvati-tutti-i-punti-allordine-del-giorno\/\" \/>\n<meta property=\"og:locale\" content=\"it_IT\" \/>\n<meta property=\"og:type\" content=\"article\" \/>\n<meta property=\"og:title\" content=\"Prima seduta per il Consiglio Regionale, approvate tutte le proposte\" \/>\n<meta property=\"og:description\" content=\"Mancuso: &quot;2023 anno di impegno orientato a coinvolgimento rappresentanza societ\u00e0 civile su ogni scelta strategica della Regione&quot;\" \/>\n<meta property=\"og:url\" content=\"https:\/\/progettotouring.it\/radiotouring104\/2023\/01\/11\/consiglio-regionale-ieri-la-prima-seduta-del-2023-approvati-tutti-i-punti-allordine-del-giorno\/\" \/>\n<meta property=\"og:site_name\" content=\"Radio Touring 104\" \/>\n<meta property=\"article:published_time\" content=\"2023-01-11T09:11:21+00:00\" \/>\n<meta property=\"og:image\" content=\"https:\/\/progettotouring.it\/radiotouring104\/wp-content\/uploads\/sites\/6\/2023\/01\/consigio-regionale.jpg\" \/>\n\t<meta property=\"og:image:width\" content=\"1420\" \/>\n\t<meta property=\"og:image:height\" content=\"774\" \/>\n\t<meta property=\"og:image:type\" content=\"image\/jpeg\" \/>\n<meta name=\"author\" content=\"Chiara Cucinotta\" \/>\n<meta name=\"twitter:card\" content=\"summary_large_image\" \/>\n<meta name=\"twitter:label1\" content=\"Scritto da\" \/>\n\t<meta name=\"twitter:data1\" content=\"Chiara Cucinotta\" \/>\n\t<meta name=\"twitter:label2\" content=\"Tempo di lettura stimato\" \/>\n\t<meta name=\"twitter:data2\" content=\"1 minuto\" \/>\n<script type=\"application\/ld+json\" class=\"yoast-schema-graph\">{\"@context\":\"https:\/\/schema.org\",\"@graph\":[{\"@type\":\"Article\",\"@id\":\"https:\/\/progettotouring.it\/radiotouring104\/2023\/01\/11\/consiglio-regionale-ieri-la-prima-seduta-del-2023-approvati-tutti-i-punti-allordine-del-giorno\/#article\",\"isPartOf\":{\"@id\":\"https:\/\/progettotouring.it\/radiotouring104\/2023\/01\/11\/consiglio-regionale-ieri-la-prima-seduta-del-2023-approvati-tutti-i-punti-allordine-del-giorno\/\"},\"author\":{\"name\":\"Chiara Cucinotta\",\"@id\":\"https:\/\/progettotouring.it\/radiotouring104\/#\/schema\/person\/f01f189b71df20dcfc0890eea7e67a0e\"},\"headline\":\"Consiglio Regionale, ieri la prima seduta del 2023: approvati tutti i punti all&#8217;ordine del giorno\",\"datePublished\":\"2023-01-11T09:11:21+00:00\",\"mainEntityOfPage\":{\"@id\":\"https:\/\/progettotouring.it\/radiotouring104\/2023\/01\/11\/consiglio-regionale-ieri-la-prima-seduta-del-2023-approvati-tutti-i-punti-allordine-del-giorno\/\"},\"wordCount\":281,\"commentCount\":0,\"publisher\":{\"@id\":\"https:\/\/progettotouring.it\/radiotouring104\/#organization\"},\"image\":{\"@id\":\"https:\/\/progettotouring.it\/radiotouring104\/2023\/01\/11\/consiglio-regionale-ieri-la-prima-seduta-del-2023-approvati-tutti-i-punti-allordine-del-giorno\/#primaryimage\"},\"thumbnailUrl\":\"https:\/\/progettotouring.it\/radiotouring104\/wp-content\/uploads\/sites\/6\/2023\/01\/consigio-regionale.jpg\",\"keywords\":[\"CAL\",\"CAL \u2013 Consiglio Autonomie Locali\",\"calabria\",\"Consiglio regionale\",\"Consiglio regionale Calabria\",\"Filippo Mancuso\"],\"articleSection\":[\"Home\",\"In primo piano\",\"News\",\"Reggio Calabria\"],\"inLanguage\":\"it-IT\",\"potentialAction\":[{\"@type\":\"CommentAction\",\"name\":\"Comment\",\"target\":[\"https:\/\/progettotouring.it\/radiotouring104\/2023\/01\/11\/consiglio-regionale-ieri-la-prima-seduta-del-2023-approvati-tutti-i-punti-allordine-del-giorno\/#respond\"]}]},{\"@type\":\"WebPage\",\"@id\":\"https:\/\/progettotouring.it\/radiotouring104\/2023\/01\/11\/consiglio-regionale-ieri-la-prima-seduta-del-2023-approvati-tutti-i-punti-allordine-del-giorno\/\",\"url\":\"https:\/\/progettotouring.it\/radiotouring104\/2023\/01\/11\/consiglio-regionale-ieri-la-prima-seduta-del-2023-approvati-tutti-i-punti-allordine-del-giorno\/\",\"name\":\"Prima seduta per il Consiglio Regionale, approvate tutte le proposte\",\"isPartOf\":{\"@id\":\"https:\/\/progettotouring.it\/radiotouring104\/#website\"},\"primaryImageOfPage\":{\"@id\":\"https:\/\/progettotouring.it\/radiotouring104\/2023\/01\/11\/consiglio-regionale-ieri-la-prima-seduta-del-2023-approvati-tutti-i-punti-allordine-del-giorno\/#primaryimage\"},\"image\":{\"@id\":\"https:\/\/progettotouring.it\/radiotouring104\/2023\/01\/11\/consiglio-regionale-ieri-la-prima-seduta-del-2023-approvati-tutti-i-punti-allordine-del-giorno\/#primaryimage\"},\"thumbnailUrl\":\"https:\/\/progettotouring.it\/radiotouring104\/wp-content\/uploads\/sites\/6\/2023\/01\/consigio-regionale.jpg\",\"datePublished\":\"2023-01-11T09:11:21+00:00\",\"description\":\"Mancuso: \\\"2023 anno di impegno orientato a coinvolgimento rappresentanza societ\u00e0 civile su ogni scelta strategica della Regione\\\"\",\"breadcrumb\":{\"@id\":\"https:\/\/progettotouring.it\/radiotouring104\/2023\/01\/11\/consiglio-regionale-ieri-la-prima-seduta-del-2023-approvati-tutti-i-punti-allordine-del-giorno\/#breadcrumb\"},\"inLanguage\":\"it-IT\",\"potentialAction\":[{\"@type\":\"ReadAction\",\"target\":[\"https:\/\/progettotouring.it\/radiotouring104\/2023\/01\/11\/consiglio-regionale-ieri-la-prima-seduta-del-2023-approvati-tutti-i-punti-allordine-del-giorno\/\"]}]},{\"@type\":\"ImageObject\",\"inLanguage\":\"it-IT\",\"@id\":\"https:\/\/progettotouring.it\/radiotouring104\/2023\/01\/11\/consiglio-regionale-ieri-la-prima-seduta-del-2023-approvati-tutti-i-punti-allordine-del-giorno\/#primaryimage\",\"url\":\"https:\/\/progettotouring.it\/radiotouring104\/wp-content\/uploads\/sites\/6\/2023\/01\/consigio-regionale.jpg\",\"contentUrl\":\"https:\/\/progettotouring.it\/radiotouring104\/wp-content\/uploads\/sites\/6\/2023\/01\/consigio-regionale.jpg\",\"width\":1420,\"height\":774},{\"@type\":\"BreadcrumbList\",\"@id\":\"https:\/\/progettotouring.it\/radiotouring104\/2023\/01\/11\/consiglio-regionale-ieri-la-prima-seduta-del-2023-approvati-tutti-i-punti-allordine-del-giorno\/#breadcrumb\",\"itemListElement\":[{\"@type\":\"ListItem\",\"position\":1,\"name\":\"Home\",\"item\":\"https:\/\/progettotouring.it\/radiotouring104\/\"},{\"@type\":\"ListItem\",\"position\":2,\"name\":\"Consiglio Regionale, ieri la prima seduta del 2023: approvati tutti i punti all&#8217;ordine del giorno\"}]},{\"@type\":\"WebSite\",\"@id\":\"https:\/\/progettotouring.it\/radiotouring104\/#website\",\"url\":\"https:\/\/progettotouring.it\/radiotouring104\/\",\"name\":\"Radio Touring 104\",\"description\":\"La prima radio Reggina\",\"publisher\":{\"@id\":\"https:\/\/progettotouring.it\/radiotouring104\/#organization\"},\"potentialAction\":[{\"@type\":\"SearchAction\",\"target\":{\"@type\":\"EntryPoint\",\"urlTemplate\":\"https:\/\/progettotouring.it\/radiotouring104\/?s={search_term_string}\"},\"query-input\":{\"@type\":\"PropertyValueSpecification\",\"valueRequired\":true,\"valueName\":\"search_term_string\"}}],\"inLanguage\":\"it-IT\"},{\"@type\":\"Organization\",\"@id\":\"https:\/\/progettotouring.it\/radiotouring104\/#organization\",\"name\":\"Radio Touring 104\",\"url\":\"https:\/\/progettotouring.it\/radiotouring104\/\",\"logo\":{\"@type\":\"ImageObject\",\"inLanguage\":\"it-IT\",\"@id\":\"https:\/\/progettotouring.it\/radiotouring104\/#\/schema\/logo\/image\/\",\"url\":\"https:\/\/progettotouring.it\/radiotouring104\/wp-content\/uploads\/sites\/6\/2022\/02\/cropped-logo-radio-touring-104.png\",\"contentUrl\":\"https:\/\/progettotouring.it\/radiotouring104\/wp-content\/uploads\/sites\/6\/2022\/02\/cropped-logo-radio-touring-104.png\",\"width\":377,\"height\":182,\"caption\":\"Radio Touring 104\"},\"image\":{\"@id\":\"https:\/\/progettotouring.it\/radiotouring104\/#\/schema\/logo\/image\/\"}},{\"@type\":\"Person\",\"@id\":\"https:\/\/progettotouring.it\/radiotouring104\/#\/schema\/person\/f01f189b71df20dcfc0890eea7e67a0e\",\"name\":\"Chiara Cucinotta\",\"image\":{\"@type\":\"ImageObject\",\"inLanguage\":\"it-IT\",\"@id\":\"https:\/\/secure.gravatar.com\/avatar\/efe17e5613fdef9b05741a23cd4ef4e9b1c39955d8fe11176cb1da3641c96104?s=96&d=mm&r=g\",\"url\":\"https:\/\/secure.gravatar.com\/avatar\/efe17e5613fdef9b05741a23cd4ef4e9b1c39955d8fe11176cb1da3641c96104?s=96&d=mm&r=g\",\"contentUrl\":\"https:\/\/secure.gravatar.com\/avatar\/efe17e5613fdef9b05741a23cd4ef4e9b1c39955d8fe11176cb1da3641c96104?s=96&d=mm&r=g\",\"caption\":\"Chiara Cucinotta\"},\"sameAs\":[\"https:\/\/progettotouring.it\"],\"url\":\"https:\/\/progettotouring.it\/radiotouring104\/author\/auranex\/\"}]}<\/script>\n<!-- \/ Yoast SEO plugin. -->","yoast_head_json":{"title":"Prima seduta per il Consiglio Regionale, approvate tutte le proposte","description":"Mancuso: \"2023 anno di impegno orientato a coinvolgimento rappresentanza societ\u00e0 civile su ogni scelta strategica della Regione\"","robots":{"index":"index","follow":"follow","max-snippet":"max-snippet:-1","max-image-preview":"max-image-preview:large","max-video-preview":"max-video-preview:-1"},"canonical":"https:\/\/progettotouring.it\/radiotouring104\/2023\/01\/11\/consiglio-regionale-ieri-la-prima-seduta-del-2023-approvati-tutti-i-punti-allordine-del-giorno\/","og_locale":"it_IT","og_type":"article","og_title":"Prima seduta per il Consiglio Regionale, approvate tutte le proposte","og_description":"Mancuso: \"2023 anno di impegno orientato a coinvolgimento rappresentanza societ\u00e0 civile su ogni scelta strategica della Regione\"","og_url":"https:\/\/progettotouring.it\/radiotouring104\/2023\/01\/11\/consiglio-regionale-ieri-la-prima-seduta-del-2023-approvati-tutti-i-punti-allordine-del-giorno\/","og_site_name":"Radio Touring 104","article_published_time":"2023-01-11T09:11:21+00:00","og_image":[{"width":1420,"height":774,"url":"https:\/\/progettotouring.it\/radiotouring104\/wp-content\/uploads\/sites\/6\/2023\/01\/consigio-regionale.jpg","type":"image\/jpeg"}],"author":"Chiara Cucinotta","twitter_card":"summary_large_image","twitter_misc":{"Scritto da":"Chiara Cucinotta","Tempo di lettura stimato":"1 minuto"},"schema":{"@context":"https:\/\/schema.org","@graph":[{"@type":"Article","@id":"https:\/\/progettotouring.it\/radiotouring104\/2023\/01\/11\/consiglio-regionale-ieri-la-prima-seduta-del-2023-approvati-tutti-i-punti-allordine-del-giorno\/#article","isPartOf":{"@id":"https:\/\/progettotouring.it\/radiotouring104\/2023\/01\/11\/consiglio-regionale-ieri-la-prima-seduta-del-2023-approvati-tutti-i-punti-allordine-del-giorno\/"},"author":{"name":"Chiara Cucinotta","@id":"https:\/\/progettotouring.it\/radiotouring104\/#\/schema\/person\/f01f189b71df20dcfc0890eea7e67a0e"},"headline":"Consiglio Regionale, ieri la prima seduta del 2023: approvati tutti i punti all&#8217;ordine del giorno","datePublished":"2023-01-11T09:11:21+00:00","mainEntityOfPage":{"@id":"https:\/\/progettotouring.it\/radiotouring104\/2023\/01\/11\/consiglio-regionale-ieri-la-prima-seduta-del-2023-approvati-tutti-i-punti-allordine-del-giorno\/"},"wordCount":281,"commentCount":0,"publisher":{"@id":"https:\/\/progettotouring.it\/radiotouring104\/#organization"},"image":{"@id":"https:\/\/progettotouring.it\/radiotouring104\/2023\/01\/11\/consiglio-regionale-ieri-la-prima-seduta-del-2023-approvati-tutti-i-punti-allordine-del-giorno\/#primaryimage"},"thumbnailUrl":"https:\/\/progettotouring.it\/radiotouring104\/wp-content\/uploads\/sites\/6\/2023\/01\/consigio-regionale.jpg","keywords":["CAL","CAL \u2013 Consiglio Autonomie Locali","calabria","Consiglio regionale","Consiglio regionale Calabria","Filippo Mancuso"],"articleSection":["Home","In primo piano","News","Reggio Calabria"],"inLanguage":"it-IT","potentialAction":[{"@type":"CommentAction","name":"Comment","target":["https:\/\/progettotouring.it\/radiotouring104\/2023\/01\/11\/consiglio-regionale-ieri-la-prima-seduta-del-2023-approvati-tutti-i-punti-allordine-del-giorno\/#respond"]}]},{"@type":"WebPage","@id":"https:\/\/progettotouring.it\/radiotouring104\/2023\/01\/11\/consiglio-regionale-ieri-la-prima-seduta-del-2023-approvati-tutti-i-punti-allordine-del-giorno\/","url":"https:\/\/progettotouring.it\/radiotouring104\/2023\/01\/11\/consiglio-regionale-ieri-la-prima-seduta-del-2023-approvati-tutti-i-punti-allordine-del-giorno\/","name":"Prima seduta per il Consiglio Regionale, approvate tutte le proposte","isPartOf":{"@id":"https:\/\/progettotouring.it\/radiotouring104\/#website"},"primaryImageOfPage":{"@id":"https:\/\/progettotouring.it\/radiotouring104\/2023\/01\/11\/consiglio-regionale-ieri-la-prima-seduta-del-2023-approvati-tutti-i-punti-allordine-del-giorno\/#primaryimage"},"image":{"@id":"https:\/\/progettotouring.it\/radiotouring104\/2023\/01\/11\/consiglio-regionale-ieri-la-prima-seduta-del-2023-approvati-tutti-i-punti-allordine-del-giorno\/#primaryimage"},"thumbnailUrl":"https:\/\/progettotouring.it\/radiotouring104\/wp-content\/uploads\/sites\/6\/2023\/01\/consigio-regionale.jpg","datePublished":"2023-01-11T09:11:21+00:00","description":"Mancuso: \"2023 anno di impegno orientato a coinvolgimento rappresentanza societ\u00e0 civile su ogni scelta strategica della Regione\"","breadcrumb":{"@id":"https:\/\/progettotouring.it\/radiotouring104\/2023\/01\/11\/consiglio-regionale-ieri-la-prima-seduta-del-2023-approvati-tutti-i-punti-allordine-del-giorno\/#breadcrumb"},"inLanguage":"it-IT","potentialAction":[{"@type":"ReadAction","target":["https:\/\/progettotouring.it\/radiotouring104\/2023\/01\/11\/consiglio-regionale-ieri-la-prima-seduta-del-2023-approvati-tutti-i-punti-allordine-del-giorno\/"]}]},{"@type":"ImageObject","inLanguage":"it-IT","@id":"https:\/\/progettotouring.it\/radiotouring104\/2023\/01\/11\/consiglio-regionale-ieri-la-prima-seduta-del-2023-approvati-tutti-i-punti-allordine-del-giorno\/#primaryimage","url":"https:\/\/progettotouring.it\/radiotouring104\/wp-content\/uploads\/sites\/6\/2023\/01\/consigio-regionale.jpg","contentUrl":"https:\/\/progettotouring.it\/radiotouring104\/wp-content\/uploads\/sites\/6\/2023\/01\/consigio-regionale.jpg","width":1420,"height":774},{"@type":"BreadcrumbList","@id":"https:\/\/progettotouring.it\/radiotouring104\/2023\/01\/11\/consiglio-regionale-ieri-la-prima-seduta-del-2023-approvati-tutti-i-punti-allordine-del-giorno\/#breadcrumb","itemListElement":[{"@type":"ListItem","position":1,"name":"Home","item":"https:\/\/progettotouring.it\/radiotouring104\/"},{"@type":"ListItem","position":2,"name":"Consiglio Regionale, ieri la prima seduta del 2023: approvati tutti i punti all&#8217;ordine del giorno"}]},{"@type":"WebSite","@id":"https:\/\/progettotouring.it\/radiotouring104\/#website","url":"https:\/\/progettotouring.it\/radiotouring104\/","name":"Radio Touring 104","description":"La prima radio Reggina","publisher":{"@id":"https:\/\/progettotouring.it\/radiotouring104\/#organization"},"potentialAction":[{"@type":"SearchAction","target":{"@type":"EntryPoint","urlTemplate":"https:\/\/progettotouring.it\/radiotouring104\/?s={search_term_string}"},"query-input":{"@type":"PropertyValueSpecification","valueRequired":true,"valueName":"search_term_string"}}],"inLanguage":"it-IT"},{"@type":"Organization","@id":"https:\/\/progettotouring.it\/radiotouring104\/#organization","name":"Radio Touring 104","url":"https:\/\/progettotouring.it\/radiotouring104\/","logo":{"@type":"ImageObject","inLanguage":"it-IT","@id":"https:\/\/progettotouring.it\/radiotouring104\/#\/schema\/logo\/image\/","url":"https:\/\/progettotouring.it\/radiotouring104\/wp-content\/uploads\/sites\/6\/2022\/02\/cropped-logo-radio-touring-104.png","contentUrl":"https:\/\/progettotouring.it\/radiotouring104\/wp-content\/uploads\/sites\/6\/2022\/02\/cropped-logo-radio-touring-104.png","width":377,"height":182,"caption":"Radio Touring 104"},"image":{"@id":"https:\/\/progettotouring.it\/radiotouring104\/#\/schema\/logo\/image\/"}},{"@type":"Person","@id":"https:\/\/progettotouring.it\/radiotouring104\/#\/schema\/person\/f01f189b71df20dcfc0890eea7e67a0e","name":"Chiara Cucinotta","image":{"@type":"ImageObject","inLanguage":"it-IT","@id":"https:\/\/secure.gravatar.com\/avatar\/efe17e5613fdef9b05741a23cd4ef4e9b1c39955d8fe11176cb1da3641c96104?s=96&d=mm&r=g","url":"https:\/\/secure.gravatar.com\/avatar\/efe17e5613fdef9b05741a23cd4ef4e9b1c39955d8fe11176cb1da3641c96104?s=96&d=mm&r=g","contentUrl":"https:\/\/secure.gravatar.com\/avatar\/efe17e5613fdef9b05741a23cd4ef4e9b1c39955d8fe11176cb1da3641c96104?s=96&d=mm&r=g","caption":"Chiara Cucinotta"},"sameAs":["https:\/\/progettotouring.it"],"url":"https:\/\/progettotouring.it\/radiotouring104\/author\/auranex\/"}]}},"jetpack_publicize_connections":[],"jetpack_featured_media_url":"https:\/\/progettotouring.it\/radiotouring104\/wp-content\/uploads\/sites\/6\/2023\/01\/consigio-regionale.jpg","jetpack_sharing_enabled":true,"_links":{"self":[{"href":"https:\/\/progettotouring.it\/radiotouring104\/wp-json\/wp\/v2\/posts\/16437","targetHints":{"allow":["GET"]}}],"collection":[{"href":"https:\/\/progettotouring.it\/radiotouring104\/wp-json\/wp\/v2\/posts"}],"about":[{"href":"https:\/\/progettotouring.it\/radiotouring104\/wp-json\/wp\/v2\/types\/post"}],"author":[{"embeddable":true,"href":"https:\/\/progettotouring.it\/radiotouring104\/wp-json\/wp\/v2\/users\/1"}],"replies":[{"embeddable":true,"href":"https:\/\/progettotouring.it\/radiotouring104\/wp-json\/wp\/v2\/comments?post=16437"}],"version-history":[{"count":1,"href":"https:\/\/progettotouring.it\/radiotouring104\/wp-json\/wp\/v2\/posts\/16437\/revisions"}],"predecessor-version":[{"id":16441,"href":"https:\/\/progettotouring.it\/radiotouring104\/wp-json\/wp\/v2\/posts\/16437\/revisions\/16441"}],"wp:featuredmedia":[{"embeddable":true,"href":"https:\/\/progettotouring.it\/radiotouring104\/wp-json\/wp\/v2\/media\/16440"}],"wp:attachment":[{"href":"https:\/\/progettotouring.it\/radiotouring104\/wp-json\/wp\/v2\/media?parent=16437"}],"wp:term":[{"taxonomy":"category","embeddable":true,"href":"https:\/\/progettotouring.it\/radiotouring104\/wp-json\/wp\/v2\/categories?post=16437"},{"taxonomy":"post_tag","embeddable":true,"href":"https:\/\/progettotouring.it\/radiotouring104\/wp-json\/wp\/v2\/tags?post=16437"}],"curies":[{"name":"wp","href":"https:\/\/api.w.org\/{rel}","templated":true}]}}