{"id":16447,"date":"2023-01-11T11:45:26","date_gmt":"2023-01-11T10:45:26","guid":{"rendered":"https:\/\/progettotouring.it\/radiotouring104\/?p=16447"},"modified":"2023-01-11T11:47:06","modified_gmt":"2023-01-11T10:47:06","slug":"reggio-il-libro-a-sud-del-sud-rincorre-la-bonta-della-calabria","status":"publish","type":"post","link":"https:\/\/progettotouring.it\/radiotouring104\/2023\/01\/11\/reggio-il-libro-a-sud-del-sud-rincorre-la-bonta-della-calabria\/","title":{"rendered":"Reggio: il libro &#8220;A Sud del Sud&#8221; rincorre la bont\u00e0 della Calabria"},"content":{"rendered":"<p>All&#8217;Aula Magna del Liceo Classico &#8220;T.Campanella&#8221; sar\u00e0 presentato il 25 gennaio alle ore 15 e 30 il libro di Giuseppe Smorto, &#8220;A Sud del Sud&#8221; viaggio dentro la Calabria tra diavoli e resistenti.<\/p>\n<p>Nell&#8217;itinerario che il giornalista compie all&#8217;interno degli anfratti pi\u00f9 inesplorati, restituisce un volto fedele alle contraddizioni di una regione nota per fisionomie sbalorditive e asprezze.<\/p>\n<p>Smorto recrimina alla narrazione abituale una visione parziale che tralascia le realt\u00e0 resistenti e coraggiose. Sono le storie pulite, quelle delle persone dalla morale specchiata a dover prevalere sulla cronaca pi\u00f9 spietata.<\/p>\n<p>Non solo un augurio sincero ai pi\u00f9 fertili semi ma una realt\u00e0 gi\u00e0 matura che merita di essere raccontata e sostenuta con tutte le forze di cui il giornalismo dispone.<\/p>\n","protected":false},"excerpt":{"rendered":"<p>All&#8217;Aula Magna del Liceo Classico &#8220;T.Campanella&#8221; sar\u00e0 presentato il 25 gennaio alle ore 15 e 30 il libro di Giuseppe Smorto, &#8220;A Sud del Sud&#8221; viaggio dentro la Calabria tra&hellip;<\/p>\n","protected":false},"author":13,"featured_media":16448,"comment_status":"open","ping_status":"open","sticky":false,"template":"","format":"standard","meta":{"_jetpack_memberships_contains_paid_content":false,"footnotes":"","jetpack_publicize_message":"","jetpack_publicize_feature_enabled":true,"jetpack_social_post_already_shared":false,"jetpack_social_options":{"image_generator_settings":{"template":"highway","default_image_id":0,"font":"","enabled":false},"version":2}},"categories":[921,196,140],"tags":[5398,8250,5389,236],"class_list":["post-16447","post","type-post","status-publish","format-standard","has-post-thumbnail","hentry","category-home","category-news","category-reggio-calabria","tag-a-sud-del-sud","tag-aula-magna-liceo-campanella","tag-giuseppe-smorto","tag-reggio-calabria"],"yoast_head":"<!-- This site is optimized with the Yoast SEO plugin v27.2 - https:\/\/yoast.com\/product\/yoast-seo-wordpress\/ -->\n<title>Reggio: il libro &quot;A Sud del Sud&quot; rincorre la bont\u00e0 della Calabria<\/title>\n<meta name=\"description\" content=\"Il 25 gennaio la rassegna letteraria del Liceo Classico &quot;T. Campanella&quot; incontra l&#039;autore Giuseppe Smorto\" \/>\n<meta name=\"robots\" content=\"index, follow, max-snippet:-1, max-image-preview:large, max-video-preview:-1\" \/>\n<link rel=\"canonical\" href=\"https:\/\/progettotouring.it\/radiotouring104\/2023\/01\/11\/reggio-il-libro-a-sud-del-sud-rincorre-la-bonta-della-calabria\/\" \/>\n<meta property=\"og:locale\" content=\"it_IT\" \/>\n<meta property=\"og:type\" content=\"article\" \/>\n<meta property=\"og:title\" content=\"Reggio: il libro &quot;A Sud del Sud&quot; rincorre la bont\u00e0 della Calabria\" \/>\n<meta property=\"og:description\" content=\"Il 25 gennaio la rassegna letteraria del Liceo Classico &quot;T. Campanella&quot; incontra l&#039;autore Giuseppe Smorto\" \/>\n<meta property=\"og:url\" content=\"https:\/\/progettotouring.it\/radiotouring104\/2023\/01\/11\/reggio-il-libro-a-sud-del-sud-rincorre-la-bonta-della-calabria\/\" \/>\n<meta property=\"og:site_name\" content=\"Radio Touring 104\" \/>\n<meta property=\"article:published_time\" content=\"2023-01-11T10:45:26+00:00\" \/>\n<meta property=\"article:modified_time\" content=\"2023-01-11T10:47:06+00:00\" \/>\n<meta property=\"og:image\" content=\"https:\/\/progettotouring.it\/radiotouring104\/wp-content\/uploads\/sites\/6\/2023\/01\/A-Sud-del-Sud.jpg\" \/>\n\t<meta property=\"og:image:width\" content=\"724\" \/>\n\t<meta property=\"og:image:height\" content=\"1024\" \/>\n\t<meta property=\"og:image:type\" content=\"image\/jpeg\" \/>\n<meta name=\"author\" content=\"Helena Pedone\" \/>\n<meta name=\"twitter:card\" content=\"summary_large_image\" \/>\n<meta name=\"twitter:label1\" content=\"Scritto da\" \/>\n\t<meta name=\"twitter:data1\" content=\"Helena Pedone\" \/>\n\t<meta name=\"twitter:label2\" content=\"Tempo di lettura stimato\" \/>\n\t<meta name=\"twitter:data2\" content=\"1 minuto\" \/>\n<script type=\"application\/ld+json\" class=\"yoast-schema-graph\">{\"@context\":\"https:\/\/schema.org\",\"@graph\":[{\"@type\":\"Article\",\"@id\":\"https:\/\/progettotouring.it\/radiotouring104\/2023\/01\/11\/reggio-il-libro-a-sud-del-sud-rincorre-la-bonta-della-calabria\/#article\",\"isPartOf\":{\"@id\":\"https:\/\/progettotouring.it\/radiotouring104\/2023\/01\/11\/reggio-il-libro-a-sud-del-sud-rincorre-la-bonta-della-calabria\/\"},\"author\":{\"name\":\"Helena Pedone\",\"@id\":\"https:\/\/progettotouring.it\/radiotouring104\/#\/schema\/person\/8458ed437f4094f881aab8e4cc572684\"},\"headline\":\"Reggio: il libro &#8220;A Sud del Sud&#8221; rincorre la bont\u00e0 della Calabria\",\"datePublished\":\"2023-01-11T10:45:26+00:00\",\"dateModified\":\"2023-01-11T10:47:06+00:00\",\"mainEntityOfPage\":{\"@id\":\"https:\/\/progettotouring.it\/radiotouring104\/2023\/01\/11\/reggio-il-libro-a-sud-del-sud-rincorre-la-bonta-della-calabria\/\"},\"wordCount\":130,\"commentCount\":0,\"publisher\":{\"@id\":\"https:\/\/progettotouring.it\/radiotouring104\/#organization\"},\"image\":{\"@id\":\"https:\/\/progettotouring.it\/radiotouring104\/2023\/01\/11\/reggio-il-libro-a-sud-del-sud-rincorre-la-bonta-della-calabria\/#primaryimage\"},\"thumbnailUrl\":\"https:\/\/progettotouring.it\/radiotouring104\/wp-content\/uploads\/sites\/6\/2023\/01\/A-Sud-del-Sud.jpg\",\"keywords\":[\"\u201cA sud del sud\u201d\",\"Aula Magna Liceo Campanella\",\"Giuseppe Smorto\",\"reggio calabria\"],\"articleSection\":[\"Home\",\"News\",\"Reggio Calabria\"],\"inLanguage\":\"it-IT\",\"potentialAction\":[{\"@type\":\"CommentAction\",\"name\":\"Comment\",\"target\":[\"https:\/\/progettotouring.it\/radiotouring104\/2023\/01\/11\/reggio-il-libro-a-sud-del-sud-rincorre-la-bonta-della-calabria\/#respond\"]}]},{\"@type\":\"WebPage\",\"@id\":\"https:\/\/progettotouring.it\/radiotouring104\/2023\/01\/11\/reggio-il-libro-a-sud-del-sud-rincorre-la-bonta-della-calabria\/\",\"url\":\"https:\/\/progettotouring.it\/radiotouring104\/2023\/01\/11\/reggio-il-libro-a-sud-del-sud-rincorre-la-bonta-della-calabria\/\",\"name\":\"Reggio: il libro \\\"A Sud del Sud\\\" rincorre la bont\u00e0 della Calabria\",\"isPartOf\":{\"@id\":\"https:\/\/progettotouring.it\/radiotouring104\/#website\"},\"primaryImageOfPage\":{\"@id\":\"https:\/\/progettotouring.it\/radiotouring104\/2023\/01\/11\/reggio-il-libro-a-sud-del-sud-rincorre-la-bonta-della-calabria\/#primaryimage\"},\"image\":{\"@id\":\"https:\/\/progettotouring.it\/radiotouring104\/2023\/01\/11\/reggio-il-libro-a-sud-del-sud-rincorre-la-bonta-della-calabria\/#primaryimage\"},\"thumbnailUrl\":\"https:\/\/progettotouring.it\/radiotouring104\/wp-content\/uploads\/sites\/6\/2023\/01\/A-Sud-del-Sud.jpg\",\"datePublished\":\"2023-01-11T10:45:26+00:00\",\"dateModified\":\"2023-01-11T10:47:06+00:00\",\"description\":\"Il 25 gennaio la rassegna letteraria del Liceo Classico \\\"T. Campanella\\\" incontra l'autore Giuseppe Smorto\",\"breadcrumb\":{\"@id\":\"https:\/\/progettotouring.it\/radiotouring104\/2023\/01\/11\/reggio-il-libro-a-sud-del-sud-rincorre-la-bonta-della-calabria\/#breadcrumb\"},\"inLanguage\":\"it-IT\",\"potentialAction\":[{\"@type\":\"ReadAction\",\"target\":[\"https:\/\/progettotouring.it\/radiotouring104\/2023\/01\/11\/reggio-il-libro-a-sud-del-sud-rincorre-la-bonta-della-calabria\/\"]}]},{\"@type\":\"ImageObject\",\"inLanguage\":\"it-IT\",\"@id\":\"https:\/\/progettotouring.it\/radiotouring104\/2023\/01\/11\/reggio-il-libro-a-sud-del-sud-rincorre-la-bonta-della-calabria\/#primaryimage\",\"url\":\"https:\/\/progettotouring.it\/radiotouring104\/wp-content\/uploads\/sites\/6\/2023\/01\/A-Sud-del-Sud.jpg\",\"contentUrl\":\"https:\/\/progettotouring.it\/radiotouring104\/wp-content\/uploads\/sites\/6\/2023\/01\/A-Sud-del-Sud.jpg\",\"width\":724,\"height\":1024},{\"@type\":\"BreadcrumbList\",\"@id\":\"https:\/\/progettotouring.it\/radiotouring104\/2023\/01\/11\/reggio-il-libro-a-sud-del-sud-rincorre-la-bonta-della-calabria\/#breadcrumb\",\"itemListElement\":[{\"@type\":\"ListItem\",\"position\":1,\"name\":\"Home\",\"item\":\"https:\/\/progettotouring.it\/radiotouring104\/\"},{\"@type\":\"ListItem\",\"position\":2,\"name\":\"Reggio: il libro &#8220;A Sud del Sud&#8221; rincorre la bont\u00e0 della Calabria\"}]},{\"@type\":\"WebSite\",\"@id\":\"https:\/\/progettotouring.it\/radiotouring104\/#website\",\"url\":\"https:\/\/progettotouring.it\/radiotouring104\/\",\"name\":\"Radio Touring 104\",\"description\":\"La prima radio Reggina\",\"publisher\":{\"@id\":\"https:\/\/progettotouring.it\/radiotouring104\/#organization\"},\"potentialAction\":[{\"@type\":\"SearchAction\",\"target\":{\"@type\":\"EntryPoint\",\"urlTemplate\":\"https:\/\/progettotouring.it\/radiotouring104\/?s={search_term_string}\"},\"query-input\":{\"@type\":\"PropertyValueSpecification\",\"valueRequired\":true,\"valueName\":\"search_term_string\"}}],\"inLanguage\":\"it-IT\"},{\"@type\":\"Organization\",\"@id\":\"https:\/\/progettotouring.it\/radiotouring104\/#organization\",\"name\":\"Radio Touring 104\",\"url\":\"https:\/\/progettotouring.it\/radiotouring104\/\",\"logo\":{\"@type\":\"ImageObject\",\"inLanguage\":\"it-IT\",\"@id\":\"https:\/\/progettotouring.it\/radiotouring104\/#\/schema\/logo\/image\/\",\"url\":\"https:\/\/progettotouring.it\/radiotouring104\/wp-content\/uploads\/sites\/6\/2022\/02\/cropped-logo-radio-touring-104.png\",\"contentUrl\":\"https:\/\/progettotouring.it\/radiotouring104\/wp-content\/uploads\/sites\/6\/2022\/02\/cropped-logo-radio-touring-104.png\",\"width\":377,\"height\":182,\"caption\":\"Radio Touring 104\"},\"image\":{\"@id\":\"https:\/\/progettotouring.it\/radiotouring104\/#\/schema\/logo\/image\/\"}},{\"@type\":\"Person\",\"@id\":\"https:\/\/progettotouring.it\/radiotouring104\/#\/schema\/person\/8458ed437f4094f881aab8e4cc572684\",\"name\":\"Helena Pedone\",\"image\":{\"@type\":\"ImageObject\",\"inLanguage\":\"it-IT\",\"@id\":\"https:\/\/secure.gravatar.com\/avatar\/95a63adf316f90175b68113b4b895a96641be06395ffeef88fea6178b30027d9?s=96&d=mm&r=g\",\"url\":\"https:\/\/secure.gravatar.com\/avatar\/95a63adf316f90175b68113b4b895a96641be06395ffeef88fea6178b30027d9?s=96&d=mm&r=g\",\"contentUrl\":\"https:\/\/secure.gravatar.com\/avatar\/95a63adf316f90175b68113b4b895a96641be06395ffeef88fea6178b30027d9?s=96&d=mm&r=g\",\"caption\":\"Helena Pedone\"},\"url\":\"https:\/\/progettotouring.it\/radiotouring104\/author\/helena\/\"}]}<\/script>\n<!-- \/ Yoast SEO plugin. -->","yoast_head_json":{"title":"Reggio: il libro \"A Sud del Sud\" rincorre la bont\u00e0 della Calabria","description":"Il 25 gennaio la rassegna letteraria del Liceo Classico \"T. Campanella\" incontra l'autore Giuseppe Smorto","robots":{"index":"index","follow":"follow","max-snippet":"max-snippet:-1","max-image-preview":"max-image-preview:large","max-video-preview":"max-video-preview:-1"},"canonical":"https:\/\/progettotouring.it\/radiotouring104\/2023\/01\/11\/reggio-il-libro-a-sud-del-sud-rincorre-la-bonta-della-calabria\/","og_locale":"it_IT","og_type":"article","og_title":"Reggio: il libro \"A Sud del Sud\" rincorre la bont\u00e0 della Calabria","og_description":"Il 25 gennaio la rassegna letteraria del Liceo Classico \"T. Campanella\" incontra l'autore Giuseppe Smorto","og_url":"https:\/\/progettotouring.it\/radiotouring104\/2023\/01\/11\/reggio-il-libro-a-sud-del-sud-rincorre-la-bonta-della-calabria\/","og_site_name":"Radio Touring 104","article_published_time":"2023-01-11T10:45:26+00:00","article_modified_time":"2023-01-11T10:47:06+00:00","og_image":[{"width":724,"height":1024,"url":"https:\/\/progettotouring.it\/radiotouring104\/wp-content\/uploads\/sites\/6\/2023\/01\/A-Sud-del-Sud.jpg","type":"image\/jpeg"}],"author":"Helena Pedone","twitter_card":"summary_large_image","twitter_misc":{"Scritto da":"Helena Pedone","Tempo di lettura stimato":"1 minuto"},"schema":{"@context":"https:\/\/schema.org","@graph":[{"@type":"Article","@id":"https:\/\/progettotouring.it\/radiotouring104\/2023\/01\/11\/reggio-il-libro-a-sud-del-sud-rincorre-la-bonta-della-calabria\/#article","isPartOf":{"@id":"https:\/\/progettotouring.it\/radiotouring104\/2023\/01\/11\/reggio-il-libro-a-sud-del-sud-rincorre-la-bonta-della-calabria\/"},"author":{"name":"Helena Pedone","@id":"https:\/\/progettotouring.it\/radiotouring104\/#\/schema\/person\/8458ed437f4094f881aab8e4cc572684"},"headline":"Reggio: il libro &#8220;A Sud del Sud&#8221; rincorre la bont\u00e0 della Calabria","datePublished":"2023-01-11T10:45:26+00:00","dateModified":"2023-01-11T10:47:06+00:00","mainEntityOfPage":{"@id":"https:\/\/progettotouring.it\/radiotouring104\/2023\/01\/11\/reggio-il-libro-a-sud-del-sud-rincorre-la-bonta-della-calabria\/"},"wordCount":130,"commentCount":0,"publisher":{"@id":"https:\/\/progettotouring.it\/radiotouring104\/#organization"},"image":{"@id":"https:\/\/progettotouring.it\/radiotouring104\/2023\/01\/11\/reggio-il-libro-a-sud-del-sud-rincorre-la-bonta-della-calabria\/#primaryimage"},"thumbnailUrl":"https:\/\/progettotouring.it\/radiotouring104\/wp-content\/uploads\/sites\/6\/2023\/01\/A-Sud-del-Sud.jpg","keywords":["\u201cA sud del sud\u201d","Aula Magna Liceo Campanella","Giuseppe Smorto","reggio calabria"],"articleSection":["Home","News","Reggio Calabria"],"inLanguage":"it-IT","potentialAction":[{"@type":"CommentAction","name":"Comment","target":["https:\/\/progettotouring.it\/radiotouring104\/2023\/01\/11\/reggio-il-libro-a-sud-del-sud-rincorre-la-bonta-della-calabria\/#respond"]}]},{"@type":"WebPage","@id":"https:\/\/progettotouring.it\/radiotouring104\/2023\/01\/11\/reggio-il-libro-a-sud-del-sud-rincorre-la-bonta-della-calabria\/","url":"https:\/\/progettotouring.it\/radiotouring104\/2023\/01\/11\/reggio-il-libro-a-sud-del-sud-rincorre-la-bonta-della-calabria\/","name":"Reggio: il libro \"A Sud del Sud\" rincorre la bont\u00e0 della Calabria","isPartOf":{"@id":"https:\/\/progettotouring.it\/radiotouring104\/#website"},"primaryImageOfPage":{"@id":"https:\/\/progettotouring.it\/radiotouring104\/2023\/01\/11\/reggio-il-libro-a-sud-del-sud-rincorre-la-bonta-della-calabria\/#primaryimage"},"image":{"@id":"https:\/\/progettotouring.it\/radiotouring104\/2023\/01\/11\/reggio-il-libro-a-sud-del-sud-rincorre-la-bonta-della-calabria\/#primaryimage"},"thumbnailUrl":"https:\/\/progettotouring.it\/radiotouring104\/wp-content\/uploads\/sites\/6\/2023\/01\/A-Sud-del-Sud.jpg","datePublished":"2023-01-11T10:45:26+00:00","dateModified":"2023-01-11T10:47:06+00:00","description":"Il 25 gennaio la rassegna letteraria del Liceo Classico \"T. Campanella\" incontra l'autore Giuseppe Smorto","breadcrumb":{"@id":"https:\/\/progettotouring.it\/radiotouring104\/2023\/01\/11\/reggio-il-libro-a-sud-del-sud-rincorre-la-bonta-della-calabria\/#breadcrumb"},"inLanguage":"it-IT","potentialAction":[{"@type":"ReadAction","target":["https:\/\/progettotouring.it\/radiotouring104\/2023\/01\/11\/reggio-il-libro-a-sud-del-sud-rincorre-la-bonta-della-calabria\/"]}]},{"@type":"ImageObject","inLanguage":"it-IT","@id":"https:\/\/progettotouring.it\/radiotouring104\/2023\/01\/11\/reggio-il-libro-a-sud-del-sud-rincorre-la-bonta-della-calabria\/#primaryimage","url":"https:\/\/progettotouring.it\/radiotouring104\/wp-content\/uploads\/sites\/6\/2023\/01\/A-Sud-del-Sud.jpg","contentUrl":"https:\/\/progettotouring.it\/radiotouring104\/wp-content\/uploads\/sites\/6\/2023\/01\/A-Sud-del-Sud.jpg","width":724,"height":1024},{"@type":"BreadcrumbList","@id":"https:\/\/progettotouring.it\/radiotouring104\/2023\/01\/11\/reggio-il-libro-a-sud-del-sud-rincorre-la-bonta-della-calabria\/#breadcrumb","itemListElement":[{"@type":"ListItem","position":1,"name":"Home","item":"https:\/\/progettotouring.it\/radiotouring104\/"},{"@type":"ListItem","position":2,"name":"Reggio: il libro &#8220;A Sud del Sud&#8221; rincorre la bont\u00e0 della Calabria"}]},{"@type":"WebSite","@id":"https:\/\/progettotouring.it\/radiotouring104\/#website","url":"https:\/\/progettotouring.it\/radiotouring104\/","name":"Radio Touring 104","description":"La prima radio Reggina","publisher":{"@id":"https:\/\/progettotouring.it\/radiotouring104\/#organization"},"potentialAction":[{"@type":"SearchAction","target":{"@type":"EntryPoint","urlTemplate":"https:\/\/progettotouring.it\/radiotouring104\/?s={search_term_string}"},"query-input":{"@type":"PropertyValueSpecification","valueRequired":true,"valueName":"search_term_string"}}],"inLanguage":"it-IT"},{"@type":"Organization","@id":"https:\/\/progettotouring.it\/radiotouring104\/#organization","name":"Radio Touring 104","url":"https:\/\/progettotouring.it\/radiotouring104\/","logo":{"@type":"ImageObject","inLanguage":"it-IT","@id":"https:\/\/progettotouring.it\/radiotouring104\/#\/schema\/logo\/image\/","url":"https:\/\/progettotouring.it\/radiotouring104\/wp-content\/uploads\/sites\/6\/2022\/02\/cropped-logo-radio-touring-104.png","contentUrl":"https:\/\/progettotouring.it\/radiotouring104\/wp-content\/uploads\/sites\/6\/2022\/02\/cropped-logo-radio-touring-104.png","width":377,"height":182,"caption":"Radio Touring 104"},"image":{"@id":"https:\/\/progettotouring.it\/radiotouring104\/#\/schema\/logo\/image\/"}},{"@type":"Person","@id":"https:\/\/progettotouring.it\/radiotouring104\/#\/schema\/person\/8458ed437f4094f881aab8e4cc572684","name":"Helena Pedone","image":{"@type":"ImageObject","inLanguage":"it-IT","@id":"https:\/\/secure.gravatar.com\/avatar\/95a63adf316f90175b68113b4b895a96641be06395ffeef88fea6178b30027d9?s=96&d=mm&r=g","url":"https:\/\/secure.gravatar.com\/avatar\/95a63adf316f90175b68113b4b895a96641be06395ffeef88fea6178b30027d9?s=96&d=mm&r=g","contentUrl":"https:\/\/secure.gravatar.com\/avatar\/95a63adf316f90175b68113b4b895a96641be06395ffeef88fea6178b30027d9?s=96&d=mm&r=g","caption":"Helena Pedone"},"url":"https:\/\/progettotouring.it\/radiotouring104\/author\/helena\/"}]}},"jetpack_publicize_connections":[],"jetpack_featured_media_url":"https:\/\/progettotouring.it\/radiotouring104\/wp-content\/uploads\/sites\/6\/2023\/01\/A-Sud-del-Sud.jpg","jetpack_sharing_enabled":true,"_links":{"self":[{"href":"https:\/\/progettotouring.it\/radiotouring104\/wp-json\/wp\/v2\/posts\/16447","targetHints":{"allow":["GET"]}}],"collection":[{"href":"https:\/\/progettotouring.it\/radiotouring104\/wp-json\/wp\/v2\/posts"}],"about":[{"href":"https:\/\/progettotouring.it\/radiotouring104\/wp-json\/wp\/v2\/types\/post"}],"author":[{"embeddable":true,"href":"https:\/\/progettotouring.it\/radiotouring104\/wp-json\/wp\/v2\/users\/13"}],"replies":[{"embeddable":true,"href":"https:\/\/progettotouring.it\/radiotouring104\/wp-json\/wp\/v2\/comments?post=16447"}],"version-history":[{"count":3,"href":"https:\/\/progettotouring.it\/radiotouring104\/wp-json\/wp\/v2\/posts\/16447\/revisions"}],"predecessor-version":[{"id":16453,"href":"https:\/\/progettotouring.it\/radiotouring104\/wp-json\/wp\/v2\/posts\/16447\/revisions\/16453"}],"wp:featuredmedia":[{"embeddable":true,"href":"https:\/\/progettotouring.it\/radiotouring104\/wp-json\/wp\/v2\/media\/16448"}],"wp:attachment":[{"href":"https:\/\/progettotouring.it\/radiotouring104\/wp-json\/wp\/v2\/media?parent=16447"}],"wp:term":[{"taxonomy":"category","embeddable":true,"href":"https:\/\/progettotouring.it\/radiotouring104\/wp-json\/wp\/v2\/categories?post=16447"},{"taxonomy":"post_tag","embeddable":true,"href":"https:\/\/progettotouring.it\/radiotouring104\/wp-json\/wp\/v2\/tags?post=16447"}],"curies":[{"name":"wp","href":"https:\/\/api.w.org\/{rel}","templated":true}]}}