{"id":16598,"date":"2023-01-12T17:15:54","date_gmt":"2023-01-12T16:15:54","guid":{"rendered":"https:\/\/progettotouring.it\/radiotouring104\/?p=16598"},"modified":"2023-01-13T10:16:51","modified_gmt":"2023-01-13T09:16:51","slug":"universita-di-medicina-lo-schiavo-ridistribuzione-dellofferta-formativa-in-tutta-la-regione","status":"publish","type":"post","link":"https:\/\/progettotouring.it\/radiotouring104\/2023\/01\/12\/universita-di-medicina-lo-schiavo-ridistribuzione-dellofferta-formativa-in-tutta-la-regione\/","title":{"rendered":"Universit\u00e0 di Medicina, Lo Schiavo: &#8220;Ridistribuzione dell&#8217;offerta formativa in tutta la Regione&#8221;"},"content":{"rendered":"<p style=\"font-weight: 400; text-align: justify;\">L\u2019Universit\u00e0 dovrebbe essere alla portata di tutti, diffusa capillarmente su tutto il territorio della Calabria, ma ancora oggi non \u00e8 cos\u00ec. I Poli principali, infatti, \u00a0si concentrano nelle citt\u00e0 di Cosenza, sede dell\u2019UniCal, di Catanzaro, sede dell&#8217;Universit\u00e0 della Magna Grecia, e Reggio Calabria, sede dell\u2019Universit\u00e0 Mediterranea.<\/p>\n<p style=\"font-weight: 400; text-align: justify;\">Con la costituzione della nuova facolt\u00e0 di Medicina il Consigliere regionale Antonio Lo Schiavo chiede il coinvolgimento di tutte quelle aree calabresi spesso escluse, e lo fa attraverso u<span style=\"font-weight: 400;\">n post pubblicato sulla sua pagina Facebook in cui scrive: &#8220;<\/span><em>\u00c8 il momento giusto per affrontare il tema della ridistribuzione dell\u2019offerta formativa universitaria su tutto il territorio calabrese. Non servono logiche di campanile, ma tenere in considerazione le peculiarit\u00e0 dei territori e le loro potenzialit\u00e0. Ci sono alcune zone della Calabria, penso ad esempio alla provincia di Crotone e a quella di Vibo Valentia, che sono totalmente escluse da ogni facolt\u00e0 universitaria o corsi di specializzazione, e che hanno una necessit\u00e0 di partecipare al dibattito in corso rivendicando un ruolo nella riorganizzazione delle universit\u00e0 calabresi. Mi piacerebbe che la classe politica e le forze sociali di questi territori, al di l\u00e0 dei colori politici, alzassero lo sguardo e si occupassero di questo tema vitale per la loro sopravvivenza&#8221;<\/em>.<\/p>\n","protected":false},"excerpt":{"rendered":"<p>L\u2019Universit\u00e0 dovrebbe essere alla portata di tutti, diffusa capillarmente su tutto il territorio della Calabria, ma ancora oggi non \u00e8 cos\u00ec. I Poli principali, infatti, \u00a0si concentrano nelle citt\u00e0 di&hellip;<\/p>\n","protected":false},"author":14,"featured_media":15848,"comment_status":"open","ping_status":"open","sticky":false,"template":"","format":"standard","meta":{"_jetpack_memberships_contains_paid_content":false,"footnotes":"","jetpack_publicize_message":"","jetpack_publicize_feature_enabled":true,"jetpack_social_post_already_shared":false,"jetpack_social_options":{"image_generator_settings":{"template":"highway","default_image_id":0,"font":"","enabled":false},"version":2}},"categories":[142,921,196],"tags":[1816,698,354,7395,236,5645,371,372,5308,8349,5657,369],"class_list":["post-16598","post","type-post","status-publish","format-standard","has-post-thumbnail","hentry","category-calabria","category-home","category-news","tag-antonio-lo-schiavo","tag-catanzaro","tag-cosenza","tag-medicina","tag-reggio-calabria","tag-unical","tag-unirc","tag-universita","tag-universita-della-calabria","tag-universita-di-medicina","tag-universita-magna-graecia","tag-universita-mediterranea"],"yoast_head":"<!-- This site is optimized with the Yoast SEO plugin v27.2 - https:\/\/yoast.com\/product\/yoast-seo-wordpress\/ -->\n<title>Universit\u00e0 di Medicina, Lo Schiavo: &quot;Ridistribuire offerta formativa&quot;<\/title>\n<meta name=\"description\" content=\"Con la nuova facolt\u00e0 di Medicina il Consigliere regionale Antonio Lo Schiavo chiede il coinvolgimento di tutte le aree calabresi\" \/>\n<meta name=\"robots\" content=\"index, follow, max-snippet:-1, max-image-preview:large, max-video-preview:-1\" \/>\n<link rel=\"canonical\" href=\"https:\/\/progettotouring.it\/radiotouring104\/2023\/01\/12\/universita-di-medicina-lo-schiavo-ridistribuzione-dellofferta-formativa-in-tutta-la-regione\/\" \/>\n<meta property=\"og:locale\" content=\"it_IT\" \/>\n<meta property=\"og:type\" content=\"article\" \/>\n<meta property=\"og:title\" content=\"Universit\u00e0 di Medicina, Lo Schiavo: &quot;Ridistribuire offerta formativa&quot;\" \/>\n<meta property=\"og:description\" content=\"Con la nuova facolt\u00e0 di Medicina il Consigliere regionale Antonio Lo Schiavo chiede il coinvolgimento di tutte le aree calabresi\" \/>\n<meta property=\"og:url\" content=\"https:\/\/progettotouring.it\/radiotouring104\/2023\/01\/12\/universita-di-medicina-lo-schiavo-ridistribuzione-dellofferta-formativa-in-tutta-la-regione\/\" \/>\n<meta property=\"og:site_name\" content=\"Radio Touring 104\" \/>\n<meta property=\"article:published_time\" content=\"2023-01-12T16:15:54+00:00\" \/>\n<meta property=\"article:modified_time\" content=\"2023-01-13T09:16:51+00:00\" \/>\n<meta property=\"og:image\" content=\"https:\/\/progettotouring.it\/radiotouring104\/wp-content\/uploads\/sites\/6\/2022\/12\/UniRC_Cittadella-Universitaria.jpg\" \/>\n\t<meta property=\"og:image:width\" content=\"1215\" \/>\n\t<meta property=\"og:image:height\" content=\"957\" \/>\n\t<meta property=\"og:image:type\" content=\"image\/jpeg\" \/>\n<meta name=\"author\" content=\"Giovanna Triolo\" \/>\n<meta name=\"twitter:card\" content=\"summary_large_image\" \/>\n<meta name=\"twitter:label1\" content=\"Scritto da\" \/>\n\t<meta name=\"twitter:data1\" content=\"Giovanna Triolo\" \/>\n\t<meta name=\"twitter:label2\" content=\"Tempo di lettura stimato\" \/>\n\t<meta name=\"twitter:data2\" content=\"1 minuto\" \/>\n<script type=\"application\/ld+json\" class=\"yoast-schema-graph\">{\"@context\":\"https:\/\/schema.org\",\"@graph\":[{\"@type\":\"Article\",\"@id\":\"https:\/\/progettotouring.it\/radiotouring104\/2023\/01\/12\/universita-di-medicina-lo-schiavo-ridistribuzione-dellofferta-formativa-in-tutta-la-regione\/#article\",\"isPartOf\":{\"@id\":\"https:\/\/progettotouring.it\/radiotouring104\/2023\/01\/12\/universita-di-medicina-lo-schiavo-ridistribuzione-dellofferta-formativa-in-tutta-la-regione\/\"},\"author\":{\"name\":\"Giovanna Triolo\",\"@id\":\"https:\/\/progettotouring.it\/radiotouring104\/#\/schema\/person\/39b7921e814ce650c48075565036a6a7\"},\"headline\":\"Universit\u00e0 di Medicina, Lo Schiavo: &#8220;Ridistribuzione dell&#8217;offerta formativa in tutta la Regione&#8221;\",\"datePublished\":\"2023-01-12T16:15:54+00:00\",\"dateModified\":\"2023-01-13T09:16:51+00:00\",\"mainEntityOfPage\":{\"@id\":\"https:\/\/progettotouring.it\/radiotouring104\/2023\/01\/12\/universita-di-medicina-lo-schiavo-ridistribuzione-dellofferta-formativa-in-tutta-la-regione\/\"},\"wordCount\":216,\"commentCount\":0,\"publisher\":{\"@id\":\"https:\/\/progettotouring.it\/radiotouring104\/#organization\"},\"image\":{\"@id\":\"https:\/\/progettotouring.it\/radiotouring104\/2023\/01\/12\/universita-di-medicina-lo-schiavo-ridistribuzione-dellofferta-formativa-in-tutta-la-regione\/#primaryimage\"},\"thumbnailUrl\":\"https:\/\/progettotouring.it\/radiotouring104\/wp-content\/uploads\/sites\/6\/2022\/12\/UniRC_Cittadella-Universitaria.jpg\",\"keywords\":[\"antonio lo schiavo\",\"catanzaro\",\"Cosenza\",\"medicina\",\"reggio calabria\",\"Unical\",\"unirc\",\"universit\u00e0\",\"Universit\u00e0 della Calabria\",\"universit\u00e0 di medicina\",\"Universit\u00e0 Magna Graecia\",\"universit\u00e0 mediterranea\"],\"articleSection\":[\"Calabria\",\"Home\",\"News\"],\"inLanguage\":\"it-IT\",\"potentialAction\":[{\"@type\":\"CommentAction\",\"name\":\"Comment\",\"target\":[\"https:\/\/progettotouring.it\/radiotouring104\/2023\/01\/12\/universita-di-medicina-lo-schiavo-ridistribuzione-dellofferta-formativa-in-tutta-la-regione\/#respond\"]}]},{\"@type\":\"WebPage\",\"@id\":\"https:\/\/progettotouring.it\/radiotouring104\/2023\/01\/12\/universita-di-medicina-lo-schiavo-ridistribuzione-dellofferta-formativa-in-tutta-la-regione\/\",\"url\":\"https:\/\/progettotouring.it\/radiotouring104\/2023\/01\/12\/universita-di-medicina-lo-schiavo-ridistribuzione-dellofferta-formativa-in-tutta-la-regione\/\",\"name\":\"Universit\u00e0 di Medicina, Lo Schiavo: \\\"Ridistribuire offerta formativa\\\"\",\"isPartOf\":{\"@id\":\"https:\/\/progettotouring.it\/radiotouring104\/#website\"},\"primaryImageOfPage\":{\"@id\":\"https:\/\/progettotouring.it\/radiotouring104\/2023\/01\/12\/universita-di-medicina-lo-schiavo-ridistribuzione-dellofferta-formativa-in-tutta-la-regione\/#primaryimage\"},\"image\":{\"@id\":\"https:\/\/progettotouring.it\/radiotouring104\/2023\/01\/12\/universita-di-medicina-lo-schiavo-ridistribuzione-dellofferta-formativa-in-tutta-la-regione\/#primaryimage\"},\"thumbnailUrl\":\"https:\/\/progettotouring.it\/radiotouring104\/wp-content\/uploads\/sites\/6\/2022\/12\/UniRC_Cittadella-Universitaria.jpg\",\"datePublished\":\"2023-01-12T16:15:54+00:00\",\"dateModified\":\"2023-01-13T09:16:51+00:00\",\"description\":\"Con la nuova facolt\u00e0 di Medicina il Consigliere regionale Antonio Lo Schiavo chiede il coinvolgimento di tutte le aree calabresi\",\"breadcrumb\":{\"@id\":\"https:\/\/progettotouring.it\/radiotouring104\/2023\/01\/12\/universita-di-medicina-lo-schiavo-ridistribuzione-dellofferta-formativa-in-tutta-la-regione\/#breadcrumb\"},\"inLanguage\":\"it-IT\",\"potentialAction\":[{\"@type\":\"ReadAction\",\"target\":[\"https:\/\/progettotouring.it\/radiotouring104\/2023\/01\/12\/universita-di-medicina-lo-schiavo-ridistribuzione-dellofferta-formativa-in-tutta-la-regione\/\"]}]},{\"@type\":\"ImageObject\",\"inLanguage\":\"it-IT\",\"@id\":\"https:\/\/progettotouring.it\/radiotouring104\/2023\/01\/12\/universita-di-medicina-lo-schiavo-ridistribuzione-dellofferta-formativa-in-tutta-la-regione\/#primaryimage\",\"url\":\"https:\/\/progettotouring.it\/radiotouring104\/wp-content\/uploads\/sites\/6\/2022\/12\/UniRC_Cittadella-Universitaria.jpg\",\"contentUrl\":\"https:\/\/progettotouring.it\/radiotouring104\/wp-content\/uploads\/sites\/6\/2022\/12\/UniRC_Cittadella-Universitaria.jpg\",\"width\":1215,\"height\":957},{\"@type\":\"BreadcrumbList\",\"@id\":\"https:\/\/progettotouring.it\/radiotouring104\/2023\/01\/12\/universita-di-medicina-lo-schiavo-ridistribuzione-dellofferta-formativa-in-tutta-la-regione\/#breadcrumb\",\"itemListElement\":[{\"@type\":\"ListItem\",\"position\":1,\"name\":\"Home\",\"item\":\"https:\/\/progettotouring.it\/radiotouring104\/\"},{\"@type\":\"ListItem\",\"position\":2,\"name\":\"Universit\u00e0 di Medicina, Lo Schiavo: &#8220;Ridistribuzione dell&#8217;offerta formativa in tutta la Regione&#8221;\"}]},{\"@type\":\"WebSite\",\"@id\":\"https:\/\/progettotouring.it\/radiotouring104\/#website\",\"url\":\"https:\/\/progettotouring.it\/radiotouring104\/\",\"name\":\"Radio Touring 104\",\"description\":\"La prima radio Reggina\",\"publisher\":{\"@id\":\"https:\/\/progettotouring.it\/radiotouring104\/#organization\"},\"potentialAction\":[{\"@type\":\"SearchAction\",\"target\":{\"@type\":\"EntryPoint\",\"urlTemplate\":\"https:\/\/progettotouring.it\/radiotouring104\/?s={search_term_string}\"},\"query-input\":{\"@type\":\"PropertyValueSpecification\",\"valueRequired\":true,\"valueName\":\"search_term_string\"}}],\"inLanguage\":\"it-IT\"},{\"@type\":\"Organization\",\"@id\":\"https:\/\/progettotouring.it\/radiotouring104\/#organization\",\"name\":\"Radio Touring 104\",\"url\":\"https:\/\/progettotouring.it\/radiotouring104\/\",\"logo\":{\"@type\":\"ImageObject\",\"inLanguage\":\"it-IT\",\"@id\":\"https:\/\/progettotouring.it\/radiotouring104\/#\/schema\/logo\/image\/\",\"url\":\"https:\/\/progettotouring.it\/radiotouring104\/wp-content\/uploads\/sites\/6\/2022\/02\/cropped-logo-radio-touring-104.png\",\"contentUrl\":\"https:\/\/progettotouring.it\/radiotouring104\/wp-content\/uploads\/sites\/6\/2022\/02\/cropped-logo-radio-touring-104.png\",\"width\":377,\"height\":182,\"caption\":\"Radio Touring 104\"},\"image\":{\"@id\":\"https:\/\/progettotouring.it\/radiotouring104\/#\/schema\/logo\/image\/\"}},{\"@type\":\"Person\",\"@id\":\"https:\/\/progettotouring.it\/radiotouring104\/#\/schema\/person\/39b7921e814ce650c48075565036a6a7\",\"name\":\"Giovanna Triolo\",\"image\":{\"@type\":\"ImageObject\",\"inLanguage\":\"it-IT\",\"@id\":\"https:\/\/secure.gravatar.com\/avatar\/e542eca288d5fdcf7afd8bda17389faf75f6a208edd42dad42bedab48136e524?s=96&d=mm&r=g\",\"url\":\"https:\/\/secure.gravatar.com\/avatar\/e542eca288d5fdcf7afd8bda17389faf75f6a208edd42dad42bedab48136e524?s=96&d=mm&r=g\",\"contentUrl\":\"https:\/\/secure.gravatar.com\/avatar\/e542eca288d5fdcf7afd8bda17389faf75f6a208edd42dad42bedab48136e524?s=96&d=mm&r=g\",\"caption\":\"Giovanna Triolo\"},\"url\":\"https:\/\/progettotouring.it\/radiotouring104\/author\/giovanna\/\"}]}<\/script>\n<!-- \/ Yoast SEO plugin. -->","yoast_head_json":{"title":"Universit\u00e0 di Medicina, Lo Schiavo: \"Ridistribuire offerta formativa\"","description":"Con la nuova facolt\u00e0 di Medicina il Consigliere regionale Antonio Lo Schiavo chiede il coinvolgimento di tutte le aree calabresi","robots":{"index":"index","follow":"follow","max-snippet":"max-snippet:-1","max-image-preview":"max-image-preview:large","max-video-preview":"max-video-preview:-1"},"canonical":"https:\/\/progettotouring.it\/radiotouring104\/2023\/01\/12\/universita-di-medicina-lo-schiavo-ridistribuzione-dellofferta-formativa-in-tutta-la-regione\/","og_locale":"it_IT","og_type":"article","og_title":"Universit\u00e0 di Medicina, Lo Schiavo: \"Ridistribuire offerta formativa\"","og_description":"Con la nuova facolt\u00e0 di Medicina il Consigliere regionale Antonio Lo Schiavo chiede il coinvolgimento di tutte le aree calabresi","og_url":"https:\/\/progettotouring.it\/radiotouring104\/2023\/01\/12\/universita-di-medicina-lo-schiavo-ridistribuzione-dellofferta-formativa-in-tutta-la-regione\/","og_site_name":"Radio Touring 104","article_published_time":"2023-01-12T16:15:54+00:00","article_modified_time":"2023-01-13T09:16:51+00:00","og_image":[{"width":1215,"height":957,"url":"https:\/\/progettotouring.it\/radiotouring104\/wp-content\/uploads\/sites\/6\/2022\/12\/UniRC_Cittadella-Universitaria.jpg","type":"image\/jpeg"}],"author":"Giovanna Triolo","twitter_card":"summary_large_image","twitter_misc":{"Scritto da":"Giovanna Triolo","Tempo di lettura stimato":"1 minuto"},"schema":{"@context":"https:\/\/schema.org","@graph":[{"@type":"Article","@id":"https:\/\/progettotouring.it\/radiotouring104\/2023\/01\/12\/universita-di-medicina-lo-schiavo-ridistribuzione-dellofferta-formativa-in-tutta-la-regione\/#article","isPartOf":{"@id":"https:\/\/progettotouring.it\/radiotouring104\/2023\/01\/12\/universita-di-medicina-lo-schiavo-ridistribuzione-dellofferta-formativa-in-tutta-la-regione\/"},"author":{"name":"Giovanna Triolo","@id":"https:\/\/progettotouring.it\/radiotouring104\/#\/schema\/person\/39b7921e814ce650c48075565036a6a7"},"headline":"Universit\u00e0 di Medicina, Lo Schiavo: &#8220;Ridistribuzione dell&#8217;offerta formativa in tutta la Regione&#8221;","datePublished":"2023-01-12T16:15:54+00:00","dateModified":"2023-01-13T09:16:51+00:00","mainEntityOfPage":{"@id":"https:\/\/progettotouring.it\/radiotouring104\/2023\/01\/12\/universita-di-medicina-lo-schiavo-ridistribuzione-dellofferta-formativa-in-tutta-la-regione\/"},"wordCount":216,"commentCount":0,"publisher":{"@id":"https:\/\/progettotouring.it\/radiotouring104\/#organization"},"image":{"@id":"https:\/\/progettotouring.it\/radiotouring104\/2023\/01\/12\/universita-di-medicina-lo-schiavo-ridistribuzione-dellofferta-formativa-in-tutta-la-regione\/#primaryimage"},"thumbnailUrl":"https:\/\/progettotouring.it\/radiotouring104\/wp-content\/uploads\/sites\/6\/2022\/12\/UniRC_Cittadella-Universitaria.jpg","keywords":["antonio lo schiavo","catanzaro","Cosenza","medicina","reggio calabria","Unical","unirc","universit\u00e0","Universit\u00e0 della Calabria","universit\u00e0 di medicina","Universit\u00e0 Magna Graecia","universit\u00e0 mediterranea"],"articleSection":["Calabria","Home","News"],"inLanguage":"it-IT","potentialAction":[{"@type":"CommentAction","name":"Comment","target":["https:\/\/progettotouring.it\/radiotouring104\/2023\/01\/12\/universita-di-medicina-lo-schiavo-ridistribuzione-dellofferta-formativa-in-tutta-la-regione\/#respond"]}]},{"@type":"WebPage","@id":"https:\/\/progettotouring.it\/radiotouring104\/2023\/01\/12\/universita-di-medicina-lo-schiavo-ridistribuzione-dellofferta-formativa-in-tutta-la-regione\/","url":"https:\/\/progettotouring.it\/radiotouring104\/2023\/01\/12\/universita-di-medicina-lo-schiavo-ridistribuzione-dellofferta-formativa-in-tutta-la-regione\/","name":"Universit\u00e0 di Medicina, Lo Schiavo: \"Ridistribuire offerta formativa\"","isPartOf":{"@id":"https:\/\/progettotouring.it\/radiotouring104\/#website"},"primaryImageOfPage":{"@id":"https:\/\/progettotouring.it\/radiotouring104\/2023\/01\/12\/universita-di-medicina-lo-schiavo-ridistribuzione-dellofferta-formativa-in-tutta-la-regione\/#primaryimage"},"image":{"@id":"https:\/\/progettotouring.it\/radiotouring104\/2023\/01\/12\/universita-di-medicina-lo-schiavo-ridistribuzione-dellofferta-formativa-in-tutta-la-regione\/#primaryimage"},"thumbnailUrl":"https:\/\/progettotouring.it\/radiotouring104\/wp-content\/uploads\/sites\/6\/2022\/12\/UniRC_Cittadella-Universitaria.jpg","datePublished":"2023-01-12T16:15:54+00:00","dateModified":"2023-01-13T09:16:51+00:00","description":"Con la nuova facolt\u00e0 di Medicina il Consigliere regionale Antonio Lo Schiavo chiede il coinvolgimento di tutte le aree calabresi","breadcrumb":{"@id":"https:\/\/progettotouring.it\/radiotouring104\/2023\/01\/12\/universita-di-medicina-lo-schiavo-ridistribuzione-dellofferta-formativa-in-tutta-la-regione\/#breadcrumb"},"inLanguage":"it-IT","potentialAction":[{"@type":"ReadAction","target":["https:\/\/progettotouring.it\/radiotouring104\/2023\/01\/12\/universita-di-medicina-lo-schiavo-ridistribuzione-dellofferta-formativa-in-tutta-la-regione\/"]}]},{"@type":"ImageObject","inLanguage":"it-IT","@id":"https:\/\/progettotouring.it\/radiotouring104\/2023\/01\/12\/universita-di-medicina-lo-schiavo-ridistribuzione-dellofferta-formativa-in-tutta-la-regione\/#primaryimage","url":"https:\/\/progettotouring.it\/radiotouring104\/wp-content\/uploads\/sites\/6\/2022\/12\/UniRC_Cittadella-Universitaria.jpg","contentUrl":"https:\/\/progettotouring.it\/radiotouring104\/wp-content\/uploads\/sites\/6\/2022\/12\/UniRC_Cittadella-Universitaria.jpg","width":1215,"height":957},{"@type":"BreadcrumbList","@id":"https:\/\/progettotouring.it\/radiotouring104\/2023\/01\/12\/universita-di-medicina-lo-schiavo-ridistribuzione-dellofferta-formativa-in-tutta-la-regione\/#breadcrumb","itemListElement":[{"@type":"ListItem","position":1,"name":"Home","item":"https:\/\/progettotouring.it\/radiotouring104\/"},{"@type":"ListItem","position":2,"name":"Universit\u00e0 di Medicina, Lo Schiavo: &#8220;Ridistribuzione dell&#8217;offerta formativa in tutta la Regione&#8221;"}]},{"@type":"WebSite","@id":"https:\/\/progettotouring.it\/radiotouring104\/#website","url":"https:\/\/progettotouring.it\/radiotouring104\/","name":"Radio Touring 104","description":"La prima radio Reggina","publisher":{"@id":"https:\/\/progettotouring.it\/radiotouring104\/#organization"},"potentialAction":[{"@type":"SearchAction","target":{"@type":"EntryPoint","urlTemplate":"https:\/\/progettotouring.it\/radiotouring104\/?s={search_term_string}"},"query-input":{"@type":"PropertyValueSpecification","valueRequired":true,"valueName":"search_term_string"}}],"inLanguage":"it-IT"},{"@type":"Organization","@id":"https:\/\/progettotouring.it\/radiotouring104\/#organization","name":"Radio Touring 104","url":"https:\/\/progettotouring.it\/radiotouring104\/","logo":{"@type":"ImageObject","inLanguage":"it-IT","@id":"https:\/\/progettotouring.it\/radiotouring104\/#\/schema\/logo\/image\/","url":"https:\/\/progettotouring.it\/radiotouring104\/wp-content\/uploads\/sites\/6\/2022\/02\/cropped-logo-radio-touring-104.png","contentUrl":"https:\/\/progettotouring.it\/radiotouring104\/wp-content\/uploads\/sites\/6\/2022\/02\/cropped-logo-radio-touring-104.png","width":377,"height":182,"caption":"Radio Touring 104"},"image":{"@id":"https:\/\/progettotouring.it\/radiotouring104\/#\/schema\/logo\/image\/"}},{"@type":"Person","@id":"https:\/\/progettotouring.it\/radiotouring104\/#\/schema\/person\/39b7921e814ce650c48075565036a6a7","name":"Giovanna Triolo","image":{"@type":"ImageObject","inLanguage":"it-IT","@id":"https:\/\/secure.gravatar.com\/avatar\/e542eca288d5fdcf7afd8bda17389faf75f6a208edd42dad42bedab48136e524?s=96&d=mm&r=g","url":"https:\/\/secure.gravatar.com\/avatar\/e542eca288d5fdcf7afd8bda17389faf75f6a208edd42dad42bedab48136e524?s=96&d=mm&r=g","contentUrl":"https:\/\/secure.gravatar.com\/avatar\/e542eca288d5fdcf7afd8bda17389faf75f6a208edd42dad42bedab48136e524?s=96&d=mm&r=g","caption":"Giovanna Triolo"},"url":"https:\/\/progettotouring.it\/radiotouring104\/author\/giovanna\/"}]}},"jetpack_publicize_connections":[],"jetpack_featured_media_url":"https:\/\/progettotouring.it\/radiotouring104\/wp-content\/uploads\/sites\/6\/2022\/12\/UniRC_Cittadella-Universitaria.jpg","jetpack_sharing_enabled":true,"_links":{"self":[{"href":"https:\/\/progettotouring.it\/radiotouring104\/wp-json\/wp\/v2\/posts\/16598","targetHints":{"allow":["GET"]}}],"collection":[{"href":"https:\/\/progettotouring.it\/radiotouring104\/wp-json\/wp\/v2\/posts"}],"about":[{"href":"https:\/\/progettotouring.it\/radiotouring104\/wp-json\/wp\/v2\/types\/post"}],"author":[{"embeddable":true,"href":"https:\/\/progettotouring.it\/radiotouring104\/wp-json\/wp\/v2\/users\/14"}],"replies":[{"embeddable":true,"href":"https:\/\/progettotouring.it\/radiotouring104\/wp-json\/wp\/v2\/comments?post=16598"}],"version-history":[{"count":6,"href":"https:\/\/progettotouring.it\/radiotouring104\/wp-json\/wp\/v2\/posts\/16598\/revisions"}],"predecessor-version":[{"id":16628,"href":"https:\/\/progettotouring.it\/radiotouring104\/wp-json\/wp\/v2\/posts\/16598\/revisions\/16628"}],"wp:featuredmedia":[{"embeddable":true,"href":"https:\/\/progettotouring.it\/radiotouring104\/wp-json\/wp\/v2\/media\/15848"}],"wp:attachment":[{"href":"https:\/\/progettotouring.it\/radiotouring104\/wp-json\/wp\/v2\/media?parent=16598"}],"wp:term":[{"taxonomy":"category","embeddable":true,"href":"https:\/\/progettotouring.it\/radiotouring104\/wp-json\/wp\/v2\/categories?post=16598"},{"taxonomy":"post_tag","embeddable":true,"href":"https:\/\/progettotouring.it\/radiotouring104\/wp-json\/wp\/v2\/tags?post=16598"}],"curies":[{"name":"wp","href":"https:\/\/api.w.org\/{rel}","templated":true}]}}