{"id":16599,"date":"2023-01-12T17:10:53","date_gmt":"2023-01-12T16:10:53","guid":{"rendered":"https:\/\/progettotouring.it\/radiotouring104\/?p=16599"},"modified":"2023-01-12T17:10:53","modified_gmt":"2023-01-12T16:10:53","slug":"reggina-firmato-il-protocollo-dintesa-con-la-procura-della-repubblica","status":"publish","type":"post","link":"https:\/\/progettotouring.it\/radiotouring104\/2023\/01\/12\/reggina-firmato-il-protocollo-dintesa-con-la-procura-della-repubblica\/","title":{"rendered":"Reggina: firmato il protocollo d&#8217;intesa con la Procura della Repubblica"},"content":{"rendered":"<p style=\"text-align: justify\">La\u00a0<strong>firma del Protocollo d&#8217;Intesa<\/strong>\u00a0tra la\u00a0<strong>Reggina<\/strong>\u00a0e la\u00a0<strong>Procura della Repubblica presso il Tribunale per i Minorenni<\/strong>, avvenuta lo scorso dicembre presso la Prefettura di Reggio Calabria, ha gi\u00e0 destato i primi interessi oltre Calabria. Infatti,\u00a0Corriere.it, uno dei siti di informazione tra i pi\u00f9 autorevoli e diffusi nel nostro Paese, ha rilanciato la notizia di questa importante intesa a favore del territorio reggino.<\/p>\n<p>Di seguito l&#8217;articolo completo a firma di Carlo Macr\u00ec:<\/p>\n<p style=\"text-align: justify\">Il mondo del calcio apre le porte ai minorenni detenuti. La societ\u00e0 Reggina calcio ha infatti firmato insieme alla Procura dei minori e alla Prefettura un protocollo per sostenere la riabilitazione dei ragazzi finiti nelle maglie della giustizia. Per la prima volta in Italia una societ\u00e0 sportiva accoglie i minorenni destinatari di provvedimenti giudiziari con lo scopo di tutelarli e sostenere la loro riabilitazione.<strong>\u00a0Il percorso rieducativo prevede l\u2019inserimento di questi ragazzi in attivit\u00e0 di volontariato o tirocini lavorativi presso la Reggina<\/strong>, come manutenzione degli impianti sportivi del Sant\u2019Agata o degli spazi verdi, magazzinieri e, alla domenica, accompagnare i disabili allo stadio. \u00abUna messa in prova\u00bb per allontanare i giovani detenuti, ma anche chi ha voglia di dare un taglio con un passato turbolento respingendo la dedizione familiare verso il crimine organizzato cui spesso, in questo territorio, sono sottoposti i minori figli di \u2018ndranghetisti.<\/p>\n<p style=\"text-align: justify\">\u00abLa societ\u00e0 Reggina calcio nasce con un preciso intento imprenditoriale grazie all\u2019interesse e alla passione di Felice Saladini, azionista di maggioranza del club che, accanto a quello sportivo, ha sposato l\u2019attenzione verso i valori etici e morali\u00bb spiega Marcello Cardona, presidente della Reggina 1914, ex questore di Milano e Prefetto di Lodi e un passato da arbitro di serie A, che ha scelto di ritornare nella sua Reggio, proprio per accelerare il processo di rifondazione della societ\u00e0, dopo gli anni bui del fallimento e le traversie giudiziarie che hanno coinvolto ex presidenti e dirigenti amaranto.\u00a0<strong>Il brand Reggina calcio diventa quindi sinonimo di nuova vita per i giovani reggini\u00a0<\/strong>il cui percorso di vita \u00e8 stato macchiato da episodi criminali. &#8220;<em>L\u2019idea<\/em> \u2014 spiega Roberto Di Palma, procuratore dei minori di Reggio Calabria \u2014, <em>\u00e8 nata per caso, durante l\u2019intervallo di una partita della Reggina. Chiacchierando con il presidente Cardona ci siamo interrogati come, una societ\u00e0 sportiva, possa essere d\u2019aiuto ai minori incappati nella giustizia&#8221;.<\/em><\/p>\n<p style=\"text-align: justify\">Nasce cos\u00ec la collaborazione tra il mondo del calcio e le istituzioni. &#8220;<em>Noi lavoriamo per favorire la \u201cmessa in prova\u201d dei minori<\/em> \u2014 dice Di Palma \u2014.<em> Il nostro obiettivo per questi ragazzi non \u00e8 la condanna, ma l\u2019inserimento nel sociale. Chi vuole mettere la testa a posto deve sapere che le istituzioni sono al suo fianco. N<strong>egli ultimi due anni, abbiamo riportato sulla retta via 143 minori\u00a0<\/strong>. Il nostro percorso riabilitativo prevede anche la riconciliazione con la parte offesa e, soprattutto, l\u2019impegno nella scuola&#8221;<\/em>. Il prefetto Massimo Mariani ha voluto che il protocollo si firmasse dentro il Palazzo del Governo, proprio per dare pi\u00f9 valenza all\u2019accordo. &#8220;<em>Lo sport \u00e8 una straordinaria possibilit\u00e0 di crescita per questi ragazzi&#8221;<\/em>\u00a0&#8211; ha sottolineato il rappresentante del Governo.<\/p>\n<p style=\"text-align: justify\">Al di l\u00e0 dell\u2019aspetto sportivo la firma del protocollo ha soprattutto un valore sociale. La Reggina, seconda in classifica nel campionato di B, guidata da Pippo Inzaghi, con il sogno di essere promossa in A, ha gi\u00e0 vinto, per\u00f2, la classifica dell\u2019etica e della morale, proprio sottoscrivendo il principio innovativo che lega le sue attivit\u00e0 al recupero dei minori a rischio. Il progetto vuole essere anche un motivo di riconciliazione con il territorio. L\u2019impegno dell\u2019azionista di maggioranza Felice Saladini, il manager fondatore di Planet Group non si concentra, infatti, sulle plus valenze calcistiche, ma l\u2019obiettivo \u00e8 quello di creare un legame resistente con la societ\u00e0 civile.<em> &#8220;<\/em><strong><em>A Reggio Calabria<\/em> \u2013 sostiene Marcello Cardona \u2013 <em>non \u00e8 una cosa semplice, visto come questa citt\u00e0 \u00e8 spesso ricordata per fatti di sangue. Noi crediamo in questo progetto che si pone a fianco dei minori da rieducare<\/em><\/strong><em>. Questo \u00e8 solo il primo passo. Il nostro programma prevede anche la ristrutturazione dello stadio per aprirlo al popolo reggino come punto d\u2019interesse culturale e organizzazione di eventi&#8221;<\/em>. I reggini hanno gi\u00e0 manifestato tutto l\u2019interesse verso questa nuova societ\u00e0 riempiendo ogni domenica gli spalti del Granillo. Non \u00e8 un eufemismo sostenere che, dopo la Madonna della Consolazione, i reggini sono legati alla loro squadra di calcio.<\/p>\n","protected":false},"excerpt":{"rendered":"<p>La\u00a0firma del Protocollo d&#8217;Intesa\u00a0tra la\u00a0Reggina\u00a0e la\u00a0Procura della Repubblica presso il Tribunale per i Minorenni, avvenuta lo scorso dicembre presso la Prefettura di Reggio Calabria, ha gi\u00e0 destato i primi interessi&hellip;<\/p>\n","protected":false},"author":8,"featured_media":4856,"comment_status":"open","ping_status":"open","sticky":false,"template":"","format":"standard","meta":{"_jetpack_memberships_contains_paid_content":false,"footnotes":"","jetpack_publicize_message":"","jetpack_publicize_feature_enabled":true,"jetpack_social_post_already_shared":false,"jetpack_social_options":{"image_generator_settings":{"template":"highway","default_image_id":0,"font":"","enabled":false},"version":2}},"categories":[196,140,144],"tags":[3114,2853,210,236,8348],"class_list":["post-16599","post","type-post","status-publish","format-standard","has-post-thumbnail","hentry","category-news","category-reggio-calabria","category-sport","tag-marcello-cardona","tag-procura-della-repubblica","tag-reggina","tag-reggio-calabria","tag-roberto-di-palma"],"yoast_head":"<!-- This site is optimized with the Yoast SEO plugin v27.2 - https:\/\/yoast.com\/product\/yoast-seo-wordpress\/ -->\n<title>Reggina: firmato un protocollo con la Procura della Repubblica<\/title>\n<meta name=\"description\" content=\"E&#039; stato firmato il Protocollo d&#039;Intesa\u00a0tra la\u00a0Reggina\u00a0e la\u00a0Procura della Repubblica a tutela del territorio reggino\" \/>\n<meta name=\"robots\" content=\"index, follow, max-snippet:-1, max-image-preview:large, max-video-preview:-1\" \/>\n<link rel=\"canonical\" href=\"https:\/\/progettotouring.it\/radiotouring104\/2023\/01\/12\/reggina-firmato-il-protocollo-dintesa-con-la-procura-della-repubblica\/\" \/>\n<meta property=\"og:locale\" content=\"it_IT\" \/>\n<meta property=\"og:type\" content=\"article\" \/>\n<meta property=\"og:title\" content=\"Reggina: firmato un protocollo con la Procura della Repubblica\" \/>\n<meta property=\"og:description\" content=\"E&#039; stato firmato il Protocollo d&#039;Intesa\u00a0tra la\u00a0Reggina\u00a0e la\u00a0Procura della Repubblica a tutela del territorio reggino\" \/>\n<meta property=\"og:url\" content=\"https:\/\/progettotouring.it\/radiotouring104\/2023\/01\/12\/reggina-firmato-il-protocollo-dintesa-con-la-procura-della-repubblica\/\" \/>\n<meta property=\"og:site_name\" content=\"Radio Touring 104\" \/>\n<meta property=\"article:published_time\" content=\"2023-01-12T16:10:53+00:00\" \/>\n<meta property=\"og:image\" content=\"https:\/\/progettotouring.it\/radiotouring104\/wp-content\/uploads\/sites\/6\/2022\/05\/REGGINA.jpg\" \/>\n\t<meta property=\"og:image:width\" content=\"1920\" \/>\n\t<meta property=\"og:image:height\" content=\"1080\" \/>\n\t<meta property=\"og:image:type\" content=\"image\/jpeg\" \/>\n<meta name=\"author\" content=\"Filippo Francesco Idone\" \/>\n<meta name=\"twitter:card\" content=\"summary_large_image\" \/>\n<meta name=\"twitter:label1\" content=\"Scritto da\" \/>\n\t<meta name=\"twitter:data1\" content=\"Filippo Francesco Idone\" \/>\n\t<meta name=\"twitter:label2\" content=\"Tempo di lettura stimato\" \/>\n\t<meta name=\"twitter:data2\" content=\"4 minuti\" \/>\n<script type=\"application\/ld+json\" class=\"yoast-schema-graph\">{\"@context\":\"https:\/\/schema.org\",\"@graph\":[{\"@type\":\"Article\",\"@id\":\"https:\/\/progettotouring.it\/radiotouring104\/2023\/01\/12\/reggina-firmato-il-protocollo-dintesa-con-la-procura-della-repubblica\/#article\",\"isPartOf\":{\"@id\":\"https:\/\/progettotouring.it\/radiotouring104\/2023\/01\/12\/reggina-firmato-il-protocollo-dintesa-con-la-procura-della-repubblica\/\"},\"author\":{\"name\":\"Filippo Francesco Idone\",\"@id\":\"https:\/\/progettotouring.it\/radiotouring104\/#\/schema\/person\/4a82259ca52ac8702ad1a8f9e5a3120b\"},\"headline\":\"Reggina: firmato il protocollo d&#8217;intesa con la Procura della Repubblica\",\"datePublished\":\"2023-01-12T16:10:53+00:00\",\"mainEntityOfPage\":{\"@id\":\"https:\/\/progettotouring.it\/radiotouring104\/2023\/01\/12\/reggina-firmato-il-protocollo-dintesa-con-la-procura-della-repubblica\/\"},\"wordCount\":729,\"commentCount\":0,\"publisher\":{\"@id\":\"https:\/\/progettotouring.it\/radiotouring104\/#organization\"},\"image\":{\"@id\":\"https:\/\/progettotouring.it\/radiotouring104\/2023\/01\/12\/reggina-firmato-il-protocollo-dintesa-con-la-procura-della-repubblica\/#primaryimage\"},\"thumbnailUrl\":\"https:\/\/progettotouring.it\/radiotouring104\/wp-content\/uploads\/sites\/6\/2022\/05\/REGGINA.jpg\",\"keywords\":[\"Marcello Cardona\",\"procura della repubblica\",\"reggina\",\"reggio calabria\",\"roberto di palma\"],\"articleSection\":[\"News\",\"Reggio Calabria\",\"Sport\"],\"inLanguage\":\"it-IT\",\"potentialAction\":[{\"@type\":\"CommentAction\",\"name\":\"Comment\",\"target\":[\"https:\/\/progettotouring.it\/radiotouring104\/2023\/01\/12\/reggina-firmato-il-protocollo-dintesa-con-la-procura-della-repubblica\/#respond\"]}]},{\"@type\":\"WebPage\",\"@id\":\"https:\/\/progettotouring.it\/radiotouring104\/2023\/01\/12\/reggina-firmato-il-protocollo-dintesa-con-la-procura-della-repubblica\/\",\"url\":\"https:\/\/progettotouring.it\/radiotouring104\/2023\/01\/12\/reggina-firmato-il-protocollo-dintesa-con-la-procura-della-repubblica\/\",\"name\":\"Reggina: firmato un protocollo con la Procura della Repubblica\",\"isPartOf\":{\"@id\":\"https:\/\/progettotouring.it\/radiotouring104\/#website\"},\"primaryImageOfPage\":{\"@id\":\"https:\/\/progettotouring.it\/radiotouring104\/2023\/01\/12\/reggina-firmato-il-protocollo-dintesa-con-la-procura-della-repubblica\/#primaryimage\"},\"image\":{\"@id\":\"https:\/\/progettotouring.it\/radiotouring104\/2023\/01\/12\/reggina-firmato-il-protocollo-dintesa-con-la-procura-della-repubblica\/#primaryimage\"},\"thumbnailUrl\":\"https:\/\/progettotouring.it\/radiotouring104\/wp-content\/uploads\/sites\/6\/2022\/05\/REGGINA.jpg\",\"datePublished\":\"2023-01-12T16:10:53+00:00\",\"description\":\"E' stato firmato il Protocollo d'Intesa\u00a0tra la\u00a0Reggina\u00a0e la\u00a0Procura della Repubblica a tutela del territorio reggino\",\"breadcrumb\":{\"@id\":\"https:\/\/progettotouring.it\/radiotouring104\/2023\/01\/12\/reggina-firmato-il-protocollo-dintesa-con-la-procura-della-repubblica\/#breadcrumb\"},\"inLanguage\":\"it-IT\",\"potentialAction\":[{\"@type\":\"ReadAction\",\"target\":[\"https:\/\/progettotouring.it\/radiotouring104\/2023\/01\/12\/reggina-firmato-il-protocollo-dintesa-con-la-procura-della-repubblica\/\"]}]},{\"@type\":\"ImageObject\",\"inLanguage\":\"it-IT\",\"@id\":\"https:\/\/progettotouring.it\/radiotouring104\/2023\/01\/12\/reggina-firmato-il-protocollo-dintesa-con-la-procura-della-repubblica\/#primaryimage\",\"url\":\"https:\/\/progettotouring.it\/radiotouring104\/wp-content\/uploads\/sites\/6\/2022\/05\/REGGINA.jpg\",\"contentUrl\":\"https:\/\/progettotouring.it\/radiotouring104\/wp-content\/uploads\/sites\/6\/2022\/05\/REGGINA.jpg\",\"width\":1920,\"height\":1080,\"caption\":\"REGGINA\"},{\"@type\":\"BreadcrumbList\",\"@id\":\"https:\/\/progettotouring.it\/radiotouring104\/2023\/01\/12\/reggina-firmato-il-protocollo-dintesa-con-la-procura-della-repubblica\/#breadcrumb\",\"itemListElement\":[{\"@type\":\"ListItem\",\"position\":1,\"name\":\"Home\",\"item\":\"https:\/\/progettotouring.it\/radiotouring104\/\"},{\"@type\":\"ListItem\",\"position\":2,\"name\":\"Reggina: firmato il protocollo d&#8217;intesa con la Procura della Repubblica\"}]},{\"@type\":\"WebSite\",\"@id\":\"https:\/\/progettotouring.it\/radiotouring104\/#website\",\"url\":\"https:\/\/progettotouring.it\/radiotouring104\/\",\"name\":\"Radio Touring 104\",\"description\":\"La prima radio Reggina\",\"publisher\":{\"@id\":\"https:\/\/progettotouring.it\/radiotouring104\/#organization\"},\"potentialAction\":[{\"@type\":\"SearchAction\",\"target\":{\"@type\":\"EntryPoint\",\"urlTemplate\":\"https:\/\/progettotouring.it\/radiotouring104\/?s={search_term_string}\"},\"query-input\":{\"@type\":\"PropertyValueSpecification\",\"valueRequired\":true,\"valueName\":\"search_term_string\"}}],\"inLanguage\":\"it-IT\"},{\"@type\":\"Organization\",\"@id\":\"https:\/\/progettotouring.it\/radiotouring104\/#organization\",\"name\":\"Radio Touring 104\",\"url\":\"https:\/\/progettotouring.it\/radiotouring104\/\",\"logo\":{\"@type\":\"ImageObject\",\"inLanguage\":\"it-IT\",\"@id\":\"https:\/\/progettotouring.it\/radiotouring104\/#\/schema\/logo\/image\/\",\"url\":\"https:\/\/progettotouring.it\/radiotouring104\/wp-content\/uploads\/sites\/6\/2022\/02\/cropped-logo-radio-touring-104.png\",\"contentUrl\":\"https:\/\/progettotouring.it\/radiotouring104\/wp-content\/uploads\/sites\/6\/2022\/02\/cropped-logo-radio-touring-104.png\",\"width\":377,\"height\":182,\"caption\":\"Radio Touring 104\"},\"image\":{\"@id\":\"https:\/\/progettotouring.it\/radiotouring104\/#\/schema\/logo\/image\/\"}},{\"@type\":\"Person\",\"@id\":\"https:\/\/progettotouring.it\/radiotouring104\/#\/schema\/person\/4a82259ca52ac8702ad1a8f9e5a3120b\",\"name\":\"Filippo Francesco Idone\",\"image\":{\"@type\":\"ImageObject\",\"inLanguage\":\"it-IT\",\"@id\":\"https:\/\/secure.gravatar.com\/avatar\/7268715d2366395c3dd314385670e6484117d44f5c442e61e230f7008b7b62d3?s=96&d=mm&r=g\",\"url\":\"https:\/\/secure.gravatar.com\/avatar\/7268715d2366395c3dd314385670e6484117d44f5c442e61e230f7008b7b62d3?s=96&d=mm&r=g\",\"contentUrl\":\"https:\/\/secure.gravatar.com\/avatar\/7268715d2366395c3dd314385670e6484117d44f5c442e61e230f7008b7b62d3?s=96&d=mm&r=g\",\"caption\":\"Filippo Francesco Idone\"},\"url\":\"https:\/\/progettotouring.it\/radiotouring104\/author\/filippoidone\/\"}]}<\/script>\n<!-- \/ Yoast SEO plugin. -->","yoast_head_json":{"title":"Reggina: firmato un protocollo con la Procura della Repubblica","description":"E' stato firmato il Protocollo d'Intesa\u00a0tra la\u00a0Reggina\u00a0e la\u00a0Procura della Repubblica a tutela del territorio reggino","robots":{"index":"index","follow":"follow","max-snippet":"max-snippet:-1","max-image-preview":"max-image-preview:large","max-video-preview":"max-video-preview:-1"},"canonical":"https:\/\/progettotouring.it\/radiotouring104\/2023\/01\/12\/reggina-firmato-il-protocollo-dintesa-con-la-procura-della-repubblica\/","og_locale":"it_IT","og_type":"article","og_title":"Reggina: firmato un protocollo con la Procura della Repubblica","og_description":"E' stato firmato il Protocollo d'Intesa\u00a0tra la\u00a0Reggina\u00a0e la\u00a0Procura della Repubblica a tutela del territorio reggino","og_url":"https:\/\/progettotouring.it\/radiotouring104\/2023\/01\/12\/reggina-firmato-il-protocollo-dintesa-con-la-procura-della-repubblica\/","og_site_name":"Radio Touring 104","article_published_time":"2023-01-12T16:10:53+00:00","og_image":[{"width":1920,"height":1080,"url":"https:\/\/progettotouring.it\/radiotouring104\/wp-content\/uploads\/sites\/6\/2022\/05\/REGGINA.jpg","type":"image\/jpeg"}],"author":"Filippo Francesco Idone","twitter_card":"summary_large_image","twitter_misc":{"Scritto da":"Filippo Francesco Idone","Tempo di lettura stimato":"4 minuti"},"schema":{"@context":"https:\/\/schema.org","@graph":[{"@type":"Article","@id":"https:\/\/progettotouring.it\/radiotouring104\/2023\/01\/12\/reggina-firmato-il-protocollo-dintesa-con-la-procura-della-repubblica\/#article","isPartOf":{"@id":"https:\/\/progettotouring.it\/radiotouring104\/2023\/01\/12\/reggina-firmato-il-protocollo-dintesa-con-la-procura-della-repubblica\/"},"author":{"name":"Filippo Francesco Idone","@id":"https:\/\/progettotouring.it\/radiotouring104\/#\/schema\/person\/4a82259ca52ac8702ad1a8f9e5a3120b"},"headline":"Reggina: firmato il protocollo d&#8217;intesa con la Procura della Repubblica","datePublished":"2023-01-12T16:10:53+00:00","mainEntityOfPage":{"@id":"https:\/\/progettotouring.it\/radiotouring104\/2023\/01\/12\/reggina-firmato-il-protocollo-dintesa-con-la-procura-della-repubblica\/"},"wordCount":729,"commentCount":0,"publisher":{"@id":"https:\/\/progettotouring.it\/radiotouring104\/#organization"},"image":{"@id":"https:\/\/progettotouring.it\/radiotouring104\/2023\/01\/12\/reggina-firmato-il-protocollo-dintesa-con-la-procura-della-repubblica\/#primaryimage"},"thumbnailUrl":"https:\/\/progettotouring.it\/radiotouring104\/wp-content\/uploads\/sites\/6\/2022\/05\/REGGINA.jpg","keywords":["Marcello Cardona","procura della repubblica","reggina","reggio calabria","roberto di palma"],"articleSection":["News","Reggio Calabria","Sport"],"inLanguage":"it-IT","potentialAction":[{"@type":"CommentAction","name":"Comment","target":["https:\/\/progettotouring.it\/radiotouring104\/2023\/01\/12\/reggina-firmato-il-protocollo-dintesa-con-la-procura-della-repubblica\/#respond"]}]},{"@type":"WebPage","@id":"https:\/\/progettotouring.it\/radiotouring104\/2023\/01\/12\/reggina-firmato-il-protocollo-dintesa-con-la-procura-della-repubblica\/","url":"https:\/\/progettotouring.it\/radiotouring104\/2023\/01\/12\/reggina-firmato-il-protocollo-dintesa-con-la-procura-della-repubblica\/","name":"Reggina: firmato un protocollo con la Procura della Repubblica","isPartOf":{"@id":"https:\/\/progettotouring.it\/radiotouring104\/#website"},"primaryImageOfPage":{"@id":"https:\/\/progettotouring.it\/radiotouring104\/2023\/01\/12\/reggina-firmato-il-protocollo-dintesa-con-la-procura-della-repubblica\/#primaryimage"},"image":{"@id":"https:\/\/progettotouring.it\/radiotouring104\/2023\/01\/12\/reggina-firmato-il-protocollo-dintesa-con-la-procura-della-repubblica\/#primaryimage"},"thumbnailUrl":"https:\/\/progettotouring.it\/radiotouring104\/wp-content\/uploads\/sites\/6\/2022\/05\/REGGINA.jpg","datePublished":"2023-01-12T16:10:53+00:00","description":"E' stato firmato il Protocollo d'Intesa\u00a0tra la\u00a0Reggina\u00a0e la\u00a0Procura della Repubblica a tutela del territorio reggino","breadcrumb":{"@id":"https:\/\/progettotouring.it\/radiotouring104\/2023\/01\/12\/reggina-firmato-il-protocollo-dintesa-con-la-procura-della-repubblica\/#breadcrumb"},"inLanguage":"it-IT","potentialAction":[{"@type":"ReadAction","target":["https:\/\/progettotouring.it\/radiotouring104\/2023\/01\/12\/reggina-firmato-il-protocollo-dintesa-con-la-procura-della-repubblica\/"]}]},{"@type":"ImageObject","inLanguage":"it-IT","@id":"https:\/\/progettotouring.it\/radiotouring104\/2023\/01\/12\/reggina-firmato-il-protocollo-dintesa-con-la-procura-della-repubblica\/#primaryimage","url":"https:\/\/progettotouring.it\/radiotouring104\/wp-content\/uploads\/sites\/6\/2022\/05\/REGGINA.jpg","contentUrl":"https:\/\/progettotouring.it\/radiotouring104\/wp-content\/uploads\/sites\/6\/2022\/05\/REGGINA.jpg","width":1920,"height":1080,"caption":"REGGINA"},{"@type":"BreadcrumbList","@id":"https:\/\/progettotouring.it\/radiotouring104\/2023\/01\/12\/reggina-firmato-il-protocollo-dintesa-con-la-procura-della-repubblica\/#breadcrumb","itemListElement":[{"@type":"ListItem","position":1,"name":"Home","item":"https:\/\/progettotouring.it\/radiotouring104\/"},{"@type":"ListItem","position":2,"name":"Reggina: firmato il protocollo d&#8217;intesa con la Procura della Repubblica"}]},{"@type":"WebSite","@id":"https:\/\/progettotouring.it\/radiotouring104\/#website","url":"https:\/\/progettotouring.it\/radiotouring104\/","name":"Radio Touring 104","description":"La prima radio Reggina","publisher":{"@id":"https:\/\/progettotouring.it\/radiotouring104\/#organization"},"potentialAction":[{"@type":"SearchAction","target":{"@type":"EntryPoint","urlTemplate":"https:\/\/progettotouring.it\/radiotouring104\/?s={search_term_string}"},"query-input":{"@type":"PropertyValueSpecification","valueRequired":true,"valueName":"search_term_string"}}],"inLanguage":"it-IT"},{"@type":"Organization","@id":"https:\/\/progettotouring.it\/radiotouring104\/#organization","name":"Radio Touring 104","url":"https:\/\/progettotouring.it\/radiotouring104\/","logo":{"@type":"ImageObject","inLanguage":"it-IT","@id":"https:\/\/progettotouring.it\/radiotouring104\/#\/schema\/logo\/image\/","url":"https:\/\/progettotouring.it\/radiotouring104\/wp-content\/uploads\/sites\/6\/2022\/02\/cropped-logo-radio-touring-104.png","contentUrl":"https:\/\/progettotouring.it\/radiotouring104\/wp-content\/uploads\/sites\/6\/2022\/02\/cropped-logo-radio-touring-104.png","width":377,"height":182,"caption":"Radio Touring 104"},"image":{"@id":"https:\/\/progettotouring.it\/radiotouring104\/#\/schema\/logo\/image\/"}},{"@type":"Person","@id":"https:\/\/progettotouring.it\/radiotouring104\/#\/schema\/person\/4a82259ca52ac8702ad1a8f9e5a3120b","name":"Filippo Francesco Idone","image":{"@type":"ImageObject","inLanguage":"it-IT","@id":"https:\/\/secure.gravatar.com\/avatar\/7268715d2366395c3dd314385670e6484117d44f5c442e61e230f7008b7b62d3?s=96&d=mm&r=g","url":"https:\/\/secure.gravatar.com\/avatar\/7268715d2366395c3dd314385670e6484117d44f5c442e61e230f7008b7b62d3?s=96&d=mm&r=g","contentUrl":"https:\/\/secure.gravatar.com\/avatar\/7268715d2366395c3dd314385670e6484117d44f5c442e61e230f7008b7b62d3?s=96&d=mm&r=g","caption":"Filippo Francesco Idone"},"url":"https:\/\/progettotouring.it\/radiotouring104\/author\/filippoidone\/"}]}},"jetpack_publicize_connections":[],"jetpack_featured_media_url":"https:\/\/progettotouring.it\/radiotouring104\/wp-content\/uploads\/sites\/6\/2022\/05\/REGGINA.jpg","jetpack_sharing_enabled":true,"_links":{"self":[{"href":"https:\/\/progettotouring.it\/radiotouring104\/wp-json\/wp\/v2\/posts\/16599","targetHints":{"allow":["GET"]}}],"collection":[{"href":"https:\/\/progettotouring.it\/radiotouring104\/wp-json\/wp\/v2\/posts"}],"about":[{"href":"https:\/\/progettotouring.it\/radiotouring104\/wp-json\/wp\/v2\/types\/post"}],"author":[{"embeddable":true,"href":"https:\/\/progettotouring.it\/radiotouring104\/wp-json\/wp\/v2\/users\/8"}],"replies":[{"embeddable":true,"href":"https:\/\/progettotouring.it\/radiotouring104\/wp-json\/wp\/v2\/comments?post=16599"}],"version-history":[{"count":1,"href":"https:\/\/progettotouring.it\/radiotouring104\/wp-json\/wp\/v2\/posts\/16599\/revisions"}],"predecessor-version":[{"id":16600,"href":"https:\/\/progettotouring.it\/radiotouring104\/wp-json\/wp\/v2\/posts\/16599\/revisions\/16600"}],"wp:featuredmedia":[{"embeddable":true,"href":"https:\/\/progettotouring.it\/radiotouring104\/wp-json\/wp\/v2\/media\/4856"}],"wp:attachment":[{"href":"https:\/\/progettotouring.it\/radiotouring104\/wp-json\/wp\/v2\/media?parent=16599"}],"wp:term":[{"taxonomy":"category","embeddable":true,"href":"https:\/\/progettotouring.it\/radiotouring104\/wp-json\/wp\/v2\/categories?post=16599"},{"taxonomy":"post_tag","embeddable":true,"href":"https:\/\/progettotouring.it\/radiotouring104\/wp-json\/wp\/v2\/tags?post=16599"}],"curies":[{"name":"wp","href":"https:\/\/api.w.org\/{rel}","templated":true}]}}