{"id":16611,"date":"2023-01-13T10:05:29","date_gmt":"2023-01-13T09:05:29","guid":{"rendered":"https:\/\/progettotouring.it\/radiotouring104\/?p=16611"},"modified":"2023-01-13T10:21:29","modified_gmt":"2023-01-13T09:21:29","slug":"nel-reggino-due-cani-legati-e-trascinati-con-auto-uno-morto","status":"publish","type":"post","link":"https:\/\/progettotouring.it\/radiotouring104\/2023\/01\/13\/nel-reggino-due-cani-legati-e-trascinati-con-auto-uno-morto\/","title":{"rendered":"Legate con un cappio e trascinate fino alla morte: ritrovate due cagnoline a Bovalino"},"content":{"rendered":"<p style=\"text-align: justify;\">Legate tra loro con un cappio e trascinate con un mezzo a motore fino alla morte di una delle due. E&#8217; questo, denuncia la Lav in un comunicato, &#8220;l&#8217;atroce trattamento riservato a due giovani cagnoline che vivevano libere sul territorio a Palizzi e che erano in attesa di essere trasferite presso il rifugio gestito dall&#8217;associazione Anime Randagie di Bovalino che le aveva accudite fino al giorno precedente all&#8217;aggressione&#8221;. Le volontarie, riferisce la Lav, &#8220;le hanno trovate ancora legate tra loro, la sopravvissuta, con gravi ferite e sotto shock, accanto al corpo senza vita della compagna. Si tratta dell&#8217;ennesimo atto di violenza con il medesimo modus operandi: il trascinamento di cani con mezzi a motore fino a causare gravi lesioni o la morte \u00e8 purtroppo spesso utilizzato come metodo per punire i cani o per allontanarli da una determinata zona&#8221;. &#8220;Abbiamo gi\u00e0 denunciato molti atti simili in passato. L&#8217;ultimo episodio &#8211; afferma la Lav &#8211; risale al dicembre scorso, quando un cane \u00e8 stato trascinato fino alla morte in provincia di Lecce. Queste atrocit\u00e0 non possono restare impunite e devono essere perseguite con pene commisurate alla violenza praticata e alla pericolosit\u00e0 sociale che contraddistingue chi assume simili comportamenti&#8221;. L&#8217;Associazione, &#8220;gi\u00e0 impegnata nella richiesta di una riforma della legge 189\/2004 per ottenere pene pi\u00f9 severe e efficaci per chi maltratta e uccide animali&#8221;, sporge denuncia contro ignoti e chiede che il sindaco &#8220;dia un forte segnale alla comunit\u00e0 condannando pubblicamente il gesto&#8221;. &#8220;Invitiamo chiunque sappia qualcosa sull&#8217;atroce accaduto &#8211; conclude la nota &#8211; a contattare Lav, anche in forma anonima, per supportare le indagini nei confronti di chi ha con tanto odio ucciso e creato dolore a queste due cucciole indifese&#8221;. (ANSA).<\/p>\n","protected":false},"excerpt":{"rendered":"<p>Legate tra loro con un cappio e trascinate con un mezzo a motore fino alla morte di una delle due. E&#8217; questo, denuncia la Lav in un comunicato, &#8220;l&#8217;atroce trattamento&hellip;<\/p>\n","protected":false},"author":12,"featured_media":16634,"comment_status":"open","ping_status":"open","sticky":false,"template":"","format":"standard","meta":{"_jetpack_memberships_contains_paid_content":false,"footnotes":"","jetpack_publicize_message":"","jetpack_publicize_feature_enabled":true,"jetpack_social_post_already_shared":false,"jetpack_social_options":{"image_generator_settings":{"template":"highway","default_image_id":0,"font":"","enabled":false},"version":2}},"categories":[921,150,196,140],"tags":[8370,8360,1299,1381,5241,312,8369,1380,3163,7221,8361],"class_list":["post-16611","post","type-post","status-publish","format-standard","has-post-thumbnail","hentry","category-home","category-in-primo-piano","category-news","category-reggio-calabria","tag-animali-abbandonati","tag-associazione-anime-randagie","tag-bovalino","tag-cani","tag-lav","tag-lecce","tag-legge-189-2004","tag-maltrattamento-animali","tag-palizzi","tag-randagismo","tag-torturamento-animali"],"yoast_head":"<!-- This site is optimized with the Yoast SEO plugin v27.2 - https:\/\/yoast.com\/product\/yoast-seo-wordpress\/ -->\n<title>Nel reggino due cani legati e trascinati con auto, uno morto<\/title>\n<meta name=\"description\" content=\"Il comunicato di denuncia della LAV sull&#039;atroce trattamento riservato a due cagnoline che chiede ferma condanna del sindaco sull&#039;atroce gesto\" \/>\n<meta name=\"robots\" content=\"index, follow, max-snippet:-1, max-image-preview:large, max-video-preview:-1\" \/>\n<link rel=\"canonical\" href=\"https:\/\/progettotouring.it\/radiotouring104\/2023\/01\/13\/nel-reggino-due-cani-legati-e-trascinati-con-auto-uno-morto\/\" \/>\n<meta property=\"og:locale\" content=\"it_IT\" \/>\n<meta property=\"og:type\" content=\"article\" \/>\n<meta property=\"og:title\" content=\"Nel reggino due cani legati e trascinati con auto, uno morto\" \/>\n<meta property=\"og:description\" content=\"Il comunicato di denuncia della LAV sull&#039;atroce trattamento riservato a due cagnoline che chiede ferma condanna del sindaco sull&#039;atroce gesto\" \/>\n<meta property=\"og:url\" content=\"https:\/\/progettotouring.it\/radiotouring104\/2023\/01\/13\/nel-reggino-due-cani-legati-e-trascinati-con-auto-uno-morto\/\" \/>\n<meta property=\"og:site_name\" content=\"Radio Touring 104\" \/>\n<meta property=\"article:published_time\" content=\"2023-01-13T09:05:29+00:00\" \/>\n<meta property=\"article:modified_time\" content=\"2023-01-13T09:21:29+00:00\" \/>\n<meta property=\"og:image\" content=\"https:\/\/progettotouring.it\/radiotouring104\/wp-content\/uploads\/sites\/6\/2023\/01\/cane-triste.jpg\" \/>\n\t<meta property=\"og:image:width\" content=\"530\" \/>\n\t<meta property=\"og:image:height\" content=\"359\" \/>\n\t<meta property=\"og:image:type\" content=\"image\/jpeg\" \/>\n<meta name=\"author\" content=\"Sebastiano Plutino\" \/>\n<meta name=\"twitter:card\" content=\"summary_large_image\" \/>\n<meta name=\"twitter:label1\" content=\"Scritto da\" \/>\n\t<meta name=\"twitter:data1\" content=\"Sebastiano Plutino\" \/>\n\t<meta name=\"twitter:label2\" content=\"Tempo di lettura stimato\" \/>\n\t<meta name=\"twitter:data2\" content=\"1 minuto\" \/>\n<script type=\"application\/ld+json\" class=\"yoast-schema-graph\">{\"@context\":\"https:\/\/schema.org\",\"@graph\":[{\"@type\":\"Article\",\"@id\":\"https:\/\/progettotouring.it\/radiotouring104\/2023\/01\/13\/nel-reggino-due-cani-legati-e-trascinati-con-auto-uno-morto\/#article\",\"isPartOf\":{\"@id\":\"https:\/\/progettotouring.it\/radiotouring104\/2023\/01\/13\/nel-reggino-due-cani-legati-e-trascinati-con-auto-uno-morto\/\"},\"author\":{\"name\":\"Sebastiano Plutino\",\"@id\":\"https:\/\/progettotouring.it\/radiotouring104\/#\/schema\/person\/78613917f1851f041f7483f5af1d422e\"},\"headline\":\"Legate con un cappio e trascinate fino alla morte: ritrovate due cagnoline a Bovalino\",\"datePublished\":\"2023-01-13T09:05:29+00:00\",\"dateModified\":\"2023-01-13T09:21:29+00:00\",\"mainEntityOfPage\":{\"@id\":\"https:\/\/progettotouring.it\/radiotouring104\/2023\/01\/13\/nel-reggino-due-cani-legati-e-trascinati-con-auto-uno-morto\/\"},\"wordCount\":291,\"commentCount\":0,\"publisher\":{\"@id\":\"https:\/\/progettotouring.it\/radiotouring104\/#organization\"},\"image\":{\"@id\":\"https:\/\/progettotouring.it\/radiotouring104\/2023\/01\/13\/nel-reggino-due-cani-legati-e-trascinati-con-auto-uno-morto\/#primaryimage\"},\"thumbnailUrl\":\"https:\/\/progettotouring.it\/radiotouring104\/wp-content\/uploads\/sites\/6\/2023\/01\/cane-triste.jpg\",\"keywords\":[\"animali abbandonati\",\"associazione Anime Randagie\",\"bovalino\",\"cani\",\"LAV\",\"lecce\",\"legge 189\/2004\",\"maltrattamento animali\",\"Palizzi\",\"randagismo\",\"torturamento animali\"],\"articleSection\":[\"Home\",\"In primo piano\",\"News\",\"Reggio Calabria\"],\"inLanguage\":\"it-IT\",\"potentialAction\":[{\"@type\":\"CommentAction\",\"name\":\"Comment\",\"target\":[\"https:\/\/progettotouring.it\/radiotouring104\/2023\/01\/13\/nel-reggino-due-cani-legati-e-trascinati-con-auto-uno-morto\/#respond\"]}]},{\"@type\":\"WebPage\",\"@id\":\"https:\/\/progettotouring.it\/radiotouring104\/2023\/01\/13\/nel-reggino-due-cani-legati-e-trascinati-con-auto-uno-morto\/\",\"url\":\"https:\/\/progettotouring.it\/radiotouring104\/2023\/01\/13\/nel-reggino-due-cani-legati-e-trascinati-con-auto-uno-morto\/\",\"name\":\"Nel reggino due cani legati e trascinati con auto, uno morto\",\"isPartOf\":{\"@id\":\"https:\/\/progettotouring.it\/radiotouring104\/#website\"},\"primaryImageOfPage\":{\"@id\":\"https:\/\/progettotouring.it\/radiotouring104\/2023\/01\/13\/nel-reggino-due-cani-legati-e-trascinati-con-auto-uno-morto\/#primaryimage\"},\"image\":{\"@id\":\"https:\/\/progettotouring.it\/radiotouring104\/2023\/01\/13\/nel-reggino-due-cani-legati-e-trascinati-con-auto-uno-morto\/#primaryimage\"},\"thumbnailUrl\":\"https:\/\/progettotouring.it\/radiotouring104\/wp-content\/uploads\/sites\/6\/2023\/01\/cane-triste.jpg\",\"datePublished\":\"2023-01-13T09:05:29+00:00\",\"dateModified\":\"2023-01-13T09:21:29+00:00\",\"description\":\"Il comunicato di denuncia della LAV sull'atroce trattamento riservato a due cagnoline che chiede ferma condanna del sindaco sull'atroce gesto\",\"breadcrumb\":{\"@id\":\"https:\/\/progettotouring.it\/radiotouring104\/2023\/01\/13\/nel-reggino-due-cani-legati-e-trascinati-con-auto-uno-morto\/#breadcrumb\"},\"inLanguage\":\"it-IT\",\"potentialAction\":[{\"@type\":\"ReadAction\",\"target\":[\"https:\/\/progettotouring.it\/radiotouring104\/2023\/01\/13\/nel-reggino-due-cani-legati-e-trascinati-con-auto-uno-morto\/\"]}]},{\"@type\":\"ImageObject\",\"inLanguage\":\"it-IT\",\"@id\":\"https:\/\/progettotouring.it\/radiotouring104\/2023\/01\/13\/nel-reggino-due-cani-legati-e-trascinati-con-auto-uno-morto\/#primaryimage\",\"url\":\"https:\/\/progettotouring.it\/radiotouring104\/wp-content\/uploads\/sites\/6\/2023\/01\/cane-triste.jpg\",\"contentUrl\":\"https:\/\/progettotouring.it\/radiotouring104\/wp-content\/uploads\/sites\/6\/2023\/01\/cane-triste.jpg\",\"width\":530,\"height\":359},{\"@type\":\"BreadcrumbList\",\"@id\":\"https:\/\/progettotouring.it\/radiotouring104\/2023\/01\/13\/nel-reggino-due-cani-legati-e-trascinati-con-auto-uno-morto\/#breadcrumb\",\"itemListElement\":[{\"@type\":\"ListItem\",\"position\":1,\"name\":\"Home\",\"item\":\"https:\/\/progettotouring.it\/radiotouring104\/\"},{\"@type\":\"ListItem\",\"position\":2,\"name\":\"Legate con un cappio e trascinate fino alla morte: ritrovate due cagnoline a Bovalino\"}]},{\"@type\":\"WebSite\",\"@id\":\"https:\/\/progettotouring.it\/radiotouring104\/#website\",\"url\":\"https:\/\/progettotouring.it\/radiotouring104\/\",\"name\":\"Radio Touring 104\",\"description\":\"La prima radio Reggina\",\"publisher\":{\"@id\":\"https:\/\/progettotouring.it\/radiotouring104\/#organization\"},\"potentialAction\":[{\"@type\":\"SearchAction\",\"target\":{\"@type\":\"EntryPoint\",\"urlTemplate\":\"https:\/\/progettotouring.it\/radiotouring104\/?s={search_term_string}\"},\"query-input\":{\"@type\":\"PropertyValueSpecification\",\"valueRequired\":true,\"valueName\":\"search_term_string\"}}],\"inLanguage\":\"it-IT\"},{\"@type\":\"Organization\",\"@id\":\"https:\/\/progettotouring.it\/radiotouring104\/#organization\",\"name\":\"Radio Touring 104\",\"url\":\"https:\/\/progettotouring.it\/radiotouring104\/\",\"logo\":{\"@type\":\"ImageObject\",\"inLanguage\":\"it-IT\",\"@id\":\"https:\/\/progettotouring.it\/radiotouring104\/#\/schema\/logo\/image\/\",\"url\":\"https:\/\/progettotouring.it\/radiotouring104\/wp-content\/uploads\/sites\/6\/2022\/02\/cropped-logo-radio-touring-104.png\",\"contentUrl\":\"https:\/\/progettotouring.it\/radiotouring104\/wp-content\/uploads\/sites\/6\/2022\/02\/cropped-logo-radio-touring-104.png\",\"width\":377,\"height\":182,\"caption\":\"Radio Touring 104\"},\"image\":{\"@id\":\"https:\/\/progettotouring.it\/radiotouring104\/#\/schema\/logo\/image\/\"}},{\"@type\":\"Person\",\"@id\":\"https:\/\/progettotouring.it\/radiotouring104\/#\/schema\/person\/78613917f1851f041f7483f5af1d422e\",\"name\":\"Sebastiano Plutino\",\"image\":{\"@type\":\"ImageObject\",\"inLanguage\":\"it-IT\",\"@id\":\"https:\/\/secure.gravatar.com\/avatar\/0546ffaa9b79224faf9f2a156b67a529ae861d3287c66c1d8ccfdf909bcba78d?s=96&d=mm&r=g\",\"url\":\"https:\/\/secure.gravatar.com\/avatar\/0546ffaa9b79224faf9f2a156b67a529ae861d3287c66c1d8ccfdf909bcba78d?s=96&d=mm&r=g\",\"contentUrl\":\"https:\/\/secure.gravatar.com\/avatar\/0546ffaa9b79224faf9f2a156b67a529ae861d3287c66c1d8ccfdf909bcba78d?s=96&d=mm&r=g\",\"caption\":\"Sebastiano Plutino\"},\"url\":\"https:\/\/progettotouring.it\/radiotouring104\/author\/sebastiano\/\"}]}<\/script>\n<!-- \/ Yoast SEO plugin. -->","yoast_head_json":{"title":"Nel reggino due cani legati e trascinati con auto, uno morto","description":"Il comunicato di denuncia della LAV sull'atroce trattamento riservato a due cagnoline che chiede ferma condanna del sindaco sull'atroce gesto","robots":{"index":"index","follow":"follow","max-snippet":"max-snippet:-1","max-image-preview":"max-image-preview:large","max-video-preview":"max-video-preview:-1"},"canonical":"https:\/\/progettotouring.it\/radiotouring104\/2023\/01\/13\/nel-reggino-due-cani-legati-e-trascinati-con-auto-uno-morto\/","og_locale":"it_IT","og_type":"article","og_title":"Nel reggino due cani legati e trascinati con auto, uno morto","og_description":"Il comunicato di denuncia della LAV sull'atroce trattamento riservato a due cagnoline che chiede ferma condanna del sindaco sull'atroce gesto","og_url":"https:\/\/progettotouring.it\/radiotouring104\/2023\/01\/13\/nel-reggino-due-cani-legati-e-trascinati-con-auto-uno-morto\/","og_site_name":"Radio Touring 104","article_published_time":"2023-01-13T09:05:29+00:00","article_modified_time":"2023-01-13T09:21:29+00:00","og_image":[{"width":530,"height":359,"url":"https:\/\/progettotouring.it\/radiotouring104\/wp-content\/uploads\/sites\/6\/2023\/01\/cane-triste.jpg","type":"image\/jpeg"}],"author":"Sebastiano Plutino","twitter_card":"summary_large_image","twitter_misc":{"Scritto da":"Sebastiano Plutino","Tempo di lettura stimato":"1 minuto"},"schema":{"@context":"https:\/\/schema.org","@graph":[{"@type":"Article","@id":"https:\/\/progettotouring.it\/radiotouring104\/2023\/01\/13\/nel-reggino-due-cani-legati-e-trascinati-con-auto-uno-morto\/#article","isPartOf":{"@id":"https:\/\/progettotouring.it\/radiotouring104\/2023\/01\/13\/nel-reggino-due-cani-legati-e-trascinati-con-auto-uno-morto\/"},"author":{"name":"Sebastiano Plutino","@id":"https:\/\/progettotouring.it\/radiotouring104\/#\/schema\/person\/78613917f1851f041f7483f5af1d422e"},"headline":"Legate con un cappio e trascinate fino alla morte: ritrovate due cagnoline a Bovalino","datePublished":"2023-01-13T09:05:29+00:00","dateModified":"2023-01-13T09:21:29+00:00","mainEntityOfPage":{"@id":"https:\/\/progettotouring.it\/radiotouring104\/2023\/01\/13\/nel-reggino-due-cani-legati-e-trascinati-con-auto-uno-morto\/"},"wordCount":291,"commentCount":0,"publisher":{"@id":"https:\/\/progettotouring.it\/radiotouring104\/#organization"},"image":{"@id":"https:\/\/progettotouring.it\/radiotouring104\/2023\/01\/13\/nel-reggino-due-cani-legati-e-trascinati-con-auto-uno-morto\/#primaryimage"},"thumbnailUrl":"https:\/\/progettotouring.it\/radiotouring104\/wp-content\/uploads\/sites\/6\/2023\/01\/cane-triste.jpg","keywords":["animali abbandonati","associazione Anime Randagie","bovalino","cani","LAV","lecce","legge 189\/2004","maltrattamento animali","Palizzi","randagismo","torturamento animali"],"articleSection":["Home","In primo piano","News","Reggio Calabria"],"inLanguage":"it-IT","potentialAction":[{"@type":"CommentAction","name":"Comment","target":["https:\/\/progettotouring.it\/radiotouring104\/2023\/01\/13\/nel-reggino-due-cani-legati-e-trascinati-con-auto-uno-morto\/#respond"]}]},{"@type":"WebPage","@id":"https:\/\/progettotouring.it\/radiotouring104\/2023\/01\/13\/nel-reggino-due-cani-legati-e-trascinati-con-auto-uno-morto\/","url":"https:\/\/progettotouring.it\/radiotouring104\/2023\/01\/13\/nel-reggino-due-cani-legati-e-trascinati-con-auto-uno-morto\/","name":"Nel reggino due cani legati e trascinati con auto, uno morto","isPartOf":{"@id":"https:\/\/progettotouring.it\/radiotouring104\/#website"},"primaryImageOfPage":{"@id":"https:\/\/progettotouring.it\/radiotouring104\/2023\/01\/13\/nel-reggino-due-cani-legati-e-trascinati-con-auto-uno-morto\/#primaryimage"},"image":{"@id":"https:\/\/progettotouring.it\/radiotouring104\/2023\/01\/13\/nel-reggino-due-cani-legati-e-trascinati-con-auto-uno-morto\/#primaryimage"},"thumbnailUrl":"https:\/\/progettotouring.it\/radiotouring104\/wp-content\/uploads\/sites\/6\/2023\/01\/cane-triste.jpg","datePublished":"2023-01-13T09:05:29+00:00","dateModified":"2023-01-13T09:21:29+00:00","description":"Il comunicato di denuncia della LAV sull'atroce trattamento riservato a due cagnoline che chiede ferma condanna del sindaco sull'atroce gesto","breadcrumb":{"@id":"https:\/\/progettotouring.it\/radiotouring104\/2023\/01\/13\/nel-reggino-due-cani-legati-e-trascinati-con-auto-uno-morto\/#breadcrumb"},"inLanguage":"it-IT","potentialAction":[{"@type":"ReadAction","target":["https:\/\/progettotouring.it\/radiotouring104\/2023\/01\/13\/nel-reggino-due-cani-legati-e-trascinati-con-auto-uno-morto\/"]}]},{"@type":"ImageObject","inLanguage":"it-IT","@id":"https:\/\/progettotouring.it\/radiotouring104\/2023\/01\/13\/nel-reggino-due-cani-legati-e-trascinati-con-auto-uno-morto\/#primaryimage","url":"https:\/\/progettotouring.it\/radiotouring104\/wp-content\/uploads\/sites\/6\/2023\/01\/cane-triste.jpg","contentUrl":"https:\/\/progettotouring.it\/radiotouring104\/wp-content\/uploads\/sites\/6\/2023\/01\/cane-triste.jpg","width":530,"height":359},{"@type":"BreadcrumbList","@id":"https:\/\/progettotouring.it\/radiotouring104\/2023\/01\/13\/nel-reggino-due-cani-legati-e-trascinati-con-auto-uno-morto\/#breadcrumb","itemListElement":[{"@type":"ListItem","position":1,"name":"Home","item":"https:\/\/progettotouring.it\/radiotouring104\/"},{"@type":"ListItem","position":2,"name":"Legate con un cappio e trascinate fino alla morte: ritrovate due cagnoline a Bovalino"}]},{"@type":"WebSite","@id":"https:\/\/progettotouring.it\/radiotouring104\/#website","url":"https:\/\/progettotouring.it\/radiotouring104\/","name":"Radio Touring 104","description":"La prima radio Reggina","publisher":{"@id":"https:\/\/progettotouring.it\/radiotouring104\/#organization"},"potentialAction":[{"@type":"SearchAction","target":{"@type":"EntryPoint","urlTemplate":"https:\/\/progettotouring.it\/radiotouring104\/?s={search_term_string}"},"query-input":{"@type":"PropertyValueSpecification","valueRequired":true,"valueName":"search_term_string"}}],"inLanguage":"it-IT"},{"@type":"Organization","@id":"https:\/\/progettotouring.it\/radiotouring104\/#organization","name":"Radio Touring 104","url":"https:\/\/progettotouring.it\/radiotouring104\/","logo":{"@type":"ImageObject","inLanguage":"it-IT","@id":"https:\/\/progettotouring.it\/radiotouring104\/#\/schema\/logo\/image\/","url":"https:\/\/progettotouring.it\/radiotouring104\/wp-content\/uploads\/sites\/6\/2022\/02\/cropped-logo-radio-touring-104.png","contentUrl":"https:\/\/progettotouring.it\/radiotouring104\/wp-content\/uploads\/sites\/6\/2022\/02\/cropped-logo-radio-touring-104.png","width":377,"height":182,"caption":"Radio Touring 104"},"image":{"@id":"https:\/\/progettotouring.it\/radiotouring104\/#\/schema\/logo\/image\/"}},{"@type":"Person","@id":"https:\/\/progettotouring.it\/radiotouring104\/#\/schema\/person\/78613917f1851f041f7483f5af1d422e","name":"Sebastiano Plutino","image":{"@type":"ImageObject","inLanguage":"it-IT","@id":"https:\/\/secure.gravatar.com\/avatar\/0546ffaa9b79224faf9f2a156b67a529ae861d3287c66c1d8ccfdf909bcba78d?s=96&d=mm&r=g","url":"https:\/\/secure.gravatar.com\/avatar\/0546ffaa9b79224faf9f2a156b67a529ae861d3287c66c1d8ccfdf909bcba78d?s=96&d=mm&r=g","contentUrl":"https:\/\/secure.gravatar.com\/avatar\/0546ffaa9b79224faf9f2a156b67a529ae861d3287c66c1d8ccfdf909bcba78d?s=96&d=mm&r=g","caption":"Sebastiano Plutino"},"url":"https:\/\/progettotouring.it\/radiotouring104\/author\/sebastiano\/"}]}},"jetpack_publicize_connections":[],"jetpack_featured_media_url":"https:\/\/progettotouring.it\/radiotouring104\/wp-content\/uploads\/sites\/6\/2023\/01\/cane-triste.jpg","jetpack_sharing_enabled":true,"_links":{"self":[{"href":"https:\/\/progettotouring.it\/radiotouring104\/wp-json\/wp\/v2\/posts\/16611","targetHints":{"allow":["GET"]}}],"collection":[{"href":"https:\/\/progettotouring.it\/radiotouring104\/wp-json\/wp\/v2\/posts"}],"about":[{"href":"https:\/\/progettotouring.it\/radiotouring104\/wp-json\/wp\/v2\/types\/post"}],"author":[{"embeddable":true,"href":"https:\/\/progettotouring.it\/radiotouring104\/wp-json\/wp\/v2\/users\/12"}],"replies":[{"embeddable":true,"href":"https:\/\/progettotouring.it\/radiotouring104\/wp-json\/wp\/v2\/comments?post=16611"}],"version-history":[{"count":3,"href":"https:\/\/progettotouring.it\/radiotouring104\/wp-json\/wp\/v2\/posts\/16611\/revisions"}],"predecessor-version":[{"id":16631,"href":"https:\/\/progettotouring.it\/radiotouring104\/wp-json\/wp\/v2\/posts\/16611\/revisions\/16631"}],"wp:featuredmedia":[{"embeddable":true,"href":"https:\/\/progettotouring.it\/radiotouring104\/wp-json\/wp\/v2\/media\/16634"}],"wp:attachment":[{"href":"https:\/\/progettotouring.it\/radiotouring104\/wp-json\/wp\/v2\/media?parent=16611"}],"wp:term":[{"taxonomy":"category","embeddable":true,"href":"https:\/\/progettotouring.it\/radiotouring104\/wp-json\/wp\/v2\/categories?post=16611"},{"taxonomy":"post_tag","embeddable":true,"href":"https:\/\/progettotouring.it\/radiotouring104\/wp-json\/wp\/v2\/tags?post=16611"}],"curies":[{"name":"wp","href":"https:\/\/api.w.org\/{rel}","templated":true}]}}