{"id":16776,"date":"2023-01-16T10:01:58","date_gmt":"2023-01-16T09:01:58","guid":{"rendered":"https:\/\/progettotouring.it\/radiotouring104\/?p=16776"},"modified":"2023-01-16T10:01:58","modified_gmt":"2023-01-16T09:01:58","slug":"pazzano-ritardi-nei-pagamenti-agli-assistenti-educativi","status":"publish","type":"post","link":"https:\/\/progettotouring.it\/radiotouring104\/2023\/01\/16\/pazzano-ritardi-nei-pagamenti-agli-assistenti-educativi\/","title":{"rendered":"Pazzano: &#8220;Ritardi nei pagamenti agli assistenti educativi&#8221;"},"content":{"rendered":"<p>Riceviamo e pubblichiamo:<\/p>\n<p>&nbsp;<\/p>\n<p>Nulla di nuovo n\u00e9 di positivo \u2013 purtroppo \u2013 sui pagamenti agli assistenti educativi. Nonostante le dichiarazioni semitrionfali dell\u2019amministrazione nei mesi scorsi, rispetto alle quali siamo rimasti nel silenzio doveroso e interdetto che si deve davanti alle dichiarazioni paradossali, la situazione \u00e8 precisamente ferma a come l\u2019avevamo fotografata in passato. Nulla \u00e8 stato risolto.<\/p>\n<p>Poich\u00e9 non \u00e8 neanche lontanamente un problema di mancanza di personale, ma di organizzazione complessiva della macchina burocratica che gestisce la procedura, abbiamo richiesto ancora al Sindaco un incontro alla presenza del Direttore Generale per trovare insieme una soluzione vera: occorre che vi sia una figura che monitori il flusso del procedimento, che ne verifichi le tempistiche, che consenta fluidit\u00e0 tra i settori semplicemente monitorando il \u201cfile\u201d. \u00c8 un lavoro che richiederebbe pochi minuti alla settimana da apposita piattaforma, lo possiamo dire dopo aver studiato e valutato gli atti. Solo dopo aver messo in atto strategie di efficienza basilari si potr\u00e0 dire se davvero il problema \u00e8 che \u201cmanca il personale\u201d.<\/p>\n<p>Confidiamo che l\u2019amministrazione abbia in animo di risolvere questa situazione della quale, ormai, ci mortifichiamo perfino a scrivere, tanto parrebbe irrisolvibile. Invece \u00e8 solo un sistema gi\u00e0 in s\u00e9 farraginoso, per il quale a oggi non sono state messe in atto procedure risolutive.<\/p>\n<p>Ci auguriamo che possiamo presto affrontare in un ulteriore tavolo la questione. Per parte nostra riporteremo delle proposte operative per aprire un confronto pratico.<\/p>\n","protected":false},"excerpt":{"rendered":"<p>Riceviamo e pubblichiamo: &nbsp; Nulla di nuovo n\u00e9 di positivo \u2013 purtroppo \u2013 sui pagamenti agli assistenti educativi. Nonostante le dichiarazioni semitrionfali dell\u2019amministrazione nei mesi scorsi, rispetto alle quali siamo&hellip;<\/p>\n","protected":false},"author":13,"featured_media":16782,"comment_status":"open","ping_status":"open","sticky":false,"template":"","format":"standard","meta":{"_jetpack_memberships_contains_paid_content":false,"footnotes":"","jetpack_publicize_message":"","jetpack_publicize_feature_enabled":true,"jetpack_social_post_already_shared":false,"jetpack_social_options":{"image_generator_settings":{"template":"highway","default_image_id":0,"font":"","enabled":false},"version":2}},"categories":[921,196,140],"tags":[1036,399,1035,1037],"class_list":["post-16776","post","type-post","status-publish","format-standard","has-post-thumbnail","hentry","category-home","category-news","category-reggio-calabria","tag-assistenti-educativi","tag-comune-reggio-calabria","tag-la-strada","tag-saverio-pazzano"],"yoast_head":"<!-- This site is optimized with the Yoast SEO plugin v27.2 - https:\/\/yoast.com\/product\/yoast-seo-wordpress\/ -->\n<title>Pazzano: &quot;Ritardi nei pagamenti agli assistenti educativi&quot;<\/title>\n<meta name=\"description\" content=\"L&#039;attivista de La Strada auspica un immediato confronto con l&#039;amministrazione per rimediare a un sistema che reputa farraginoso\" \/>\n<meta name=\"robots\" content=\"index, follow, max-snippet:-1, max-image-preview:large, max-video-preview:-1\" \/>\n<link rel=\"canonical\" href=\"https:\/\/progettotouring.it\/radiotouring104\/2023\/01\/16\/pazzano-ritardi-nei-pagamenti-agli-assistenti-educativi\/\" \/>\n<meta property=\"og:locale\" content=\"it_IT\" \/>\n<meta property=\"og:type\" content=\"article\" \/>\n<meta property=\"og:title\" content=\"Pazzano: &quot;Ritardi nei pagamenti agli assistenti educativi&quot;\" \/>\n<meta property=\"og:description\" content=\"L&#039;attivista de La Strada auspica un immediato confronto con l&#039;amministrazione per rimediare a un sistema che reputa farraginoso\" \/>\n<meta property=\"og:url\" content=\"https:\/\/progettotouring.it\/radiotouring104\/2023\/01\/16\/pazzano-ritardi-nei-pagamenti-agli-assistenti-educativi\/\" \/>\n<meta property=\"og:site_name\" content=\"Radio Touring 104\" \/>\n<meta property=\"article:published_time\" content=\"2023-01-16T09:01:58+00:00\" \/>\n<meta property=\"og:image\" content=\"https:\/\/progettotouring.it\/radiotouring104\/wp-content\/uploads\/sites\/6\/2023\/01\/Saverio-Pazzano.jpg\" \/>\n\t<meta property=\"og:image:width\" content=\"1280\" \/>\n\t<meta property=\"og:image:height\" content=\"854\" \/>\n\t<meta property=\"og:image:type\" content=\"image\/jpeg\" \/>\n<meta name=\"author\" content=\"Helena Pedone\" \/>\n<meta name=\"twitter:card\" content=\"summary_large_image\" \/>\n<meta name=\"twitter:label1\" content=\"Scritto da\" \/>\n\t<meta name=\"twitter:data1\" content=\"Helena Pedone\" \/>\n\t<meta name=\"twitter:label2\" content=\"Tempo di lettura stimato\" \/>\n\t<meta name=\"twitter:data2\" content=\"1 minuto\" \/>\n<script type=\"application\/ld+json\" class=\"yoast-schema-graph\">{\"@context\":\"https:\/\/schema.org\",\"@graph\":[{\"@type\":\"Article\",\"@id\":\"https:\/\/progettotouring.it\/radiotouring104\/2023\/01\/16\/pazzano-ritardi-nei-pagamenti-agli-assistenti-educativi\/#article\",\"isPartOf\":{\"@id\":\"https:\/\/progettotouring.it\/radiotouring104\/2023\/01\/16\/pazzano-ritardi-nei-pagamenti-agli-assistenti-educativi\/\"},\"author\":{\"name\":\"Helena Pedone\",\"@id\":\"https:\/\/progettotouring.it\/radiotouring104\/#\/schema\/person\/8458ed437f4094f881aab8e4cc572684\"},\"headline\":\"Pazzano: &#8220;Ritardi nei pagamenti agli assistenti educativi&#8221;\",\"datePublished\":\"2023-01-16T09:01:58+00:00\",\"mainEntityOfPage\":{\"@id\":\"https:\/\/progettotouring.it\/radiotouring104\/2023\/01\/16\/pazzano-ritardi-nei-pagamenti-agli-assistenti-educativi\/\"},\"wordCount\":238,\"commentCount\":0,\"publisher\":{\"@id\":\"https:\/\/progettotouring.it\/radiotouring104\/#organization\"},\"image\":{\"@id\":\"https:\/\/progettotouring.it\/radiotouring104\/2023\/01\/16\/pazzano-ritardi-nei-pagamenti-agli-assistenti-educativi\/#primaryimage\"},\"thumbnailUrl\":\"https:\/\/progettotouring.it\/radiotouring104\/wp-content\/uploads\/sites\/6\/2023\/01\/Saverio-Pazzano.jpg\",\"keywords\":[\"assistenti educativi\",\"comune reggio calabria\",\"la strada\",\"saverio pazzano\"],\"articleSection\":[\"Home\",\"News\",\"Reggio Calabria\"],\"inLanguage\":\"it-IT\",\"potentialAction\":[{\"@type\":\"CommentAction\",\"name\":\"Comment\",\"target\":[\"https:\/\/progettotouring.it\/radiotouring104\/2023\/01\/16\/pazzano-ritardi-nei-pagamenti-agli-assistenti-educativi\/#respond\"]}]},{\"@type\":\"WebPage\",\"@id\":\"https:\/\/progettotouring.it\/radiotouring104\/2023\/01\/16\/pazzano-ritardi-nei-pagamenti-agli-assistenti-educativi\/\",\"url\":\"https:\/\/progettotouring.it\/radiotouring104\/2023\/01\/16\/pazzano-ritardi-nei-pagamenti-agli-assistenti-educativi\/\",\"name\":\"Pazzano: \\\"Ritardi nei pagamenti agli assistenti educativi\\\"\",\"isPartOf\":{\"@id\":\"https:\/\/progettotouring.it\/radiotouring104\/#website\"},\"primaryImageOfPage\":{\"@id\":\"https:\/\/progettotouring.it\/radiotouring104\/2023\/01\/16\/pazzano-ritardi-nei-pagamenti-agli-assistenti-educativi\/#primaryimage\"},\"image\":{\"@id\":\"https:\/\/progettotouring.it\/radiotouring104\/2023\/01\/16\/pazzano-ritardi-nei-pagamenti-agli-assistenti-educativi\/#primaryimage\"},\"thumbnailUrl\":\"https:\/\/progettotouring.it\/radiotouring104\/wp-content\/uploads\/sites\/6\/2023\/01\/Saverio-Pazzano.jpg\",\"datePublished\":\"2023-01-16T09:01:58+00:00\",\"description\":\"L'attivista de La Strada auspica un immediato confronto con l'amministrazione per rimediare a un sistema che reputa farraginoso\",\"breadcrumb\":{\"@id\":\"https:\/\/progettotouring.it\/radiotouring104\/2023\/01\/16\/pazzano-ritardi-nei-pagamenti-agli-assistenti-educativi\/#breadcrumb\"},\"inLanguage\":\"it-IT\",\"potentialAction\":[{\"@type\":\"ReadAction\",\"target\":[\"https:\/\/progettotouring.it\/radiotouring104\/2023\/01\/16\/pazzano-ritardi-nei-pagamenti-agli-assistenti-educativi\/\"]}]},{\"@type\":\"ImageObject\",\"inLanguage\":\"it-IT\",\"@id\":\"https:\/\/progettotouring.it\/radiotouring104\/2023\/01\/16\/pazzano-ritardi-nei-pagamenti-agli-assistenti-educativi\/#primaryimage\",\"url\":\"https:\/\/progettotouring.it\/radiotouring104\/wp-content\/uploads\/sites\/6\/2023\/01\/Saverio-Pazzano.jpg\",\"contentUrl\":\"https:\/\/progettotouring.it\/radiotouring104\/wp-content\/uploads\/sites\/6\/2023\/01\/Saverio-Pazzano.jpg\",\"width\":1280,\"height\":854},{\"@type\":\"BreadcrumbList\",\"@id\":\"https:\/\/progettotouring.it\/radiotouring104\/2023\/01\/16\/pazzano-ritardi-nei-pagamenti-agli-assistenti-educativi\/#breadcrumb\",\"itemListElement\":[{\"@type\":\"ListItem\",\"position\":1,\"name\":\"Home\",\"item\":\"https:\/\/progettotouring.it\/radiotouring104\/\"},{\"@type\":\"ListItem\",\"position\":2,\"name\":\"Pazzano: &#8220;Ritardi nei pagamenti agli assistenti educativi&#8221;\"}]},{\"@type\":\"WebSite\",\"@id\":\"https:\/\/progettotouring.it\/radiotouring104\/#website\",\"url\":\"https:\/\/progettotouring.it\/radiotouring104\/\",\"name\":\"Radio Touring 104\",\"description\":\"La prima radio Reggina\",\"publisher\":{\"@id\":\"https:\/\/progettotouring.it\/radiotouring104\/#organization\"},\"potentialAction\":[{\"@type\":\"SearchAction\",\"target\":{\"@type\":\"EntryPoint\",\"urlTemplate\":\"https:\/\/progettotouring.it\/radiotouring104\/?s={search_term_string}\"},\"query-input\":{\"@type\":\"PropertyValueSpecification\",\"valueRequired\":true,\"valueName\":\"search_term_string\"}}],\"inLanguage\":\"it-IT\"},{\"@type\":\"Organization\",\"@id\":\"https:\/\/progettotouring.it\/radiotouring104\/#organization\",\"name\":\"Radio Touring 104\",\"url\":\"https:\/\/progettotouring.it\/radiotouring104\/\",\"logo\":{\"@type\":\"ImageObject\",\"inLanguage\":\"it-IT\",\"@id\":\"https:\/\/progettotouring.it\/radiotouring104\/#\/schema\/logo\/image\/\",\"url\":\"https:\/\/progettotouring.it\/radiotouring104\/wp-content\/uploads\/sites\/6\/2022\/02\/cropped-logo-radio-touring-104.png\",\"contentUrl\":\"https:\/\/progettotouring.it\/radiotouring104\/wp-content\/uploads\/sites\/6\/2022\/02\/cropped-logo-radio-touring-104.png\",\"width\":377,\"height\":182,\"caption\":\"Radio Touring 104\"},\"image\":{\"@id\":\"https:\/\/progettotouring.it\/radiotouring104\/#\/schema\/logo\/image\/\"}},{\"@type\":\"Person\",\"@id\":\"https:\/\/progettotouring.it\/radiotouring104\/#\/schema\/person\/8458ed437f4094f881aab8e4cc572684\",\"name\":\"Helena Pedone\",\"image\":{\"@type\":\"ImageObject\",\"inLanguage\":\"it-IT\",\"@id\":\"https:\/\/secure.gravatar.com\/avatar\/95a63adf316f90175b68113b4b895a96641be06395ffeef88fea6178b30027d9?s=96&d=mm&r=g\",\"url\":\"https:\/\/secure.gravatar.com\/avatar\/95a63adf316f90175b68113b4b895a96641be06395ffeef88fea6178b30027d9?s=96&d=mm&r=g\",\"contentUrl\":\"https:\/\/secure.gravatar.com\/avatar\/95a63adf316f90175b68113b4b895a96641be06395ffeef88fea6178b30027d9?s=96&d=mm&r=g\",\"caption\":\"Helena Pedone\"},\"url\":\"https:\/\/progettotouring.it\/radiotouring104\/author\/helena\/\"}]}<\/script>\n<!-- \/ Yoast SEO plugin. -->","yoast_head_json":{"title":"Pazzano: \"Ritardi nei pagamenti agli assistenti educativi\"","description":"L'attivista de La Strada auspica un immediato confronto con l'amministrazione per rimediare a un sistema che reputa farraginoso","robots":{"index":"index","follow":"follow","max-snippet":"max-snippet:-1","max-image-preview":"max-image-preview:large","max-video-preview":"max-video-preview:-1"},"canonical":"https:\/\/progettotouring.it\/radiotouring104\/2023\/01\/16\/pazzano-ritardi-nei-pagamenti-agli-assistenti-educativi\/","og_locale":"it_IT","og_type":"article","og_title":"Pazzano: \"Ritardi nei pagamenti agli assistenti educativi\"","og_description":"L'attivista de La Strada auspica un immediato confronto con l'amministrazione per rimediare a un sistema che reputa farraginoso","og_url":"https:\/\/progettotouring.it\/radiotouring104\/2023\/01\/16\/pazzano-ritardi-nei-pagamenti-agli-assistenti-educativi\/","og_site_name":"Radio Touring 104","article_published_time":"2023-01-16T09:01:58+00:00","og_image":[{"width":1280,"height":854,"url":"https:\/\/progettotouring.it\/radiotouring104\/wp-content\/uploads\/sites\/6\/2023\/01\/Saverio-Pazzano.jpg","type":"image\/jpeg"}],"author":"Helena Pedone","twitter_card":"summary_large_image","twitter_misc":{"Scritto da":"Helena Pedone","Tempo di lettura stimato":"1 minuto"},"schema":{"@context":"https:\/\/schema.org","@graph":[{"@type":"Article","@id":"https:\/\/progettotouring.it\/radiotouring104\/2023\/01\/16\/pazzano-ritardi-nei-pagamenti-agli-assistenti-educativi\/#article","isPartOf":{"@id":"https:\/\/progettotouring.it\/radiotouring104\/2023\/01\/16\/pazzano-ritardi-nei-pagamenti-agli-assistenti-educativi\/"},"author":{"name":"Helena Pedone","@id":"https:\/\/progettotouring.it\/radiotouring104\/#\/schema\/person\/8458ed437f4094f881aab8e4cc572684"},"headline":"Pazzano: &#8220;Ritardi nei pagamenti agli assistenti educativi&#8221;","datePublished":"2023-01-16T09:01:58+00:00","mainEntityOfPage":{"@id":"https:\/\/progettotouring.it\/radiotouring104\/2023\/01\/16\/pazzano-ritardi-nei-pagamenti-agli-assistenti-educativi\/"},"wordCount":238,"commentCount":0,"publisher":{"@id":"https:\/\/progettotouring.it\/radiotouring104\/#organization"},"image":{"@id":"https:\/\/progettotouring.it\/radiotouring104\/2023\/01\/16\/pazzano-ritardi-nei-pagamenti-agli-assistenti-educativi\/#primaryimage"},"thumbnailUrl":"https:\/\/progettotouring.it\/radiotouring104\/wp-content\/uploads\/sites\/6\/2023\/01\/Saverio-Pazzano.jpg","keywords":["assistenti educativi","comune reggio calabria","la strada","saverio pazzano"],"articleSection":["Home","News","Reggio Calabria"],"inLanguage":"it-IT","potentialAction":[{"@type":"CommentAction","name":"Comment","target":["https:\/\/progettotouring.it\/radiotouring104\/2023\/01\/16\/pazzano-ritardi-nei-pagamenti-agli-assistenti-educativi\/#respond"]}]},{"@type":"WebPage","@id":"https:\/\/progettotouring.it\/radiotouring104\/2023\/01\/16\/pazzano-ritardi-nei-pagamenti-agli-assistenti-educativi\/","url":"https:\/\/progettotouring.it\/radiotouring104\/2023\/01\/16\/pazzano-ritardi-nei-pagamenti-agli-assistenti-educativi\/","name":"Pazzano: \"Ritardi nei pagamenti agli assistenti educativi\"","isPartOf":{"@id":"https:\/\/progettotouring.it\/radiotouring104\/#website"},"primaryImageOfPage":{"@id":"https:\/\/progettotouring.it\/radiotouring104\/2023\/01\/16\/pazzano-ritardi-nei-pagamenti-agli-assistenti-educativi\/#primaryimage"},"image":{"@id":"https:\/\/progettotouring.it\/radiotouring104\/2023\/01\/16\/pazzano-ritardi-nei-pagamenti-agli-assistenti-educativi\/#primaryimage"},"thumbnailUrl":"https:\/\/progettotouring.it\/radiotouring104\/wp-content\/uploads\/sites\/6\/2023\/01\/Saverio-Pazzano.jpg","datePublished":"2023-01-16T09:01:58+00:00","description":"L'attivista de La Strada auspica un immediato confronto con l'amministrazione per rimediare a un sistema che reputa farraginoso","breadcrumb":{"@id":"https:\/\/progettotouring.it\/radiotouring104\/2023\/01\/16\/pazzano-ritardi-nei-pagamenti-agli-assistenti-educativi\/#breadcrumb"},"inLanguage":"it-IT","potentialAction":[{"@type":"ReadAction","target":["https:\/\/progettotouring.it\/radiotouring104\/2023\/01\/16\/pazzano-ritardi-nei-pagamenti-agli-assistenti-educativi\/"]}]},{"@type":"ImageObject","inLanguage":"it-IT","@id":"https:\/\/progettotouring.it\/radiotouring104\/2023\/01\/16\/pazzano-ritardi-nei-pagamenti-agli-assistenti-educativi\/#primaryimage","url":"https:\/\/progettotouring.it\/radiotouring104\/wp-content\/uploads\/sites\/6\/2023\/01\/Saverio-Pazzano.jpg","contentUrl":"https:\/\/progettotouring.it\/radiotouring104\/wp-content\/uploads\/sites\/6\/2023\/01\/Saverio-Pazzano.jpg","width":1280,"height":854},{"@type":"BreadcrumbList","@id":"https:\/\/progettotouring.it\/radiotouring104\/2023\/01\/16\/pazzano-ritardi-nei-pagamenti-agli-assistenti-educativi\/#breadcrumb","itemListElement":[{"@type":"ListItem","position":1,"name":"Home","item":"https:\/\/progettotouring.it\/radiotouring104\/"},{"@type":"ListItem","position":2,"name":"Pazzano: &#8220;Ritardi nei pagamenti agli assistenti educativi&#8221;"}]},{"@type":"WebSite","@id":"https:\/\/progettotouring.it\/radiotouring104\/#website","url":"https:\/\/progettotouring.it\/radiotouring104\/","name":"Radio Touring 104","description":"La prima radio Reggina","publisher":{"@id":"https:\/\/progettotouring.it\/radiotouring104\/#organization"},"potentialAction":[{"@type":"SearchAction","target":{"@type":"EntryPoint","urlTemplate":"https:\/\/progettotouring.it\/radiotouring104\/?s={search_term_string}"},"query-input":{"@type":"PropertyValueSpecification","valueRequired":true,"valueName":"search_term_string"}}],"inLanguage":"it-IT"},{"@type":"Organization","@id":"https:\/\/progettotouring.it\/radiotouring104\/#organization","name":"Radio Touring 104","url":"https:\/\/progettotouring.it\/radiotouring104\/","logo":{"@type":"ImageObject","inLanguage":"it-IT","@id":"https:\/\/progettotouring.it\/radiotouring104\/#\/schema\/logo\/image\/","url":"https:\/\/progettotouring.it\/radiotouring104\/wp-content\/uploads\/sites\/6\/2022\/02\/cropped-logo-radio-touring-104.png","contentUrl":"https:\/\/progettotouring.it\/radiotouring104\/wp-content\/uploads\/sites\/6\/2022\/02\/cropped-logo-radio-touring-104.png","width":377,"height":182,"caption":"Radio Touring 104"},"image":{"@id":"https:\/\/progettotouring.it\/radiotouring104\/#\/schema\/logo\/image\/"}},{"@type":"Person","@id":"https:\/\/progettotouring.it\/radiotouring104\/#\/schema\/person\/8458ed437f4094f881aab8e4cc572684","name":"Helena Pedone","image":{"@type":"ImageObject","inLanguage":"it-IT","@id":"https:\/\/secure.gravatar.com\/avatar\/95a63adf316f90175b68113b4b895a96641be06395ffeef88fea6178b30027d9?s=96&d=mm&r=g","url":"https:\/\/secure.gravatar.com\/avatar\/95a63adf316f90175b68113b4b895a96641be06395ffeef88fea6178b30027d9?s=96&d=mm&r=g","contentUrl":"https:\/\/secure.gravatar.com\/avatar\/95a63adf316f90175b68113b4b895a96641be06395ffeef88fea6178b30027d9?s=96&d=mm&r=g","caption":"Helena Pedone"},"url":"https:\/\/progettotouring.it\/radiotouring104\/author\/helena\/"}]}},"jetpack_publicize_connections":[],"jetpack_featured_media_url":"https:\/\/progettotouring.it\/radiotouring104\/wp-content\/uploads\/sites\/6\/2023\/01\/Saverio-Pazzano.jpg","jetpack_sharing_enabled":true,"_links":{"self":[{"href":"https:\/\/progettotouring.it\/radiotouring104\/wp-json\/wp\/v2\/posts\/16776","targetHints":{"allow":["GET"]}}],"collection":[{"href":"https:\/\/progettotouring.it\/radiotouring104\/wp-json\/wp\/v2\/posts"}],"about":[{"href":"https:\/\/progettotouring.it\/radiotouring104\/wp-json\/wp\/v2\/types\/post"}],"author":[{"embeddable":true,"href":"https:\/\/progettotouring.it\/radiotouring104\/wp-json\/wp\/v2\/users\/13"}],"replies":[{"embeddable":true,"href":"https:\/\/progettotouring.it\/radiotouring104\/wp-json\/wp\/v2\/comments?post=16776"}],"version-history":[{"count":1,"href":"https:\/\/progettotouring.it\/radiotouring104\/wp-json\/wp\/v2\/posts\/16776\/revisions"}],"predecessor-version":[{"id":16783,"href":"https:\/\/progettotouring.it\/radiotouring104\/wp-json\/wp\/v2\/posts\/16776\/revisions\/16783"}],"wp:featuredmedia":[{"embeddable":true,"href":"https:\/\/progettotouring.it\/radiotouring104\/wp-json\/wp\/v2\/media\/16782"}],"wp:attachment":[{"href":"https:\/\/progettotouring.it\/radiotouring104\/wp-json\/wp\/v2\/media?parent=16776"}],"wp:term":[{"taxonomy":"category","embeddable":true,"href":"https:\/\/progettotouring.it\/radiotouring104\/wp-json\/wp\/v2\/categories?post=16776"},{"taxonomy":"post_tag","embeddable":true,"href":"https:\/\/progettotouring.it\/radiotouring104\/wp-json\/wp\/v2\/tags?post=16776"}],"curies":[{"name":"wp","href":"https:\/\/api.w.org\/{rel}","templated":true}]}}