{"id":16792,"date":"2023-01-16T10:31:24","date_gmt":"2023-01-16T09:31:24","guid":{"rendered":"https:\/\/progettotouring.it\/radiotouring104\/?p=16792"},"modified":"2023-01-16T10:31:24","modified_gmt":"2023-01-16T09:31:24","slug":"cosenza-inaugurazione-dellassociazione-flautisti-calabresi","status":"publish","type":"post","link":"https:\/\/progettotouring.it\/radiotouring104\/2023\/01\/16\/cosenza-inaugurazione-dellassociazione-flautisti-calabresi\/","title":{"rendered":"Cosenza: inaugurazione dell&#8217;Associazione flautisti calabresi"},"content":{"rendered":"<p>La nascente Associazione Flautisti Calabresi si presenta alla comunit\u00e0 culturale e alla societ\u00e0 del territorio calabrese, in un evento che fonde il concetto di salotto culturale con quello di concerto, perch\u00e9 non pu\u00f2 che essere la musica il centro di gravit\u00e0 dell\u2019azione costruttiva del nuovo ente del terzo settore.<\/p>\n<p>In un sodalizio che vedr\u00e0 fondersi e alternarsi, musica e parole, riflessioni e note musicali e che avr\u00e0 luogo 14 gennaio, alle 15.30, in uno fra i luoghi importanti della musica di Cosenza, l\u2019Auditorium\u00a0 Casa della Musica del Conservatorio \u201cStanislao Giacomantonio\u201d, sito in piazza Giovanni Amendola, l\u2019Associazione Flautisti Calabresi e illustri ospiti del mondo della cultura e della musica, delle istituzioni, del Terzo settore, dialogheranno per trovare insieme le risposte ad alcune importanti domande:<\/p>\n<p>Qual \u00e8 il futuro della musica e in particolare modo del Flauto in Calabria?<\/p>\n<p>Quale contribuito possono proporre e qual \u00e8 la funzione delle Associazioni musicali e culturali del territorio? \u2028Quali sono gli obiettivi futuri a breve, medio e lungo periodo che l\u2019Associazione e il mondo delle istituzioni possono, devono e vogliono porsi?<\/p>\n<p>Il dibattito, dal titolo \u201cIl flauto in Calabria: promozione, organizzazione culturale, arte e musica. La funzione delle Associazioni musicali e culturali del territorio. Obiettivi futuri\u201d apre dunque la strada ad una serie di iniziative che l\u2019Associazione Flautisti Calabresi ha scelto di portare avanti, per promuovere la crescita della cultura della musica e per dare la possibilit\u00e0 a tanti giovani appassionati dello strumento, il Flauto traverso, di avere ulteriori e importanti assi cardinali attraverso i quali tracciare la rotta della propria creativit\u00e0.<\/p>\n<p>Lavorare per diffondere la cultura della musica e la musica nella cultura tutta, \u00e8 il fine che si pone l\u2019Associazione, che ha eletto nell\u2019ambito dell\u2019Assemblea costitutiva il Maestro Francesco Guido quale presidente e portavoce di questo importante progetto.<\/p>\n<p>Dallo Ionio al Tirreno, dalle provincie di Cosenza, di Vibo Valentia, di Reggio Calabria, con il Conservatorio e l\u2019Accademia Flautistica tra i membri fondatori, nonch\u00e9 dalla provincia di Catanzaro &#8211; ma anche dalle altre regioni d\u2019Italia &#8211; sono state moltissime, fin da subito, le adesioni all\u2019associazione.<\/p>\n<p>\u201c<em>Abbiamo scelto di porci al servizio della musica e della nostra regione<\/em> \u2013 ha dichiarato il Maestro Francesco Guido, presidente dell\u2019Associazione \u2013 <em>perch\u00e9 una forte comunione di intenti e la scelta di collaborare attivamente tra tutti coloro che vivono con passione il proprio percorso culturale, artistico, musicale e creativo legato al Flauto, pu\u00f2 essere d\u2019aiuto a chi muove i primi passi nel mondo della musica o per chi cerca di spiccare il volo per raggiungere importanti traguardi. Da questo primo evento, parte il nostro viaggio, che ci auguriamo possa arricchirsi di nuovi compagni e obiettivi giorno dopo giorno<\/em>\u201d.<\/p>\n","protected":false},"excerpt":{"rendered":"<p>La nascente Associazione Flautisti Calabresi si presenta alla comunit\u00e0 culturale e alla societ\u00e0 del territorio calabrese, in un evento che fonde il concetto di salotto culturale con quello di concerto,&hellip;<\/p>\n","protected":false},"author":13,"featured_media":16793,"comment_status":"open","ping_status":"open","sticky":false,"template":"","format":"standard","meta":{"_jetpack_memberships_contains_paid_content":false,"footnotes":"","jetpack_publicize_message":"","jetpack_publicize_feature_enabled":true,"jetpack_social_post_already_shared":false,"jetpack_social_options":{"image_generator_settings":{"template":"highway","default_image_id":0,"font":"","enabled":false},"version":2}},"categories":[142,921,196],"tags":[8471,8470,354,8293,8472],"class_list":["post-16792","post","type-post","status-publish","format-standard","has-post-thumbnail","hentry","category-calabria","category-home","category-news","tag-associazione-flautisti-calabresi","tag-casa-della-musica","tag-cosenza","tag-flauto-traverso","tag-maestro-francesco-guido"],"yoast_head":"<!-- This site is optimized with the Yoast SEO plugin v27.2 - https:\/\/yoast.com\/product\/yoast-seo-wordpress\/ -->\n<title>Cosenza: inaugurazione dell&#039;Associazione flautisti calabresi<\/title>\n<meta name=\"description\" content=\"Il 14 gennaio, alla Casa della Musica, si discuter\u00e0 della rotta delle associazioni musicali per la promozione del flauto in Calabria\" \/>\n<meta name=\"robots\" content=\"index, follow, max-snippet:-1, max-image-preview:large, max-video-preview:-1\" \/>\n<link rel=\"canonical\" href=\"https:\/\/progettotouring.it\/radiotouring104\/2023\/01\/16\/cosenza-inaugurazione-dellassociazione-flautisti-calabresi\/\" \/>\n<meta property=\"og:locale\" content=\"it_IT\" \/>\n<meta property=\"og:type\" content=\"article\" \/>\n<meta property=\"og:title\" content=\"Cosenza: inaugurazione dell&#039;Associazione flautisti calabresi\" \/>\n<meta property=\"og:description\" content=\"Il 14 gennaio, alla Casa della Musica, si discuter\u00e0 della rotta delle associazioni musicali per la promozione del flauto in Calabria\" \/>\n<meta property=\"og:url\" content=\"https:\/\/progettotouring.it\/radiotouring104\/2023\/01\/16\/cosenza-inaugurazione-dellassociazione-flautisti-calabresi\/\" \/>\n<meta property=\"og:site_name\" content=\"Radio Touring 104\" \/>\n<meta property=\"article:published_time\" content=\"2023-01-16T09:31:24+00:00\" \/>\n<meta property=\"og:image\" content=\"https:\/\/progettotouring.it\/radiotouring104\/wp-content\/uploads\/sites\/6\/2023\/01\/Associazione-flautisti-calabresi.-jpg.jpg\" \/>\n\t<meta property=\"og:image:width\" content=\"319\" \/>\n\t<meta property=\"og:image:height\" content=\"291\" \/>\n\t<meta property=\"og:image:type\" content=\"image\/jpeg\" \/>\n<meta name=\"author\" content=\"Helena Pedone\" \/>\n<meta name=\"twitter:card\" content=\"summary_large_image\" \/>\n<meta name=\"twitter:label1\" content=\"Scritto da\" \/>\n\t<meta name=\"twitter:data1\" content=\"Helena Pedone\" \/>\n\t<meta name=\"twitter:label2\" content=\"Tempo di lettura stimato\" \/>\n\t<meta name=\"twitter:data2\" content=\"2 minuti\" \/>\n<script type=\"application\/ld+json\" class=\"yoast-schema-graph\">{\"@context\":\"https:\/\/schema.org\",\"@graph\":[{\"@type\":\"Article\",\"@id\":\"https:\/\/progettotouring.it\/radiotouring104\/2023\/01\/16\/cosenza-inaugurazione-dellassociazione-flautisti-calabresi\/#article\",\"isPartOf\":{\"@id\":\"https:\/\/progettotouring.it\/radiotouring104\/2023\/01\/16\/cosenza-inaugurazione-dellassociazione-flautisti-calabresi\/\"},\"author\":{\"name\":\"Helena Pedone\",\"@id\":\"https:\/\/progettotouring.it\/radiotouring104\/#\/schema\/person\/8458ed437f4094f881aab8e4cc572684\"},\"headline\":\"Cosenza: inaugurazione dell&#8217;Associazione flautisti calabresi\",\"datePublished\":\"2023-01-16T09:31:24+00:00\",\"mainEntityOfPage\":{\"@id\":\"https:\/\/progettotouring.it\/radiotouring104\/2023\/01\/16\/cosenza-inaugurazione-dellassociazione-flautisti-calabresi\/\"},\"wordCount\":450,\"commentCount\":0,\"publisher\":{\"@id\":\"https:\/\/progettotouring.it\/radiotouring104\/#organization\"},\"image\":{\"@id\":\"https:\/\/progettotouring.it\/radiotouring104\/2023\/01\/16\/cosenza-inaugurazione-dellassociazione-flautisti-calabresi\/#primaryimage\"},\"thumbnailUrl\":\"https:\/\/progettotouring.it\/radiotouring104\/wp-content\/uploads\/sites\/6\/2023\/01\/Associazione-flautisti-calabresi.-jpg.jpg\",\"keywords\":[\"Associazione Flautisti Calabresi\",\"Casa della Musica\",\"Cosenza\",\"flauto traverso\",\"Maestro Francesco Guido\"],\"articleSection\":[\"Calabria\",\"Home\",\"News\"],\"inLanguage\":\"it-IT\",\"potentialAction\":[{\"@type\":\"CommentAction\",\"name\":\"Comment\",\"target\":[\"https:\/\/progettotouring.it\/radiotouring104\/2023\/01\/16\/cosenza-inaugurazione-dellassociazione-flautisti-calabresi\/#respond\"]}]},{\"@type\":\"WebPage\",\"@id\":\"https:\/\/progettotouring.it\/radiotouring104\/2023\/01\/16\/cosenza-inaugurazione-dellassociazione-flautisti-calabresi\/\",\"url\":\"https:\/\/progettotouring.it\/radiotouring104\/2023\/01\/16\/cosenza-inaugurazione-dellassociazione-flautisti-calabresi\/\",\"name\":\"Cosenza: inaugurazione dell'Associazione flautisti calabresi\",\"isPartOf\":{\"@id\":\"https:\/\/progettotouring.it\/radiotouring104\/#website\"},\"primaryImageOfPage\":{\"@id\":\"https:\/\/progettotouring.it\/radiotouring104\/2023\/01\/16\/cosenza-inaugurazione-dellassociazione-flautisti-calabresi\/#primaryimage\"},\"image\":{\"@id\":\"https:\/\/progettotouring.it\/radiotouring104\/2023\/01\/16\/cosenza-inaugurazione-dellassociazione-flautisti-calabresi\/#primaryimage\"},\"thumbnailUrl\":\"https:\/\/progettotouring.it\/radiotouring104\/wp-content\/uploads\/sites\/6\/2023\/01\/Associazione-flautisti-calabresi.-jpg.jpg\",\"datePublished\":\"2023-01-16T09:31:24+00:00\",\"description\":\"Il 14 gennaio, alla Casa della Musica, si discuter\u00e0 della rotta delle associazioni musicali per la promozione del flauto in Calabria\",\"breadcrumb\":{\"@id\":\"https:\/\/progettotouring.it\/radiotouring104\/2023\/01\/16\/cosenza-inaugurazione-dellassociazione-flautisti-calabresi\/#breadcrumb\"},\"inLanguage\":\"it-IT\",\"potentialAction\":[{\"@type\":\"ReadAction\",\"target\":[\"https:\/\/progettotouring.it\/radiotouring104\/2023\/01\/16\/cosenza-inaugurazione-dellassociazione-flautisti-calabresi\/\"]}]},{\"@type\":\"ImageObject\",\"inLanguage\":\"it-IT\",\"@id\":\"https:\/\/progettotouring.it\/radiotouring104\/2023\/01\/16\/cosenza-inaugurazione-dellassociazione-flautisti-calabresi\/#primaryimage\",\"url\":\"https:\/\/progettotouring.it\/radiotouring104\/wp-content\/uploads\/sites\/6\/2023\/01\/Associazione-flautisti-calabresi.-jpg.jpg\",\"contentUrl\":\"https:\/\/progettotouring.it\/radiotouring104\/wp-content\/uploads\/sites\/6\/2023\/01\/Associazione-flautisti-calabresi.-jpg.jpg\",\"width\":319,\"height\":291},{\"@type\":\"BreadcrumbList\",\"@id\":\"https:\/\/progettotouring.it\/radiotouring104\/2023\/01\/16\/cosenza-inaugurazione-dellassociazione-flautisti-calabresi\/#breadcrumb\",\"itemListElement\":[{\"@type\":\"ListItem\",\"position\":1,\"name\":\"Home\",\"item\":\"https:\/\/progettotouring.it\/radiotouring104\/\"},{\"@type\":\"ListItem\",\"position\":2,\"name\":\"Cosenza: inaugurazione dell&#8217;Associazione flautisti calabresi\"}]},{\"@type\":\"WebSite\",\"@id\":\"https:\/\/progettotouring.it\/radiotouring104\/#website\",\"url\":\"https:\/\/progettotouring.it\/radiotouring104\/\",\"name\":\"Radio Touring 104\",\"description\":\"La prima radio Reggina\",\"publisher\":{\"@id\":\"https:\/\/progettotouring.it\/radiotouring104\/#organization\"},\"potentialAction\":[{\"@type\":\"SearchAction\",\"target\":{\"@type\":\"EntryPoint\",\"urlTemplate\":\"https:\/\/progettotouring.it\/radiotouring104\/?s={search_term_string}\"},\"query-input\":{\"@type\":\"PropertyValueSpecification\",\"valueRequired\":true,\"valueName\":\"search_term_string\"}}],\"inLanguage\":\"it-IT\"},{\"@type\":\"Organization\",\"@id\":\"https:\/\/progettotouring.it\/radiotouring104\/#organization\",\"name\":\"Radio Touring 104\",\"url\":\"https:\/\/progettotouring.it\/radiotouring104\/\",\"logo\":{\"@type\":\"ImageObject\",\"inLanguage\":\"it-IT\",\"@id\":\"https:\/\/progettotouring.it\/radiotouring104\/#\/schema\/logo\/image\/\",\"url\":\"https:\/\/progettotouring.it\/radiotouring104\/wp-content\/uploads\/sites\/6\/2022\/02\/cropped-logo-radio-touring-104.png\",\"contentUrl\":\"https:\/\/progettotouring.it\/radiotouring104\/wp-content\/uploads\/sites\/6\/2022\/02\/cropped-logo-radio-touring-104.png\",\"width\":377,\"height\":182,\"caption\":\"Radio Touring 104\"},\"image\":{\"@id\":\"https:\/\/progettotouring.it\/radiotouring104\/#\/schema\/logo\/image\/\"}},{\"@type\":\"Person\",\"@id\":\"https:\/\/progettotouring.it\/radiotouring104\/#\/schema\/person\/8458ed437f4094f881aab8e4cc572684\",\"name\":\"Helena Pedone\",\"image\":{\"@type\":\"ImageObject\",\"inLanguage\":\"it-IT\",\"@id\":\"https:\/\/secure.gravatar.com\/avatar\/95a63adf316f90175b68113b4b895a96641be06395ffeef88fea6178b30027d9?s=96&d=mm&r=g\",\"url\":\"https:\/\/secure.gravatar.com\/avatar\/95a63adf316f90175b68113b4b895a96641be06395ffeef88fea6178b30027d9?s=96&d=mm&r=g\",\"contentUrl\":\"https:\/\/secure.gravatar.com\/avatar\/95a63adf316f90175b68113b4b895a96641be06395ffeef88fea6178b30027d9?s=96&d=mm&r=g\",\"caption\":\"Helena Pedone\"},\"url\":\"https:\/\/progettotouring.it\/radiotouring104\/author\/helena\/\"}]}<\/script>\n<!-- \/ Yoast SEO plugin. -->","yoast_head_json":{"title":"Cosenza: inaugurazione dell'Associazione flautisti calabresi","description":"Il 14 gennaio, alla Casa della Musica, si discuter\u00e0 della rotta delle associazioni musicali per la promozione del flauto in Calabria","robots":{"index":"index","follow":"follow","max-snippet":"max-snippet:-1","max-image-preview":"max-image-preview:large","max-video-preview":"max-video-preview:-1"},"canonical":"https:\/\/progettotouring.it\/radiotouring104\/2023\/01\/16\/cosenza-inaugurazione-dellassociazione-flautisti-calabresi\/","og_locale":"it_IT","og_type":"article","og_title":"Cosenza: inaugurazione dell'Associazione flautisti calabresi","og_description":"Il 14 gennaio, alla Casa della Musica, si discuter\u00e0 della rotta delle associazioni musicali per la promozione del flauto in Calabria","og_url":"https:\/\/progettotouring.it\/radiotouring104\/2023\/01\/16\/cosenza-inaugurazione-dellassociazione-flautisti-calabresi\/","og_site_name":"Radio Touring 104","article_published_time":"2023-01-16T09:31:24+00:00","og_image":[{"width":319,"height":291,"url":"https:\/\/progettotouring.it\/radiotouring104\/wp-content\/uploads\/sites\/6\/2023\/01\/Associazione-flautisti-calabresi.-jpg.jpg","type":"image\/jpeg"}],"author":"Helena Pedone","twitter_card":"summary_large_image","twitter_misc":{"Scritto da":"Helena Pedone","Tempo di lettura stimato":"2 minuti"},"schema":{"@context":"https:\/\/schema.org","@graph":[{"@type":"Article","@id":"https:\/\/progettotouring.it\/radiotouring104\/2023\/01\/16\/cosenza-inaugurazione-dellassociazione-flautisti-calabresi\/#article","isPartOf":{"@id":"https:\/\/progettotouring.it\/radiotouring104\/2023\/01\/16\/cosenza-inaugurazione-dellassociazione-flautisti-calabresi\/"},"author":{"name":"Helena Pedone","@id":"https:\/\/progettotouring.it\/radiotouring104\/#\/schema\/person\/8458ed437f4094f881aab8e4cc572684"},"headline":"Cosenza: inaugurazione dell&#8217;Associazione flautisti calabresi","datePublished":"2023-01-16T09:31:24+00:00","mainEntityOfPage":{"@id":"https:\/\/progettotouring.it\/radiotouring104\/2023\/01\/16\/cosenza-inaugurazione-dellassociazione-flautisti-calabresi\/"},"wordCount":450,"commentCount":0,"publisher":{"@id":"https:\/\/progettotouring.it\/radiotouring104\/#organization"},"image":{"@id":"https:\/\/progettotouring.it\/radiotouring104\/2023\/01\/16\/cosenza-inaugurazione-dellassociazione-flautisti-calabresi\/#primaryimage"},"thumbnailUrl":"https:\/\/progettotouring.it\/radiotouring104\/wp-content\/uploads\/sites\/6\/2023\/01\/Associazione-flautisti-calabresi.-jpg.jpg","keywords":["Associazione Flautisti Calabresi","Casa della Musica","Cosenza","flauto traverso","Maestro Francesco Guido"],"articleSection":["Calabria","Home","News"],"inLanguage":"it-IT","potentialAction":[{"@type":"CommentAction","name":"Comment","target":["https:\/\/progettotouring.it\/radiotouring104\/2023\/01\/16\/cosenza-inaugurazione-dellassociazione-flautisti-calabresi\/#respond"]}]},{"@type":"WebPage","@id":"https:\/\/progettotouring.it\/radiotouring104\/2023\/01\/16\/cosenza-inaugurazione-dellassociazione-flautisti-calabresi\/","url":"https:\/\/progettotouring.it\/radiotouring104\/2023\/01\/16\/cosenza-inaugurazione-dellassociazione-flautisti-calabresi\/","name":"Cosenza: inaugurazione dell'Associazione flautisti calabresi","isPartOf":{"@id":"https:\/\/progettotouring.it\/radiotouring104\/#website"},"primaryImageOfPage":{"@id":"https:\/\/progettotouring.it\/radiotouring104\/2023\/01\/16\/cosenza-inaugurazione-dellassociazione-flautisti-calabresi\/#primaryimage"},"image":{"@id":"https:\/\/progettotouring.it\/radiotouring104\/2023\/01\/16\/cosenza-inaugurazione-dellassociazione-flautisti-calabresi\/#primaryimage"},"thumbnailUrl":"https:\/\/progettotouring.it\/radiotouring104\/wp-content\/uploads\/sites\/6\/2023\/01\/Associazione-flautisti-calabresi.-jpg.jpg","datePublished":"2023-01-16T09:31:24+00:00","description":"Il 14 gennaio, alla Casa della Musica, si discuter\u00e0 della rotta delle associazioni musicali per la promozione del flauto in Calabria","breadcrumb":{"@id":"https:\/\/progettotouring.it\/radiotouring104\/2023\/01\/16\/cosenza-inaugurazione-dellassociazione-flautisti-calabresi\/#breadcrumb"},"inLanguage":"it-IT","potentialAction":[{"@type":"ReadAction","target":["https:\/\/progettotouring.it\/radiotouring104\/2023\/01\/16\/cosenza-inaugurazione-dellassociazione-flautisti-calabresi\/"]}]},{"@type":"ImageObject","inLanguage":"it-IT","@id":"https:\/\/progettotouring.it\/radiotouring104\/2023\/01\/16\/cosenza-inaugurazione-dellassociazione-flautisti-calabresi\/#primaryimage","url":"https:\/\/progettotouring.it\/radiotouring104\/wp-content\/uploads\/sites\/6\/2023\/01\/Associazione-flautisti-calabresi.-jpg.jpg","contentUrl":"https:\/\/progettotouring.it\/radiotouring104\/wp-content\/uploads\/sites\/6\/2023\/01\/Associazione-flautisti-calabresi.-jpg.jpg","width":319,"height":291},{"@type":"BreadcrumbList","@id":"https:\/\/progettotouring.it\/radiotouring104\/2023\/01\/16\/cosenza-inaugurazione-dellassociazione-flautisti-calabresi\/#breadcrumb","itemListElement":[{"@type":"ListItem","position":1,"name":"Home","item":"https:\/\/progettotouring.it\/radiotouring104\/"},{"@type":"ListItem","position":2,"name":"Cosenza: inaugurazione dell&#8217;Associazione flautisti calabresi"}]},{"@type":"WebSite","@id":"https:\/\/progettotouring.it\/radiotouring104\/#website","url":"https:\/\/progettotouring.it\/radiotouring104\/","name":"Radio Touring 104","description":"La prima radio Reggina","publisher":{"@id":"https:\/\/progettotouring.it\/radiotouring104\/#organization"},"potentialAction":[{"@type":"SearchAction","target":{"@type":"EntryPoint","urlTemplate":"https:\/\/progettotouring.it\/radiotouring104\/?s={search_term_string}"},"query-input":{"@type":"PropertyValueSpecification","valueRequired":true,"valueName":"search_term_string"}}],"inLanguage":"it-IT"},{"@type":"Organization","@id":"https:\/\/progettotouring.it\/radiotouring104\/#organization","name":"Radio Touring 104","url":"https:\/\/progettotouring.it\/radiotouring104\/","logo":{"@type":"ImageObject","inLanguage":"it-IT","@id":"https:\/\/progettotouring.it\/radiotouring104\/#\/schema\/logo\/image\/","url":"https:\/\/progettotouring.it\/radiotouring104\/wp-content\/uploads\/sites\/6\/2022\/02\/cropped-logo-radio-touring-104.png","contentUrl":"https:\/\/progettotouring.it\/radiotouring104\/wp-content\/uploads\/sites\/6\/2022\/02\/cropped-logo-radio-touring-104.png","width":377,"height":182,"caption":"Radio Touring 104"},"image":{"@id":"https:\/\/progettotouring.it\/radiotouring104\/#\/schema\/logo\/image\/"}},{"@type":"Person","@id":"https:\/\/progettotouring.it\/radiotouring104\/#\/schema\/person\/8458ed437f4094f881aab8e4cc572684","name":"Helena Pedone","image":{"@type":"ImageObject","inLanguage":"it-IT","@id":"https:\/\/secure.gravatar.com\/avatar\/95a63adf316f90175b68113b4b895a96641be06395ffeef88fea6178b30027d9?s=96&d=mm&r=g","url":"https:\/\/secure.gravatar.com\/avatar\/95a63adf316f90175b68113b4b895a96641be06395ffeef88fea6178b30027d9?s=96&d=mm&r=g","contentUrl":"https:\/\/secure.gravatar.com\/avatar\/95a63adf316f90175b68113b4b895a96641be06395ffeef88fea6178b30027d9?s=96&d=mm&r=g","caption":"Helena Pedone"},"url":"https:\/\/progettotouring.it\/radiotouring104\/author\/helena\/"}]}},"jetpack_publicize_connections":[],"jetpack_featured_media_url":"https:\/\/progettotouring.it\/radiotouring104\/wp-content\/uploads\/sites\/6\/2023\/01\/Associazione-flautisti-calabresi.-jpg.jpg","jetpack_sharing_enabled":true,"_links":{"self":[{"href":"https:\/\/progettotouring.it\/radiotouring104\/wp-json\/wp\/v2\/posts\/16792","targetHints":{"allow":["GET"]}}],"collection":[{"href":"https:\/\/progettotouring.it\/radiotouring104\/wp-json\/wp\/v2\/posts"}],"about":[{"href":"https:\/\/progettotouring.it\/radiotouring104\/wp-json\/wp\/v2\/types\/post"}],"author":[{"embeddable":true,"href":"https:\/\/progettotouring.it\/radiotouring104\/wp-json\/wp\/v2\/users\/13"}],"replies":[{"embeddable":true,"href":"https:\/\/progettotouring.it\/radiotouring104\/wp-json\/wp\/v2\/comments?post=16792"}],"version-history":[{"count":2,"href":"https:\/\/progettotouring.it\/radiotouring104\/wp-json\/wp\/v2\/posts\/16792\/revisions"}],"predecessor-version":[{"id":16795,"href":"https:\/\/progettotouring.it\/radiotouring104\/wp-json\/wp\/v2\/posts\/16792\/revisions\/16795"}],"wp:featuredmedia":[{"embeddable":true,"href":"https:\/\/progettotouring.it\/radiotouring104\/wp-json\/wp\/v2\/media\/16793"}],"wp:attachment":[{"href":"https:\/\/progettotouring.it\/radiotouring104\/wp-json\/wp\/v2\/media?parent=16792"}],"wp:term":[{"taxonomy":"category","embeddable":true,"href":"https:\/\/progettotouring.it\/radiotouring104\/wp-json\/wp\/v2\/categories?post=16792"},{"taxonomy":"post_tag","embeddable":true,"href":"https:\/\/progettotouring.it\/radiotouring104\/wp-json\/wp\/v2\/tags?post=16792"}],"curies":[{"name":"wp","href":"https:\/\/api.w.org\/{rel}","templated":true}]}}