{"id":16796,"date":"2023-01-16T10:43:39","date_gmt":"2023-01-16T09:43:39","guid":{"rendered":"https:\/\/progettotouring.it\/radiotouring104\/?p=16796"},"modified":"2023-01-16T10:43:39","modified_gmt":"2023-01-16T09:43:39","slug":"coldiretti-teme-lassedio-dei-cinghiali","status":"publish","type":"post","link":"https:\/\/progettotouring.it\/radiotouring104\/2023\/01\/16\/coldiretti-teme-lassedio-dei-cinghiali\/","title":{"rendered":"Coldiretti teme l&#8217;assedio dei cinghiali"},"content":{"rendered":"<p class=\"xmprfx_MsoPlainText\">Riceviamo e pubblichiamo:<\/p>\n<p>&nbsp;<\/p>\n<p class=\"xmprfx_MsoPlainText\">Dopo le immagini dei cinghiali alla Cittadella Regionale, a dir la verit\u00e0 gi\u00e0 riscontrate e segnalate da Coldiretti Calabria sin dal 2019, viene facile affermare: anche le Istituzioni sono assediate. Se qualcuno ancora nutriva e nutre dubbi sulla presenza invasiva dei cinghiali adesso l\u2019avviso \u00e8 stato recapitato a domicilio.\u00a0 Insomma \u00e8 evidente che la presenza diventa sempre pi\u00f9 domestica. In riferimento al rapporto Ispra sulla proliferazione dei cinghiali in Italia, dalle campagne alle citt\u00e0 con in media trecento mila abbattimenti all&#8217;anno nel periodo 2015-21, in aumento del 45%, la stragrande maggioranza dei calabresi (80%) ritengono che i cinghiali siano troppo numerosi e li considera una vera e propria minaccia per la popolazione e un serio problema per le coltivazioni e l\u2019equilibrio ambientale.\u00a0 Il risultato \u00e8 che oltre sei italiani su dieci (62%) ne hanno una reale paura e quasi la met\u00e0 (48%) non prenderebbe addirittura casa in una zona infestata dai cinghiali da cui consegue un evidente depauperamento del patrimonio.<\/p>\n<p class=\"xmprfx_MsoPlainText\">I branchi, come riscontriamo ogni giorno , si spingono sempre pi\u00f9 vicini ad abitazioni e scuole, fino ai parchi, distruggono i raccolti, aggrediscono gli animali, assediano stalle, causano incidenti stradali con morti e feriti e razzolano tra i rifiuti con evidenti rischi per la salute. La situazione \u00e8 diventata insostenibile in citt\u00e0 e nelle campagne con danni economici incalcolabili alle produzioni agricole che non sono solo quelli per i quali si chiede il risacimento ma \u2013 continua Coldiretti \u2013 viene compromesso anche l\u2019equilibrio ambientale di vasti ecosistemi territoriali in aree di pregio naturalistico con la perdita di biodiversit\u00e0 sia animale che vegetale senza dimenticare i rischi per gli allevamenti e il Made in Italy a tavola con la diffusione della peste africana.<\/p>\n<p class=\"xmprfx_MsoPlainText\">L\u2019invasione da parte dei selvatici ha causato un incidente ogni 41 ore con 13 vittime e 261 feriti gravi secondo l\u2019analisi di Coldiretti su dati Asaps. Negli ultimi dieci anni il numero di incidenti gravi con morti e feriti causati da animali \u00e8 praticamente raddoppiato (+81%) sulle strade provinciali secondo la stima Coldiretti su dati Aci Istat.<\/p>\n<p class=\"xmprfx_MsoPlainText\">Ormai \u00e8 palese: i cittadini considerano l\u2019eccessiva presenza degli animali selvatici una vera e propria emergenza che incide sulla sicurezza delle persone oltre che sull\u2019economia e sul lavoro, specie nelle zone pi\u00f9 svantaggiate; non pi\u00f9 rinviabili gli interventi mirati e su larga scala per ridurre la minaccia dei cinghiali.<\/p>\n","protected":false},"excerpt":{"rendered":"<p>Riceviamo e pubblichiamo: &nbsp; Dopo le immagini dei cinghiali alla Cittadella Regionale, a dir la verit\u00e0 gi\u00e0 riscontrate e segnalate da Coldiretti Calabria sin dal 2019, viene facile affermare: anche&hellip;<\/p>\n","protected":false},"author":13,"featured_media":16797,"comment_status":"open","ping_status":"open","sticky":false,"template":"","format":"standard","meta":{"_jetpack_memberships_contains_paid_content":false,"footnotes":"","jetpack_publicize_message":"","jetpack_publicize_feature_enabled":true,"jetpack_social_post_already_shared":false,"jetpack_social_options":{"image_generator_settings":{"template":"highway","default_image_id":0,"font":"","enabled":false},"version":2}},"categories":[142,921,196],"tags":[557,8474,8473],"class_list":["post-16796","post","type-post","status-publish","format-standard","has-post-thumbnail","hentry","category-calabria","category-home","category-news","tag-coldiretti-calabria","tag-equilibrio-ambientale","tag-invasione-cinghiali"],"yoast_head":"<!-- This site is optimized with the Yoast SEO plugin v27.2 - https:\/\/yoast.com\/product\/yoast-seo-wordpress\/ -->\n<title>Coldiretti teme l&#039;assedio dei cinghiali<\/title>\n<meta name=\"description\" content=\"Facendosi portavoce dei timori delle aree pi\u00f9 esposte, la delegazione calabrese invoca l&#039;intervento tempestivo delle istituzioni\" \/>\n<meta name=\"robots\" content=\"index, follow, max-snippet:-1, max-image-preview:large, max-video-preview:-1\" \/>\n<link rel=\"canonical\" href=\"https:\/\/progettotouring.it\/radiotouring104\/2023\/01\/16\/coldiretti-teme-lassedio-dei-cinghiali\/\" \/>\n<meta property=\"og:locale\" content=\"it_IT\" \/>\n<meta property=\"og:type\" content=\"article\" \/>\n<meta property=\"og:title\" content=\"Coldiretti teme l&#039;assedio dei cinghiali\" \/>\n<meta property=\"og:description\" content=\"Facendosi portavoce dei timori delle aree pi\u00f9 esposte, la delegazione calabrese invoca l&#039;intervento tempestivo delle istituzioni\" \/>\n<meta property=\"og:url\" content=\"https:\/\/progettotouring.it\/radiotouring104\/2023\/01\/16\/coldiretti-teme-lassedio-dei-cinghiali\/\" \/>\n<meta property=\"og:site_name\" content=\"Radio Touring 104\" \/>\n<meta property=\"article:published_time\" content=\"2023-01-16T09:43:39+00:00\" \/>\n<meta property=\"og:image\" content=\"https:\/\/progettotouring.it\/radiotouring104\/wp-content\/uploads\/sites\/6\/2023\/01\/Emergenza-Cinghiali.jpg\" \/>\n\t<meta property=\"og:image:width\" content=\"600\" \/>\n\t<meta property=\"og:image:height\" content=\"409\" \/>\n\t<meta property=\"og:image:type\" content=\"image\/jpeg\" \/>\n<meta name=\"author\" content=\"Helena Pedone\" \/>\n<meta name=\"twitter:card\" content=\"summary_large_image\" \/>\n<meta name=\"twitter:label1\" content=\"Scritto da\" \/>\n\t<meta name=\"twitter:data1\" content=\"Helena Pedone\" \/>\n\t<meta name=\"twitter:label2\" content=\"Tempo di lettura stimato\" \/>\n\t<meta name=\"twitter:data2\" content=\"2 minuti\" \/>\n<script type=\"application\/ld+json\" class=\"yoast-schema-graph\">{\"@context\":\"https:\/\/schema.org\",\"@graph\":[{\"@type\":\"Article\",\"@id\":\"https:\/\/progettotouring.it\/radiotouring104\/2023\/01\/16\/coldiretti-teme-lassedio-dei-cinghiali\/#article\",\"isPartOf\":{\"@id\":\"https:\/\/progettotouring.it\/radiotouring104\/2023\/01\/16\/coldiretti-teme-lassedio-dei-cinghiali\/\"},\"author\":{\"name\":\"Helena Pedone\",\"@id\":\"https:\/\/progettotouring.it\/radiotouring104\/#\/schema\/person\/8458ed437f4094f881aab8e4cc572684\"},\"headline\":\"Coldiretti teme l&#8217;assedio dei cinghiali\",\"datePublished\":\"2023-01-16T09:43:39+00:00\",\"mainEntityOfPage\":{\"@id\":\"https:\/\/progettotouring.it\/radiotouring104\/2023\/01\/16\/coldiretti-teme-lassedio-dei-cinghiali\/\"},\"wordCount\":386,\"commentCount\":0,\"publisher\":{\"@id\":\"https:\/\/progettotouring.it\/radiotouring104\/#organization\"},\"image\":{\"@id\":\"https:\/\/progettotouring.it\/radiotouring104\/2023\/01\/16\/coldiretti-teme-lassedio-dei-cinghiali\/#primaryimage\"},\"thumbnailUrl\":\"https:\/\/progettotouring.it\/radiotouring104\/wp-content\/uploads\/sites\/6\/2023\/01\/Emergenza-Cinghiali.jpg\",\"keywords\":[\"Coldiretti Calabria\",\"Equilibrio ambientale\",\"Invasione cinghiali\"],\"articleSection\":[\"Calabria\",\"Home\",\"News\"],\"inLanguage\":\"it-IT\",\"potentialAction\":[{\"@type\":\"CommentAction\",\"name\":\"Comment\",\"target\":[\"https:\/\/progettotouring.it\/radiotouring104\/2023\/01\/16\/coldiretti-teme-lassedio-dei-cinghiali\/#respond\"]}]},{\"@type\":\"WebPage\",\"@id\":\"https:\/\/progettotouring.it\/radiotouring104\/2023\/01\/16\/coldiretti-teme-lassedio-dei-cinghiali\/\",\"url\":\"https:\/\/progettotouring.it\/radiotouring104\/2023\/01\/16\/coldiretti-teme-lassedio-dei-cinghiali\/\",\"name\":\"Coldiretti teme l'assedio dei cinghiali\",\"isPartOf\":{\"@id\":\"https:\/\/progettotouring.it\/radiotouring104\/#website\"},\"primaryImageOfPage\":{\"@id\":\"https:\/\/progettotouring.it\/radiotouring104\/2023\/01\/16\/coldiretti-teme-lassedio-dei-cinghiali\/#primaryimage\"},\"image\":{\"@id\":\"https:\/\/progettotouring.it\/radiotouring104\/2023\/01\/16\/coldiretti-teme-lassedio-dei-cinghiali\/#primaryimage\"},\"thumbnailUrl\":\"https:\/\/progettotouring.it\/radiotouring104\/wp-content\/uploads\/sites\/6\/2023\/01\/Emergenza-Cinghiali.jpg\",\"datePublished\":\"2023-01-16T09:43:39+00:00\",\"description\":\"Facendosi portavoce dei timori delle aree pi\u00f9 esposte, la delegazione calabrese invoca l'intervento tempestivo delle istituzioni\",\"breadcrumb\":{\"@id\":\"https:\/\/progettotouring.it\/radiotouring104\/2023\/01\/16\/coldiretti-teme-lassedio-dei-cinghiali\/#breadcrumb\"},\"inLanguage\":\"it-IT\",\"potentialAction\":[{\"@type\":\"ReadAction\",\"target\":[\"https:\/\/progettotouring.it\/radiotouring104\/2023\/01\/16\/coldiretti-teme-lassedio-dei-cinghiali\/\"]}]},{\"@type\":\"ImageObject\",\"inLanguage\":\"it-IT\",\"@id\":\"https:\/\/progettotouring.it\/radiotouring104\/2023\/01\/16\/coldiretti-teme-lassedio-dei-cinghiali\/#primaryimage\",\"url\":\"https:\/\/progettotouring.it\/radiotouring104\/wp-content\/uploads\/sites\/6\/2023\/01\/Emergenza-Cinghiali.jpg\",\"contentUrl\":\"https:\/\/progettotouring.it\/radiotouring104\/wp-content\/uploads\/sites\/6\/2023\/01\/Emergenza-Cinghiali.jpg\",\"width\":600,\"height\":409},{\"@type\":\"BreadcrumbList\",\"@id\":\"https:\/\/progettotouring.it\/radiotouring104\/2023\/01\/16\/coldiretti-teme-lassedio-dei-cinghiali\/#breadcrumb\",\"itemListElement\":[{\"@type\":\"ListItem\",\"position\":1,\"name\":\"Home\",\"item\":\"https:\/\/progettotouring.it\/radiotouring104\/\"},{\"@type\":\"ListItem\",\"position\":2,\"name\":\"Coldiretti teme l&#8217;assedio dei cinghiali\"}]},{\"@type\":\"WebSite\",\"@id\":\"https:\/\/progettotouring.it\/radiotouring104\/#website\",\"url\":\"https:\/\/progettotouring.it\/radiotouring104\/\",\"name\":\"Radio Touring 104\",\"description\":\"La prima radio Reggina\",\"publisher\":{\"@id\":\"https:\/\/progettotouring.it\/radiotouring104\/#organization\"},\"potentialAction\":[{\"@type\":\"SearchAction\",\"target\":{\"@type\":\"EntryPoint\",\"urlTemplate\":\"https:\/\/progettotouring.it\/radiotouring104\/?s={search_term_string}\"},\"query-input\":{\"@type\":\"PropertyValueSpecification\",\"valueRequired\":true,\"valueName\":\"search_term_string\"}}],\"inLanguage\":\"it-IT\"},{\"@type\":\"Organization\",\"@id\":\"https:\/\/progettotouring.it\/radiotouring104\/#organization\",\"name\":\"Radio Touring 104\",\"url\":\"https:\/\/progettotouring.it\/radiotouring104\/\",\"logo\":{\"@type\":\"ImageObject\",\"inLanguage\":\"it-IT\",\"@id\":\"https:\/\/progettotouring.it\/radiotouring104\/#\/schema\/logo\/image\/\",\"url\":\"https:\/\/progettotouring.it\/radiotouring104\/wp-content\/uploads\/sites\/6\/2022\/02\/cropped-logo-radio-touring-104.png\",\"contentUrl\":\"https:\/\/progettotouring.it\/radiotouring104\/wp-content\/uploads\/sites\/6\/2022\/02\/cropped-logo-radio-touring-104.png\",\"width\":377,\"height\":182,\"caption\":\"Radio Touring 104\"},\"image\":{\"@id\":\"https:\/\/progettotouring.it\/radiotouring104\/#\/schema\/logo\/image\/\"}},{\"@type\":\"Person\",\"@id\":\"https:\/\/progettotouring.it\/radiotouring104\/#\/schema\/person\/8458ed437f4094f881aab8e4cc572684\",\"name\":\"Helena Pedone\",\"image\":{\"@type\":\"ImageObject\",\"inLanguage\":\"it-IT\",\"@id\":\"https:\/\/secure.gravatar.com\/avatar\/95a63adf316f90175b68113b4b895a96641be06395ffeef88fea6178b30027d9?s=96&d=mm&r=g\",\"url\":\"https:\/\/secure.gravatar.com\/avatar\/95a63adf316f90175b68113b4b895a96641be06395ffeef88fea6178b30027d9?s=96&d=mm&r=g\",\"contentUrl\":\"https:\/\/secure.gravatar.com\/avatar\/95a63adf316f90175b68113b4b895a96641be06395ffeef88fea6178b30027d9?s=96&d=mm&r=g\",\"caption\":\"Helena Pedone\"},\"url\":\"https:\/\/progettotouring.it\/radiotouring104\/author\/helena\/\"}]}<\/script>\n<!-- \/ Yoast SEO plugin. -->","yoast_head_json":{"title":"Coldiretti teme l'assedio dei cinghiali","description":"Facendosi portavoce dei timori delle aree pi\u00f9 esposte, la delegazione calabrese invoca l'intervento tempestivo delle istituzioni","robots":{"index":"index","follow":"follow","max-snippet":"max-snippet:-1","max-image-preview":"max-image-preview:large","max-video-preview":"max-video-preview:-1"},"canonical":"https:\/\/progettotouring.it\/radiotouring104\/2023\/01\/16\/coldiretti-teme-lassedio-dei-cinghiali\/","og_locale":"it_IT","og_type":"article","og_title":"Coldiretti teme l'assedio dei cinghiali","og_description":"Facendosi portavoce dei timori delle aree pi\u00f9 esposte, la delegazione calabrese invoca l'intervento tempestivo delle istituzioni","og_url":"https:\/\/progettotouring.it\/radiotouring104\/2023\/01\/16\/coldiretti-teme-lassedio-dei-cinghiali\/","og_site_name":"Radio Touring 104","article_published_time":"2023-01-16T09:43:39+00:00","og_image":[{"width":600,"height":409,"url":"https:\/\/progettotouring.it\/radiotouring104\/wp-content\/uploads\/sites\/6\/2023\/01\/Emergenza-Cinghiali.jpg","type":"image\/jpeg"}],"author":"Helena Pedone","twitter_card":"summary_large_image","twitter_misc":{"Scritto da":"Helena Pedone","Tempo di lettura stimato":"2 minuti"},"schema":{"@context":"https:\/\/schema.org","@graph":[{"@type":"Article","@id":"https:\/\/progettotouring.it\/radiotouring104\/2023\/01\/16\/coldiretti-teme-lassedio-dei-cinghiali\/#article","isPartOf":{"@id":"https:\/\/progettotouring.it\/radiotouring104\/2023\/01\/16\/coldiretti-teme-lassedio-dei-cinghiali\/"},"author":{"name":"Helena Pedone","@id":"https:\/\/progettotouring.it\/radiotouring104\/#\/schema\/person\/8458ed437f4094f881aab8e4cc572684"},"headline":"Coldiretti teme l&#8217;assedio dei cinghiali","datePublished":"2023-01-16T09:43:39+00:00","mainEntityOfPage":{"@id":"https:\/\/progettotouring.it\/radiotouring104\/2023\/01\/16\/coldiretti-teme-lassedio-dei-cinghiali\/"},"wordCount":386,"commentCount":0,"publisher":{"@id":"https:\/\/progettotouring.it\/radiotouring104\/#organization"},"image":{"@id":"https:\/\/progettotouring.it\/radiotouring104\/2023\/01\/16\/coldiretti-teme-lassedio-dei-cinghiali\/#primaryimage"},"thumbnailUrl":"https:\/\/progettotouring.it\/radiotouring104\/wp-content\/uploads\/sites\/6\/2023\/01\/Emergenza-Cinghiali.jpg","keywords":["Coldiretti Calabria","Equilibrio ambientale","Invasione cinghiali"],"articleSection":["Calabria","Home","News"],"inLanguage":"it-IT","potentialAction":[{"@type":"CommentAction","name":"Comment","target":["https:\/\/progettotouring.it\/radiotouring104\/2023\/01\/16\/coldiretti-teme-lassedio-dei-cinghiali\/#respond"]}]},{"@type":"WebPage","@id":"https:\/\/progettotouring.it\/radiotouring104\/2023\/01\/16\/coldiretti-teme-lassedio-dei-cinghiali\/","url":"https:\/\/progettotouring.it\/radiotouring104\/2023\/01\/16\/coldiretti-teme-lassedio-dei-cinghiali\/","name":"Coldiretti teme l'assedio dei cinghiali","isPartOf":{"@id":"https:\/\/progettotouring.it\/radiotouring104\/#website"},"primaryImageOfPage":{"@id":"https:\/\/progettotouring.it\/radiotouring104\/2023\/01\/16\/coldiretti-teme-lassedio-dei-cinghiali\/#primaryimage"},"image":{"@id":"https:\/\/progettotouring.it\/radiotouring104\/2023\/01\/16\/coldiretti-teme-lassedio-dei-cinghiali\/#primaryimage"},"thumbnailUrl":"https:\/\/progettotouring.it\/radiotouring104\/wp-content\/uploads\/sites\/6\/2023\/01\/Emergenza-Cinghiali.jpg","datePublished":"2023-01-16T09:43:39+00:00","description":"Facendosi portavoce dei timori delle aree pi\u00f9 esposte, la delegazione calabrese invoca l'intervento tempestivo delle istituzioni","breadcrumb":{"@id":"https:\/\/progettotouring.it\/radiotouring104\/2023\/01\/16\/coldiretti-teme-lassedio-dei-cinghiali\/#breadcrumb"},"inLanguage":"it-IT","potentialAction":[{"@type":"ReadAction","target":["https:\/\/progettotouring.it\/radiotouring104\/2023\/01\/16\/coldiretti-teme-lassedio-dei-cinghiali\/"]}]},{"@type":"ImageObject","inLanguage":"it-IT","@id":"https:\/\/progettotouring.it\/radiotouring104\/2023\/01\/16\/coldiretti-teme-lassedio-dei-cinghiali\/#primaryimage","url":"https:\/\/progettotouring.it\/radiotouring104\/wp-content\/uploads\/sites\/6\/2023\/01\/Emergenza-Cinghiali.jpg","contentUrl":"https:\/\/progettotouring.it\/radiotouring104\/wp-content\/uploads\/sites\/6\/2023\/01\/Emergenza-Cinghiali.jpg","width":600,"height":409},{"@type":"BreadcrumbList","@id":"https:\/\/progettotouring.it\/radiotouring104\/2023\/01\/16\/coldiretti-teme-lassedio-dei-cinghiali\/#breadcrumb","itemListElement":[{"@type":"ListItem","position":1,"name":"Home","item":"https:\/\/progettotouring.it\/radiotouring104\/"},{"@type":"ListItem","position":2,"name":"Coldiretti teme l&#8217;assedio dei cinghiali"}]},{"@type":"WebSite","@id":"https:\/\/progettotouring.it\/radiotouring104\/#website","url":"https:\/\/progettotouring.it\/radiotouring104\/","name":"Radio Touring 104","description":"La prima radio Reggina","publisher":{"@id":"https:\/\/progettotouring.it\/radiotouring104\/#organization"},"potentialAction":[{"@type":"SearchAction","target":{"@type":"EntryPoint","urlTemplate":"https:\/\/progettotouring.it\/radiotouring104\/?s={search_term_string}"},"query-input":{"@type":"PropertyValueSpecification","valueRequired":true,"valueName":"search_term_string"}}],"inLanguage":"it-IT"},{"@type":"Organization","@id":"https:\/\/progettotouring.it\/radiotouring104\/#organization","name":"Radio Touring 104","url":"https:\/\/progettotouring.it\/radiotouring104\/","logo":{"@type":"ImageObject","inLanguage":"it-IT","@id":"https:\/\/progettotouring.it\/radiotouring104\/#\/schema\/logo\/image\/","url":"https:\/\/progettotouring.it\/radiotouring104\/wp-content\/uploads\/sites\/6\/2022\/02\/cropped-logo-radio-touring-104.png","contentUrl":"https:\/\/progettotouring.it\/radiotouring104\/wp-content\/uploads\/sites\/6\/2022\/02\/cropped-logo-radio-touring-104.png","width":377,"height":182,"caption":"Radio Touring 104"},"image":{"@id":"https:\/\/progettotouring.it\/radiotouring104\/#\/schema\/logo\/image\/"}},{"@type":"Person","@id":"https:\/\/progettotouring.it\/radiotouring104\/#\/schema\/person\/8458ed437f4094f881aab8e4cc572684","name":"Helena Pedone","image":{"@type":"ImageObject","inLanguage":"it-IT","@id":"https:\/\/secure.gravatar.com\/avatar\/95a63adf316f90175b68113b4b895a96641be06395ffeef88fea6178b30027d9?s=96&d=mm&r=g","url":"https:\/\/secure.gravatar.com\/avatar\/95a63adf316f90175b68113b4b895a96641be06395ffeef88fea6178b30027d9?s=96&d=mm&r=g","contentUrl":"https:\/\/secure.gravatar.com\/avatar\/95a63adf316f90175b68113b4b895a96641be06395ffeef88fea6178b30027d9?s=96&d=mm&r=g","caption":"Helena Pedone"},"url":"https:\/\/progettotouring.it\/radiotouring104\/author\/helena\/"}]}},"jetpack_publicize_connections":[],"jetpack_featured_media_url":"https:\/\/progettotouring.it\/radiotouring104\/wp-content\/uploads\/sites\/6\/2023\/01\/Emergenza-Cinghiali.jpg","jetpack_sharing_enabled":true,"_links":{"self":[{"href":"https:\/\/progettotouring.it\/radiotouring104\/wp-json\/wp\/v2\/posts\/16796","targetHints":{"allow":["GET"]}}],"collection":[{"href":"https:\/\/progettotouring.it\/radiotouring104\/wp-json\/wp\/v2\/posts"}],"about":[{"href":"https:\/\/progettotouring.it\/radiotouring104\/wp-json\/wp\/v2\/types\/post"}],"author":[{"embeddable":true,"href":"https:\/\/progettotouring.it\/radiotouring104\/wp-json\/wp\/v2\/users\/13"}],"replies":[{"embeddable":true,"href":"https:\/\/progettotouring.it\/radiotouring104\/wp-json\/wp\/v2\/comments?post=16796"}],"version-history":[{"count":1,"href":"https:\/\/progettotouring.it\/radiotouring104\/wp-json\/wp\/v2\/posts\/16796\/revisions"}],"predecessor-version":[{"id":16798,"href":"https:\/\/progettotouring.it\/radiotouring104\/wp-json\/wp\/v2\/posts\/16796\/revisions\/16798"}],"wp:featuredmedia":[{"embeddable":true,"href":"https:\/\/progettotouring.it\/radiotouring104\/wp-json\/wp\/v2\/media\/16797"}],"wp:attachment":[{"href":"https:\/\/progettotouring.it\/radiotouring104\/wp-json\/wp\/v2\/media?parent=16796"}],"wp:term":[{"taxonomy":"category","embeddable":true,"href":"https:\/\/progettotouring.it\/radiotouring104\/wp-json\/wp\/v2\/categories?post=16796"},{"taxonomy":"post_tag","embeddable":true,"href":"https:\/\/progettotouring.it\/radiotouring104\/wp-json\/wp\/v2\/tags?post=16796"}],"curies":[{"name":"wp","href":"https:\/\/api.w.org\/{rel}","templated":true}]}}