{"id":16799,"date":"2023-01-16T10:54:24","date_gmt":"2023-01-16T09:54:24","guid":{"rendered":"https:\/\/progettotouring.it\/radiotouring104\/?p=16799"},"modified":"2023-01-16T10:57:42","modified_gmt":"2023-01-16T09:57:42","slug":"cosenza-al-van-gogh-cafe-gorgoglia-il-colore","status":"publish","type":"post","link":"https:\/\/progettotouring.it\/radiotouring104\/2023\/01\/16\/cosenza-al-van-gogh-cafe-gorgoglia-il-colore\/","title":{"rendered":"Cosenza: al Van Gogh Caf\u00e8 gorgoglia il colore"},"content":{"rendered":"<p>Il fascino di <strong>Vincent Van Gogh<\/strong> continua a richiamare l\u2019attenzione del pubblico calabrese. E\u2019 partita gran ritmo, infatti, la corsa ai biglietti per lo spettacolo \ud835\udc15\ud835\udc1a\ud835\udc27 \ud835\udc06\ud835\udc28\ud835\udc20\ud835\udc21 \ud835\udc02\ud835\udc1a\ud835\udc1f\ud835\udc1e\u0301 in prima assoluta e unica tappa in Calabria i prossimi <strong>venerd\u00ec 24 e sabato 25 febbraio 2023 <\/strong>nello storico<strong> Teatro Rendano di Cosenza.<\/strong> L\u2019evento, peraltro in concomitanza con il 170\u00b0 Anniversario della nascita di <strong>Vincent Van Gogh,<\/strong> aprir\u00e0 la 37sima edizione di <strong>Fatti di Musica<\/strong>, il Festival-Premio del Live d\u2019Autore diretto da Ruggero Pegna, con spettacoli alle ore <strong>10:00 per le scuole<\/strong> e alle <strong>ore 21:00 per tutti<\/strong>. Sono anche numerose le prenotazioni scolastiche per i matin\u00e9e, con biglietti di \u20ac 15 a studente e una gratuit\u00e0 per un docente accompagnatore ogni 15 studenti. Per questi spettacoli \u00e8 necessario rivolgersi alla segreteria organizzativa: tel. 0968441888 mail info@ruggeropegna.it, mentre per i serali la vendita \u00e8 in corso online su <a href=\"http:\/\/www.ticketone.it\">www.ticketone.it<\/a> e nei punti autorizzati Ticketone (Cosenza: Inprimafila, via Marconi n. 140).<\/p>\n<p>Lo spettacolo realizzato dalla <strong>Mic &#8211; Musical International Company<\/strong>, con la produzione esecutiva di <strong>Lara Carissimi<\/strong>, gi\u00e0 produttrice della straordinaria Opera La Divina Commedia, inaugurer\u00e0 \u201c<strong>Opere d\u2019Arte<\/strong>\u201d, un nuovo format ideato da Pegna con grandi spettacoli dedicati ad Opere letterarie e celebri Artisti.<\/p>\n<p>\u201c<strong>Van Gogh Caf\u00e8<\/strong>\u201d, pi\u00e8ce teatrale scritta e diretta da <strong>Andrea Ortis<\/strong>, firma eclettica nel panorama del musical italiano, con la consulenza artistica di Gianni Musacchio, racconta alcuni momenti della vita del celeberrimo pittore olandese e della sua arte pittorica. L\u2019eccezionale spettacolo si avvale dell\u2019 <strong>Orchestra dal Vivo diretta dal Maestro Antonello Capuano<\/strong> (chitarra), con Matteo Iannaccio al violino, Angelo Miele al pianoforte, Marco Molino alle percussioni, Lorenzo Mastrogiuseppe al contrabbasso; inoltre, del corpo di ballo del coreografo Marco Bebbu, di uno spazio scenico allargato alla platea progettato da Gabriele Moreschi, di atmosfere luminose e visive di Virginio Levrio, con grandi proiezioni animate 3D che avvolgono spettatore e scena, trasformandola in una \u201cNotte Stellata\u201d o in un \u201cCampo di grano\u201d, altre volte coinvolgendo l\u2019habitat scenico in una vera e propria trasformazione in giallo \u201cGirasole\u201d o in lilla \u201cIris\u201d. Lo spettatore si trover\u00e0, cos\u00ec, immerso nella Parigi di met\u00e0 \u2018800, nelle lande desolate del Borinage o nei parchi parigini dell\u2019en plein air, nelle assolate campagne di Arles o tra i vicoli di una formicolante Montmartre. L\u2019utilizzo di <strong>proiezioni animate 3D<\/strong> su diversi livelli del palcoscenico coinvolge lo spettatore all\u2019interno di paesaggi multimediali e alle atmosfere pittoriche, trascinandolo dentro i quadri di Van Gogh, toccandone la filosofia, il costrutto, l\u2019anima, le sue manie e le sue paure. Oltre ad alcuni dei pi\u00f9 famosi dipinti, le proiezioni riguardano anche molti schizzi e bozzetti originali presenti in alcune sue lettere; inoltre, favoriscono il cambio di paesaggi e la trasposizione in immagini degli stati d\u2019animo dei protagonisti che, nel corso del racconto, si sovrappongono. Il viaggio nel tempo \u00e8 scandito in tre macro-periodi importanti nella vita del pittore: quello olandese, culminato con il dipinto \u201cI mangiatori di patate\u201d, quello parigino e l\u2019ultimo, quello dell\u2019esplosione del colore ad Arles e della sua prematura scomparsa. \u201c<strong>Van Gogh Caf\u00e8<\/strong>\u201d \u00e8 la storia di uomini e donne, parallele a quella di Vincent Van Gogh, narrata con la raffinatezza dello sfondo musicale dei pi\u00f9 grandi parolieri e cantanti francesi: <strong>Edith Piaf, Charles Aznavour, Mireille Mathieu, Yves Montand, <\/strong>per citarne alcuni. I connotati temporali che chiariscono, nella produzione pittorica, colori e tecniche differenti, sono caratterizzati da un allestimento musicale affine, simile ed equivalente. Il percorso sonoro e le coreografie di danza attingono, infatti, alla canzone classica francese degli anni 50\/60\/70.<\/p>\n<p>Nel cast, lo stesso regista Andrea Ortis (M. Luise Philippe), Floriana Monici (Madame Odille), Chiara Di Loreto (Mademoiselle Aline), Giulio Maroncelli (Luc); nel corpo di ballo, Lavinia Scott (Eugenie), Serena Origgi (Vanille), Rebecca Erroi (Juliette), Lucrezia Zizzo (Camille).<\/p>\n<p><em>\u201cMusica, danza, teatro, immagini, arte e tecnologia applicata allo spettacolo \u2013 afferma <strong>Ruggero Pegna<\/strong> \u2013 insieme in un format rodato e affascinante, come in altre grandi Opere presentate in esclusiva in Calabria, per entrare in mondi straordinari di spettacoli unici e geniali, con una forte valenza culturale e altissimo spessore artistico. Sar\u00e0 uno spettacolo indimenticabile, un magico viaggio nei capolavori di Van Gogh!<\/em>\u201d.<\/p>\n<p>&nbsp;<\/p>\n<p>Prosegue, intanto, la prevendita per <strong>Alis<\/strong>, il Gran Gal\u00e0 del Circo Mondiale di <strong>Le Cirque Wtp<\/strong>, la pi\u00f9 grande Compagnia Europea diretta da Gianpiero e Alessandro Garelli, con oltre 20 tra i migliori World\u2019s Top Performers provenienti dal <strong>Cirque du Soleil<\/strong> e dai pi\u00f9 sensazionali circhi del mondo, per la prima volta in Calabria al Palacalafiore di Reggio dal 21 al 23 aprile con spettacoli alle ore 21:00. <strong>Alis<\/strong> porta in scena un cast stellare con i migliori artisti, pluripremiati con i riconoscimenti internazionali pi\u00f9 ambiti. Ci sono equilibristi, acrobati, \u201caerialist\u201d che tendono ai limiti delle possibilit\u00e0 umane e poi clown, cantanti e musicisti. I loro numeri sono spettacolari, poetici e sorprendenti. Alis \u00e8 uno spettacolo di due ore circa, senza interruzioni e senza mai usare animali. S\u2019ispira alla letteratura fantastica dell\u2019\u2018800 e al capolavoro di Lewis Carroll, uno show denso di emozioni e di performance uniche al mondo. <em>\u201cE\u2019 uno spettacolo ineguagliabile<\/em> \u2013 afferma Pegna \u2013 <em>mai visto prima in Calabria e, forse, davvero irripetibile! Un\u2019occasione unica e imperdibile per assistere ad uno spettacolo dalla bellezza inimmaginabile!\u201d.<\/em><\/p>\n<p>&nbsp;<\/p>\n<p>&nbsp;<\/p>\n<p>&nbsp;<\/p>\n<p>&nbsp;<\/p>\n","protected":false},"excerpt":{"rendered":"<p>Il fascino di Vincent Van Gogh continua a richiamare l\u2019attenzione del pubblico calabrese. E\u2019 partita gran ritmo, infatti, la corsa ai biglietti per lo spettacolo \ud835\udc15\ud835\udc1a\ud835\udc27 \ud835\udc06\ud835\udc28\ud835\udc20\ud835\udc21 \ud835\udc02\ud835\udc1a\ud835\udc1f\ud835\udc1e\u0301 in prima&hellip;<\/p>\n","protected":false},"author":13,"featured_media":16806,"comment_status":"open","ping_status":"open","sticky":false,"template":"","format":"standard","meta":{"_jetpack_memberships_contains_paid_content":false,"footnotes":"","jetpack_publicize_message":"","jetpack_publicize_feature_enabled":true,"jetpack_social_post_already_shared":false,"jetpack_social_options":{"image_generator_settings":{"template":"highway","default_image_id":0,"font":"","enabled":false},"version":2}},"categories":[142,921,196,147],"tags":[8476,282,8475,5697],"class_list":["post-16799","post","type-post","status-publish","format-standard","has-post-thumbnail","hentry","category-calabria","category-home","category-news","category-spettacoli","tag-andrea-ortis","tag-ruggero-pegna","tag-teatro-rendano-cosenza","tag-van-gogh-cafe"],"yoast_head":"<!-- This site is optimized with the Yoast SEO plugin v27.2 - https:\/\/yoast.com\/product\/yoast-seo-wordpress\/ -->\n<title>Cosenza: al Van Gogh Caf\u00e8 gorgoglia il colore<\/title>\n<meta name=\"description\" content=\"Il 24 e il 25 febbraio al Teatro Rendano unica tappa per lo spettacolo immersivo diretto da Andrea Ortis\" \/>\n<meta name=\"robots\" content=\"index, follow, max-snippet:-1, max-image-preview:large, max-video-preview:-1\" \/>\n<link rel=\"canonical\" href=\"https:\/\/progettotouring.it\/radiotouring104\/2023\/01\/16\/cosenza-al-van-gogh-cafe-gorgoglia-il-colore\/\" \/>\n<meta property=\"og:locale\" content=\"it_IT\" \/>\n<meta property=\"og:type\" content=\"article\" \/>\n<meta property=\"og:title\" content=\"Cosenza: al Van Gogh Caf\u00e8 gorgoglia il colore\" \/>\n<meta property=\"og:description\" content=\"Il 24 e il 25 febbraio al Teatro Rendano unica tappa per lo spettacolo immersivo diretto da Andrea Ortis\" \/>\n<meta property=\"og:url\" content=\"https:\/\/progettotouring.it\/radiotouring104\/2023\/01\/16\/cosenza-al-van-gogh-cafe-gorgoglia-il-colore\/\" \/>\n<meta property=\"og:site_name\" content=\"Radio Touring 104\" \/>\n<meta property=\"article:published_time\" content=\"2023-01-16T09:54:24+00:00\" \/>\n<meta property=\"article:modified_time\" content=\"2023-01-16T09:57:42+00:00\" \/>\n<meta property=\"og:image\" content=\"https:\/\/progettotouring.it\/radiotouring104\/wp-content\/uploads\/sites\/6\/2023\/01\/Van-Gogh-locandina-1.jpg\" \/>\n\t<meta property=\"og:image:width\" content=\"365\" \/>\n\t<meta property=\"og:image:height\" content=\"404\" \/>\n\t<meta property=\"og:image:type\" content=\"image\/jpeg\" \/>\n<meta name=\"author\" content=\"Helena Pedone\" \/>\n<meta name=\"twitter:card\" content=\"summary_large_image\" \/>\n<meta name=\"twitter:label1\" content=\"Scritto da\" \/>\n\t<meta name=\"twitter:data1\" content=\"Helena Pedone\" \/>\n\t<meta name=\"twitter:label2\" content=\"Tempo di lettura stimato\" \/>\n\t<meta name=\"twitter:data2\" content=\"4 minuti\" \/>\n<script type=\"application\/ld+json\" class=\"yoast-schema-graph\">{\"@context\":\"https:\/\/schema.org\",\"@graph\":[{\"@type\":\"Article\",\"@id\":\"https:\/\/progettotouring.it\/radiotouring104\/2023\/01\/16\/cosenza-al-van-gogh-cafe-gorgoglia-il-colore\/#article\",\"isPartOf\":{\"@id\":\"https:\/\/progettotouring.it\/radiotouring104\/2023\/01\/16\/cosenza-al-van-gogh-cafe-gorgoglia-il-colore\/\"},\"author\":{\"name\":\"Helena Pedone\",\"@id\":\"https:\/\/progettotouring.it\/radiotouring104\/#\/schema\/person\/8458ed437f4094f881aab8e4cc572684\"},\"headline\":\"Cosenza: al Van Gogh Caf\u00e8 gorgoglia il colore\",\"datePublished\":\"2023-01-16T09:54:24+00:00\",\"dateModified\":\"2023-01-16T09:57:42+00:00\",\"mainEntityOfPage\":{\"@id\":\"https:\/\/progettotouring.it\/radiotouring104\/2023\/01\/16\/cosenza-al-van-gogh-cafe-gorgoglia-il-colore\/\"},\"wordCount\":864,\"commentCount\":0,\"publisher\":{\"@id\":\"https:\/\/progettotouring.it\/radiotouring104\/#organization\"},\"image\":{\"@id\":\"https:\/\/progettotouring.it\/radiotouring104\/2023\/01\/16\/cosenza-al-van-gogh-cafe-gorgoglia-il-colore\/#primaryimage\"},\"thumbnailUrl\":\"https:\/\/progettotouring.it\/radiotouring104\/wp-content\/uploads\/sites\/6\/2023\/01\/Van-Gogh-locandina-1.jpg\",\"keywords\":[\"Andrea Ortis\",\"Ruggero Pegna\",\"Teatro Rendano Cosenza\",\"Van Gogh Caf\u00e8\"],\"articleSection\":[\"Calabria\",\"Home\",\"News\",\"Spettacoli\"],\"inLanguage\":\"it-IT\",\"potentialAction\":[{\"@type\":\"CommentAction\",\"name\":\"Comment\",\"target\":[\"https:\/\/progettotouring.it\/radiotouring104\/2023\/01\/16\/cosenza-al-van-gogh-cafe-gorgoglia-il-colore\/#respond\"]}]},{\"@type\":\"WebPage\",\"@id\":\"https:\/\/progettotouring.it\/radiotouring104\/2023\/01\/16\/cosenza-al-van-gogh-cafe-gorgoglia-il-colore\/\",\"url\":\"https:\/\/progettotouring.it\/radiotouring104\/2023\/01\/16\/cosenza-al-van-gogh-cafe-gorgoglia-il-colore\/\",\"name\":\"Cosenza: al Van Gogh Caf\u00e8 gorgoglia il colore\",\"isPartOf\":{\"@id\":\"https:\/\/progettotouring.it\/radiotouring104\/#website\"},\"primaryImageOfPage\":{\"@id\":\"https:\/\/progettotouring.it\/radiotouring104\/2023\/01\/16\/cosenza-al-van-gogh-cafe-gorgoglia-il-colore\/#primaryimage\"},\"image\":{\"@id\":\"https:\/\/progettotouring.it\/radiotouring104\/2023\/01\/16\/cosenza-al-van-gogh-cafe-gorgoglia-il-colore\/#primaryimage\"},\"thumbnailUrl\":\"https:\/\/progettotouring.it\/radiotouring104\/wp-content\/uploads\/sites\/6\/2023\/01\/Van-Gogh-locandina-1.jpg\",\"datePublished\":\"2023-01-16T09:54:24+00:00\",\"dateModified\":\"2023-01-16T09:57:42+00:00\",\"description\":\"Il 24 e il 25 febbraio al Teatro Rendano unica tappa per lo spettacolo immersivo diretto da Andrea Ortis\",\"breadcrumb\":{\"@id\":\"https:\/\/progettotouring.it\/radiotouring104\/2023\/01\/16\/cosenza-al-van-gogh-cafe-gorgoglia-il-colore\/#breadcrumb\"},\"inLanguage\":\"it-IT\",\"potentialAction\":[{\"@type\":\"ReadAction\",\"target\":[\"https:\/\/progettotouring.it\/radiotouring104\/2023\/01\/16\/cosenza-al-van-gogh-cafe-gorgoglia-il-colore\/\"]}]},{\"@type\":\"ImageObject\",\"inLanguage\":\"it-IT\",\"@id\":\"https:\/\/progettotouring.it\/radiotouring104\/2023\/01\/16\/cosenza-al-van-gogh-cafe-gorgoglia-il-colore\/#primaryimage\",\"url\":\"https:\/\/progettotouring.it\/radiotouring104\/wp-content\/uploads\/sites\/6\/2023\/01\/Van-Gogh-locandina-1.jpg\",\"contentUrl\":\"https:\/\/progettotouring.it\/radiotouring104\/wp-content\/uploads\/sites\/6\/2023\/01\/Van-Gogh-locandina-1.jpg\",\"width\":365,\"height\":404},{\"@type\":\"BreadcrumbList\",\"@id\":\"https:\/\/progettotouring.it\/radiotouring104\/2023\/01\/16\/cosenza-al-van-gogh-cafe-gorgoglia-il-colore\/#breadcrumb\",\"itemListElement\":[{\"@type\":\"ListItem\",\"position\":1,\"name\":\"Home\",\"item\":\"https:\/\/progettotouring.it\/radiotouring104\/\"},{\"@type\":\"ListItem\",\"position\":2,\"name\":\"Cosenza: al Van Gogh Caf\u00e8 gorgoglia il colore\"}]},{\"@type\":\"WebSite\",\"@id\":\"https:\/\/progettotouring.it\/radiotouring104\/#website\",\"url\":\"https:\/\/progettotouring.it\/radiotouring104\/\",\"name\":\"Radio Touring 104\",\"description\":\"La prima radio Reggina\",\"publisher\":{\"@id\":\"https:\/\/progettotouring.it\/radiotouring104\/#organization\"},\"potentialAction\":[{\"@type\":\"SearchAction\",\"target\":{\"@type\":\"EntryPoint\",\"urlTemplate\":\"https:\/\/progettotouring.it\/radiotouring104\/?s={search_term_string}\"},\"query-input\":{\"@type\":\"PropertyValueSpecification\",\"valueRequired\":true,\"valueName\":\"search_term_string\"}}],\"inLanguage\":\"it-IT\"},{\"@type\":\"Organization\",\"@id\":\"https:\/\/progettotouring.it\/radiotouring104\/#organization\",\"name\":\"Radio Touring 104\",\"url\":\"https:\/\/progettotouring.it\/radiotouring104\/\",\"logo\":{\"@type\":\"ImageObject\",\"inLanguage\":\"it-IT\",\"@id\":\"https:\/\/progettotouring.it\/radiotouring104\/#\/schema\/logo\/image\/\",\"url\":\"https:\/\/progettotouring.it\/radiotouring104\/wp-content\/uploads\/sites\/6\/2022\/02\/cropped-logo-radio-touring-104.png\",\"contentUrl\":\"https:\/\/progettotouring.it\/radiotouring104\/wp-content\/uploads\/sites\/6\/2022\/02\/cropped-logo-radio-touring-104.png\",\"width\":377,\"height\":182,\"caption\":\"Radio Touring 104\"},\"image\":{\"@id\":\"https:\/\/progettotouring.it\/radiotouring104\/#\/schema\/logo\/image\/\"}},{\"@type\":\"Person\",\"@id\":\"https:\/\/progettotouring.it\/radiotouring104\/#\/schema\/person\/8458ed437f4094f881aab8e4cc572684\",\"name\":\"Helena Pedone\",\"image\":{\"@type\":\"ImageObject\",\"inLanguage\":\"it-IT\",\"@id\":\"https:\/\/secure.gravatar.com\/avatar\/95a63adf316f90175b68113b4b895a96641be06395ffeef88fea6178b30027d9?s=96&d=mm&r=g\",\"url\":\"https:\/\/secure.gravatar.com\/avatar\/95a63adf316f90175b68113b4b895a96641be06395ffeef88fea6178b30027d9?s=96&d=mm&r=g\",\"contentUrl\":\"https:\/\/secure.gravatar.com\/avatar\/95a63adf316f90175b68113b4b895a96641be06395ffeef88fea6178b30027d9?s=96&d=mm&r=g\",\"caption\":\"Helena Pedone\"},\"url\":\"https:\/\/progettotouring.it\/radiotouring104\/author\/helena\/\"}]}<\/script>\n<!-- \/ Yoast SEO plugin. -->","yoast_head_json":{"title":"Cosenza: al Van Gogh Caf\u00e8 gorgoglia il colore","description":"Il 24 e il 25 febbraio al Teatro Rendano unica tappa per lo spettacolo immersivo diretto da Andrea Ortis","robots":{"index":"index","follow":"follow","max-snippet":"max-snippet:-1","max-image-preview":"max-image-preview:large","max-video-preview":"max-video-preview:-1"},"canonical":"https:\/\/progettotouring.it\/radiotouring104\/2023\/01\/16\/cosenza-al-van-gogh-cafe-gorgoglia-il-colore\/","og_locale":"it_IT","og_type":"article","og_title":"Cosenza: al Van Gogh Caf\u00e8 gorgoglia il colore","og_description":"Il 24 e il 25 febbraio al Teatro Rendano unica tappa per lo spettacolo immersivo diretto da Andrea Ortis","og_url":"https:\/\/progettotouring.it\/radiotouring104\/2023\/01\/16\/cosenza-al-van-gogh-cafe-gorgoglia-il-colore\/","og_site_name":"Radio Touring 104","article_published_time":"2023-01-16T09:54:24+00:00","article_modified_time":"2023-01-16T09:57:42+00:00","og_image":[{"width":365,"height":404,"url":"https:\/\/progettotouring.it\/radiotouring104\/wp-content\/uploads\/sites\/6\/2023\/01\/Van-Gogh-locandina-1.jpg","type":"image\/jpeg"}],"author":"Helena Pedone","twitter_card":"summary_large_image","twitter_misc":{"Scritto da":"Helena Pedone","Tempo di lettura stimato":"4 minuti"},"schema":{"@context":"https:\/\/schema.org","@graph":[{"@type":"Article","@id":"https:\/\/progettotouring.it\/radiotouring104\/2023\/01\/16\/cosenza-al-van-gogh-cafe-gorgoglia-il-colore\/#article","isPartOf":{"@id":"https:\/\/progettotouring.it\/radiotouring104\/2023\/01\/16\/cosenza-al-van-gogh-cafe-gorgoglia-il-colore\/"},"author":{"name":"Helena Pedone","@id":"https:\/\/progettotouring.it\/radiotouring104\/#\/schema\/person\/8458ed437f4094f881aab8e4cc572684"},"headline":"Cosenza: al Van Gogh Caf\u00e8 gorgoglia il colore","datePublished":"2023-01-16T09:54:24+00:00","dateModified":"2023-01-16T09:57:42+00:00","mainEntityOfPage":{"@id":"https:\/\/progettotouring.it\/radiotouring104\/2023\/01\/16\/cosenza-al-van-gogh-cafe-gorgoglia-il-colore\/"},"wordCount":864,"commentCount":0,"publisher":{"@id":"https:\/\/progettotouring.it\/radiotouring104\/#organization"},"image":{"@id":"https:\/\/progettotouring.it\/radiotouring104\/2023\/01\/16\/cosenza-al-van-gogh-cafe-gorgoglia-il-colore\/#primaryimage"},"thumbnailUrl":"https:\/\/progettotouring.it\/radiotouring104\/wp-content\/uploads\/sites\/6\/2023\/01\/Van-Gogh-locandina-1.jpg","keywords":["Andrea Ortis","Ruggero Pegna","Teatro Rendano Cosenza","Van Gogh Caf\u00e8"],"articleSection":["Calabria","Home","News","Spettacoli"],"inLanguage":"it-IT","potentialAction":[{"@type":"CommentAction","name":"Comment","target":["https:\/\/progettotouring.it\/radiotouring104\/2023\/01\/16\/cosenza-al-van-gogh-cafe-gorgoglia-il-colore\/#respond"]}]},{"@type":"WebPage","@id":"https:\/\/progettotouring.it\/radiotouring104\/2023\/01\/16\/cosenza-al-van-gogh-cafe-gorgoglia-il-colore\/","url":"https:\/\/progettotouring.it\/radiotouring104\/2023\/01\/16\/cosenza-al-van-gogh-cafe-gorgoglia-il-colore\/","name":"Cosenza: al Van Gogh Caf\u00e8 gorgoglia il colore","isPartOf":{"@id":"https:\/\/progettotouring.it\/radiotouring104\/#website"},"primaryImageOfPage":{"@id":"https:\/\/progettotouring.it\/radiotouring104\/2023\/01\/16\/cosenza-al-van-gogh-cafe-gorgoglia-il-colore\/#primaryimage"},"image":{"@id":"https:\/\/progettotouring.it\/radiotouring104\/2023\/01\/16\/cosenza-al-van-gogh-cafe-gorgoglia-il-colore\/#primaryimage"},"thumbnailUrl":"https:\/\/progettotouring.it\/radiotouring104\/wp-content\/uploads\/sites\/6\/2023\/01\/Van-Gogh-locandina-1.jpg","datePublished":"2023-01-16T09:54:24+00:00","dateModified":"2023-01-16T09:57:42+00:00","description":"Il 24 e il 25 febbraio al Teatro Rendano unica tappa per lo spettacolo immersivo diretto da Andrea Ortis","breadcrumb":{"@id":"https:\/\/progettotouring.it\/radiotouring104\/2023\/01\/16\/cosenza-al-van-gogh-cafe-gorgoglia-il-colore\/#breadcrumb"},"inLanguage":"it-IT","potentialAction":[{"@type":"ReadAction","target":["https:\/\/progettotouring.it\/radiotouring104\/2023\/01\/16\/cosenza-al-van-gogh-cafe-gorgoglia-il-colore\/"]}]},{"@type":"ImageObject","inLanguage":"it-IT","@id":"https:\/\/progettotouring.it\/radiotouring104\/2023\/01\/16\/cosenza-al-van-gogh-cafe-gorgoglia-il-colore\/#primaryimage","url":"https:\/\/progettotouring.it\/radiotouring104\/wp-content\/uploads\/sites\/6\/2023\/01\/Van-Gogh-locandina-1.jpg","contentUrl":"https:\/\/progettotouring.it\/radiotouring104\/wp-content\/uploads\/sites\/6\/2023\/01\/Van-Gogh-locandina-1.jpg","width":365,"height":404},{"@type":"BreadcrumbList","@id":"https:\/\/progettotouring.it\/radiotouring104\/2023\/01\/16\/cosenza-al-van-gogh-cafe-gorgoglia-il-colore\/#breadcrumb","itemListElement":[{"@type":"ListItem","position":1,"name":"Home","item":"https:\/\/progettotouring.it\/radiotouring104\/"},{"@type":"ListItem","position":2,"name":"Cosenza: al Van Gogh Caf\u00e8 gorgoglia il colore"}]},{"@type":"WebSite","@id":"https:\/\/progettotouring.it\/radiotouring104\/#website","url":"https:\/\/progettotouring.it\/radiotouring104\/","name":"Radio Touring 104","description":"La prima radio Reggina","publisher":{"@id":"https:\/\/progettotouring.it\/radiotouring104\/#organization"},"potentialAction":[{"@type":"SearchAction","target":{"@type":"EntryPoint","urlTemplate":"https:\/\/progettotouring.it\/radiotouring104\/?s={search_term_string}"},"query-input":{"@type":"PropertyValueSpecification","valueRequired":true,"valueName":"search_term_string"}}],"inLanguage":"it-IT"},{"@type":"Organization","@id":"https:\/\/progettotouring.it\/radiotouring104\/#organization","name":"Radio Touring 104","url":"https:\/\/progettotouring.it\/radiotouring104\/","logo":{"@type":"ImageObject","inLanguage":"it-IT","@id":"https:\/\/progettotouring.it\/radiotouring104\/#\/schema\/logo\/image\/","url":"https:\/\/progettotouring.it\/radiotouring104\/wp-content\/uploads\/sites\/6\/2022\/02\/cropped-logo-radio-touring-104.png","contentUrl":"https:\/\/progettotouring.it\/radiotouring104\/wp-content\/uploads\/sites\/6\/2022\/02\/cropped-logo-radio-touring-104.png","width":377,"height":182,"caption":"Radio Touring 104"},"image":{"@id":"https:\/\/progettotouring.it\/radiotouring104\/#\/schema\/logo\/image\/"}},{"@type":"Person","@id":"https:\/\/progettotouring.it\/radiotouring104\/#\/schema\/person\/8458ed437f4094f881aab8e4cc572684","name":"Helena Pedone","image":{"@type":"ImageObject","inLanguage":"it-IT","@id":"https:\/\/secure.gravatar.com\/avatar\/95a63adf316f90175b68113b4b895a96641be06395ffeef88fea6178b30027d9?s=96&d=mm&r=g","url":"https:\/\/secure.gravatar.com\/avatar\/95a63adf316f90175b68113b4b895a96641be06395ffeef88fea6178b30027d9?s=96&d=mm&r=g","contentUrl":"https:\/\/secure.gravatar.com\/avatar\/95a63adf316f90175b68113b4b895a96641be06395ffeef88fea6178b30027d9?s=96&d=mm&r=g","caption":"Helena Pedone"},"url":"https:\/\/progettotouring.it\/radiotouring104\/author\/helena\/"}]}},"jetpack_publicize_connections":[],"jetpack_featured_media_url":"https:\/\/progettotouring.it\/radiotouring104\/wp-content\/uploads\/sites\/6\/2023\/01\/Van-Gogh-locandina-1.jpg","jetpack_sharing_enabled":true,"_links":{"self":[{"href":"https:\/\/progettotouring.it\/radiotouring104\/wp-json\/wp\/v2\/posts\/16799","targetHints":{"allow":["GET"]}}],"collection":[{"href":"https:\/\/progettotouring.it\/radiotouring104\/wp-json\/wp\/v2\/posts"}],"about":[{"href":"https:\/\/progettotouring.it\/radiotouring104\/wp-json\/wp\/v2\/types\/post"}],"author":[{"embeddable":true,"href":"https:\/\/progettotouring.it\/radiotouring104\/wp-json\/wp\/v2\/users\/13"}],"replies":[{"embeddable":true,"href":"https:\/\/progettotouring.it\/radiotouring104\/wp-json\/wp\/v2\/comments?post=16799"}],"version-history":[{"count":1,"href":"https:\/\/progettotouring.it\/radiotouring104\/wp-json\/wp\/v2\/posts\/16799\/revisions"}],"predecessor-version":[{"id":16803,"href":"https:\/\/progettotouring.it\/radiotouring104\/wp-json\/wp\/v2\/posts\/16799\/revisions\/16803"}],"wp:featuredmedia":[{"embeddable":true,"href":"https:\/\/progettotouring.it\/radiotouring104\/wp-json\/wp\/v2\/media\/16806"}],"wp:attachment":[{"href":"https:\/\/progettotouring.it\/radiotouring104\/wp-json\/wp\/v2\/media?parent=16799"}],"wp:term":[{"taxonomy":"category","embeddable":true,"href":"https:\/\/progettotouring.it\/radiotouring104\/wp-json\/wp\/v2\/categories?post=16799"},{"taxonomy":"post_tag","embeddable":true,"href":"https:\/\/progettotouring.it\/radiotouring104\/wp-json\/wp\/v2\/tags?post=16799"}],"curies":[{"name":"wp","href":"https:\/\/api.w.org\/{rel}","templated":true}]}}