{"id":16864,"date":"2023-01-16T13:27:16","date_gmt":"2023-01-16T12:27:16","guid":{"rendered":"https:\/\/progettotouring.it\/radiotouring104\/?p=16864"},"modified":"2023-01-16T13:27:16","modified_gmt":"2023-01-16T12:27:16","slug":"musica-di-veronica-surrentino-poesie-di-franco-fasano","status":"publish","type":"post","link":"https:\/\/progettotouring.it\/radiotouring104\/2023\/01\/16\/musica-di-veronica-surrentino-poesie-di-franco-fasano\/","title":{"rendered":"Musica di Veronica Surrentino, poesie di Franco Fasano"},"content":{"rendered":"<p class=\"xmprfx_MsoNormal\">Venerd\u00ec 20 gennaio Veronica Surrentino si esibir\u00e0 al Bobino Club di Milano (Piazzale Stazione Genova, 4 \u2013 ore 17.00 \u2013 ingresso libero)<b> <\/b>in occasione della presentazione dell\u2019ultimo libro \u201c<i>Io Amo<\/i>\u201d di Franco Fasano, celebre musicista, compositore e autore.<\/p>\n<p class=\"xmprfx_MsoNormal\">Nel corso della serata la cantante proporr\u00e0 al pubblico due brani del suo repertorio, entrambi scritti da Franco Fasano: \u201c<i>L\u2019aquilone<\/i>\u201d,<b> <\/b>prodotto in collaborazione con Fabrizio Berlincioni e originariamente interpretato dalla cantautrice insieme a Maurizio Vandelli e \u201c<i>La citt\u00e0 nell\u2019anima<\/i>\u201d, reinterpretazione del celebre brano di Franco Fasano realizzata sotto la direzione artistica del musicista e contenuta nell\u2019EP \u201c<i>Veronica<\/i>\u201d.<\/p>\n<p class=\"xmprfx_MsoNormal\"><i>\u00abNegli ultimi due anni ho collaborato spesso con il Maestro Franco<\/i><b><i> &#8211; <\/i><\/b>racconta Veronica<b><i> &#8211;<\/i><\/b><em> \u00c8 stata una vicinanza molto importante per me, per questo ho deciso di rendergli omaggio riportando alla luce questa sua perla\u00bb.<\/em><\/p>\n<p class=\"xmprfx_MsoNormal\"><b>L\u2019EP<\/b> \u201c<b><i>VERONICA<\/i><\/b>\u201d, gi\u00e0 disponibile sulle piattaforme streaming e in digital download (<span class=\"xmprfx_MsoHyperlink\"><a href=\"https:\/\/links.altafonte.com\/qev6nmy\" target=\"_blank\" rel=\"noopener noreferrer\">https:\/\/links.altafonte.com\/qev6nmy<\/a><\/span>), vede ancora una volta la cantautrice ai testi e alla musica, con il contributo dei suoi arrangiatori Gianfranco Bonavalont\u00e0 e Aldo Martino e del musicista Alessandro Bastianelli. L&#8217;Ep riesce a coniugare sound e generi molto diversi: dall&#8217;iconico cantautorato italiano alla musica dance, passando per l&#8217;elettronica e alternando brani pi\u00f9 ritmati ad altri pi\u00f9 malinconici.<b> <\/b>Con la sua voce energica e tagliente Veronica canta l&#8217;avventura della vita e invita a celebrare tutto ci\u00f2 che essa pu\u00f2 riservarci, seppur ricca di difficolt\u00e0 e incertezze.<\/p>\n<p class=\"xmprfx_MsoNormal\">Interprete e cantautrice nata a Roma, a quattro anni si avvicina allo studio del pianoforte iniziando un percorso che condizioner\u00e0 fortemente la sua impronta artistica e personale. Al termine del liceo si diploma con il massimo dei voti in canto e recitazione all\u2019Accademia \u201cAchille Togliani\u201d e subito dopo inizia a perfezionare la sua tecnica vocale sotto la guida del produttore, autore e compositore Giosy Capuano. A giugno 2020 pubblica il suo primo EP \u201c<i>Notte Verr\u00e0<\/i>\u201d in cui si intrecciano influenze e contaminazioni provenienti dalla musica internazionale. L\u2019anno successivo, pubblica due singoli, \u201c<i>Tranne Te<\/i>\u201d e \u201c<i>A passo lento<\/i>\u201d, da lei scritti e arrangiati. A febbraio 2022 ha interpretato insieme a Maurizio Vandelli \u201c<i>L\u2019Aquilone<\/i>\u201d, brano scritto da Franco Fasano e Fabrizio Berlincioni<b>.<\/b><\/p>\n","protected":false},"excerpt":{"rendered":"<p>Venerd\u00ec 20 gennaio Veronica Surrentino si esibir\u00e0 al Bobino Club di Milano (Piazzale Stazione Genova, 4 \u2013 ore 17.00 \u2013 ingresso libero) in occasione della presentazione dell\u2019ultimo libro \u201cIo Amo\u201d&hellip;<\/p>\n","protected":false},"author":13,"featured_media":16871,"comment_status":"open","ping_status":"open","sticky":false,"template":"","format":"standard","meta":{"_jetpack_memberships_contains_paid_content":false,"footnotes":"","jetpack_publicize_message":"","jetpack_publicize_feature_enabled":true,"jetpack_social_post_already_shared":false,"jetpack_social_options":{"image_generator_settings":{"template":"highway","default_image_id":0,"font":"","enabled":false},"version":2}},"categories":[921,146,196],"tags":[8517,8518,8516,8514,8515],"class_list":["post-16864","post","type-post","status-publish","format-standard","has-post-thumbnail","hentry","category-home","category-musica","category-news","tag-io-amo","tag-bobino-club-milano","tag-ep-veronica","tag-franco-fasano","tag-veronica-surrentino"],"yoast_head":"<!-- This site is optimized with the Yoast SEO plugin v27.2 - https:\/\/yoast.com\/product\/yoast-seo-wordpress\/ -->\n<title>Musica di Veronica Surrentino, poesie di Franco Fasano<\/title>\n<meta name=\"description\" content=\"I brani della cantante e i versi del compositore saranno contemporaneamente presentati al Bobino Club di Milano\" \/>\n<meta name=\"robots\" content=\"index, follow, max-snippet:-1, max-image-preview:large, max-video-preview:-1\" \/>\n<link rel=\"canonical\" href=\"https:\/\/progettotouring.it\/radiotouring104\/2023\/01\/16\/musica-di-veronica-surrentino-poesie-di-franco-fasano\/\" \/>\n<meta property=\"og:locale\" content=\"it_IT\" \/>\n<meta property=\"og:type\" content=\"article\" \/>\n<meta property=\"og:title\" content=\"Musica di Veronica Surrentino, poesie di Franco Fasano\" \/>\n<meta property=\"og:description\" content=\"I brani della cantante e i versi del compositore saranno contemporaneamente presentati al Bobino Club di Milano\" \/>\n<meta property=\"og:url\" content=\"https:\/\/progettotouring.it\/radiotouring104\/2023\/01\/16\/musica-di-veronica-surrentino-poesie-di-franco-fasano\/\" \/>\n<meta property=\"og:site_name\" content=\"Radio Touring 104\" \/>\n<meta property=\"article:published_time\" content=\"2023-01-16T12:27:16+00:00\" \/>\n<meta property=\"og:image\" content=\"https:\/\/progettotouring.it\/radiotouring104\/wp-content\/uploads\/sites\/6\/2023\/01\/Locandina-Fasano-Surrentino.jpg\" \/>\n\t<meta property=\"og:image:width\" content=\"1417\" \/>\n\t<meta property=\"og:image:height\" content=\"1417\" \/>\n\t<meta property=\"og:image:type\" content=\"image\/jpeg\" \/>\n<meta name=\"author\" content=\"Helena Pedone\" \/>\n<meta name=\"twitter:card\" content=\"summary_large_image\" \/>\n<meta name=\"twitter:label1\" content=\"Scritto da\" \/>\n\t<meta name=\"twitter:data1\" content=\"Helena Pedone\" \/>\n\t<meta name=\"twitter:label2\" content=\"Tempo di lettura stimato\" \/>\n\t<meta name=\"twitter:data2\" content=\"2 minuti\" \/>\n<script type=\"application\/ld+json\" class=\"yoast-schema-graph\">{\"@context\":\"https:\/\/schema.org\",\"@graph\":[{\"@type\":\"Article\",\"@id\":\"https:\/\/progettotouring.it\/radiotouring104\/2023\/01\/16\/musica-di-veronica-surrentino-poesie-di-franco-fasano\/#article\",\"isPartOf\":{\"@id\":\"https:\/\/progettotouring.it\/radiotouring104\/2023\/01\/16\/musica-di-veronica-surrentino-poesie-di-franco-fasano\/\"},\"author\":{\"name\":\"Helena Pedone\",\"@id\":\"https:\/\/progettotouring.it\/radiotouring104\/#\/schema\/person\/8458ed437f4094f881aab8e4cc572684\"},\"headline\":\"Musica di Veronica Surrentino, poesie di Franco Fasano\",\"datePublished\":\"2023-01-16T12:27:16+00:00\",\"mainEntityOfPage\":{\"@id\":\"https:\/\/progettotouring.it\/radiotouring104\/2023\/01\/16\/musica-di-veronica-surrentino-poesie-di-franco-fasano\/\"},\"wordCount\":358,\"commentCount\":0,\"publisher\":{\"@id\":\"https:\/\/progettotouring.it\/radiotouring104\/#organization\"},\"image\":{\"@id\":\"https:\/\/progettotouring.it\/radiotouring104\/2023\/01\/16\/musica-di-veronica-surrentino-poesie-di-franco-fasano\/#primaryimage\"},\"thumbnailUrl\":\"https:\/\/progettotouring.it\/radiotouring104\/wp-content\/uploads\/sites\/6\/2023\/01\/Locandina-Fasano-Surrentino.jpg\",\"keywords\":[\"\\\"Io amo\\\"\",\"Bobino Club Milano\",\"Ep \\\"Veronica\\\"\",\"Franco Fasano\",\"Veronica Surrentino\"],\"articleSection\":[\"Home\",\"Musica\",\"News\"],\"inLanguage\":\"it-IT\",\"potentialAction\":[{\"@type\":\"CommentAction\",\"name\":\"Comment\",\"target\":[\"https:\/\/progettotouring.it\/radiotouring104\/2023\/01\/16\/musica-di-veronica-surrentino-poesie-di-franco-fasano\/#respond\"]}]},{\"@type\":\"WebPage\",\"@id\":\"https:\/\/progettotouring.it\/radiotouring104\/2023\/01\/16\/musica-di-veronica-surrentino-poesie-di-franco-fasano\/\",\"url\":\"https:\/\/progettotouring.it\/radiotouring104\/2023\/01\/16\/musica-di-veronica-surrentino-poesie-di-franco-fasano\/\",\"name\":\"Musica di Veronica Surrentino, poesie di Franco Fasano\",\"isPartOf\":{\"@id\":\"https:\/\/progettotouring.it\/radiotouring104\/#website\"},\"primaryImageOfPage\":{\"@id\":\"https:\/\/progettotouring.it\/radiotouring104\/2023\/01\/16\/musica-di-veronica-surrentino-poesie-di-franco-fasano\/#primaryimage\"},\"image\":{\"@id\":\"https:\/\/progettotouring.it\/radiotouring104\/2023\/01\/16\/musica-di-veronica-surrentino-poesie-di-franco-fasano\/#primaryimage\"},\"thumbnailUrl\":\"https:\/\/progettotouring.it\/radiotouring104\/wp-content\/uploads\/sites\/6\/2023\/01\/Locandina-Fasano-Surrentino.jpg\",\"datePublished\":\"2023-01-16T12:27:16+00:00\",\"description\":\"I brani della cantante e i versi del compositore saranno contemporaneamente presentati al Bobino Club di Milano\",\"breadcrumb\":{\"@id\":\"https:\/\/progettotouring.it\/radiotouring104\/2023\/01\/16\/musica-di-veronica-surrentino-poesie-di-franco-fasano\/#breadcrumb\"},\"inLanguage\":\"it-IT\",\"potentialAction\":[{\"@type\":\"ReadAction\",\"target\":[\"https:\/\/progettotouring.it\/radiotouring104\/2023\/01\/16\/musica-di-veronica-surrentino-poesie-di-franco-fasano\/\"]}]},{\"@type\":\"ImageObject\",\"inLanguage\":\"it-IT\",\"@id\":\"https:\/\/progettotouring.it\/radiotouring104\/2023\/01\/16\/musica-di-veronica-surrentino-poesie-di-franco-fasano\/#primaryimage\",\"url\":\"https:\/\/progettotouring.it\/radiotouring104\/wp-content\/uploads\/sites\/6\/2023\/01\/Locandina-Fasano-Surrentino.jpg\",\"contentUrl\":\"https:\/\/progettotouring.it\/radiotouring104\/wp-content\/uploads\/sites\/6\/2023\/01\/Locandina-Fasano-Surrentino.jpg\",\"width\":1417,\"height\":1417},{\"@type\":\"BreadcrumbList\",\"@id\":\"https:\/\/progettotouring.it\/radiotouring104\/2023\/01\/16\/musica-di-veronica-surrentino-poesie-di-franco-fasano\/#breadcrumb\",\"itemListElement\":[{\"@type\":\"ListItem\",\"position\":1,\"name\":\"Home\",\"item\":\"https:\/\/progettotouring.it\/radiotouring104\/\"},{\"@type\":\"ListItem\",\"position\":2,\"name\":\"Musica di Veronica Surrentino, poesie di Franco Fasano\"}]},{\"@type\":\"WebSite\",\"@id\":\"https:\/\/progettotouring.it\/radiotouring104\/#website\",\"url\":\"https:\/\/progettotouring.it\/radiotouring104\/\",\"name\":\"Radio Touring 104\",\"description\":\"La prima radio Reggina\",\"publisher\":{\"@id\":\"https:\/\/progettotouring.it\/radiotouring104\/#organization\"},\"potentialAction\":[{\"@type\":\"SearchAction\",\"target\":{\"@type\":\"EntryPoint\",\"urlTemplate\":\"https:\/\/progettotouring.it\/radiotouring104\/?s={search_term_string}\"},\"query-input\":{\"@type\":\"PropertyValueSpecification\",\"valueRequired\":true,\"valueName\":\"search_term_string\"}}],\"inLanguage\":\"it-IT\"},{\"@type\":\"Organization\",\"@id\":\"https:\/\/progettotouring.it\/radiotouring104\/#organization\",\"name\":\"Radio Touring 104\",\"url\":\"https:\/\/progettotouring.it\/radiotouring104\/\",\"logo\":{\"@type\":\"ImageObject\",\"inLanguage\":\"it-IT\",\"@id\":\"https:\/\/progettotouring.it\/radiotouring104\/#\/schema\/logo\/image\/\",\"url\":\"https:\/\/progettotouring.it\/radiotouring104\/wp-content\/uploads\/sites\/6\/2022\/02\/cropped-logo-radio-touring-104.png\",\"contentUrl\":\"https:\/\/progettotouring.it\/radiotouring104\/wp-content\/uploads\/sites\/6\/2022\/02\/cropped-logo-radio-touring-104.png\",\"width\":377,\"height\":182,\"caption\":\"Radio Touring 104\"},\"image\":{\"@id\":\"https:\/\/progettotouring.it\/radiotouring104\/#\/schema\/logo\/image\/\"}},{\"@type\":\"Person\",\"@id\":\"https:\/\/progettotouring.it\/radiotouring104\/#\/schema\/person\/8458ed437f4094f881aab8e4cc572684\",\"name\":\"Helena Pedone\",\"image\":{\"@type\":\"ImageObject\",\"inLanguage\":\"it-IT\",\"@id\":\"https:\/\/secure.gravatar.com\/avatar\/95a63adf316f90175b68113b4b895a96641be06395ffeef88fea6178b30027d9?s=96&d=mm&r=g\",\"url\":\"https:\/\/secure.gravatar.com\/avatar\/95a63adf316f90175b68113b4b895a96641be06395ffeef88fea6178b30027d9?s=96&d=mm&r=g\",\"contentUrl\":\"https:\/\/secure.gravatar.com\/avatar\/95a63adf316f90175b68113b4b895a96641be06395ffeef88fea6178b30027d9?s=96&d=mm&r=g\",\"caption\":\"Helena Pedone\"},\"url\":\"https:\/\/progettotouring.it\/radiotouring104\/author\/helena\/\"}]}<\/script>\n<!-- \/ Yoast SEO plugin. -->","yoast_head_json":{"title":"Musica di Veronica Surrentino, poesie di Franco Fasano","description":"I brani della cantante e i versi del compositore saranno contemporaneamente presentati al Bobino Club di Milano","robots":{"index":"index","follow":"follow","max-snippet":"max-snippet:-1","max-image-preview":"max-image-preview:large","max-video-preview":"max-video-preview:-1"},"canonical":"https:\/\/progettotouring.it\/radiotouring104\/2023\/01\/16\/musica-di-veronica-surrentino-poesie-di-franco-fasano\/","og_locale":"it_IT","og_type":"article","og_title":"Musica di Veronica Surrentino, poesie di Franco Fasano","og_description":"I brani della cantante e i versi del compositore saranno contemporaneamente presentati al Bobino Club di Milano","og_url":"https:\/\/progettotouring.it\/radiotouring104\/2023\/01\/16\/musica-di-veronica-surrentino-poesie-di-franco-fasano\/","og_site_name":"Radio Touring 104","article_published_time":"2023-01-16T12:27:16+00:00","og_image":[{"width":1417,"height":1417,"url":"https:\/\/progettotouring.it\/radiotouring104\/wp-content\/uploads\/sites\/6\/2023\/01\/Locandina-Fasano-Surrentino.jpg","type":"image\/jpeg"}],"author":"Helena Pedone","twitter_card":"summary_large_image","twitter_misc":{"Scritto da":"Helena Pedone","Tempo di lettura stimato":"2 minuti"},"schema":{"@context":"https:\/\/schema.org","@graph":[{"@type":"Article","@id":"https:\/\/progettotouring.it\/radiotouring104\/2023\/01\/16\/musica-di-veronica-surrentino-poesie-di-franco-fasano\/#article","isPartOf":{"@id":"https:\/\/progettotouring.it\/radiotouring104\/2023\/01\/16\/musica-di-veronica-surrentino-poesie-di-franco-fasano\/"},"author":{"name":"Helena Pedone","@id":"https:\/\/progettotouring.it\/radiotouring104\/#\/schema\/person\/8458ed437f4094f881aab8e4cc572684"},"headline":"Musica di Veronica Surrentino, poesie di Franco Fasano","datePublished":"2023-01-16T12:27:16+00:00","mainEntityOfPage":{"@id":"https:\/\/progettotouring.it\/radiotouring104\/2023\/01\/16\/musica-di-veronica-surrentino-poesie-di-franco-fasano\/"},"wordCount":358,"commentCount":0,"publisher":{"@id":"https:\/\/progettotouring.it\/radiotouring104\/#organization"},"image":{"@id":"https:\/\/progettotouring.it\/radiotouring104\/2023\/01\/16\/musica-di-veronica-surrentino-poesie-di-franco-fasano\/#primaryimage"},"thumbnailUrl":"https:\/\/progettotouring.it\/radiotouring104\/wp-content\/uploads\/sites\/6\/2023\/01\/Locandina-Fasano-Surrentino.jpg","keywords":["\"Io amo\"","Bobino Club Milano","Ep \"Veronica\"","Franco Fasano","Veronica Surrentino"],"articleSection":["Home","Musica","News"],"inLanguage":"it-IT","potentialAction":[{"@type":"CommentAction","name":"Comment","target":["https:\/\/progettotouring.it\/radiotouring104\/2023\/01\/16\/musica-di-veronica-surrentino-poesie-di-franco-fasano\/#respond"]}]},{"@type":"WebPage","@id":"https:\/\/progettotouring.it\/radiotouring104\/2023\/01\/16\/musica-di-veronica-surrentino-poesie-di-franco-fasano\/","url":"https:\/\/progettotouring.it\/radiotouring104\/2023\/01\/16\/musica-di-veronica-surrentino-poesie-di-franco-fasano\/","name":"Musica di Veronica Surrentino, poesie di Franco Fasano","isPartOf":{"@id":"https:\/\/progettotouring.it\/radiotouring104\/#website"},"primaryImageOfPage":{"@id":"https:\/\/progettotouring.it\/radiotouring104\/2023\/01\/16\/musica-di-veronica-surrentino-poesie-di-franco-fasano\/#primaryimage"},"image":{"@id":"https:\/\/progettotouring.it\/radiotouring104\/2023\/01\/16\/musica-di-veronica-surrentino-poesie-di-franco-fasano\/#primaryimage"},"thumbnailUrl":"https:\/\/progettotouring.it\/radiotouring104\/wp-content\/uploads\/sites\/6\/2023\/01\/Locandina-Fasano-Surrentino.jpg","datePublished":"2023-01-16T12:27:16+00:00","description":"I brani della cantante e i versi del compositore saranno contemporaneamente presentati al Bobino Club di Milano","breadcrumb":{"@id":"https:\/\/progettotouring.it\/radiotouring104\/2023\/01\/16\/musica-di-veronica-surrentino-poesie-di-franco-fasano\/#breadcrumb"},"inLanguage":"it-IT","potentialAction":[{"@type":"ReadAction","target":["https:\/\/progettotouring.it\/radiotouring104\/2023\/01\/16\/musica-di-veronica-surrentino-poesie-di-franco-fasano\/"]}]},{"@type":"ImageObject","inLanguage":"it-IT","@id":"https:\/\/progettotouring.it\/radiotouring104\/2023\/01\/16\/musica-di-veronica-surrentino-poesie-di-franco-fasano\/#primaryimage","url":"https:\/\/progettotouring.it\/radiotouring104\/wp-content\/uploads\/sites\/6\/2023\/01\/Locandina-Fasano-Surrentino.jpg","contentUrl":"https:\/\/progettotouring.it\/radiotouring104\/wp-content\/uploads\/sites\/6\/2023\/01\/Locandina-Fasano-Surrentino.jpg","width":1417,"height":1417},{"@type":"BreadcrumbList","@id":"https:\/\/progettotouring.it\/radiotouring104\/2023\/01\/16\/musica-di-veronica-surrentino-poesie-di-franco-fasano\/#breadcrumb","itemListElement":[{"@type":"ListItem","position":1,"name":"Home","item":"https:\/\/progettotouring.it\/radiotouring104\/"},{"@type":"ListItem","position":2,"name":"Musica di Veronica Surrentino, poesie di Franco Fasano"}]},{"@type":"WebSite","@id":"https:\/\/progettotouring.it\/radiotouring104\/#website","url":"https:\/\/progettotouring.it\/radiotouring104\/","name":"Radio Touring 104","description":"La prima radio Reggina","publisher":{"@id":"https:\/\/progettotouring.it\/radiotouring104\/#organization"},"potentialAction":[{"@type":"SearchAction","target":{"@type":"EntryPoint","urlTemplate":"https:\/\/progettotouring.it\/radiotouring104\/?s={search_term_string}"},"query-input":{"@type":"PropertyValueSpecification","valueRequired":true,"valueName":"search_term_string"}}],"inLanguage":"it-IT"},{"@type":"Organization","@id":"https:\/\/progettotouring.it\/radiotouring104\/#organization","name":"Radio Touring 104","url":"https:\/\/progettotouring.it\/radiotouring104\/","logo":{"@type":"ImageObject","inLanguage":"it-IT","@id":"https:\/\/progettotouring.it\/radiotouring104\/#\/schema\/logo\/image\/","url":"https:\/\/progettotouring.it\/radiotouring104\/wp-content\/uploads\/sites\/6\/2022\/02\/cropped-logo-radio-touring-104.png","contentUrl":"https:\/\/progettotouring.it\/radiotouring104\/wp-content\/uploads\/sites\/6\/2022\/02\/cropped-logo-radio-touring-104.png","width":377,"height":182,"caption":"Radio Touring 104"},"image":{"@id":"https:\/\/progettotouring.it\/radiotouring104\/#\/schema\/logo\/image\/"}},{"@type":"Person","@id":"https:\/\/progettotouring.it\/radiotouring104\/#\/schema\/person\/8458ed437f4094f881aab8e4cc572684","name":"Helena Pedone","image":{"@type":"ImageObject","inLanguage":"it-IT","@id":"https:\/\/secure.gravatar.com\/avatar\/95a63adf316f90175b68113b4b895a96641be06395ffeef88fea6178b30027d9?s=96&d=mm&r=g","url":"https:\/\/secure.gravatar.com\/avatar\/95a63adf316f90175b68113b4b895a96641be06395ffeef88fea6178b30027d9?s=96&d=mm&r=g","contentUrl":"https:\/\/secure.gravatar.com\/avatar\/95a63adf316f90175b68113b4b895a96641be06395ffeef88fea6178b30027d9?s=96&d=mm&r=g","caption":"Helena Pedone"},"url":"https:\/\/progettotouring.it\/radiotouring104\/author\/helena\/"}]}},"jetpack_publicize_connections":[],"jetpack_featured_media_url":"https:\/\/progettotouring.it\/radiotouring104\/wp-content\/uploads\/sites\/6\/2023\/01\/Locandina-Fasano-Surrentino.jpg","jetpack_sharing_enabled":true,"_links":{"self":[{"href":"https:\/\/progettotouring.it\/radiotouring104\/wp-json\/wp\/v2\/posts\/16864","targetHints":{"allow":["GET"]}}],"collection":[{"href":"https:\/\/progettotouring.it\/radiotouring104\/wp-json\/wp\/v2\/posts"}],"about":[{"href":"https:\/\/progettotouring.it\/radiotouring104\/wp-json\/wp\/v2\/types\/post"}],"author":[{"embeddable":true,"href":"https:\/\/progettotouring.it\/radiotouring104\/wp-json\/wp\/v2\/users\/13"}],"replies":[{"embeddable":true,"href":"https:\/\/progettotouring.it\/radiotouring104\/wp-json\/wp\/v2\/comments?post=16864"}],"version-history":[{"count":1,"href":"https:\/\/progettotouring.it\/radiotouring104\/wp-json\/wp\/v2\/posts\/16864\/revisions"}],"predecessor-version":[{"id":16872,"href":"https:\/\/progettotouring.it\/radiotouring104\/wp-json\/wp\/v2\/posts\/16864\/revisions\/16872"}],"wp:featuredmedia":[{"embeddable":true,"href":"https:\/\/progettotouring.it\/radiotouring104\/wp-json\/wp\/v2\/media\/16871"}],"wp:attachment":[{"href":"https:\/\/progettotouring.it\/radiotouring104\/wp-json\/wp\/v2\/media?parent=16864"}],"wp:term":[{"taxonomy":"category","embeddable":true,"href":"https:\/\/progettotouring.it\/radiotouring104\/wp-json\/wp\/v2\/categories?post=16864"},{"taxonomy":"post_tag","embeddable":true,"href":"https:\/\/progettotouring.it\/radiotouring104\/wp-json\/wp\/v2\/tags?post=16864"}],"curies":[{"name":"wp","href":"https:\/\/api.w.org\/{rel}","templated":true}]}}