{"id":17092,"date":"2023-01-19T10:43:17","date_gmt":"2023-01-19T09:43:17","guid":{"rendered":"https:\/\/progettotouring.it\/radiotouring104\/?p=17092"},"modified":"2023-01-19T10:43:17","modified_gmt":"2023-01-19T09:43:17","slug":"reggio-gazebo-e-dehors-amovibili","status":"publish","type":"post","link":"https:\/\/progettotouring.it\/radiotouring104\/2023\/01\/19\/reggio-gazebo-e-dehors-amovibili\/","title":{"rendered":"Reggio: gazebo e dehors amovibili"},"content":{"rendered":"<div dir=\"auto\">\n<div dir=\"auto\">Scadute le autorizzazioni per mantenere in piedi gazebo e dehors dedicati alla somministrazione di cibi e bevande, il Comune ha avviato una nuova stagione per coniugare le esigenze dei commercianti e le necessit\u00e0 di ordine e decoro della citt\u00e0. Non pi\u00f9 strutture fisse, dunque, ma punti di ristoro snelli ed all\u2019aperto che seguiranno precise indicazioni estetiche fornite, in tempi prestabiliti, dall\u2019amministrazione comunale in base ad uno specifico regolamento. Una linea ampiamente condivisa dalle associazioni di categoria che, stamane a Palazzo San Giorgio, hanno apprezzato il percorso intrapreso dall\u2019Ente.<\/div>\n<div dir=\"auto\"><\/div>\n<div dir=\"auto\">Insieme al sindaco facente funzioni, Paolo Brunetti, ed all\u2019assessora all\u2019Attivit\u00e0 produttive, Angela Martino, i vertici di ConfCommercio, ConfEsercenti e CasArtigiani, Lorenzo Labate e Fabio Giubilo, Claudio Aloisio e Carmelo Giordano, hanno sposato \u00abl\u2019idea di entrare, finalmente, nell\u2019ottica delle citt\u00e0 europee\u00bb.<\/div>\n<div dir=\"auto\"><\/div>\n<div dir=\"auto\">Considerata la proroga, al prossimo 30 giugno, fornita dal Governo sulle procedure di occupazione del suolo pubblico con tavolini, sedie e ombrelloni, l\u2019assessora Martino ha specificato come l\u2019amministrazione si sia posta l\u2019obiettivo di \u00abriportare ordine e decoro urbano rispetto ad una situazione che necessita di un riassetto complessivo\u00bb.<\/div>\n<div dir=\"auto\"><\/div>\n<div dir=\"auto\">\u00abL\u2019incontro con le associazioni datoriali \u2013 ha precisato \u2013 ha avuto proprio lo scopo di condividere ed acquisire sostegno rispetto a quello che possiamo considerare un nuovo inizio per gli esercizi commerciali\u00bb. \u00abOgni attivit\u00e0 \u2013 ha specificato la delegata allo Sviluppo economico \u2013 potr\u00e0 contare sul supporto dei nostri uffici, anche attraverso la semplificazione delle procedure legate alla richiesta delle concessioni. Proprio per questo, \u00e8 stata appena inaugurata una piattaforma attraverso la quale gli esercenti potranno, in maniera veloce e semplice, formulare la loro domanda di occupazione suolo senza passare dai canali di protocollo classico\u00bb.<\/div>\n<div dir=\"auto\"><\/div>\n<div dir=\"auto\">\u00abTutti trarranno vantaggi dalle nuove disposizioni che interesseranno i punti di somministrazione cibi e bevande dell\u2019intera citt\u00e0, a partire dal centro storico\u00bb, ha concluso l\u2019assessora Martino aggiungendo: \u00abIl riordino riguarder\u00e0 anche i materiali d\u2019arredo, che dovranno rispettare precisi canoni concordati con le associazioni di categoria ed a cui ogni esercizio dovr\u00e0 adeguarsi, in tempi comunque ampi e congrui con le varie esigenze. Il comparto verr\u00e0, quindi, ampiamente migliorato pure a beneficio dei cittadini che continueranno ad avere spazi adeguati e consoni per trascorrere ore liete di spensieratezza e condivisione. Il sostegno raccolto da parte di ConfCommercio, ConfEsercenti e CasArtigiani \u00e8 l\u2019esempio migliore di come, lavorando insieme, si possa raggiungere traguardi importanti\u00bb. Da parte delle associazioni di categoria, infatti, c\u2019\u00e8 piena consapevolezza di come \u00abserva mettere le cose in regola\u00bb. \u00abBen venga \u2013 hanno affermato &#8211; un regolamento che adegui Reggio agli standard delle migliori citt\u00e0 europee\u00bb.<\/div>\n<div dir=\"auto\"><\/div>\n<div dir=\"auto\">Dunque, sulla piattaforma<a href=\"http:\/\/Impresainungiorno.gov\" target=\"_blank\" rel=\"noopener noreferrer\"> Impresainungiorno.gov<\/a>, \u00e8 gi\u00e0 disponibile il formulario dove poter richiedere la possibilit\u00e0, per i titolari di esercizi pubblici, di occupare il suolo pubblico (antistante la propria attivit\u00e0) con tavolini, sedie e ombrelloni. Ogni ulteriore dettaglio \u00e8 rintracciabile sul sito internet dell\u2019Ente attraverso il link <a href=\"https:\/\/www.reggiocal.it\/Notizie\/Details\/3176\" target=\"_blank\" rel=\"noopener noreferrer\">https:\/\/www.reggiocal.it\/Notizie\/Details\/3176 <\/a><\/div>\n<div dir=\"auto\">Verranno prese in considerazione solo le istanze dei titolari di esercizi pubblici che non presentano situazioni di morosit\u00e0 nei confronti del Comune di Reggio Calabria.<\/div>\n<\/div>\n","protected":false},"excerpt":{"rendered":"<p>Scadute le autorizzazioni per mantenere in piedi gazebo e dehors dedicati alla somministrazione di cibi e bevande, il Comune ha avviato una nuova stagione per coniugare le esigenze dei commercianti&hellip;<\/p>\n","protected":false},"author":13,"featured_media":17098,"comment_status":"open","ping_status":"open","sticky":false,"template":"","format":"standard","meta":{"_jetpack_memberships_contains_paid_content":false,"footnotes":"","jetpack_publicize_message":"","jetpack_publicize_feature_enabled":true,"jetpack_social_post_already_shared":false,"jetpack_social_options":{"image_generator_settings":{"template":"highway","default_image_id":0,"font":"","enabled":false},"version":2}},"categories":[921,196,140],"tags":[8690,8692,8691,8693,236],"class_list":["post-17092","post","type-post","status-publish","format-standard","has-post-thumbnail","hentry","category-home","category-news","category-reggio-calabria","tag-assessore-angela-martino","tag-esercenti-cibi-e-bevande","tag-gazebo-e-dehors","tag-impresainungiorno","tag-reggio-calabria"],"yoast_head":"<!-- This site is optimized with the Yoast SEO plugin v27.2 - https:\/\/yoast.com\/product\/yoast-seo-wordpress\/ -->\n<title>Reggio: gazebo e dehors amovibili<\/title>\n<meta name=\"description\" content=\"L&#039;amministrazione si confronta con gli esercenti per garantire ordine e decoro tra i chioschi allestiti per le consumazioni all&#039;aperto\" \/>\n<meta name=\"robots\" content=\"index, follow, max-snippet:-1, max-image-preview:large, max-video-preview:-1\" \/>\n<link rel=\"canonical\" href=\"https:\/\/progettotouring.it\/radiotouring104\/2023\/01\/19\/reggio-gazebo-e-dehors-amovibili\/\" \/>\n<meta property=\"og:locale\" content=\"it_IT\" \/>\n<meta property=\"og:type\" content=\"article\" \/>\n<meta property=\"og:title\" content=\"Reggio: gazebo e dehors amovibili\" \/>\n<meta property=\"og:description\" content=\"L&#039;amministrazione si confronta con gli esercenti per garantire ordine e decoro tra i chioschi allestiti per le consumazioni all&#039;aperto\" \/>\n<meta property=\"og:url\" content=\"https:\/\/progettotouring.it\/radiotouring104\/2023\/01\/19\/reggio-gazebo-e-dehors-amovibili\/\" \/>\n<meta property=\"og:site_name\" content=\"Radio Touring 104\" \/>\n<meta property=\"article:published_time\" content=\"2023-01-19T09:43:17+00:00\" \/>\n<meta property=\"og:image\" content=\"https:\/\/progettotouring.it\/radiotouring104\/wp-content\/uploads\/sites\/6\/2023\/01\/Incontro-gazebo.jpg\" \/>\n\t<meta property=\"og:image:width\" content=\"1600\" \/>\n\t<meta property=\"og:image:height\" content=\"1200\" \/>\n\t<meta property=\"og:image:type\" content=\"image\/jpeg\" \/>\n<meta name=\"author\" content=\"Helena Pedone\" \/>\n<meta name=\"twitter:card\" content=\"summary_large_image\" \/>\n<meta name=\"twitter:label1\" content=\"Scritto da\" \/>\n\t<meta name=\"twitter:data1\" content=\"Helena Pedone\" \/>\n\t<meta name=\"twitter:label2\" content=\"Tempo di lettura stimato\" \/>\n\t<meta name=\"twitter:data2\" content=\"3 minuti\" \/>\n<script type=\"application\/ld+json\" class=\"yoast-schema-graph\">{\"@context\":\"https:\/\/schema.org\",\"@graph\":[{\"@type\":\"Article\",\"@id\":\"https:\/\/progettotouring.it\/radiotouring104\/2023\/01\/19\/reggio-gazebo-e-dehors-amovibili\/#article\",\"isPartOf\":{\"@id\":\"https:\/\/progettotouring.it\/radiotouring104\/2023\/01\/19\/reggio-gazebo-e-dehors-amovibili\/\"},\"author\":{\"name\":\"Helena Pedone\",\"@id\":\"https:\/\/progettotouring.it\/radiotouring104\/#\/schema\/person\/8458ed437f4094f881aab8e4cc572684\"},\"headline\":\"Reggio: gazebo e dehors amovibili\",\"datePublished\":\"2023-01-19T09:43:17+00:00\",\"mainEntityOfPage\":{\"@id\":\"https:\/\/progettotouring.it\/radiotouring104\/2023\/01\/19\/reggio-gazebo-e-dehors-amovibili\/\"},\"wordCount\":506,\"commentCount\":0,\"publisher\":{\"@id\":\"https:\/\/progettotouring.it\/radiotouring104\/#organization\"},\"image\":{\"@id\":\"https:\/\/progettotouring.it\/radiotouring104\/2023\/01\/19\/reggio-gazebo-e-dehors-amovibili\/#primaryimage\"},\"thumbnailUrl\":\"https:\/\/progettotouring.it\/radiotouring104\/wp-content\/uploads\/sites\/6\/2023\/01\/Incontro-gazebo.jpg\",\"keywords\":[\"Assessore Angela Martino\",\"Esercenti cibi e bevande\",\"Gazebo e dehors\",\"Impresainungiorno\",\"reggio calabria\"],\"articleSection\":[\"Home\",\"News\",\"Reggio Calabria\"],\"inLanguage\":\"it-IT\",\"potentialAction\":[{\"@type\":\"CommentAction\",\"name\":\"Comment\",\"target\":[\"https:\/\/progettotouring.it\/radiotouring104\/2023\/01\/19\/reggio-gazebo-e-dehors-amovibili\/#respond\"]}]},{\"@type\":\"WebPage\",\"@id\":\"https:\/\/progettotouring.it\/radiotouring104\/2023\/01\/19\/reggio-gazebo-e-dehors-amovibili\/\",\"url\":\"https:\/\/progettotouring.it\/radiotouring104\/2023\/01\/19\/reggio-gazebo-e-dehors-amovibili\/\",\"name\":\"Reggio: gazebo e dehors amovibili\",\"isPartOf\":{\"@id\":\"https:\/\/progettotouring.it\/radiotouring104\/#website\"},\"primaryImageOfPage\":{\"@id\":\"https:\/\/progettotouring.it\/radiotouring104\/2023\/01\/19\/reggio-gazebo-e-dehors-amovibili\/#primaryimage\"},\"image\":{\"@id\":\"https:\/\/progettotouring.it\/radiotouring104\/2023\/01\/19\/reggio-gazebo-e-dehors-amovibili\/#primaryimage\"},\"thumbnailUrl\":\"https:\/\/progettotouring.it\/radiotouring104\/wp-content\/uploads\/sites\/6\/2023\/01\/Incontro-gazebo.jpg\",\"datePublished\":\"2023-01-19T09:43:17+00:00\",\"description\":\"L'amministrazione si confronta con gli esercenti per garantire ordine e decoro tra i chioschi allestiti per le consumazioni all'aperto\",\"breadcrumb\":{\"@id\":\"https:\/\/progettotouring.it\/radiotouring104\/2023\/01\/19\/reggio-gazebo-e-dehors-amovibili\/#breadcrumb\"},\"inLanguage\":\"it-IT\",\"potentialAction\":[{\"@type\":\"ReadAction\",\"target\":[\"https:\/\/progettotouring.it\/radiotouring104\/2023\/01\/19\/reggio-gazebo-e-dehors-amovibili\/\"]}]},{\"@type\":\"ImageObject\",\"inLanguage\":\"it-IT\",\"@id\":\"https:\/\/progettotouring.it\/radiotouring104\/2023\/01\/19\/reggio-gazebo-e-dehors-amovibili\/#primaryimage\",\"url\":\"https:\/\/progettotouring.it\/radiotouring104\/wp-content\/uploads\/sites\/6\/2023\/01\/Incontro-gazebo.jpg\",\"contentUrl\":\"https:\/\/progettotouring.it\/radiotouring104\/wp-content\/uploads\/sites\/6\/2023\/01\/Incontro-gazebo.jpg\",\"width\":1600,\"height\":1200},{\"@type\":\"BreadcrumbList\",\"@id\":\"https:\/\/progettotouring.it\/radiotouring104\/2023\/01\/19\/reggio-gazebo-e-dehors-amovibili\/#breadcrumb\",\"itemListElement\":[{\"@type\":\"ListItem\",\"position\":1,\"name\":\"Home\",\"item\":\"https:\/\/progettotouring.it\/radiotouring104\/\"},{\"@type\":\"ListItem\",\"position\":2,\"name\":\"Reggio: gazebo e dehors amovibili\"}]},{\"@type\":\"WebSite\",\"@id\":\"https:\/\/progettotouring.it\/radiotouring104\/#website\",\"url\":\"https:\/\/progettotouring.it\/radiotouring104\/\",\"name\":\"Radio Touring 104\",\"description\":\"La prima radio Reggina\",\"publisher\":{\"@id\":\"https:\/\/progettotouring.it\/radiotouring104\/#organization\"},\"potentialAction\":[{\"@type\":\"SearchAction\",\"target\":{\"@type\":\"EntryPoint\",\"urlTemplate\":\"https:\/\/progettotouring.it\/radiotouring104\/?s={search_term_string}\"},\"query-input\":{\"@type\":\"PropertyValueSpecification\",\"valueRequired\":true,\"valueName\":\"search_term_string\"}}],\"inLanguage\":\"it-IT\"},{\"@type\":\"Organization\",\"@id\":\"https:\/\/progettotouring.it\/radiotouring104\/#organization\",\"name\":\"Radio Touring 104\",\"url\":\"https:\/\/progettotouring.it\/radiotouring104\/\",\"logo\":{\"@type\":\"ImageObject\",\"inLanguage\":\"it-IT\",\"@id\":\"https:\/\/progettotouring.it\/radiotouring104\/#\/schema\/logo\/image\/\",\"url\":\"https:\/\/progettotouring.it\/radiotouring104\/wp-content\/uploads\/sites\/6\/2022\/02\/cropped-logo-radio-touring-104.png\",\"contentUrl\":\"https:\/\/progettotouring.it\/radiotouring104\/wp-content\/uploads\/sites\/6\/2022\/02\/cropped-logo-radio-touring-104.png\",\"width\":377,\"height\":182,\"caption\":\"Radio Touring 104\"},\"image\":{\"@id\":\"https:\/\/progettotouring.it\/radiotouring104\/#\/schema\/logo\/image\/\"}},{\"@type\":\"Person\",\"@id\":\"https:\/\/progettotouring.it\/radiotouring104\/#\/schema\/person\/8458ed437f4094f881aab8e4cc572684\",\"name\":\"Helena Pedone\",\"image\":{\"@type\":\"ImageObject\",\"inLanguage\":\"it-IT\",\"@id\":\"https:\/\/secure.gravatar.com\/avatar\/95a63adf316f90175b68113b4b895a96641be06395ffeef88fea6178b30027d9?s=96&d=mm&r=g\",\"url\":\"https:\/\/secure.gravatar.com\/avatar\/95a63adf316f90175b68113b4b895a96641be06395ffeef88fea6178b30027d9?s=96&d=mm&r=g\",\"contentUrl\":\"https:\/\/secure.gravatar.com\/avatar\/95a63adf316f90175b68113b4b895a96641be06395ffeef88fea6178b30027d9?s=96&d=mm&r=g\",\"caption\":\"Helena Pedone\"},\"url\":\"https:\/\/progettotouring.it\/radiotouring104\/author\/helena\/\"}]}<\/script>\n<!-- \/ Yoast SEO plugin. -->","yoast_head_json":{"title":"Reggio: gazebo e dehors amovibili","description":"L'amministrazione si confronta con gli esercenti per garantire ordine e decoro tra i chioschi allestiti per le consumazioni all'aperto","robots":{"index":"index","follow":"follow","max-snippet":"max-snippet:-1","max-image-preview":"max-image-preview:large","max-video-preview":"max-video-preview:-1"},"canonical":"https:\/\/progettotouring.it\/radiotouring104\/2023\/01\/19\/reggio-gazebo-e-dehors-amovibili\/","og_locale":"it_IT","og_type":"article","og_title":"Reggio: gazebo e dehors amovibili","og_description":"L'amministrazione si confronta con gli esercenti per garantire ordine e decoro tra i chioschi allestiti per le consumazioni all'aperto","og_url":"https:\/\/progettotouring.it\/radiotouring104\/2023\/01\/19\/reggio-gazebo-e-dehors-amovibili\/","og_site_name":"Radio Touring 104","article_published_time":"2023-01-19T09:43:17+00:00","og_image":[{"width":1600,"height":1200,"url":"https:\/\/progettotouring.it\/radiotouring104\/wp-content\/uploads\/sites\/6\/2023\/01\/Incontro-gazebo.jpg","type":"image\/jpeg"}],"author":"Helena Pedone","twitter_card":"summary_large_image","twitter_misc":{"Scritto da":"Helena Pedone","Tempo di lettura stimato":"3 minuti"},"schema":{"@context":"https:\/\/schema.org","@graph":[{"@type":"Article","@id":"https:\/\/progettotouring.it\/radiotouring104\/2023\/01\/19\/reggio-gazebo-e-dehors-amovibili\/#article","isPartOf":{"@id":"https:\/\/progettotouring.it\/radiotouring104\/2023\/01\/19\/reggio-gazebo-e-dehors-amovibili\/"},"author":{"name":"Helena Pedone","@id":"https:\/\/progettotouring.it\/radiotouring104\/#\/schema\/person\/8458ed437f4094f881aab8e4cc572684"},"headline":"Reggio: gazebo e dehors amovibili","datePublished":"2023-01-19T09:43:17+00:00","mainEntityOfPage":{"@id":"https:\/\/progettotouring.it\/radiotouring104\/2023\/01\/19\/reggio-gazebo-e-dehors-amovibili\/"},"wordCount":506,"commentCount":0,"publisher":{"@id":"https:\/\/progettotouring.it\/radiotouring104\/#organization"},"image":{"@id":"https:\/\/progettotouring.it\/radiotouring104\/2023\/01\/19\/reggio-gazebo-e-dehors-amovibili\/#primaryimage"},"thumbnailUrl":"https:\/\/progettotouring.it\/radiotouring104\/wp-content\/uploads\/sites\/6\/2023\/01\/Incontro-gazebo.jpg","keywords":["Assessore Angela Martino","Esercenti cibi e bevande","Gazebo e dehors","Impresainungiorno","reggio calabria"],"articleSection":["Home","News","Reggio Calabria"],"inLanguage":"it-IT","potentialAction":[{"@type":"CommentAction","name":"Comment","target":["https:\/\/progettotouring.it\/radiotouring104\/2023\/01\/19\/reggio-gazebo-e-dehors-amovibili\/#respond"]}]},{"@type":"WebPage","@id":"https:\/\/progettotouring.it\/radiotouring104\/2023\/01\/19\/reggio-gazebo-e-dehors-amovibili\/","url":"https:\/\/progettotouring.it\/radiotouring104\/2023\/01\/19\/reggio-gazebo-e-dehors-amovibili\/","name":"Reggio: gazebo e dehors amovibili","isPartOf":{"@id":"https:\/\/progettotouring.it\/radiotouring104\/#website"},"primaryImageOfPage":{"@id":"https:\/\/progettotouring.it\/radiotouring104\/2023\/01\/19\/reggio-gazebo-e-dehors-amovibili\/#primaryimage"},"image":{"@id":"https:\/\/progettotouring.it\/radiotouring104\/2023\/01\/19\/reggio-gazebo-e-dehors-amovibili\/#primaryimage"},"thumbnailUrl":"https:\/\/progettotouring.it\/radiotouring104\/wp-content\/uploads\/sites\/6\/2023\/01\/Incontro-gazebo.jpg","datePublished":"2023-01-19T09:43:17+00:00","description":"L'amministrazione si confronta con gli esercenti per garantire ordine e decoro tra i chioschi allestiti per le consumazioni all'aperto","breadcrumb":{"@id":"https:\/\/progettotouring.it\/radiotouring104\/2023\/01\/19\/reggio-gazebo-e-dehors-amovibili\/#breadcrumb"},"inLanguage":"it-IT","potentialAction":[{"@type":"ReadAction","target":["https:\/\/progettotouring.it\/radiotouring104\/2023\/01\/19\/reggio-gazebo-e-dehors-amovibili\/"]}]},{"@type":"ImageObject","inLanguage":"it-IT","@id":"https:\/\/progettotouring.it\/radiotouring104\/2023\/01\/19\/reggio-gazebo-e-dehors-amovibili\/#primaryimage","url":"https:\/\/progettotouring.it\/radiotouring104\/wp-content\/uploads\/sites\/6\/2023\/01\/Incontro-gazebo.jpg","contentUrl":"https:\/\/progettotouring.it\/radiotouring104\/wp-content\/uploads\/sites\/6\/2023\/01\/Incontro-gazebo.jpg","width":1600,"height":1200},{"@type":"BreadcrumbList","@id":"https:\/\/progettotouring.it\/radiotouring104\/2023\/01\/19\/reggio-gazebo-e-dehors-amovibili\/#breadcrumb","itemListElement":[{"@type":"ListItem","position":1,"name":"Home","item":"https:\/\/progettotouring.it\/radiotouring104\/"},{"@type":"ListItem","position":2,"name":"Reggio: gazebo e dehors amovibili"}]},{"@type":"WebSite","@id":"https:\/\/progettotouring.it\/radiotouring104\/#website","url":"https:\/\/progettotouring.it\/radiotouring104\/","name":"Radio Touring 104","description":"La prima radio Reggina","publisher":{"@id":"https:\/\/progettotouring.it\/radiotouring104\/#organization"},"potentialAction":[{"@type":"SearchAction","target":{"@type":"EntryPoint","urlTemplate":"https:\/\/progettotouring.it\/radiotouring104\/?s={search_term_string}"},"query-input":{"@type":"PropertyValueSpecification","valueRequired":true,"valueName":"search_term_string"}}],"inLanguage":"it-IT"},{"@type":"Organization","@id":"https:\/\/progettotouring.it\/radiotouring104\/#organization","name":"Radio Touring 104","url":"https:\/\/progettotouring.it\/radiotouring104\/","logo":{"@type":"ImageObject","inLanguage":"it-IT","@id":"https:\/\/progettotouring.it\/radiotouring104\/#\/schema\/logo\/image\/","url":"https:\/\/progettotouring.it\/radiotouring104\/wp-content\/uploads\/sites\/6\/2022\/02\/cropped-logo-radio-touring-104.png","contentUrl":"https:\/\/progettotouring.it\/radiotouring104\/wp-content\/uploads\/sites\/6\/2022\/02\/cropped-logo-radio-touring-104.png","width":377,"height":182,"caption":"Radio Touring 104"},"image":{"@id":"https:\/\/progettotouring.it\/radiotouring104\/#\/schema\/logo\/image\/"}},{"@type":"Person","@id":"https:\/\/progettotouring.it\/radiotouring104\/#\/schema\/person\/8458ed437f4094f881aab8e4cc572684","name":"Helena Pedone","image":{"@type":"ImageObject","inLanguage":"it-IT","@id":"https:\/\/secure.gravatar.com\/avatar\/95a63adf316f90175b68113b4b895a96641be06395ffeef88fea6178b30027d9?s=96&d=mm&r=g","url":"https:\/\/secure.gravatar.com\/avatar\/95a63adf316f90175b68113b4b895a96641be06395ffeef88fea6178b30027d9?s=96&d=mm&r=g","contentUrl":"https:\/\/secure.gravatar.com\/avatar\/95a63adf316f90175b68113b4b895a96641be06395ffeef88fea6178b30027d9?s=96&d=mm&r=g","caption":"Helena Pedone"},"url":"https:\/\/progettotouring.it\/radiotouring104\/author\/helena\/"}]}},"jetpack_publicize_connections":[],"jetpack_featured_media_url":"https:\/\/progettotouring.it\/radiotouring104\/wp-content\/uploads\/sites\/6\/2023\/01\/Incontro-gazebo.jpg","jetpack_sharing_enabled":true,"_links":{"self":[{"href":"https:\/\/progettotouring.it\/radiotouring104\/wp-json\/wp\/v2\/posts\/17092","targetHints":{"allow":["GET"]}}],"collection":[{"href":"https:\/\/progettotouring.it\/radiotouring104\/wp-json\/wp\/v2\/posts"}],"about":[{"href":"https:\/\/progettotouring.it\/radiotouring104\/wp-json\/wp\/v2\/types\/post"}],"author":[{"embeddable":true,"href":"https:\/\/progettotouring.it\/radiotouring104\/wp-json\/wp\/v2\/users\/13"}],"replies":[{"embeddable":true,"href":"https:\/\/progettotouring.it\/radiotouring104\/wp-json\/wp\/v2\/comments?post=17092"}],"version-history":[{"count":1,"href":"https:\/\/progettotouring.it\/radiotouring104\/wp-json\/wp\/v2\/posts\/17092\/revisions"}],"predecessor-version":[{"id":17100,"href":"https:\/\/progettotouring.it\/radiotouring104\/wp-json\/wp\/v2\/posts\/17092\/revisions\/17100"}],"wp:featuredmedia":[{"embeddable":true,"href":"https:\/\/progettotouring.it\/radiotouring104\/wp-json\/wp\/v2\/media\/17098"}],"wp:attachment":[{"href":"https:\/\/progettotouring.it\/radiotouring104\/wp-json\/wp\/v2\/media?parent=17092"}],"wp:term":[{"taxonomy":"category","embeddable":true,"href":"https:\/\/progettotouring.it\/radiotouring104\/wp-json\/wp\/v2\/categories?post=17092"},{"taxonomy":"post_tag","embeddable":true,"href":"https:\/\/progettotouring.it\/radiotouring104\/wp-json\/wp\/v2\/tags?post=17092"}],"curies":[{"name":"wp","href":"https:\/\/api.w.org\/{rel}","templated":true}]}}