{"id":17115,"date":"2023-01-19T13:21:47","date_gmt":"2023-01-19T12:21:47","guid":{"rendered":"https:\/\/progettotouring.it\/radiotouring104\/?p=17115"},"modified":"2023-01-19T13:21:47","modified_gmt":"2023-01-19T12:21:47","slug":"calabria-dossier-sullalternanza-scuola-lavoro","status":"publish","type":"post","link":"https:\/\/progettotouring.it\/radiotouring104\/2023\/01\/19\/calabria-dossier-sullalternanza-scuola-lavoro\/","title":{"rendered":"Calabria: dossier sull&#8217;alternanza scuola-lavoro"},"content":{"rendered":"<div dir=\"ltr\">\n<div id=\"gmail-:n2\" class=\"xmprfx_gmail-Ar xmprfx_gmail-Au xmprfx_gmail-Ao\">\n<div id=\"gmail-:n6\" class=\"xmprfx_gmail-Am xmprfx_gmail-Al xmprfx_editable xmprfx_gmail-LW-avf xmprfx_gmail-tS-tW xmprfx_gmail-tS-tY\" role=\"textbox\" aria-label=\"Corpo del messaggio\">\n<div id=\"gmail-:r7\" class=\"xmprfx_gmail-Ar xmprfx_gmail-Au xmprfx_gmail-Ao\">\n<div id=\"gmail-:r3\" class=\"xmprfx_gmail-Am xmprfx_gmail-Al xmprfx_editable xmprfx_gmail-LW-avf xmprfx_gmail-tS-tW xmprfx_gmail-tS-tY\" role=\"textbox\" aria-label=\"Corpo del messaggio\">\n<div id=\"gmail-:wy\" class=\"xmprfx_gmail-Ar xmprfx_gmail-Au xmprfx_gmail-Ao\">\n<div id=\"gmail-:vw\" class=\"xmprfx_gmail-Am xmprfx_gmail-Al xmprfx_editable xmprfx_gmail-LW-avf xmprfx_gmail-tS-tW xmprfx_gmail-tS-tY\" role=\"textbox\" aria-label=\"Corpo del messaggio\">\n<div id=\"gmail-:q5\" class=\"xmprfx_gmail-Ar xmprfx_gmail-Au xmprfx_gmail-Ao\">\n<div id=\"gmail-:ut\" class=\"xmprfx_gmail-Am xmprfx_gmail-Al xmprfx_editable xmprfx_gmail-LW-avf xmprfx_gmail-tS-tW xmprfx_gmail-tS-tY\" role=\"textbox\" aria-label=\"Corpo del messaggio\">\n<p align=\"justify\"><span>La regione \u00e8 al tredicesimo posto della graduatoria dei territori con una migliore offerta di opportunit\u00e0 per le esperienze degli studenti. Finisce, per\u00f2, al penultimo posto se si prendono in considerazione le sole imprese, escludendo tutte le altre strutture dove si pu\u00f2 svolgere questa sorta di &#8220;stage&#8221;. A livello provinciale, buona la performance di Cosenza al 53\u00b0 posto con 675 strutture disponibili. A seguire Crotone al 59\u00b0 posto con 156 strutture. Quindi Catanzaro all&#8217;82\u00b0 posto con 243 strutture, Vibo Valentia all&#8217;85\u00b0 con 99 strutture e Reggio Calabria al 95\u00b0 con 287 strutture. Il posizionamento in classifica non dipende dal numero assoluto delle strutture, ma da questo dato rapportato naturalmente al numero dei residenti e degli studenti.<\/span><\/p>\n<p align=\"justify\"><span>A livello nazionale \u00e8 il territorio della provincia di Firenze quello pi\u00f9 attrezzato per l\u2019alternanza scuola-lavoro, a cui fanno seguito Sondrio, Pisa, Trento e Modena. A livello regionale al primo posto si conferma la Toscana, seguita da Trentino-Alto Adige e Veneto.<\/span><\/p>\n<p align=\"justify\"><span>A chiudere la classifica, Sicilia, Campania e l&#8217;Abruzzo fanalino di coda, che conferma l&#8217;ultimo posto anche per offerta delle sole imprese<\/span>, dove primeggiano Veneto, Trentino-Alto Adige e Lombardia.<\/p>\n<p align=\"justify\"><span>A passare sotto la lente d\u2019ingrandimento l\u2019alternanza scuola-lavoro, dal 2015 obbligatoria per le ultime tre classi di tutte le scuole superiori e dal 2019 ribattezzata Pcto prima della sosta forzata per la pandemia, \u00e8 il sindacato datoriale Unsic, con oltre tremila sedi in Italia tra Caa, Caf e sedi di Patronato. In occasione del tavolo tecnico ministeriale del prossimo 26 gennaio sul tema, a cui prender\u00e0 parte anche Giampiero Castellotti dell\u2019Unsic, l\u2019organizzazione datoriale ha redatto un dossier ricco di numeri e di proposte.<\/span><\/p>\n<p align=\"justify\"><span>Le pagelle ai territori, che ne evidenziano le difformit\u00e0, sono frutto principalmente del volume dell\u2019offerta di strutture disponibili ad ospitare gli studenti rispetto al numero di residenti e di studenti. Infatti a fronte delle rilevanti richieste scolastiche costituisce una delle criticit\u00e0 ataviche dell\u2019esperienza proprio l\u2019esiguit\u00e0 dell\u2019offerta, che non include solo \u201cimprese\u201d ma anche enti pubblici e privati, musei, associazioni, sindacati, biblioteche, enti sportivi, ecc. Con un problema in pi\u00f9. \u201cI dati emersi e da noi elaborati possono tenere conto unicamente degli aspetti quantitativi, ma non possono includere gli elementi qualitativi, difficili da individuare anche per l\u2019assenza di monitoraggi istituzionali \u2013 precisa Domenico Mamone, presidente dell\u2019Unsic. \u201cAd esempio, sotto la generica definizione istituzionale di \u2018impresa\u2019 si va dalla multinazionale al piccolo bar e ci\u00f2 potrebbe parzialmente inficiare l\u2019elaborazione finale, per quanto la fotografia della tendenza provinciale e regionale resta comunque affidabile \u2013 conclude Mamone.<\/span><\/p>\n<p align=\"justify\"><span>Nel quadro della \u201cappetibilit\u00e0 territoriale\u201d emersa, spiccano alcuni elementi. Se in linea generale sono i territori pi\u00f9 industrializzati a garantire maggiori opportunit\u00e0 agli studenti degli istituti tecnici e professionali, e naturalmente le province a maggiore vocazione culturale e turistica garantiscono buone occasioni ai licei (ci\u00f2 spiega il ventesimo posto di Agrigento e il trentasettesimo di Matera), si segnalano il settimo posto di Fermo per la tradizione artigianale e l\u2019ottavo posto di Trapani per la filiera marinara.<\/span><\/p>\n<p align=\"justify\"><span>Oltre a ricostruire la storia dell\u2019alternanza, con i riferimenti normativi, il dossier si concentra sui vantaggi (<i>in primis<\/i> l\u2019apprendimento pratico, l\u2019orientamento, i contatti con l\u2019azienda e l\u2019eventuale opportunit\u00e0 di lavoro) e gli svantaggi (problemi logistici, disarmonia con il percorso scolastico, sfruttamento e insicurezza) dell\u2019esperienza ed elenca anche gli incidenti, alcuni mortali, che hanno funestato l\u2019alternanza, elencando i dieci pi\u00f9 gravi dal 2017 ad oggi, accaduti a La Spezia, Faenza (Ravenna), Pavia di Udine, Montemurlo (Prato), Genola (Cuneo), Rovato (Brescia), Lauzacco (Udine), Fermo, Merano (Bolzano) e Noventa di Piave (Venezia). <\/span><\/p>\n<p align=\"justify\"><span>Infine l\u2019Unsic avanza sedici proposte per riformare la materia, dalla non obbligatoriet\u00e0 almeno nei licei e dall\u2019estromissione come requisito di ammissione agli esami di Stato agli sgravi per le aziende coinvolte che dovrebbero avere certificazioni aggiuntive sulla sicurezza, oltre a quelle di prassi. L\u2019organizzazione propone anche un accordo scritto tra struttura ospitante e scuola con l\u2019impegno a fornire un programma formativo allineato con le finalit\u00e0 di orientamento e formazione, un albo per i tutor, lo status dello studente per distinguerlo dal lavoratore, il feedback standard sull\u2019esperienza vissuta, la conciliazione tra l\u2019alternanza e le interrogazioni e le verifiche scolastiche a garanzia degli studenti e l\u2019incremento delle esperienze presso aziende e organismi italiani all\u2019estero. Infine, oltre a chiedere un ruolo per sindacati e organismi rappresentativi di settore sul fronte della prevenzione della sicurezza e della regia locale per la co-progettazione e a proporre l\u2019inserimento della formazione sulla sicurezza nel programma di educazione civica, l\u2019Unsic lancia l\u2019idea di un dibattito aperto sull\u2019eventuale \u201cminisalario\u201d allo studente per l\u2019alternanza (sul modello tedesco), \u201cbench\u00e9 i ragazzi siano in formazione e non dovrebbero lavorare\u201d e un monitoraggio ministeriale, oggi assente.<\/span><\/p>\n<\/div>\n<\/div>\n<\/div>\n<\/div>\n<\/div>\n<\/div>\n<\/div>\n<\/div>\n<\/div>\n","protected":false},"excerpt":{"rendered":"<p>La regione \u00e8 al tredicesimo posto della graduatoria dei territori con una migliore offerta di opportunit\u00e0 per le esperienze degli studenti. Finisce, per\u00f2, al penultimo posto se si prendono in&hellip;<\/p>\n","protected":false},"author":13,"featured_media":17117,"comment_status":"open","ping_status":"open","sticky":false,"template":"","format":"standard","meta":{"_jetpack_memberships_contains_paid_content":false,"footnotes":"","jetpack_publicize_message":"","jetpack_publicize_feature_enabled":true,"jetpack_social_post_already_shared":false,"jetpack_social_options":{"image_generator_settings":{"template":"highway","default_image_id":0,"font":"","enabled":false},"version":2}},"categories":[142,921,196],"tags":[8720,586,8722,8721],"class_list":["post-17115","post","type-post","status-publish","format-standard","has-post-thumbnail","hentry","category-calabria","category-home","category-news","tag-alternanza-scuola-lavoro","tag-calabria","tag-domenico-mamone","tag-unsic"],"yoast_head":"<!-- This site is optimized with the Yoast SEO plugin v27.2 - https:\/\/yoast.com\/product\/yoast-seo-wordpress\/ -->\n<title>Calabria: dossier sull&#039;alternanza scuola-lavoro<\/title>\n<meta name=\"description\" content=\"I vantaggi dell&#039;esperienza devono fare i conti con l&#039;assenza di sicurezza e il rischio di sfruttamento da parte delle imprese ospitanti\" \/>\n<meta name=\"robots\" content=\"index, follow, max-snippet:-1, max-image-preview:large, max-video-preview:-1\" \/>\n<link rel=\"canonical\" href=\"https:\/\/progettotouring.it\/radiotouring104\/2023\/01\/19\/calabria-dossier-sullalternanza-scuola-lavoro\/\" \/>\n<meta property=\"og:locale\" content=\"it_IT\" \/>\n<meta property=\"og:type\" content=\"article\" \/>\n<meta property=\"og:title\" content=\"Calabria: dossier sull&#039;alternanza scuola-lavoro\" \/>\n<meta property=\"og:description\" content=\"I vantaggi dell&#039;esperienza devono fare i conti con l&#039;assenza di sicurezza e il rischio di sfruttamento da parte delle imprese ospitanti\" \/>\n<meta property=\"og:url\" content=\"https:\/\/progettotouring.it\/radiotouring104\/2023\/01\/19\/calabria-dossier-sullalternanza-scuola-lavoro\/\" \/>\n<meta property=\"og:site_name\" content=\"Radio Touring 104\" \/>\n<meta property=\"article:published_time\" content=\"2023-01-19T12:21:47+00:00\" \/>\n<meta property=\"og:image\" content=\"https:\/\/progettotouring.it\/radiotouring104\/wp-content\/uploads\/sites\/6\/2023\/01\/Alternanza-scuola-lavoro.jpg\" \/>\n\t<meta property=\"og:image:width\" content=\"596\" \/>\n\t<meta property=\"og:image:height\" content=\"248\" \/>\n\t<meta property=\"og:image:type\" content=\"image\/jpeg\" \/>\n<meta name=\"author\" content=\"Helena Pedone\" \/>\n<meta name=\"twitter:card\" content=\"summary_large_image\" \/>\n<meta name=\"twitter:label1\" content=\"Scritto da\" \/>\n\t<meta name=\"twitter:data1\" content=\"Helena Pedone\" \/>\n\t<meta name=\"twitter:label2\" content=\"Tempo di lettura stimato\" \/>\n\t<meta name=\"twitter:data2\" content=\"4 minuti\" \/>\n<script type=\"application\/ld+json\" class=\"yoast-schema-graph\">{\"@context\":\"https:\/\/schema.org\",\"@graph\":[{\"@type\":\"Article\",\"@id\":\"https:\/\/progettotouring.it\/radiotouring104\/2023\/01\/19\/calabria-dossier-sullalternanza-scuola-lavoro\/#article\",\"isPartOf\":{\"@id\":\"https:\/\/progettotouring.it\/radiotouring104\/2023\/01\/19\/calabria-dossier-sullalternanza-scuola-lavoro\/\"},\"author\":{\"name\":\"Helena Pedone\",\"@id\":\"https:\/\/progettotouring.it\/radiotouring104\/#\/schema\/person\/8458ed437f4094f881aab8e4cc572684\"},\"headline\":\"Calabria: dossier sull&#8217;alternanza scuola-lavoro\",\"datePublished\":\"2023-01-19T12:21:47+00:00\",\"mainEntityOfPage\":{\"@id\":\"https:\/\/progettotouring.it\/radiotouring104\/2023\/01\/19\/calabria-dossier-sullalternanza-scuola-lavoro\/\"},\"wordCount\":779,\"commentCount\":0,\"publisher\":{\"@id\":\"https:\/\/progettotouring.it\/radiotouring104\/#organization\"},\"image\":{\"@id\":\"https:\/\/progettotouring.it\/radiotouring104\/2023\/01\/19\/calabria-dossier-sullalternanza-scuola-lavoro\/#primaryimage\"},\"thumbnailUrl\":\"https:\/\/progettotouring.it\/radiotouring104\/wp-content\/uploads\/sites\/6\/2023\/01\/Alternanza-scuola-lavoro.jpg\",\"keywords\":[\"Alternanza scuola-lavoro\",\"calabria\",\"Domenico Mamone\",\"Unsic\"],\"articleSection\":[\"Calabria\",\"Home\",\"News\"],\"inLanguage\":\"it-IT\",\"potentialAction\":[{\"@type\":\"CommentAction\",\"name\":\"Comment\",\"target\":[\"https:\/\/progettotouring.it\/radiotouring104\/2023\/01\/19\/calabria-dossier-sullalternanza-scuola-lavoro\/#respond\"]}]},{\"@type\":\"WebPage\",\"@id\":\"https:\/\/progettotouring.it\/radiotouring104\/2023\/01\/19\/calabria-dossier-sullalternanza-scuola-lavoro\/\",\"url\":\"https:\/\/progettotouring.it\/radiotouring104\/2023\/01\/19\/calabria-dossier-sullalternanza-scuola-lavoro\/\",\"name\":\"Calabria: dossier sull'alternanza scuola-lavoro\",\"isPartOf\":{\"@id\":\"https:\/\/progettotouring.it\/radiotouring104\/#website\"},\"primaryImageOfPage\":{\"@id\":\"https:\/\/progettotouring.it\/radiotouring104\/2023\/01\/19\/calabria-dossier-sullalternanza-scuola-lavoro\/#primaryimage\"},\"image\":{\"@id\":\"https:\/\/progettotouring.it\/radiotouring104\/2023\/01\/19\/calabria-dossier-sullalternanza-scuola-lavoro\/#primaryimage\"},\"thumbnailUrl\":\"https:\/\/progettotouring.it\/radiotouring104\/wp-content\/uploads\/sites\/6\/2023\/01\/Alternanza-scuola-lavoro.jpg\",\"datePublished\":\"2023-01-19T12:21:47+00:00\",\"description\":\"I vantaggi dell'esperienza devono fare i conti con l'assenza di sicurezza e il rischio di sfruttamento da parte delle imprese ospitanti\",\"breadcrumb\":{\"@id\":\"https:\/\/progettotouring.it\/radiotouring104\/2023\/01\/19\/calabria-dossier-sullalternanza-scuola-lavoro\/#breadcrumb\"},\"inLanguage\":\"it-IT\",\"potentialAction\":[{\"@type\":\"ReadAction\",\"target\":[\"https:\/\/progettotouring.it\/radiotouring104\/2023\/01\/19\/calabria-dossier-sullalternanza-scuola-lavoro\/\"]}]},{\"@type\":\"ImageObject\",\"inLanguage\":\"it-IT\",\"@id\":\"https:\/\/progettotouring.it\/radiotouring104\/2023\/01\/19\/calabria-dossier-sullalternanza-scuola-lavoro\/#primaryimage\",\"url\":\"https:\/\/progettotouring.it\/radiotouring104\/wp-content\/uploads\/sites\/6\/2023\/01\/Alternanza-scuola-lavoro.jpg\",\"contentUrl\":\"https:\/\/progettotouring.it\/radiotouring104\/wp-content\/uploads\/sites\/6\/2023\/01\/Alternanza-scuola-lavoro.jpg\",\"width\":596,\"height\":248},{\"@type\":\"BreadcrumbList\",\"@id\":\"https:\/\/progettotouring.it\/radiotouring104\/2023\/01\/19\/calabria-dossier-sullalternanza-scuola-lavoro\/#breadcrumb\",\"itemListElement\":[{\"@type\":\"ListItem\",\"position\":1,\"name\":\"Home\",\"item\":\"https:\/\/progettotouring.it\/radiotouring104\/\"},{\"@type\":\"ListItem\",\"position\":2,\"name\":\"Calabria: dossier sull&#8217;alternanza scuola-lavoro\"}]},{\"@type\":\"WebSite\",\"@id\":\"https:\/\/progettotouring.it\/radiotouring104\/#website\",\"url\":\"https:\/\/progettotouring.it\/radiotouring104\/\",\"name\":\"Radio Touring 104\",\"description\":\"La prima radio Reggina\",\"publisher\":{\"@id\":\"https:\/\/progettotouring.it\/radiotouring104\/#organization\"},\"potentialAction\":[{\"@type\":\"SearchAction\",\"target\":{\"@type\":\"EntryPoint\",\"urlTemplate\":\"https:\/\/progettotouring.it\/radiotouring104\/?s={search_term_string}\"},\"query-input\":{\"@type\":\"PropertyValueSpecification\",\"valueRequired\":true,\"valueName\":\"search_term_string\"}}],\"inLanguage\":\"it-IT\"},{\"@type\":\"Organization\",\"@id\":\"https:\/\/progettotouring.it\/radiotouring104\/#organization\",\"name\":\"Radio Touring 104\",\"url\":\"https:\/\/progettotouring.it\/radiotouring104\/\",\"logo\":{\"@type\":\"ImageObject\",\"inLanguage\":\"it-IT\",\"@id\":\"https:\/\/progettotouring.it\/radiotouring104\/#\/schema\/logo\/image\/\",\"url\":\"https:\/\/progettotouring.it\/radiotouring104\/wp-content\/uploads\/sites\/6\/2022\/02\/cropped-logo-radio-touring-104.png\",\"contentUrl\":\"https:\/\/progettotouring.it\/radiotouring104\/wp-content\/uploads\/sites\/6\/2022\/02\/cropped-logo-radio-touring-104.png\",\"width\":377,\"height\":182,\"caption\":\"Radio Touring 104\"},\"image\":{\"@id\":\"https:\/\/progettotouring.it\/radiotouring104\/#\/schema\/logo\/image\/\"}},{\"@type\":\"Person\",\"@id\":\"https:\/\/progettotouring.it\/radiotouring104\/#\/schema\/person\/8458ed437f4094f881aab8e4cc572684\",\"name\":\"Helena Pedone\",\"image\":{\"@type\":\"ImageObject\",\"inLanguage\":\"it-IT\",\"@id\":\"https:\/\/secure.gravatar.com\/avatar\/95a63adf316f90175b68113b4b895a96641be06395ffeef88fea6178b30027d9?s=96&d=mm&r=g\",\"url\":\"https:\/\/secure.gravatar.com\/avatar\/95a63adf316f90175b68113b4b895a96641be06395ffeef88fea6178b30027d9?s=96&d=mm&r=g\",\"contentUrl\":\"https:\/\/secure.gravatar.com\/avatar\/95a63adf316f90175b68113b4b895a96641be06395ffeef88fea6178b30027d9?s=96&d=mm&r=g\",\"caption\":\"Helena Pedone\"},\"url\":\"https:\/\/progettotouring.it\/radiotouring104\/author\/helena\/\"}]}<\/script>\n<!-- \/ Yoast SEO plugin. -->","yoast_head_json":{"title":"Calabria: dossier sull'alternanza scuola-lavoro","description":"I vantaggi dell'esperienza devono fare i conti con l'assenza di sicurezza e il rischio di sfruttamento da parte delle imprese ospitanti","robots":{"index":"index","follow":"follow","max-snippet":"max-snippet:-1","max-image-preview":"max-image-preview:large","max-video-preview":"max-video-preview:-1"},"canonical":"https:\/\/progettotouring.it\/radiotouring104\/2023\/01\/19\/calabria-dossier-sullalternanza-scuola-lavoro\/","og_locale":"it_IT","og_type":"article","og_title":"Calabria: dossier sull'alternanza scuola-lavoro","og_description":"I vantaggi dell'esperienza devono fare i conti con l'assenza di sicurezza e il rischio di sfruttamento da parte delle imprese ospitanti","og_url":"https:\/\/progettotouring.it\/radiotouring104\/2023\/01\/19\/calabria-dossier-sullalternanza-scuola-lavoro\/","og_site_name":"Radio Touring 104","article_published_time":"2023-01-19T12:21:47+00:00","og_image":[{"width":596,"height":248,"url":"https:\/\/progettotouring.it\/radiotouring104\/wp-content\/uploads\/sites\/6\/2023\/01\/Alternanza-scuola-lavoro.jpg","type":"image\/jpeg"}],"author":"Helena Pedone","twitter_card":"summary_large_image","twitter_misc":{"Scritto da":"Helena Pedone","Tempo di lettura stimato":"4 minuti"},"schema":{"@context":"https:\/\/schema.org","@graph":[{"@type":"Article","@id":"https:\/\/progettotouring.it\/radiotouring104\/2023\/01\/19\/calabria-dossier-sullalternanza-scuola-lavoro\/#article","isPartOf":{"@id":"https:\/\/progettotouring.it\/radiotouring104\/2023\/01\/19\/calabria-dossier-sullalternanza-scuola-lavoro\/"},"author":{"name":"Helena Pedone","@id":"https:\/\/progettotouring.it\/radiotouring104\/#\/schema\/person\/8458ed437f4094f881aab8e4cc572684"},"headline":"Calabria: dossier sull&#8217;alternanza scuola-lavoro","datePublished":"2023-01-19T12:21:47+00:00","mainEntityOfPage":{"@id":"https:\/\/progettotouring.it\/radiotouring104\/2023\/01\/19\/calabria-dossier-sullalternanza-scuola-lavoro\/"},"wordCount":779,"commentCount":0,"publisher":{"@id":"https:\/\/progettotouring.it\/radiotouring104\/#organization"},"image":{"@id":"https:\/\/progettotouring.it\/radiotouring104\/2023\/01\/19\/calabria-dossier-sullalternanza-scuola-lavoro\/#primaryimage"},"thumbnailUrl":"https:\/\/progettotouring.it\/radiotouring104\/wp-content\/uploads\/sites\/6\/2023\/01\/Alternanza-scuola-lavoro.jpg","keywords":["Alternanza scuola-lavoro","calabria","Domenico Mamone","Unsic"],"articleSection":["Calabria","Home","News"],"inLanguage":"it-IT","potentialAction":[{"@type":"CommentAction","name":"Comment","target":["https:\/\/progettotouring.it\/radiotouring104\/2023\/01\/19\/calabria-dossier-sullalternanza-scuola-lavoro\/#respond"]}]},{"@type":"WebPage","@id":"https:\/\/progettotouring.it\/radiotouring104\/2023\/01\/19\/calabria-dossier-sullalternanza-scuola-lavoro\/","url":"https:\/\/progettotouring.it\/radiotouring104\/2023\/01\/19\/calabria-dossier-sullalternanza-scuola-lavoro\/","name":"Calabria: dossier sull'alternanza scuola-lavoro","isPartOf":{"@id":"https:\/\/progettotouring.it\/radiotouring104\/#website"},"primaryImageOfPage":{"@id":"https:\/\/progettotouring.it\/radiotouring104\/2023\/01\/19\/calabria-dossier-sullalternanza-scuola-lavoro\/#primaryimage"},"image":{"@id":"https:\/\/progettotouring.it\/radiotouring104\/2023\/01\/19\/calabria-dossier-sullalternanza-scuola-lavoro\/#primaryimage"},"thumbnailUrl":"https:\/\/progettotouring.it\/radiotouring104\/wp-content\/uploads\/sites\/6\/2023\/01\/Alternanza-scuola-lavoro.jpg","datePublished":"2023-01-19T12:21:47+00:00","description":"I vantaggi dell'esperienza devono fare i conti con l'assenza di sicurezza e il rischio di sfruttamento da parte delle imprese ospitanti","breadcrumb":{"@id":"https:\/\/progettotouring.it\/radiotouring104\/2023\/01\/19\/calabria-dossier-sullalternanza-scuola-lavoro\/#breadcrumb"},"inLanguage":"it-IT","potentialAction":[{"@type":"ReadAction","target":["https:\/\/progettotouring.it\/radiotouring104\/2023\/01\/19\/calabria-dossier-sullalternanza-scuola-lavoro\/"]}]},{"@type":"ImageObject","inLanguage":"it-IT","@id":"https:\/\/progettotouring.it\/radiotouring104\/2023\/01\/19\/calabria-dossier-sullalternanza-scuola-lavoro\/#primaryimage","url":"https:\/\/progettotouring.it\/radiotouring104\/wp-content\/uploads\/sites\/6\/2023\/01\/Alternanza-scuola-lavoro.jpg","contentUrl":"https:\/\/progettotouring.it\/radiotouring104\/wp-content\/uploads\/sites\/6\/2023\/01\/Alternanza-scuola-lavoro.jpg","width":596,"height":248},{"@type":"BreadcrumbList","@id":"https:\/\/progettotouring.it\/radiotouring104\/2023\/01\/19\/calabria-dossier-sullalternanza-scuola-lavoro\/#breadcrumb","itemListElement":[{"@type":"ListItem","position":1,"name":"Home","item":"https:\/\/progettotouring.it\/radiotouring104\/"},{"@type":"ListItem","position":2,"name":"Calabria: dossier sull&#8217;alternanza scuola-lavoro"}]},{"@type":"WebSite","@id":"https:\/\/progettotouring.it\/radiotouring104\/#website","url":"https:\/\/progettotouring.it\/radiotouring104\/","name":"Radio Touring 104","description":"La prima radio Reggina","publisher":{"@id":"https:\/\/progettotouring.it\/radiotouring104\/#organization"},"potentialAction":[{"@type":"SearchAction","target":{"@type":"EntryPoint","urlTemplate":"https:\/\/progettotouring.it\/radiotouring104\/?s={search_term_string}"},"query-input":{"@type":"PropertyValueSpecification","valueRequired":true,"valueName":"search_term_string"}}],"inLanguage":"it-IT"},{"@type":"Organization","@id":"https:\/\/progettotouring.it\/radiotouring104\/#organization","name":"Radio Touring 104","url":"https:\/\/progettotouring.it\/radiotouring104\/","logo":{"@type":"ImageObject","inLanguage":"it-IT","@id":"https:\/\/progettotouring.it\/radiotouring104\/#\/schema\/logo\/image\/","url":"https:\/\/progettotouring.it\/radiotouring104\/wp-content\/uploads\/sites\/6\/2022\/02\/cropped-logo-radio-touring-104.png","contentUrl":"https:\/\/progettotouring.it\/radiotouring104\/wp-content\/uploads\/sites\/6\/2022\/02\/cropped-logo-radio-touring-104.png","width":377,"height":182,"caption":"Radio Touring 104"},"image":{"@id":"https:\/\/progettotouring.it\/radiotouring104\/#\/schema\/logo\/image\/"}},{"@type":"Person","@id":"https:\/\/progettotouring.it\/radiotouring104\/#\/schema\/person\/8458ed437f4094f881aab8e4cc572684","name":"Helena Pedone","image":{"@type":"ImageObject","inLanguage":"it-IT","@id":"https:\/\/secure.gravatar.com\/avatar\/95a63adf316f90175b68113b4b895a96641be06395ffeef88fea6178b30027d9?s=96&d=mm&r=g","url":"https:\/\/secure.gravatar.com\/avatar\/95a63adf316f90175b68113b4b895a96641be06395ffeef88fea6178b30027d9?s=96&d=mm&r=g","contentUrl":"https:\/\/secure.gravatar.com\/avatar\/95a63adf316f90175b68113b4b895a96641be06395ffeef88fea6178b30027d9?s=96&d=mm&r=g","caption":"Helena Pedone"},"url":"https:\/\/progettotouring.it\/radiotouring104\/author\/helena\/"}]}},"jetpack_publicize_connections":[],"jetpack_featured_media_url":"https:\/\/progettotouring.it\/radiotouring104\/wp-content\/uploads\/sites\/6\/2023\/01\/Alternanza-scuola-lavoro.jpg","jetpack_sharing_enabled":true,"_links":{"self":[{"href":"https:\/\/progettotouring.it\/radiotouring104\/wp-json\/wp\/v2\/posts\/17115","targetHints":{"allow":["GET"]}}],"collection":[{"href":"https:\/\/progettotouring.it\/radiotouring104\/wp-json\/wp\/v2\/posts"}],"about":[{"href":"https:\/\/progettotouring.it\/radiotouring104\/wp-json\/wp\/v2\/types\/post"}],"author":[{"embeddable":true,"href":"https:\/\/progettotouring.it\/radiotouring104\/wp-json\/wp\/v2\/users\/13"}],"replies":[{"embeddable":true,"href":"https:\/\/progettotouring.it\/radiotouring104\/wp-json\/wp\/v2\/comments?post=17115"}],"version-history":[{"count":1,"href":"https:\/\/progettotouring.it\/radiotouring104\/wp-json\/wp\/v2\/posts\/17115\/revisions"}],"predecessor-version":[{"id":17140,"href":"https:\/\/progettotouring.it\/radiotouring104\/wp-json\/wp\/v2\/posts\/17115\/revisions\/17140"}],"wp:featuredmedia":[{"embeddable":true,"href":"https:\/\/progettotouring.it\/radiotouring104\/wp-json\/wp\/v2\/media\/17117"}],"wp:attachment":[{"href":"https:\/\/progettotouring.it\/radiotouring104\/wp-json\/wp\/v2\/media?parent=17115"}],"wp:term":[{"taxonomy":"category","embeddable":true,"href":"https:\/\/progettotouring.it\/radiotouring104\/wp-json\/wp\/v2\/categories?post=17115"},{"taxonomy":"post_tag","embeddable":true,"href":"https:\/\/progettotouring.it\/radiotouring104\/wp-json\/wp\/v2\/tags?post=17115"}],"curies":[{"name":"wp","href":"https:\/\/api.w.org\/{rel}","templated":true}]}}