{"id":17124,"date":"2023-01-19T12:40:12","date_gmt":"2023-01-19T11:40:12","guid":{"rendered":"https:\/\/progettotouring.it\/radiotouring104\/?p=17124"},"modified":"2023-01-19T12:40:26","modified_gmt":"2023-01-19T11:40:26","slug":"coldiretti-caro-spesa-costa-a-calabresi-oltre-200-milioni-nel-2022","status":"publish","type":"post","link":"https:\/\/progettotouring.it\/radiotouring104\/2023\/01\/19\/coldiretti-caro-spesa-costa-a-calabresi-oltre-200-milioni-nel-2022\/","title":{"rendered":"Coldiretti: caro spesa costa a calabresi oltre 200 milioni nel 2022"},"content":{"rendered":"<p>I rialzi dell\u2019inflazione pesano (eccome!!) sul carrello dei calabresi che nel 2022 hanno speso 60 milioni in pi\u00f9 per mettere in tavola pane e pasta, alimenti costanti nei pasti; anche la verdura \u00e8 costata 30 milioni in pi\u00f9, mentre per la carne si \u00e8 avuto un esborso aggiuntivo di 45 milioni rispetto allo scorso anno. La\u00a0 provincia di Cosenza ha registrato un alto incremento del costo del cibo e la Calabria \u00e8 fra le prime regioni per l\u2019aumento del pr ezzo dei prodotti agroalimentari e della ristorazione. E\u2019 quanto emerge dall\u2019analisi della Coldiretti che ha stilato la classifica degli aumenti sulla base dati Istat relativi all\u2019inflazione a dicembre, che a livello generale fanno segnare nel 2022 l\u2019aumento pi\u00f9 ampio dal 1985, trainati dal rincaro dei beni energetici legato alla guerra in Ucraina che fanno penare l\u2019intera filiera, dai campi alle tavole.<\/p>\n<p>Complessivamente la famiglie italiane hanno speso nel 2022 ben 13 miliardi in pi\u00f9 quelle calabresi oltre 200 milioni per prodotti alimentari e bevande analcoliche a causa di un aumento medio dell\u2019inflazione del 9,1%, con la classifica degli aumenti che \u00e8 guidata da pane, pasta e cereali davanti a verdure e carni. Al quarto posto ci sono latte formaggi e uova con 18 milioni di esborso aggiuntivo \u2013 continua Coldiretti -, che precedono il pesce, e la frutta (+12 milioni). Seguono olio, burro e grassi\u00a0 e le bevande analcoliche (dal caff\u00e8 alle acque minerali fino ai succhi). Chiudono la classifica degli aumenti a zucchero, confetture, miele, cioccolato e dolci e sale, condimenti e alimenti per bambini.<\/p>\n<p>Ma i cittadini-consumatori per difendersi dagli aumenti ormai hanno preso l\u2019abitudine di fare una lista ponderata degli acquisti da effettuare per mettere sotto controllo le spese d\u2019impulso, secondo l\u2019analisi Coldiretti\/Censis. Se i prezzi per le famiglie corrono l\u2019aumento dei costi colpisce duramente l\u2019intera filiera agroalimentare a partire dalle campagne \u2013 denuncia la Coldiretti \u2013 dove pi\u00f9 di 1 azienda agricola su 10 (13%) \u00e8 in una situazione cos\u00ec critica da portare alla cessazione e ben oltre 1\/3 del totale si trova comunque costretta a lavorare in una condizione di reddito negativo per effetto dei rincari, secondo il Crea. Sotto pressione \u2013 sottolinea la Coldiretti \u2013 \u00e8 l\u2019intera filiera agroalimentare a partire dall\u2019agricoltura dove si registrano infatti aumenti dei costi che vanno dal +170% dei concimi al +90% dei mangimi al +129% per il gasolio fino al +500% delle bollette per pompare l\u2019acqua per l\u2019irrigazione dei raccolti. Ma aumenti riguardano anche l\u2019alimentare con il vetro che costa oltre il 50% in pi\u00f9 rispetto allo scorso anno, il 15% il tetrapack, il 35% le etichette, il 45% il cartone, il 60% i barattoli di banda stagnata, fino ad arrivare al +70% per la plastica, secondo l\u2019analisi Coldiretti.<\/p>\n<p>\u201cOccorrono risposte immediate \u2013 sottolinea Coldiretti \u2013 quali il rilancio degli strumenti europei e nazionali che assicurino la sovranit\u00e0 alimentare, riducano la dipendenza dall\u2019estero e garantiscono un giusto prezzo degli alimenti per produttori e consumatori raddoppiando\u00a0 da 5 a 10 miliardi le risorse destinate all\u2019agroalimentare nel Piano nazionale di ripresa e resilienza e poi nell\u2019ambito\u00a0 del Pnrr i progetti di filiera presentati dalle imprese\u00a0 per investimenti dalla pasta alla carne, dal latte all\u2019olio, dalla frutta alla verdura che gi\u00e0 vede al livello nazionale 50 proposte e migliaia di agricoltori, allevatori, imprese di trasformazione, universit\u00e0 e centri di ricerca coinvolti.\u00a0 Questo serve a combattere la speculazione sui prezzi con una pi\u00f9 equa distribuzione del valore lungo la filiera per tutelare i consumatori ed il reddito degli agricoltori anche dalle pratiche sleali.<\/p>\n","protected":false},"excerpt":{"rendered":"<p>I rialzi dell\u2019inflazione pesano (eccome!!) sul carrello dei calabresi che nel 2022 hanno speso 60 milioni in pi\u00f9 per mettere in tavola pane e pasta, alimenti costanti nei pasti; anche&hellip;<\/p>\n","protected":false},"author":12,"featured_media":17125,"comment_status":"open","ping_status":"open","sticky":false,"template":"","format":"standard","meta":{"_jetpack_memberships_contains_paid_content":false,"footnotes":"","jetpack_publicize_message":"","jetpack_publicize_feature_enabled":true,"jetpack_social_post_already_shared":false,"jetpack_social_options":{"image_generator_settings":{"template":"highway","default_image_id":0,"font":"","enabled":false},"version":2}},"categories":[142,921,196],"tags":[8706,8705,557],"class_list":["post-17124","post","type-post","status-publish","format-standard","has-post-thumbnail","hentry","category-calabria","category-home","category-news","tag-aumento-costi-per-la-spesa-dei-calabresi","tag-aumento-prezzo-alimenti","tag-coldiretti-calabria"],"yoast_head":"<!-- This site is optimized with the Yoast SEO plugin v27.2 - https:\/\/yoast.com\/product\/yoast-seo-wordpress\/ -->\n<title>Coldiretti: caro spesa costa a calabresi oltre 200 milioni nel 2022<\/title>\n<meta name=\"description\" content=\"Coldiretti Calabria rende nota la maggiorazione di spesa dei calabresi di 30 milioni di euro per la pasta e 45 per la carne nel 2022\" \/>\n<meta name=\"robots\" content=\"index, follow, max-snippet:-1, max-image-preview:large, max-video-preview:-1\" \/>\n<link rel=\"canonical\" href=\"https:\/\/progettotouring.it\/radiotouring104\/2023\/01\/19\/coldiretti-caro-spesa-costa-a-calabresi-oltre-200-milioni-nel-2022\/\" \/>\n<meta property=\"og:locale\" content=\"it_IT\" \/>\n<meta property=\"og:type\" content=\"article\" \/>\n<meta property=\"og:title\" content=\"Coldiretti: caro spesa costa a calabresi oltre 200 milioni nel 2022\" \/>\n<meta property=\"og:description\" content=\"Coldiretti Calabria rende nota la maggiorazione di spesa dei calabresi di 30 milioni di euro per la pasta e 45 per la carne nel 2022\" \/>\n<meta property=\"og:url\" content=\"https:\/\/progettotouring.it\/radiotouring104\/2023\/01\/19\/coldiretti-caro-spesa-costa-a-calabresi-oltre-200-milioni-nel-2022\/\" \/>\n<meta property=\"og:site_name\" content=\"Radio Touring 104\" \/>\n<meta property=\"article:published_time\" content=\"2023-01-19T11:40:12+00:00\" \/>\n<meta property=\"article:modified_time\" content=\"2023-01-19T11:40:26+00:00\" \/>\n<meta property=\"og:image\" content=\"https:\/\/progettotouring.it\/radiotouring104\/wp-content\/uploads\/sites\/6\/2023\/01\/coldiretti-calabria.jpg\" \/>\n\t<meta property=\"og:image:width\" content=\"1400\" \/>\n\t<meta property=\"og:image:height\" content=\"1400\" \/>\n\t<meta property=\"og:image:type\" content=\"image\/jpeg\" \/>\n<meta name=\"author\" content=\"Sebastiano Plutino\" \/>\n<meta name=\"twitter:card\" content=\"summary_large_image\" \/>\n<meta name=\"twitter:label1\" content=\"Scritto da\" \/>\n\t<meta name=\"twitter:data1\" content=\"Sebastiano Plutino\" \/>\n\t<meta name=\"twitter:label2\" content=\"Tempo di lettura stimato\" \/>\n\t<meta name=\"twitter:data2\" content=\"3 minuti\" \/>\n<script type=\"application\/ld+json\" class=\"yoast-schema-graph\">{\"@context\":\"https:\/\/schema.org\",\"@graph\":[{\"@type\":\"Article\",\"@id\":\"https:\/\/progettotouring.it\/radiotouring104\/2023\/01\/19\/coldiretti-caro-spesa-costa-a-calabresi-oltre-200-milioni-nel-2022\/#article\",\"isPartOf\":{\"@id\":\"https:\/\/progettotouring.it\/radiotouring104\/2023\/01\/19\/coldiretti-caro-spesa-costa-a-calabresi-oltre-200-milioni-nel-2022\/\"},\"author\":{\"name\":\"Sebastiano Plutino\",\"@id\":\"https:\/\/progettotouring.it\/radiotouring104\/#\/schema\/person\/78613917f1851f041f7483f5af1d422e\"},\"headline\":\"Coldiretti: caro spesa costa a calabresi oltre 200 milioni nel 2022\",\"datePublished\":\"2023-01-19T11:40:12+00:00\",\"dateModified\":\"2023-01-19T11:40:26+00:00\",\"mainEntityOfPage\":{\"@id\":\"https:\/\/progettotouring.it\/radiotouring104\/2023\/01\/19\/coldiretti-caro-spesa-costa-a-calabresi-oltre-200-milioni-nel-2022\/\"},\"wordCount\":571,\"commentCount\":0,\"publisher\":{\"@id\":\"https:\/\/progettotouring.it\/radiotouring104\/#organization\"},\"image\":{\"@id\":\"https:\/\/progettotouring.it\/radiotouring104\/2023\/01\/19\/coldiretti-caro-spesa-costa-a-calabresi-oltre-200-milioni-nel-2022\/#primaryimage\"},\"thumbnailUrl\":\"https:\/\/progettotouring.it\/radiotouring104\/wp-content\/uploads\/sites\/6\/2023\/01\/coldiretti-calabria.jpg\",\"keywords\":[\"aumento costi per la spesa dei calabresi\",\"aumento prezzo alimenti\",\"Coldiretti Calabria\"],\"articleSection\":[\"Calabria\",\"Home\",\"News\"],\"inLanguage\":\"it-IT\",\"potentialAction\":[{\"@type\":\"CommentAction\",\"name\":\"Comment\",\"target\":[\"https:\/\/progettotouring.it\/radiotouring104\/2023\/01\/19\/coldiretti-caro-spesa-costa-a-calabresi-oltre-200-milioni-nel-2022\/#respond\"]}]},{\"@type\":\"WebPage\",\"@id\":\"https:\/\/progettotouring.it\/radiotouring104\/2023\/01\/19\/coldiretti-caro-spesa-costa-a-calabresi-oltre-200-milioni-nel-2022\/\",\"url\":\"https:\/\/progettotouring.it\/radiotouring104\/2023\/01\/19\/coldiretti-caro-spesa-costa-a-calabresi-oltre-200-milioni-nel-2022\/\",\"name\":\"Coldiretti: caro spesa costa a calabresi oltre 200 milioni nel 2022\",\"isPartOf\":{\"@id\":\"https:\/\/progettotouring.it\/radiotouring104\/#website\"},\"primaryImageOfPage\":{\"@id\":\"https:\/\/progettotouring.it\/radiotouring104\/2023\/01\/19\/coldiretti-caro-spesa-costa-a-calabresi-oltre-200-milioni-nel-2022\/#primaryimage\"},\"image\":{\"@id\":\"https:\/\/progettotouring.it\/radiotouring104\/2023\/01\/19\/coldiretti-caro-spesa-costa-a-calabresi-oltre-200-milioni-nel-2022\/#primaryimage\"},\"thumbnailUrl\":\"https:\/\/progettotouring.it\/radiotouring104\/wp-content\/uploads\/sites\/6\/2023\/01\/coldiretti-calabria.jpg\",\"datePublished\":\"2023-01-19T11:40:12+00:00\",\"dateModified\":\"2023-01-19T11:40:26+00:00\",\"description\":\"Coldiretti Calabria rende nota la maggiorazione di spesa dei calabresi di 30 milioni di euro per la pasta e 45 per la carne nel 2022\",\"breadcrumb\":{\"@id\":\"https:\/\/progettotouring.it\/radiotouring104\/2023\/01\/19\/coldiretti-caro-spesa-costa-a-calabresi-oltre-200-milioni-nel-2022\/#breadcrumb\"},\"inLanguage\":\"it-IT\",\"potentialAction\":[{\"@type\":\"ReadAction\",\"target\":[\"https:\/\/progettotouring.it\/radiotouring104\/2023\/01\/19\/coldiretti-caro-spesa-costa-a-calabresi-oltre-200-milioni-nel-2022\/\"]}]},{\"@type\":\"ImageObject\",\"inLanguage\":\"it-IT\",\"@id\":\"https:\/\/progettotouring.it\/radiotouring104\/2023\/01\/19\/coldiretti-caro-spesa-costa-a-calabresi-oltre-200-milioni-nel-2022\/#primaryimage\",\"url\":\"https:\/\/progettotouring.it\/radiotouring104\/wp-content\/uploads\/sites\/6\/2023\/01\/coldiretti-calabria.jpg\",\"contentUrl\":\"https:\/\/progettotouring.it\/radiotouring104\/wp-content\/uploads\/sites\/6\/2023\/01\/coldiretti-calabria.jpg\",\"width\":1400,\"height\":1400},{\"@type\":\"BreadcrumbList\",\"@id\":\"https:\/\/progettotouring.it\/radiotouring104\/2023\/01\/19\/coldiretti-caro-spesa-costa-a-calabresi-oltre-200-milioni-nel-2022\/#breadcrumb\",\"itemListElement\":[{\"@type\":\"ListItem\",\"position\":1,\"name\":\"Home\",\"item\":\"https:\/\/progettotouring.it\/radiotouring104\/\"},{\"@type\":\"ListItem\",\"position\":2,\"name\":\"Coldiretti: caro spesa costa a calabresi oltre 200 milioni nel 2022\"}]},{\"@type\":\"WebSite\",\"@id\":\"https:\/\/progettotouring.it\/radiotouring104\/#website\",\"url\":\"https:\/\/progettotouring.it\/radiotouring104\/\",\"name\":\"Radio Touring 104\",\"description\":\"La prima radio Reggina\",\"publisher\":{\"@id\":\"https:\/\/progettotouring.it\/radiotouring104\/#organization\"},\"potentialAction\":[{\"@type\":\"SearchAction\",\"target\":{\"@type\":\"EntryPoint\",\"urlTemplate\":\"https:\/\/progettotouring.it\/radiotouring104\/?s={search_term_string}\"},\"query-input\":{\"@type\":\"PropertyValueSpecification\",\"valueRequired\":true,\"valueName\":\"search_term_string\"}}],\"inLanguage\":\"it-IT\"},{\"@type\":\"Organization\",\"@id\":\"https:\/\/progettotouring.it\/radiotouring104\/#organization\",\"name\":\"Radio Touring 104\",\"url\":\"https:\/\/progettotouring.it\/radiotouring104\/\",\"logo\":{\"@type\":\"ImageObject\",\"inLanguage\":\"it-IT\",\"@id\":\"https:\/\/progettotouring.it\/radiotouring104\/#\/schema\/logo\/image\/\",\"url\":\"https:\/\/progettotouring.it\/radiotouring104\/wp-content\/uploads\/sites\/6\/2022\/02\/cropped-logo-radio-touring-104.png\",\"contentUrl\":\"https:\/\/progettotouring.it\/radiotouring104\/wp-content\/uploads\/sites\/6\/2022\/02\/cropped-logo-radio-touring-104.png\",\"width\":377,\"height\":182,\"caption\":\"Radio Touring 104\"},\"image\":{\"@id\":\"https:\/\/progettotouring.it\/radiotouring104\/#\/schema\/logo\/image\/\"}},{\"@type\":\"Person\",\"@id\":\"https:\/\/progettotouring.it\/radiotouring104\/#\/schema\/person\/78613917f1851f041f7483f5af1d422e\",\"name\":\"Sebastiano Plutino\",\"image\":{\"@type\":\"ImageObject\",\"inLanguage\":\"it-IT\",\"@id\":\"https:\/\/secure.gravatar.com\/avatar\/0546ffaa9b79224faf9f2a156b67a529ae861d3287c66c1d8ccfdf909bcba78d?s=96&d=mm&r=g\",\"url\":\"https:\/\/secure.gravatar.com\/avatar\/0546ffaa9b79224faf9f2a156b67a529ae861d3287c66c1d8ccfdf909bcba78d?s=96&d=mm&r=g\",\"contentUrl\":\"https:\/\/secure.gravatar.com\/avatar\/0546ffaa9b79224faf9f2a156b67a529ae861d3287c66c1d8ccfdf909bcba78d?s=96&d=mm&r=g\",\"caption\":\"Sebastiano Plutino\"},\"url\":\"https:\/\/progettotouring.it\/radiotouring104\/author\/sebastiano\/\"}]}<\/script>\n<!-- \/ Yoast SEO plugin. -->","yoast_head_json":{"title":"Coldiretti: caro spesa costa a calabresi oltre 200 milioni nel 2022","description":"Coldiretti Calabria rende nota la maggiorazione di spesa dei calabresi di 30 milioni di euro per la pasta e 45 per la carne nel 2022","robots":{"index":"index","follow":"follow","max-snippet":"max-snippet:-1","max-image-preview":"max-image-preview:large","max-video-preview":"max-video-preview:-1"},"canonical":"https:\/\/progettotouring.it\/radiotouring104\/2023\/01\/19\/coldiretti-caro-spesa-costa-a-calabresi-oltre-200-milioni-nel-2022\/","og_locale":"it_IT","og_type":"article","og_title":"Coldiretti: caro spesa costa a calabresi oltre 200 milioni nel 2022","og_description":"Coldiretti Calabria rende nota la maggiorazione di spesa dei calabresi di 30 milioni di euro per la pasta e 45 per la carne nel 2022","og_url":"https:\/\/progettotouring.it\/radiotouring104\/2023\/01\/19\/coldiretti-caro-spesa-costa-a-calabresi-oltre-200-milioni-nel-2022\/","og_site_name":"Radio Touring 104","article_published_time":"2023-01-19T11:40:12+00:00","article_modified_time":"2023-01-19T11:40:26+00:00","og_image":[{"width":1400,"height":1400,"url":"https:\/\/progettotouring.it\/radiotouring104\/wp-content\/uploads\/sites\/6\/2023\/01\/coldiretti-calabria.jpg","type":"image\/jpeg"}],"author":"Sebastiano Plutino","twitter_card":"summary_large_image","twitter_misc":{"Scritto da":"Sebastiano Plutino","Tempo di lettura stimato":"3 minuti"},"schema":{"@context":"https:\/\/schema.org","@graph":[{"@type":"Article","@id":"https:\/\/progettotouring.it\/radiotouring104\/2023\/01\/19\/coldiretti-caro-spesa-costa-a-calabresi-oltre-200-milioni-nel-2022\/#article","isPartOf":{"@id":"https:\/\/progettotouring.it\/radiotouring104\/2023\/01\/19\/coldiretti-caro-spesa-costa-a-calabresi-oltre-200-milioni-nel-2022\/"},"author":{"name":"Sebastiano Plutino","@id":"https:\/\/progettotouring.it\/radiotouring104\/#\/schema\/person\/78613917f1851f041f7483f5af1d422e"},"headline":"Coldiretti: caro spesa costa a calabresi oltre 200 milioni nel 2022","datePublished":"2023-01-19T11:40:12+00:00","dateModified":"2023-01-19T11:40:26+00:00","mainEntityOfPage":{"@id":"https:\/\/progettotouring.it\/radiotouring104\/2023\/01\/19\/coldiretti-caro-spesa-costa-a-calabresi-oltre-200-milioni-nel-2022\/"},"wordCount":571,"commentCount":0,"publisher":{"@id":"https:\/\/progettotouring.it\/radiotouring104\/#organization"},"image":{"@id":"https:\/\/progettotouring.it\/radiotouring104\/2023\/01\/19\/coldiretti-caro-spesa-costa-a-calabresi-oltre-200-milioni-nel-2022\/#primaryimage"},"thumbnailUrl":"https:\/\/progettotouring.it\/radiotouring104\/wp-content\/uploads\/sites\/6\/2023\/01\/coldiretti-calabria.jpg","keywords":["aumento costi per la spesa dei calabresi","aumento prezzo alimenti","Coldiretti Calabria"],"articleSection":["Calabria","Home","News"],"inLanguage":"it-IT","potentialAction":[{"@type":"CommentAction","name":"Comment","target":["https:\/\/progettotouring.it\/radiotouring104\/2023\/01\/19\/coldiretti-caro-spesa-costa-a-calabresi-oltre-200-milioni-nel-2022\/#respond"]}]},{"@type":"WebPage","@id":"https:\/\/progettotouring.it\/radiotouring104\/2023\/01\/19\/coldiretti-caro-spesa-costa-a-calabresi-oltre-200-milioni-nel-2022\/","url":"https:\/\/progettotouring.it\/radiotouring104\/2023\/01\/19\/coldiretti-caro-spesa-costa-a-calabresi-oltre-200-milioni-nel-2022\/","name":"Coldiretti: caro spesa costa a calabresi oltre 200 milioni nel 2022","isPartOf":{"@id":"https:\/\/progettotouring.it\/radiotouring104\/#website"},"primaryImageOfPage":{"@id":"https:\/\/progettotouring.it\/radiotouring104\/2023\/01\/19\/coldiretti-caro-spesa-costa-a-calabresi-oltre-200-milioni-nel-2022\/#primaryimage"},"image":{"@id":"https:\/\/progettotouring.it\/radiotouring104\/2023\/01\/19\/coldiretti-caro-spesa-costa-a-calabresi-oltre-200-milioni-nel-2022\/#primaryimage"},"thumbnailUrl":"https:\/\/progettotouring.it\/radiotouring104\/wp-content\/uploads\/sites\/6\/2023\/01\/coldiretti-calabria.jpg","datePublished":"2023-01-19T11:40:12+00:00","dateModified":"2023-01-19T11:40:26+00:00","description":"Coldiretti Calabria rende nota la maggiorazione di spesa dei calabresi di 30 milioni di euro per la pasta e 45 per la carne nel 2022","breadcrumb":{"@id":"https:\/\/progettotouring.it\/radiotouring104\/2023\/01\/19\/coldiretti-caro-spesa-costa-a-calabresi-oltre-200-milioni-nel-2022\/#breadcrumb"},"inLanguage":"it-IT","potentialAction":[{"@type":"ReadAction","target":["https:\/\/progettotouring.it\/radiotouring104\/2023\/01\/19\/coldiretti-caro-spesa-costa-a-calabresi-oltre-200-milioni-nel-2022\/"]}]},{"@type":"ImageObject","inLanguage":"it-IT","@id":"https:\/\/progettotouring.it\/radiotouring104\/2023\/01\/19\/coldiretti-caro-spesa-costa-a-calabresi-oltre-200-milioni-nel-2022\/#primaryimage","url":"https:\/\/progettotouring.it\/radiotouring104\/wp-content\/uploads\/sites\/6\/2023\/01\/coldiretti-calabria.jpg","contentUrl":"https:\/\/progettotouring.it\/radiotouring104\/wp-content\/uploads\/sites\/6\/2023\/01\/coldiretti-calabria.jpg","width":1400,"height":1400},{"@type":"BreadcrumbList","@id":"https:\/\/progettotouring.it\/radiotouring104\/2023\/01\/19\/coldiretti-caro-spesa-costa-a-calabresi-oltre-200-milioni-nel-2022\/#breadcrumb","itemListElement":[{"@type":"ListItem","position":1,"name":"Home","item":"https:\/\/progettotouring.it\/radiotouring104\/"},{"@type":"ListItem","position":2,"name":"Coldiretti: caro spesa costa a calabresi oltre 200 milioni nel 2022"}]},{"@type":"WebSite","@id":"https:\/\/progettotouring.it\/radiotouring104\/#website","url":"https:\/\/progettotouring.it\/radiotouring104\/","name":"Radio Touring 104","description":"La prima radio Reggina","publisher":{"@id":"https:\/\/progettotouring.it\/radiotouring104\/#organization"},"potentialAction":[{"@type":"SearchAction","target":{"@type":"EntryPoint","urlTemplate":"https:\/\/progettotouring.it\/radiotouring104\/?s={search_term_string}"},"query-input":{"@type":"PropertyValueSpecification","valueRequired":true,"valueName":"search_term_string"}}],"inLanguage":"it-IT"},{"@type":"Organization","@id":"https:\/\/progettotouring.it\/radiotouring104\/#organization","name":"Radio Touring 104","url":"https:\/\/progettotouring.it\/radiotouring104\/","logo":{"@type":"ImageObject","inLanguage":"it-IT","@id":"https:\/\/progettotouring.it\/radiotouring104\/#\/schema\/logo\/image\/","url":"https:\/\/progettotouring.it\/radiotouring104\/wp-content\/uploads\/sites\/6\/2022\/02\/cropped-logo-radio-touring-104.png","contentUrl":"https:\/\/progettotouring.it\/radiotouring104\/wp-content\/uploads\/sites\/6\/2022\/02\/cropped-logo-radio-touring-104.png","width":377,"height":182,"caption":"Radio Touring 104"},"image":{"@id":"https:\/\/progettotouring.it\/radiotouring104\/#\/schema\/logo\/image\/"}},{"@type":"Person","@id":"https:\/\/progettotouring.it\/radiotouring104\/#\/schema\/person\/78613917f1851f041f7483f5af1d422e","name":"Sebastiano Plutino","image":{"@type":"ImageObject","inLanguage":"it-IT","@id":"https:\/\/secure.gravatar.com\/avatar\/0546ffaa9b79224faf9f2a156b67a529ae861d3287c66c1d8ccfdf909bcba78d?s=96&d=mm&r=g","url":"https:\/\/secure.gravatar.com\/avatar\/0546ffaa9b79224faf9f2a156b67a529ae861d3287c66c1d8ccfdf909bcba78d?s=96&d=mm&r=g","contentUrl":"https:\/\/secure.gravatar.com\/avatar\/0546ffaa9b79224faf9f2a156b67a529ae861d3287c66c1d8ccfdf909bcba78d?s=96&d=mm&r=g","caption":"Sebastiano Plutino"},"url":"https:\/\/progettotouring.it\/radiotouring104\/author\/sebastiano\/"}]}},"jetpack_publicize_connections":[],"jetpack_featured_media_url":"https:\/\/progettotouring.it\/radiotouring104\/wp-content\/uploads\/sites\/6\/2023\/01\/coldiretti-calabria.jpg","jetpack_sharing_enabled":true,"_links":{"self":[{"href":"https:\/\/progettotouring.it\/radiotouring104\/wp-json\/wp\/v2\/posts\/17124","targetHints":{"allow":["GET"]}}],"collection":[{"href":"https:\/\/progettotouring.it\/radiotouring104\/wp-json\/wp\/v2\/posts"}],"about":[{"href":"https:\/\/progettotouring.it\/radiotouring104\/wp-json\/wp\/v2\/types\/post"}],"author":[{"embeddable":true,"href":"https:\/\/progettotouring.it\/radiotouring104\/wp-json\/wp\/v2\/users\/12"}],"replies":[{"embeddable":true,"href":"https:\/\/progettotouring.it\/radiotouring104\/wp-json\/wp\/v2\/comments?post=17124"}],"version-history":[{"count":1,"href":"https:\/\/progettotouring.it\/radiotouring104\/wp-json\/wp\/v2\/posts\/17124\/revisions"}],"predecessor-version":[{"id":17126,"href":"https:\/\/progettotouring.it\/radiotouring104\/wp-json\/wp\/v2\/posts\/17124\/revisions\/17126"}],"wp:featuredmedia":[{"embeddable":true,"href":"https:\/\/progettotouring.it\/radiotouring104\/wp-json\/wp\/v2\/media\/17125"}],"wp:attachment":[{"href":"https:\/\/progettotouring.it\/radiotouring104\/wp-json\/wp\/v2\/media?parent=17124"}],"wp:term":[{"taxonomy":"category","embeddable":true,"href":"https:\/\/progettotouring.it\/radiotouring104\/wp-json\/wp\/v2\/categories?post=17124"},{"taxonomy":"post_tag","embeddable":true,"href":"https:\/\/progettotouring.it\/radiotouring104\/wp-json\/wp\/v2\/tags?post=17124"}],"curies":[{"name":"wp","href":"https:\/\/api.w.org\/{rel}","templated":true}]}}