{"id":17127,"date":"2023-01-19T12:48:04","date_gmt":"2023-01-19T11:48:04","guid":{"rendered":"https:\/\/progettotouring.it\/radiotouring104\/?p=17127"},"modified":"2023-01-19T12:48:04","modified_gmt":"2023-01-19T11:48:04","slug":"de-magistris-laghi-e-lo-schiavo-contro-lautonomia-differenziata","status":"publish","type":"post","link":"https:\/\/progettotouring.it\/radiotouring104\/2023\/01\/19\/de-magistris-laghi-e-lo-schiavo-contro-lautonomia-differenziata\/","title":{"rendered":"De Magistris, Laghi e Lo Schiavo contro l&#8217;Autonomia Differenziata"},"content":{"rendered":"<p class=\"xmprfx_gmail-MsoNoSpacing\">Un tema, ha spiegato\u00a0<b>Antonio Lo Schiavo<\/b>\u00a0in apertura, che \u00abrappresenta la battaglia politica campale dell\u2019attuale consiliatura regionale. L\u2019autonomia differenziata significherebbe cristallizzare le disparit\u00e0 che oggi esistono nel Paese. Questo disegno, non a caso, nasce dalle Regioni del Nord che chiedono di avere pi\u00f9 potere rispetto ad alcune materie oggi demandate alla gestione dello Stato. Il rischio \u00e8 che, oltre alla possibilit\u00e0 di trattenere maggiori residui fiscali nelle regioni che producono di pi\u00f9, si vada contro i principi di solidariet\u00e0 e unit\u00e0 nazionale. Con il criterio della spesa storica, poi, si renderebbero legittime le disparit\u00e0 tra regione e regione. Mentre ancora siamo in attesa che vengano definiti i Lep si parla di una riforma che d\u00e0 pi\u00f9 autonomia alle Regioni senza per\u00f2 garantire omogeneit\u00e0 di diritti su tutto il territorio nazionale. Siamo al paradosso, cos\u00ec come \u00e8 paradossale che una riforma di tale portata non passi dal Parlamento ma da un\u2019intesa tra Stato e Regioni. C\u2019\u00e8 quindi un vulnus di metodo e un problema di merito sull\u2019opportunit\u00e0 che alcune funzioni siano sottratte allo Stato per essere gestite dalle Regioni, come nel caso della sanit\u00e0. Questo \u00e8 un tema che riguarda la vita delle persone perch\u00e9 si ripercuote sui servizi, sugli asili nido, sulle scuole, sull\u2019energia, sui beni comuni. La partita \u00e8 sia tecnica che politica e abbiamo la necessit\u00e0 che le Regioni meridionali facciano fronte comune in una battaglia che non deve avere colori politici. Mi auguro che il presidente Occhiuto non rompa il fronte delle Regioni meridionali e sia il presidente di tutti i calabresi, al di l\u00e0 della sua appartenenza politica. L\u2019autonomia differenziata sarebbe una iattura per le regioni del Sud. Rappresenterebbe la cristallizzazione della Questione meridionale che non potrebbe pi\u00f9 essere corretta. Con de Magistris &#8211; ha concluso Lo Schiavo &#8211; ci ritroviamo su una battaglia comune rispetto alla quale, al di l\u00e0 delle collocazioni, avevamo assunto precisi impegni gi\u00e0 in campagna elettorale\u00bb.<\/p>\n<p class=\"xmprfx_gmail-MsoNoSpacing\">\n<p class=\"xmprfx_gmail-MsoNoSpacing\"><b>Ferdinando Laghi<\/b>\u00a0ha posto l\u2019accento sulle ripercussioni che la riforma avrebbe in ambito sanitario e ambientale. \u00abNon \u00e8 opportunit\u00e0 e non \u00e8 un rischio, ma \u00e8 la certezza di un danno anche per la salute di calabresi e meridionali. I lavoratori della sanit\u00e0, ad esempio, gi\u00e0 adesso soggetti a sperequazione nella parte variabile del contratto legata alle prestazioni (che funziona al Nord ma non al Sud), vedrebbero questa sperequazione ulteriormente accentuata perch\u00e9 il Nord avrebbe maggiori risorse economiche da poter investire a favore del personale sanitario. Risorse nemmeno paragonabili a quelle che sarebbero destinate al Sud. Ci\u00f2 comporterebbe un\u2019ulteriore desertificazione dei servizi sanitari nelle regioni del Sud, i cui medici sarebbero pi\u00f9 incentivati ad andare a lavorare al Nord. L\u2019idea, poi, che i Lep debbano viaggiare con il regionalismo differenziato \u00e8 una sciocchezza inaudita. I Lep sono un obbligo costituzionale e devono essere realizzati a prescindere dall\u2019autonomia differenziata. Le due cose vanno scisse partendo dallo spirito della Carta costituzionale. Diversamente sarebbe una diseguaglianza inaccettabile che va contro la Costituzione e il diritto alla salute di ciascuno di noi. \u00c8 una battaglia dura &#8211; ha concluso Ferdinando Laghi &#8211; perch\u00e9 su questo fronte si decider\u00e0 il livello di qualit\u00e0 della vita dei cittadini italiani e il senso di appartenenza di una Nazione. Qui si tratta di fare le cose seriamente e chi si dice contro questo disegno deve dar seguito alle parole con fatti concreti\u00bb.<\/p>\n<p class=\"xmprfx_gmail-MsoNoSpacing\">\n<p class=\"xmprfx_gmail-MsoNoSpacing\">Da\u00a0<b>Luigi de Magistris<\/b>\u00a0l\u2019analisi sugli scenari che la riforma del regionalismo differenziato potrebbe determinare. \u00abSi darebbe molto potere, legislativo, istituzionale ed economico, alle Regioni &#8211; ha evidenziato -, ma dare un fiume di denaro in luoghi dove c\u2019\u00e8 il verticalismo della politica, significherebbe dare risorse negli stessi luoghi in cui si \u00e8 storicamente verificata la cementificazione di interessi tra pezzi di politica, criminalit\u00e0 organizzata e burocrazia. Si dimentica poi che i criteri sono quelli della \u201cspesa storica\u201d, algoritmi dei laboratori politici che guardano a Nord, per i quali le Regioni pi\u00f9 ricche riceverebbero maggiori risorse e quelle pi\u00f9 povere continuerebbero ad impoverirsi. Ma il disegno Calderoli \u00e8 davvero ai limiti dell\u2019eversione che spaccherebbe il Paese completamente sovvertendo definitivamente l\u2019architrave della nostra Costituzione incidendo in materie sulle quali, anzi, bisognerebbe ritrovare l\u2019unit\u00e0 nazionale. Si fortificherebbero, quindi, ancor di pi\u00f9 le disparit\u00e0 e la desertificazione dei territori pi\u00f9 deboli. Il regionalismo differenziato \u00e8 il peggio che la politica possa proporre ed \u00e8 assolutamente dannoso. Questo disegno eversivo sarebbe il punto di non ritorno verso la possibilit\u00e0 di costruire un Paese coeso. C\u2019\u00e8, infine &#8211; ha aggiunto de Magistris -, un aspetto particolarmente preoccupante che riguarda i nostri talenti, di cui il Nord ha bisogno, e che teorizza che si debbano consolidare le migrazioni dei giovani del Sud verso il Nord. \u00c8 un disegno neocoloniale che depaupera il Sud dalle risorse umane giovanili e vede il Mezzogiorno come un patrimonio da sfruttare: non a caso vorrebbero trasformarlo in un hub energetico dandoci in cambio le briciole. Il Sud &#8211; ha concluso l\u2019ex sindaco di Napoli &#8211; deve essere consapevole di questo disegno ma anche della sua capacit\u00e0 di autodeterminarsi per difendere e valorizzare le proprie terre\u00bb.<\/p>\n","protected":false},"excerpt":{"rendered":"<p>Un tema, ha spiegato\u00a0Antonio Lo Schiavo\u00a0in apertura, che \u00abrappresenta la battaglia politica campale dell\u2019attuale consiliatura regionale. L\u2019autonomia differenziata significherebbe cristallizzare le disparit\u00e0 che oggi esistono nel Paese. Questo disegno, non&hellip;<\/p>\n","protected":false},"author":12,"featured_media":17128,"comment_status":"open","ping_status":"open","sticky":false,"template":"","format":"standard","meta":{"_jetpack_memberships_contains_paid_content":false,"footnotes":"","jetpack_publicize_message":"","jetpack_publicize_feature_enabled":true,"jetpack_social_post_already_shared":false,"jetpack_social_options":{"image_generator_settings":{"template":"highway","default_image_id":0,"font":"","enabled":false},"version":2}},"categories":[142,921,196],"tags":[1816,6518,8707,5913,1705,2932],"class_list":["post-17127","post","type-post","status-publish","format-standard","has-post-thumbnail","hentry","category-calabria","category-home","category-news","tag-antonio-lo-schiavo","tag-autonomia-differenziata","tag-conferenza-stampa-congiunta","tag-ferdinando-laghi","tag-lamezia-terme","tag-luigi-de-magistris"],"yoast_head":"<!-- This site is optimized with the Yoast SEO plugin v27.2 - https:\/\/yoast.com\/product\/yoast-seo-wordpress\/ -->\n<title>De Magistris, Laghi e Lo Schiavo contro l&#039;Autonomia Differenziata<\/title>\n<meta name=\"description\" content=\"Conferenza stampa congiunta, questa mattina a Lamezia, Al centro dell\u2019iniziativa le ragioni del \u201cNo\u201d all\u2019autonomia regionale differenziata.\" \/>\n<meta name=\"robots\" content=\"index, follow, max-snippet:-1, max-image-preview:large, max-video-preview:-1\" \/>\n<link rel=\"canonical\" href=\"https:\/\/progettotouring.it\/radiotouring104\/2023\/01\/19\/de-magistris-laghi-e-lo-schiavo-contro-lautonomia-differenziata\/\" \/>\n<meta property=\"og:locale\" content=\"it_IT\" \/>\n<meta property=\"og:type\" content=\"article\" \/>\n<meta property=\"og:title\" content=\"De Magistris, Laghi e Lo Schiavo contro l&#039;Autonomia Differenziata\" \/>\n<meta property=\"og:description\" content=\"Conferenza stampa congiunta, questa mattina a Lamezia, Al centro dell\u2019iniziativa le ragioni del \u201cNo\u201d all\u2019autonomia regionale differenziata.\" \/>\n<meta property=\"og:url\" content=\"https:\/\/progettotouring.it\/radiotouring104\/2023\/01\/19\/de-magistris-laghi-e-lo-schiavo-contro-lautonomia-differenziata\/\" \/>\n<meta property=\"og:site_name\" content=\"Radio Touring 104\" \/>\n<meta property=\"article:published_time\" content=\"2023-01-19T11:48:04+00:00\" \/>\n<meta property=\"og:image\" content=\"https:\/\/progettotouring.it\/radiotouring104\/wp-content\/uploads\/sites\/6\/2023\/01\/Conferenza-stampa-autonomia-differenziata-de-magistris-laghi-e-lo-schiavo.jpg\" \/>\n\t<meta property=\"og:image:width\" content=\"1600\" \/>\n\t<meta property=\"og:image:height\" content=\"900\" \/>\n\t<meta property=\"og:image:type\" content=\"image\/jpeg\" \/>\n<meta name=\"author\" content=\"Sebastiano Plutino\" \/>\n<meta name=\"twitter:card\" content=\"summary_large_image\" \/>\n<meta name=\"twitter:label1\" content=\"Scritto da\" \/>\n\t<meta name=\"twitter:data1\" content=\"Sebastiano Plutino\" \/>\n\t<meta name=\"twitter:label2\" content=\"Tempo di lettura stimato\" \/>\n\t<meta name=\"twitter:data2\" content=\"4 minuti\" \/>\n<script type=\"application\/ld+json\" class=\"yoast-schema-graph\">{\"@context\":\"https:\/\/schema.org\",\"@graph\":[{\"@type\":\"Article\",\"@id\":\"https:\/\/progettotouring.it\/radiotouring104\/2023\/01\/19\/de-magistris-laghi-e-lo-schiavo-contro-lautonomia-differenziata\/#article\",\"isPartOf\":{\"@id\":\"https:\/\/progettotouring.it\/radiotouring104\/2023\/01\/19\/de-magistris-laghi-e-lo-schiavo-contro-lautonomia-differenziata\/\"},\"author\":{\"name\":\"Sebastiano Plutino\",\"@id\":\"https:\/\/progettotouring.it\/radiotouring104\/#\/schema\/person\/78613917f1851f041f7483f5af1d422e\"},\"headline\":\"De Magistris, Laghi e Lo Schiavo contro l&#8217;Autonomia Differenziata\",\"datePublished\":\"2023-01-19T11:48:04+00:00\",\"mainEntityOfPage\":{\"@id\":\"https:\/\/progettotouring.it\/radiotouring104\/2023\/01\/19\/de-magistris-laghi-e-lo-schiavo-contro-lautonomia-differenziata\/\"},\"wordCount\":844,\"commentCount\":0,\"publisher\":{\"@id\":\"https:\/\/progettotouring.it\/radiotouring104\/#organization\"},\"image\":{\"@id\":\"https:\/\/progettotouring.it\/radiotouring104\/2023\/01\/19\/de-magistris-laghi-e-lo-schiavo-contro-lautonomia-differenziata\/#primaryimage\"},\"thumbnailUrl\":\"https:\/\/progettotouring.it\/radiotouring104\/wp-content\/uploads\/sites\/6\/2023\/01\/Conferenza-stampa-autonomia-differenziata-de-magistris-laghi-e-lo-schiavo.jpg\",\"keywords\":[\"antonio lo schiavo\",\"autonomia differenziata\",\"conferenza stampa congiunta\",\"Ferdinando Laghi\",\"Lamezia Terme\",\"luigi de magistris\"],\"articleSection\":[\"Calabria\",\"Home\",\"News\"],\"inLanguage\":\"it-IT\",\"potentialAction\":[{\"@type\":\"CommentAction\",\"name\":\"Comment\",\"target\":[\"https:\/\/progettotouring.it\/radiotouring104\/2023\/01\/19\/de-magistris-laghi-e-lo-schiavo-contro-lautonomia-differenziata\/#respond\"]}]},{\"@type\":\"WebPage\",\"@id\":\"https:\/\/progettotouring.it\/radiotouring104\/2023\/01\/19\/de-magistris-laghi-e-lo-schiavo-contro-lautonomia-differenziata\/\",\"url\":\"https:\/\/progettotouring.it\/radiotouring104\/2023\/01\/19\/de-magistris-laghi-e-lo-schiavo-contro-lautonomia-differenziata\/\",\"name\":\"De Magistris, Laghi e Lo Schiavo contro l'Autonomia Differenziata\",\"isPartOf\":{\"@id\":\"https:\/\/progettotouring.it\/radiotouring104\/#website\"},\"primaryImageOfPage\":{\"@id\":\"https:\/\/progettotouring.it\/radiotouring104\/2023\/01\/19\/de-magistris-laghi-e-lo-schiavo-contro-lautonomia-differenziata\/#primaryimage\"},\"image\":{\"@id\":\"https:\/\/progettotouring.it\/radiotouring104\/2023\/01\/19\/de-magistris-laghi-e-lo-schiavo-contro-lautonomia-differenziata\/#primaryimage\"},\"thumbnailUrl\":\"https:\/\/progettotouring.it\/radiotouring104\/wp-content\/uploads\/sites\/6\/2023\/01\/Conferenza-stampa-autonomia-differenziata-de-magistris-laghi-e-lo-schiavo.jpg\",\"datePublished\":\"2023-01-19T11:48:04+00:00\",\"description\":\"Conferenza stampa congiunta, questa mattina a Lamezia, Al centro dell\u2019iniziativa le ragioni del \u201cNo\u201d all\u2019autonomia regionale differenziata.\",\"breadcrumb\":{\"@id\":\"https:\/\/progettotouring.it\/radiotouring104\/2023\/01\/19\/de-magistris-laghi-e-lo-schiavo-contro-lautonomia-differenziata\/#breadcrumb\"},\"inLanguage\":\"it-IT\",\"potentialAction\":[{\"@type\":\"ReadAction\",\"target\":[\"https:\/\/progettotouring.it\/radiotouring104\/2023\/01\/19\/de-magistris-laghi-e-lo-schiavo-contro-lautonomia-differenziata\/\"]}]},{\"@type\":\"ImageObject\",\"inLanguage\":\"it-IT\",\"@id\":\"https:\/\/progettotouring.it\/radiotouring104\/2023\/01\/19\/de-magistris-laghi-e-lo-schiavo-contro-lautonomia-differenziata\/#primaryimage\",\"url\":\"https:\/\/progettotouring.it\/radiotouring104\/wp-content\/uploads\/sites\/6\/2023\/01\/Conferenza-stampa-autonomia-differenziata-de-magistris-laghi-e-lo-schiavo.jpg\",\"contentUrl\":\"https:\/\/progettotouring.it\/radiotouring104\/wp-content\/uploads\/sites\/6\/2023\/01\/Conferenza-stampa-autonomia-differenziata-de-magistris-laghi-e-lo-schiavo.jpg\",\"width\":1600,\"height\":900},{\"@type\":\"BreadcrumbList\",\"@id\":\"https:\/\/progettotouring.it\/radiotouring104\/2023\/01\/19\/de-magistris-laghi-e-lo-schiavo-contro-lautonomia-differenziata\/#breadcrumb\",\"itemListElement\":[{\"@type\":\"ListItem\",\"position\":1,\"name\":\"Home\",\"item\":\"https:\/\/progettotouring.it\/radiotouring104\/\"},{\"@type\":\"ListItem\",\"position\":2,\"name\":\"De Magistris, Laghi e Lo Schiavo contro l&#8217;Autonomia Differenziata\"}]},{\"@type\":\"WebSite\",\"@id\":\"https:\/\/progettotouring.it\/radiotouring104\/#website\",\"url\":\"https:\/\/progettotouring.it\/radiotouring104\/\",\"name\":\"Radio Touring 104\",\"description\":\"La prima radio Reggina\",\"publisher\":{\"@id\":\"https:\/\/progettotouring.it\/radiotouring104\/#organization\"},\"potentialAction\":[{\"@type\":\"SearchAction\",\"target\":{\"@type\":\"EntryPoint\",\"urlTemplate\":\"https:\/\/progettotouring.it\/radiotouring104\/?s={search_term_string}\"},\"query-input\":{\"@type\":\"PropertyValueSpecification\",\"valueRequired\":true,\"valueName\":\"search_term_string\"}}],\"inLanguage\":\"it-IT\"},{\"@type\":\"Organization\",\"@id\":\"https:\/\/progettotouring.it\/radiotouring104\/#organization\",\"name\":\"Radio Touring 104\",\"url\":\"https:\/\/progettotouring.it\/radiotouring104\/\",\"logo\":{\"@type\":\"ImageObject\",\"inLanguage\":\"it-IT\",\"@id\":\"https:\/\/progettotouring.it\/radiotouring104\/#\/schema\/logo\/image\/\",\"url\":\"https:\/\/progettotouring.it\/radiotouring104\/wp-content\/uploads\/sites\/6\/2022\/02\/cropped-logo-radio-touring-104.png\",\"contentUrl\":\"https:\/\/progettotouring.it\/radiotouring104\/wp-content\/uploads\/sites\/6\/2022\/02\/cropped-logo-radio-touring-104.png\",\"width\":377,\"height\":182,\"caption\":\"Radio Touring 104\"},\"image\":{\"@id\":\"https:\/\/progettotouring.it\/radiotouring104\/#\/schema\/logo\/image\/\"}},{\"@type\":\"Person\",\"@id\":\"https:\/\/progettotouring.it\/radiotouring104\/#\/schema\/person\/78613917f1851f041f7483f5af1d422e\",\"name\":\"Sebastiano Plutino\",\"image\":{\"@type\":\"ImageObject\",\"inLanguage\":\"it-IT\",\"@id\":\"https:\/\/secure.gravatar.com\/avatar\/0546ffaa9b79224faf9f2a156b67a529ae861d3287c66c1d8ccfdf909bcba78d?s=96&d=mm&r=g\",\"url\":\"https:\/\/secure.gravatar.com\/avatar\/0546ffaa9b79224faf9f2a156b67a529ae861d3287c66c1d8ccfdf909bcba78d?s=96&d=mm&r=g\",\"contentUrl\":\"https:\/\/secure.gravatar.com\/avatar\/0546ffaa9b79224faf9f2a156b67a529ae861d3287c66c1d8ccfdf909bcba78d?s=96&d=mm&r=g\",\"caption\":\"Sebastiano Plutino\"},\"url\":\"https:\/\/progettotouring.it\/radiotouring104\/author\/sebastiano\/\"}]}<\/script>\n<!-- \/ Yoast SEO plugin. -->","yoast_head_json":{"title":"De Magistris, Laghi e Lo Schiavo contro l'Autonomia Differenziata","description":"Conferenza stampa congiunta, questa mattina a Lamezia, Al centro dell\u2019iniziativa le ragioni del \u201cNo\u201d all\u2019autonomia regionale differenziata.","robots":{"index":"index","follow":"follow","max-snippet":"max-snippet:-1","max-image-preview":"max-image-preview:large","max-video-preview":"max-video-preview:-1"},"canonical":"https:\/\/progettotouring.it\/radiotouring104\/2023\/01\/19\/de-magistris-laghi-e-lo-schiavo-contro-lautonomia-differenziata\/","og_locale":"it_IT","og_type":"article","og_title":"De Magistris, Laghi e Lo Schiavo contro l'Autonomia Differenziata","og_description":"Conferenza stampa congiunta, questa mattina a Lamezia, Al centro dell\u2019iniziativa le ragioni del \u201cNo\u201d all\u2019autonomia regionale differenziata.","og_url":"https:\/\/progettotouring.it\/radiotouring104\/2023\/01\/19\/de-magistris-laghi-e-lo-schiavo-contro-lautonomia-differenziata\/","og_site_name":"Radio Touring 104","article_published_time":"2023-01-19T11:48:04+00:00","og_image":[{"width":1600,"height":900,"url":"https:\/\/progettotouring.it\/radiotouring104\/wp-content\/uploads\/sites\/6\/2023\/01\/Conferenza-stampa-autonomia-differenziata-de-magistris-laghi-e-lo-schiavo.jpg","type":"image\/jpeg"}],"author":"Sebastiano Plutino","twitter_card":"summary_large_image","twitter_misc":{"Scritto da":"Sebastiano Plutino","Tempo di lettura stimato":"4 minuti"},"schema":{"@context":"https:\/\/schema.org","@graph":[{"@type":"Article","@id":"https:\/\/progettotouring.it\/radiotouring104\/2023\/01\/19\/de-magistris-laghi-e-lo-schiavo-contro-lautonomia-differenziata\/#article","isPartOf":{"@id":"https:\/\/progettotouring.it\/radiotouring104\/2023\/01\/19\/de-magistris-laghi-e-lo-schiavo-contro-lautonomia-differenziata\/"},"author":{"name":"Sebastiano Plutino","@id":"https:\/\/progettotouring.it\/radiotouring104\/#\/schema\/person\/78613917f1851f041f7483f5af1d422e"},"headline":"De Magistris, Laghi e Lo Schiavo contro l&#8217;Autonomia Differenziata","datePublished":"2023-01-19T11:48:04+00:00","mainEntityOfPage":{"@id":"https:\/\/progettotouring.it\/radiotouring104\/2023\/01\/19\/de-magistris-laghi-e-lo-schiavo-contro-lautonomia-differenziata\/"},"wordCount":844,"commentCount":0,"publisher":{"@id":"https:\/\/progettotouring.it\/radiotouring104\/#organization"},"image":{"@id":"https:\/\/progettotouring.it\/radiotouring104\/2023\/01\/19\/de-magistris-laghi-e-lo-schiavo-contro-lautonomia-differenziata\/#primaryimage"},"thumbnailUrl":"https:\/\/progettotouring.it\/radiotouring104\/wp-content\/uploads\/sites\/6\/2023\/01\/Conferenza-stampa-autonomia-differenziata-de-magistris-laghi-e-lo-schiavo.jpg","keywords":["antonio lo schiavo","autonomia differenziata","conferenza stampa congiunta","Ferdinando Laghi","Lamezia Terme","luigi de magistris"],"articleSection":["Calabria","Home","News"],"inLanguage":"it-IT","potentialAction":[{"@type":"CommentAction","name":"Comment","target":["https:\/\/progettotouring.it\/radiotouring104\/2023\/01\/19\/de-magistris-laghi-e-lo-schiavo-contro-lautonomia-differenziata\/#respond"]}]},{"@type":"WebPage","@id":"https:\/\/progettotouring.it\/radiotouring104\/2023\/01\/19\/de-magistris-laghi-e-lo-schiavo-contro-lautonomia-differenziata\/","url":"https:\/\/progettotouring.it\/radiotouring104\/2023\/01\/19\/de-magistris-laghi-e-lo-schiavo-contro-lautonomia-differenziata\/","name":"De Magistris, Laghi e Lo Schiavo contro l'Autonomia Differenziata","isPartOf":{"@id":"https:\/\/progettotouring.it\/radiotouring104\/#website"},"primaryImageOfPage":{"@id":"https:\/\/progettotouring.it\/radiotouring104\/2023\/01\/19\/de-magistris-laghi-e-lo-schiavo-contro-lautonomia-differenziata\/#primaryimage"},"image":{"@id":"https:\/\/progettotouring.it\/radiotouring104\/2023\/01\/19\/de-magistris-laghi-e-lo-schiavo-contro-lautonomia-differenziata\/#primaryimage"},"thumbnailUrl":"https:\/\/progettotouring.it\/radiotouring104\/wp-content\/uploads\/sites\/6\/2023\/01\/Conferenza-stampa-autonomia-differenziata-de-magistris-laghi-e-lo-schiavo.jpg","datePublished":"2023-01-19T11:48:04+00:00","description":"Conferenza stampa congiunta, questa mattina a Lamezia, Al centro dell\u2019iniziativa le ragioni del \u201cNo\u201d all\u2019autonomia regionale differenziata.","breadcrumb":{"@id":"https:\/\/progettotouring.it\/radiotouring104\/2023\/01\/19\/de-magistris-laghi-e-lo-schiavo-contro-lautonomia-differenziata\/#breadcrumb"},"inLanguage":"it-IT","potentialAction":[{"@type":"ReadAction","target":["https:\/\/progettotouring.it\/radiotouring104\/2023\/01\/19\/de-magistris-laghi-e-lo-schiavo-contro-lautonomia-differenziata\/"]}]},{"@type":"ImageObject","inLanguage":"it-IT","@id":"https:\/\/progettotouring.it\/radiotouring104\/2023\/01\/19\/de-magistris-laghi-e-lo-schiavo-contro-lautonomia-differenziata\/#primaryimage","url":"https:\/\/progettotouring.it\/radiotouring104\/wp-content\/uploads\/sites\/6\/2023\/01\/Conferenza-stampa-autonomia-differenziata-de-magistris-laghi-e-lo-schiavo.jpg","contentUrl":"https:\/\/progettotouring.it\/radiotouring104\/wp-content\/uploads\/sites\/6\/2023\/01\/Conferenza-stampa-autonomia-differenziata-de-magistris-laghi-e-lo-schiavo.jpg","width":1600,"height":900},{"@type":"BreadcrumbList","@id":"https:\/\/progettotouring.it\/radiotouring104\/2023\/01\/19\/de-magistris-laghi-e-lo-schiavo-contro-lautonomia-differenziata\/#breadcrumb","itemListElement":[{"@type":"ListItem","position":1,"name":"Home","item":"https:\/\/progettotouring.it\/radiotouring104\/"},{"@type":"ListItem","position":2,"name":"De Magistris, Laghi e Lo Schiavo contro l&#8217;Autonomia Differenziata"}]},{"@type":"WebSite","@id":"https:\/\/progettotouring.it\/radiotouring104\/#website","url":"https:\/\/progettotouring.it\/radiotouring104\/","name":"Radio Touring 104","description":"La prima radio Reggina","publisher":{"@id":"https:\/\/progettotouring.it\/radiotouring104\/#organization"},"potentialAction":[{"@type":"SearchAction","target":{"@type":"EntryPoint","urlTemplate":"https:\/\/progettotouring.it\/radiotouring104\/?s={search_term_string}"},"query-input":{"@type":"PropertyValueSpecification","valueRequired":true,"valueName":"search_term_string"}}],"inLanguage":"it-IT"},{"@type":"Organization","@id":"https:\/\/progettotouring.it\/radiotouring104\/#organization","name":"Radio Touring 104","url":"https:\/\/progettotouring.it\/radiotouring104\/","logo":{"@type":"ImageObject","inLanguage":"it-IT","@id":"https:\/\/progettotouring.it\/radiotouring104\/#\/schema\/logo\/image\/","url":"https:\/\/progettotouring.it\/radiotouring104\/wp-content\/uploads\/sites\/6\/2022\/02\/cropped-logo-radio-touring-104.png","contentUrl":"https:\/\/progettotouring.it\/radiotouring104\/wp-content\/uploads\/sites\/6\/2022\/02\/cropped-logo-radio-touring-104.png","width":377,"height":182,"caption":"Radio Touring 104"},"image":{"@id":"https:\/\/progettotouring.it\/radiotouring104\/#\/schema\/logo\/image\/"}},{"@type":"Person","@id":"https:\/\/progettotouring.it\/radiotouring104\/#\/schema\/person\/78613917f1851f041f7483f5af1d422e","name":"Sebastiano Plutino","image":{"@type":"ImageObject","inLanguage":"it-IT","@id":"https:\/\/secure.gravatar.com\/avatar\/0546ffaa9b79224faf9f2a156b67a529ae861d3287c66c1d8ccfdf909bcba78d?s=96&d=mm&r=g","url":"https:\/\/secure.gravatar.com\/avatar\/0546ffaa9b79224faf9f2a156b67a529ae861d3287c66c1d8ccfdf909bcba78d?s=96&d=mm&r=g","contentUrl":"https:\/\/secure.gravatar.com\/avatar\/0546ffaa9b79224faf9f2a156b67a529ae861d3287c66c1d8ccfdf909bcba78d?s=96&d=mm&r=g","caption":"Sebastiano Plutino"},"url":"https:\/\/progettotouring.it\/radiotouring104\/author\/sebastiano\/"}]}},"jetpack_publicize_connections":[],"jetpack_featured_media_url":"https:\/\/progettotouring.it\/radiotouring104\/wp-content\/uploads\/sites\/6\/2023\/01\/Conferenza-stampa-autonomia-differenziata-de-magistris-laghi-e-lo-schiavo.jpg","jetpack_sharing_enabled":true,"_links":{"self":[{"href":"https:\/\/progettotouring.it\/radiotouring104\/wp-json\/wp\/v2\/posts\/17127","targetHints":{"allow":["GET"]}}],"collection":[{"href":"https:\/\/progettotouring.it\/radiotouring104\/wp-json\/wp\/v2\/posts"}],"about":[{"href":"https:\/\/progettotouring.it\/radiotouring104\/wp-json\/wp\/v2\/types\/post"}],"author":[{"embeddable":true,"href":"https:\/\/progettotouring.it\/radiotouring104\/wp-json\/wp\/v2\/users\/12"}],"replies":[{"embeddable":true,"href":"https:\/\/progettotouring.it\/radiotouring104\/wp-json\/wp\/v2\/comments?post=17127"}],"version-history":[{"count":1,"href":"https:\/\/progettotouring.it\/radiotouring104\/wp-json\/wp\/v2\/posts\/17127\/revisions"}],"predecessor-version":[{"id":17129,"href":"https:\/\/progettotouring.it\/radiotouring104\/wp-json\/wp\/v2\/posts\/17127\/revisions\/17129"}],"wp:featuredmedia":[{"embeddable":true,"href":"https:\/\/progettotouring.it\/radiotouring104\/wp-json\/wp\/v2\/media\/17128"}],"wp:attachment":[{"href":"https:\/\/progettotouring.it\/radiotouring104\/wp-json\/wp\/v2\/media?parent=17127"}],"wp:term":[{"taxonomy":"category","embeddable":true,"href":"https:\/\/progettotouring.it\/radiotouring104\/wp-json\/wp\/v2\/categories?post=17127"},{"taxonomy":"post_tag","embeddable":true,"href":"https:\/\/progettotouring.it\/radiotouring104\/wp-json\/wp\/v2\/tags?post=17127"}],"curies":[{"name":"wp","href":"https:\/\/api.w.org\/{rel}","templated":true}]}}