{"id":17132,"date":"2023-01-19T13:01:22","date_gmt":"2023-01-19T12:01:22","guid":{"rendered":"https:\/\/progettotouring.it\/radiotouring104\/?p=17132"},"modified":"2023-01-19T13:02:03","modified_gmt":"2023-01-19T12:02:03","slug":"comune-sostiene-la-prevenzione-del-tumore-al-colon-retto","status":"publish","type":"post","link":"https:\/\/progettotouring.it\/radiotouring104\/2023\/01\/19\/comune-sostiene-la-prevenzione-del-tumore-al-colon-retto\/","title":{"rendered":"Comune sostiene la prevenzione del tumore al colon retto"},"content":{"rendered":"<div dir=\"auto\">Il Comune sostiene la campagna di prevenzione del tumore al colon retto promossa dall&#8217;Asp di Reggio Calabria, in collaborazione con Federfarma e l&#8217;Ordine dei medici.<\/div>\n<div dir=\"auto\">Stamane, in commissione Politiche sociali e Salute, presieduta dal consigliere Carmelo Romeo, \u00e8 stato audito Sandro Giuffrida,\u00a0 direttore del dipartimento Prevenzione dell&#8217;Asp reggina che ha relazionato sull&#8217;attivit\u00e0 di screening, avviata a dicembre, per contrastare questa particolare forma di cancro. \u00abPrevenire &#8211; ha spiegato Romeo &#8211; \u00e8 la forma pi\u00f9 indicata ed incisiva per evitare il progredire della malattia. Le indagini avviate dall&#8217;Azienda sanitaria sono, dunque, importantissime\u00bb.<\/div>\n<div dir=\"auto\"><\/div>\n<div dir=\"auto\">\u00abIl metodo utilizzato &#8211; ha aggiunto &#8211; \u00e8 tutto sommato semplice. Partendo dai dati raccolti durante le vaccinazioni contro il Covid, infatti, sono stati individuati soggetti fra i 50 ed i 69 anni che riceveranno, nei prossimi giorni, un SMS con l&#8217;invito a recarsi in farmacia per ritirare, gratuitamente, il kit necessario a svolgere il test di verifica. Di fronte a possibili elementi di sospetto, l&#8217;Asp avvier\u00e0 i relativi approfondimenti per fermare, immediatamente, possibili complicazioni\u00bb.<\/div>\n<div dir=\"auto\"><\/div>\n<div dir=\"auto\">\u00abOgnuno di noi &#8211; ha spiegato Romeo &#8211; sa bene quanto sia fondamentale anticipare le mosse per riuscire a salvare una vita di fronte alle patologie oncologiche. Ecco perch\u00e9 non si pu\u00f2 che promuovere e sostenere la campagna avviata dall&#8217;Asp\u00bb.<\/div>\n<div dir=\"auto\"><\/div>\n<div dir=\"auto\">\u00abQuindi &#8211; ha aggiunto il presidente della Commissione Welfare &#8211; pu\u00f2 risultare decisivo un pronto riscontro da parte dei reggini che riceveranno il messaggio sul proprio telefonino. Nel ringraziare il dottor Giuffrida, sempre disponibile e sensibile ai temi posti dalla Commissione, insieme a tutti i membri dell&#8217;organismo consiliare ci faremo promotori di iniziative rivolte a veicolare la bont\u00e0 del progetto\u00bb.<\/div>\n<div dir=\"auto\">\u00abLa lotta contro il cancro &#8211; ha concluso Romeo &#8211; non conosce confini ed ognuno di noi \u00e8 impegnato ad offrire il proprio contributo affinch\u00e9 quanti pi\u00f9 reggini possibile partecipino ad uno studio cos\u00ec efficace ed importante\u00bb.<\/div>\n","protected":false},"excerpt":{"rendered":"<p>Il Comune sostiene la campagna di prevenzione del tumore al colon retto promossa dall&#8217;Asp di Reggio Calabria, in collaborazione con Federfarma e l&#8217;Ordine dei medici. Stamane, in commissione Politiche sociali&hellip;<\/p>\n","protected":false},"author":12,"featured_media":5832,"comment_status":"open","ping_status":"open","sticky":false,"template":"","format":"standard","meta":{"_jetpack_memberships_contains_paid_content":false,"footnotes":"","jetpack_publicize_message":"","jetpack_publicize_feature_enabled":true,"jetpack_social_post_already_shared":false,"jetpack_social_options":{"image_generator_settings":{"template":"highway","default_image_id":0,"font":"","enabled":false},"version":2}},"categories":[921,196,140],"tags":[1765,8713,342,8714,8715,1601,8716,8712],"class_list":["post-17132","post","type-post","status-publish","format-standard","has-post-thumbnail","hentry","category-home","category-news","category-reggio-calabria","tag-carmelo-romeo","tag-commissione-politiche-sociali-e-salute","tag-comune-di-reggio-calabria","tag-direttore-del-dipartimento-prevenzione-dellasp","tag-federfarma","tag-ordine-dei-medici","tag-sandro-giuffrida","tag-sostegno-prevenzione-tumore-colon"],"yoast_head":"<!-- This site is optimized with the Yoast SEO plugin v27.2 - https:\/\/yoast.com\/product\/yoast-seo-wordpress\/ -->\n<title>Comune sostiene la prevenzione del tumore al colon retto<\/title>\n<meta name=\"description\" content=\"Nella Commissione Politiche Sociali e Salute, l&#039;audizione del Direttore del Dipartimento prevenzione dell&#039;Asp\" \/>\n<meta name=\"robots\" content=\"index, follow, max-snippet:-1, max-image-preview:large, max-video-preview:-1\" \/>\n<link rel=\"canonical\" href=\"https:\/\/progettotouring.it\/radiotouring104\/2023\/01\/19\/comune-sostiene-la-prevenzione-del-tumore-al-colon-retto\/\" \/>\n<meta property=\"og:locale\" content=\"it_IT\" \/>\n<meta property=\"og:type\" content=\"article\" \/>\n<meta property=\"og:title\" content=\"Comune sostiene la prevenzione del tumore al colon retto\" \/>\n<meta property=\"og:description\" content=\"Nella Commissione Politiche Sociali e Salute, l&#039;audizione del Direttore del Dipartimento prevenzione dell&#039;Asp\" \/>\n<meta property=\"og:url\" content=\"https:\/\/progettotouring.it\/radiotouring104\/2023\/01\/19\/comune-sostiene-la-prevenzione-del-tumore-al-colon-retto\/\" \/>\n<meta property=\"og:site_name\" content=\"Radio Touring 104\" \/>\n<meta property=\"article:published_time\" content=\"2023-01-19T12:01:22+00:00\" \/>\n<meta property=\"article:modified_time\" content=\"2023-01-19T12:02:03+00:00\" \/>\n<meta property=\"og:image\" content=\"https:\/\/progettotouring.it\/radiotouring104\/wp-content\/uploads\/sites\/6\/2022\/05\/asp-reggio-calabria.jpg\" \/>\n\t<meta property=\"og:image:width\" content=\"520\" \/>\n\t<meta property=\"og:image:height\" content=\"280\" \/>\n\t<meta property=\"og:image:type\" content=\"image\/jpeg\" \/>\n<meta name=\"author\" content=\"Sebastiano Plutino\" \/>\n<meta name=\"twitter:card\" content=\"summary_large_image\" \/>\n<meta name=\"twitter:label1\" content=\"Scritto da\" \/>\n\t<meta name=\"twitter:data1\" content=\"Sebastiano Plutino\" \/>\n\t<meta name=\"twitter:label2\" content=\"Tempo di lettura stimato\" \/>\n\t<meta name=\"twitter:data2\" content=\"1 minuto\" \/>\n<script type=\"application\/ld+json\" class=\"yoast-schema-graph\">{\"@context\":\"https:\/\/schema.org\",\"@graph\":[{\"@type\":\"Article\",\"@id\":\"https:\/\/progettotouring.it\/radiotouring104\/2023\/01\/19\/comune-sostiene-la-prevenzione-del-tumore-al-colon-retto\/#article\",\"isPartOf\":{\"@id\":\"https:\/\/progettotouring.it\/radiotouring104\/2023\/01\/19\/comune-sostiene-la-prevenzione-del-tumore-al-colon-retto\/\"},\"author\":{\"name\":\"Sebastiano Plutino\",\"@id\":\"https:\/\/progettotouring.it\/radiotouring104\/#\/schema\/person\/78613917f1851f041f7483f5af1d422e\"},\"headline\":\"Comune sostiene la prevenzione del tumore al colon retto\",\"datePublished\":\"2023-01-19T12:01:22+00:00\",\"dateModified\":\"2023-01-19T12:02:03+00:00\",\"mainEntityOfPage\":{\"@id\":\"https:\/\/progettotouring.it\/radiotouring104\/2023\/01\/19\/comune-sostiene-la-prevenzione-del-tumore-al-colon-retto\/\"},\"wordCount\":306,\"commentCount\":0,\"publisher\":{\"@id\":\"https:\/\/progettotouring.it\/radiotouring104\/#organization\"},\"image\":{\"@id\":\"https:\/\/progettotouring.it\/radiotouring104\/2023\/01\/19\/comune-sostiene-la-prevenzione-del-tumore-al-colon-retto\/#primaryimage\"},\"thumbnailUrl\":\"https:\/\/progettotouring.it\/radiotouring104\/wp-content\/uploads\/sites\/6\/2022\/05\/asp-reggio-calabria.jpg\",\"keywords\":[\"Carmelo Romeo\",\"Commissione Politiche Sociali e Salute\",\"Comune di Reggio Calabria\",\"Direttore del Dipartimento prevenzione dell'Asp\",\"Federfarma\",\"ordine dei medici\",\"Sandro Giuffrida\",\"sostegno prevenzione tumore colon\"],\"articleSection\":[\"Home\",\"News\",\"Reggio Calabria\"],\"inLanguage\":\"it-IT\",\"potentialAction\":[{\"@type\":\"CommentAction\",\"name\":\"Comment\",\"target\":[\"https:\/\/progettotouring.it\/radiotouring104\/2023\/01\/19\/comune-sostiene-la-prevenzione-del-tumore-al-colon-retto\/#respond\"]}]},{\"@type\":\"WebPage\",\"@id\":\"https:\/\/progettotouring.it\/radiotouring104\/2023\/01\/19\/comune-sostiene-la-prevenzione-del-tumore-al-colon-retto\/\",\"url\":\"https:\/\/progettotouring.it\/radiotouring104\/2023\/01\/19\/comune-sostiene-la-prevenzione-del-tumore-al-colon-retto\/\",\"name\":\"Comune sostiene la prevenzione del tumore al colon retto\",\"isPartOf\":{\"@id\":\"https:\/\/progettotouring.it\/radiotouring104\/#website\"},\"primaryImageOfPage\":{\"@id\":\"https:\/\/progettotouring.it\/radiotouring104\/2023\/01\/19\/comune-sostiene-la-prevenzione-del-tumore-al-colon-retto\/#primaryimage\"},\"image\":{\"@id\":\"https:\/\/progettotouring.it\/radiotouring104\/2023\/01\/19\/comune-sostiene-la-prevenzione-del-tumore-al-colon-retto\/#primaryimage\"},\"thumbnailUrl\":\"https:\/\/progettotouring.it\/radiotouring104\/wp-content\/uploads\/sites\/6\/2022\/05\/asp-reggio-calabria.jpg\",\"datePublished\":\"2023-01-19T12:01:22+00:00\",\"dateModified\":\"2023-01-19T12:02:03+00:00\",\"description\":\"Nella Commissione Politiche Sociali e Salute, l'audizione del Direttore del Dipartimento prevenzione dell'Asp\",\"breadcrumb\":{\"@id\":\"https:\/\/progettotouring.it\/radiotouring104\/2023\/01\/19\/comune-sostiene-la-prevenzione-del-tumore-al-colon-retto\/#breadcrumb\"},\"inLanguage\":\"it-IT\",\"potentialAction\":[{\"@type\":\"ReadAction\",\"target\":[\"https:\/\/progettotouring.it\/radiotouring104\/2023\/01\/19\/comune-sostiene-la-prevenzione-del-tumore-al-colon-retto\/\"]}]},{\"@type\":\"ImageObject\",\"inLanguage\":\"it-IT\",\"@id\":\"https:\/\/progettotouring.it\/radiotouring104\/2023\/01\/19\/comune-sostiene-la-prevenzione-del-tumore-al-colon-retto\/#primaryimage\",\"url\":\"https:\/\/progettotouring.it\/radiotouring104\/wp-content\/uploads\/sites\/6\/2022\/05\/asp-reggio-calabria.jpg\",\"contentUrl\":\"https:\/\/progettotouring.it\/radiotouring104\/wp-content\/uploads\/sites\/6\/2022\/05\/asp-reggio-calabria.jpg\",\"width\":520,\"height\":280},{\"@type\":\"BreadcrumbList\",\"@id\":\"https:\/\/progettotouring.it\/radiotouring104\/2023\/01\/19\/comune-sostiene-la-prevenzione-del-tumore-al-colon-retto\/#breadcrumb\",\"itemListElement\":[{\"@type\":\"ListItem\",\"position\":1,\"name\":\"Home\",\"item\":\"https:\/\/progettotouring.it\/radiotouring104\/\"},{\"@type\":\"ListItem\",\"position\":2,\"name\":\"Comune sostiene la prevenzione del tumore al colon retto\"}]},{\"@type\":\"WebSite\",\"@id\":\"https:\/\/progettotouring.it\/radiotouring104\/#website\",\"url\":\"https:\/\/progettotouring.it\/radiotouring104\/\",\"name\":\"Radio Touring 104\",\"description\":\"La prima radio Reggina\",\"publisher\":{\"@id\":\"https:\/\/progettotouring.it\/radiotouring104\/#organization\"},\"potentialAction\":[{\"@type\":\"SearchAction\",\"target\":{\"@type\":\"EntryPoint\",\"urlTemplate\":\"https:\/\/progettotouring.it\/radiotouring104\/?s={search_term_string}\"},\"query-input\":{\"@type\":\"PropertyValueSpecification\",\"valueRequired\":true,\"valueName\":\"search_term_string\"}}],\"inLanguage\":\"it-IT\"},{\"@type\":\"Organization\",\"@id\":\"https:\/\/progettotouring.it\/radiotouring104\/#organization\",\"name\":\"Radio Touring 104\",\"url\":\"https:\/\/progettotouring.it\/radiotouring104\/\",\"logo\":{\"@type\":\"ImageObject\",\"inLanguage\":\"it-IT\",\"@id\":\"https:\/\/progettotouring.it\/radiotouring104\/#\/schema\/logo\/image\/\",\"url\":\"https:\/\/progettotouring.it\/radiotouring104\/wp-content\/uploads\/sites\/6\/2022\/02\/cropped-logo-radio-touring-104.png\",\"contentUrl\":\"https:\/\/progettotouring.it\/radiotouring104\/wp-content\/uploads\/sites\/6\/2022\/02\/cropped-logo-radio-touring-104.png\",\"width\":377,\"height\":182,\"caption\":\"Radio Touring 104\"},\"image\":{\"@id\":\"https:\/\/progettotouring.it\/radiotouring104\/#\/schema\/logo\/image\/\"}},{\"@type\":\"Person\",\"@id\":\"https:\/\/progettotouring.it\/radiotouring104\/#\/schema\/person\/78613917f1851f041f7483f5af1d422e\",\"name\":\"Sebastiano Plutino\",\"image\":{\"@type\":\"ImageObject\",\"inLanguage\":\"it-IT\",\"@id\":\"https:\/\/secure.gravatar.com\/avatar\/0546ffaa9b79224faf9f2a156b67a529ae861d3287c66c1d8ccfdf909bcba78d?s=96&d=mm&r=g\",\"url\":\"https:\/\/secure.gravatar.com\/avatar\/0546ffaa9b79224faf9f2a156b67a529ae861d3287c66c1d8ccfdf909bcba78d?s=96&d=mm&r=g\",\"contentUrl\":\"https:\/\/secure.gravatar.com\/avatar\/0546ffaa9b79224faf9f2a156b67a529ae861d3287c66c1d8ccfdf909bcba78d?s=96&d=mm&r=g\",\"caption\":\"Sebastiano Plutino\"},\"url\":\"https:\/\/progettotouring.it\/radiotouring104\/author\/sebastiano\/\"}]}<\/script>\n<!-- \/ Yoast SEO plugin. -->","yoast_head_json":{"title":"Comune sostiene la prevenzione del tumore al colon retto","description":"Nella Commissione Politiche Sociali e Salute, l'audizione del Direttore del Dipartimento prevenzione dell'Asp","robots":{"index":"index","follow":"follow","max-snippet":"max-snippet:-1","max-image-preview":"max-image-preview:large","max-video-preview":"max-video-preview:-1"},"canonical":"https:\/\/progettotouring.it\/radiotouring104\/2023\/01\/19\/comune-sostiene-la-prevenzione-del-tumore-al-colon-retto\/","og_locale":"it_IT","og_type":"article","og_title":"Comune sostiene la prevenzione del tumore al colon retto","og_description":"Nella Commissione Politiche Sociali e Salute, l'audizione del Direttore del Dipartimento prevenzione dell'Asp","og_url":"https:\/\/progettotouring.it\/radiotouring104\/2023\/01\/19\/comune-sostiene-la-prevenzione-del-tumore-al-colon-retto\/","og_site_name":"Radio Touring 104","article_published_time":"2023-01-19T12:01:22+00:00","article_modified_time":"2023-01-19T12:02:03+00:00","og_image":[{"width":520,"height":280,"url":"https:\/\/progettotouring.it\/radiotouring104\/wp-content\/uploads\/sites\/6\/2022\/05\/asp-reggio-calabria.jpg","type":"image\/jpeg"}],"author":"Sebastiano Plutino","twitter_card":"summary_large_image","twitter_misc":{"Scritto da":"Sebastiano Plutino","Tempo di lettura stimato":"1 minuto"},"schema":{"@context":"https:\/\/schema.org","@graph":[{"@type":"Article","@id":"https:\/\/progettotouring.it\/radiotouring104\/2023\/01\/19\/comune-sostiene-la-prevenzione-del-tumore-al-colon-retto\/#article","isPartOf":{"@id":"https:\/\/progettotouring.it\/radiotouring104\/2023\/01\/19\/comune-sostiene-la-prevenzione-del-tumore-al-colon-retto\/"},"author":{"name":"Sebastiano Plutino","@id":"https:\/\/progettotouring.it\/radiotouring104\/#\/schema\/person\/78613917f1851f041f7483f5af1d422e"},"headline":"Comune sostiene la prevenzione del tumore al colon retto","datePublished":"2023-01-19T12:01:22+00:00","dateModified":"2023-01-19T12:02:03+00:00","mainEntityOfPage":{"@id":"https:\/\/progettotouring.it\/radiotouring104\/2023\/01\/19\/comune-sostiene-la-prevenzione-del-tumore-al-colon-retto\/"},"wordCount":306,"commentCount":0,"publisher":{"@id":"https:\/\/progettotouring.it\/radiotouring104\/#organization"},"image":{"@id":"https:\/\/progettotouring.it\/radiotouring104\/2023\/01\/19\/comune-sostiene-la-prevenzione-del-tumore-al-colon-retto\/#primaryimage"},"thumbnailUrl":"https:\/\/progettotouring.it\/radiotouring104\/wp-content\/uploads\/sites\/6\/2022\/05\/asp-reggio-calabria.jpg","keywords":["Carmelo Romeo","Commissione Politiche Sociali e Salute","Comune di Reggio Calabria","Direttore del Dipartimento prevenzione dell'Asp","Federfarma","ordine dei medici","Sandro Giuffrida","sostegno prevenzione tumore colon"],"articleSection":["Home","News","Reggio Calabria"],"inLanguage":"it-IT","potentialAction":[{"@type":"CommentAction","name":"Comment","target":["https:\/\/progettotouring.it\/radiotouring104\/2023\/01\/19\/comune-sostiene-la-prevenzione-del-tumore-al-colon-retto\/#respond"]}]},{"@type":"WebPage","@id":"https:\/\/progettotouring.it\/radiotouring104\/2023\/01\/19\/comune-sostiene-la-prevenzione-del-tumore-al-colon-retto\/","url":"https:\/\/progettotouring.it\/radiotouring104\/2023\/01\/19\/comune-sostiene-la-prevenzione-del-tumore-al-colon-retto\/","name":"Comune sostiene la prevenzione del tumore al colon retto","isPartOf":{"@id":"https:\/\/progettotouring.it\/radiotouring104\/#website"},"primaryImageOfPage":{"@id":"https:\/\/progettotouring.it\/radiotouring104\/2023\/01\/19\/comune-sostiene-la-prevenzione-del-tumore-al-colon-retto\/#primaryimage"},"image":{"@id":"https:\/\/progettotouring.it\/radiotouring104\/2023\/01\/19\/comune-sostiene-la-prevenzione-del-tumore-al-colon-retto\/#primaryimage"},"thumbnailUrl":"https:\/\/progettotouring.it\/radiotouring104\/wp-content\/uploads\/sites\/6\/2022\/05\/asp-reggio-calabria.jpg","datePublished":"2023-01-19T12:01:22+00:00","dateModified":"2023-01-19T12:02:03+00:00","description":"Nella Commissione Politiche Sociali e Salute, l'audizione del Direttore del Dipartimento prevenzione dell'Asp","breadcrumb":{"@id":"https:\/\/progettotouring.it\/radiotouring104\/2023\/01\/19\/comune-sostiene-la-prevenzione-del-tumore-al-colon-retto\/#breadcrumb"},"inLanguage":"it-IT","potentialAction":[{"@type":"ReadAction","target":["https:\/\/progettotouring.it\/radiotouring104\/2023\/01\/19\/comune-sostiene-la-prevenzione-del-tumore-al-colon-retto\/"]}]},{"@type":"ImageObject","inLanguage":"it-IT","@id":"https:\/\/progettotouring.it\/radiotouring104\/2023\/01\/19\/comune-sostiene-la-prevenzione-del-tumore-al-colon-retto\/#primaryimage","url":"https:\/\/progettotouring.it\/radiotouring104\/wp-content\/uploads\/sites\/6\/2022\/05\/asp-reggio-calabria.jpg","contentUrl":"https:\/\/progettotouring.it\/radiotouring104\/wp-content\/uploads\/sites\/6\/2022\/05\/asp-reggio-calabria.jpg","width":520,"height":280},{"@type":"BreadcrumbList","@id":"https:\/\/progettotouring.it\/radiotouring104\/2023\/01\/19\/comune-sostiene-la-prevenzione-del-tumore-al-colon-retto\/#breadcrumb","itemListElement":[{"@type":"ListItem","position":1,"name":"Home","item":"https:\/\/progettotouring.it\/radiotouring104\/"},{"@type":"ListItem","position":2,"name":"Comune sostiene la prevenzione del tumore al colon retto"}]},{"@type":"WebSite","@id":"https:\/\/progettotouring.it\/radiotouring104\/#website","url":"https:\/\/progettotouring.it\/radiotouring104\/","name":"Radio Touring 104","description":"La prima radio Reggina","publisher":{"@id":"https:\/\/progettotouring.it\/radiotouring104\/#organization"},"potentialAction":[{"@type":"SearchAction","target":{"@type":"EntryPoint","urlTemplate":"https:\/\/progettotouring.it\/radiotouring104\/?s={search_term_string}"},"query-input":{"@type":"PropertyValueSpecification","valueRequired":true,"valueName":"search_term_string"}}],"inLanguage":"it-IT"},{"@type":"Organization","@id":"https:\/\/progettotouring.it\/radiotouring104\/#organization","name":"Radio Touring 104","url":"https:\/\/progettotouring.it\/radiotouring104\/","logo":{"@type":"ImageObject","inLanguage":"it-IT","@id":"https:\/\/progettotouring.it\/radiotouring104\/#\/schema\/logo\/image\/","url":"https:\/\/progettotouring.it\/radiotouring104\/wp-content\/uploads\/sites\/6\/2022\/02\/cropped-logo-radio-touring-104.png","contentUrl":"https:\/\/progettotouring.it\/radiotouring104\/wp-content\/uploads\/sites\/6\/2022\/02\/cropped-logo-radio-touring-104.png","width":377,"height":182,"caption":"Radio Touring 104"},"image":{"@id":"https:\/\/progettotouring.it\/radiotouring104\/#\/schema\/logo\/image\/"}},{"@type":"Person","@id":"https:\/\/progettotouring.it\/radiotouring104\/#\/schema\/person\/78613917f1851f041f7483f5af1d422e","name":"Sebastiano Plutino","image":{"@type":"ImageObject","inLanguage":"it-IT","@id":"https:\/\/secure.gravatar.com\/avatar\/0546ffaa9b79224faf9f2a156b67a529ae861d3287c66c1d8ccfdf909bcba78d?s=96&d=mm&r=g","url":"https:\/\/secure.gravatar.com\/avatar\/0546ffaa9b79224faf9f2a156b67a529ae861d3287c66c1d8ccfdf909bcba78d?s=96&d=mm&r=g","contentUrl":"https:\/\/secure.gravatar.com\/avatar\/0546ffaa9b79224faf9f2a156b67a529ae861d3287c66c1d8ccfdf909bcba78d?s=96&d=mm&r=g","caption":"Sebastiano Plutino"},"url":"https:\/\/progettotouring.it\/radiotouring104\/author\/sebastiano\/"}]}},"jetpack_publicize_connections":[],"jetpack_featured_media_url":"https:\/\/progettotouring.it\/radiotouring104\/wp-content\/uploads\/sites\/6\/2022\/05\/asp-reggio-calabria.jpg","jetpack_sharing_enabled":true,"_links":{"self":[{"href":"https:\/\/progettotouring.it\/radiotouring104\/wp-json\/wp\/v2\/posts\/17132","targetHints":{"allow":["GET"]}}],"collection":[{"href":"https:\/\/progettotouring.it\/radiotouring104\/wp-json\/wp\/v2\/posts"}],"about":[{"href":"https:\/\/progettotouring.it\/radiotouring104\/wp-json\/wp\/v2\/types\/post"}],"author":[{"embeddable":true,"href":"https:\/\/progettotouring.it\/radiotouring104\/wp-json\/wp\/v2\/users\/12"}],"replies":[{"embeddable":true,"href":"https:\/\/progettotouring.it\/radiotouring104\/wp-json\/wp\/v2\/comments?post=17132"}],"version-history":[{"count":1,"href":"https:\/\/progettotouring.it\/radiotouring104\/wp-json\/wp\/v2\/posts\/17132\/revisions"}],"predecessor-version":[{"id":17133,"href":"https:\/\/progettotouring.it\/radiotouring104\/wp-json\/wp\/v2\/posts\/17132\/revisions\/17133"}],"wp:featuredmedia":[{"embeddable":true,"href":"https:\/\/progettotouring.it\/radiotouring104\/wp-json\/wp\/v2\/media\/5832"}],"wp:attachment":[{"href":"https:\/\/progettotouring.it\/radiotouring104\/wp-json\/wp\/v2\/media?parent=17132"}],"wp:term":[{"taxonomy":"category","embeddable":true,"href":"https:\/\/progettotouring.it\/radiotouring104\/wp-json\/wp\/v2\/categories?post=17132"},{"taxonomy":"post_tag","embeddable":true,"href":"https:\/\/progettotouring.it\/radiotouring104\/wp-json\/wp\/v2\/tags?post=17132"}],"curies":[{"name":"wp","href":"https:\/\/api.w.org\/{rel}","templated":true}]}}