{"id":17134,"date":"2023-01-19T13:09:53","date_gmt":"2023-01-19T12:09:53","guid":{"rendered":"https:\/\/progettotouring.it\/radiotouring104\/?p=17134"},"modified":"2023-01-19T13:09:53","modified_gmt":"2023-01-19T12:09:53","slug":"afam-gallo-nuovo-presidente-del-conservatorio-di-musica-di-cosenza","status":"publish","type":"post","link":"https:\/\/progettotouring.it\/radiotouring104\/2023\/01\/19\/afam-gallo-nuovo-presidente-del-conservatorio-di-musica-di-cosenza\/","title":{"rendered":"AFAM: Gallo nuovo presidente del Conservatorio di Musica di Cosenza"},"content":{"rendered":"<p class=\"xmprfx_MsoNormal\">\u00c8 Carmelo Gallo il nuovo presidente del Conservatorio di Musica \u2018Stanislao Giacomantonio\u2019 di Cosenza. Il decreto di nomina \u00e8 stato firmato dal Ministro dell\u2019Universit\u00e0 e della Ricerca, Anna Maria Bernini. Il presidente rimarr\u00e0 in carica per tre anni.<\/p>\n<p class=\"xmprfx_MsoNormal\">\u201cL&#8217;Alta formazione artistica, musicale e coreutica, l\u2019AFAM &#8211; spiega il Ministro Bernini -, \u00e8 uno dei fiori all&#8217;occhiello del nostro Paese. I Conservatori, le Accademie, gli Istituti Superiori per le Industrie Artistiche sono luoghi di artigianalit\u00e0 ed ingegno, di ricerca di alto livello, di creativit\u00e0. Senza retorica: luoghi di bellezza. Sono istituzioni ammirate all&#8217;estero, che danno un approccio internazionale al \u2018Made in Italy\u2019, con le quali facciamo scuola nel mondo. Ci siamo posti l&#8217;obiettivo di valorizzare sempre di pi\u00f9 queste istituzioni, per dare continuit\u00e0 ed energia a quello che rappresentano, affinch\u00e9 tutto il mondo produttivo possa trarre beneficio da quello che sappiamo fare meglio. Puntiamo infatti a collegare in modo sempre pi\u00f9 sinergico la realt\u00e0 della formazione con quella della produzione, perch\u00e9 c&#8217;\u00e8 un tratto d&#8217;unione che dalla tradizione storica porta al futuro\u201d.<\/p>\n","protected":false},"excerpt":{"rendered":"<p>\u00c8 Carmelo Gallo il nuovo presidente del Conservatorio di Musica \u2018Stanislao Giacomantonio\u2019 di Cosenza. Il decreto di nomina \u00e8 stato firmato dal Ministro dell\u2019Universit\u00e0 e della Ricerca, Anna Maria Bernini.&hellip;<\/p>\n","protected":false},"author":12,"featured_media":17135,"comment_status":"open","ping_status":"open","sticky":false,"template":"","format":"standard","meta":{"_jetpack_memberships_contains_paid_content":false,"footnotes":"","jetpack_publicize_message":"","jetpack_publicize_feature_enabled":true,"jetpack_social_post_already_shared":false,"jetpack_social_options":{"image_generator_settings":{"template":"highway","default_image_id":0,"font":"","enabled":false},"version":2}},"categories":[142,921,196],"tags":[1430,8718,8717],"class_list":["post-17134","post","type-post","status-publish","format-standard","has-post-thumbnail","hentry","category-calabria","category-home","category-news","tag-carmelo-gallo","tag-ministro-bernini","tag-nuovo-presidente-del-conservatorio-di-cosenza"],"yoast_head":"<!-- This site is optimized with the Yoast SEO plugin v27.2 - https:\/\/yoast.com\/product\/yoast-seo-wordpress\/ -->\n<title>AFAM: Gallo nuovo presidente del Conservatorio di Cosenza<\/title>\n<meta name=\"description\" content=\"&quot;l\u2019Alta formazione artistica, musicale e coreuticaun fiore all\u2019occhiello del nostro Paese&quot;, commenta il Ministro Bernini\" \/>\n<meta name=\"robots\" content=\"index, follow, max-snippet:-1, max-image-preview:large, max-video-preview:-1\" \/>\n<link rel=\"canonical\" href=\"https:\/\/progettotouring.it\/radiotouring104\/2023\/01\/19\/afam-gallo-nuovo-presidente-del-conservatorio-di-musica-di-cosenza\/\" \/>\n<meta property=\"og:locale\" content=\"it_IT\" \/>\n<meta property=\"og:type\" content=\"article\" \/>\n<meta property=\"og:title\" content=\"AFAM: Gallo nuovo presidente del Conservatorio di Cosenza\" \/>\n<meta property=\"og:description\" content=\"&quot;l\u2019Alta formazione artistica, musicale e coreuticaun fiore all\u2019occhiello del nostro Paese&quot;, commenta il Ministro Bernini\" \/>\n<meta property=\"og:url\" content=\"https:\/\/progettotouring.it\/radiotouring104\/2023\/01\/19\/afam-gallo-nuovo-presidente-del-conservatorio-di-musica-di-cosenza\/\" \/>\n<meta property=\"og:site_name\" content=\"Radio Touring 104\" \/>\n<meta property=\"article:published_time\" content=\"2023-01-19T12:09:53+00:00\" \/>\n<meta property=\"og:image\" content=\"https:\/\/progettotouring.it\/radiotouring104\/wp-content\/uploads\/sites\/6\/2023\/01\/carmelo-gallo.jpg\" \/>\n\t<meta property=\"og:image:width\" content=\"800\" \/>\n\t<meta property=\"og:image:height\" content=\"800\" \/>\n\t<meta property=\"og:image:type\" content=\"image\/jpeg\" \/>\n<meta name=\"author\" content=\"Sebastiano Plutino\" \/>\n<meta name=\"twitter:card\" content=\"summary_large_image\" \/>\n<meta name=\"twitter:label1\" content=\"Scritto da\" \/>\n\t<meta name=\"twitter:data1\" content=\"Sebastiano Plutino\" \/>\n\t<meta name=\"twitter:label2\" content=\"Tempo di lettura stimato\" \/>\n\t<meta name=\"twitter:data2\" content=\"1 minuto\" \/>\n<script type=\"application\/ld+json\" class=\"yoast-schema-graph\">{\"@context\":\"https:\/\/schema.org\",\"@graph\":[{\"@type\":\"Article\",\"@id\":\"https:\/\/progettotouring.it\/radiotouring104\/2023\/01\/19\/afam-gallo-nuovo-presidente-del-conservatorio-di-musica-di-cosenza\/#article\",\"isPartOf\":{\"@id\":\"https:\/\/progettotouring.it\/radiotouring104\/2023\/01\/19\/afam-gallo-nuovo-presidente-del-conservatorio-di-musica-di-cosenza\/\"},\"author\":{\"name\":\"Sebastiano Plutino\",\"@id\":\"https:\/\/progettotouring.it\/radiotouring104\/#\/schema\/person\/78613917f1851f041f7483f5af1d422e\"},\"headline\":\"AFAM: Gallo nuovo presidente del Conservatorio di Musica di Cosenza\",\"datePublished\":\"2023-01-19T12:09:53+00:00\",\"mainEntityOfPage\":{\"@id\":\"https:\/\/progettotouring.it\/radiotouring104\/2023\/01\/19\/afam-gallo-nuovo-presidente-del-conservatorio-di-musica-di-cosenza\/\"},\"wordCount\":180,\"commentCount\":0,\"publisher\":{\"@id\":\"https:\/\/progettotouring.it\/radiotouring104\/#organization\"},\"image\":{\"@id\":\"https:\/\/progettotouring.it\/radiotouring104\/2023\/01\/19\/afam-gallo-nuovo-presidente-del-conservatorio-di-musica-di-cosenza\/#primaryimage\"},\"thumbnailUrl\":\"https:\/\/progettotouring.it\/radiotouring104\/wp-content\/uploads\/sites\/6\/2023\/01\/carmelo-gallo.jpg\",\"keywords\":[\"Carmelo Gallo\",\"Ministro Bernini\",\"nuovo presidente del Conservatorio di Cosenza\"],\"articleSection\":[\"Calabria\",\"Home\",\"News\"],\"inLanguage\":\"it-IT\",\"potentialAction\":[{\"@type\":\"CommentAction\",\"name\":\"Comment\",\"target\":[\"https:\/\/progettotouring.it\/radiotouring104\/2023\/01\/19\/afam-gallo-nuovo-presidente-del-conservatorio-di-musica-di-cosenza\/#respond\"]}]},{\"@type\":\"WebPage\",\"@id\":\"https:\/\/progettotouring.it\/radiotouring104\/2023\/01\/19\/afam-gallo-nuovo-presidente-del-conservatorio-di-musica-di-cosenza\/\",\"url\":\"https:\/\/progettotouring.it\/radiotouring104\/2023\/01\/19\/afam-gallo-nuovo-presidente-del-conservatorio-di-musica-di-cosenza\/\",\"name\":\"AFAM: Gallo nuovo presidente del Conservatorio di Cosenza\",\"isPartOf\":{\"@id\":\"https:\/\/progettotouring.it\/radiotouring104\/#website\"},\"primaryImageOfPage\":{\"@id\":\"https:\/\/progettotouring.it\/radiotouring104\/2023\/01\/19\/afam-gallo-nuovo-presidente-del-conservatorio-di-musica-di-cosenza\/#primaryimage\"},\"image\":{\"@id\":\"https:\/\/progettotouring.it\/radiotouring104\/2023\/01\/19\/afam-gallo-nuovo-presidente-del-conservatorio-di-musica-di-cosenza\/#primaryimage\"},\"thumbnailUrl\":\"https:\/\/progettotouring.it\/radiotouring104\/wp-content\/uploads\/sites\/6\/2023\/01\/carmelo-gallo.jpg\",\"datePublished\":\"2023-01-19T12:09:53+00:00\",\"description\":\"\\\"l\u2019Alta formazione artistica, musicale e coreuticaun fiore all\u2019occhiello del nostro Paese\\\", commenta il Ministro Bernini\",\"breadcrumb\":{\"@id\":\"https:\/\/progettotouring.it\/radiotouring104\/2023\/01\/19\/afam-gallo-nuovo-presidente-del-conservatorio-di-musica-di-cosenza\/#breadcrumb\"},\"inLanguage\":\"it-IT\",\"potentialAction\":[{\"@type\":\"ReadAction\",\"target\":[\"https:\/\/progettotouring.it\/radiotouring104\/2023\/01\/19\/afam-gallo-nuovo-presidente-del-conservatorio-di-musica-di-cosenza\/\"]}]},{\"@type\":\"ImageObject\",\"inLanguage\":\"it-IT\",\"@id\":\"https:\/\/progettotouring.it\/radiotouring104\/2023\/01\/19\/afam-gallo-nuovo-presidente-del-conservatorio-di-musica-di-cosenza\/#primaryimage\",\"url\":\"https:\/\/progettotouring.it\/radiotouring104\/wp-content\/uploads\/sites\/6\/2023\/01\/carmelo-gallo.jpg\",\"contentUrl\":\"https:\/\/progettotouring.it\/radiotouring104\/wp-content\/uploads\/sites\/6\/2023\/01\/carmelo-gallo.jpg\",\"width\":800,\"height\":800},{\"@type\":\"BreadcrumbList\",\"@id\":\"https:\/\/progettotouring.it\/radiotouring104\/2023\/01\/19\/afam-gallo-nuovo-presidente-del-conservatorio-di-musica-di-cosenza\/#breadcrumb\",\"itemListElement\":[{\"@type\":\"ListItem\",\"position\":1,\"name\":\"Home\",\"item\":\"https:\/\/progettotouring.it\/radiotouring104\/\"},{\"@type\":\"ListItem\",\"position\":2,\"name\":\"AFAM: Gallo nuovo presidente del Conservatorio di Musica di Cosenza\"}]},{\"@type\":\"WebSite\",\"@id\":\"https:\/\/progettotouring.it\/radiotouring104\/#website\",\"url\":\"https:\/\/progettotouring.it\/radiotouring104\/\",\"name\":\"Radio Touring 104\",\"description\":\"La prima radio Reggina\",\"publisher\":{\"@id\":\"https:\/\/progettotouring.it\/radiotouring104\/#organization\"},\"potentialAction\":[{\"@type\":\"SearchAction\",\"target\":{\"@type\":\"EntryPoint\",\"urlTemplate\":\"https:\/\/progettotouring.it\/radiotouring104\/?s={search_term_string}\"},\"query-input\":{\"@type\":\"PropertyValueSpecification\",\"valueRequired\":true,\"valueName\":\"search_term_string\"}}],\"inLanguage\":\"it-IT\"},{\"@type\":\"Organization\",\"@id\":\"https:\/\/progettotouring.it\/radiotouring104\/#organization\",\"name\":\"Radio Touring 104\",\"url\":\"https:\/\/progettotouring.it\/radiotouring104\/\",\"logo\":{\"@type\":\"ImageObject\",\"inLanguage\":\"it-IT\",\"@id\":\"https:\/\/progettotouring.it\/radiotouring104\/#\/schema\/logo\/image\/\",\"url\":\"https:\/\/progettotouring.it\/radiotouring104\/wp-content\/uploads\/sites\/6\/2022\/02\/cropped-logo-radio-touring-104.png\",\"contentUrl\":\"https:\/\/progettotouring.it\/radiotouring104\/wp-content\/uploads\/sites\/6\/2022\/02\/cropped-logo-radio-touring-104.png\",\"width\":377,\"height\":182,\"caption\":\"Radio Touring 104\"},\"image\":{\"@id\":\"https:\/\/progettotouring.it\/radiotouring104\/#\/schema\/logo\/image\/\"}},{\"@type\":\"Person\",\"@id\":\"https:\/\/progettotouring.it\/radiotouring104\/#\/schema\/person\/78613917f1851f041f7483f5af1d422e\",\"name\":\"Sebastiano Plutino\",\"image\":{\"@type\":\"ImageObject\",\"inLanguage\":\"it-IT\",\"@id\":\"https:\/\/secure.gravatar.com\/avatar\/0546ffaa9b79224faf9f2a156b67a529ae861d3287c66c1d8ccfdf909bcba78d?s=96&d=mm&r=g\",\"url\":\"https:\/\/secure.gravatar.com\/avatar\/0546ffaa9b79224faf9f2a156b67a529ae861d3287c66c1d8ccfdf909bcba78d?s=96&d=mm&r=g\",\"contentUrl\":\"https:\/\/secure.gravatar.com\/avatar\/0546ffaa9b79224faf9f2a156b67a529ae861d3287c66c1d8ccfdf909bcba78d?s=96&d=mm&r=g\",\"caption\":\"Sebastiano Plutino\"},\"url\":\"https:\/\/progettotouring.it\/radiotouring104\/author\/sebastiano\/\"}]}<\/script>\n<!-- \/ Yoast SEO plugin. -->","yoast_head_json":{"title":"AFAM: Gallo nuovo presidente del Conservatorio di Cosenza","description":"\"l\u2019Alta formazione artistica, musicale e coreuticaun fiore all\u2019occhiello del nostro Paese\", commenta il Ministro Bernini","robots":{"index":"index","follow":"follow","max-snippet":"max-snippet:-1","max-image-preview":"max-image-preview:large","max-video-preview":"max-video-preview:-1"},"canonical":"https:\/\/progettotouring.it\/radiotouring104\/2023\/01\/19\/afam-gallo-nuovo-presidente-del-conservatorio-di-musica-di-cosenza\/","og_locale":"it_IT","og_type":"article","og_title":"AFAM: Gallo nuovo presidente del Conservatorio di Cosenza","og_description":"\"l\u2019Alta formazione artistica, musicale e coreuticaun fiore all\u2019occhiello del nostro Paese\", commenta il Ministro Bernini","og_url":"https:\/\/progettotouring.it\/radiotouring104\/2023\/01\/19\/afam-gallo-nuovo-presidente-del-conservatorio-di-musica-di-cosenza\/","og_site_name":"Radio Touring 104","article_published_time":"2023-01-19T12:09:53+00:00","og_image":[{"width":800,"height":800,"url":"https:\/\/progettotouring.it\/radiotouring104\/wp-content\/uploads\/sites\/6\/2023\/01\/carmelo-gallo.jpg","type":"image\/jpeg"}],"author":"Sebastiano Plutino","twitter_card":"summary_large_image","twitter_misc":{"Scritto da":"Sebastiano Plutino","Tempo di lettura stimato":"1 minuto"},"schema":{"@context":"https:\/\/schema.org","@graph":[{"@type":"Article","@id":"https:\/\/progettotouring.it\/radiotouring104\/2023\/01\/19\/afam-gallo-nuovo-presidente-del-conservatorio-di-musica-di-cosenza\/#article","isPartOf":{"@id":"https:\/\/progettotouring.it\/radiotouring104\/2023\/01\/19\/afam-gallo-nuovo-presidente-del-conservatorio-di-musica-di-cosenza\/"},"author":{"name":"Sebastiano Plutino","@id":"https:\/\/progettotouring.it\/radiotouring104\/#\/schema\/person\/78613917f1851f041f7483f5af1d422e"},"headline":"AFAM: Gallo nuovo presidente del Conservatorio di Musica di Cosenza","datePublished":"2023-01-19T12:09:53+00:00","mainEntityOfPage":{"@id":"https:\/\/progettotouring.it\/radiotouring104\/2023\/01\/19\/afam-gallo-nuovo-presidente-del-conservatorio-di-musica-di-cosenza\/"},"wordCount":180,"commentCount":0,"publisher":{"@id":"https:\/\/progettotouring.it\/radiotouring104\/#organization"},"image":{"@id":"https:\/\/progettotouring.it\/radiotouring104\/2023\/01\/19\/afam-gallo-nuovo-presidente-del-conservatorio-di-musica-di-cosenza\/#primaryimage"},"thumbnailUrl":"https:\/\/progettotouring.it\/radiotouring104\/wp-content\/uploads\/sites\/6\/2023\/01\/carmelo-gallo.jpg","keywords":["Carmelo Gallo","Ministro Bernini","nuovo presidente del Conservatorio di Cosenza"],"articleSection":["Calabria","Home","News"],"inLanguage":"it-IT","potentialAction":[{"@type":"CommentAction","name":"Comment","target":["https:\/\/progettotouring.it\/radiotouring104\/2023\/01\/19\/afam-gallo-nuovo-presidente-del-conservatorio-di-musica-di-cosenza\/#respond"]}]},{"@type":"WebPage","@id":"https:\/\/progettotouring.it\/radiotouring104\/2023\/01\/19\/afam-gallo-nuovo-presidente-del-conservatorio-di-musica-di-cosenza\/","url":"https:\/\/progettotouring.it\/radiotouring104\/2023\/01\/19\/afam-gallo-nuovo-presidente-del-conservatorio-di-musica-di-cosenza\/","name":"AFAM: Gallo nuovo presidente del Conservatorio di Cosenza","isPartOf":{"@id":"https:\/\/progettotouring.it\/radiotouring104\/#website"},"primaryImageOfPage":{"@id":"https:\/\/progettotouring.it\/radiotouring104\/2023\/01\/19\/afam-gallo-nuovo-presidente-del-conservatorio-di-musica-di-cosenza\/#primaryimage"},"image":{"@id":"https:\/\/progettotouring.it\/radiotouring104\/2023\/01\/19\/afam-gallo-nuovo-presidente-del-conservatorio-di-musica-di-cosenza\/#primaryimage"},"thumbnailUrl":"https:\/\/progettotouring.it\/radiotouring104\/wp-content\/uploads\/sites\/6\/2023\/01\/carmelo-gallo.jpg","datePublished":"2023-01-19T12:09:53+00:00","description":"\"l\u2019Alta formazione artistica, musicale e coreuticaun fiore all\u2019occhiello del nostro Paese\", commenta il Ministro Bernini","breadcrumb":{"@id":"https:\/\/progettotouring.it\/radiotouring104\/2023\/01\/19\/afam-gallo-nuovo-presidente-del-conservatorio-di-musica-di-cosenza\/#breadcrumb"},"inLanguage":"it-IT","potentialAction":[{"@type":"ReadAction","target":["https:\/\/progettotouring.it\/radiotouring104\/2023\/01\/19\/afam-gallo-nuovo-presidente-del-conservatorio-di-musica-di-cosenza\/"]}]},{"@type":"ImageObject","inLanguage":"it-IT","@id":"https:\/\/progettotouring.it\/radiotouring104\/2023\/01\/19\/afam-gallo-nuovo-presidente-del-conservatorio-di-musica-di-cosenza\/#primaryimage","url":"https:\/\/progettotouring.it\/radiotouring104\/wp-content\/uploads\/sites\/6\/2023\/01\/carmelo-gallo.jpg","contentUrl":"https:\/\/progettotouring.it\/radiotouring104\/wp-content\/uploads\/sites\/6\/2023\/01\/carmelo-gallo.jpg","width":800,"height":800},{"@type":"BreadcrumbList","@id":"https:\/\/progettotouring.it\/radiotouring104\/2023\/01\/19\/afam-gallo-nuovo-presidente-del-conservatorio-di-musica-di-cosenza\/#breadcrumb","itemListElement":[{"@type":"ListItem","position":1,"name":"Home","item":"https:\/\/progettotouring.it\/radiotouring104\/"},{"@type":"ListItem","position":2,"name":"AFAM: Gallo nuovo presidente del Conservatorio di Musica di Cosenza"}]},{"@type":"WebSite","@id":"https:\/\/progettotouring.it\/radiotouring104\/#website","url":"https:\/\/progettotouring.it\/radiotouring104\/","name":"Radio Touring 104","description":"La prima radio Reggina","publisher":{"@id":"https:\/\/progettotouring.it\/radiotouring104\/#organization"},"potentialAction":[{"@type":"SearchAction","target":{"@type":"EntryPoint","urlTemplate":"https:\/\/progettotouring.it\/radiotouring104\/?s={search_term_string}"},"query-input":{"@type":"PropertyValueSpecification","valueRequired":true,"valueName":"search_term_string"}}],"inLanguage":"it-IT"},{"@type":"Organization","@id":"https:\/\/progettotouring.it\/radiotouring104\/#organization","name":"Radio Touring 104","url":"https:\/\/progettotouring.it\/radiotouring104\/","logo":{"@type":"ImageObject","inLanguage":"it-IT","@id":"https:\/\/progettotouring.it\/radiotouring104\/#\/schema\/logo\/image\/","url":"https:\/\/progettotouring.it\/radiotouring104\/wp-content\/uploads\/sites\/6\/2022\/02\/cropped-logo-radio-touring-104.png","contentUrl":"https:\/\/progettotouring.it\/radiotouring104\/wp-content\/uploads\/sites\/6\/2022\/02\/cropped-logo-radio-touring-104.png","width":377,"height":182,"caption":"Radio Touring 104"},"image":{"@id":"https:\/\/progettotouring.it\/radiotouring104\/#\/schema\/logo\/image\/"}},{"@type":"Person","@id":"https:\/\/progettotouring.it\/radiotouring104\/#\/schema\/person\/78613917f1851f041f7483f5af1d422e","name":"Sebastiano Plutino","image":{"@type":"ImageObject","inLanguage":"it-IT","@id":"https:\/\/secure.gravatar.com\/avatar\/0546ffaa9b79224faf9f2a156b67a529ae861d3287c66c1d8ccfdf909bcba78d?s=96&d=mm&r=g","url":"https:\/\/secure.gravatar.com\/avatar\/0546ffaa9b79224faf9f2a156b67a529ae861d3287c66c1d8ccfdf909bcba78d?s=96&d=mm&r=g","contentUrl":"https:\/\/secure.gravatar.com\/avatar\/0546ffaa9b79224faf9f2a156b67a529ae861d3287c66c1d8ccfdf909bcba78d?s=96&d=mm&r=g","caption":"Sebastiano Plutino"},"url":"https:\/\/progettotouring.it\/radiotouring104\/author\/sebastiano\/"}]}},"jetpack_publicize_connections":[],"jetpack_featured_media_url":"https:\/\/progettotouring.it\/radiotouring104\/wp-content\/uploads\/sites\/6\/2023\/01\/carmelo-gallo.jpg","jetpack_sharing_enabled":true,"_links":{"self":[{"href":"https:\/\/progettotouring.it\/radiotouring104\/wp-json\/wp\/v2\/posts\/17134","targetHints":{"allow":["GET"]}}],"collection":[{"href":"https:\/\/progettotouring.it\/radiotouring104\/wp-json\/wp\/v2\/posts"}],"about":[{"href":"https:\/\/progettotouring.it\/radiotouring104\/wp-json\/wp\/v2\/types\/post"}],"author":[{"embeddable":true,"href":"https:\/\/progettotouring.it\/radiotouring104\/wp-json\/wp\/v2\/users\/12"}],"replies":[{"embeddable":true,"href":"https:\/\/progettotouring.it\/radiotouring104\/wp-json\/wp\/v2\/comments?post=17134"}],"version-history":[{"count":1,"href":"https:\/\/progettotouring.it\/radiotouring104\/wp-json\/wp\/v2\/posts\/17134\/revisions"}],"predecessor-version":[{"id":17136,"href":"https:\/\/progettotouring.it\/radiotouring104\/wp-json\/wp\/v2\/posts\/17134\/revisions\/17136"}],"wp:featuredmedia":[{"embeddable":true,"href":"https:\/\/progettotouring.it\/radiotouring104\/wp-json\/wp\/v2\/media\/17135"}],"wp:attachment":[{"href":"https:\/\/progettotouring.it\/radiotouring104\/wp-json\/wp\/v2\/media?parent=17134"}],"wp:term":[{"taxonomy":"category","embeddable":true,"href":"https:\/\/progettotouring.it\/radiotouring104\/wp-json\/wp\/v2\/categories?post=17134"},{"taxonomy":"post_tag","embeddable":true,"href":"https:\/\/progettotouring.it\/radiotouring104\/wp-json\/wp\/v2\/tags?post=17134"}],"curies":[{"name":"wp","href":"https:\/\/api.w.org\/{rel}","templated":true}]}}