{"id":17137,"date":"2023-01-19T13:20:04","date_gmt":"2023-01-19T12:20:04","guid":{"rendered":"https:\/\/progettotouring.it\/radiotouring104\/?p=17137"},"modified":"2023-01-19T13:20:04","modified_gmt":"2023-01-19T12:20:04","slug":"incontro-ass-muse-al-castello-aragonese","status":"publish","type":"post","link":"https:\/\/progettotouring.it\/radiotouring104\/2023\/01\/19\/incontro-ass-muse-al-castello-aragonese\/","title":{"rendered":"Incontro Ass. Muse al Castello Aragonese"},"content":{"rendered":"<p>L\u2019associazione culturale Le Muse \u201cLaboratorio delle Arti e delle Lettere\u201d di Reggio Calabria, dopo la breve pausa natalizia ha ripreso il suo itinerario presso le storiche sale del Castello Aragonese.<\/p>\n<p>Un nuovo inizio, ha dichiarato il presidente Muse prof. Giuseppe Livoti creando cos\u00ec l\u2019occasione per i soci di poter visitare, fuori sede, una mostra dedicata al mondo della fotografia che trova nel \u201cvolto\u201d la sua identit\u00e0 ed identificazione. \u201cThe Faces Family of art\u201d \u00e8 espressione del talento e della forza creativa del fotografo Antonio Sollazzo, cos\u00ec come ha ricordato l\u2019assessore alla cultura della citt\u00e0 di Reggio Calabria Irene \u00a0Calabro\u2019. E\u2019 un piacere ritrovare i soci delle Muse che per questa occasione, numerosi hanno animato gli spazi e i luoghi espositivi del Castello. Questo ci onora poich\u00e9 anche \u201cLe Muse\u201d appartengono alle importanti realt\u00e0 della nostra citt\u00e0 cos\u00ec come lo dimostra l\u2019attenta e copiosa attivit\u00e0. Un sodalizio che da lustro alla nostra Reggio e che \u00e8 presente anche per questa mostra fotografica di Sollazzo, patrocinata dal Comune insieme al presepe storico di Vincenzo Papalia, organizzate come avvenimenti espositivi da dicembre fino a febbraio. Livoti ha ricordato come tale percorso figurativo \u00e8 stato rivolto dal noto professionista reggino verso la ritrattistica, elaborando volti, visi ed atteggiamenti che in questa prima fase di studio hanno riunito in un unico atto e processo creativo volti che identificano percorsi culturali, artistici nella citt\u00e0 metropolitana e non solo. Le fotografie accolgono luce e ombra come un dato di fatto, di persone che operano non come un adattamento dell\u2019immagine alla realt\u00e0, ma in una relazione tra rappresentazione e rappresentato. Foto che traducono le apparenze e rendono efficaci volti \u2013 citati nell\u2019immagine fotografica \u2013 che si protendono rigorosamente in bianco e nero, con segno monocromatico ad una verit\u00e0 operativa. Una dinamica importante che inconsapevolmente ha visto come visi da cavalletto numerosi operatori della citt\u00e0 e della regione ma chiaramente sin dall\u2019inizio erano inconsapevoli di essere successivamente i protagonisti in circa due anni di lavoro di questa retrospettiva. \u00a0Una particolare attenzione &#8211; ha aggiunto Livoti &#8211; anche al presepe di Vincenzo Papalia che, pur se collegato alla tradizione napoletana, attualizza momenti storici come il mistero, il diversorio o scene di genere in cui anche la scoperta dei bronzi di Riace attualizza un momento storico. La conversazione con l\u2019artista Sollazzo \u00e8 stata utile per comprendere al meglio quali sono le nature dei soggetti fotografati. Chi mi conosce, ha detto il fotografo, sa bene che da anni i miei scatti li dedico ad importanti spettacoli teatrali, trovandomi posto dietro e davanti le quinte. Da tutto questo sono nate amicizie, conoscenze, relazioni umane ed ho conosciuto anche addetti ai lavori che operano fuori Calabria, addetti che spesso identifichiamo con nome e cognome ma non conosciamo visivamente. A questo gruppo, poi, ho aggiunto altri operatori della cultura che ho invitato per alcuni scatti creando un vero e proprio inventario che \u00e8 una parte dell\u2019humus culturale della citt\u00e0 e che con il tempo verr\u00e0 ampliata. Un catalogo infine lascer\u00e0 traccia visiva oltre la memoria della mostra stessa. La vice presidente Muse Orsola Latella si \u00e8 soffermata sulla fotografia come strategia per conferire verit\u00e0 ed autenticit\u00e0 a chi si prodiga anche con sacrificio alla missione della cultura. Il ritratto, dunque, come fatto di comunicazione, di dialogo fra tutti all\u2019interno di una comunit\u00e0.<\/p>\n<p>&nbsp;<\/p>\n<p>&nbsp;<\/p>\n<p>&nbsp;<\/p>\n<p>&nbsp;<\/p>\n<p>&nbsp;<\/p>\n<p>&nbsp;<\/p>\n<p>&nbsp;<\/p>\n<p>&nbsp;<\/p>\n<p>&nbsp;<\/p>\n<p>&nbsp;<\/p>\n<p>&nbsp;<\/p>\n","protected":false},"excerpt":{"rendered":"<p>L\u2019associazione culturale Le Muse \u201cLaboratorio delle Arti e delle Lettere\u201d di Reggio Calabria, dopo la breve pausa natalizia ha ripreso il suo itinerario presso le storiche sale del Castello Aragonese.&hellip;<\/p>\n","protected":false},"author":12,"featured_media":17138,"comment_status":"open","ping_status":"open","sticky":false,"template":"","format":"standard","meta":{"_jetpack_memberships_contains_paid_content":false,"footnotes":"","jetpack_publicize_message":"","jetpack_publicize_feature_enabled":true,"jetpack_social_post_already_shared":false,"jetpack_social_options":{"image_generator_settings":{"template":"highway","default_image_id":0,"font":"","enabled":false},"version":2}},"categories":[921,196,140],"tags":[633,8205,1090,5706,8719],"class_list":["post-17137","post","type-post","status-publish","format-standard","has-post-thumbnail","hentry","category-home","category-news","category-reggio-calabria","tag-antonio-sollazzo","tag-ass-irene-calabro","tag-castello-aragonese","tag-giuseppe-livoti","tag-mostra-the-faces-family-of-art"],"yoast_head":"<!-- This site is optimized with the Yoast SEO plugin v27.2 - https:\/\/yoast.com\/product\/yoast-seo-wordpress\/ -->\n<title>Incontro Ass. Muse al Castello Aragonese<\/title>\n<meta name=\"description\" content=\"Incontro fuori sede per l&#039;Ass, Le Muse che ha visitato la mostra \u201cThe Faces Family of art\u201d di A. Sollazzo, presente anche l&#039;Ass Calabr\u00f2\" \/>\n<meta name=\"robots\" content=\"index, follow, max-snippet:-1, max-image-preview:large, max-video-preview:-1\" \/>\n<link rel=\"canonical\" href=\"https:\/\/progettotouring.it\/radiotouring104\/2023\/01\/19\/incontro-ass-muse-al-castello-aragonese\/\" \/>\n<meta property=\"og:locale\" content=\"it_IT\" \/>\n<meta property=\"og:type\" content=\"article\" \/>\n<meta property=\"og:title\" content=\"Incontro Ass. Muse al Castello Aragonese\" \/>\n<meta property=\"og:description\" content=\"Incontro fuori sede per l&#039;Ass, Le Muse che ha visitato la mostra \u201cThe Faces Family of art\u201d di A. Sollazzo, presente anche l&#039;Ass Calabr\u00f2\" \/>\n<meta property=\"og:url\" content=\"https:\/\/progettotouring.it\/radiotouring104\/2023\/01\/19\/incontro-ass-muse-al-castello-aragonese\/\" \/>\n<meta property=\"og:site_name\" content=\"Radio Touring 104\" \/>\n<meta property=\"article:published_time\" content=\"2023-01-19T12:20:04+00:00\" \/>\n<meta property=\"og:image\" content=\"https:\/\/progettotouring.it\/radiotouring104\/wp-content\/uploads\/sites\/6\/2023\/01\/sollazzo-calabro-livoti.png\" \/>\n\t<meta property=\"og:image:width\" content=\"457\" \/>\n\t<meta property=\"og:image:height\" content=\"292\" \/>\n\t<meta property=\"og:image:type\" content=\"image\/png\" \/>\n<meta name=\"author\" content=\"Sebastiano Plutino\" \/>\n<meta name=\"twitter:card\" content=\"summary_large_image\" \/>\n<meta name=\"twitter:label1\" content=\"Scritto da\" \/>\n\t<meta name=\"twitter:data1\" content=\"Sebastiano Plutino\" \/>\n\t<meta name=\"twitter:label2\" content=\"Tempo di lettura stimato\" \/>\n\t<meta name=\"twitter:data2\" content=\"3 minuti\" \/>\n<script type=\"application\/ld+json\" class=\"yoast-schema-graph\">{\"@context\":\"https:\/\/schema.org\",\"@graph\":[{\"@type\":\"Article\",\"@id\":\"https:\/\/progettotouring.it\/radiotouring104\/2023\/01\/19\/incontro-ass-muse-al-castello-aragonese\/#article\",\"isPartOf\":{\"@id\":\"https:\/\/progettotouring.it\/radiotouring104\/2023\/01\/19\/incontro-ass-muse-al-castello-aragonese\/\"},\"author\":{\"name\":\"Sebastiano Plutino\",\"@id\":\"https:\/\/progettotouring.it\/radiotouring104\/#\/schema\/person\/78613917f1851f041f7483f5af1d422e\"},\"headline\":\"Incontro Ass. Muse al Castello Aragonese\",\"datePublished\":\"2023-01-19T12:20:04+00:00\",\"mainEntityOfPage\":{\"@id\":\"https:\/\/progettotouring.it\/radiotouring104\/2023\/01\/19\/incontro-ass-muse-al-castello-aragonese\/\"},\"wordCount\":566,\"commentCount\":0,\"publisher\":{\"@id\":\"https:\/\/progettotouring.it\/radiotouring104\/#organization\"},\"image\":{\"@id\":\"https:\/\/progettotouring.it\/radiotouring104\/2023\/01\/19\/incontro-ass-muse-al-castello-aragonese\/#primaryimage\"},\"thumbnailUrl\":\"https:\/\/progettotouring.it\/radiotouring104\/wp-content\/uploads\/sites\/6\/2023\/01\/sollazzo-calabro-livoti.png\",\"keywords\":[\"Antonio Sollazzo\",\"Ass. Irene Calabr\u00f2\",\"Castello Aragonese\",\"Giuseppe Livoti\",\"mostra \u201cThe Faces Family of art\u201d\"],\"articleSection\":[\"Home\",\"News\",\"Reggio Calabria\"],\"inLanguage\":\"it-IT\",\"potentialAction\":[{\"@type\":\"CommentAction\",\"name\":\"Comment\",\"target\":[\"https:\/\/progettotouring.it\/radiotouring104\/2023\/01\/19\/incontro-ass-muse-al-castello-aragonese\/#respond\"]}]},{\"@type\":\"WebPage\",\"@id\":\"https:\/\/progettotouring.it\/radiotouring104\/2023\/01\/19\/incontro-ass-muse-al-castello-aragonese\/\",\"url\":\"https:\/\/progettotouring.it\/radiotouring104\/2023\/01\/19\/incontro-ass-muse-al-castello-aragonese\/\",\"name\":\"Incontro Ass. Muse al Castello Aragonese\",\"isPartOf\":{\"@id\":\"https:\/\/progettotouring.it\/radiotouring104\/#website\"},\"primaryImageOfPage\":{\"@id\":\"https:\/\/progettotouring.it\/radiotouring104\/2023\/01\/19\/incontro-ass-muse-al-castello-aragonese\/#primaryimage\"},\"image\":{\"@id\":\"https:\/\/progettotouring.it\/radiotouring104\/2023\/01\/19\/incontro-ass-muse-al-castello-aragonese\/#primaryimage\"},\"thumbnailUrl\":\"https:\/\/progettotouring.it\/radiotouring104\/wp-content\/uploads\/sites\/6\/2023\/01\/sollazzo-calabro-livoti.png\",\"datePublished\":\"2023-01-19T12:20:04+00:00\",\"description\":\"Incontro fuori sede per l'Ass, Le Muse che ha visitato la mostra \u201cThe Faces Family of art\u201d di A. Sollazzo, presente anche l'Ass Calabr\u00f2\",\"breadcrumb\":{\"@id\":\"https:\/\/progettotouring.it\/radiotouring104\/2023\/01\/19\/incontro-ass-muse-al-castello-aragonese\/#breadcrumb\"},\"inLanguage\":\"it-IT\",\"potentialAction\":[{\"@type\":\"ReadAction\",\"target\":[\"https:\/\/progettotouring.it\/radiotouring104\/2023\/01\/19\/incontro-ass-muse-al-castello-aragonese\/\"]}]},{\"@type\":\"ImageObject\",\"inLanguage\":\"it-IT\",\"@id\":\"https:\/\/progettotouring.it\/radiotouring104\/2023\/01\/19\/incontro-ass-muse-al-castello-aragonese\/#primaryimage\",\"url\":\"https:\/\/progettotouring.it\/radiotouring104\/wp-content\/uploads\/sites\/6\/2023\/01\/sollazzo-calabro-livoti.png\",\"contentUrl\":\"https:\/\/progettotouring.it\/radiotouring104\/wp-content\/uploads\/sites\/6\/2023\/01\/sollazzo-calabro-livoti.png\",\"width\":457,\"height\":292},{\"@type\":\"BreadcrumbList\",\"@id\":\"https:\/\/progettotouring.it\/radiotouring104\/2023\/01\/19\/incontro-ass-muse-al-castello-aragonese\/#breadcrumb\",\"itemListElement\":[{\"@type\":\"ListItem\",\"position\":1,\"name\":\"Home\",\"item\":\"https:\/\/progettotouring.it\/radiotouring104\/\"},{\"@type\":\"ListItem\",\"position\":2,\"name\":\"Incontro Ass. Muse al Castello Aragonese\"}]},{\"@type\":\"WebSite\",\"@id\":\"https:\/\/progettotouring.it\/radiotouring104\/#website\",\"url\":\"https:\/\/progettotouring.it\/radiotouring104\/\",\"name\":\"Radio Touring 104\",\"description\":\"La prima radio Reggina\",\"publisher\":{\"@id\":\"https:\/\/progettotouring.it\/radiotouring104\/#organization\"},\"potentialAction\":[{\"@type\":\"SearchAction\",\"target\":{\"@type\":\"EntryPoint\",\"urlTemplate\":\"https:\/\/progettotouring.it\/radiotouring104\/?s={search_term_string}\"},\"query-input\":{\"@type\":\"PropertyValueSpecification\",\"valueRequired\":true,\"valueName\":\"search_term_string\"}}],\"inLanguage\":\"it-IT\"},{\"@type\":\"Organization\",\"@id\":\"https:\/\/progettotouring.it\/radiotouring104\/#organization\",\"name\":\"Radio Touring 104\",\"url\":\"https:\/\/progettotouring.it\/radiotouring104\/\",\"logo\":{\"@type\":\"ImageObject\",\"inLanguage\":\"it-IT\",\"@id\":\"https:\/\/progettotouring.it\/radiotouring104\/#\/schema\/logo\/image\/\",\"url\":\"https:\/\/progettotouring.it\/radiotouring104\/wp-content\/uploads\/sites\/6\/2022\/02\/cropped-logo-radio-touring-104.png\",\"contentUrl\":\"https:\/\/progettotouring.it\/radiotouring104\/wp-content\/uploads\/sites\/6\/2022\/02\/cropped-logo-radio-touring-104.png\",\"width\":377,\"height\":182,\"caption\":\"Radio Touring 104\"},\"image\":{\"@id\":\"https:\/\/progettotouring.it\/radiotouring104\/#\/schema\/logo\/image\/\"}},{\"@type\":\"Person\",\"@id\":\"https:\/\/progettotouring.it\/radiotouring104\/#\/schema\/person\/78613917f1851f041f7483f5af1d422e\",\"name\":\"Sebastiano Plutino\",\"image\":{\"@type\":\"ImageObject\",\"inLanguage\":\"it-IT\",\"@id\":\"https:\/\/secure.gravatar.com\/avatar\/0546ffaa9b79224faf9f2a156b67a529ae861d3287c66c1d8ccfdf909bcba78d?s=96&d=mm&r=g\",\"url\":\"https:\/\/secure.gravatar.com\/avatar\/0546ffaa9b79224faf9f2a156b67a529ae861d3287c66c1d8ccfdf909bcba78d?s=96&d=mm&r=g\",\"contentUrl\":\"https:\/\/secure.gravatar.com\/avatar\/0546ffaa9b79224faf9f2a156b67a529ae861d3287c66c1d8ccfdf909bcba78d?s=96&d=mm&r=g\",\"caption\":\"Sebastiano Plutino\"},\"url\":\"https:\/\/progettotouring.it\/radiotouring104\/author\/sebastiano\/\"}]}<\/script>\n<!-- \/ Yoast SEO plugin. -->","yoast_head_json":{"title":"Incontro Ass. Muse al Castello Aragonese","description":"Incontro fuori sede per l'Ass, Le Muse che ha visitato la mostra \u201cThe Faces Family of art\u201d di A. Sollazzo, presente anche l'Ass Calabr\u00f2","robots":{"index":"index","follow":"follow","max-snippet":"max-snippet:-1","max-image-preview":"max-image-preview:large","max-video-preview":"max-video-preview:-1"},"canonical":"https:\/\/progettotouring.it\/radiotouring104\/2023\/01\/19\/incontro-ass-muse-al-castello-aragonese\/","og_locale":"it_IT","og_type":"article","og_title":"Incontro Ass. Muse al Castello Aragonese","og_description":"Incontro fuori sede per l'Ass, Le Muse che ha visitato la mostra \u201cThe Faces Family of art\u201d di A. Sollazzo, presente anche l'Ass Calabr\u00f2","og_url":"https:\/\/progettotouring.it\/radiotouring104\/2023\/01\/19\/incontro-ass-muse-al-castello-aragonese\/","og_site_name":"Radio Touring 104","article_published_time":"2023-01-19T12:20:04+00:00","og_image":[{"width":457,"height":292,"url":"https:\/\/progettotouring.it\/radiotouring104\/wp-content\/uploads\/sites\/6\/2023\/01\/sollazzo-calabro-livoti.png","type":"image\/png"}],"author":"Sebastiano Plutino","twitter_card":"summary_large_image","twitter_misc":{"Scritto da":"Sebastiano Plutino","Tempo di lettura stimato":"3 minuti"},"schema":{"@context":"https:\/\/schema.org","@graph":[{"@type":"Article","@id":"https:\/\/progettotouring.it\/radiotouring104\/2023\/01\/19\/incontro-ass-muse-al-castello-aragonese\/#article","isPartOf":{"@id":"https:\/\/progettotouring.it\/radiotouring104\/2023\/01\/19\/incontro-ass-muse-al-castello-aragonese\/"},"author":{"name":"Sebastiano Plutino","@id":"https:\/\/progettotouring.it\/radiotouring104\/#\/schema\/person\/78613917f1851f041f7483f5af1d422e"},"headline":"Incontro Ass. Muse al Castello Aragonese","datePublished":"2023-01-19T12:20:04+00:00","mainEntityOfPage":{"@id":"https:\/\/progettotouring.it\/radiotouring104\/2023\/01\/19\/incontro-ass-muse-al-castello-aragonese\/"},"wordCount":566,"commentCount":0,"publisher":{"@id":"https:\/\/progettotouring.it\/radiotouring104\/#organization"},"image":{"@id":"https:\/\/progettotouring.it\/radiotouring104\/2023\/01\/19\/incontro-ass-muse-al-castello-aragonese\/#primaryimage"},"thumbnailUrl":"https:\/\/progettotouring.it\/radiotouring104\/wp-content\/uploads\/sites\/6\/2023\/01\/sollazzo-calabro-livoti.png","keywords":["Antonio Sollazzo","Ass. Irene Calabr\u00f2","Castello Aragonese","Giuseppe Livoti","mostra \u201cThe Faces Family of art\u201d"],"articleSection":["Home","News","Reggio Calabria"],"inLanguage":"it-IT","potentialAction":[{"@type":"CommentAction","name":"Comment","target":["https:\/\/progettotouring.it\/radiotouring104\/2023\/01\/19\/incontro-ass-muse-al-castello-aragonese\/#respond"]}]},{"@type":"WebPage","@id":"https:\/\/progettotouring.it\/radiotouring104\/2023\/01\/19\/incontro-ass-muse-al-castello-aragonese\/","url":"https:\/\/progettotouring.it\/radiotouring104\/2023\/01\/19\/incontro-ass-muse-al-castello-aragonese\/","name":"Incontro Ass. Muse al Castello Aragonese","isPartOf":{"@id":"https:\/\/progettotouring.it\/radiotouring104\/#website"},"primaryImageOfPage":{"@id":"https:\/\/progettotouring.it\/radiotouring104\/2023\/01\/19\/incontro-ass-muse-al-castello-aragonese\/#primaryimage"},"image":{"@id":"https:\/\/progettotouring.it\/radiotouring104\/2023\/01\/19\/incontro-ass-muse-al-castello-aragonese\/#primaryimage"},"thumbnailUrl":"https:\/\/progettotouring.it\/radiotouring104\/wp-content\/uploads\/sites\/6\/2023\/01\/sollazzo-calabro-livoti.png","datePublished":"2023-01-19T12:20:04+00:00","description":"Incontro fuori sede per l'Ass, Le Muse che ha visitato la mostra \u201cThe Faces Family of art\u201d di A. Sollazzo, presente anche l'Ass Calabr\u00f2","breadcrumb":{"@id":"https:\/\/progettotouring.it\/radiotouring104\/2023\/01\/19\/incontro-ass-muse-al-castello-aragonese\/#breadcrumb"},"inLanguage":"it-IT","potentialAction":[{"@type":"ReadAction","target":["https:\/\/progettotouring.it\/radiotouring104\/2023\/01\/19\/incontro-ass-muse-al-castello-aragonese\/"]}]},{"@type":"ImageObject","inLanguage":"it-IT","@id":"https:\/\/progettotouring.it\/radiotouring104\/2023\/01\/19\/incontro-ass-muse-al-castello-aragonese\/#primaryimage","url":"https:\/\/progettotouring.it\/radiotouring104\/wp-content\/uploads\/sites\/6\/2023\/01\/sollazzo-calabro-livoti.png","contentUrl":"https:\/\/progettotouring.it\/radiotouring104\/wp-content\/uploads\/sites\/6\/2023\/01\/sollazzo-calabro-livoti.png","width":457,"height":292},{"@type":"BreadcrumbList","@id":"https:\/\/progettotouring.it\/radiotouring104\/2023\/01\/19\/incontro-ass-muse-al-castello-aragonese\/#breadcrumb","itemListElement":[{"@type":"ListItem","position":1,"name":"Home","item":"https:\/\/progettotouring.it\/radiotouring104\/"},{"@type":"ListItem","position":2,"name":"Incontro Ass. Muse al Castello Aragonese"}]},{"@type":"WebSite","@id":"https:\/\/progettotouring.it\/radiotouring104\/#website","url":"https:\/\/progettotouring.it\/radiotouring104\/","name":"Radio Touring 104","description":"La prima radio Reggina","publisher":{"@id":"https:\/\/progettotouring.it\/radiotouring104\/#organization"},"potentialAction":[{"@type":"SearchAction","target":{"@type":"EntryPoint","urlTemplate":"https:\/\/progettotouring.it\/radiotouring104\/?s={search_term_string}"},"query-input":{"@type":"PropertyValueSpecification","valueRequired":true,"valueName":"search_term_string"}}],"inLanguage":"it-IT"},{"@type":"Organization","@id":"https:\/\/progettotouring.it\/radiotouring104\/#organization","name":"Radio Touring 104","url":"https:\/\/progettotouring.it\/radiotouring104\/","logo":{"@type":"ImageObject","inLanguage":"it-IT","@id":"https:\/\/progettotouring.it\/radiotouring104\/#\/schema\/logo\/image\/","url":"https:\/\/progettotouring.it\/radiotouring104\/wp-content\/uploads\/sites\/6\/2022\/02\/cropped-logo-radio-touring-104.png","contentUrl":"https:\/\/progettotouring.it\/radiotouring104\/wp-content\/uploads\/sites\/6\/2022\/02\/cropped-logo-radio-touring-104.png","width":377,"height":182,"caption":"Radio Touring 104"},"image":{"@id":"https:\/\/progettotouring.it\/radiotouring104\/#\/schema\/logo\/image\/"}},{"@type":"Person","@id":"https:\/\/progettotouring.it\/radiotouring104\/#\/schema\/person\/78613917f1851f041f7483f5af1d422e","name":"Sebastiano Plutino","image":{"@type":"ImageObject","inLanguage":"it-IT","@id":"https:\/\/secure.gravatar.com\/avatar\/0546ffaa9b79224faf9f2a156b67a529ae861d3287c66c1d8ccfdf909bcba78d?s=96&d=mm&r=g","url":"https:\/\/secure.gravatar.com\/avatar\/0546ffaa9b79224faf9f2a156b67a529ae861d3287c66c1d8ccfdf909bcba78d?s=96&d=mm&r=g","contentUrl":"https:\/\/secure.gravatar.com\/avatar\/0546ffaa9b79224faf9f2a156b67a529ae861d3287c66c1d8ccfdf909bcba78d?s=96&d=mm&r=g","caption":"Sebastiano Plutino"},"url":"https:\/\/progettotouring.it\/radiotouring104\/author\/sebastiano\/"}]}},"jetpack_publicize_connections":[],"jetpack_featured_media_url":"https:\/\/progettotouring.it\/radiotouring104\/wp-content\/uploads\/sites\/6\/2023\/01\/sollazzo-calabro-livoti.png","jetpack_sharing_enabled":true,"_links":{"self":[{"href":"https:\/\/progettotouring.it\/radiotouring104\/wp-json\/wp\/v2\/posts\/17137","targetHints":{"allow":["GET"]}}],"collection":[{"href":"https:\/\/progettotouring.it\/radiotouring104\/wp-json\/wp\/v2\/posts"}],"about":[{"href":"https:\/\/progettotouring.it\/radiotouring104\/wp-json\/wp\/v2\/types\/post"}],"author":[{"embeddable":true,"href":"https:\/\/progettotouring.it\/radiotouring104\/wp-json\/wp\/v2\/users\/12"}],"replies":[{"embeddable":true,"href":"https:\/\/progettotouring.it\/radiotouring104\/wp-json\/wp\/v2\/comments?post=17137"}],"version-history":[{"count":1,"href":"https:\/\/progettotouring.it\/radiotouring104\/wp-json\/wp\/v2\/posts\/17137\/revisions"}],"predecessor-version":[{"id":17139,"href":"https:\/\/progettotouring.it\/radiotouring104\/wp-json\/wp\/v2\/posts\/17137\/revisions\/17139"}],"wp:featuredmedia":[{"embeddable":true,"href":"https:\/\/progettotouring.it\/radiotouring104\/wp-json\/wp\/v2\/media\/17138"}],"wp:attachment":[{"href":"https:\/\/progettotouring.it\/radiotouring104\/wp-json\/wp\/v2\/media?parent=17137"}],"wp:term":[{"taxonomy":"category","embeddable":true,"href":"https:\/\/progettotouring.it\/radiotouring104\/wp-json\/wp\/v2\/categories?post=17137"},{"taxonomy":"post_tag","embeddable":true,"href":"https:\/\/progettotouring.it\/radiotouring104\/wp-json\/wp\/v2\/tags?post=17137"}],"curies":[{"name":"wp","href":"https:\/\/api.w.org\/{rel}","templated":true}]}}