{"id":17144,"date":"2023-01-19T13:41:52","date_gmt":"2023-01-19T12:41:52","guid":{"rendered":"https:\/\/progettotouring.it\/radiotouring104\/?p=17144"},"modified":"2023-01-19T13:41:52","modified_gmt":"2023-01-19T12:41:52","slug":"reggio-stanganelli-a-palazzo-alvaro","status":"publish","type":"post","link":"https:\/\/progettotouring.it\/radiotouring104\/2023\/01\/19\/reggio-stanganelli-a-palazzo-alvaro\/","title":{"rendered":"Reggio: Stanganelli a Palazzo Alvaro"},"content":{"rendered":"<p>La Consulta Politiche Sociali del Comune di Reggio Calabria incontra il Garante della Salute della Regione Calabria. Mercoled\u00ec 25 gennaio, a partire dalle 9.30, nella Sala dei Lampadari Italo Falcomat\u00e0 di Palazzo San Giorgio, l&#8217;incontro tra le istituzioni cittadine ed il Garante regionale.<\/p>\n<p>&#8220;L&#8217;incontro &#8211; si legge in una nota della Consulta &#8211; raccoglie la grande disponibilit\u00e0 e attivismo della Garante, di recente nomina, ad ascoltare associazioni, club service, cittadini, amministratori, professionisti del settore sulle tante problematiche aperte, \u00a0consentendo quanto pi\u00f9 possibile un dialogo diretto e concreto per avviare a soluzione quanto sino ad oggi \u00e8 rimasto inevaso, anche rispetto ad altre regioni, in campo del diritto alla cura sancito dalla nostra Costituzione&#8221;.<\/p>\n<p>Tra le priorit\u00e0 esaminate nell\u2019incontro \u00e8 il riconoscimento di alcune patologie croniche invalidanti per andare incontro ai disagi e alle difficolt\u00e0 di numerosi pazienti. Tra queste la Fibromialgia, motivo del primo incontro della Consulta con la Garante insieme alla Presidente della Associazione Reggina Fibromialgia, Iolanda Votano, che tanto si \u00e8 spesa negli ultimi anni per ottenere per questa patologia l&#8217;inserimento nei LEA della Regione Calabria.<\/p>\n<p>Al tavolo di confronto, prenderanno parte la Presidente della Consulta comunale Politiche Sociali Marisa Cagliostro, cui \u00e8 affidata l&#8217;introduzione dell&#8217;incontro. Interverranno i sindaci facenti funzioni del Comune di Reggio Calabria, Paolo Brunetti, e della Citt\u00e0 Metropolitana Carmelo Versace, il Garante comunale della Salute, Giuseppe Ferreri, ed i rappresentanti di Associazioni e Club Services interessati al settore. Relazioner\u00e0 la Garante della Salute della Regione Calabria Anna Maria Stanganelli.<\/p>\n","protected":false},"excerpt":{"rendered":"<p>La Consulta Politiche Sociali del Comune di Reggio Calabria incontra il Garante della Salute della Regione Calabria. Mercoled\u00ec 25 gennaio, a partire dalle 9.30, nella Sala dei Lampadari Italo Falcomat\u00e0&hellip;<\/p>\n","protected":false},"author":13,"featured_media":17145,"comment_status":"open","ping_status":"open","sticky":false,"template":"","format":"standard","meta":{"_jetpack_memberships_contains_paid_content":false,"footnotes":"","jetpack_publicize_message":"","jetpack_publicize_feature_enabled":true,"jetpack_social_post_already_shared":false,"jetpack_social_options":{"image_generator_settings":{"template":"highway","default_image_id":0,"font":"","enabled":false},"version":2}},"categories":[921,196,140],"tags":[6679,8723,1540,739,8724,236],"class_list":["post-17144","post","type-post","status-publish","format-standard","has-post-thumbnail","hentry","category-home","category-news","category-reggio-calabria","tag-anna-maria-stanganelli","tag-diritto-alla-salute","tag-fibromialgia","tag-palazzo-alvaro","tag-patologie-croniche-invalidanti","tag-reggio-calabria"],"yoast_head":"<!-- This site is optimized with the Yoast SEO plugin v27.2 - https:\/\/yoast.com\/product\/yoast-seo-wordpress\/ -->\n<title>Reggio: Stanganelli a Palazzo Alvaro<\/title>\n<meta name=\"description\" content=\"Mercoled\u00ec 25 gennaio il Garante regionale della salute esaminer\u00e0 le patologie invalidanti che necessitano di un pi\u00f9 concreto riconoscimento\" \/>\n<meta name=\"robots\" content=\"index, follow, max-snippet:-1, max-image-preview:large, max-video-preview:-1\" \/>\n<link rel=\"canonical\" href=\"https:\/\/progettotouring.it\/radiotouring104\/2023\/01\/19\/reggio-stanganelli-a-palazzo-alvaro\/\" \/>\n<meta property=\"og:locale\" content=\"it_IT\" \/>\n<meta property=\"og:type\" content=\"article\" \/>\n<meta property=\"og:title\" content=\"Reggio: Stanganelli a Palazzo Alvaro\" \/>\n<meta property=\"og:description\" content=\"Mercoled\u00ec 25 gennaio il Garante regionale della salute esaminer\u00e0 le patologie invalidanti che necessitano di un pi\u00f9 concreto riconoscimento\" \/>\n<meta property=\"og:url\" content=\"https:\/\/progettotouring.it\/radiotouring104\/2023\/01\/19\/reggio-stanganelli-a-palazzo-alvaro\/\" \/>\n<meta property=\"og:site_name\" content=\"Radio Touring 104\" \/>\n<meta property=\"article:published_time\" content=\"2023-01-19T12:41:52+00:00\" \/>\n<meta property=\"og:image\" content=\"https:\/\/progettotouring.it\/radiotouring104\/wp-content\/uploads\/sites\/6\/2023\/01\/diritto-alla-salute.jpeg\" \/>\n\t<meta property=\"og:image:width\" content=\"1082\" \/>\n\t<meta property=\"og:image:height\" content=\"1600\" \/>\n\t<meta property=\"og:image:type\" content=\"image\/jpeg\" \/>\n<meta name=\"author\" content=\"Helena Pedone\" \/>\n<meta name=\"twitter:card\" content=\"summary_large_image\" \/>\n<meta name=\"twitter:label1\" content=\"Scritto da\" \/>\n\t<meta name=\"twitter:data1\" content=\"Helena Pedone\" \/>\n\t<meta name=\"twitter:label2\" content=\"Tempo di lettura stimato\" \/>\n\t<meta name=\"twitter:data2\" content=\"1 minuto\" \/>\n<script type=\"application\/ld+json\" class=\"yoast-schema-graph\">{\"@context\":\"https:\/\/schema.org\",\"@graph\":[{\"@type\":\"Article\",\"@id\":\"https:\/\/progettotouring.it\/radiotouring104\/2023\/01\/19\/reggio-stanganelli-a-palazzo-alvaro\/#article\",\"isPartOf\":{\"@id\":\"https:\/\/progettotouring.it\/radiotouring104\/2023\/01\/19\/reggio-stanganelli-a-palazzo-alvaro\/\"},\"author\":{\"name\":\"Helena Pedone\",\"@id\":\"https:\/\/progettotouring.it\/radiotouring104\/#\/schema\/person\/8458ed437f4094f881aab8e4cc572684\"},\"headline\":\"Reggio: Stanganelli a Palazzo Alvaro\",\"datePublished\":\"2023-01-19T12:41:52+00:00\",\"mainEntityOfPage\":{\"@id\":\"https:\/\/progettotouring.it\/radiotouring104\/2023\/01\/19\/reggio-stanganelli-a-palazzo-alvaro\/\"},\"wordCount\":245,\"commentCount\":0,\"publisher\":{\"@id\":\"https:\/\/progettotouring.it\/radiotouring104\/#organization\"},\"image\":{\"@id\":\"https:\/\/progettotouring.it\/radiotouring104\/2023\/01\/19\/reggio-stanganelli-a-palazzo-alvaro\/#primaryimage\"},\"thumbnailUrl\":\"https:\/\/progettotouring.it\/radiotouring104\/wp-content\/uploads\/sites\/6\/2023\/01\/diritto-alla-salute.jpeg\",\"keywords\":[\"Anna Maria Stanganelli\",\"Diritto alla salute\",\"Fibromialgia\",\"Palazzo Alvaro\",\"Patologie croniche invalidanti\",\"reggio calabria\"],\"articleSection\":[\"Home\",\"News\",\"Reggio Calabria\"],\"inLanguage\":\"it-IT\",\"potentialAction\":[{\"@type\":\"CommentAction\",\"name\":\"Comment\",\"target\":[\"https:\/\/progettotouring.it\/radiotouring104\/2023\/01\/19\/reggio-stanganelli-a-palazzo-alvaro\/#respond\"]}]},{\"@type\":\"WebPage\",\"@id\":\"https:\/\/progettotouring.it\/radiotouring104\/2023\/01\/19\/reggio-stanganelli-a-palazzo-alvaro\/\",\"url\":\"https:\/\/progettotouring.it\/radiotouring104\/2023\/01\/19\/reggio-stanganelli-a-palazzo-alvaro\/\",\"name\":\"Reggio: Stanganelli a Palazzo Alvaro\",\"isPartOf\":{\"@id\":\"https:\/\/progettotouring.it\/radiotouring104\/#website\"},\"primaryImageOfPage\":{\"@id\":\"https:\/\/progettotouring.it\/radiotouring104\/2023\/01\/19\/reggio-stanganelli-a-palazzo-alvaro\/#primaryimage\"},\"image\":{\"@id\":\"https:\/\/progettotouring.it\/radiotouring104\/2023\/01\/19\/reggio-stanganelli-a-palazzo-alvaro\/#primaryimage\"},\"thumbnailUrl\":\"https:\/\/progettotouring.it\/radiotouring104\/wp-content\/uploads\/sites\/6\/2023\/01\/diritto-alla-salute.jpeg\",\"datePublished\":\"2023-01-19T12:41:52+00:00\",\"description\":\"Mercoled\u00ec 25 gennaio il Garante regionale della salute esaminer\u00e0 le patologie invalidanti che necessitano di un pi\u00f9 concreto riconoscimento\",\"breadcrumb\":{\"@id\":\"https:\/\/progettotouring.it\/radiotouring104\/2023\/01\/19\/reggio-stanganelli-a-palazzo-alvaro\/#breadcrumb\"},\"inLanguage\":\"it-IT\",\"potentialAction\":[{\"@type\":\"ReadAction\",\"target\":[\"https:\/\/progettotouring.it\/radiotouring104\/2023\/01\/19\/reggio-stanganelli-a-palazzo-alvaro\/\"]}]},{\"@type\":\"ImageObject\",\"inLanguage\":\"it-IT\",\"@id\":\"https:\/\/progettotouring.it\/radiotouring104\/2023\/01\/19\/reggio-stanganelli-a-palazzo-alvaro\/#primaryimage\",\"url\":\"https:\/\/progettotouring.it\/radiotouring104\/wp-content\/uploads\/sites\/6\/2023\/01\/diritto-alla-salute.jpeg\",\"contentUrl\":\"https:\/\/progettotouring.it\/radiotouring104\/wp-content\/uploads\/sites\/6\/2023\/01\/diritto-alla-salute.jpeg\",\"width\":1082,\"height\":1600},{\"@type\":\"BreadcrumbList\",\"@id\":\"https:\/\/progettotouring.it\/radiotouring104\/2023\/01\/19\/reggio-stanganelli-a-palazzo-alvaro\/#breadcrumb\",\"itemListElement\":[{\"@type\":\"ListItem\",\"position\":1,\"name\":\"Home\",\"item\":\"https:\/\/progettotouring.it\/radiotouring104\/\"},{\"@type\":\"ListItem\",\"position\":2,\"name\":\"Reggio: Stanganelli a Palazzo Alvaro\"}]},{\"@type\":\"WebSite\",\"@id\":\"https:\/\/progettotouring.it\/radiotouring104\/#website\",\"url\":\"https:\/\/progettotouring.it\/radiotouring104\/\",\"name\":\"Radio Touring 104\",\"description\":\"La prima radio Reggina\",\"publisher\":{\"@id\":\"https:\/\/progettotouring.it\/radiotouring104\/#organization\"},\"potentialAction\":[{\"@type\":\"SearchAction\",\"target\":{\"@type\":\"EntryPoint\",\"urlTemplate\":\"https:\/\/progettotouring.it\/radiotouring104\/?s={search_term_string}\"},\"query-input\":{\"@type\":\"PropertyValueSpecification\",\"valueRequired\":true,\"valueName\":\"search_term_string\"}}],\"inLanguage\":\"it-IT\"},{\"@type\":\"Organization\",\"@id\":\"https:\/\/progettotouring.it\/radiotouring104\/#organization\",\"name\":\"Radio Touring 104\",\"url\":\"https:\/\/progettotouring.it\/radiotouring104\/\",\"logo\":{\"@type\":\"ImageObject\",\"inLanguage\":\"it-IT\",\"@id\":\"https:\/\/progettotouring.it\/radiotouring104\/#\/schema\/logo\/image\/\",\"url\":\"https:\/\/progettotouring.it\/radiotouring104\/wp-content\/uploads\/sites\/6\/2022\/02\/cropped-logo-radio-touring-104.png\",\"contentUrl\":\"https:\/\/progettotouring.it\/radiotouring104\/wp-content\/uploads\/sites\/6\/2022\/02\/cropped-logo-radio-touring-104.png\",\"width\":377,\"height\":182,\"caption\":\"Radio Touring 104\"},\"image\":{\"@id\":\"https:\/\/progettotouring.it\/radiotouring104\/#\/schema\/logo\/image\/\"}},{\"@type\":\"Person\",\"@id\":\"https:\/\/progettotouring.it\/radiotouring104\/#\/schema\/person\/8458ed437f4094f881aab8e4cc572684\",\"name\":\"Helena Pedone\",\"image\":{\"@type\":\"ImageObject\",\"inLanguage\":\"it-IT\",\"@id\":\"https:\/\/secure.gravatar.com\/avatar\/95a63adf316f90175b68113b4b895a96641be06395ffeef88fea6178b30027d9?s=96&d=mm&r=g\",\"url\":\"https:\/\/secure.gravatar.com\/avatar\/95a63adf316f90175b68113b4b895a96641be06395ffeef88fea6178b30027d9?s=96&d=mm&r=g\",\"contentUrl\":\"https:\/\/secure.gravatar.com\/avatar\/95a63adf316f90175b68113b4b895a96641be06395ffeef88fea6178b30027d9?s=96&d=mm&r=g\",\"caption\":\"Helena Pedone\"},\"url\":\"https:\/\/progettotouring.it\/radiotouring104\/author\/helena\/\"}]}<\/script>\n<!-- \/ Yoast SEO plugin. -->","yoast_head_json":{"title":"Reggio: Stanganelli a Palazzo Alvaro","description":"Mercoled\u00ec 25 gennaio il Garante regionale della salute esaminer\u00e0 le patologie invalidanti che necessitano di un pi\u00f9 concreto riconoscimento","robots":{"index":"index","follow":"follow","max-snippet":"max-snippet:-1","max-image-preview":"max-image-preview:large","max-video-preview":"max-video-preview:-1"},"canonical":"https:\/\/progettotouring.it\/radiotouring104\/2023\/01\/19\/reggio-stanganelli-a-palazzo-alvaro\/","og_locale":"it_IT","og_type":"article","og_title":"Reggio: Stanganelli a Palazzo Alvaro","og_description":"Mercoled\u00ec 25 gennaio il Garante regionale della salute esaminer\u00e0 le patologie invalidanti che necessitano di un pi\u00f9 concreto riconoscimento","og_url":"https:\/\/progettotouring.it\/radiotouring104\/2023\/01\/19\/reggio-stanganelli-a-palazzo-alvaro\/","og_site_name":"Radio Touring 104","article_published_time":"2023-01-19T12:41:52+00:00","og_image":[{"width":1082,"height":1600,"url":"https:\/\/progettotouring.it\/radiotouring104\/wp-content\/uploads\/sites\/6\/2023\/01\/diritto-alla-salute.jpeg","type":"image\/jpeg"}],"author":"Helena Pedone","twitter_card":"summary_large_image","twitter_misc":{"Scritto da":"Helena Pedone","Tempo di lettura stimato":"1 minuto"},"schema":{"@context":"https:\/\/schema.org","@graph":[{"@type":"Article","@id":"https:\/\/progettotouring.it\/radiotouring104\/2023\/01\/19\/reggio-stanganelli-a-palazzo-alvaro\/#article","isPartOf":{"@id":"https:\/\/progettotouring.it\/radiotouring104\/2023\/01\/19\/reggio-stanganelli-a-palazzo-alvaro\/"},"author":{"name":"Helena Pedone","@id":"https:\/\/progettotouring.it\/radiotouring104\/#\/schema\/person\/8458ed437f4094f881aab8e4cc572684"},"headline":"Reggio: Stanganelli a Palazzo Alvaro","datePublished":"2023-01-19T12:41:52+00:00","mainEntityOfPage":{"@id":"https:\/\/progettotouring.it\/radiotouring104\/2023\/01\/19\/reggio-stanganelli-a-palazzo-alvaro\/"},"wordCount":245,"commentCount":0,"publisher":{"@id":"https:\/\/progettotouring.it\/radiotouring104\/#organization"},"image":{"@id":"https:\/\/progettotouring.it\/radiotouring104\/2023\/01\/19\/reggio-stanganelli-a-palazzo-alvaro\/#primaryimage"},"thumbnailUrl":"https:\/\/progettotouring.it\/radiotouring104\/wp-content\/uploads\/sites\/6\/2023\/01\/diritto-alla-salute.jpeg","keywords":["Anna Maria Stanganelli","Diritto alla salute","Fibromialgia","Palazzo Alvaro","Patologie croniche invalidanti","reggio calabria"],"articleSection":["Home","News","Reggio Calabria"],"inLanguage":"it-IT","potentialAction":[{"@type":"CommentAction","name":"Comment","target":["https:\/\/progettotouring.it\/radiotouring104\/2023\/01\/19\/reggio-stanganelli-a-palazzo-alvaro\/#respond"]}]},{"@type":"WebPage","@id":"https:\/\/progettotouring.it\/radiotouring104\/2023\/01\/19\/reggio-stanganelli-a-palazzo-alvaro\/","url":"https:\/\/progettotouring.it\/radiotouring104\/2023\/01\/19\/reggio-stanganelli-a-palazzo-alvaro\/","name":"Reggio: Stanganelli a Palazzo Alvaro","isPartOf":{"@id":"https:\/\/progettotouring.it\/radiotouring104\/#website"},"primaryImageOfPage":{"@id":"https:\/\/progettotouring.it\/radiotouring104\/2023\/01\/19\/reggio-stanganelli-a-palazzo-alvaro\/#primaryimage"},"image":{"@id":"https:\/\/progettotouring.it\/radiotouring104\/2023\/01\/19\/reggio-stanganelli-a-palazzo-alvaro\/#primaryimage"},"thumbnailUrl":"https:\/\/progettotouring.it\/radiotouring104\/wp-content\/uploads\/sites\/6\/2023\/01\/diritto-alla-salute.jpeg","datePublished":"2023-01-19T12:41:52+00:00","description":"Mercoled\u00ec 25 gennaio il Garante regionale della salute esaminer\u00e0 le patologie invalidanti che necessitano di un pi\u00f9 concreto riconoscimento","breadcrumb":{"@id":"https:\/\/progettotouring.it\/radiotouring104\/2023\/01\/19\/reggio-stanganelli-a-palazzo-alvaro\/#breadcrumb"},"inLanguage":"it-IT","potentialAction":[{"@type":"ReadAction","target":["https:\/\/progettotouring.it\/radiotouring104\/2023\/01\/19\/reggio-stanganelli-a-palazzo-alvaro\/"]}]},{"@type":"ImageObject","inLanguage":"it-IT","@id":"https:\/\/progettotouring.it\/radiotouring104\/2023\/01\/19\/reggio-stanganelli-a-palazzo-alvaro\/#primaryimage","url":"https:\/\/progettotouring.it\/radiotouring104\/wp-content\/uploads\/sites\/6\/2023\/01\/diritto-alla-salute.jpeg","contentUrl":"https:\/\/progettotouring.it\/radiotouring104\/wp-content\/uploads\/sites\/6\/2023\/01\/diritto-alla-salute.jpeg","width":1082,"height":1600},{"@type":"BreadcrumbList","@id":"https:\/\/progettotouring.it\/radiotouring104\/2023\/01\/19\/reggio-stanganelli-a-palazzo-alvaro\/#breadcrumb","itemListElement":[{"@type":"ListItem","position":1,"name":"Home","item":"https:\/\/progettotouring.it\/radiotouring104\/"},{"@type":"ListItem","position":2,"name":"Reggio: Stanganelli a Palazzo Alvaro"}]},{"@type":"WebSite","@id":"https:\/\/progettotouring.it\/radiotouring104\/#website","url":"https:\/\/progettotouring.it\/radiotouring104\/","name":"Radio Touring 104","description":"La prima radio Reggina","publisher":{"@id":"https:\/\/progettotouring.it\/radiotouring104\/#organization"},"potentialAction":[{"@type":"SearchAction","target":{"@type":"EntryPoint","urlTemplate":"https:\/\/progettotouring.it\/radiotouring104\/?s={search_term_string}"},"query-input":{"@type":"PropertyValueSpecification","valueRequired":true,"valueName":"search_term_string"}}],"inLanguage":"it-IT"},{"@type":"Organization","@id":"https:\/\/progettotouring.it\/radiotouring104\/#organization","name":"Radio Touring 104","url":"https:\/\/progettotouring.it\/radiotouring104\/","logo":{"@type":"ImageObject","inLanguage":"it-IT","@id":"https:\/\/progettotouring.it\/radiotouring104\/#\/schema\/logo\/image\/","url":"https:\/\/progettotouring.it\/radiotouring104\/wp-content\/uploads\/sites\/6\/2022\/02\/cropped-logo-radio-touring-104.png","contentUrl":"https:\/\/progettotouring.it\/radiotouring104\/wp-content\/uploads\/sites\/6\/2022\/02\/cropped-logo-radio-touring-104.png","width":377,"height":182,"caption":"Radio Touring 104"},"image":{"@id":"https:\/\/progettotouring.it\/radiotouring104\/#\/schema\/logo\/image\/"}},{"@type":"Person","@id":"https:\/\/progettotouring.it\/radiotouring104\/#\/schema\/person\/8458ed437f4094f881aab8e4cc572684","name":"Helena Pedone","image":{"@type":"ImageObject","inLanguage":"it-IT","@id":"https:\/\/secure.gravatar.com\/avatar\/95a63adf316f90175b68113b4b895a96641be06395ffeef88fea6178b30027d9?s=96&d=mm&r=g","url":"https:\/\/secure.gravatar.com\/avatar\/95a63adf316f90175b68113b4b895a96641be06395ffeef88fea6178b30027d9?s=96&d=mm&r=g","contentUrl":"https:\/\/secure.gravatar.com\/avatar\/95a63adf316f90175b68113b4b895a96641be06395ffeef88fea6178b30027d9?s=96&d=mm&r=g","caption":"Helena Pedone"},"url":"https:\/\/progettotouring.it\/radiotouring104\/author\/helena\/"}]}},"jetpack_publicize_connections":[],"jetpack_featured_media_url":"https:\/\/progettotouring.it\/radiotouring104\/wp-content\/uploads\/sites\/6\/2023\/01\/diritto-alla-salute.jpeg","jetpack_sharing_enabled":true,"_links":{"self":[{"href":"https:\/\/progettotouring.it\/radiotouring104\/wp-json\/wp\/v2\/posts\/17144","targetHints":{"allow":["GET"]}}],"collection":[{"href":"https:\/\/progettotouring.it\/radiotouring104\/wp-json\/wp\/v2\/posts"}],"about":[{"href":"https:\/\/progettotouring.it\/radiotouring104\/wp-json\/wp\/v2\/types\/post"}],"author":[{"embeddable":true,"href":"https:\/\/progettotouring.it\/radiotouring104\/wp-json\/wp\/v2\/users\/13"}],"replies":[{"embeddable":true,"href":"https:\/\/progettotouring.it\/radiotouring104\/wp-json\/wp\/v2\/comments?post=17144"}],"version-history":[{"count":1,"href":"https:\/\/progettotouring.it\/radiotouring104\/wp-json\/wp\/v2\/posts\/17144\/revisions"}],"predecessor-version":[{"id":17146,"href":"https:\/\/progettotouring.it\/radiotouring104\/wp-json\/wp\/v2\/posts\/17144\/revisions\/17146"}],"wp:featuredmedia":[{"embeddable":true,"href":"https:\/\/progettotouring.it\/radiotouring104\/wp-json\/wp\/v2\/media\/17145"}],"wp:attachment":[{"href":"https:\/\/progettotouring.it\/radiotouring104\/wp-json\/wp\/v2\/media?parent=17144"}],"wp:term":[{"taxonomy":"category","embeddable":true,"href":"https:\/\/progettotouring.it\/radiotouring104\/wp-json\/wp\/v2\/categories?post=17144"},{"taxonomy":"post_tag","embeddable":true,"href":"https:\/\/progettotouring.it\/radiotouring104\/wp-json\/wp\/v2\/tags?post=17144"}],"curies":[{"name":"wp","href":"https:\/\/api.w.org\/{rel}","templated":true}]}}