{"id":17273,"date":"2023-01-20T17:08:46","date_gmt":"2023-01-20T16:08:46","guid":{"rendered":"https:\/\/progettotouring.it\/radiotouring104\/?p=17273"},"modified":"2023-01-20T17:09:14","modified_gmt":"2023-01-20T16:09:14","slug":"nuovo-protocollo-dintesa-per-luniversita-mediterranea","status":"publish","type":"post","link":"https:\/\/progettotouring.it\/radiotouring104\/2023\/01\/20\/nuovo-protocollo-dintesa-per-luniversita-mediterranea\/","title":{"rendered":"Nuovo protocollo d&#8217;intesa per l&#8217;Universit\u00e0 Mediterranea"},"content":{"rendered":"<p style=\"font-weight: 400; text-align: justify;\">Ieri la giunta ha approvato la delibera per il protocollo d\u2019intesa con l\u2019Universit\u00e0 \u201c<strong>Mediterranea<\/strong>\u201d. Gi\u00e0 da tempo, infatti, la Facolt\u00e0 di Agraria aveva in progetto di realizzare un\u2019<strong>Azienda agraria<\/strong>, punto di forza non solo per l\u2019ateneo ma per tutto il tessuto produttivo ed economico della citt\u00e0. Il Comune provveder\u00e0 a fornire dei terreni, situati nell\u2019area di Gallina, in comodato d\u2019uso gratuito.\u00a0Un passo molto importante per il nostro Polo, supportato dall\u2019Assessore allo Sviluppo economico, <strong>Angela Martino<\/strong>, &lt;&lt;E\u2019 un atto molto importante, la Facolt\u00e0 di Agraria, adesso, potr\u00e0 mettersi in linea con tutte le altre realt\u00e0 italiane operanti nello stesso campo scientifico&gt;&gt;.<\/p>\n<p style=\"font-weight: 400; text-align: justify;\">La Martino ha ricordato i diversi finanziamento da parte del Ministero per favorire l\u2019acquisizione di strumenti all\u2019avanguardia per la crescita di questa attivit\u00e0 e la collaborazione con Enti del settore.\u00a0\u00abQuesta iniziativa \u2013 ha ricordato l\u2019assessore \u2013 \u00e8 soltanto l\u2019ultima fra quelle che il Comune ha intrapreso per supportare, in maniera sostanziale, l\u2019operato dell\u2019Universit\u00e0 \u201cMediterranea\u201d, un polo d\u2019eccellenza del nostro territorio che va costantemente incentivato e promosso. Soltanto pochi mesi addietro, infatti, con grande orgoglio, abbiamo rilanciato la collaborazione sulla \u201cStazione sperimentale delle essenze agrumarie\u201d, in cui l\u2019ateneo svolge un ruolo di primo piano\u00bb.<\/p>\n<p style=\"text-align: justify;\">\u00abDunque \u2013 ha specificato ancora \u2013 continuiamo quello che, per noi, rappresenta un percorso virtuoso e che potr\u00e0 avere sicure e positive ricadute sull\u2019intero territorio, incentivando i nostri giovani a crescere e formarsi in citt\u00e0 e garantendo ogni strumento e servizio possibile affinch\u00e9 l\u2019universit\u00e0 prosegua nel suo ruolo di fucina e catalizzatore delle migliori menti del Paese\u00bb. \u00a0\u00abCon l\u2019imminente firma del protocollo d\u2019intesa \u2013 ha proseguito la delegata allo Sviluppo Economico &#8211; l\u2019Universit\u00e0 \u201cMediterranea\u201d potr\u00e0 dotarsi di un\u2019Azienda Agraria Universitaria, mettendo la comunit\u00e0 scientifica e le imprese del territorio nelle condizioni di poter sviluppare importanti attivit\u00e0 di ricerca volte al trasferimento tecnologico delle risultanze di sperimentazioni e specifiche ricerche, valorizzando, altres\u00ec, i principali settori economici locali come l\u2019agricoltura, l\u2019agroalimentare, l\u2019agroindustria che utilizza materie prime agricole e suoi derivati per l\u2019ottenimento di prodotti nuovi e tradizionali\u00bb.<\/p>\n<p style=\"text-align: justify;\">Ma, secondo l\u2019assessora Angela Martino, \u00absaranno numerosi e molteplici i benefici che deriveranno dalla sottoscrizione di questo importante accordo\u00bb. \u00abI nostri studenti e le nostre studentesse avranno la possibilit\u00e0 di approcciarsi a modalit\u00e0 didattiche di tipo altamente qualificato, con metodologie avanzate che li porranno in posizioni di sicuro vantaggio nel successivo perimetro dell\u2019inserimento lavorativo. Da non sottovalutare, infine, gli effetti positivi per l\u2019intera area di Gallina, riqualificata in parti oggi pressoch\u00e9 abbandonate, e per la valorizzazione delle produzioni autoctone e lo sviluppo di sperimentazioni volte a promuovere tematiche agroambientali e di buona e sana alimentazione\u00bb.<\/p>\n","protected":false},"excerpt":{"rendered":"<p>Ieri la giunta ha approvato la delibera per il protocollo d\u2019intesa con l\u2019Universit\u00e0 \u201cMediterranea\u201d. Gi\u00e0 da tempo, infatti, la Facolt\u00e0 di Agraria aveva in progetto di realizzare un\u2019Azienda agraria, punto&hellip;<\/p>\n","protected":false},"author":14,"featured_media":15848,"comment_status":"open","ping_status":"open","sticky":false,"template":"","format":"standard","meta":{"_jetpack_memberships_contains_paid_content":false,"footnotes":"","jetpack_publicize_message":"","jetpack_publicize_feature_enabled":true,"jetpack_social_post_already_shared":false,"jetpack_social_options":{"image_generator_settings":{"template":"highway","default_image_id":0,"font":"","enabled":false},"version":2}},"categories":[921,4303,196,140],"tags":[4510,8690,8775,369],"class_list":["post-17273","post","type-post","status-publish","format-standard","has-post-thumbnail","hentry","category-home","category-istruzione","category-news","category-reggio-calabria","tag-agraria-delluniversita-mediterranea","tag-assessore-angela-martino","tag-universita-di-agraria","tag-universita-mediterranea"],"yoast_head":"<!-- This site is optimized with the Yoast SEO plugin v27.2 - https:\/\/yoast.com\/product\/yoast-seo-wordpress\/ -->\n<title>Nuovo protocollo d&#039;intesa per l&#039;Universit\u00e0 Mediterranea<\/title>\n<meta name=\"description\" content=\"La Facolt\u00e0 di Agraria former\u00e0 una sua Azienda grazie ai terreni forniti, in comodato d&#039;uso gratuito, dal Comune\" \/>\n<meta name=\"robots\" content=\"index, follow, max-snippet:-1, max-image-preview:large, max-video-preview:-1\" \/>\n<link rel=\"canonical\" href=\"https:\/\/progettotouring.it\/radiotouring104\/2023\/01\/20\/nuovo-protocollo-dintesa-per-luniversita-mediterranea\/\" \/>\n<meta property=\"og:locale\" content=\"it_IT\" \/>\n<meta property=\"og:type\" content=\"article\" \/>\n<meta property=\"og:title\" content=\"Nuovo protocollo d&#039;intesa per l&#039;Universit\u00e0 Mediterranea\" \/>\n<meta property=\"og:description\" content=\"La Facolt\u00e0 di Agraria former\u00e0 una sua Azienda grazie ai terreni forniti, in comodato d&#039;uso gratuito, dal Comune\" \/>\n<meta property=\"og:url\" content=\"https:\/\/progettotouring.it\/radiotouring104\/2023\/01\/20\/nuovo-protocollo-dintesa-per-luniversita-mediterranea\/\" \/>\n<meta property=\"og:site_name\" content=\"Radio Touring 104\" \/>\n<meta property=\"article:published_time\" content=\"2023-01-20T16:08:46+00:00\" \/>\n<meta property=\"article:modified_time\" content=\"2023-01-20T16:09:14+00:00\" \/>\n<meta property=\"og:image\" content=\"https:\/\/progettotouring.it\/radiotouring104\/wp-content\/uploads\/sites\/6\/2022\/12\/UniRC_Cittadella-Universitaria.jpg\" \/>\n\t<meta property=\"og:image:width\" content=\"1215\" \/>\n\t<meta property=\"og:image:height\" content=\"957\" \/>\n\t<meta property=\"og:image:type\" content=\"image\/jpeg\" \/>\n<meta name=\"author\" content=\"Giovanna Triolo\" \/>\n<meta name=\"twitter:card\" content=\"summary_large_image\" \/>\n<meta name=\"twitter:label1\" content=\"Scritto da\" \/>\n\t<meta name=\"twitter:data1\" content=\"Giovanna Triolo\" \/>\n\t<meta name=\"twitter:label2\" content=\"Tempo di lettura stimato\" \/>\n\t<meta name=\"twitter:data2\" content=\"2 minuti\" \/>\n<script type=\"application\/ld+json\" class=\"yoast-schema-graph\">{\"@context\":\"https:\/\/schema.org\",\"@graph\":[{\"@type\":\"Article\",\"@id\":\"https:\/\/progettotouring.it\/radiotouring104\/2023\/01\/20\/nuovo-protocollo-dintesa-per-luniversita-mediterranea\/#article\",\"isPartOf\":{\"@id\":\"https:\/\/progettotouring.it\/radiotouring104\/2023\/01\/20\/nuovo-protocollo-dintesa-per-luniversita-mediterranea\/\"},\"author\":{\"name\":\"Giovanna Triolo\",\"@id\":\"https:\/\/progettotouring.it\/radiotouring104\/#\/schema\/person\/39b7921e814ce650c48075565036a6a7\"},\"headline\":\"Nuovo protocollo d&#8217;intesa per l&#8217;Universit\u00e0 Mediterranea\",\"datePublished\":\"2023-01-20T16:08:46+00:00\",\"dateModified\":\"2023-01-20T16:09:14+00:00\",\"mainEntityOfPage\":{\"@id\":\"https:\/\/progettotouring.it\/radiotouring104\/2023\/01\/20\/nuovo-protocollo-dintesa-per-luniversita-mediterranea\/\"},\"wordCount\":457,\"commentCount\":0,\"publisher\":{\"@id\":\"https:\/\/progettotouring.it\/radiotouring104\/#organization\"},\"image\":{\"@id\":\"https:\/\/progettotouring.it\/radiotouring104\/2023\/01\/20\/nuovo-protocollo-dintesa-per-luniversita-mediterranea\/#primaryimage\"},\"thumbnailUrl\":\"https:\/\/progettotouring.it\/radiotouring104\/wp-content\/uploads\/sites\/6\/2022\/12\/UniRC_Cittadella-Universitaria.jpg\",\"keywords\":[\"AGRARIA dell\u2019Universit\u00e0 Mediterranea\",\"Assessore Angela Martino\",\"universit\u00e0 di agraria\",\"universit\u00e0 mediterranea\"],\"articleSection\":[\"Home\",\"Istruzione\",\"News\",\"Reggio Calabria\"],\"inLanguage\":\"it-IT\",\"potentialAction\":[{\"@type\":\"CommentAction\",\"name\":\"Comment\",\"target\":[\"https:\/\/progettotouring.it\/radiotouring104\/2023\/01\/20\/nuovo-protocollo-dintesa-per-luniversita-mediterranea\/#respond\"]}]},{\"@type\":\"WebPage\",\"@id\":\"https:\/\/progettotouring.it\/radiotouring104\/2023\/01\/20\/nuovo-protocollo-dintesa-per-luniversita-mediterranea\/\",\"url\":\"https:\/\/progettotouring.it\/radiotouring104\/2023\/01\/20\/nuovo-protocollo-dintesa-per-luniversita-mediterranea\/\",\"name\":\"Nuovo protocollo d'intesa per l'Universit\u00e0 Mediterranea\",\"isPartOf\":{\"@id\":\"https:\/\/progettotouring.it\/radiotouring104\/#website\"},\"primaryImageOfPage\":{\"@id\":\"https:\/\/progettotouring.it\/radiotouring104\/2023\/01\/20\/nuovo-protocollo-dintesa-per-luniversita-mediterranea\/#primaryimage\"},\"image\":{\"@id\":\"https:\/\/progettotouring.it\/radiotouring104\/2023\/01\/20\/nuovo-protocollo-dintesa-per-luniversita-mediterranea\/#primaryimage\"},\"thumbnailUrl\":\"https:\/\/progettotouring.it\/radiotouring104\/wp-content\/uploads\/sites\/6\/2022\/12\/UniRC_Cittadella-Universitaria.jpg\",\"datePublished\":\"2023-01-20T16:08:46+00:00\",\"dateModified\":\"2023-01-20T16:09:14+00:00\",\"description\":\"La Facolt\u00e0 di Agraria former\u00e0 una sua Azienda grazie ai terreni forniti, in comodato d'uso gratuito, dal Comune\",\"breadcrumb\":{\"@id\":\"https:\/\/progettotouring.it\/radiotouring104\/2023\/01\/20\/nuovo-protocollo-dintesa-per-luniversita-mediterranea\/#breadcrumb\"},\"inLanguage\":\"it-IT\",\"potentialAction\":[{\"@type\":\"ReadAction\",\"target\":[\"https:\/\/progettotouring.it\/radiotouring104\/2023\/01\/20\/nuovo-protocollo-dintesa-per-luniversita-mediterranea\/\"]}]},{\"@type\":\"ImageObject\",\"inLanguage\":\"it-IT\",\"@id\":\"https:\/\/progettotouring.it\/radiotouring104\/2023\/01\/20\/nuovo-protocollo-dintesa-per-luniversita-mediterranea\/#primaryimage\",\"url\":\"https:\/\/progettotouring.it\/radiotouring104\/wp-content\/uploads\/sites\/6\/2022\/12\/UniRC_Cittadella-Universitaria.jpg\",\"contentUrl\":\"https:\/\/progettotouring.it\/radiotouring104\/wp-content\/uploads\/sites\/6\/2022\/12\/UniRC_Cittadella-Universitaria.jpg\",\"width\":1215,\"height\":957},{\"@type\":\"BreadcrumbList\",\"@id\":\"https:\/\/progettotouring.it\/radiotouring104\/2023\/01\/20\/nuovo-protocollo-dintesa-per-luniversita-mediterranea\/#breadcrumb\",\"itemListElement\":[{\"@type\":\"ListItem\",\"position\":1,\"name\":\"Home\",\"item\":\"https:\/\/progettotouring.it\/radiotouring104\/\"},{\"@type\":\"ListItem\",\"position\":2,\"name\":\"Nuovo protocollo d&#8217;intesa per l&#8217;Universit\u00e0 Mediterranea\"}]},{\"@type\":\"WebSite\",\"@id\":\"https:\/\/progettotouring.it\/radiotouring104\/#website\",\"url\":\"https:\/\/progettotouring.it\/radiotouring104\/\",\"name\":\"Radio Touring 104\",\"description\":\"La prima radio Reggina\",\"publisher\":{\"@id\":\"https:\/\/progettotouring.it\/radiotouring104\/#organization\"},\"potentialAction\":[{\"@type\":\"SearchAction\",\"target\":{\"@type\":\"EntryPoint\",\"urlTemplate\":\"https:\/\/progettotouring.it\/radiotouring104\/?s={search_term_string}\"},\"query-input\":{\"@type\":\"PropertyValueSpecification\",\"valueRequired\":true,\"valueName\":\"search_term_string\"}}],\"inLanguage\":\"it-IT\"},{\"@type\":\"Organization\",\"@id\":\"https:\/\/progettotouring.it\/radiotouring104\/#organization\",\"name\":\"Radio Touring 104\",\"url\":\"https:\/\/progettotouring.it\/radiotouring104\/\",\"logo\":{\"@type\":\"ImageObject\",\"inLanguage\":\"it-IT\",\"@id\":\"https:\/\/progettotouring.it\/radiotouring104\/#\/schema\/logo\/image\/\",\"url\":\"https:\/\/progettotouring.it\/radiotouring104\/wp-content\/uploads\/sites\/6\/2022\/02\/cropped-logo-radio-touring-104.png\",\"contentUrl\":\"https:\/\/progettotouring.it\/radiotouring104\/wp-content\/uploads\/sites\/6\/2022\/02\/cropped-logo-radio-touring-104.png\",\"width\":377,\"height\":182,\"caption\":\"Radio Touring 104\"},\"image\":{\"@id\":\"https:\/\/progettotouring.it\/radiotouring104\/#\/schema\/logo\/image\/\"}},{\"@type\":\"Person\",\"@id\":\"https:\/\/progettotouring.it\/radiotouring104\/#\/schema\/person\/39b7921e814ce650c48075565036a6a7\",\"name\":\"Giovanna Triolo\",\"image\":{\"@type\":\"ImageObject\",\"inLanguage\":\"it-IT\",\"@id\":\"https:\/\/secure.gravatar.com\/avatar\/e542eca288d5fdcf7afd8bda17389faf75f6a208edd42dad42bedab48136e524?s=96&d=mm&r=g\",\"url\":\"https:\/\/secure.gravatar.com\/avatar\/e542eca288d5fdcf7afd8bda17389faf75f6a208edd42dad42bedab48136e524?s=96&d=mm&r=g\",\"contentUrl\":\"https:\/\/secure.gravatar.com\/avatar\/e542eca288d5fdcf7afd8bda17389faf75f6a208edd42dad42bedab48136e524?s=96&d=mm&r=g\",\"caption\":\"Giovanna Triolo\"},\"url\":\"https:\/\/progettotouring.it\/radiotouring104\/author\/giovanna\/\"}]}<\/script>\n<!-- \/ Yoast SEO plugin. -->","yoast_head_json":{"title":"Nuovo protocollo d'intesa per l'Universit\u00e0 Mediterranea","description":"La Facolt\u00e0 di Agraria former\u00e0 una sua Azienda grazie ai terreni forniti, in comodato d'uso gratuito, dal Comune","robots":{"index":"index","follow":"follow","max-snippet":"max-snippet:-1","max-image-preview":"max-image-preview:large","max-video-preview":"max-video-preview:-1"},"canonical":"https:\/\/progettotouring.it\/radiotouring104\/2023\/01\/20\/nuovo-protocollo-dintesa-per-luniversita-mediterranea\/","og_locale":"it_IT","og_type":"article","og_title":"Nuovo protocollo d'intesa per l'Universit\u00e0 Mediterranea","og_description":"La Facolt\u00e0 di Agraria former\u00e0 una sua Azienda grazie ai terreni forniti, in comodato d'uso gratuito, dal Comune","og_url":"https:\/\/progettotouring.it\/radiotouring104\/2023\/01\/20\/nuovo-protocollo-dintesa-per-luniversita-mediterranea\/","og_site_name":"Radio Touring 104","article_published_time":"2023-01-20T16:08:46+00:00","article_modified_time":"2023-01-20T16:09:14+00:00","og_image":[{"width":1215,"height":957,"url":"https:\/\/progettotouring.it\/radiotouring104\/wp-content\/uploads\/sites\/6\/2022\/12\/UniRC_Cittadella-Universitaria.jpg","type":"image\/jpeg"}],"author":"Giovanna Triolo","twitter_card":"summary_large_image","twitter_misc":{"Scritto da":"Giovanna Triolo","Tempo di lettura stimato":"2 minuti"},"schema":{"@context":"https:\/\/schema.org","@graph":[{"@type":"Article","@id":"https:\/\/progettotouring.it\/radiotouring104\/2023\/01\/20\/nuovo-protocollo-dintesa-per-luniversita-mediterranea\/#article","isPartOf":{"@id":"https:\/\/progettotouring.it\/radiotouring104\/2023\/01\/20\/nuovo-protocollo-dintesa-per-luniversita-mediterranea\/"},"author":{"name":"Giovanna Triolo","@id":"https:\/\/progettotouring.it\/radiotouring104\/#\/schema\/person\/39b7921e814ce650c48075565036a6a7"},"headline":"Nuovo protocollo d&#8217;intesa per l&#8217;Universit\u00e0 Mediterranea","datePublished":"2023-01-20T16:08:46+00:00","dateModified":"2023-01-20T16:09:14+00:00","mainEntityOfPage":{"@id":"https:\/\/progettotouring.it\/radiotouring104\/2023\/01\/20\/nuovo-protocollo-dintesa-per-luniversita-mediterranea\/"},"wordCount":457,"commentCount":0,"publisher":{"@id":"https:\/\/progettotouring.it\/radiotouring104\/#organization"},"image":{"@id":"https:\/\/progettotouring.it\/radiotouring104\/2023\/01\/20\/nuovo-protocollo-dintesa-per-luniversita-mediterranea\/#primaryimage"},"thumbnailUrl":"https:\/\/progettotouring.it\/radiotouring104\/wp-content\/uploads\/sites\/6\/2022\/12\/UniRC_Cittadella-Universitaria.jpg","keywords":["AGRARIA dell\u2019Universit\u00e0 Mediterranea","Assessore Angela Martino","universit\u00e0 di agraria","universit\u00e0 mediterranea"],"articleSection":["Home","Istruzione","News","Reggio Calabria"],"inLanguage":"it-IT","potentialAction":[{"@type":"CommentAction","name":"Comment","target":["https:\/\/progettotouring.it\/radiotouring104\/2023\/01\/20\/nuovo-protocollo-dintesa-per-luniversita-mediterranea\/#respond"]}]},{"@type":"WebPage","@id":"https:\/\/progettotouring.it\/radiotouring104\/2023\/01\/20\/nuovo-protocollo-dintesa-per-luniversita-mediterranea\/","url":"https:\/\/progettotouring.it\/radiotouring104\/2023\/01\/20\/nuovo-protocollo-dintesa-per-luniversita-mediterranea\/","name":"Nuovo protocollo d'intesa per l'Universit\u00e0 Mediterranea","isPartOf":{"@id":"https:\/\/progettotouring.it\/radiotouring104\/#website"},"primaryImageOfPage":{"@id":"https:\/\/progettotouring.it\/radiotouring104\/2023\/01\/20\/nuovo-protocollo-dintesa-per-luniversita-mediterranea\/#primaryimage"},"image":{"@id":"https:\/\/progettotouring.it\/radiotouring104\/2023\/01\/20\/nuovo-protocollo-dintesa-per-luniversita-mediterranea\/#primaryimage"},"thumbnailUrl":"https:\/\/progettotouring.it\/radiotouring104\/wp-content\/uploads\/sites\/6\/2022\/12\/UniRC_Cittadella-Universitaria.jpg","datePublished":"2023-01-20T16:08:46+00:00","dateModified":"2023-01-20T16:09:14+00:00","description":"La Facolt\u00e0 di Agraria former\u00e0 una sua Azienda grazie ai terreni forniti, in comodato d'uso gratuito, dal Comune","breadcrumb":{"@id":"https:\/\/progettotouring.it\/radiotouring104\/2023\/01\/20\/nuovo-protocollo-dintesa-per-luniversita-mediterranea\/#breadcrumb"},"inLanguage":"it-IT","potentialAction":[{"@type":"ReadAction","target":["https:\/\/progettotouring.it\/radiotouring104\/2023\/01\/20\/nuovo-protocollo-dintesa-per-luniversita-mediterranea\/"]}]},{"@type":"ImageObject","inLanguage":"it-IT","@id":"https:\/\/progettotouring.it\/radiotouring104\/2023\/01\/20\/nuovo-protocollo-dintesa-per-luniversita-mediterranea\/#primaryimage","url":"https:\/\/progettotouring.it\/radiotouring104\/wp-content\/uploads\/sites\/6\/2022\/12\/UniRC_Cittadella-Universitaria.jpg","contentUrl":"https:\/\/progettotouring.it\/radiotouring104\/wp-content\/uploads\/sites\/6\/2022\/12\/UniRC_Cittadella-Universitaria.jpg","width":1215,"height":957},{"@type":"BreadcrumbList","@id":"https:\/\/progettotouring.it\/radiotouring104\/2023\/01\/20\/nuovo-protocollo-dintesa-per-luniversita-mediterranea\/#breadcrumb","itemListElement":[{"@type":"ListItem","position":1,"name":"Home","item":"https:\/\/progettotouring.it\/radiotouring104\/"},{"@type":"ListItem","position":2,"name":"Nuovo protocollo d&#8217;intesa per l&#8217;Universit\u00e0 Mediterranea"}]},{"@type":"WebSite","@id":"https:\/\/progettotouring.it\/radiotouring104\/#website","url":"https:\/\/progettotouring.it\/radiotouring104\/","name":"Radio Touring 104","description":"La prima radio Reggina","publisher":{"@id":"https:\/\/progettotouring.it\/radiotouring104\/#organization"},"potentialAction":[{"@type":"SearchAction","target":{"@type":"EntryPoint","urlTemplate":"https:\/\/progettotouring.it\/radiotouring104\/?s={search_term_string}"},"query-input":{"@type":"PropertyValueSpecification","valueRequired":true,"valueName":"search_term_string"}}],"inLanguage":"it-IT"},{"@type":"Organization","@id":"https:\/\/progettotouring.it\/radiotouring104\/#organization","name":"Radio Touring 104","url":"https:\/\/progettotouring.it\/radiotouring104\/","logo":{"@type":"ImageObject","inLanguage":"it-IT","@id":"https:\/\/progettotouring.it\/radiotouring104\/#\/schema\/logo\/image\/","url":"https:\/\/progettotouring.it\/radiotouring104\/wp-content\/uploads\/sites\/6\/2022\/02\/cropped-logo-radio-touring-104.png","contentUrl":"https:\/\/progettotouring.it\/radiotouring104\/wp-content\/uploads\/sites\/6\/2022\/02\/cropped-logo-radio-touring-104.png","width":377,"height":182,"caption":"Radio Touring 104"},"image":{"@id":"https:\/\/progettotouring.it\/radiotouring104\/#\/schema\/logo\/image\/"}},{"@type":"Person","@id":"https:\/\/progettotouring.it\/radiotouring104\/#\/schema\/person\/39b7921e814ce650c48075565036a6a7","name":"Giovanna Triolo","image":{"@type":"ImageObject","inLanguage":"it-IT","@id":"https:\/\/secure.gravatar.com\/avatar\/e542eca288d5fdcf7afd8bda17389faf75f6a208edd42dad42bedab48136e524?s=96&d=mm&r=g","url":"https:\/\/secure.gravatar.com\/avatar\/e542eca288d5fdcf7afd8bda17389faf75f6a208edd42dad42bedab48136e524?s=96&d=mm&r=g","contentUrl":"https:\/\/secure.gravatar.com\/avatar\/e542eca288d5fdcf7afd8bda17389faf75f6a208edd42dad42bedab48136e524?s=96&d=mm&r=g","caption":"Giovanna Triolo"},"url":"https:\/\/progettotouring.it\/radiotouring104\/author\/giovanna\/"}]}},"jetpack_publicize_connections":[],"jetpack_featured_media_url":"https:\/\/progettotouring.it\/radiotouring104\/wp-content\/uploads\/sites\/6\/2022\/12\/UniRC_Cittadella-Universitaria.jpg","jetpack_sharing_enabled":true,"_links":{"self":[{"href":"https:\/\/progettotouring.it\/radiotouring104\/wp-json\/wp\/v2\/posts\/17273","targetHints":{"allow":["GET"]}}],"collection":[{"href":"https:\/\/progettotouring.it\/radiotouring104\/wp-json\/wp\/v2\/posts"}],"about":[{"href":"https:\/\/progettotouring.it\/radiotouring104\/wp-json\/wp\/v2\/types\/post"}],"author":[{"embeddable":true,"href":"https:\/\/progettotouring.it\/radiotouring104\/wp-json\/wp\/v2\/users\/14"}],"replies":[{"embeddable":true,"href":"https:\/\/progettotouring.it\/radiotouring104\/wp-json\/wp\/v2\/comments?post=17273"}],"version-history":[{"count":3,"href":"https:\/\/progettotouring.it\/radiotouring104\/wp-json\/wp\/v2\/posts\/17273\/revisions"}],"predecessor-version":[{"id":17277,"href":"https:\/\/progettotouring.it\/radiotouring104\/wp-json\/wp\/v2\/posts\/17273\/revisions\/17277"}],"wp:featuredmedia":[{"embeddable":true,"href":"https:\/\/progettotouring.it\/radiotouring104\/wp-json\/wp\/v2\/media\/15848"}],"wp:attachment":[{"href":"https:\/\/progettotouring.it\/radiotouring104\/wp-json\/wp\/v2\/media?parent=17273"}],"wp:term":[{"taxonomy":"category","embeddable":true,"href":"https:\/\/progettotouring.it\/radiotouring104\/wp-json\/wp\/v2\/categories?post=17273"},{"taxonomy":"post_tag","embeddable":true,"href":"https:\/\/progettotouring.it\/radiotouring104\/wp-json\/wp\/v2\/tags?post=17273"}],"curies":[{"name":"wp","href":"https:\/\/api.w.org\/{rel}","templated":true}]}}