{"id":17425,"date":"2023-01-24T11:41:28","date_gmt":"2023-01-24T10:41:28","guid":{"rendered":"https:\/\/progettotouring.it\/radiotouring104\/?p=17425"},"modified":"2023-01-26T10:18:05","modified_gmt":"2023-01-26T09:18:05","slug":"giornata-della-memoria-lanassilaos-ricorda-franz-jagerstatter","status":"publish","type":"post","link":"https:\/\/progettotouring.it\/radiotouring104\/2023\/01\/24\/giornata-della-memoria-lanassilaos-ricorda-franz-jagerstatter\/","title":{"rendered":"Giornata della Memoria: l&#8217;Anassilaos ricorda Franz J\u00e4gerst\u00e4tter"},"content":{"rendered":"<p>Il \u201cGiorno della Memoria\u201d istituito dalla\u00a0 Legge 20\u00a0 luglio 2000 n. 211 al fine di ricordare \u201c<em>la Shoah (sterminio del popolo ebraico), le leggi razziali, la persecuzione italiana dei cittadini ebrei, gli italiani che hanno sub\u00ecto la deportazione, la prigionia, la morte, nonch\u00e9 coloro che, anche in campi e schieramenti diversi, si sono opposti al progetto di sterminio, ed a rischio della propria vita hanno salvato altre vite e protetto i perseguitati<\/em>\u201d sar\u00e0 celebrato come ogni anno dall\u2019Associazione Culturale Anassilaos con una serie di manifestazioni promosse d\u2019intesa e congiuntamente con il Comune di Reggio Calabria, la Biblioteca \u201cP. De Nava\u201d, l\u2019 Istituto Comprensivo Vitrioli-Principe di Piemonte, lo Spazio Open. Il primo incontro si terr\u00e0 <u>gioved\u00ec 26 gennaio alle ore 17,00 presso la Sala Giuffr\u00e8 della Biblioteca de Nava.<\/u> Il Prof. Antonino Romeo ricorder\u00e0 la figura di Franz J\u00e4gerst\u00e4tter, il contadino austriaco cattolico, beatificato nel 2007 da Papa Benedetto XVI (1907-1943), <strong>\u00a0<\/strong>che rifiut\u00f2 per ragioni religiose di combattere nell\u2019esercito nazista e fu per questa ragione ghigliottinato. Un esempio di resistenza alla tirannide e di martirio che ricorda i martiri dei primi secoli del Cristianesimo. A introdurre il tema Fabio Arichetta, Responsabile Studi Storici di Anassilaos. L\u2019incontro sar\u00e0 aperto da un breve, duro e crudo video sulla Shoah realizzato da Giacomo Marcian\u00f2. L\u2019indomani, <u>27 gennaio alle ore 10,00 sempre presso la Villetta De Nava <\/u>\u00a0si terr\u00e0 la cerimonia di inaugurazione di una mostra storico-filatelica dedicata alla Shoah con l\u2019intervento di<strong>\u00a0 <\/strong>Irene Calabr\u00f2, Assessore alla Cultura del Comune Reggio Calabria; della Dirigente dell\u2019 I.C. Vitrioli Principe di Piemonte Dott.ssa Maria Morabito,; della Dr.ssa Daniela Neri, Responsabile Biblioteca.\u00a0 All\u2019incontro partecipano gli allievi\u00a0 dell\u2019I.C. Vitrioli Principe di Piemonte di Reggio Calabria con una serie di interventi dedicati alla Shoah. Nel pomeriggio <u>alle ore 17,00 presso lo Spazio Open<\/u> proiezione del video della Fondazione Perlasca (Premio Anassilaos 2022) dedicato a Giorgio Perlasca (31 gennaio 1910 \u2013 Padova, 15 agosto 1992) e conversazione del Dott. Fabio Arichetta sul tema \u201c<em>Righteous Among the Nations (Giusti tra le Nazioni<\/em>)\u201d dedicata a coloro che non-ebrei\u00a0 hanno agito in modo eroico a rischio della propria vita e senza interesse personale per salvare la vita anche di un solo ebreo dalla Shoah. Un omaggio doveroso per i milioni di Ebrei, per gli zingari, omosessuali, testimoni di Geova e oppositori che furono vittime di quella barbarie nazista\u00a0 al cui fondamento era un\u2019ideologia razzista e specificamente antisemita che condusse\u00a0 alla \u2018soluzione finale\u2019 e quindi al tentativo di cancellare la presenza ebraica in Europa (Conferenza di Wannsee del gennaio 1942)\u00a0 reso possibile dalle stupefacenti conquiste militari naziste sia ad Oriente che ad Occidente che consentirono di colpire \u00a0gli Ebrei dei paesi occupati, vale a dire di quasi tutta\u00a0Europa. Auschwitz, Treblinka, Dachau, Bergen Belsen, <a href=\"https:\/\/www.treccani.it\/enciclopedia\/mauthausen\">Mauthausen<\/a> sono soltanto i principali\u00a0 ma furono decine e decine i campi disseminati in Europa nei quali si perpetr\u00f2 un orribile delitto contro l\u2019Umanit\u00e0 che registr\u00f2 tra le vittime dello sterminio, oltre agli Ebrei, anche zingari, omosessuali, testimoni di Geova, sacerdoti oppositori politici. In Italia la persecuzione politica degli Ebrei cominci\u00f2 con le famigerate\u00a0 leggi razziali emanate nel 1938. \u00a0\u00a0La deportazione e lo sterminio iniziarono invece dopo l\u20198 settembre 1943 allorquando i Tedeschi occuparono gran parte del paese (Centro-Nord). Le autorit\u00e0 della Repubblica sociale italiana collaborarono alla deportazione. Uno dei primi episodi fu il <strong><em>rastrellamento del ghetto di Roma <\/em><\/strong>il 16 ottobre 1943. E\u2019 purtroppo da rilevare che accanto a coloroi che protessero gli Ebrei rischiando anche la vita (Giusti tra le Nazioni), molti altri, in tutta Europa,\u00a0 aiutarono invece i Nazisti a catturare e scovare gli Ebrei nascosti e moltissimi altri, la maggioranza, uomini e donne, per paura o indifferenza tacquero.<\/p>\n<p>&nbsp;<\/p>\n<p>&nbsp;<\/p>\n","protected":false},"excerpt":{"rendered":"<p>Il \u201cGiorno della Memoria\u201d istituito dalla\u00a0 Legge 20\u00a0 luglio 2000 n. 211 al fine di ricordare \u201cla Shoah (sterminio del popolo ebraico), le leggi razziali, la persecuzione italiana dei cittadini&hellip;<\/p>\n","protected":false},"author":12,"featured_media":17426,"comment_status":"open","ping_status":"open","sticky":false,"template":"","format":"standard","meta":{"_jetpack_memberships_contains_paid_content":false,"footnotes":"","jetpack_publicize_message":"","jetpack_publicize_feature_enabled":true,"jetpack_social_post_already_shared":false,"jetpack_social_options":{"image_generator_settings":{"template":"highway","default_image_id":0,"font":"","enabled":false},"version":2}},"categories":[9018,921,196,140],"tags":[3023,260,8893,422,8894],"class_list":["post-17425","post","type-post","status-publish","format-standard","has-post-thumbnail","hentry","category-giornata-della-memoria-27-gennaio","category-home","category-news","category-reggio-calabria","tag-antonino-romeo","tag-associazione-anassilaos","tag-franz-jagerstatter","tag-giornata-della-memoria","tag-istituto-comprensivo-vitrioli-principe-di-piemonte"],"yoast_head":"<!-- This site is optimized with the Yoast SEO plugin v27.2 - https:\/\/yoast.com\/product\/yoast-seo-wordpress\/ -->\n<title>Giornata della Memoria: l&#039;Anassilaos ricorda Franz J\u00e4gerst\u00e4tter<\/title>\n<meta name=\"description\" content=\"Gioved\u00ec 26 gennaio alle ore 17 alla Biblioteca de Nava. Il Prof. Romeo ricorder\u00e0 la figura del contadino cattolico ghigliottinato dai nazisti\" \/>\n<meta name=\"robots\" content=\"index, follow, max-snippet:-1, max-image-preview:large, max-video-preview:-1\" \/>\n<link rel=\"canonical\" href=\"https:\/\/progettotouring.it\/radiotouring104\/2023\/01\/24\/giornata-della-memoria-lanassilaos-ricorda-franz-jagerstatter\/\" \/>\n<meta property=\"og:locale\" content=\"it_IT\" \/>\n<meta property=\"og:type\" content=\"article\" \/>\n<meta property=\"og:title\" content=\"Giornata della Memoria: l&#039;Anassilaos ricorda Franz J\u00e4gerst\u00e4tter\" \/>\n<meta property=\"og:description\" content=\"Gioved\u00ec 26 gennaio alle ore 17 alla Biblioteca de Nava. Il Prof. Romeo ricorder\u00e0 la figura del contadino cattolico ghigliottinato dai nazisti\" \/>\n<meta property=\"og:url\" content=\"https:\/\/progettotouring.it\/radiotouring104\/2023\/01\/24\/giornata-della-memoria-lanassilaos-ricorda-franz-jagerstatter\/\" \/>\n<meta property=\"og:site_name\" content=\"Radio Touring 104\" \/>\n<meta property=\"article:published_time\" content=\"2023-01-24T10:41:28+00:00\" \/>\n<meta property=\"article:modified_time\" content=\"2023-01-26T09:18:05+00:00\" \/>\n<meta property=\"og:image\" content=\"https:\/\/progettotouring.it\/radiotouring104\/wp-content\/uploads\/sites\/6\/2023\/01\/anassilaos-ricorda-contadino-ghigliottnato-dai-nazisti.jpg\" \/>\n\t<meta property=\"og:image:width\" content=\"1704\" \/>\n\t<meta property=\"og:image:height\" content=\"1128\" \/>\n\t<meta property=\"og:image:type\" content=\"image\/jpeg\" \/>\n<meta name=\"author\" content=\"Sebastiano Plutino\" \/>\n<meta name=\"twitter:card\" content=\"summary_large_image\" \/>\n<meta name=\"twitter:label1\" content=\"Scritto da\" \/>\n\t<meta name=\"twitter:data1\" content=\"Sebastiano Plutino\" \/>\n\t<meta name=\"twitter:label2\" content=\"Tempo di lettura stimato\" \/>\n\t<meta name=\"twitter:data2\" content=\"3 minuti\" \/>\n<script type=\"application\/ld+json\" class=\"yoast-schema-graph\">{\"@context\":\"https:\/\/schema.org\",\"@graph\":[{\"@type\":\"Article\",\"@id\":\"https:\/\/progettotouring.it\/radiotouring104\/2023\/01\/24\/giornata-della-memoria-lanassilaos-ricorda-franz-jagerstatter\/#article\",\"isPartOf\":{\"@id\":\"https:\/\/progettotouring.it\/radiotouring104\/2023\/01\/24\/giornata-della-memoria-lanassilaos-ricorda-franz-jagerstatter\/\"},\"author\":{\"name\":\"Sebastiano Plutino\",\"@id\":\"https:\/\/progettotouring.it\/radiotouring104\/#\/schema\/person\/78613917f1851f041f7483f5af1d422e\"},\"headline\":\"Giornata della Memoria: l&#8217;Anassilaos ricorda Franz J\u00e4gerst\u00e4tter\",\"datePublished\":\"2023-01-24T10:41:28+00:00\",\"dateModified\":\"2023-01-26T09:18:05+00:00\",\"mainEntityOfPage\":{\"@id\":\"https:\/\/progettotouring.it\/radiotouring104\/2023\/01\/24\/giornata-della-memoria-lanassilaos-ricorda-franz-jagerstatter\/\"},\"wordCount\":609,\"commentCount\":0,\"publisher\":{\"@id\":\"https:\/\/progettotouring.it\/radiotouring104\/#organization\"},\"image\":{\"@id\":\"https:\/\/progettotouring.it\/radiotouring104\/2023\/01\/24\/giornata-della-memoria-lanassilaos-ricorda-franz-jagerstatter\/#primaryimage\"},\"thumbnailUrl\":\"https:\/\/progettotouring.it\/radiotouring104\/wp-content\/uploads\/sites\/6\/2023\/01\/anassilaos-ricorda-contadino-ghigliottnato-dai-nazisti.jpg\",\"keywords\":[\"antonino romeo\",\"Associazione Anassilaos\",\"Franz J\u00e4gerst\u00e4tter\",\"giornata della memoria\",\"Istituto Comprensivo Vitrioli-Principe di Piemonte\"],\"articleSection\":[\"Giornata della Memoria 27 gennaio\",\"Home\",\"News\",\"Reggio Calabria\"],\"inLanguage\":\"it-IT\",\"potentialAction\":[{\"@type\":\"CommentAction\",\"name\":\"Comment\",\"target\":[\"https:\/\/progettotouring.it\/radiotouring104\/2023\/01\/24\/giornata-della-memoria-lanassilaos-ricorda-franz-jagerstatter\/#respond\"]}]},{\"@type\":\"WebPage\",\"@id\":\"https:\/\/progettotouring.it\/radiotouring104\/2023\/01\/24\/giornata-della-memoria-lanassilaos-ricorda-franz-jagerstatter\/\",\"url\":\"https:\/\/progettotouring.it\/radiotouring104\/2023\/01\/24\/giornata-della-memoria-lanassilaos-ricorda-franz-jagerstatter\/\",\"name\":\"Giornata della Memoria: l'Anassilaos ricorda Franz J\u00e4gerst\u00e4tter\",\"isPartOf\":{\"@id\":\"https:\/\/progettotouring.it\/radiotouring104\/#website\"},\"primaryImageOfPage\":{\"@id\":\"https:\/\/progettotouring.it\/radiotouring104\/2023\/01\/24\/giornata-della-memoria-lanassilaos-ricorda-franz-jagerstatter\/#primaryimage\"},\"image\":{\"@id\":\"https:\/\/progettotouring.it\/radiotouring104\/2023\/01\/24\/giornata-della-memoria-lanassilaos-ricorda-franz-jagerstatter\/#primaryimage\"},\"thumbnailUrl\":\"https:\/\/progettotouring.it\/radiotouring104\/wp-content\/uploads\/sites\/6\/2023\/01\/anassilaos-ricorda-contadino-ghigliottnato-dai-nazisti.jpg\",\"datePublished\":\"2023-01-24T10:41:28+00:00\",\"dateModified\":\"2023-01-26T09:18:05+00:00\",\"description\":\"Gioved\u00ec 26 gennaio alle ore 17 alla Biblioteca de Nava. Il Prof. Romeo ricorder\u00e0 la figura del contadino cattolico ghigliottinato dai nazisti\",\"breadcrumb\":{\"@id\":\"https:\/\/progettotouring.it\/radiotouring104\/2023\/01\/24\/giornata-della-memoria-lanassilaos-ricorda-franz-jagerstatter\/#breadcrumb\"},\"inLanguage\":\"it-IT\",\"potentialAction\":[{\"@type\":\"ReadAction\",\"target\":[\"https:\/\/progettotouring.it\/radiotouring104\/2023\/01\/24\/giornata-della-memoria-lanassilaos-ricorda-franz-jagerstatter\/\"]}]},{\"@type\":\"ImageObject\",\"inLanguage\":\"it-IT\",\"@id\":\"https:\/\/progettotouring.it\/radiotouring104\/2023\/01\/24\/giornata-della-memoria-lanassilaos-ricorda-franz-jagerstatter\/#primaryimage\",\"url\":\"https:\/\/progettotouring.it\/radiotouring104\/wp-content\/uploads\/sites\/6\/2023\/01\/anassilaos-ricorda-contadino-ghigliottnato-dai-nazisti.jpg\",\"contentUrl\":\"https:\/\/progettotouring.it\/radiotouring104\/wp-content\/uploads\/sites\/6\/2023\/01\/anassilaos-ricorda-contadino-ghigliottnato-dai-nazisti.jpg\",\"width\":1704,\"height\":1128},{\"@type\":\"BreadcrumbList\",\"@id\":\"https:\/\/progettotouring.it\/radiotouring104\/2023\/01\/24\/giornata-della-memoria-lanassilaos-ricorda-franz-jagerstatter\/#breadcrumb\",\"itemListElement\":[{\"@type\":\"ListItem\",\"position\":1,\"name\":\"Home\",\"item\":\"https:\/\/progettotouring.it\/radiotouring104\/\"},{\"@type\":\"ListItem\",\"position\":2,\"name\":\"Giornata della Memoria: l&#8217;Anassilaos ricorda Franz J\u00e4gerst\u00e4tter\"}]},{\"@type\":\"WebSite\",\"@id\":\"https:\/\/progettotouring.it\/radiotouring104\/#website\",\"url\":\"https:\/\/progettotouring.it\/radiotouring104\/\",\"name\":\"Radio Touring 104\",\"description\":\"La prima radio Reggina\",\"publisher\":{\"@id\":\"https:\/\/progettotouring.it\/radiotouring104\/#organization\"},\"potentialAction\":[{\"@type\":\"SearchAction\",\"target\":{\"@type\":\"EntryPoint\",\"urlTemplate\":\"https:\/\/progettotouring.it\/radiotouring104\/?s={search_term_string}\"},\"query-input\":{\"@type\":\"PropertyValueSpecification\",\"valueRequired\":true,\"valueName\":\"search_term_string\"}}],\"inLanguage\":\"it-IT\"},{\"@type\":\"Organization\",\"@id\":\"https:\/\/progettotouring.it\/radiotouring104\/#organization\",\"name\":\"Radio Touring 104\",\"url\":\"https:\/\/progettotouring.it\/radiotouring104\/\",\"logo\":{\"@type\":\"ImageObject\",\"inLanguage\":\"it-IT\",\"@id\":\"https:\/\/progettotouring.it\/radiotouring104\/#\/schema\/logo\/image\/\",\"url\":\"https:\/\/progettotouring.it\/radiotouring104\/wp-content\/uploads\/sites\/6\/2022\/02\/cropped-logo-radio-touring-104.png\",\"contentUrl\":\"https:\/\/progettotouring.it\/radiotouring104\/wp-content\/uploads\/sites\/6\/2022\/02\/cropped-logo-radio-touring-104.png\",\"width\":377,\"height\":182,\"caption\":\"Radio Touring 104\"},\"image\":{\"@id\":\"https:\/\/progettotouring.it\/radiotouring104\/#\/schema\/logo\/image\/\"}},{\"@type\":\"Person\",\"@id\":\"https:\/\/progettotouring.it\/radiotouring104\/#\/schema\/person\/78613917f1851f041f7483f5af1d422e\",\"name\":\"Sebastiano Plutino\",\"image\":{\"@type\":\"ImageObject\",\"inLanguage\":\"it-IT\",\"@id\":\"https:\/\/secure.gravatar.com\/avatar\/0546ffaa9b79224faf9f2a156b67a529ae861d3287c66c1d8ccfdf909bcba78d?s=96&d=mm&r=g\",\"url\":\"https:\/\/secure.gravatar.com\/avatar\/0546ffaa9b79224faf9f2a156b67a529ae861d3287c66c1d8ccfdf909bcba78d?s=96&d=mm&r=g\",\"contentUrl\":\"https:\/\/secure.gravatar.com\/avatar\/0546ffaa9b79224faf9f2a156b67a529ae861d3287c66c1d8ccfdf909bcba78d?s=96&d=mm&r=g\",\"caption\":\"Sebastiano Plutino\"},\"url\":\"https:\/\/progettotouring.it\/radiotouring104\/author\/sebastiano\/\"}]}<\/script>\n<!-- \/ Yoast SEO plugin. -->","yoast_head_json":{"title":"Giornata della Memoria: l'Anassilaos ricorda Franz J\u00e4gerst\u00e4tter","description":"Gioved\u00ec 26 gennaio alle ore 17 alla Biblioteca de Nava. Il Prof. Romeo ricorder\u00e0 la figura del contadino cattolico ghigliottinato dai nazisti","robots":{"index":"index","follow":"follow","max-snippet":"max-snippet:-1","max-image-preview":"max-image-preview:large","max-video-preview":"max-video-preview:-1"},"canonical":"https:\/\/progettotouring.it\/radiotouring104\/2023\/01\/24\/giornata-della-memoria-lanassilaos-ricorda-franz-jagerstatter\/","og_locale":"it_IT","og_type":"article","og_title":"Giornata della Memoria: l'Anassilaos ricorda Franz J\u00e4gerst\u00e4tter","og_description":"Gioved\u00ec 26 gennaio alle ore 17 alla Biblioteca de Nava. Il Prof. Romeo ricorder\u00e0 la figura del contadino cattolico ghigliottinato dai nazisti","og_url":"https:\/\/progettotouring.it\/radiotouring104\/2023\/01\/24\/giornata-della-memoria-lanassilaos-ricorda-franz-jagerstatter\/","og_site_name":"Radio Touring 104","article_published_time":"2023-01-24T10:41:28+00:00","article_modified_time":"2023-01-26T09:18:05+00:00","og_image":[{"width":1704,"height":1128,"url":"https:\/\/progettotouring.it\/radiotouring104\/wp-content\/uploads\/sites\/6\/2023\/01\/anassilaos-ricorda-contadino-ghigliottnato-dai-nazisti.jpg","type":"image\/jpeg"}],"author":"Sebastiano Plutino","twitter_card":"summary_large_image","twitter_misc":{"Scritto da":"Sebastiano Plutino","Tempo di lettura stimato":"3 minuti"},"schema":{"@context":"https:\/\/schema.org","@graph":[{"@type":"Article","@id":"https:\/\/progettotouring.it\/radiotouring104\/2023\/01\/24\/giornata-della-memoria-lanassilaos-ricorda-franz-jagerstatter\/#article","isPartOf":{"@id":"https:\/\/progettotouring.it\/radiotouring104\/2023\/01\/24\/giornata-della-memoria-lanassilaos-ricorda-franz-jagerstatter\/"},"author":{"name":"Sebastiano Plutino","@id":"https:\/\/progettotouring.it\/radiotouring104\/#\/schema\/person\/78613917f1851f041f7483f5af1d422e"},"headline":"Giornata della Memoria: l&#8217;Anassilaos ricorda Franz J\u00e4gerst\u00e4tter","datePublished":"2023-01-24T10:41:28+00:00","dateModified":"2023-01-26T09:18:05+00:00","mainEntityOfPage":{"@id":"https:\/\/progettotouring.it\/radiotouring104\/2023\/01\/24\/giornata-della-memoria-lanassilaos-ricorda-franz-jagerstatter\/"},"wordCount":609,"commentCount":0,"publisher":{"@id":"https:\/\/progettotouring.it\/radiotouring104\/#organization"},"image":{"@id":"https:\/\/progettotouring.it\/radiotouring104\/2023\/01\/24\/giornata-della-memoria-lanassilaos-ricorda-franz-jagerstatter\/#primaryimage"},"thumbnailUrl":"https:\/\/progettotouring.it\/radiotouring104\/wp-content\/uploads\/sites\/6\/2023\/01\/anassilaos-ricorda-contadino-ghigliottnato-dai-nazisti.jpg","keywords":["antonino romeo","Associazione Anassilaos","Franz J\u00e4gerst\u00e4tter","giornata della memoria","Istituto Comprensivo Vitrioli-Principe di Piemonte"],"articleSection":["Giornata della Memoria 27 gennaio","Home","News","Reggio Calabria"],"inLanguage":"it-IT","potentialAction":[{"@type":"CommentAction","name":"Comment","target":["https:\/\/progettotouring.it\/radiotouring104\/2023\/01\/24\/giornata-della-memoria-lanassilaos-ricorda-franz-jagerstatter\/#respond"]}]},{"@type":"WebPage","@id":"https:\/\/progettotouring.it\/radiotouring104\/2023\/01\/24\/giornata-della-memoria-lanassilaos-ricorda-franz-jagerstatter\/","url":"https:\/\/progettotouring.it\/radiotouring104\/2023\/01\/24\/giornata-della-memoria-lanassilaos-ricorda-franz-jagerstatter\/","name":"Giornata della Memoria: l'Anassilaos ricorda Franz J\u00e4gerst\u00e4tter","isPartOf":{"@id":"https:\/\/progettotouring.it\/radiotouring104\/#website"},"primaryImageOfPage":{"@id":"https:\/\/progettotouring.it\/radiotouring104\/2023\/01\/24\/giornata-della-memoria-lanassilaos-ricorda-franz-jagerstatter\/#primaryimage"},"image":{"@id":"https:\/\/progettotouring.it\/radiotouring104\/2023\/01\/24\/giornata-della-memoria-lanassilaos-ricorda-franz-jagerstatter\/#primaryimage"},"thumbnailUrl":"https:\/\/progettotouring.it\/radiotouring104\/wp-content\/uploads\/sites\/6\/2023\/01\/anassilaos-ricorda-contadino-ghigliottnato-dai-nazisti.jpg","datePublished":"2023-01-24T10:41:28+00:00","dateModified":"2023-01-26T09:18:05+00:00","description":"Gioved\u00ec 26 gennaio alle ore 17 alla Biblioteca de Nava. Il Prof. Romeo ricorder\u00e0 la figura del contadino cattolico ghigliottinato dai nazisti","breadcrumb":{"@id":"https:\/\/progettotouring.it\/radiotouring104\/2023\/01\/24\/giornata-della-memoria-lanassilaos-ricorda-franz-jagerstatter\/#breadcrumb"},"inLanguage":"it-IT","potentialAction":[{"@type":"ReadAction","target":["https:\/\/progettotouring.it\/radiotouring104\/2023\/01\/24\/giornata-della-memoria-lanassilaos-ricorda-franz-jagerstatter\/"]}]},{"@type":"ImageObject","inLanguage":"it-IT","@id":"https:\/\/progettotouring.it\/radiotouring104\/2023\/01\/24\/giornata-della-memoria-lanassilaos-ricorda-franz-jagerstatter\/#primaryimage","url":"https:\/\/progettotouring.it\/radiotouring104\/wp-content\/uploads\/sites\/6\/2023\/01\/anassilaos-ricorda-contadino-ghigliottnato-dai-nazisti.jpg","contentUrl":"https:\/\/progettotouring.it\/radiotouring104\/wp-content\/uploads\/sites\/6\/2023\/01\/anassilaos-ricorda-contadino-ghigliottnato-dai-nazisti.jpg","width":1704,"height":1128},{"@type":"BreadcrumbList","@id":"https:\/\/progettotouring.it\/radiotouring104\/2023\/01\/24\/giornata-della-memoria-lanassilaos-ricorda-franz-jagerstatter\/#breadcrumb","itemListElement":[{"@type":"ListItem","position":1,"name":"Home","item":"https:\/\/progettotouring.it\/radiotouring104\/"},{"@type":"ListItem","position":2,"name":"Giornata della Memoria: l&#8217;Anassilaos ricorda Franz J\u00e4gerst\u00e4tter"}]},{"@type":"WebSite","@id":"https:\/\/progettotouring.it\/radiotouring104\/#website","url":"https:\/\/progettotouring.it\/radiotouring104\/","name":"Radio Touring 104","description":"La prima radio Reggina","publisher":{"@id":"https:\/\/progettotouring.it\/radiotouring104\/#organization"},"potentialAction":[{"@type":"SearchAction","target":{"@type":"EntryPoint","urlTemplate":"https:\/\/progettotouring.it\/radiotouring104\/?s={search_term_string}"},"query-input":{"@type":"PropertyValueSpecification","valueRequired":true,"valueName":"search_term_string"}}],"inLanguage":"it-IT"},{"@type":"Organization","@id":"https:\/\/progettotouring.it\/radiotouring104\/#organization","name":"Radio Touring 104","url":"https:\/\/progettotouring.it\/radiotouring104\/","logo":{"@type":"ImageObject","inLanguage":"it-IT","@id":"https:\/\/progettotouring.it\/radiotouring104\/#\/schema\/logo\/image\/","url":"https:\/\/progettotouring.it\/radiotouring104\/wp-content\/uploads\/sites\/6\/2022\/02\/cropped-logo-radio-touring-104.png","contentUrl":"https:\/\/progettotouring.it\/radiotouring104\/wp-content\/uploads\/sites\/6\/2022\/02\/cropped-logo-radio-touring-104.png","width":377,"height":182,"caption":"Radio Touring 104"},"image":{"@id":"https:\/\/progettotouring.it\/radiotouring104\/#\/schema\/logo\/image\/"}},{"@type":"Person","@id":"https:\/\/progettotouring.it\/radiotouring104\/#\/schema\/person\/78613917f1851f041f7483f5af1d422e","name":"Sebastiano Plutino","image":{"@type":"ImageObject","inLanguage":"it-IT","@id":"https:\/\/secure.gravatar.com\/avatar\/0546ffaa9b79224faf9f2a156b67a529ae861d3287c66c1d8ccfdf909bcba78d?s=96&d=mm&r=g","url":"https:\/\/secure.gravatar.com\/avatar\/0546ffaa9b79224faf9f2a156b67a529ae861d3287c66c1d8ccfdf909bcba78d?s=96&d=mm&r=g","contentUrl":"https:\/\/secure.gravatar.com\/avatar\/0546ffaa9b79224faf9f2a156b67a529ae861d3287c66c1d8ccfdf909bcba78d?s=96&d=mm&r=g","caption":"Sebastiano Plutino"},"url":"https:\/\/progettotouring.it\/radiotouring104\/author\/sebastiano\/"}]}},"jetpack_publicize_connections":[],"jetpack_featured_media_url":"https:\/\/progettotouring.it\/radiotouring104\/wp-content\/uploads\/sites\/6\/2023\/01\/anassilaos-ricorda-contadino-ghigliottnato-dai-nazisti.jpg","jetpack_sharing_enabled":true,"_links":{"self":[{"href":"https:\/\/progettotouring.it\/radiotouring104\/wp-json\/wp\/v2\/posts\/17425","targetHints":{"allow":["GET"]}}],"collection":[{"href":"https:\/\/progettotouring.it\/radiotouring104\/wp-json\/wp\/v2\/posts"}],"about":[{"href":"https:\/\/progettotouring.it\/radiotouring104\/wp-json\/wp\/v2\/types\/post"}],"author":[{"embeddable":true,"href":"https:\/\/progettotouring.it\/radiotouring104\/wp-json\/wp\/v2\/users\/12"}],"replies":[{"embeddable":true,"href":"https:\/\/progettotouring.it\/radiotouring104\/wp-json\/wp\/v2\/comments?post=17425"}],"version-history":[{"count":1,"href":"https:\/\/progettotouring.it\/radiotouring104\/wp-json\/wp\/v2\/posts\/17425\/revisions"}],"predecessor-version":[{"id":17427,"href":"https:\/\/progettotouring.it\/radiotouring104\/wp-json\/wp\/v2\/posts\/17425\/revisions\/17427"}],"wp:featuredmedia":[{"embeddable":true,"href":"https:\/\/progettotouring.it\/radiotouring104\/wp-json\/wp\/v2\/media\/17426"}],"wp:attachment":[{"href":"https:\/\/progettotouring.it\/radiotouring104\/wp-json\/wp\/v2\/media?parent=17425"}],"wp:term":[{"taxonomy":"category","embeddable":true,"href":"https:\/\/progettotouring.it\/radiotouring104\/wp-json\/wp\/v2\/categories?post=17425"},{"taxonomy":"post_tag","embeddable":true,"href":"https:\/\/progettotouring.it\/radiotouring104\/wp-json\/wp\/v2\/tags?post=17425"}],"curies":[{"name":"wp","href":"https:\/\/api.w.org\/{rel}","templated":true}]}}