{"id":17633,"date":"2023-01-26T13:56:35","date_gmt":"2023-01-26T12:56:35","guid":{"rendered":"https:\/\/progettotouring.it\/radiotouring104\/?p=17633"},"modified":"2023-01-26T13:56:35","modified_gmt":"2023-01-26T12:56:35","slug":"gli-strali-del-comitato-aeroporto-di-crotone","status":"publish","type":"post","link":"https:\/\/progettotouring.it\/radiotouring104\/2023\/01\/26\/gli-strali-del-comitato-aeroporto-di-crotone\/","title":{"rendered":"Gli strali del Comitato Aeroporto di Crotone"},"content":{"rendered":"<p>Riceviamo e pubblichiamo:<\/p>\n<p>&nbsp;<\/p>\n<p>Oggi, l&#8217;apertura delle buste per il Crotone-Roma sar\u00e0 l\u2019occasione per tirar fuori le trombe e suonarle per la vittoria; cos\u00ec avremo un altro fiume di comunicati stampa con cui tutti si prenderanno i meriti per aver riportato il volo per Roma dopo anni ed al tempo stesso nessuno continuer\u00e0 ad affrontare realisticamente la situazione dell\u2019isolamento della costa jonica e di Crotone in modo particolare.<\/p>\n<p>La politica a Crotone non fa questo, guai a guardare al futuro, si vive alla giornata e si coltiva semplicemente il proprio orticello elettorale fatto di consensi e dirette facebook.<\/p>\n<p>Nessuno in questi mesi, tranne il Comitato, si \u00e8 permesso di chiedere a Sacal o direttamente al presidente Occhiuto di venire a Crotone per spiegare il Contratto di Sviluppo Volare con cui l&#8217;aeroporto diventer\u00e0 industriale. Tutti si son limitati a guardare alle cifre dell\u2019investimento, ben 36 milioni di euro, che trasformeranno l\u2019aeroporto da civile e turistico in ben altro dimenticandosi che questa \u00e8 di fatto l\u2019unica speranza per gli emigrati, gli studenti, i malati e tanti altri cittadini di poter tornare.<\/p>\n<p>Nessun politico o referente territoriale ha spiegato come mai la cifra per una sola rotta \u00e8 quasi raddoppiata, rispetto al bando precedente, mentre il costo del biglietto \u00e8 rimasto invariato. Un prezzo del biglietto di circa sessanta euro che stranamente risulta pi\u00f9 alto a quello che mediamente si pu\u00f2 comprare su Lamezia Terme dove non ci sono finanziamenti pubblici per la continuit\u00e0 territoriale.<\/p>\n<p>Strano che nessuno abbia battuto i pugni per rendere il volo interessante per i cittadini che vogliono andare e tornare da Roma nella stessa giornata.<\/p>\n<p>Strano che ogni decisione presa da Sacal negli ultimi anni sembra essere un autogoal per l&#8217;aeroporto di Crotone, ossia nessun vantaggio concreto per il territorio.<\/p>\n<p>Cos\u00ec, l&#8217;agonia dell&#8217;unica infrastruttura presente sul territorio continua. Un popolo isolato dal mondo in una terra bellissima che potrebbe attrarre tanti turisti e creare lavoro rimane in balia di promesse lanciate durante dirette facebook in cui si narrano vittorie che realmente non sembrano tali nella vita di ogni cittadino crotonese.<\/p>\n<p>Alla politica che illude ancor di pi\u00f9 noi cittadini chiediamo di smetterla!!<\/p>\n<p>Venite a spiegarci come torneranno i nostri concittadini per la prossima Pasqua e per la prossima estate prima di attrarre milanesi con milioni di euro calabresi!!! Venite nel nostro territorio ad incontrarci, ascoltare i nostri problemi e trovare insieme soluzioni concrete.<\/p>\n<p>In un territorio, quello crotonese, dove non serve fondare partiti ed organizzare pubbliche cerimonie ma soltanto gestire e valorizzare la bellezza naturale della nostra terra e con buon senso tutti i servizi pubblici necessari!!!<\/p>\n<p>Crotone deve volare ma per farlo ci vogliono infrastrutture che la possano collegare al mondo.<\/p>\n<p>Infine, a chi oggi festegger\u00e0 nei propri comunicati stampa ricordiamo che questo inverno dallo scalo crotonese sono volati solo 8 voli settimanali e fra 3 anni i 13 milioni di euro saranno finiti; se veramente eravate capaci di far qualcosa avreste ottenuto ben pi\u00f9 voli per tutto l\u2019anno, come accaduto in altri aeroporti calabresi, ed ora visto che continuate ad auto elogiarvi trovate altri 13 milioni di euro poich\u00e9 questo finanziamento risale al 2018 e per non creare nuovamente interruzione dei voli in continuit\u00e0 territoriale \u00e8 necessario avere immediatamente una nuova adeguata copertura finanziaria!<\/p>\n<p>Il comitato continuer\u00e0 a chiedere con ogni mezzo che l\u2019aeroporto venga realmente rilanciato ed i cittadini possano esser liberi di partire, liberi di tornare.<\/p>\n<p><strong>Il Direttivo<\/strong><\/p>\n<p><strong>Comitato Cittadino Aeroporto Crotone<\/strong><\/p>\n","protected":false},"excerpt":{"rendered":"<p>Riceviamo e pubblichiamo: &nbsp; Oggi, l&#8217;apertura delle buste per il Crotone-Roma sar\u00e0 l\u2019occasione per tirar fuori le trombe e suonarle per la vittoria; cos\u00ec avremo un altro fiume di comunicati&hellip;<\/p>\n","protected":false},"author":13,"featured_media":17634,"comment_status":"open","ping_status":"open","sticky":false,"template":"","format":"standard","meta":{"_jetpack_memberships_contains_paid_content":false,"footnotes":"","jetpack_publicize_message":"","jetpack_publicize_feature_enabled":true,"jetpack_social_post_already_shared":false,"jetpack_social_options":{"image_generator_settings":{"template":"highway","default_image_id":0,"font":"","enabled":false},"version":2}},"categories":[142,921,196],"tags":[9051,9053,9052,2415],"class_list":["post-17633","post","type-post","status-publish","format-standard","has-post-thumbnail","hentry","category-calabria","category-home","category-news","tag-aeroporto-di-crotone","tag-aeroporto-industriale","tag-comitato-cittadino-aeroporto-crotone","tag-sacal"],"yoast_head":"<!-- This site is optimized with the Yoast SEO plugin v27.2 - https:\/\/yoast.com\/product\/yoast-seo-wordpress\/ -->\n<title>Gli strali del Comitato Cittadino Aeroporto di Crotone<\/title>\n<meta name=\"description\" content=\"La conversione da aeroporto civile e turistico a industriale preoccupa il Comitato che denuncia l&#039;inadeguatezza dell&#039;infrastruttura\" \/>\n<meta name=\"robots\" content=\"index, follow, max-snippet:-1, max-image-preview:large, max-video-preview:-1\" \/>\n<link rel=\"canonical\" href=\"https:\/\/progettotouring.it\/radiotouring104\/2023\/01\/26\/gli-strali-del-comitato-aeroporto-di-crotone\/\" \/>\n<meta property=\"og:locale\" content=\"it_IT\" \/>\n<meta property=\"og:type\" content=\"article\" \/>\n<meta property=\"og:title\" content=\"Gli strali del Comitato Cittadino Aeroporto di Crotone\" \/>\n<meta property=\"og:description\" content=\"La conversione da aeroporto civile e turistico a industriale preoccupa il Comitato che denuncia l&#039;inadeguatezza dell&#039;infrastruttura\" \/>\n<meta property=\"og:url\" content=\"https:\/\/progettotouring.it\/radiotouring104\/2023\/01\/26\/gli-strali-del-comitato-aeroporto-di-crotone\/\" \/>\n<meta property=\"og:site_name\" content=\"Radio Touring 104\" \/>\n<meta property=\"article:published_time\" content=\"2023-01-26T12:56:35+00:00\" \/>\n<meta property=\"og:image\" content=\"https:\/\/progettotouring.it\/radiotouring104\/wp-content\/uploads\/sites\/6\/2023\/01\/Comitato-Aeroporto-Crotone.jpg\" \/>\n\t<meta property=\"og:image:width\" content=\"225\" \/>\n\t<meta property=\"og:image:height\" content=\"225\" \/>\n\t<meta property=\"og:image:type\" content=\"image\/jpeg\" \/>\n<meta name=\"author\" content=\"Helena Pedone\" \/>\n<meta name=\"twitter:card\" content=\"summary_large_image\" \/>\n<meta name=\"twitter:label1\" content=\"Scritto da\" \/>\n\t<meta name=\"twitter:data1\" content=\"Helena Pedone\" \/>\n\t<meta name=\"twitter:label2\" content=\"Tempo di lettura stimato\" \/>\n\t<meta name=\"twitter:data2\" content=\"3 minuti\" \/>\n<script type=\"application\/ld+json\" class=\"yoast-schema-graph\">{\"@context\":\"https:\/\/schema.org\",\"@graph\":[{\"@type\":\"Article\",\"@id\":\"https:\/\/progettotouring.it\/radiotouring104\/2023\/01\/26\/gli-strali-del-comitato-aeroporto-di-crotone\/#article\",\"isPartOf\":{\"@id\":\"https:\/\/progettotouring.it\/radiotouring104\/2023\/01\/26\/gli-strali-del-comitato-aeroporto-di-crotone\/\"},\"author\":{\"name\":\"Helena Pedone\",\"@id\":\"https:\/\/progettotouring.it\/radiotouring104\/#\/schema\/person\/8458ed437f4094f881aab8e4cc572684\"},\"headline\":\"Gli strali del Comitato Aeroporto di Crotone\",\"datePublished\":\"2023-01-26T12:56:35+00:00\",\"mainEntityOfPage\":{\"@id\":\"https:\/\/progettotouring.it\/radiotouring104\/2023\/01\/26\/gli-strali-del-comitato-aeroporto-di-crotone\/\"},\"wordCount\":571,\"commentCount\":0,\"publisher\":{\"@id\":\"https:\/\/progettotouring.it\/radiotouring104\/#organization\"},\"image\":{\"@id\":\"https:\/\/progettotouring.it\/radiotouring104\/2023\/01\/26\/gli-strali-del-comitato-aeroporto-di-crotone\/#primaryimage\"},\"thumbnailUrl\":\"https:\/\/progettotouring.it\/radiotouring104\/wp-content\/uploads\/sites\/6\/2023\/01\/Comitato-Aeroporto-Crotone.jpg\",\"keywords\":[\"Aeroporto di Crotone\",\"aeroporto industriale\",\"Comitato Cittadino Aeroporto Crotone\",\"SACAL\"],\"articleSection\":[\"Calabria\",\"Home\",\"News\"],\"inLanguage\":\"it-IT\",\"potentialAction\":[{\"@type\":\"CommentAction\",\"name\":\"Comment\",\"target\":[\"https:\/\/progettotouring.it\/radiotouring104\/2023\/01\/26\/gli-strali-del-comitato-aeroporto-di-crotone\/#respond\"]}]},{\"@type\":\"WebPage\",\"@id\":\"https:\/\/progettotouring.it\/radiotouring104\/2023\/01\/26\/gli-strali-del-comitato-aeroporto-di-crotone\/\",\"url\":\"https:\/\/progettotouring.it\/radiotouring104\/2023\/01\/26\/gli-strali-del-comitato-aeroporto-di-crotone\/\",\"name\":\"Gli strali del Comitato Cittadino Aeroporto di Crotone\",\"isPartOf\":{\"@id\":\"https:\/\/progettotouring.it\/radiotouring104\/#website\"},\"primaryImageOfPage\":{\"@id\":\"https:\/\/progettotouring.it\/radiotouring104\/2023\/01\/26\/gli-strali-del-comitato-aeroporto-di-crotone\/#primaryimage\"},\"image\":{\"@id\":\"https:\/\/progettotouring.it\/radiotouring104\/2023\/01\/26\/gli-strali-del-comitato-aeroporto-di-crotone\/#primaryimage\"},\"thumbnailUrl\":\"https:\/\/progettotouring.it\/radiotouring104\/wp-content\/uploads\/sites\/6\/2023\/01\/Comitato-Aeroporto-Crotone.jpg\",\"datePublished\":\"2023-01-26T12:56:35+00:00\",\"description\":\"La conversione da aeroporto civile e turistico a industriale preoccupa il Comitato che denuncia l'inadeguatezza dell'infrastruttura\",\"breadcrumb\":{\"@id\":\"https:\/\/progettotouring.it\/radiotouring104\/2023\/01\/26\/gli-strali-del-comitato-aeroporto-di-crotone\/#breadcrumb\"},\"inLanguage\":\"it-IT\",\"potentialAction\":[{\"@type\":\"ReadAction\",\"target\":[\"https:\/\/progettotouring.it\/radiotouring104\/2023\/01\/26\/gli-strali-del-comitato-aeroporto-di-crotone\/\"]}]},{\"@type\":\"ImageObject\",\"inLanguage\":\"it-IT\",\"@id\":\"https:\/\/progettotouring.it\/radiotouring104\/2023\/01\/26\/gli-strali-del-comitato-aeroporto-di-crotone\/#primaryimage\",\"url\":\"https:\/\/progettotouring.it\/radiotouring104\/wp-content\/uploads\/sites\/6\/2023\/01\/Comitato-Aeroporto-Crotone.jpg\",\"contentUrl\":\"https:\/\/progettotouring.it\/radiotouring104\/wp-content\/uploads\/sites\/6\/2023\/01\/Comitato-Aeroporto-Crotone.jpg\",\"width\":225,\"height\":225},{\"@type\":\"BreadcrumbList\",\"@id\":\"https:\/\/progettotouring.it\/radiotouring104\/2023\/01\/26\/gli-strali-del-comitato-aeroporto-di-crotone\/#breadcrumb\",\"itemListElement\":[{\"@type\":\"ListItem\",\"position\":1,\"name\":\"Home\",\"item\":\"https:\/\/progettotouring.it\/radiotouring104\/\"},{\"@type\":\"ListItem\",\"position\":2,\"name\":\"Gli strali del Comitato Aeroporto di Crotone\"}]},{\"@type\":\"WebSite\",\"@id\":\"https:\/\/progettotouring.it\/radiotouring104\/#website\",\"url\":\"https:\/\/progettotouring.it\/radiotouring104\/\",\"name\":\"Radio Touring 104\",\"description\":\"La prima radio Reggina\",\"publisher\":{\"@id\":\"https:\/\/progettotouring.it\/radiotouring104\/#organization\"},\"potentialAction\":[{\"@type\":\"SearchAction\",\"target\":{\"@type\":\"EntryPoint\",\"urlTemplate\":\"https:\/\/progettotouring.it\/radiotouring104\/?s={search_term_string}\"},\"query-input\":{\"@type\":\"PropertyValueSpecification\",\"valueRequired\":true,\"valueName\":\"search_term_string\"}}],\"inLanguage\":\"it-IT\"},{\"@type\":\"Organization\",\"@id\":\"https:\/\/progettotouring.it\/radiotouring104\/#organization\",\"name\":\"Radio Touring 104\",\"url\":\"https:\/\/progettotouring.it\/radiotouring104\/\",\"logo\":{\"@type\":\"ImageObject\",\"inLanguage\":\"it-IT\",\"@id\":\"https:\/\/progettotouring.it\/radiotouring104\/#\/schema\/logo\/image\/\",\"url\":\"https:\/\/progettotouring.it\/radiotouring104\/wp-content\/uploads\/sites\/6\/2022\/02\/cropped-logo-radio-touring-104.png\",\"contentUrl\":\"https:\/\/progettotouring.it\/radiotouring104\/wp-content\/uploads\/sites\/6\/2022\/02\/cropped-logo-radio-touring-104.png\",\"width\":377,\"height\":182,\"caption\":\"Radio Touring 104\"},\"image\":{\"@id\":\"https:\/\/progettotouring.it\/radiotouring104\/#\/schema\/logo\/image\/\"}},{\"@type\":\"Person\",\"@id\":\"https:\/\/progettotouring.it\/radiotouring104\/#\/schema\/person\/8458ed437f4094f881aab8e4cc572684\",\"name\":\"Helena Pedone\",\"image\":{\"@type\":\"ImageObject\",\"inLanguage\":\"it-IT\",\"@id\":\"https:\/\/secure.gravatar.com\/avatar\/95a63adf316f90175b68113b4b895a96641be06395ffeef88fea6178b30027d9?s=96&d=mm&r=g\",\"url\":\"https:\/\/secure.gravatar.com\/avatar\/95a63adf316f90175b68113b4b895a96641be06395ffeef88fea6178b30027d9?s=96&d=mm&r=g\",\"contentUrl\":\"https:\/\/secure.gravatar.com\/avatar\/95a63adf316f90175b68113b4b895a96641be06395ffeef88fea6178b30027d9?s=96&d=mm&r=g\",\"caption\":\"Helena Pedone\"},\"url\":\"https:\/\/progettotouring.it\/radiotouring104\/author\/helena\/\"}]}<\/script>\n<!-- \/ Yoast SEO plugin. -->","yoast_head_json":{"title":"Gli strali del Comitato Cittadino Aeroporto di Crotone","description":"La conversione da aeroporto civile e turistico a industriale preoccupa il Comitato che denuncia l'inadeguatezza dell'infrastruttura","robots":{"index":"index","follow":"follow","max-snippet":"max-snippet:-1","max-image-preview":"max-image-preview:large","max-video-preview":"max-video-preview:-1"},"canonical":"https:\/\/progettotouring.it\/radiotouring104\/2023\/01\/26\/gli-strali-del-comitato-aeroporto-di-crotone\/","og_locale":"it_IT","og_type":"article","og_title":"Gli strali del Comitato Cittadino Aeroporto di Crotone","og_description":"La conversione da aeroporto civile e turistico a industriale preoccupa il Comitato che denuncia l'inadeguatezza dell'infrastruttura","og_url":"https:\/\/progettotouring.it\/radiotouring104\/2023\/01\/26\/gli-strali-del-comitato-aeroporto-di-crotone\/","og_site_name":"Radio Touring 104","article_published_time":"2023-01-26T12:56:35+00:00","og_image":[{"width":225,"height":225,"url":"https:\/\/progettotouring.it\/radiotouring104\/wp-content\/uploads\/sites\/6\/2023\/01\/Comitato-Aeroporto-Crotone.jpg","type":"image\/jpeg"}],"author":"Helena Pedone","twitter_card":"summary_large_image","twitter_misc":{"Scritto da":"Helena Pedone","Tempo di lettura stimato":"3 minuti"},"schema":{"@context":"https:\/\/schema.org","@graph":[{"@type":"Article","@id":"https:\/\/progettotouring.it\/radiotouring104\/2023\/01\/26\/gli-strali-del-comitato-aeroporto-di-crotone\/#article","isPartOf":{"@id":"https:\/\/progettotouring.it\/radiotouring104\/2023\/01\/26\/gli-strali-del-comitato-aeroporto-di-crotone\/"},"author":{"name":"Helena Pedone","@id":"https:\/\/progettotouring.it\/radiotouring104\/#\/schema\/person\/8458ed437f4094f881aab8e4cc572684"},"headline":"Gli strali del Comitato Aeroporto di Crotone","datePublished":"2023-01-26T12:56:35+00:00","mainEntityOfPage":{"@id":"https:\/\/progettotouring.it\/radiotouring104\/2023\/01\/26\/gli-strali-del-comitato-aeroporto-di-crotone\/"},"wordCount":571,"commentCount":0,"publisher":{"@id":"https:\/\/progettotouring.it\/radiotouring104\/#organization"},"image":{"@id":"https:\/\/progettotouring.it\/radiotouring104\/2023\/01\/26\/gli-strali-del-comitato-aeroporto-di-crotone\/#primaryimage"},"thumbnailUrl":"https:\/\/progettotouring.it\/radiotouring104\/wp-content\/uploads\/sites\/6\/2023\/01\/Comitato-Aeroporto-Crotone.jpg","keywords":["Aeroporto di Crotone","aeroporto industriale","Comitato Cittadino Aeroporto Crotone","SACAL"],"articleSection":["Calabria","Home","News"],"inLanguage":"it-IT","potentialAction":[{"@type":"CommentAction","name":"Comment","target":["https:\/\/progettotouring.it\/radiotouring104\/2023\/01\/26\/gli-strali-del-comitato-aeroporto-di-crotone\/#respond"]}]},{"@type":"WebPage","@id":"https:\/\/progettotouring.it\/radiotouring104\/2023\/01\/26\/gli-strali-del-comitato-aeroporto-di-crotone\/","url":"https:\/\/progettotouring.it\/radiotouring104\/2023\/01\/26\/gli-strali-del-comitato-aeroporto-di-crotone\/","name":"Gli strali del Comitato Cittadino Aeroporto di Crotone","isPartOf":{"@id":"https:\/\/progettotouring.it\/radiotouring104\/#website"},"primaryImageOfPage":{"@id":"https:\/\/progettotouring.it\/radiotouring104\/2023\/01\/26\/gli-strali-del-comitato-aeroporto-di-crotone\/#primaryimage"},"image":{"@id":"https:\/\/progettotouring.it\/radiotouring104\/2023\/01\/26\/gli-strali-del-comitato-aeroporto-di-crotone\/#primaryimage"},"thumbnailUrl":"https:\/\/progettotouring.it\/radiotouring104\/wp-content\/uploads\/sites\/6\/2023\/01\/Comitato-Aeroporto-Crotone.jpg","datePublished":"2023-01-26T12:56:35+00:00","description":"La conversione da aeroporto civile e turistico a industriale preoccupa il Comitato che denuncia l'inadeguatezza dell'infrastruttura","breadcrumb":{"@id":"https:\/\/progettotouring.it\/radiotouring104\/2023\/01\/26\/gli-strali-del-comitato-aeroporto-di-crotone\/#breadcrumb"},"inLanguage":"it-IT","potentialAction":[{"@type":"ReadAction","target":["https:\/\/progettotouring.it\/radiotouring104\/2023\/01\/26\/gli-strali-del-comitato-aeroporto-di-crotone\/"]}]},{"@type":"ImageObject","inLanguage":"it-IT","@id":"https:\/\/progettotouring.it\/radiotouring104\/2023\/01\/26\/gli-strali-del-comitato-aeroporto-di-crotone\/#primaryimage","url":"https:\/\/progettotouring.it\/radiotouring104\/wp-content\/uploads\/sites\/6\/2023\/01\/Comitato-Aeroporto-Crotone.jpg","contentUrl":"https:\/\/progettotouring.it\/radiotouring104\/wp-content\/uploads\/sites\/6\/2023\/01\/Comitato-Aeroporto-Crotone.jpg","width":225,"height":225},{"@type":"BreadcrumbList","@id":"https:\/\/progettotouring.it\/radiotouring104\/2023\/01\/26\/gli-strali-del-comitato-aeroporto-di-crotone\/#breadcrumb","itemListElement":[{"@type":"ListItem","position":1,"name":"Home","item":"https:\/\/progettotouring.it\/radiotouring104\/"},{"@type":"ListItem","position":2,"name":"Gli strali del Comitato Aeroporto di Crotone"}]},{"@type":"WebSite","@id":"https:\/\/progettotouring.it\/radiotouring104\/#website","url":"https:\/\/progettotouring.it\/radiotouring104\/","name":"Radio Touring 104","description":"La prima radio Reggina","publisher":{"@id":"https:\/\/progettotouring.it\/radiotouring104\/#organization"},"potentialAction":[{"@type":"SearchAction","target":{"@type":"EntryPoint","urlTemplate":"https:\/\/progettotouring.it\/radiotouring104\/?s={search_term_string}"},"query-input":{"@type":"PropertyValueSpecification","valueRequired":true,"valueName":"search_term_string"}}],"inLanguage":"it-IT"},{"@type":"Organization","@id":"https:\/\/progettotouring.it\/radiotouring104\/#organization","name":"Radio Touring 104","url":"https:\/\/progettotouring.it\/radiotouring104\/","logo":{"@type":"ImageObject","inLanguage":"it-IT","@id":"https:\/\/progettotouring.it\/radiotouring104\/#\/schema\/logo\/image\/","url":"https:\/\/progettotouring.it\/radiotouring104\/wp-content\/uploads\/sites\/6\/2022\/02\/cropped-logo-radio-touring-104.png","contentUrl":"https:\/\/progettotouring.it\/radiotouring104\/wp-content\/uploads\/sites\/6\/2022\/02\/cropped-logo-radio-touring-104.png","width":377,"height":182,"caption":"Radio Touring 104"},"image":{"@id":"https:\/\/progettotouring.it\/radiotouring104\/#\/schema\/logo\/image\/"}},{"@type":"Person","@id":"https:\/\/progettotouring.it\/radiotouring104\/#\/schema\/person\/8458ed437f4094f881aab8e4cc572684","name":"Helena Pedone","image":{"@type":"ImageObject","inLanguage":"it-IT","@id":"https:\/\/secure.gravatar.com\/avatar\/95a63adf316f90175b68113b4b895a96641be06395ffeef88fea6178b30027d9?s=96&d=mm&r=g","url":"https:\/\/secure.gravatar.com\/avatar\/95a63adf316f90175b68113b4b895a96641be06395ffeef88fea6178b30027d9?s=96&d=mm&r=g","contentUrl":"https:\/\/secure.gravatar.com\/avatar\/95a63adf316f90175b68113b4b895a96641be06395ffeef88fea6178b30027d9?s=96&d=mm&r=g","caption":"Helena Pedone"},"url":"https:\/\/progettotouring.it\/radiotouring104\/author\/helena\/"}]}},"jetpack_publicize_connections":[],"jetpack_featured_media_url":"https:\/\/progettotouring.it\/radiotouring104\/wp-content\/uploads\/sites\/6\/2023\/01\/Comitato-Aeroporto-Crotone.jpg","jetpack_sharing_enabled":true,"_links":{"self":[{"href":"https:\/\/progettotouring.it\/radiotouring104\/wp-json\/wp\/v2\/posts\/17633","targetHints":{"allow":["GET"]}}],"collection":[{"href":"https:\/\/progettotouring.it\/radiotouring104\/wp-json\/wp\/v2\/posts"}],"about":[{"href":"https:\/\/progettotouring.it\/radiotouring104\/wp-json\/wp\/v2\/types\/post"}],"author":[{"embeddable":true,"href":"https:\/\/progettotouring.it\/radiotouring104\/wp-json\/wp\/v2\/users\/13"}],"replies":[{"embeddable":true,"href":"https:\/\/progettotouring.it\/radiotouring104\/wp-json\/wp\/v2\/comments?post=17633"}],"version-history":[{"count":1,"href":"https:\/\/progettotouring.it\/radiotouring104\/wp-json\/wp\/v2\/posts\/17633\/revisions"}],"predecessor-version":[{"id":17635,"href":"https:\/\/progettotouring.it\/radiotouring104\/wp-json\/wp\/v2\/posts\/17633\/revisions\/17635"}],"wp:featuredmedia":[{"embeddable":true,"href":"https:\/\/progettotouring.it\/radiotouring104\/wp-json\/wp\/v2\/media\/17634"}],"wp:attachment":[{"href":"https:\/\/progettotouring.it\/radiotouring104\/wp-json\/wp\/v2\/media?parent=17633"}],"wp:term":[{"taxonomy":"category","embeddable":true,"href":"https:\/\/progettotouring.it\/radiotouring104\/wp-json\/wp\/v2\/categories?post=17633"},{"taxonomy":"post_tag","embeddable":true,"href":"https:\/\/progettotouring.it\/radiotouring104\/wp-json\/wp\/v2\/tags?post=17633"}],"curies":[{"name":"wp","href":"https:\/\/api.w.org\/{rel}","templated":true}]}}