{"id":17773,"date":"2023-01-27T15:07:27","date_gmt":"2023-01-27T14:07:27","guid":{"rendered":"https:\/\/progettotouring.it\/radiotouring104\/?p=17773"},"modified":"2023-01-27T15:09:12","modified_gmt":"2023-01-27T14:09:12","slug":"a-reggio-un-flash-mob-rievoca-la-giornata-della-memoria","status":"publish","type":"post","link":"https:\/\/progettotouring.it\/radiotouring104\/2023\/01\/27\/a-reggio-un-flash-mob-rievoca-la-giornata-della-memoria\/","title":{"rendered":"A Reggio un flash mob rievoca la Giornata della Memoria"},"content":{"rendered":"<p>Sono centinaia gli studenti che hanno aderito al flash mob artistico promosso dalla Citt\u00e0 Metropolitana, in collaborazione con il Comune di Reggio Calabria, in occasione della Giornata della Memoria per le vittime della Shoah. Sulla scalinata del Teatro Cilea sono andate in scena le note dell&#8217;Orchestra da camera Francesco Cilea, diretta dal Maestro Alessandro Tirotta, ed i brani selezionati dalla Scuola regionale di recitazione della Calabria, con il lettore Marco Mittica. Presenti, insieme ai rappresentanti della Citt\u00e0 Metropolitana e del Comune di Reggio Calabria, ed alle altre autorit\u00e0 cittadine, i ragazzi dell&#8217;Istituto Comprensivo &#8220;Carducci &#8211; Da Feltre&#8221; e &#8220;Galilei &#8211; Pascoli&#8221; di Reggio Calabria, dell&#8217;Istituto Comprensivo &#8220;Montebello &#8211; Motta San Giovanni&#8221;, dell&#8217;Istituto &#8220;Fermi&#8221; di Bagnara, sezione staccata di Villa San Giovanni e del Liceo Classico &#8220;Campanella&#8221; di Reggio Calabria.<\/p>\n<p>&#8220;Proibito Sognare&#8221; il titolo dell&#8217;iniziativa, che ha proposto, attraverso la musica e la recitazione, la rievocazione del concetto di arte interrotta dai regimi nazifascisti, che arrivarono a proibire composizioni di musica classica perch\u00e9 considerate non allineate agli indirizzi della dittatura.<\/p>\n<p>A porgere i saluti alla vasta platea di giovani e giovanissimi intervenuti \u00e8 stato il sindaco facente funzioni della Citt\u00e0 Metropolitana. &#8220;Credo sia una giornata importante per tutti noi &#8211; ha affermato &#8211; un momento di riflessione che ci chiama in causa come cittadini e come uomini ancor prima che come istituzioni. I nostri ragazzi forse immaginano gli orrori della shoah come dei fatti lontani nel tempo ed irripetibili, ma purtroppo circostanze di violenza barbara e di privazione dei diritti fondamentali accadono ancora a due passi da noi, nel cuore dell&#8217;Europa. E questo deve farci molto riflettere perch\u00e9 significa che \u00e8 ancora necessario riaffermare il concetto di libert\u00e0 e di inalienabilit\u00e0 dei diritti umani come condizioni per le quali combattere quotidianamente&#8221;.<\/p>\n<p>Grande soddisfazione per il successo dell&#8217;iniziativa \u00e8 stata espressa dal Consigliere delegato alla Cultura della Citt\u00e0 Metropolitana Filippo Quartuccio. &#8220;Non \u00e8 un caso &#8211; ha affermato a margine della manifestazione &#8211; che abbiamo scelto di celebrare questa giornata coinvolgendo le nostre scuole. Attraverso l&#8217;arte e la musica, ed a proposito ci tengo a ringraziare i musicisti ed il lettore che ci hanno accompagnati, il messaggio di questa giornata \u00e8 arrivato forte e chiaro. Ancora una volta la nostra Citt\u00e0 ha risposto presente a questa ricorrenza, costruendo un momento di riflessione che tanti dirigenti scolastici, i docenti e soprattutto gli studenti hanno abbracciato convintamente, realizzando cartelloni e disegni proprio per esprimere la loro consapevolezza circa l&#8217;importanza di ricordare gli orrori dell&#8217;olocausto e fare in modo, attraverso la coscienza di ognuno di noi, che fatti del genere non accadano mai pi\u00f9&#8221;.<\/p>\n","protected":false},"excerpt":{"rendered":"<p>Sono centinaia gli studenti che hanno aderito al flash mob artistico promosso dalla Citt\u00e0 Metropolitana, in collaborazione con il Comune di Reggio Calabria, in occasione della Giornata della Memoria per&hellip;<\/p>\n","protected":false},"author":13,"featured_media":17774,"comment_status":"open","ping_status":"open","sticky":false,"template":"","format":"standard","meta":{"_jetpack_memberships_contains_paid_content":false,"footnotes":"","jetpack_publicize_message":"","jetpack_publicize_feature_enabled":true,"jetpack_social_post_already_shared":false,"jetpack_social_options":{"image_generator_settings":{"template":"highway","default_image_id":0,"font":"","enabled":false},"version":2}},"categories":[9018,921,196,140],"tags":[9143,422,9145,9146,9147,9144],"class_list":["post-17773","post","type-post","status-publish","format-standard","has-post-thumbnail","hentry","category-giornata-della-memoria-27-gennaio","category-home","category-news","category-reggio-calabria","tag-flash-mob-reggio-calabria","tag-giornata-della-memoria","tag-istituto-comprensivo-carducci","tag-istituto-comprensivo-montebello","tag-istituto-fermi","tag-liceo-campanella"],"yoast_head":"<!-- This site is optimized with the Yoast SEO plugin v27.2 - https:\/\/yoast.com\/product\/yoast-seo-wordpress\/ -->\n<title>A Reggio un flash mob rievoca la Giornata della Memoria<\/title>\n<meta name=\"description\" content=\"Con un atto performativo gli studenti radunati al Teatro Cilea ricordano la censura nazista sulle forme d&#039;arte invise al regime\" \/>\n<meta name=\"robots\" content=\"index, follow, max-snippet:-1, max-image-preview:large, max-video-preview:-1\" \/>\n<link rel=\"canonical\" href=\"https:\/\/progettotouring.it\/radiotouring104\/2023\/01\/27\/a-reggio-un-flash-mob-rievoca-la-giornata-della-memoria\/\" \/>\n<meta property=\"og:locale\" content=\"it_IT\" \/>\n<meta property=\"og:type\" content=\"article\" \/>\n<meta property=\"og:title\" content=\"A Reggio un flash mob rievoca la Giornata della Memoria\" \/>\n<meta property=\"og:description\" content=\"Con un atto performativo gli studenti radunati al Teatro Cilea ricordano la censura nazista sulle forme d&#039;arte invise al regime\" \/>\n<meta property=\"og:url\" content=\"https:\/\/progettotouring.it\/radiotouring104\/2023\/01\/27\/a-reggio-un-flash-mob-rievoca-la-giornata-della-memoria\/\" \/>\n<meta property=\"og:site_name\" content=\"Radio Touring 104\" \/>\n<meta property=\"article:published_time\" content=\"2023-01-27T14:07:27+00:00\" \/>\n<meta property=\"article:modified_time\" content=\"2023-01-27T14:09:12+00:00\" \/>\n<meta property=\"og:image\" content=\"https:\/\/progettotouring.it\/radiotouring104\/wp-content\/uploads\/sites\/6\/2023\/01\/Flash-mob.jpg\" \/>\n\t<meta property=\"og:image:width\" content=\"1600\" \/>\n\t<meta property=\"og:image:height\" content=\"900\" \/>\n\t<meta property=\"og:image:type\" content=\"image\/jpeg\" \/>\n<meta name=\"author\" content=\"Helena Pedone\" \/>\n<meta name=\"twitter:card\" content=\"summary_large_image\" \/>\n<meta name=\"twitter:label1\" content=\"Scritto da\" \/>\n\t<meta name=\"twitter:data1\" content=\"Helena Pedone\" \/>\n\t<meta name=\"twitter:label2\" content=\"Tempo di lettura stimato\" \/>\n\t<meta name=\"twitter:data2\" content=\"2 minuti\" \/>\n<script type=\"application\/ld+json\" class=\"yoast-schema-graph\">{\"@context\":\"https:\/\/schema.org\",\"@graph\":[{\"@type\":\"Article\",\"@id\":\"https:\/\/progettotouring.it\/radiotouring104\/2023\/01\/27\/a-reggio-un-flash-mob-rievoca-la-giornata-della-memoria\/#article\",\"isPartOf\":{\"@id\":\"https:\/\/progettotouring.it\/radiotouring104\/2023\/01\/27\/a-reggio-un-flash-mob-rievoca-la-giornata-della-memoria\/\"},\"author\":{\"name\":\"Helena Pedone\",\"@id\":\"https:\/\/progettotouring.it\/radiotouring104\/#\/schema\/person\/8458ed437f4094f881aab8e4cc572684\"},\"headline\":\"A Reggio un flash mob rievoca la Giornata della Memoria\",\"datePublished\":\"2023-01-27T14:07:27+00:00\",\"dateModified\":\"2023-01-27T14:09:12+00:00\",\"mainEntityOfPage\":{\"@id\":\"https:\/\/progettotouring.it\/radiotouring104\/2023\/01\/27\/a-reggio-un-flash-mob-rievoca-la-giornata-della-memoria\/\"},\"wordCount\":434,\"commentCount\":0,\"publisher\":{\"@id\":\"https:\/\/progettotouring.it\/radiotouring104\/#organization\"},\"image\":{\"@id\":\"https:\/\/progettotouring.it\/radiotouring104\/2023\/01\/27\/a-reggio-un-flash-mob-rievoca-la-giornata-della-memoria\/#primaryimage\"},\"thumbnailUrl\":\"https:\/\/progettotouring.it\/radiotouring104\/wp-content\/uploads\/sites\/6\/2023\/01\/Flash-mob.jpg\",\"keywords\":[\"Flash mob Reggio Calabria\",\"giornata della memoria\",\"Istituto Comprensivo Carducci\",\"Istituto Comprensivo Montebello\",\"Istituto Fermi\",\"Liceo Campanella\"],\"articleSection\":[\"Giornata della Memoria 27 gennaio\",\"Home\",\"News\",\"Reggio Calabria\"],\"inLanguage\":\"it-IT\",\"potentialAction\":[{\"@type\":\"CommentAction\",\"name\":\"Comment\",\"target\":[\"https:\/\/progettotouring.it\/radiotouring104\/2023\/01\/27\/a-reggio-un-flash-mob-rievoca-la-giornata-della-memoria\/#respond\"]}]},{\"@type\":\"WebPage\",\"@id\":\"https:\/\/progettotouring.it\/radiotouring104\/2023\/01\/27\/a-reggio-un-flash-mob-rievoca-la-giornata-della-memoria\/\",\"url\":\"https:\/\/progettotouring.it\/radiotouring104\/2023\/01\/27\/a-reggio-un-flash-mob-rievoca-la-giornata-della-memoria\/\",\"name\":\"A Reggio un flash mob rievoca la Giornata della Memoria\",\"isPartOf\":{\"@id\":\"https:\/\/progettotouring.it\/radiotouring104\/#website\"},\"primaryImageOfPage\":{\"@id\":\"https:\/\/progettotouring.it\/radiotouring104\/2023\/01\/27\/a-reggio-un-flash-mob-rievoca-la-giornata-della-memoria\/#primaryimage\"},\"image\":{\"@id\":\"https:\/\/progettotouring.it\/radiotouring104\/2023\/01\/27\/a-reggio-un-flash-mob-rievoca-la-giornata-della-memoria\/#primaryimage\"},\"thumbnailUrl\":\"https:\/\/progettotouring.it\/radiotouring104\/wp-content\/uploads\/sites\/6\/2023\/01\/Flash-mob.jpg\",\"datePublished\":\"2023-01-27T14:07:27+00:00\",\"dateModified\":\"2023-01-27T14:09:12+00:00\",\"description\":\"Con un atto performativo gli studenti radunati al Teatro Cilea ricordano la censura nazista sulle forme d'arte invise al regime\",\"breadcrumb\":{\"@id\":\"https:\/\/progettotouring.it\/radiotouring104\/2023\/01\/27\/a-reggio-un-flash-mob-rievoca-la-giornata-della-memoria\/#breadcrumb\"},\"inLanguage\":\"it-IT\",\"potentialAction\":[{\"@type\":\"ReadAction\",\"target\":[\"https:\/\/progettotouring.it\/radiotouring104\/2023\/01\/27\/a-reggio-un-flash-mob-rievoca-la-giornata-della-memoria\/\"]}]},{\"@type\":\"ImageObject\",\"inLanguage\":\"it-IT\",\"@id\":\"https:\/\/progettotouring.it\/radiotouring104\/2023\/01\/27\/a-reggio-un-flash-mob-rievoca-la-giornata-della-memoria\/#primaryimage\",\"url\":\"https:\/\/progettotouring.it\/radiotouring104\/wp-content\/uploads\/sites\/6\/2023\/01\/Flash-mob.jpg\",\"contentUrl\":\"https:\/\/progettotouring.it\/radiotouring104\/wp-content\/uploads\/sites\/6\/2023\/01\/Flash-mob.jpg\",\"width\":1600,\"height\":900},{\"@type\":\"BreadcrumbList\",\"@id\":\"https:\/\/progettotouring.it\/radiotouring104\/2023\/01\/27\/a-reggio-un-flash-mob-rievoca-la-giornata-della-memoria\/#breadcrumb\",\"itemListElement\":[{\"@type\":\"ListItem\",\"position\":1,\"name\":\"Home\",\"item\":\"https:\/\/progettotouring.it\/radiotouring104\/\"},{\"@type\":\"ListItem\",\"position\":2,\"name\":\"A Reggio un flash mob rievoca la Giornata della Memoria\"}]},{\"@type\":\"WebSite\",\"@id\":\"https:\/\/progettotouring.it\/radiotouring104\/#website\",\"url\":\"https:\/\/progettotouring.it\/radiotouring104\/\",\"name\":\"Radio Touring 104\",\"description\":\"La prima radio Reggina\",\"publisher\":{\"@id\":\"https:\/\/progettotouring.it\/radiotouring104\/#organization\"},\"potentialAction\":[{\"@type\":\"SearchAction\",\"target\":{\"@type\":\"EntryPoint\",\"urlTemplate\":\"https:\/\/progettotouring.it\/radiotouring104\/?s={search_term_string}\"},\"query-input\":{\"@type\":\"PropertyValueSpecification\",\"valueRequired\":true,\"valueName\":\"search_term_string\"}}],\"inLanguage\":\"it-IT\"},{\"@type\":\"Organization\",\"@id\":\"https:\/\/progettotouring.it\/radiotouring104\/#organization\",\"name\":\"Radio Touring 104\",\"url\":\"https:\/\/progettotouring.it\/radiotouring104\/\",\"logo\":{\"@type\":\"ImageObject\",\"inLanguage\":\"it-IT\",\"@id\":\"https:\/\/progettotouring.it\/radiotouring104\/#\/schema\/logo\/image\/\",\"url\":\"https:\/\/progettotouring.it\/radiotouring104\/wp-content\/uploads\/sites\/6\/2022\/02\/cropped-logo-radio-touring-104.png\",\"contentUrl\":\"https:\/\/progettotouring.it\/radiotouring104\/wp-content\/uploads\/sites\/6\/2022\/02\/cropped-logo-radio-touring-104.png\",\"width\":377,\"height\":182,\"caption\":\"Radio Touring 104\"},\"image\":{\"@id\":\"https:\/\/progettotouring.it\/radiotouring104\/#\/schema\/logo\/image\/\"}},{\"@type\":\"Person\",\"@id\":\"https:\/\/progettotouring.it\/radiotouring104\/#\/schema\/person\/8458ed437f4094f881aab8e4cc572684\",\"name\":\"Helena Pedone\",\"image\":{\"@type\":\"ImageObject\",\"inLanguage\":\"it-IT\",\"@id\":\"https:\/\/secure.gravatar.com\/avatar\/95a63adf316f90175b68113b4b895a96641be06395ffeef88fea6178b30027d9?s=96&d=mm&r=g\",\"url\":\"https:\/\/secure.gravatar.com\/avatar\/95a63adf316f90175b68113b4b895a96641be06395ffeef88fea6178b30027d9?s=96&d=mm&r=g\",\"contentUrl\":\"https:\/\/secure.gravatar.com\/avatar\/95a63adf316f90175b68113b4b895a96641be06395ffeef88fea6178b30027d9?s=96&d=mm&r=g\",\"caption\":\"Helena Pedone\"},\"url\":\"https:\/\/progettotouring.it\/radiotouring104\/author\/helena\/\"}]}<\/script>\n<!-- \/ Yoast SEO plugin. -->","yoast_head_json":{"title":"A Reggio un flash mob rievoca la Giornata della Memoria","description":"Con un atto performativo gli studenti radunati al Teatro Cilea ricordano la censura nazista sulle forme d'arte invise al regime","robots":{"index":"index","follow":"follow","max-snippet":"max-snippet:-1","max-image-preview":"max-image-preview:large","max-video-preview":"max-video-preview:-1"},"canonical":"https:\/\/progettotouring.it\/radiotouring104\/2023\/01\/27\/a-reggio-un-flash-mob-rievoca-la-giornata-della-memoria\/","og_locale":"it_IT","og_type":"article","og_title":"A Reggio un flash mob rievoca la Giornata della Memoria","og_description":"Con un atto performativo gli studenti radunati al Teatro Cilea ricordano la censura nazista sulle forme d'arte invise al regime","og_url":"https:\/\/progettotouring.it\/radiotouring104\/2023\/01\/27\/a-reggio-un-flash-mob-rievoca-la-giornata-della-memoria\/","og_site_name":"Radio Touring 104","article_published_time":"2023-01-27T14:07:27+00:00","article_modified_time":"2023-01-27T14:09:12+00:00","og_image":[{"width":1600,"height":900,"url":"https:\/\/progettotouring.it\/radiotouring104\/wp-content\/uploads\/sites\/6\/2023\/01\/Flash-mob.jpg","type":"image\/jpeg"}],"author":"Helena Pedone","twitter_card":"summary_large_image","twitter_misc":{"Scritto da":"Helena Pedone","Tempo di lettura stimato":"2 minuti"},"schema":{"@context":"https:\/\/schema.org","@graph":[{"@type":"Article","@id":"https:\/\/progettotouring.it\/radiotouring104\/2023\/01\/27\/a-reggio-un-flash-mob-rievoca-la-giornata-della-memoria\/#article","isPartOf":{"@id":"https:\/\/progettotouring.it\/radiotouring104\/2023\/01\/27\/a-reggio-un-flash-mob-rievoca-la-giornata-della-memoria\/"},"author":{"name":"Helena Pedone","@id":"https:\/\/progettotouring.it\/radiotouring104\/#\/schema\/person\/8458ed437f4094f881aab8e4cc572684"},"headline":"A Reggio un flash mob rievoca la Giornata della Memoria","datePublished":"2023-01-27T14:07:27+00:00","dateModified":"2023-01-27T14:09:12+00:00","mainEntityOfPage":{"@id":"https:\/\/progettotouring.it\/radiotouring104\/2023\/01\/27\/a-reggio-un-flash-mob-rievoca-la-giornata-della-memoria\/"},"wordCount":434,"commentCount":0,"publisher":{"@id":"https:\/\/progettotouring.it\/radiotouring104\/#organization"},"image":{"@id":"https:\/\/progettotouring.it\/radiotouring104\/2023\/01\/27\/a-reggio-un-flash-mob-rievoca-la-giornata-della-memoria\/#primaryimage"},"thumbnailUrl":"https:\/\/progettotouring.it\/radiotouring104\/wp-content\/uploads\/sites\/6\/2023\/01\/Flash-mob.jpg","keywords":["Flash mob Reggio Calabria","giornata della memoria","Istituto Comprensivo Carducci","Istituto Comprensivo Montebello","Istituto Fermi","Liceo Campanella"],"articleSection":["Giornata della Memoria 27 gennaio","Home","News","Reggio Calabria"],"inLanguage":"it-IT","potentialAction":[{"@type":"CommentAction","name":"Comment","target":["https:\/\/progettotouring.it\/radiotouring104\/2023\/01\/27\/a-reggio-un-flash-mob-rievoca-la-giornata-della-memoria\/#respond"]}]},{"@type":"WebPage","@id":"https:\/\/progettotouring.it\/radiotouring104\/2023\/01\/27\/a-reggio-un-flash-mob-rievoca-la-giornata-della-memoria\/","url":"https:\/\/progettotouring.it\/radiotouring104\/2023\/01\/27\/a-reggio-un-flash-mob-rievoca-la-giornata-della-memoria\/","name":"A Reggio un flash mob rievoca la Giornata della Memoria","isPartOf":{"@id":"https:\/\/progettotouring.it\/radiotouring104\/#website"},"primaryImageOfPage":{"@id":"https:\/\/progettotouring.it\/radiotouring104\/2023\/01\/27\/a-reggio-un-flash-mob-rievoca-la-giornata-della-memoria\/#primaryimage"},"image":{"@id":"https:\/\/progettotouring.it\/radiotouring104\/2023\/01\/27\/a-reggio-un-flash-mob-rievoca-la-giornata-della-memoria\/#primaryimage"},"thumbnailUrl":"https:\/\/progettotouring.it\/radiotouring104\/wp-content\/uploads\/sites\/6\/2023\/01\/Flash-mob.jpg","datePublished":"2023-01-27T14:07:27+00:00","dateModified":"2023-01-27T14:09:12+00:00","description":"Con un atto performativo gli studenti radunati al Teatro Cilea ricordano la censura nazista sulle forme d'arte invise al regime","breadcrumb":{"@id":"https:\/\/progettotouring.it\/radiotouring104\/2023\/01\/27\/a-reggio-un-flash-mob-rievoca-la-giornata-della-memoria\/#breadcrumb"},"inLanguage":"it-IT","potentialAction":[{"@type":"ReadAction","target":["https:\/\/progettotouring.it\/radiotouring104\/2023\/01\/27\/a-reggio-un-flash-mob-rievoca-la-giornata-della-memoria\/"]}]},{"@type":"ImageObject","inLanguage":"it-IT","@id":"https:\/\/progettotouring.it\/radiotouring104\/2023\/01\/27\/a-reggio-un-flash-mob-rievoca-la-giornata-della-memoria\/#primaryimage","url":"https:\/\/progettotouring.it\/radiotouring104\/wp-content\/uploads\/sites\/6\/2023\/01\/Flash-mob.jpg","contentUrl":"https:\/\/progettotouring.it\/radiotouring104\/wp-content\/uploads\/sites\/6\/2023\/01\/Flash-mob.jpg","width":1600,"height":900},{"@type":"BreadcrumbList","@id":"https:\/\/progettotouring.it\/radiotouring104\/2023\/01\/27\/a-reggio-un-flash-mob-rievoca-la-giornata-della-memoria\/#breadcrumb","itemListElement":[{"@type":"ListItem","position":1,"name":"Home","item":"https:\/\/progettotouring.it\/radiotouring104\/"},{"@type":"ListItem","position":2,"name":"A Reggio un flash mob rievoca la Giornata della Memoria"}]},{"@type":"WebSite","@id":"https:\/\/progettotouring.it\/radiotouring104\/#website","url":"https:\/\/progettotouring.it\/radiotouring104\/","name":"Radio Touring 104","description":"La prima radio Reggina","publisher":{"@id":"https:\/\/progettotouring.it\/radiotouring104\/#organization"},"potentialAction":[{"@type":"SearchAction","target":{"@type":"EntryPoint","urlTemplate":"https:\/\/progettotouring.it\/radiotouring104\/?s={search_term_string}"},"query-input":{"@type":"PropertyValueSpecification","valueRequired":true,"valueName":"search_term_string"}}],"inLanguage":"it-IT"},{"@type":"Organization","@id":"https:\/\/progettotouring.it\/radiotouring104\/#organization","name":"Radio Touring 104","url":"https:\/\/progettotouring.it\/radiotouring104\/","logo":{"@type":"ImageObject","inLanguage":"it-IT","@id":"https:\/\/progettotouring.it\/radiotouring104\/#\/schema\/logo\/image\/","url":"https:\/\/progettotouring.it\/radiotouring104\/wp-content\/uploads\/sites\/6\/2022\/02\/cropped-logo-radio-touring-104.png","contentUrl":"https:\/\/progettotouring.it\/radiotouring104\/wp-content\/uploads\/sites\/6\/2022\/02\/cropped-logo-radio-touring-104.png","width":377,"height":182,"caption":"Radio Touring 104"},"image":{"@id":"https:\/\/progettotouring.it\/radiotouring104\/#\/schema\/logo\/image\/"}},{"@type":"Person","@id":"https:\/\/progettotouring.it\/radiotouring104\/#\/schema\/person\/8458ed437f4094f881aab8e4cc572684","name":"Helena Pedone","image":{"@type":"ImageObject","inLanguage":"it-IT","@id":"https:\/\/secure.gravatar.com\/avatar\/95a63adf316f90175b68113b4b895a96641be06395ffeef88fea6178b30027d9?s=96&d=mm&r=g","url":"https:\/\/secure.gravatar.com\/avatar\/95a63adf316f90175b68113b4b895a96641be06395ffeef88fea6178b30027d9?s=96&d=mm&r=g","contentUrl":"https:\/\/secure.gravatar.com\/avatar\/95a63adf316f90175b68113b4b895a96641be06395ffeef88fea6178b30027d9?s=96&d=mm&r=g","caption":"Helena Pedone"},"url":"https:\/\/progettotouring.it\/radiotouring104\/author\/helena\/"}]}},"jetpack_publicize_connections":[],"jetpack_featured_media_url":"https:\/\/progettotouring.it\/radiotouring104\/wp-content\/uploads\/sites\/6\/2023\/01\/Flash-mob.jpg","jetpack_sharing_enabled":true,"_links":{"self":[{"href":"https:\/\/progettotouring.it\/radiotouring104\/wp-json\/wp\/v2\/posts\/17773","targetHints":{"allow":["GET"]}}],"collection":[{"href":"https:\/\/progettotouring.it\/radiotouring104\/wp-json\/wp\/v2\/posts"}],"about":[{"href":"https:\/\/progettotouring.it\/radiotouring104\/wp-json\/wp\/v2\/types\/post"}],"author":[{"embeddable":true,"href":"https:\/\/progettotouring.it\/radiotouring104\/wp-json\/wp\/v2\/users\/13"}],"replies":[{"embeddable":true,"href":"https:\/\/progettotouring.it\/radiotouring104\/wp-json\/wp\/v2\/comments?post=17773"}],"version-history":[{"count":2,"href":"https:\/\/progettotouring.it\/radiotouring104\/wp-json\/wp\/v2\/posts\/17773\/revisions"}],"predecessor-version":[{"id":17778,"href":"https:\/\/progettotouring.it\/radiotouring104\/wp-json\/wp\/v2\/posts\/17773\/revisions\/17778"}],"wp:featuredmedia":[{"embeddable":true,"href":"https:\/\/progettotouring.it\/radiotouring104\/wp-json\/wp\/v2\/media\/17774"}],"wp:attachment":[{"href":"https:\/\/progettotouring.it\/radiotouring104\/wp-json\/wp\/v2\/media?parent=17773"}],"wp:term":[{"taxonomy":"category","embeddable":true,"href":"https:\/\/progettotouring.it\/radiotouring104\/wp-json\/wp\/v2\/categories?post=17773"},{"taxonomy":"post_tag","embeddable":true,"href":"https:\/\/progettotouring.it\/radiotouring104\/wp-json\/wp\/v2\/tags?post=17773"}],"curies":[{"name":"wp","href":"https:\/\/api.w.org\/{rel}","templated":true}]}}