{"id":18302,"date":"2023-02-03T14:28:00","date_gmt":"2023-02-03T13:28:00","guid":{"rendered":"https:\/\/progettotouring.it\/radiotouring104\/?p=18302"},"modified":"2023-02-03T14:43:17","modified_gmt":"2023-02-03T13:43:17","slug":"massimo-taibi-racconta-il-mercato-amaranto-mi-sono-fatto-garante-delloperazione-di-acquisizione-del-club","status":"publish","type":"post","link":"https:\/\/progettotouring.it\/radiotouring104\/2023\/02\/03\/massimo-taibi-racconta-il-mercato-amaranto-mi-sono-fatto-garante-delloperazione-di-acquisizione-del-club\/","title":{"rendered":"Massimo Taibi racconta il mercato amaranto: &#8220;Mi sono fatto garante dell&#8217;operazione di acquisizione del club&#8221;"},"content":{"rendered":"<p style=\"text-align: justify\">In mattinata, il direttore sportivo\u00a0<strong>Massimo Taibi\u00a0<\/strong>\u00e8 intervenuto in conferenza stampa dal\u00a0<strong>Centro Sportivo Sant&#8217;Agata<\/strong>, rispondendo alle domande degli organi d&#8217;informazione sulle operazioni concluse nella sessione invernale del calciomercato.<\/p>\n<p style=\"text-align: justify\">&#8220;<em>Innanzitutto, ci tengo a ringraziare sentitamente il patron <strong>Felice Saladini<\/strong>. Se oggi siamo qui a parlare di mercato, il merito \u00e8 suo e quello che \u00e8 stato fatto da giugno a oggi \u00e8 sotto gli occhi di tutti. Mi sono fatto garante dell&#8217;operazione di acquisizione del club, perch\u00e9 Reggio Calabria non poteva scomparire, sportivamente parlando, dai radar. Le operazioni di gennaio sono state effettuate rapportandoci costantemente ai parametri di sostenibilit\u00e0. Questo \u00e8 stata una delle sessioni di calciomercato pi\u00f9 povere degli ultimi 15 anni. In <strong>Serie<\/strong> <strong>B<\/strong>, eccezion fatta per Palermo e Frosinone, tutti si sono mossi senza fare spese folli<\/em>&#8220;.<\/p>\n<p style=\"text-align: justify\">Sui nuovi acquisti: &#8220;<em>Avevamo ben chiari sin da subito gli obiettivi da raggiungere. Abbiamo messo dentro giovani importanti, un portiere e un difensore che ci garantiscono esperienza. <strong>Ionita<\/strong>? Si era proposto a <strong>Inzaghi<\/strong>, sia a luglio che in questi ultimi giorni di mercato. Sapete come la penso: chi viene a Reggio Calabria deve essere convinto al cento per cento<\/em>&#8220;.<\/p>\n<p style=\"text-align: justify\">I rinnovi di Cionek e Menez: &#8220;<em>Su <strong>Thiago<\/strong> stiamo lavorando, siamo abbastanza avanti nella trattativa. Per quanto riguarda J\u00e9r\u00e9my, condividiamo lo stesso pensiero: a marzo ci siederemo a tavolino e capiremo la soluzione migliore per entramb<\/em>i&#8221;.<\/p>\n<p style=\"text-align: justify\">Sul futuro da costruire: &#8220;<em>Il settore giovanile rappresenta la priorit\u00e0. L&#8217;innesto di Giuseppe <strong>Geria<\/strong> \u00e8 una garanzia rispetto al lavoro che si vuole portare avanti. Ci stiamo dotando di un&#8217;importante rete scouting, abbiamo gi\u00e0 attenzionato dei calciatori. Siamo consapevoli che il futuro passa anche e soprattutto da chi verr\u00e0 su dalle selezioni giovanili<\/em>&#8220;.<\/p>\n<p style=\"text-align: justify\">In chiusura, un pensiero su <strong>Palermo<\/strong>&#8211;<strong>Reggina<\/strong>: &#8220;<em>Sono nato a Palermo e amo le due citt\u00e0, la loro gente. Paradossalmente ho trascorso pi\u00f9 tempo a <strong>Reggio Calabria<\/strong>. L&#8217;affetto che mi lega a questa piazza delle volte mi porta ad essere poco razionale, ma opero sempre per il bene della <strong>Reggina<\/strong><\/em>&#8220;.<\/p>\n","protected":false},"excerpt":{"rendered":"<p>In mattinata, il direttore sportivo\u00a0Massimo Taibi\u00a0\u00e8 intervenuto in conferenza stampa dal\u00a0Centro Sportivo Sant&#8217;Agata, rispondendo alle domande degli organi d&#8217;informazione sulle operazioni concluse nella sessione invernale del calciomercato. &#8220;Innanzitutto, ci tengo&hellip;<\/p>\n","protected":false},"author":8,"featured_media":18303,"comment_status":"open","ping_status":"open","sticky":false,"template":"","format":"standard","meta":{"_jetpack_memberships_contains_paid_content":false,"footnotes":"","jetpack_publicize_message":"","jetpack_publicize_feature_enabled":true,"jetpack_social_post_already_shared":false,"jetpack_social_options":{"image_generator_settings":{"template":"highway","default_image_id":0,"font":"","enabled":false},"version":2}},"categories":[196,140,144],"tags":[3996,313,4282,616,210,358],"class_list":["post-18302","post","type-post","status-publish","format-standard","has-post-thumbnail","hentry","category-news","category-reggio-calabria","category-sport","tag-cionek","tag-menez","tag-mercato","tag-palermo","tag-reggina","tag-taibi"],"yoast_head":"<!-- This site is optimized with the Yoast SEO plugin v27.2 - https:\/\/yoast.com\/product\/yoast-seo-wordpress\/ -->\n<title>Massimo Taibi racconta il mercato amaranto: le parole del ds<\/title>\n<meta name=\"description\" content=\"Il dirigente sportivo Massimo Taibi ha raccontato il mercato della Reggina svelando le motivazioni delle trattative andate in porto\" \/>\n<meta name=\"robots\" content=\"index, follow, max-snippet:-1, max-image-preview:large, max-video-preview:-1\" \/>\n<link rel=\"canonical\" href=\"https:\/\/progettotouring.it\/radiotouring104\/2023\/02\/03\/massimo-taibi-racconta-il-mercato-amaranto-mi-sono-fatto-garante-delloperazione-di-acquisizione-del-club\/\" \/>\n<meta property=\"og:locale\" content=\"it_IT\" \/>\n<meta property=\"og:type\" content=\"article\" \/>\n<meta property=\"og:title\" content=\"Massimo Taibi racconta il mercato amaranto: le parole del ds\" \/>\n<meta property=\"og:description\" content=\"Il dirigente sportivo Massimo Taibi ha raccontato il mercato della Reggina svelando le motivazioni delle trattative andate in porto\" \/>\n<meta property=\"og:url\" content=\"https:\/\/progettotouring.it\/radiotouring104\/2023\/02\/03\/massimo-taibi-racconta-il-mercato-amaranto-mi-sono-fatto-garante-delloperazione-di-acquisizione-del-club\/\" \/>\n<meta property=\"og:site_name\" content=\"Radio Touring 104\" \/>\n<meta property=\"article:published_time\" content=\"2023-02-03T13:28:00+00:00\" \/>\n<meta property=\"article:modified_time\" content=\"2023-02-03T13:43:17+00:00\" \/>\n<meta property=\"og:image\" content=\"https:\/\/progettotouring.it\/radiotouring104\/wp-content\/uploads\/sites\/6\/2023\/02\/taibi.png\" \/>\n\t<meta property=\"og:image:width\" content=\"1147\" \/>\n\t<meta property=\"og:image:height\" content=\"808\" \/>\n\t<meta property=\"og:image:type\" content=\"image\/png\" \/>\n<meta name=\"author\" content=\"Filippo Francesco Idone\" \/>\n<meta name=\"twitter:card\" content=\"summary_large_image\" \/>\n<meta name=\"twitter:label1\" content=\"Scritto da\" \/>\n\t<meta name=\"twitter:data1\" content=\"Filippo Francesco Idone\" \/>\n\t<meta name=\"twitter:label2\" content=\"Tempo di lettura stimato\" \/>\n\t<meta name=\"twitter:data2\" content=\"2 minuti\" \/>\n<script type=\"application\/ld+json\" class=\"yoast-schema-graph\">{\"@context\":\"https:\/\/schema.org\",\"@graph\":[{\"@type\":\"Article\",\"@id\":\"https:\/\/progettotouring.it\/radiotouring104\/2023\/02\/03\/massimo-taibi-racconta-il-mercato-amaranto-mi-sono-fatto-garante-delloperazione-di-acquisizione-del-club\/#article\",\"isPartOf\":{\"@id\":\"https:\/\/progettotouring.it\/radiotouring104\/2023\/02\/03\/massimo-taibi-racconta-il-mercato-amaranto-mi-sono-fatto-garante-delloperazione-di-acquisizione-del-club\/\"},\"author\":{\"name\":\"Filippo Francesco Idone\",\"@id\":\"https:\/\/progettotouring.it\/radiotouring104\/#\/schema\/person\/4a82259ca52ac8702ad1a8f9e5a3120b\"},\"headline\":\"Massimo Taibi racconta il mercato amaranto: &#8220;Mi sono fatto garante dell&#8217;operazione di acquisizione del club&#8221;\",\"datePublished\":\"2023-02-03T13:28:00+00:00\",\"dateModified\":\"2023-02-03T13:43:17+00:00\",\"mainEntityOfPage\":{\"@id\":\"https:\/\/progettotouring.it\/radiotouring104\/2023\/02\/03\/massimo-taibi-racconta-il-mercato-amaranto-mi-sono-fatto-garante-delloperazione-di-acquisizione-del-club\/\"},\"wordCount\":338,\"commentCount\":0,\"publisher\":{\"@id\":\"https:\/\/progettotouring.it\/radiotouring104\/#organization\"},\"image\":{\"@id\":\"https:\/\/progettotouring.it\/radiotouring104\/2023\/02\/03\/massimo-taibi-racconta-il-mercato-amaranto-mi-sono-fatto-garante-delloperazione-di-acquisizione-del-club\/#primaryimage\"},\"thumbnailUrl\":\"https:\/\/progettotouring.it\/radiotouring104\/wp-content\/uploads\/sites\/6\/2023\/02\/taibi.png\",\"keywords\":[\"Cionek\",\"m\u00e9nez\",\"mercato\",\"Palermo\",\"reggina\",\"Taibi\"],\"articleSection\":[\"News\",\"Reggio Calabria\",\"Sport\"],\"inLanguage\":\"it-IT\",\"potentialAction\":[{\"@type\":\"CommentAction\",\"name\":\"Comment\",\"target\":[\"https:\/\/progettotouring.it\/radiotouring104\/2023\/02\/03\/massimo-taibi-racconta-il-mercato-amaranto-mi-sono-fatto-garante-delloperazione-di-acquisizione-del-club\/#respond\"]}]},{\"@type\":\"WebPage\",\"@id\":\"https:\/\/progettotouring.it\/radiotouring104\/2023\/02\/03\/massimo-taibi-racconta-il-mercato-amaranto-mi-sono-fatto-garante-delloperazione-di-acquisizione-del-club\/\",\"url\":\"https:\/\/progettotouring.it\/radiotouring104\/2023\/02\/03\/massimo-taibi-racconta-il-mercato-amaranto-mi-sono-fatto-garante-delloperazione-di-acquisizione-del-club\/\",\"name\":\"Massimo Taibi racconta il mercato amaranto: le parole del ds\",\"isPartOf\":{\"@id\":\"https:\/\/progettotouring.it\/radiotouring104\/#website\"},\"primaryImageOfPage\":{\"@id\":\"https:\/\/progettotouring.it\/radiotouring104\/2023\/02\/03\/massimo-taibi-racconta-il-mercato-amaranto-mi-sono-fatto-garante-delloperazione-di-acquisizione-del-club\/#primaryimage\"},\"image\":{\"@id\":\"https:\/\/progettotouring.it\/radiotouring104\/2023\/02\/03\/massimo-taibi-racconta-il-mercato-amaranto-mi-sono-fatto-garante-delloperazione-di-acquisizione-del-club\/#primaryimage\"},\"thumbnailUrl\":\"https:\/\/progettotouring.it\/radiotouring104\/wp-content\/uploads\/sites\/6\/2023\/02\/taibi.png\",\"datePublished\":\"2023-02-03T13:28:00+00:00\",\"dateModified\":\"2023-02-03T13:43:17+00:00\",\"description\":\"Il dirigente sportivo Massimo Taibi ha raccontato il mercato della Reggina svelando le motivazioni delle trattative andate in porto\",\"breadcrumb\":{\"@id\":\"https:\/\/progettotouring.it\/radiotouring104\/2023\/02\/03\/massimo-taibi-racconta-il-mercato-amaranto-mi-sono-fatto-garante-delloperazione-di-acquisizione-del-club\/#breadcrumb\"},\"inLanguage\":\"it-IT\",\"potentialAction\":[{\"@type\":\"ReadAction\",\"target\":[\"https:\/\/progettotouring.it\/radiotouring104\/2023\/02\/03\/massimo-taibi-racconta-il-mercato-amaranto-mi-sono-fatto-garante-delloperazione-di-acquisizione-del-club\/\"]}]},{\"@type\":\"ImageObject\",\"inLanguage\":\"it-IT\",\"@id\":\"https:\/\/progettotouring.it\/radiotouring104\/2023\/02\/03\/massimo-taibi-racconta-il-mercato-amaranto-mi-sono-fatto-garante-delloperazione-di-acquisizione-del-club\/#primaryimage\",\"url\":\"https:\/\/progettotouring.it\/radiotouring104\/wp-content\/uploads\/sites\/6\/2023\/02\/taibi.png\",\"contentUrl\":\"https:\/\/progettotouring.it\/radiotouring104\/wp-content\/uploads\/sites\/6\/2023\/02\/taibi.png\",\"width\":1147,\"height\":808,\"caption\":\"Foto twitter Reggina\"},{\"@type\":\"BreadcrumbList\",\"@id\":\"https:\/\/progettotouring.it\/radiotouring104\/2023\/02\/03\/massimo-taibi-racconta-il-mercato-amaranto-mi-sono-fatto-garante-delloperazione-di-acquisizione-del-club\/#breadcrumb\",\"itemListElement\":[{\"@type\":\"ListItem\",\"position\":1,\"name\":\"Home\",\"item\":\"https:\/\/progettotouring.it\/radiotouring104\/\"},{\"@type\":\"ListItem\",\"position\":2,\"name\":\"Massimo Taibi racconta il mercato amaranto: &#8220;Mi sono fatto garante dell&#8217;operazione di acquisizione del club&#8221;\"}]},{\"@type\":\"WebSite\",\"@id\":\"https:\/\/progettotouring.it\/radiotouring104\/#website\",\"url\":\"https:\/\/progettotouring.it\/radiotouring104\/\",\"name\":\"Radio Touring 104\",\"description\":\"La prima radio Reggina\",\"publisher\":{\"@id\":\"https:\/\/progettotouring.it\/radiotouring104\/#organization\"},\"potentialAction\":[{\"@type\":\"SearchAction\",\"target\":{\"@type\":\"EntryPoint\",\"urlTemplate\":\"https:\/\/progettotouring.it\/radiotouring104\/?s={search_term_string}\"},\"query-input\":{\"@type\":\"PropertyValueSpecification\",\"valueRequired\":true,\"valueName\":\"search_term_string\"}}],\"inLanguage\":\"it-IT\"},{\"@type\":\"Organization\",\"@id\":\"https:\/\/progettotouring.it\/radiotouring104\/#organization\",\"name\":\"Radio Touring 104\",\"url\":\"https:\/\/progettotouring.it\/radiotouring104\/\",\"logo\":{\"@type\":\"ImageObject\",\"inLanguage\":\"it-IT\",\"@id\":\"https:\/\/progettotouring.it\/radiotouring104\/#\/schema\/logo\/image\/\",\"url\":\"https:\/\/progettotouring.it\/radiotouring104\/wp-content\/uploads\/sites\/6\/2022\/02\/cropped-logo-radio-touring-104.png\",\"contentUrl\":\"https:\/\/progettotouring.it\/radiotouring104\/wp-content\/uploads\/sites\/6\/2022\/02\/cropped-logo-radio-touring-104.png\",\"width\":377,\"height\":182,\"caption\":\"Radio Touring 104\"},\"image\":{\"@id\":\"https:\/\/progettotouring.it\/radiotouring104\/#\/schema\/logo\/image\/\"}},{\"@type\":\"Person\",\"@id\":\"https:\/\/progettotouring.it\/radiotouring104\/#\/schema\/person\/4a82259ca52ac8702ad1a8f9e5a3120b\",\"name\":\"Filippo Francesco Idone\",\"image\":{\"@type\":\"ImageObject\",\"inLanguage\":\"it-IT\",\"@id\":\"https:\/\/secure.gravatar.com\/avatar\/7268715d2366395c3dd314385670e6484117d44f5c442e61e230f7008b7b62d3?s=96&d=mm&r=g\",\"url\":\"https:\/\/secure.gravatar.com\/avatar\/7268715d2366395c3dd314385670e6484117d44f5c442e61e230f7008b7b62d3?s=96&d=mm&r=g\",\"contentUrl\":\"https:\/\/secure.gravatar.com\/avatar\/7268715d2366395c3dd314385670e6484117d44f5c442e61e230f7008b7b62d3?s=96&d=mm&r=g\",\"caption\":\"Filippo Francesco Idone\"},\"url\":\"https:\/\/progettotouring.it\/radiotouring104\/author\/filippoidone\/\"}]}<\/script>\n<!-- \/ Yoast SEO plugin. -->","yoast_head_json":{"title":"Massimo Taibi racconta il mercato amaranto: le parole del ds","description":"Il dirigente sportivo Massimo Taibi ha raccontato il mercato della Reggina svelando le motivazioni delle trattative andate in porto","robots":{"index":"index","follow":"follow","max-snippet":"max-snippet:-1","max-image-preview":"max-image-preview:large","max-video-preview":"max-video-preview:-1"},"canonical":"https:\/\/progettotouring.it\/radiotouring104\/2023\/02\/03\/massimo-taibi-racconta-il-mercato-amaranto-mi-sono-fatto-garante-delloperazione-di-acquisizione-del-club\/","og_locale":"it_IT","og_type":"article","og_title":"Massimo Taibi racconta il mercato amaranto: le parole del ds","og_description":"Il dirigente sportivo Massimo Taibi ha raccontato il mercato della Reggina svelando le motivazioni delle trattative andate in porto","og_url":"https:\/\/progettotouring.it\/radiotouring104\/2023\/02\/03\/massimo-taibi-racconta-il-mercato-amaranto-mi-sono-fatto-garante-delloperazione-di-acquisizione-del-club\/","og_site_name":"Radio Touring 104","article_published_time":"2023-02-03T13:28:00+00:00","article_modified_time":"2023-02-03T13:43:17+00:00","og_image":[{"width":1147,"height":808,"url":"https:\/\/progettotouring.it\/radiotouring104\/wp-content\/uploads\/sites\/6\/2023\/02\/taibi.png","type":"image\/png"}],"author":"Filippo Francesco Idone","twitter_card":"summary_large_image","twitter_misc":{"Scritto da":"Filippo Francesco Idone","Tempo di lettura stimato":"2 minuti"},"schema":{"@context":"https:\/\/schema.org","@graph":[{"@type":"Article","@id":"https:\/\/progettotouring.it\/radiotouring104\/2023\/02\/03\/massimo-taibi-racconta-il-mercato-amaranto-mi-sono-fatto-garante-delloperazione-di-acquisizione-del-club\/#article","isPartOf":{"@id":"https:\/\/progettotouring.it\/radiotouring104\/2023\/02\/03\/massimo-taibi-racconta-il-mercato-amaranto-mi-sono-fatto-garante-delloperazione-di-acquisizione-del-club\/"},"author":{"name":"Filippo Francesco Idone","@id":"https:\/\/progettotouring.it\/radiotouring104\/#\/schema\/person\/4a82259ca52ac8702ad1a8f9e5a3120b"},"headline":"Massimo Taibi racconta il mercato amaranto: &#8220;Mi sono fatto garante dell&#8217;operazione di acquisizione del club&#8221;","datePublished":"2023-02-03T13:28:00+00:00","dateModified":"2023-02-03T13:43:17+00:00","mainEntityOfPage":{"@id":"https:\/\/progettotouring.it\/radiotouring104\/2023\/02\/03\/massimo-taibi-racconta-il-mercato-amaranto-mi-sono-fatto-garante-delloperazione-di-acquisizione-del-club\/"},"wordCount":338,"commentCount":0,"publisher":{"@id":"https:\/\/progettotouring.it\/radiotouring104\/#organization"},"image":{"@id":"https:\/\/progettotouring.it\/radiotouring104\/2023\/02\/03\/massimo-taibi-racconta-il-mercato-amaranto-mi-sono-fatto-garante-delloperazione-di-acquisizione-del-club\/#primaryimage"},"thumbnailUrl":"https:\/\/progettotouring.it\/radiotouring104\/wp-content\/uploads\/sites\/6\/2023\/02\/taibi.png","keywords":["Cionek","m\u00e9nez","mercato","Palermo","reggina","Taibi"],"articleSection":["News","Reggio Calabria","Sport"],"inLanguage":"it-IT","potentialAction":[{"@type":"CommentAction","name":"Comment","target":["https:\/\/progettotouring.it\/radiotouring104\/2023\/02\/03\/massimo-taibi-racconta-il-mercato-amaranto-mi-sono-fatto-garante-delloperazione-di-acquisizione-del-club\/#respond"]}]},{"@type":"WebPage","@id":"https:\/\/progettotouring.it\/radiotouring104\/2023\/02\/03\/massimo-taibi-racconta-il-mercato-amaranto-mi-sono-fatto-garante-delloperazione-di-acquisizione-del-club\/","url":"https:\/\/progettotouring.it\/radiotouring104\/2023\/02\/03\/massimo-taibi-racconta-il-mercato-amaranto-mi-sono-fatto-garante-delloperazione-di-acquisizione-del-club\/","name":"Massimo Taibi racconta il mercato amaranto: le parole del ds","isPartOf":{"@id":"https:\/\/progettotouring.it\/radiotouring104\/#website"},"primaryImageOfPage":{"@id":"https:\/\/progettotouring.it\/radiotouring104\/2023\/02\/03\/massimo-taibi-racconta-il-mercato-amaranto-mi-sono-fatto-garante-delloperazione-di-acquisizione-del-club\/#primaryimage"},"image":{"@id":"https:\/\/progettotouring.it\/radiotouring104\/2023\/02\/03\/massimo-taibi-racconta-il-mercato-amaranto-mi-sono-fatto-garante-delloperazione-di-acquisizione-del-club\/#primaryimage"},"thumbnailUrl":"https:\/\/progettotouring.it\/radiotouring104\/wp-content\/uploads\/sites\/6\/2023\/02\/taibi.png","datePublished":"2023-02-03T13:28:00+00:00","dateModified":"2023-02-03T13:43:17+00:00","description":"Il dirigente sportivo Massimo Taibi ha raccontato il mercato della Reggina svelando le motivazioni delle trattative andate in porto","breadcrumb":{"@id":"https:\/\/progettotouring.it\/radiotouring104\/2023\/02\/03\/massimo-taibi-racconta-il-mercato-amaranto-mi-sono-fatto-garante-delloperazione-di-acquisizione-del-club\/#breadcrumb"},"inLanguage":"it-IT","potentialAction":[{"@type":"ReadAction","target":["https:\/\/progettotouring.it\/radiotouring104\/2023\/02\/03\/massimo-taibi-racconta-il-mercato-amaranto-mi-sono-fatto-garante-delloperazione-di-acquisizione-del-club\/"]}]},{"@type":"ImageObject","inLanguage":"it-IT","@id":"https:\/\/progettotouring.it\/radiotouring104\/2023\/02\/03\/massimo-taibi-racconta-il-mercato-amaranto-mi-sono-fatto-garante-delloperazione-di-acquisizione-del-club\/#primaryimage","url":"https:\/\/progettotouring.it\/radiotouring104\/wp-content\/uploads\/sites\/6\/2023\/02\/taibi.png","contentUrl":"https:\/\/progettotouring.it\/radiotouring104\/wp-content\/uploads\/sites\/6\/2023\/02\/taibi.png","width":1147,"height":808,"caption":"Foto twitter Reggina"},{"@type":"BreadcrumbList","@id":"https:\/\/progettotouring.it\/radiotouring104\/2023\/02\/03\/massimo-taibi-racconta-il-mercato-amaranto-mi-sono-fatto-garante-delloperazione-di-acquisizione-del-club\/#breadcrumb","itemListElement":[{"@type":"ListItem","position":1,"name":"Home","item":"https:\/\/progettotouring.it\/radiotouring104\/"},{"@type":"ListItem","position":2,"name":"Massimo Taibi racconta il mercato amaranto: &#8220;Mi sono fatto garante dell&#8217;operazione di acquisizione del club&#8221;"}]},{"@type":"WebSite","@id":"https:\/\/progettotouring.it\/radiotouring104\/#website","url":"https:\/\/progettotouring.it\/radiotouring104\/","name":"Radio Touring 104","description":"La prima radio Reggina","publisher":{"@id":"https:\/\/progettotouring.it\/radiotouring104\/#organization"},"potentialAction":[{"@type":"SearchAction","target":{"@type":"EntryPoint","urlTemplate":"https:\/\/progettotouring.it\/radiotouring104\/?s={search_term_string}"},"query-input":{"@type":"PropertyValueSpecification","valueRequired":true,"valueName":"search_term_string"}}],"inLanguage":"it-IT"},{"@type":"Organization","@id":"https:\/\/progettotouring.it\/radiotouring104\/#organization","name":"Radio Touring 104","url":"https:\/\/progettotouring.it\/radiotouring104\/","logo":{"@type":"ImageObject","inLanguage":"it-IT","@id":"https:\/\/progettotouring.it\/radiotouring104\/#\/schema\/logo\/image\/","url":"https:\/\/progettotouring.it\/radiotouring104\/wp-content\/uploads\/sites\/6\/2022\/02\/cropped-logo-radio-touring-104.png","contentUrl":"https:\/\/progettotouring.it\/radiotouring104\/wp-content\/uploads\/sites\/6\/2022\/02\/cropped-logo-radio-touring-104.png","width":377,"height":182,"caption":"Radio Touring 104"},"image":{"@id":"https:\/\/progettotouring.it\/radiotouring104\/#\/schema\/logo\/image\/"}},{"@type":"Person","@id":"https:\/\/progettotouring.it\/radiotouring104\/#\/schema\/person\/4a82259ca52ac8702ad1a8f9e5a3120b","name":"Filippo Francesco Idone","image":{"@type":"ImageObject","inLanguage":"it-IT","@id":"https:\/\/secure.gravatar.com\/avatar\/7268715d2366395c3dd314385670e6484117d44f5c442e61e230f7008b7b62d3?s=96&d=mm&r=g","url":"https:\/\/secure.gravatar.com\/avatar\/7268715d2366395c3dd314385670e6484117d44f5c442e61e230f7008b7b62d3?s=96&d=mm&r=g","contentUrl":"https:\/\/secure.gravatar.com\/avatar\/7268715d2366395c3dd314385670e6484117d44f5c442e61e230f7008b7b62d3?s=96&d=mm&r=g","caption":"Filippo Francesco Idone"},"url":"https:\/\/progettotouring.it\/radiotouring104\/author\/filippoidone\/"}]}},"jetpack_publicize_connections":[],"jetpack_featured_media_url":"https:\/\/progettotouring.it\/radiotouring104\/wp-content\/uploads\/sites\/6\/2023\/02\/taibi.png","jetpack_sharing_enabled":true,"_links":{"self":[{"href":"https:\/\/progettotouring.it\/radiotouring104\/wp-json\/wp\/v2\/posts\/18302","targetHints":{"allow":["GET"]}}],"collection":[{"href":"https:\/\/progettotouring.it\/radiotouring104\/wp-json\/wp\/v2\/posts"}],"about":[{"href":"https:\/\/progettotouring.it\/radiotouring104\/wp-json\/wp\/v2\/types\/post"}],"author":[{"embeddable":true,"href":"https:\/\/progettotouring.it\/radiotouring104\/wp-json\/wp\/v2\/users\/8"}],"replies":[{"embeddable":true,"href":"https:\/\/progettotouring.it\/radiotouring104\/wp-json\/wp\/v2\/comments?post=18302"}],"version-history":[{"count":1,"href":"https:\/\/progettotouring.it\/radiotouring104\/wp-json\/wp\/v2\/posts\/18302\/revisions"}],"predecessor-version":[{"id":18304,"href":"https:\/\/progettotouring.it\/radiotouring104\/wp-json\/wp\/v2\/posts\/18302\/revisions\/18304"}],"wp:featuredmedia":[{"embeddable":true,"href":"https:\/\/progettotouring.it\/radiotouring104\/wp-json\/wp\/v2\/media\/18303"}],"wp:attachment":[{"href":"https:\/\/progettotouring.it\/radiotouring104\/wp-json\/wp\/v2\/media?parent=18302"}],"wp:term":[{"taxonomy":"category","embeddable":true,"href":"https:\/\/progettotouring.it\/radiotouring104\/wp-json\/wp\/v2\/categories?post=18302"},{"taxonomy":"post_tag","embeddable":true,"href":"https:\/\/progettotouring.it\/radiotouring104\/wp-json\/wp\/v2\/tags?post=18302"}],"curies":[{"name":"wp","href":"https:\/\/api.w.org\/{rel}","templated":true}]}}