{"id":18306,"date":"2023-02-03T15:04:33","date_gmt":"2023-02-03T14:04:33","guid":{"rendered":"https:\/\/progettotouring.it\/radiotouring104\/?p=18306"},"modified":"2023-02-03T15:08:07","modified_gmt":"2023-02-03T14:08:07","slug":"edita-da-rubbettino-la-guida-allaspromonte-misterioso","status":"publish","type":"post","link":"https:\/\/progettotouring.it\/radiotouring104\/2023\/02\/03\/edita-da-rubbettino-la-guida-allaspromonte-misterioso\/","title":{"rendered":"Edita da Rubbettino, la &#8220;Guida all&#8217;Aspromonte misterioso&#8221;"},"content":{"rendered":"<p>Verr\u00e0 presentato domenica 5 febbraio alle ore 18 \u201cGuida all\u2019Aspromonte misterioso\u201d, nuovo libro edito da Rubbettino. L\u2019evento \u00e8 organizzato dalla libreria Ave in corso Garibaldi, 283 e si terr\u00e0 nell\u2019androne del palazzo attiguo gentilmente messo a disposizione dalla famiglia Trapani-Lombardo.<\/p>\n<p>Un approccio innovativo per raccontare la lotta di liberazione dell\u2019Aspromonte dalla criminalit\u00e0 e dai pregiudizi, seguita agli anni bui dei sequestri, della montagna rifugio di banditi e latitanti. \u00a0L\u2019Aspromonte come luogo sinistro e pericoloso \u00e8 stato ormai \u2018liberato\u2019 grazie all\u2019impegno dello Stato e degli opportuni strumenti legislativi, ma anche dalla volont\u00e0 della gente di riappropriarsene pacificamente attraverso l\u2019escursionismo e le sane attivit\u00e0 sportive in montagna. Nel tempo si \u00e8 avviato uno sviluppo sostenibile col sostegno delle prime guide che accompagnavano i turisti ai rifugi, alle cooperative, ai sentieri segnati e della generosit\u00e0 degli abitanti dei borghi che offrivano ospitalit\u00e0 nelle proprie case, ponendo le premesse per l\u2019istituzione del Parco nazionale dell\u2019Aspromonte. Un impegno di tutti che ci ha consegnato una montagna sempre piu\u2019 libera e degna del riscatto che merita.<\/p>\n<p>Il libro, riccamente illustrato, \u00e8 curato da due autori tra i massimi esperti dell\u2019Aspromonte: Giuseppe Battaglia, Generale dei Carabinieri, gi\u00e0 Comandante Provinciale di Reggio Calabria dal 2017 al 2020, presta servizio in Bruxelles alla Commissione europea come Program Manager ed \u00e8 esperto di terrorismo, criminalit\u00e0 transnazionale e ambientale, difesa e sicurezza. Appassionato di alpinismo, canyoning e attivit\u00e0 in mare, ha effettuato la prima salita del Nunziatella Peak 5635 m. in Karakorum \u2013 Pakistan. Anche dopo avere lasciato l\u2019incarico, continua a esplorare e frequentare assiduamente l\u2019Aspromonte e il territorio reggino; Alfonso Picone Chiodo, agronomo presso l\u2019Universit\u00e0 degli Studi di Reggio Calabria, tra i primi a occuparsi di escursionismo, fondando Associazioni nazionali e Cooperative ecoturistiche nelle quali ha ricoperto incarichi locali e nazionali. Ha diretto progetti di ricerca naturalistica sui cui temi ha pubblicato un centinaio di articoli e decine di volumi.<\/p>\n<p>Gli autori hanno condotto un lungo lavoro di ricerca archivistica e di esplorazione dei luoghi corredati da fatti di cronaca tratti dagli archivi dell\u2019Arma dei Carabinieri, dall\u2019Archivio di Stato e dalla stampa dell\u2019epoca, ai tempi del bandito Musolino fino ai sequestri di persona. Tutto ci\u00f2 ha consentito la narrazione degli episodi criminali, la descrizione naturalistica dei siti che vi fecero da tragico teatro e diciassette itinerari per accedervi, tra documenti e percorsi inediti.<\/p>\n<p>Alla montagna buia e tragica degli eventi delittuosi e della \u2018ndrangheta si contrappone quella luminosa della natura, della gente onesta e delle sane tradizioni. Luoghi oggi che vogliamo considerare liberi e paesaggio di tutti.<\/p>\n<p>Con la prefazione di don Luigi Ciotti, presidente dell\u2019Associazione \u201cLibera\u201d, alla quale saranno devoluti i proventi derivanti dai diritti d\u2019autore.<\/p>\n","protected":false},"excerpt":{"rendered":"<p>Verr\u00e0 presentato domenica 5 febbraio alle ore 18 \u201cGuida all\u2019Aspromonte misterioso\u201d, nuovo libro edito da Rubbettino. L\u2019evento \u00e8 organizzato dalla libreria Ave in corso Garibaldi, 283 e si terr\u00e0 nell\u2019androne&hellip;<\/p>\n","protected":false},"author":13,"featured_media":18310,"comment_status":"open","ping_status":"open","sticky":false,"template":"","format":"standard","meta":{"_jetpack_memberships_contains_paid_content":false,"footnotes":"","jetpack_publicize_message":"","jetpack_publicize_feature_enabled":true,"jetpack_social_post_already_shared":false,"jetpack_social_options":{"image_generator_settings":{"template":"highway","default_image_id":0,"font":"","enabled":false},"version":2}},"categories":[921,196,140],"tags":[4669,9467,9466,9468,3606,236,1837],"class_list":["post-18306","post","type-post","status-publish","format-standard","has-post-thumbnail","hentry","category-home","category-news","category-reggio-calabria","tag-alfonso-picone-chiodo","tag-giuseppe-battaglia","tag-guida-allaspromonte-misterioso","tag-libera-di-don-ciotti","tag-libreria-ave","tag-reggio-calabria","tag-rubbettino"],"yoast_head":"<!-- This site is optimized with the Yoast SEO plugin v27.2 - https:\/\/yoast.com\/product\/yoast-seo-wordpress\/ -->\n<title>Edita da Rubbettino, la &quot;Guida all&#039;Aspromonte misterioso&quot;<\/title>\n<meta name=\"description\" content=\"Il 5 febbraio, alla libreria Ave, si racconta l&#039;Aspromonte scevro da pregiudizi e criminalit\u00e0; i proventi delle vendite devoluti a Libera\" \/>\n<meta name=\"robots\" content=\"index, follow, max-snippet:-1, max-image-preview:large, max-video-preview:-1\" \/>\n<link rel=\"canonical\" href=\"https:\/\/progettotouring.it\/radiotouring104\/2023\/02\/03\/edita-da-rubbettino-la-guida-allaspromonte-misterioso\/\" \/>\n<meta property=\"og:locale\" content=\"it_IT\" \/>\n<meta property=\"og:type\" content=\"article\" \/>\n<meta property=\"og:title\" content=\"Edita da Rubbettino, la &quot;Guida all&#039;Aspromonte misterioso&quot;\" \/>\n<meta property=\"og:description\" content=\"Il 5 febbraio, alla libreria Ave, si racconta l&#039;Aspromonte scevro da pregiudizi e criminalit\u00e0; i proventi delle vendite devoluti a Libera\" \/>\n<meta property=\"og:url\" content=\"https:\/\/progettotouring.it\/radiotouring104\/2023\/02\/03\/edita-da-rubbettino-la-guida-allaspromonte-misterioso\/\" \/>\n<meta property=\"og:site_name\" content=\"Radio Touring 104\" \/>\n<meta property=\"article:published_time\" content=\"2023-02-03T14:04:33+00:00\" \/>\n<meta property=\"article:modified_time\" content=\"2023-02-03T14:08:07+00:00\" \/>\n<meta property=\"og:image\" content=\"https:\/\/progettotouring.it\/radiotouring104\/wp-content\/uploads\/sites\/6\/2023\/02\/Aspromonte.jpg\" \/>\n\t<meta property=\"og:image:width\" content=\"969\" \/>\n\t<meta property=\"og:image:height\" content=\"496\" \/>\n\t<meta property=\"og:image:type\" content=\"image\/jpeg\" \/>\n<meta name=\"author\" content=\"Helena Pedone\" \/>\n<meta name=\"twitter:card\" content=\"summary_large_image\" \/>\n<meta name=\"twitter:label1\" content=\"Scritto da\" \/>\n\t<meta name=\"twitter:data1\" content=\"Helena Pedone\" \/>\n\t<meta name=\"twitter:label2\" content=\"Tempo di lettura stimato\" \/>\n\t<meta name=\"twitter:data2\" content=\"2 minuti\" \/>\n<script type=\"application\/ld+json\" class=\"yoast-schema-graph\">{\"@context\":\"https:\/\/schema.org\",\"@graph\":[{\"@type\":\"Article\",\"@id\":\"https:\/\/progettotouring.it\/radiotouring104\/2023\/02\/03\/edita-da-rubbettino-la-guida-allaspromonte-misterioso\/#article\",\"isPartOf\":{\"@id\":\"https:\/\/progettotouring.it\/radiotouring104\/2023\/02\/03\/edita-da-rubbettino-la-guida-allaspromonte-misterioso\/\"},\"author\":{\"name\":\"Helena Pedone\",\"@id\":\"https:\/\/progettotouring.it\/radiotouring104\/#\/schema\/person\/8458ed437f4094f881aab8e4cc572684\"},\"headline\":\"Edita da Rubbettino, la &#8220;Guida all&#8217;Aspromonte misterioso&#8221;\",\"datePublished\":\"2023-02-03T14:04:33+00:00\",\"dateModified\":\"2023-02-03T14:08:07+00:00\",\"mainEntityOfPage\":{\"@id\":\"https:\/\/progettotouring.it\/radiotouring104\/2023\/02\/03\/edita-da-rubbettino-la-guida-allaspromonte-misterioso\/\"},\"wordCount\":450,\"commentCount\":0,\"publisher\":{\"@id\":\"https:\/\/progettotouring.it\/radiotouring104\/#organization\"},\"image\":{\"@id\":\"https:\/\/progettotouring.it\/radiotouring104\/2023\/02\/03\/edita-da-rubbettino-la-guida-allaspromonte-misterioso\/#primaryimage\"},\"thumbnailUrl\":\"https:\/\/progettotouring.it\/radiotouring104\/wp-content\/uploads\/sites\/6\/2023\/02\/Aspromonte.jpg\",\"keywords\":[\"alfonso picone chiodo\",\"Giuseppe Battaglia\",\"Guida all'Aspromonte misterioso\",\"Libera di Don Ciotti\",\"libreria ave\",\"reggio calabria\",\"rubbettino\"],\"articleSection\":[\"Home\",\"News\",\"Reggio Calabria\"],\"inLanguage\":\"it-IT\",\"potentialAction\":[{\"@type\":\"CommentAction\",\"name\":\"Comment\",\"target\":[\"https:\/\/progettotouring.it\/radiotouring104\/2023\/02\/03\/edita-da-rubbettino-la-guida-allaspromonte-misterioso\/#respond\"]}]},{\"@type\":\"WebPage\",\"@id\":\"https:\/\/progettotouring.it\/radiotouring104\/2023\/02\/03\/edita-da-rubbettino-la-guida-allaspromonte-misterioso\/\",\"url\":\"https:\/\/progettotouring.it\/radiotouring104\/2023\/02\/03\/edita-da-rubbettino-la-guida-allaspromonte-misterioso\/\",\"name\":\"Edita da Rubbettino, la \\\"Guida all'Aspromonte misterioso\\\"\",\"isPartOf\":{\"@id\":\"https:\/\/progettotouring.it\/radiotouring104\/#website\"},\"primaryImageOfPage\":{\"@id\":\"https:\/\/progettotouring.it\/radiotouring104\/2023\/02\/03\/edita-da-rubbettino-la-guida-allaspromonte-misterioso\/#primaryimage\"},\"image\":{\"@id\":\"https:\/\/progettotouring.it\/radiotouring104\/2023\/02\/03\/edita-da-rubbettino-la-guida-allaspromonte-misterioso\/#primaryimage\"},\"thumbnailUrl\":\"https:\/\/progettotouring.it\/radiotouring104\/wp-content\/uploads\/sites\/6\/2023\/02\/Aspromonte.jpg\",\"datePublished\":\"2023-02-03T14:04:33+00:00\",\"dateModified\":\"2023-02-03T14:08:07+00:00\",\"description\":\"Il 5 febbraio, alla libreria Ave, si racconta l'Aspromonte scevro da pregiudizi e criminalit\u00e0; i proventi delle vendite devoluti a Libera\",\"breadcrumb\":{\"@id\":\"https:\/\/progettotouring.it\/radiotouring104\/2023\/02\/03\/edita-da-rubbettino-la-guida-allaspromonte-misterioso\/#breadcrumb\"},\"inLanguage\":\"it-IT\",\"potentialAction\":[{\"@type\":\"ReadAction\",\"target\":[\"https:\/\/progettotouring.it\/radiotouring104\/2023\/02\/03\/edita-da-rubbettino-la-guida-allaspromonte-misterioso\/\"]}]},{\"@type\":\"ImageObject\",\"inLanguage\":\"it-IT\",\"@id\":\"https:\/\/progettotouring.it\/radiotouring104\/2023\/02\/03\/edita-da-rubbettino-la-guida-allaspromonte-misterioso\/#primaryimage\",\"url\":\"https:\/\/progettotouring.it\/radiotouring104\/wp-content\/uploads\/sites\/6\/2023\/02\/Aspromonte.jpg\",\"contentUrl\":\"https:\/\/progettotouring.it\/radiotouring104\/wp-content\/uploads\/sites\/6\/2023\/02\/Aspromonte.jpg\",\"width\":969,\"height\":496},{\"@type\":\"BreadcrumbList\",\"@id\":\"https:\/\/progettotouring.it\/radiotouring104\/2023\/02\/03\/edita-da-rubbettino-la-guida-allaspromonte-misterioso\/#breadcrumb\",\"itemListElement\":[{\"@type\":\"ListItem\",\"position\":1,\"name\":\"Home\",\"item\":\"https:\/\/progettotouring.it\/radiotouring104\/\"},{\"@type\":\"ListItem\",\"position\":2,\"name\":\"Edita da Rubbettino, la &#8220;Guida all&#8217;Aspromonte misterioso&#8221;\"}]},{\"@type\":\"WebSite\",\"@id\":\"https:\/\/progettotouring.it\/radiotouring104\/#website\",\"url\":\"https:\/\/progettotouring.it\/radiotouring104\/\",\"name\":\"Radio Touring 104\",\"description\":\"La prima radio Reggina\",\"publisher\":{\"@id\":\"https:\/\/progettotouring.it\/radiotouring104\/#organization\"},\"potentialAction\":[{\"@type\":\"SearchAction\",\"target\":{\"@type\":\"EntryPoint\",\"urlTemplate\":\"https:\/\/progettotouring.it\/radiotouring104\/?s={search_term_string}\"},\"query-input\":{\"@type\":\"PropertyValueSpecification\",\"valueRequired\":true,\"valueName\":\"search_term_string\"}}],\"inLanguage\":\"it-IT\"},{\"@type\":\"Organization\",\"@id\":\"https:\/\/progettotouring.it\/radiotouring104\/#organization\",\"name\":\"Radio Touring 104\",\"url\":\"https:\/\/progettotouring.it\/radiotouring104\/\",\"logo\":{\"@type\":\"ImageObject\",\"inLanguage\":\"it-IT\",\"@id\":\"https:\/\/progettotouring.it\/radiotouring104\/#\/schema\/logo\/image\/\",\"url\":\"https:\/\/progettotouring.it\/radiotouring104\/wp-content\/uploads\/sites\/6\/2022\/02\/cropped-logo-radio-touring-104.png\",\"contentUrl\":\"https:\/\/progettotouring.it\/radiotouring104\/wp-content\/uploads\/sites\/6\/2022\/02\/cropped-logo-radio-touring-104.png\",\"width\":377,\"height\":182,\"caption\":\"Radio Touring 104\"},\"image\":{\"@id\":\"https:\/\/progettotouring.it\/radiotouring104\/#\/schema\/logo\/image\/\"}},{\"@type\":\"Person\",\"@id\":\"https:\/\/progettotouring.it\/radiotouring104\/#\/schema\/person\/8458ed437f4094f881aab8e4cc572684\",\"name\":\"Helena Pedone\",\"image\":{\"@type\":\"ImageObject\",\"inLanguage\":\"it-IT\",\"@id\":\"https:\/\/secure.gravatar.com\/avatar\/95a63adf316f90175b68113b4b895a96641be06395ffeef88fea6178b30027d9?s=96&d=mm&r=g\",\"url\":\"https:\/\/secure.gravatar.com\/avatar\/95a63adf316f90175b68113b4b895a96641be06395ffeef88fea6178b30027d9?s=96&d=mm&r=g\",\"contentUrl\":\"https:\/\/secure.gravatar.com\/avatar\/95a63adf316f90175b68113b4b895a96641be06395ffeef88fea6178b30027d9?s=96&d=mm&r=g\",\"caption\":\"Helena Pedone\"},\"url\":\"https:\/\/progettotouring.it\/radiotouring104\/author\/helena\/\"}]}<\/script>\n<!-- \/ Yoast SEO plugin. -->","yoast_head_json":{"title":"Edita da Rubbettino, la \"Guida all'Aspromonte misterioso\"","description":"Il 5 febbraio, alla libreria Ave, si racconta l'Aspromonte scevro da pregiudizi e criminalit\u00e0; i proventi delle vendite devoluti a Libera","robots":{"index":"index","follow":"follow","max-snippet":"max-snippet:-1","max-image-preview":"max-image-preview:large","max-video-preview":"max-video-preview:-1"},"canonical":"https:\/\/progettotouring.it\/radiotouring104\/2023\/02\/03\/edita-da-rubbettino-la-guida-allaspromonte-misterioso\/","og_locale":"it_IT","og_type":"article","og_title":"Edita da Rubbettino, la \"Guida all'Aspromonte misterioso\"","og_description":"Il 5 febbraio, alla libreria Ave, si racconta l'Aspromonte scevro da pregiudizi e criminalit\u00e0; i proventi delle vendite devoluti a Libera","og_url":"https:\/\/progettotouring.it\/radiotouring104\/2023\/02\/03\/edita-da-rubbettino-la-guida-allaspromonte-misterioso\/","og_site_name":"Radio Touring 104","article_published_time":"2023-02-03T14:04:33+00:00","article_modified_time":"2023-02-03T14:08:07+00:00","og_image":[{"width":969,"height":496,"url":"https:\/\/progettotouring.it\/radiotouring104\/wp-content\/uploads\/sites\/6\/2023\/02\/Aspromonte.jpg","type":"image\/jpeg"}],"author":"Helena Pedone","twitter_card":"summary_large_image","twitter_misc":{"Scritto da":"Helena Pedone","Tempo di lettura stimato":"2 minuti"},"schema":{"@context":"https:\/\/schema.org","@graph":[{"@type":"Article","@id":"https:\/\/progettotouring.it\/radiotouring104\/2023\/02\/03\/edita-da-rubbettino-la-guida-allaspromonte-misterioso\/#article","isPartOf":{"@id":"https:\/\/progettotouring.it\/radiotouring104\/2023\/02\/03\/edita-da-rubbettino-la-guida-allaspromonte-misterioso\/"},"author":{"name":"Helena Pedone","@id":"https:\/\/progettotouring.it\/radiotouring104\/#\/schema\/person\/8458ed437f4094f881aab8e4cc572684"},"headline":"Edita da Rubbettino, la &#8220;Guida all&#8217;Aspromonte misterioso&#8221;","datePublished":"2023-02-03T14:04:33+00:00","dateModified":"2023-02-03T14:08:07+00:00","mainEntityOfPage":{"@id":"https:\/\/progettotouring.it\/radiotouring104\/2023\/02\/03\/edita-da-rubbettino-la-guida-allaspromonte-misterioso\/"},"wordCount":450,"commentCount":0,"publisher":{"@id":"https:\/\/progettotouring.it\/radiotouring104\/#organization"},"image":{"@id":"https:\/\/progettotouring.it\/radiotouring104\/2023\/02\/03\/edita-da-rubbettino-la-guida-allaspromonte-misterioso\/#primaryimage"},"thumbnailUrl":"https:\/\/progettotouring.it\/radiotouring104\/wp-content\/uploads\/sites\/6\/2023\/02\/Aspromonte.jpg","keywords":["alfonso picone chiodo","Giuseppe Battaglia","Guida all'Aspromonte misterioso","Libera di Don Ciotti","libreria ave","reggio calabria","rubbettino"],"articleSection":["Home","News","Reggio Calabria"],"inLanguage":"it-IT","potentialAction":[{"@type":"CommentAction","name":"Comment","target":["https:\/\/progettotouring.it\/radiotouring104\/2023\/02\/03\/edita-da-rubbettino-la-guida-allaspromonte-misterioso\/#respond"]}]},{"@type":"WebPage","@id":"https:\/\/progettotouring.it\/radiotouring104\/2023\/02\/03\/edita-da-rubbettino-la-guida-allaspromonte-misterioso\/","url":"https:\/\/progettotouring.it\/radiotouring104\/2023\/02\/03\/edita-da-rubbettino-la-guida-allaspromonte-misterioso\/","name":"Edita da Rubbettino, la \"Guida all'Aspromonte misterioso\"","isPartOf":{"@id":"https:\/\/progettotouring.it\/radiotouring104\/#website"},"primaryImageOfPage":{"@id":"https:\/\/progettotouring.it\/radiotouring104\/2023\/02\/03\/edita-da-rubbettino-la-guida-allaspromonte-misterioso\/#primaryimage"},"image":{"@id":"https:\/\/progettotouring.it\/radiotouring104\/2023\/02\/03\/edita-da-rubbettino-la-guida-allaspromonte-misterioso\/#primaryimage"},"thumbnailUrl":"https:\/\/progettotouring.it\/radiotouring104\/wp-content\/uploads\/sites\/6\/2023\/02\/Aspromonte.jpg","datePublished":"2023-02-03T14:04:33+00:00","dateModified":"2023-02-03T14:08:07+00:00","description":"Il 5 febbraio, alla libreria Ave, si racconta l'Aspromonte scevro da pregiudizi e criminalit\u00e0; i proventi delle vendite devoluti a Libera","breadcrumb":{"@id":"https:\/\/progettotouring.it\/radiotouring104\/2023\/02\/03\/edita-da-rubbettino-la-guida-allaspromonte-misterioso\/#breadcrumb"},"inLanguage":"it-IT","potentialAction":[{"@type":"ReadAction","target":["https:\/\/progettotouring.it\/radiotouring104\/2023\/02\/03\/edita-da-rubbettino-la-guida-allaspromonte-misterioso\/"]}]},{"@type":"ImageObject","inLanguage":"it-IT","@id":"https:\/\/progettotouring.it\/radiotouring104\/2023\/02\/03\/edita-da-rubbettino-la-guida-allaspromonte-misterioso\/#primaryimage","url":"https:\/\/progettotouring.it\/radiotouring104\/wp-content\/uploads\/sites\/6\/2023\/02\/Aspromonte.jpg","contentUrl":"https:\/\/progettotouring.it\/radiotouring104\/wp-content\/uploads\/sites\/6\/2023\/02\/Aspromonte.jpg","width":969,"height":496},{"@type":"BreadcrumbList","@id":"https:\/\/progettotouring.it\/radiotouring104\/2023\/02\/03\/edita-da-rubbettino-la-guida-allaspromonte-misterioso\/#breadcrumb","itemListElement":[{"@type":"ListItem","position":1,"name":"Home","item":"https:\/\/progettotouring.it\/radiotouring104\/"},{"@type":"ListItem","position":2,"name":"Edita da Rubbettino, la &#8220;Guida all&#8217;Aspromonte misterioso&#8221;"}]},{"@type":"WebSite","@id":"https:\/\/progettotouring.it\/radiotouring104\/#website","url":"https:\/\/progettotouring.it\/radiotouring104\/","name":"Radio Touring 104","description":"La prima radio Reggina","publisher":{"@id":"https:\/\/progettotouring.it\/radiotouring104\/#organization"},"potentialAction":[{"@type":"SearchAction","target":{"@type":"EntryPoint","urlTemplate":"https:\/\/progettotouring.it\/radiotouring104\/?s={search_term_string}"},"query-input":{"@type":"PropertyValueSpecification","valueRequired":true,"valueName":"search_term_string"}}],"inLanguage":"it-IT"},{"@type":"Organization","@id":"https:\/\/progettotouring.it\/radiotouring104\/#organization","name":"Radio Touring 104","url":"https:\/\/progettotouring.it\/radiotouring104\/","logo":{"@type":"ImageObject","inLanguage":"it-IT","@id":"https:\/\/progettotouring.it\/radiotouring104\/#\/schema\/logo\/image\/","url":"https:\/\/progettotouring.it\/radiotouring104\/wp-content\/uploads\/sites\/6\/2022\/02\/cropped-logo-radio-touring-104.png","contentUrl":"https:\/\/progettotouring.it\/radiotouring104\/wp-content\/uploads\/sites\/6\/2022\/02\/cropped-logo-radio-touring-104.png","width":377,"height":182,"caption":"Radio Touring 104"},"image":{"@id":"https:\/\/progettotouring.it\/radiotouring104\/#\/schema\/logo\/image\/"}},{"@type":"Person","@id":"https:\/\/progettotouring.it\/radiotouring104\/#\/schema\/person\/8458ed437f4094f881aab8e4cc572684","name":"Helena Pedone","image":{"@type":"ImageObject","inLanguage":"it-IT","@id":"https:\/\/secure.gravatar.com\/avatar\/95a63adf316f90175b68113b4b895a96641be06395ffeef88fea6178b30027d9?s=96&d=mm&r=g","url":"https:\/\/secure.gravatar.com\/avatar\/95a63adf316f90175b68113b4b895a96641be06395ffeef88fea6178b30027d9?s=96&d=mm&r=g","contentUrl":"https:\/\/secure.gravatar.com\/avatar\/95a63adf316f90175b68113b4b895a96641be06395ffeef88fea6178b30027d9?s=96&d=mm&r=g","caption":"Helena Pedone"},"url":"https:\/\/progettotouring.it\/radiotouring104\/author\/helena\/"}]}},"jetpack_publicize_connections":[],"jetpack_featured_media_url":"https:\/\/progettotouring.it\/radiotouring104\/wp-content\/uploads\/sites\/6\/2023\/02\/Aspromonte.jpg","jetpack_sharing_enabled":true,"_links":{"self":[{"href":"https:\/\/progettotouring.it\/radiotouring104\/wp-json\/wp\/v2\/posts\/18306","targetHints":{"allow":["GET"]}}],"collection":[{"href":"https:\/\/progettotouring.it\/radiotouring104\/wp-json\/wp\/v2\/posts"}],"about":[{"href":"https:\/\/progettotouring.it\/radiotouring104\/wp-json\/wp\/v2\/types\/post"}],"author":[{"embeddable":true,"href":"https:\/\/progettotouring.it\/radiotouring104\/wp-json\/wp\/v2\/users\/13"}],"replies":[{"embeddable":true,"href":"https:\/\/progettotouring.it\/radiotouring104\/wp-json\/wp\/v2\/comments?post=18306"}],"version-history":[{"count":3,"href":"https:\/\/progettotouring.it\/radiotouring104\/wp-json\/wp\/v2\/posts\/18306\/revisions"}],"predecessor-version":[{"id":18314,"href":"https:\/\/progettotouring.it\/radiotouring104\/wp-json\/wp\/v2\/posts\/18306\/revisions\/18314"}],"wp:featuredmedia":[{"embeddable":true,"href":"https:\/\/progettotouring.it\/radiotouring104\/wp-json\/wp\/v2\/media\/18310"}],"wp:attachment":[{"href":"https:\/\/progettotouring.it\/radiotouring104\/wp-json\/wp\/v2\/media?parent=18306"}],"wp:term":[{"taxonomy":"category","embeddable":true,"href":"https:\/\/progettotouring.it\/radiotouring104\/wp-json\/wp\/v2\/categories?post=18306"},{"taxonomy":"post_tag","embeddable":true,"href":"https:\/\/progettotouring.it\/radiotouring104\/wp-json\/wp\/v2\/tags?post=18306"}],"curies":[{"name":"wp","href":"https:\/\/api.w.org\/{rel}","templated":true}]}}