{"id":18626,"date":"2023-02-09T12:41:44","date_gmt":"2023-02-09T11:41:44","guid":{"rendered":"https:\/\/progettotouring.it\/radiotouring104\/?p=18626"},"modified":"2023-02-09T12:41:44","modified_gmt":"2023-02-09T11:41:44","slug":"s-s106-straface-regione-invitera-comune-corigliano-a-dibattito","status":"publish","type":"post","link":"https:\/\/progettotouring.it\/radiotouring104\/2023\/02\/09\/s-s106-straface-regione-invitera-comune-corigliano-a-dibattito\/","title":{"rendered":"S.S106, Straface: \u00abRegione inviter\u00e0 comune Corigliano a dibattito&#8221;"},"content":{"rendered":"<p class=\"xmprfx_MsoNormal\"><span style=\"font-family: verdana, sans-serif\">\u00abLo sviluppo della Sibaritide passer\u00e0 inevitabilmente dalle infrastrutture e la statale 106 \u00e8 una delle priorit\u00e0 a valenza strategica. Per questo esprimo vivo apprezzamento per i passi in avanti compiuti al tavolo tra Regione Calabria, Anas e Comune di Corigliano Rossano con l\u2019obiettivo di uscire dall\u2019impasse. Finalmente il sindaco Flavio Stasi ha sottoscritto il verbale e condiviso il tracciato della tratta Sibari-Rossano gi\u00e0 revisionato rispetto alle sue controdeduzioni. \u00c8 giunto, quindi, il tempo di accelerare\u00bb. \u00c8 quanto afferma il consigliere regionale di Forza Italia e presidente della Commissione Sanit\u00e0, Pasqualina Straface.<\/span><\/p>\n<p class=\"xmprfx_MsoNormal\"><span style=\"font-family: verdana, sans-serif\">\u00abL\u2019invito \u00e8 al senso di responsabilit\u00e0 affinch\u00e9 l\u2019opera possa essere inclusa nella delibera del Consiglio dei Ministri del prossimo 30 aprile, attraverso la quale il governo, che ha gi\u00e0 stanziato tre miliardi per la statale 106, indicher\u00e0 le opere prioritarie da inserire nella Legge di Bilancio. Per rientrare in quella lista \u00e8, per\u00f2, indispensabile un passaggio propedeutico in Consiglio comunale \u2013 spiega il consigliere regionale \u2013 da compire necessariamente entro il 28 febbraio per evitare ulteriori perdite di tempo: deliberare la deroga al dibattito pubblico\u00bb.<\/span><\/p>\n<p class=\"xmprfx_MsoNormal\"><span style=\"font-family: verdana, sans-serif\">\u00abLa novit\u00e0 assoluta \u2013 sottolinea Pasqualina Straface \u2013 \u00e8 di queste ore perch\u00e9 la Regione Calabria, con apposita nota, inviter\u00e0 il Comune di Corigliano Rossano a procedere con la deroga. Lo scopo \u00e8 chiaro: far rientrare la tratta Sibari-Rossano tra le prioritarie, potendo beneficiare dei tre miliardi messi a disposizione per prossimi 10 anni. Insomma, con il progetto gi\u00e0 presentato al Consiglio Superiore dei Lavori Pubblici dai tecnici di Anas nello scorso gennaio ed il passaggio in Consiglio comunale, la Sibari-Rossano potrebbe subire quell\u2019accelerazione decisiva ed approfittare della dotazione finanziaria programmata dal governo, anche perch\u00e9 con le modifiche richieste dal Comune di Corigliano Rossano i costi sono lievitati da 500 milioni a quasi un miliardo di euro\u00bb.\u00a0<\/span><\/p>\n<p class=\"xmprfx_MsoNormal\">\n<p class=\"xmprfx_MsoNormal\"><span style=\"font-family: verdana, sans-serif\">\u00abL\u2019appello che mi sento di rivolgere all\u2019amministrazione comunale \u00e8, quindi, quello di procedere, responsabilmente, con gli adempimenti previsti nella nota che la Regione invier\u00e0 nella prossima settimana. La citt\u00e0 di Corigliano Rossano e la Sibaritide meritano opportunit\u00e0 di sviluppo e perdere quell\u2019ennesimo treno del 30 aprile \u2013 conclude Pasqualina Straface \u2013 significherebbe procrastinare a data da destinarsi la tratta Sibari-Rossano\u00bb.\u00a0<\/span><\/p>\n","protected":false},"excerpt":{"rendered":"<p>\u00abLo sviluppo della Sibaritide passer\u00e0 inevitabilmente dalle infrastrutture e la statale 106 \u00e8 una delle priorit\u00e0 a valenza strategica. Per questo esprimo vivo apprezzamento per i passi in avanti compiuti&hellip;<\/p>\n","protected":false},"author":12,"featured_media":18627,"comment_status":"open","ping_status":"open","sticky":false,"template":"","format":"standard","meta":{"_jetpack_memberships_contains_paid_content":false,"footnotes":"","jetpack_publicize_message":"","jetpack_publicize_feature_enabled":true,"jetpack_social_post_already_shared":false,"jetpack_social_options":{"image_generator_settings":{"template":"highway","default_image_id":0,"font":"","enabled":false},"version":2}},"categories":[921,196,140],"tags":[2961,9718,9719,5575,219,9720,984],"class_list":["post-18626","post","type-post","status-publish","format-standard","has-post-thumbnail","hentry","category-home","category-news","category-reggio-calabria","tag-anas","tag-comune-corigliano-rossano","tag-flavio-stasi","tag-pasqualina-straface","tag-regione-calabria","tag-sottoscritto-il-verbale-e-condiviso-il-tracciato-della-tratta-sibari-rossano","tag-ss-106"],"yoast_head":"<!-- This site is optimized with the Yoast SEO plugin v27.2 - https:\/\/yoast.com\/product\/yoast-seo-wordpress\/ -->\n<title>S.S106, Straface: \u00abRegione inviter\u00e0 comune Corigliano a dibattito&quot;<\/title>\n<meta name=\"description\" content=\"La Presidente della Commissione Sanit\u00e0: \u00abL\u2019obiettivo \u00e8 non perdere il treno del 30 aprile. Auspico grande senso di responsabilit\u00e0\u00bb\" \/>\n<meta name=\"robots\" content=\"index, follow, max-snippet:-1, max-image-preview:large, max-video-preview:-1\" \/>\n<link rel=\"canonical\" href=\"https:\/\/progettotouring.it\/radiotouring104\/2023\/02\/09\/s-s106-straface-regione-invitera-comune-corigliano-a-dibattito\/\" \/>\n<meta property=\"og:locale\" content=\"it_IT\" \/>\n<meta property=\"og:type\" content=\"article\" \/>\n<meta property=\"og:title\" content=\"S.S106, Straface: \u00abRegione inviter\u00e0 comune Corigliano a dibattito&quot;\" \/>\n<meta property=\"og:description\" content=\"La Presidente della Commissione Sanit\u00e0: \u00abL\u2019obiettivo \u00e8 non perdere il treno del 30 aprile. Auspico grande senso di responsabilit\u00e0\u00bb\" \/>\n<meta property=\"og:url\" content=\"https:\/\/progettotouring.it\/radiotouring104\/2023\/02\/09\/s-s106-straface-regione-invitera-comune-corigliano-a-dibattito\/\" \/>\n<meta property=\"og:site_name\" content=\"Radio Touring 104\" \/>\n<meta property=\"article:published_time\" content=\"2023-02-09T11:41:44+00:00\" \/>\n<meta property=\"og:image\" content=\"https:\/\/progettotouring.it\/radiotouring104\/wp-content\/uploads\/sites\/6\/2023\/02\/pasqualina-straface.jpg\" \/>\n\t<meta property=\"og:image:width\" content=\"671\" \/>\n\t<meta property=\"og:image:height\" content=\"446\" \/>\n\t<meta property=\"og:image:type\" content=\"image\/jpeg\" \/>\n<meta name=\"author\" content=\"Sebastiano Plutino\" \/>\n<meta name=\"twitter:card\" content=\"summary_large_image\" \/>\n<meta name=\"twitter:label1\" content=\"Scritto da\" \/>\n\t<meta name=\"twitter:data1\" content=\"Sebastiano Plutino\" \/>\n\t<meta name=\"twitter:label2\" content=\"Tempo di lettura stimato\" \/>\n\t<meta name=\"twitter:data2\" content=\"2 minuti\" \/>\n<script type=\"application\/ld+json\" class=\"yoast-schema-graph\">{\"@context\":\"https:\/\/schema.org\",\"@graph\":[{\"@type\":\"Article\",\"@id\":\"https:\/\/progettotouring.it\/radiotouring104\/2023\/02\/09\/s-s106-straface-regione-invitera-comune-corigliano-a-dibattito\/#article\",\"isPartOf\":{\"@id\":\"https:\/\/progettotouring.it\/radiotouring104\/2023\/02\/09\/s-s106-straface-regione-invitera-comune-corigliano-a-dibattito\/\"},\"author\":{\"name\":\"Sebastiano Plutino\",\"@id\":\"https:\/\/progettotouring.it\/radiotouring104\/#\/schema\/person\/78613917f1851f041f7483f5af1d422e\"},\"headline\":\"S.S106, Straface: \u00abRegione inviter\u00e0 comune Corigliano a dibattito&#8221;\",\"datePublished\":\"2023-02-09T11:41:44+00:00\",\"mainEntityOfPage\":{\"@id\":\"https:\/\/progettotouring.it\/radiotouring104\/2023\/02\/09\/s-s106-straface-regione-invitera-comune-corigliano-a-dibattito\/\"},\"wordCount\":349,\"commentCount\":0,\"publisher\":{\"@id\":\"https:\/\/progettotouring.it\/radiotouring104\/#organization\"},\"image\":{\"@id\":\"https:\/\/progettotouring.it\/radiotouring104\/2023\/02\/09\/s-s106-straface-regione-invitera-comune-corigliano-a-dibattito\/#primaryimage\"},\"thumbnailUrl\":\"https:\/\/progettotouring.it\/radiotouring104\/wp-content\/uploads\/sites\/6\/2023\/02\/pasqualina-straface.jpg\",\"keywords\":[\"anas\",\"Comune Corigliano Rossano\",\"Flavio Stasi\",\"Pasqualina Straface\",\"regione calabria\",\"sottoscritto il verbale e condiviso il tracciato della tratta Sibari-Rossano\",\"SS 106\"],\"articleSection\":[\"Home\",\"News\",\"Reggio Calabria\"],\"inLanguage\":\"it-IT\",\"potentialAction\":[{\"@type\":\"CommentAction\",\"name\":\"Comment\",\"target\":[\"https:\/\/progettotouring.it\/radiotouring104\/2023\/02\/09\/s-s106-straface-regione-invitera-comune-corigliano-a-dibattito\/#respond\"]}]},{\"@type\":\"WebPage\",\"@id\":\"https:\/\/progettotouring.it\/radiotouring104\/2023\/02\/09\/s-s106-straface-regione-invitera-comune-corigliano-a-dibattito\/\",\"url\":\"https:\/\/progettotouring.it\/radiotouring104\/2023\/02\/09\/s-s106-straface-regione-invitera-comune-corigliano-a-dibattito\/\",\"name\":\"S.S106, Straface: \u00abRegione inviter\u00e0 comune Corigliano a dibattito\\\"\",\"isPartOf\":{\"@id\":\"https:\/\/progettotouring.it\/radiotouring104\/#website\"},\"primaryImageOfPage\":{\"@id\":\"https:\/\/progettotouring.it\/radiotouring104\/2023\/02\/09\/s-s106-straface-regione-invitera-comune-corigliano-a-dibattito\/#primaryimage\"},\"image\":{\"@id\":\"https:\/\/progettotouring.it\/radiotouring104\/2023\/02\/09\/s-s106-straface-regione-invitera-comune-corigliano-a-dibattito\/#primaryimage\"},\"thumbnailUrl\":\"https:\/\/progettotouring.it\/radiotouring104\/wp-content\/uploads\/sites\/6\/2023\/02\/pasqualina-straface.jpg\",\"datePublished\":\"2023-02-09T11:41:44+00:00\",\"description\":\"La Presidente della Commissione Sanit\u00e0: \u00abL\u2019obiettivo \u00e8 non perdere il treno del 30 aprile. Auspico grande senso di responsabilit\u00e0\u00bb\",\"breadcrumb\":{\"@id\":\"https:\/\/progettotouring.it\/radiotouring104\/2023\/02\/09\/s-s106-straface-regione-invitera-comune-corigliano-a-dibattito\/#breadcrumb\"},\"inLanguage\":\"it-IT\",\"potentialAction\":[{\"@type\":\"ReadAction\",\"target\":[\"https:\/\/progettotouring.it\/radiotouring104\/2023\/02\/09\/s-s106-straface-regione-invitera-comune-corigliano-a-dibattito\/\"]}]},{\"@type\":\"ImageObject\",\"inLanguage\":\"it-IT\",\"@id\":\"https:\/\/progettotouring.it\/radiotouring104\/2023\/02\/09\/s-s106-straface-regione-invitera-comune-corigliano-a-dibattito\/#primaryimage\",\"url\":\"https:\/\/progettotouring.it\/radiotouring104\/wp-content\/uploads\/sites\/6\/2023\/02\/pasqualina-straface.jpg\",\"contentUrl\":\"https:\/\/progettotouring.it\/radiotouring104\/wp-content\/uploads\/sites\/6\/2023\/02\/pasqualina-straface.jpg\",\"width\":671,\"height\":446},{\"@type\":\"BreadcrumbList\",\"@id\":\"https:\/\/progettotouring.it\/radiotouring104\/2023\/02\/09\/s-s106-straface-regione-invitera-comune-corigliano-a-dibattito\/#breadcrumb\",\"itemListElement\":[{\"@type\":\"ListItem\",\"position\":1,\"name\":\"Home\",\"item\":\"https:\/\/progettotouring.it\/radiotouring104\/\"},{\"@type\":\"ListItem\",\"position\":2,\"name\":\"S.S106, Straface: \u00abRegione inviter\u00e0 comune Corigliano a dibattito&#8221;\"}]},{\"@type\":\"WebSite\",\"@id\":\"https:\/\/progettotouring.it\/radiotouring104\/#website\",\"url\":\"https:\/\/progettotouring.it\/radiotouring104\/\",\"name\":\"Radio Touring 104\",\"description\":\"La prima radio Reggina\",\"publisher\":{\"@id\":\"https:\/\/progettotouring.it\/radiotouring104\/#organization\"},\"potentialAction\":[{\"@type\":\"SearchAction\",\"target\":{\"@type\":\"EntryPoint\",\"urlTemplate\":\"https:\/\/progettotouring.it\/radiotouring104\/?s={search_term_string}\"},\"query-input\":{\"@type\":\"PropertyValueSpecification\",\"valueRequired\":true,\"valueName\":\"search_term_string\"}}],\"inLanguage\":\"it-IT\"},{\"@type\":\"Organization\",\"@id\":\"https:\/\/progettotouring.it\/radiotouring104\/#organization\",\"name\":\"Radio Touring 104\",\"url\":\"https:\/\/progettotouring.it\/radiotouring104\/\",\"logo\":{\"@type\":\"ImageObject\",\"inLanguage\":\"it-IT\",\"@id\":\"https:\/\/progettotouring.it\/radiotouring104\/#\/schema\/logo\/image\/\",\"url\":\"https:\/\/progettotouring.it\/radiotouring104\/wp-content\/uploads\/sites\/6\/2022\/02\/cropped-logo-radio-touring-104.png\",\"contentUrl\":\"https:\/\/progettotouring.it\/radiotouring104\/wp-content\/uploads\/sites\/6\/2022\/02\/cropped-logo-radio-touring-104.png\",\"width\":377,\"height\":182,\"caption\":\"Radio Touring 104\"},\"image\":{\"@id\":\"https:\/\/progettotouring.it\/radiotouring104\/#\/schema\/logo\/image\/\"}},{\"@type\":\"Person\",\"@id\":\"https:\/\/progettotouring.it\/radiotouring104\/#\/schema\/person\/78613917f1851f041f7483f5af1d422e\",\"name\":\"Sebastiano Plutino\",\"image\":{\"@type\":\"ImageObject\",\"inLanguage\":\"it-IT\",\"@id\":\"https:\/\/secure.gravatar.com\/avatar\/0546ffaa9b79224faf9f2a156b67a529ae861d3287c66c1d8ccfdf909bcba78d?s=96&d=mm&r=g\",\"url\":\"https:\/\/secure.gravatar.com\/avatar\/0546ffaa9b79224faf9f2a156b67a529ae861d3287c66c1d8ccfdf909bcba78d?s=96&d=mm&r=g\",\"contentUrl\":\"https:\/\/secure.gravatar.com\/avatar\/0546ffaa9b79224faf9f2a156b67a529ae861d3287c66c1d8ccfdf909bcba78d?s=96&d=mm&r=g\",\"caption\":\"Sebastiano Plutino\"},\"url\":\"https:\/\/progettotouring.it\/radiotouring104\/author\/sebastiano\/\"}]}<\/script>\n<!-- \/ Yoast SEO plugin. -->","yoast_head_json":{"title":"S.S106, Straface: \u00abRegione inviter\u00e0 comune Corigliano a dibattito\"","description":"La Presidente della Commissione Sanit\u00e0: \u00abL\u2019obiettivo \u00e8 non perdere il treno del 30 aprile. Auspico grande senso di responsabilit\u00e0\u00bb","robots":{"index":"index","follow":"follow","max-snippet":"max-snippet:-1","max-image-preview":"max-image-preview:large","max-video-preview":"max-video-preview:-1"},"canonical":"https:\/\/progettotouring.it\/radiotouring104\/2023\/02\/09\/s-s106-straface-regione-invitera-comune-corigliano-a-dibattito\/","og_locale":"it_IT","og_type":"article","og_title":"S.S106, Straface: \u00abRegione inviter\u00e0 comune Corigliano a dibattito\"","og_description":"La Presidente della Commissione Sanit\u00e0: \u00abL\u2019obiettivo \u00e8 non perdere il treno del 30 aprile. Auspico grande senso di responsabilit\u00e0\u00bb","og_url":"https:\/\/progettotouring.it\/radiotouring104\/2023\/02\/09\/s-s106-straface-regione-invitera-comune-corigliano-a-dibattito\/","og_site_name":"Radio Touring 104","article_published_time":"2023-02-09T11:41:44+00:00","og_image":[{"width":671,"height":446,"url":"https:\/\/progettotouring.it\/radiotouring104\/wp-content\/uploads\/sites\/6\/2023\/02\/pasqualina-straface.jpg","type":"image\/jpeg"}],"author":"Sebastiano Plutino","twitter_card":"summary_large_image","twitter_misc":{"Scritto da":"Sebastiano Plutino","Tempo di lettura stimato":"2 minuti"},"schema":{"@context":"https:\/\/schema.org","@graph":[{"@type":"Article","@id":"https:\/\/progettotouring.it\/radiotouring104\/2023\/02\/09\/s-s106-straface-regione-invitera-comune-corigliano-a-dibattito\/#article","isPartOf":{"@id":"https:\/\/progettotouring.it\/radiotouring104\/2023\/02\/09\/s-s106-straface-regione-invitera-comune-corigliano-a-dibattito\/"},"author":{"name":"Sebastiano Plutino","@id":"https:\/\/progettotouring.it\/radiotouring104\/#\/schema\/person\/78613917f1851f041f7483f5af1d422e"},"headline":"S.S106, Straface: \u00abRegione inviter\u00e0 comune Corigliano a dibattito&#8221;","datePublished":"2023-02-09T11:41:44+00:00","mainEntityOfPage":{"@id":"https:\/\/progettotouring.it\/radiotouring104\/2023\/02\/09\/s-s106-straface-regione-invitera-comune-corigliano-a-dibattito\/"},"wordCount":349,"commentCount":0,"publisher":{"@id":"https:\/\/progettotouring.it\/radiotouring104\/#organization"},"image":{"@id":"https:\/\/progettotouring.it\/radiotouring104\/2023\/02\/09\/s-s106-straface-regione-invitera-comune-corigliano-a-dibattito\/#primaryimage"},"thumbnailUrl":"https:\/\/progettotouring.it\/radiotouring104\/wp-content\/uploads\/sites\/6\/2023\/02\/pasqualina-straface.jpg","keywords":["anas","Comune Corigliano Rossano","Flavio Stasi","Pasqualina Straface","regione calabria","sottoscritto il verbale e condiviso il tracciato della tratta Sibari-Rossano","SS 106"],"articleSection":["Home","News","Reggio Calabria"],"inLanguage":"it-IT","potentialAction":[{"@type":"CommentAction","name":"Comment","target":["https:\/\/progettotouring.it\/radiotouring104\/2023\/02\/09\/s-s106-straface-regione-invitera-comune-corigliano-a-dibattito\/#respond"]}]},{"@type":"WebPage","@id":"https:\/\/progettotouring.it\/radiotouring104\/2023\/02\/09\/s-s106-straface-regione-invitera-comune-corigliano-a-dibattito\/","url":"https:\/\/progettotouring.it\/radiotouring104\/2023\/02\/09\/s-s106-straface-regione-invitera-comune-corigliano-a-dibattito\/","name":"S.S106, Straface: \u00abRegione inviter\u00e0 comune Corigliano a dibattito\"","isPartOf":{"@id":"https:\/\/progettotouring.it\/radiotouring104\/#website"},"primaryImageOfPage":{"@id":"https:\/\/progettotouring.it\/radiotouring104\/2023\/02\/09\/s-s106-straface-regione-invitera-comune-corigliano-a-dibattito\/#primaryimage"},"image":{"@id":"https:\/\/progettotouring.it\/radiotouring104\/2023\/02\/09\/s-s106-straface-regione-invitera-comune-corigliano-a-dibattito\/#primaryimage"},"thumbnailUrl":"https:\/\/progettotouring.it\/radiotouring104\/wp-content\/uploads\/sites\/6\/2023\/02\/pasqualina-straface.jpg","datePublished":"2023-02-09T11:41:44+00:00","description":"La Presidente della Commissione Sanit\u00e0: \u00abL\u2019obiettivo \u00e8 non perdere il treno del 30 aprile. Auspico grande senso di responsabilit\u00e0\u00bb","breadcrumb":{"@id":"https:\/\/progettotouring.it\/radiotouring104\/2023\/02\/09\/s-s106-straface-regione-invitera-comune-corigliano-a-dibattito\/#breadcrumb"},"inLanguage":"it-IT","potentialAction":[{"@type":"ReadAction","target":["https:\/\/progettotouring.it\/radiotouring104\/2023\/02\/09\/s-s106-straface-regione-invitera-comune-corigliano-a-dibattito\/"]}]},{"@type":"ImageObject","inLanguage":"it-IT","@id":"https:\/\/progettotouring.it\/radiotouring104\/2023\/02\/09\/s-s106-straface-regione-invitera-comune-corigliano-a-dibattito\/#primaryimage","url":"https:\/\/progettotouring.it\/radiotouring104\/wp-content\/uploads\/sites\/6\/2023\/02\/pasqualina-straface.jpg","contentUrl":"https:\/\/progettotouring.it\/radiotouring104\/wp-content\/uploads\/sites\/6\/2023\/02\/pasqualina-straface.jpg","width":671,"height":446},{"@type":"BreadcrumbList","@id":"https:\/\/progettotouring.it\/radiotouring104\/2023\/02\/09\/s-s106-straface-regione-invitera-comune-corigliano-a-dibattito\/#breadcrumb","itemListElement":[{"@type":"ListItem","position":1,"name":"Home","item":"https:\/\/progettotouring.it\/radiotouring104\/"},{"@type":"ListItem","position":2,"name":"S.S106, Straface: \u00abRegione inviter\u00e0 comune Corigliano a dibattito&#8221;"}]},{"@type":"WebSite","@id":"https:\/\/progettotouring.it\/radiotouring104\/#website","url":"https:\/\/progettotouring.it\/radiotouring104\/","name":"Radio Touring 104","description":"La prima radio Reggina","publisher":{"@id":"https:\/\/progettotouring.it\/radiotouring104\/#organization"},"potentialAction":[{"@type":"SearchAction","target":{"@type":"EntryPoint","urlTemplate":"https:\/\/progettotouring.it\/radiotouring104\/?s={search_term_string}"},"query-input":{"@type":"PropertyValueSpecification","valueRequired":true,"valueName":"search_term_string"}}],"inLanguage":"it-IT"},{"@type":"Organization","@id":"https:\/\/progettotouring.it\/radiotouring104\/#organization","name":"Radio Touring 104","url":"https:\/\/progettotouring.it\/radiotouring104\/","logo":{"@type":"ImageObject","inLanguage":"it-IT","@id":"https:\/\/progettotouring.it\/radiotouring104\/#\/schema\/logo\/image\/","url":"https:\/\/progettotouring.it\/radiotouring104\/wp-content\/uploads\/sites\/6\/2022\/02\/cropped-logo-radio-touring-104.png","contentUrl":"https:\/\/progettotouring.it\/radiotouring104\/wp-content\/uploads\/sites\/6\/2022\/02\/cropped-logo-radio-touring-104.png","width":377,"height":182,"caption":"Radio Touring 104"},"image":{"@id":"https:\/\/progettotouring.it\/radiotouring104\/#\/schema\/logo\/image\/"}},{"@type":"Person","@id":"https:\/\/progettotouring.it\/radiotouring104\/#\/schema\/person\/78613917f1851f041f7483f5af1d422e","name":"Sebastiano Plutino","image":{"@type":"ImageObject","inLanguage":"it-IT","@id":"https:\/\/secure.gravatar.com\/avatar\/0546ffaa9b79224faf9f2a156b67a529ae861d3287c66c1d8ccfdf909bcba78d?s=96&d=mm&r=g","url":"https:\/\/secure.gravatar.com\/avatar\/0546ffaa9b79224faf9f2a156b67a529ae861d3287c66c1d8ccfdf909bcba78d?s=96&d=mm&r=g","contentUrl":"https:\/\/secure.gravatar.com\/avatar\/0546ffaa9b79224faf9f2a156b67a529ae861d3287c66c1d8ccfdf909bcba78d?s=96&d=mm&r=g","caption":"Sebastiano Plutino"},"url":"https:\/\/progettotouring.it\/radiotouring104\/author\/sebastiano\/"}]}},"jetpack_publicize_connections":[],"jetpack_featured_media_url":"https:\/\/progettotouring.it\/radiotouring104\/wp-content\/uploads\/sites\/6\/2023\/02\/pasqualina-straface.jpg","jetpack_sharing_enabled":true,"_links":{"self":[{"href":"https:\/\/progettotouring.it\/radiotouring104\/wp-json\/wp\/v2\/posts\/18626","targetHints":{"allow":["GET"]}}],"collection":[{"href":"https:\/\/progettotouring.it\/radiotouring104\/wp-json\/wp\/v2\/posts"}],"about":[{"href":"https:\/\/progettotouring.it\/radiotouring104\/wp-json\/wp\/v2\/types\/post"}],"author":[{"embeddable":true,"href":"https:\/\/progettotouring.it\/radiotouring104\/wp-json\/wp\/v2\/users\/12"}],"replies":[{"embeddable":true,"href":"https:\/\/progettotouring.it\/radiotouring104\/wp-json\/wp\/v2\/comments?post=18626"}],"version-history":[{"count":1,"href":"https:\/\/progettotouring.it\/radiotouring104\/wp-json\/wp\/v2\/posts\/18626\/revisions"}],"predecessor-version":[{"id":18628,"href":"https:\/\/progettotouring.it\/radiotouring104\/wp-json\/wp\/v2\/posts\/18626\/revisions\/18628"}],"wp:featuredmedia":[{"embeddable":true,"href":"https:\/\/progettotouring.it\/radiotouring104\/wp-json\/wp\/v2\/media\/18627"}],"wp:attachment":[{"href":"https:\/\/progettotouring.it\/radiotouring104\/wp-json\/wp\/v2\/media?parent=18626"}],"wp:term":[{"taxonomy":"category","embeddable":true,"href":"https:\/\/progettotouring.it\/radiotouring104\/wp-json\/wp\/v2\/categories?post=18626"},{"taxonomy":"post_tag","embeddable":true,"href":"https:\/\/progettotouring.it\/radiotouring104\/wp-json\/wp\/v2\/tags?post=18626"}],"curies":[{"name":"wp","href":"https:\/\/api.w.org\/{rel}","templated":true}]}}