{"id":18704,"date":"2023-02-10T12:17:36","date_gmt":"2023-02-10T11:17:36","guid":{"rendered":"https:\/\/progettotouring.it\/radiotouring104\/?p=18704"},"modified":"2023-02-10T12:20:42","modified_gmt":"2023-02-10T11:20:42","slug":"la-lega-serie-b-in-difesa-dei-bambini-di-turchia-e-siria","status":"publish","type":"post","link":"https:\/\/progettotouring.it\/radiotouring104\/2023\/02\/10\/la-lega-serie-b-in-difesa-dei-bambini-di-turchia-e-siria\/","title":{"rendered":"La Lega Serie B in difesa dei bambini di Turchia e Siria"},"content":{"rendered":"<p style=\"text-align: justify\"><strong>Campagna sociale per aiutare le popolazioni colpite dal terremoto in Turchia e Siria. Balata: &#8220;tutti dobbiamo fare la nostra parte&#8221;. <\/strong>La\u00a0<strong>Lega Serie B<\/strong>\u00a0aderisce alla raccolta fondi dell\u2019<strong>UNICEF Italia<\/strong>\u00a0aperta per l\u2019emergenza terremoto in Siria e Turchia per salvare quante pi\u00f9 vite possibili, fra di loro molti bambini le cui condizioni sono rese ancora pi\u00f9 difficili dal freddo intenso. Lo fa con una serie di attivit\u00e0 legate agli stadi e ai canali di comunicazione invitando tutti a dare il proprio contributo su\u00a0<strong>www.unicef.it\/terremoto<\/strong>. In particolare la raccolta fondi servir\u00e0 per fornire aiuti di primo soccorso tramite acqua potabile, coperte e alimenti ai bambini e alle famiglie colpite dal terremoto. Dopo il disastro l\u2019UNICEF si \u00e8 impegnato subito per valutare la portata del disastro e i bisogni dei bambini e delle famiglie che hanno perso tutto. Sono necessari ulteriori fondi per consentire l\u2019invio immediato degli aiuti umanitari e rispondere a quest\u2019emergenza.<\/p>\n<p><strong>Mauro Balata<\/strong>, presidente della Lega B sostiene che quanto accaduto \u201c<em>non pu\u00f2 lasciarci indifferenti e che tutti noi dobbiamo fare la nostra parte per contribuire a cercare di alleviare il dramma di milioni di persone. Non appena accaduta questa immane tragedia abbiamo contattato l\u2019UNICEF dalla quale come sempre abbiamo avuto una risposta pronta, trovando in loro un\u2019associazione gi\u00e0 operativa e ben consapevole delle energie e delle azioni da mettere in campo<\/em>\u201d.<\/p>\n<p>\u201c<em>A nome dell\u2019UNICEF Italia ringrazio sentitamente la Lega B e il suo Presidente Mauro Balata per essersi subito attivati a favore delle popolazioni colpite da questo devastante terremoto. Questo \u00e8 il terremoto pi\u00f9 potente che ha colpito la regione in circa 100 anni. Migliaia di case sono state distrutte, le famiglie sono sfollate e sono esposte alle intemperie. Migliaia di bambini sono in pericolo e hanno bisogno del nostro aiuto<\/em>.\u201d \u2013 ha dichiarato\u00a0<strong>Carmela Pace, Presidente dell\u2019UNICEF Italia<\/strong>.<\/p>\n","protected":false},"excerpt":{"rendered":"<p>Campagna sociale per aiutare le popolazioni colpite dal terremoto in Turchia e Siria. Balata: &#8220;tutti dobbiamo fare la nostra parte&#8221;. La\u00a0Lega Serie B\u00a0aderisce alla raccolta fondi dell\u2019UNICEF Italia\u00a0aperta per l\u2019emergenza&hellip;<\/p>\n","protected":false},"author":8,"featured_media":11578,"comment_status":"open","ping_status":"open","sticky":false,"template":"","format":"standard","meta":{"_jetpack_memberships_contains_paid_content":false,"footnotes":"","jetpack_publicize_message":"","jetpack_publicize_feature_enabled":true,"jetpack_social_post_already_shared":false,"jetpack_social_options":{"image_generator_settings":{"template":"highway","default_image_id":0,"font":"","enabled":false},"version":2}},"categories":[196,140,144],"tags":[3621,210,419,7866,1115],"class_list":["post-18704","post","type-post","status-publish","format-standard","has-post-thumbnail","hentry","category-news","category-reggio-calabria","category-sport","tag-balata","tag-reggina","tag-serie-b","tag-siria","tag-unicef"],"yoast_head":"<!-- This site is optimized with the Yoast SEO plugin v27.2 - https:\/\/yoast.com\/product\/yoast-seo-wordpress\/ -->\n<title>La Lega Serie B in difesa dei bambini di Turchia e Siria<\/title>\n<meta name=\"description\" content=\"Balata, presidente della Serie B, e l&#039;UNICEF scenderanno in campo per dare sostegno ai bambini della Turchia e Siria colpiti dal terremoto\" \/>\n<meta name=\"robots\" content=\"index, follow, max-snippet:-1, max-image-preview:large, max-video-preview:-1\" \/>\n<link rel=\"canonical\" href=\"https:\/\/progettotouring.it\/radiotouring104\/2023\/02\/10\/la-lega-serie-b-in-difesa-dei-bambini-di-turchia-e-siria\/\" \/>\n<meta property=\"og:locale\" content=\"it_IT\" \/>\n<meta property=\"og:type\" content=\"article\" \/>\n<meta property=\"og:title\" content=\"La Lega Serie B in difesa dei bambini di Turchia e Siria\" \/>\n<meta property=\"og:description\" content=\"Balata, presidente della Serie B, e l&#039;UNICEF scenderanno in campo per dare sostegno ai bambini della Turchia e Siria colpiti dal terremoto\" \/>\n<meta property=\"og:url\" content=\"https:\/\/progettotouring.it\/radiotouring104\/2023\/02\/10\/la-lega-serie-b-in-difesa-dei-bambini-di-turchia-e-siria\/\" \/>\n<meta property=\"og:site_name\" content=\"Radio Touring 104\" \/>\n<meta property=\"article:published_time\" content=\"2023-02-10T11:17:36+00:00\" \/>\n<meta property=\"article:modified_time\" content=\"2023-02-10T11:20:42+00:00\" \/>\n<meta property=\"og:image\" content=\"https:\/\/progettotouring.it\/radiotouring104\/wp-content\/uploads\/sites\/6\/2022\/11\/serie-b.png\" \/>\n\t<meta property=\"og:image:width\" content=\"906\" \/>\n\t<meta property=\"og:image:height\" content=\"578\" \/>\n\t<meta property=\"og:image:type\" content=\"image\/png\" \/>\n<meta name=\"author\" content=\"Filippo Francesco Idone\" \/>\n<meta name=\"twitter:card\" content=\"summary_large_image\" \/>\n<meta name=\"twitter:label1\" content=\"Scritto da\" \/>\n\t<meta name=\"twitter:data1\" content=\"Filippo Francesco Idone\" \/>\n\t<meta name=\"twitter:label2\" content=\"Tempo di lettura stimato\" \/>\n\t<meta name=\"twitter:data2\" content=\"2 minuti\" \/>\n<script type=\"application\/ld+json\" class=\"yoast-schema-graph\">{\"@context\":\"https:\/\/schema.org\",\"@graph\":[{\"@type\":\"Article\",\"@id\":\"https:\/\/progettotouring.it\/radiotouring104\/2023\/02\/10\/la-lega-serie-b-in-difesa-dei-bambini-di-turchia-e-siria\/#article\",\"isPartOf\":{\"@id\":\"https:\/\/progettotouring.it\/radiotouring104\/2023\/02\/10\/la-lega-serie-b-in-difesa-dei-bambini-di-turchia-e-siria\/\"},\"author\":{\"name\":\"Filippo Francesco Idone\",\"@id\":\"https:\/\/progettotouring.it\/radiotouring104\/#\/schema\/person\/4a82259ca52ac8702ad1a8f9e5a3120b\"},\"headline\":\"La Lega Serie B in difesa dei bambini di Turchia e Siria\",\"datePublished\":\"2023-02-10T11:17:36+00:00\",\"dateModified\":\"2023-02-10T11:20:42+00:00\",\"mainEntityOfPage\":{\"@id\":\"https:\/\/progettotouring.it\/radiotouring104\/2023\/02\/10\/la-lega-serie-b-in-difesa-dei-bambini-di-turchia-e-siria\/\"},\"wordCount\":320,\"commentCount\":0,\"publisher\":{\"@id\":\"https:\/\/progettotouring.it\/radiotouring104\/#organization\"},\"image\":{\"@id\":\"https:\/\/progettotouring.it\/radiotouring104\/2023\/02\/10\/la-lega-serie-b-in-difesa-dei-bambini-di-turchia-e-siria\/#primaryimage\"},\"thumbnailUrl\":\"https:\/\/progettotouring.it\/radiotouring104\/wp-content\/uploads\/sites\/6\/2022\/11\/serie-b.png\",\"keywords\":[\"balata\",\"reggina\",\"serie b\",\"Siria\",\"UNICEF\"],\"articleSection\":[\"News\",\"Reggio Calabria\",\"Sport\"],\"inLanguage\":\"it-IT\",\"potentialAction\":[{\"@type\":\"CommentAction\",\"name\":\"Comment\",\"target\":[\"https:\/\/progettotouring.it\/radiotouring104\/2023\/02\/10\/la-lega-serie-b-in-difesa-dei-bambini-di-turchia-e-siria\/#respond\"]}]},{\"@type\":\"WebPage\",\"@id\":\"https:\/\/progettotouring.it\/radiotouring104\/2023\/02\/10\/la-lega-serie-b-in-difesa-dei-bambini-di-turchia-e-siria\/\",\"url\":\"https:\/\/progettotouring.it\/radiotouring104\/2023\/02\/10\/la-lega-serie-b-in-difesa-dei-bambini-di-turchia-e-siria\/\",\"name\":\"La Lega Serie B in difesa dei bambini di Turchia e Siria\",\"isPartOf\":{\"@id\":\"https:\/\/progettotouring.it\/radiotouring104\/#website\"},\"primaryImageOfPage\":{\"@id\":\"https:\/\/progettotouring.it\/radiotouring104\/2023\/02\/10\/la-lega-serie-b-in-difesa-dei-bambini-di-turchia-e-siria\/#primaryimage\"},\"image\":{\"@id\":\"https:\/\/progettotouring.it\/radiotouring104\/2023\/02\/10\/la-lega-serie-b-in-difesa-dei-bambini-di-turchia-e-siria\/#primaryimage\"},\"thumbnailUrl\":\"https:\/\/progettotouring.it\/radiotouring104\/wp-content\/uploads\/sites\/6\/2022\/11\/serie-b.png\",\"datePublished\":\"2023-02-10T11:17:36+00:00\",\"dateModified\":\"2023-02-10T11:20:42+00:00\",\"description\":\"Balata, presidente della Serie B, e l'UNICEF scenderanno in campo per dare sostegno ai bambini della Turchia e Siria colpiti dal terremoto\",\"breadcrumb\":{\"@id\":\"https:\/\/progettotouring.it\/radiotouring104\/2023\/02\/10\/la-lega-serie-b-in-difesa-dei-bambini-di-turchia-e-siria\/#breadcrumb\"},\"inLanguage\":\"it-IT\",\"potentialAction\":[{\"@type\":\"ReadAction\",\"target\":[\"https:\/\/progettotouring.it\/radiotouring104\/2023\/02\/10\/la-lega-serie-b-in-difesa-dei-bambini-di-turchia-e-siria\/\"]}]},{\"@type\":\"ImageObject\",\"inLanguage\":\"it-IT\",\"@id\":\"https:\/\/progettotouring.it\/radiotouring104\/2023\/02\/10\/la-lega-serie-b-in-difesa-dei-bambini-di-turchia-e-siria\/#primaryimage\",\"url\":\"https:\/\/progettotouring.it\/radiotouring104\/wp-content\/uploads\/sites\/6\/2022\/11\/serie-b.png\",\"contentUrl\":\"https:\/\/progettotouring.it\/radiotouring104\/wp-content\/uploads\/sites\/6\/2022\/11\/serie-b.png\",\"width\":906,\"height\":578},{\"@type\":\"BreadcrumbList\",\"@id\":\"https:\/\/progettotouring.it\/radiotouring104\/2023\/02\/10\/la-lega-serie-b-in-difesa-dei-bambini-di-turchia-e-siria\/#breadcrumb\",\"itemListElement\":[{\"@type\":\"ListItem\",\"position\":1,\"name\":\"Home\",\"item\":\"https:\/\/progettotouring.it\/radiotouring104\/\"},{\"@type\":\"ListItem\",\"position\":2,\"name\":\"La Lega Serie B in difesa dei bambini di Turchia e Siria\"}]},{\"@type\":\"WebSite\",\"@id\":\"https:\/\/progettotouring.it\/radiotouring104\/#website\",\"url\":\"https:\/\/progettotouring.it\/radiotouring104\/\",\"name\":\"Radio Touring 104\",\"description\":\"La prima radio Reggina\",\"publisher\":{\"@id\":\"https:\/\/progettotouring.it\/radiotouring104\/#organization\"},\"potentialAction\":[{\"@type\":\"SearchAction\",\"target\":{\"@type\":\"EntryPoint\",\"urlTemplate\":\"https:\/\/progettotouring.it\/radiotouring104\/?s={search_term_string}\"},\"query-input\":{\"@type\":\"PropertyValueSpecification\",\"valueRequired\":true,\"valueName\":\"search_term_string\"}}],\"inLanguage\":\"it-IT\"},{\"@type\":\"Organization\",\"@id\":\"https:\/\/progettotouring.it\/radiotouring104\/#organization\",\"name\":\"Radio Touring 104\",\"url\":\"https:\/\/progettotouring.it\/radiotouring104\/\",\"logo\":{\"@type\":\"ImageObject\",\"inLanguage\":\"it-IT\",\"@id\":\"https:\/\/progettotouring.it\/radiotouring104\/#\/schema\/logo\/image\/\",\"url\":\"https:\/\/progettotouring.it\/radiotouring104\/wp-content\/uploads\/sites\/6\/2022\/02\/cropped-logo-radio-touring-104.png\",\"contentUrl\":\"https:\/\/progettotouring.it\/radiotouring104\/wp-content\/uploads\/sites\/6\/2022\/02\/cropped-logo-radio-touring-104.png\",\"width\":377,\"height\":182,\"caption\":\"Radio Touring 104\"},\"image\":{\"@id\":\"https:\/\/progettotouring.it\/radiotouring104\/#\/schema\/logo\/image\/\"}},{\"@type\":\"Person\",\"@id\":\"https:\/\/progettotouring.it\/radiotouring104\/#\/schema\/person\/4a82259ca52ac8702ad1a8f9e5a3120b\",\"name\":\"Filippo Francesco Idone\",\"image\":{\"@type\":\"ImageObject\",\"inLanguage\":\"it-IT\",\"@id\":\"https:\/\/secure.gravatar.com\/avatar\/7268715d2366395c3dd314385670e6484117d44f5c442e61e230f7008b7b62d3?s=96&d=mm&r=g\",\"url\":\"https:\/\/secure.gravatar.com\/avatar\/7268715d2366395c3dd314385670e6484117d44f5c442e61e230f7008b7b62d3?s=96&d=mm&r=g\",\"contentUrl\":\"https:\/\/secure.gravatar.com\/avatar\/7268715d2366395c3dd314385670e6484117d44f5c442e61e230f7008b7b62d3?s=96&d=mm&r=g\",\"caption\":\"Filippo Francesco Idone\"},\"url\":\"https:\/\/progettotouring.it\/radiotouring104\/author\/filippoidone\/\"}]}<\/script>\n<!-- \/ Yoast SEO plugin. -->","yoast_head_json":{"title":"La Lega Serie B in difesa dei bambini di Turchia e Siria","description":"Balata, presidente della Serie B, e l'UNICEF scenderanno in campo per dare sostegno ai bambini della Turchia e Siria colpiti dal terremoto","robots":{"index":"index","follow":"follow","max-snippet":"max-snippet:-1","max-image-preview":"max-image-preview:large","max-video-preview":"max-video-preview:-1"},"canonical":"https:\/\/progettotouring.it\/radiotouring104\/2023\/02\/10\/la-lega-serie-b-in-difesa-dei-bambini-di-turchia-e-siria\/","og_locale":"it_IT","og_type":"article","og_title":"La Lega Serie B in difesa dei bambini di Turchia e Siria","og_description":"Balata, presidente della Serie B, e l'UNICEF scenderanno in campo per dare sostegno ai bambini della Turchia e Siria colpiti dal terremoto","og_url":"https:\/\/progettotouring.it\/radiotouring104\/2023\/02\/10\/la-lega-serie-b-in-difesa-dei-bambini-di-turchia-e-siria\/","og_site_name":"Radio Touring 104","article_published_time":"2023-02-10T11:17:36+00:00","article_modified_time":"2023-02-10T11:20:42+00:00","og_image":[{"width":906,"height":578,"url":"https:\/\/progettotouring.it\/radiotouring104\/wp-content\/uploads\/sites\/6\/2022\/11\/serie-b.png","type":"image\/png"}],"author":"Filippo Francesco Idone","twitter_card":"summary_large_image","twitter_misc":{"Scritto da":"Filippo Francesco Idone","Tempo di lettura stimato":"2 minuti"},"schema":{"@context":"https:\/\/schema.org","@graph":[{"@type":"Article","@id":"https:\/\/progettotouring.it\/radiotouring104\/2023\/02\/10\/la-lega-serie-b-in-difesa-dei-bambini-di-turchia-e-siria\/#article","isPartOf":{"@id":"https:\/\/progettotouring.it\/radiotouring104\/2023\/02\/10\/la-lega-serie-b-in-difesa-dei-bambini-di-turchia-e-siria\/"},"author":{"name":"Filippo Francesco Idone","@id":"https:\/\/progettotouring.it\/radiotouring104\/#\/schema\/person\/4a82259ca52ac8702ad1a8f9e5a3120b"},"headline":"La Lega Serie B in difesa dei bambini di Turchia e Siria","datePublished":"2023-02-10T11:17:36+00:00","dateModified":"2023-02-10T11:20:42+00:00","mainEntityOfPage":{"@id":"https:\/\/progettotouring.it\/radiotouring104\/2023\/02\/10\/la-lega-serie-b-in-difesa-dei-bambini-di-turchia-e-siria\/"},"wordCount":320,"commentCount":0,"publisher":{"@id":"https:\/\/progettotouring.it\/radiotouring104\/#organization"},"image":{"@id":"https:\/\/progettotouring.it\/radiotouring104\/2023\/02\/10\/la-lega-serie-b-in-difesa-dei-bambini-di-turchia-e-siria\/#primaryimage"},"thumbnailUrl":"https:\/\/progettotouring.it\/radiotouring104\/wp-content\/uploads\/sites\/6\/2022\/11\/serie-b.png","keywords":["balata","reggina","serie b","Siria","UNICEF"],"articleSection":["News","Reggio Calabria","Sport"],"inLanguage":"it-IT","potentialAction":[{"@type":"CommentAction","name":"Comment","target":["https:\/\/progettotouring.it\/radiotouring104\/2023\/02\/10\/la-lega-serie-b-in-difesa-dei-bambini-di-turchia-e-siria\/#respond"]}]},{"@type":"WebPage","@id":"https:\/\/progettotouring.it\/radiotouring104\/2023\/02\/10\/la-lega-serie-b-in-difesa-dei-bambini-di-turchia-e-siria\/","url":"https:\/\/progettotouring.it\/radiotouring104\/2023\/02\/10\/la-lega-serie-b-in-difesa-dei-bambini-di-turchia-e-siria\/","name":"La Lega Serie B in difesa dei bambini di Turchia e Siria","isPartOf":{"@id":"https:\/\/progettotouring.it\/radiotouring104\/#website"},"primaryImageOfPage":{"@id":"https:\/\/progettotouring.it\/radiotouring104\/2023\/02\/10\/la-lega-serie-b-in-difesa-dei-bambini-di-turchia-e-siria\/#primaryimage"},"image":{"@id":"https:\/\/progettotouring.it\/radiotouring104\/2023\/02\/10\/la-lega-serie-b-in-difesa-dei-bambini-di-turchia-e-siria\/#primaryimage"},"thumbnailUrl":"https:\/\/progettotouring.it\/radiotouring104\/wp-content\/uploads\/sites\/6\/2022\/11\/serie-b.png","datePublished":"2023-02-10T11:17:36+00:00","dateModified":"2023-02-10T11:20:42+00:00","description":"Balata, presidente della Serie B, e l'UNICEF scenderanno in campo per dare sostegno ai bambini della Turchia e Siria colpiti dal terremoto","breadcrumb":{"@id":"https:\/\/progettotouring.it\/radiotouring104\/2023\/02\/10\/la-lega-serie-b-in-difesa-dei-bambini-di-turchia-e-siria\/#breadcrumb"},"inLanguage":"it-IT","potentialAction":[{"@type":"ReadAction","target":["https:\/\/progettotouring.it\/radiotouring104\/2023\/02\/10\/la-lega-serie-b-in-difesa-dei-bambini-di-turchia-e-siria\/"]}]},{"@type":"ImageObject","inLanguage":"it-IT","@id":"https:\/\/progettotouring.it\/radiotouring104\/2023\/02\/10\/la-lega-serie-b-in-difesa-dei-bambini-di-turchia-e-siria\/#primaryimage","url":"https:\/\/progettotouring.it\/radiotouring104\/wp-content\/uploads\/sites\/6\/2022\/11\/serie-b.png","contentUrl":"https:\/\/progettotouring.it\/radiotouring104\/wp-content\/uploads\/sites\/6\/2022\/11\/serie-b.png","width":906,"height":578},{"@type":"BreadcrumbList","@id":"https:\/\/progettotouring.it\/radiotouring104\/2023\/02\/10\/la-lega-serie-b-in-difesa-dei-bambini-di-turchia-e-siria\/#breadcrumb","itemListElement":[{"@type":"ListItem","position":1,"name":"Home","item":"https:\/\/progettotouring.it\/radiotouring104\/"},{"@type":"ListItem","position":2,"name":"La Lega Serie B in difesa dei bambini di Turchia e Siria"}]},{"@type":"WebSite","@id":"https:\/\/progettotouring.it\/radiotouring104\/#website","url":"https:\/\/progettotouring.it\/radiotouring104\/","name":"Radio Touring 104","description":"La prima radio Reggina","publisher":{"@id":"https:\/\/progettotouring.it\/radiotouring104\/#organization"},"potentialAction":[{"@type":"SearchAction","target":{"@type":"EntryPoint","urlTemplate":"https:\/\/progettotouring.it\/radiotouring104\/?s={search_term_string}"},"query-input":{"@type":"PropertyValueSpecification","valueRequired":true,"valueName":"search_term_string"}}],"inLanguage":"it-IT"},{"@type":"Organization","@id":"https:\/\/progettotouring.it\/radiotouring104\/#organization","name":"Radio Touring 104","url":"https:\/\/progettotouring.it\/radiotouring104\/","logo":{"@type":"ImageObject","inLanguage":"it-IT","@id":"https:\/\/progettotouring.it\/radiotouring104\/#\/schema\/logo\/image\/","url":"https:\/\/progettotouring.it\/radiotouring104\/wp-content\/uploads\/sites\/6\/2022\/02\/cropped-logo-radio-touring-104.png","contentUrl":"https:\/\/progettotouring.it\/radiotouring104\/wp-content\/uploads\/sites\/6\/2022\/02\/cropped-logo-radio-touring-104.png","width":377,"height":182,"caption":"Radio Touring 104"},"image":{"@id":"https:\/\/progettotouring.it\/radiotouring104\/#\/schema\/logo\/image\/"}},{"@type":"Person","@id":"https:\/\/progettotouring.it\/radiotouring104\/#\/schema\/person\/4a82259ca52ac8702ad1a8f9e5a3120b","name":"Filippo Francesco Idone","image":{"@type":"ImageObject","inLanguage":"it-IT","@id":"https:\/\/secure.gravatar.com\/avatar\/7268715d2366395c3dd314385670e6484117d44f5c442e61e230f7008b7b62d3?s=96&d=mm&r=g","url":"https:\/\/secure.gravatar.com\/avatar\/7268715d2366395c3dd314385670e6484117d44f5c442e61e230f7008b7b62d3?s=96&d=mm&r=g","contentUrl":"https:\/\/secure.gravatar.com\/avatar\/7268715d2366395c3dd314385670e6484117d44f5c442e61e230f7008b7b62d3?s=96&d=mm&r=g","caption":"Filippo Francesco Idone"},"url":"https:\/\/progettotouring.it\/radiotouring104\/author\/filippoidone\/"}]}},"jetpack_publicize_connections":[],"jetpack_featured_media_url":"https:\/\/progettotouring.it\/radiotouring104\/wp-content\/uploads\/sites\/6\/2022\/11\/serie-b.png","jetpack_sharing_enabled":true,"_links":{"self":[{"href":"https:\/\/progettotouring.it\/radiotouring104\/wp-json\/wp\/v2\/posts\/18704","targetHints":{"allow":["GET"]}}],"collection":[{"href":"https:\/\/progettotouring.it\/radiotouring104\/wp-json\/wp\/v2\/posts"}],"about":[{"href":"https:\/\/progettotouring.it\/radiotouring104\/wp-json\/wp\/v2\/types\/post"}],"author":[{"embeddable":true,"href":"https:\/\/progettotouring.it\/radiotouring104\/wp-json\/wp\/v2\/users\/8"}],"replies":[{"embeddable":true,"href":"https:\/\/progettotouring.it\/radiotouring104\/wp-json\/wp\/v2\/comments?post=18704"}],"version-history":[{"count":2,"href":"https:\/\/progettotouring.it\/radiotouring104\/wp-json\/wp\/v2\/posts\/18704\/revisions"}],"predecessor-version":[{"id":18706,"href":"https:\/\/progettotouring.it\/radiotouring104\/wp-json\/wp\/v2\/posts\/18704\/revisions\/18706"}],"wp:featuredmedia":[{"embeddable":true,"href":"https:\/\/progettotouring.it\/radiotouring104\/wp-json\/wp\/v2\/media\/11578"}],"wp:attachment":[{"href":"https:\/\/progettotouring.it\/radiotouring104\/wp-json\/wp\/v2\/media?parent=18704"}],"wp:term":[{"taxonomy":"category","embeddable":true,"href":"https:\/\/progettotouring.it\/radiotouring104\/wp-json\/wp\/v2\/categories?post=18704"},{"taxonomy":"post_tag","embeddable":true,"href":"https:\/\/progettotouring.it\/radiotouring104\/wp-json\/wp\/v2\/tags?post=18704"}],"curies":[{"name":"wp","href":"https:\/\/api.w.org\/{rel}","templated":true}]}}