{"id":19111,"date":"2023-02-17T10:42:46","date_gmt":"2023-02-17T09:42:46","guid":{"rendered":"https:\/\/progettotouring.it\/radiotouring104\/?p=19111"},"modified":"2023-02-17T10:42:54","modified_gmt":"2023-02-17T09:42:54","slug":"ordigni-bellici-in-mare-nel-vibonese-avviata-rimozione","status":"publish","type":"post","link":"https:\/\/progettotouring.it\/radiotouring104\/2023\/02\/17\/ordigni-bellici-in-mare-nel-vibonese-avviata-rimozione\/","title":{"rendered":"Ordigni bellici in mare nel vibonese, avviata rimozione"},"content":{"rendered":"<p>Sono iniziate stamattina alle 7 e si protrarranno almeno fino a mezzogiorno operazioni di rimozione e brillamento degli ordigni bellici scoperti in mare nelle acque antistanti il centro abitato di Nicotera Marina, in provincia di Vibo Valentia. La Capitaneria di porto di Vibo Valentia Marina, in concomitanza con lo svolgimento delle operazioni, ha emanato un&#8217;ordinanza con cui dispone &#8211; per la zona interessata &#8211; il divieto di navigare, ancorare e sostare con qualsiasi unit\u00e0 sia da diporto che ad uso professionale; effettuare attivit\u00e0 di immersione con qualunque tecnica; svolgere attivit\u00e0 di pesca di qualunque natura; effettuare la balneazione. Il provvedimento prevede un raggio di 0,5 miglia nautiche dal punto in mare interessato. Ad eseguire le operazioni di rimozione e brillamento sar\u00e0 il Nucleo Sdai (Sminamento difesa antimezzi insidiosi) di Augusta. Il ritrovamento del materiale bellico era avvenuto a fine gennaio: gi\u00e0 allora la Capitaneria di porto di Vibo Valentia Marina aveva emanato un&#8217;ordinanza con cui vietava navigazione, pesca e balneazione fino all&#8217;avvenuta bonifica del sito. (ANSA).<\/p>\n","protected":false},"excerpt":{"rendered":"<p>Sono iniziate stamattina alle 7 e si protrarranno almeno fino a mezzogiorno operazioni di rimozione e brillamento degli ordigni bellici scoperti in mare nelle acque antistanti il centro abitato di&hellip;<\/p>\n","protected":false},"author":12,"featured_media":19117,"comment_status":"open","ping_status":"open","sticky":false,"template":"","format":"standard","meta":{"_jetpack_memberships_contains_paid_content":false,"footnotes":"","jetpack_publicize_message":"","jetpack_publicize_feature_enabled":true,"jetpack_social_post_already_shared":false,"jetpack_social_options":{"image_generator_settings":{"template":"highway","default_image_id":0,"font":"","enabled":false},"version":2}},"categories":[142,921,196],"tags":[10130,8388,10131,10132],"class_list":["post-19111","post","type-post","status-publish","format-standard","has-post-thumbnail","hentry","category-calabria","category-home","category-news","tag-capitaneria-di-porto-di-vibo-valentia-marina","tag-nicotera-marina","tag-operazioni-di-rimozione-e-brillamento-degli-ordigni-bellici","tag-ordigni-bellici-scoperti-in-mare"],"yoast_head":"<!-- This site is optimized with the Yoast SEO plugin v27.2 - https:\/\/yoast.com\/product\/yoast-seo-wordpress\/ -->\n<title>Ordigni bellici in mare nel vibonese, avviata rimozione<\/title>\n<meta name=\"description\" content=\"Iniziate stamattina le operazioni di rimozione e brillamento degli ordigni bellici scoperti in mare nel centro di Nicotera Marina\" \/>\n<meta name=\"robots\" content=\"index, follow, max-snippet:-1, max-image-preview:large, max-video-preview:-1\" \/>\n<link rel=\"canonical\" href=\"https:\/\/progettotouring.it\/radiotouring104\/2023\/02\/17\/ordigni-bellici-in-mare-nel-vibonese-avviata-rimozione\/\" \/>\n<meta property=\"og:locale\" content=\"it_IT\" \/>\n<meta property=\"og:type\" content=\"article\" \/>\n<meta property=\"og:title\" content=\"Ordigni bellici in mare nel vibonese, avviata rimozione\" \/>\n<meta property=\"og:description\" content=\"Iniziate stamattina le operazioni di rimozione e brillamento degli ordigni bellici scoperti in mare nel centro di Nicotera Marina\" \/>\n<meta property=\"og:url\" content=\"https:\/\/progettotouring.it\/radiotouring104\/2023\/02\/17\/ordigni-bellici-in-mare-nel-vibonese-avviata-rimozione\/\" \/>\n<meta property=\"og:site_name\" content=\"Radio Touring 104\" \/>\n<meta property=\"article:published_time\" content=\"2023-02-17T09:42:46+00:00\" \/>\n<meta property=\"article:modified_time\" content=\"2023-02-17T09:42:54+00:00\" \/>\n<meta property=\"og:image\" content=\"https:\/\/progettotouring.it\/radiotouring104\/wp-content\/uploads\/sites\/6\/2023\/02\/Capitaneria-Guardia-costiera.jpg\" \/>\n\t<meta property=\"og:image:width\" content=\"1600\" \/>\n\t<meta property=\"og:image:height\" content=\"900\" \/>\n\t<meta property=\"og:image:type\" content=\"image\/jpeg\" \/>\n<meta name=\"author\" content=\"Sebastiano Plutino\" \/>\n<meta name=\"twitter:card\" content=\"summary_large_image\" \/>\n<meta name=\"twitter:label1\" content=\"Scritto da\" \/>\n\t<meta name=\"twitter:data1\" content=\"Sebastiano Plutino\" \/>\n\t<meta name=\"twitter:label2\" content=\"Tempo di lettura stimato\" \/>\n\t<meta name=\"twitter:data2\" content=\"1 minuto\" \/>\n<script type=\"application\/ld+json\" class=\"yoast-schema-graph\">{\"@context\":\"https:\/\/schema.org\",\"@graph\":[{\"@type\":\"Article\",\"@id\":\"https:\/\/progettotouring.it\/radiotouring104\/2023\/02\/17\/ordigni-bellici-in-mare-nel-vibonese-avviata-rimozione\/#article\",\"isPartOf\":{\"@id\":\"https:\/\/progettotouring.it\/radiotouring104\/2023\/02\/17\/ordigni-bellici-in-mare-nel-vibonese-avviata-rimozione\/\"},\"author\":{\"name\":\"Sebastiano Plutino\",\"@id\":\"https:\/\/progettotouring.it\/radiotouring104\/#\/schema\/person\/78613917f1851f041f7483f5af1d422e\"},\"headline\":\"Ordigni bellici in mare nel vibonese, avviata rimozione\",\"datePublished\":\"2023-02-17T09:42:46+00:00\",\"dateModified\":\"2023-02-17T09:42:54+00:00\",\"mainEntityOfPage\":{\"@id\":\"https:\/\/progettotouring.it\/radiotouring104\/2023\/02\/17\/ordigni-bellici-in-mare-nel-vibonese-avviata-rimozione\/\"},\"wordCount\":172,\"commentCount\":0,\"publisher\":{\"@id\":\"https:\/\/progettotouring.it\/radiotouring104\/#organization\"},\"image\":{\"@id\":\"https:\/\/progettotouring.it\/radiotouring104\/2023\/02\/17\/ordigni-bellici-in-mare-nel-vibonese-avviata-rimozione\/#primaryimage\"},\"thumbnailUrl\":\"https:\/\/progettotouring.it\/radiotouring104\/wp-content\/uploads\/sites\/6\/2023\/02\/Capitaneria-Guardia-costiera.jpg\",\"keywords\":[\"Capitaneria di porto di Vibo Valentia Marina\",\"Nicotera Marina\",\"operazioni di rimozione e brillamento degli ordigni bellici\",\"ordigni bellici scoperti in mare\"],\"articleSection\":[\"Calabria\",\"Home\",\"News\"],\"inLanguage\":\"it-IT\",\"potentialAction\":[{\"@type\":\"CommentAction\",\"name\":\"Comment\",\"target\":[\"https:\/\/progettotouring.it\/radiotouring104\/2023\/02\/17\/ordigni-bellici-in-mare-nel-vibonese-avviata-rimozione\/#respond\"]}]},{\"@type\":\"WebPage\",\"@id\":\"https:\/\/progettotouring.it\/radiotouring104\/2023\/02\/17\/ordigni-bellici-in-mare-nel-vibonese-avviata-rimozione\/\",\"url\":\"https:\/\/progettotouring.it\/radiotouring104\/2023\/02\/17\/ordigni-bellici-in-mare-nel-vibonese-avviata-rimozione\/\",\"name\":\"Ordigni bellici in mare nel vibonese, avviata rimozione\",\"isPartOf\":{\"@id\":\"https:\/\/progettotouring.it\/radiotouring104\/#website\"},\"primaryImageOfPage\":{\"@id\":\"https:\/\/progettotouring.it\/radiotouring104\/2023\/02\/17\/ordigni-bellici-in-mare-nel-vibonese-avviata-rimozione\/#primaryimage\"},\"image\":{\"@id\":\"https:\/\/progettotouring.it\/radiotouring104\/2023\/02\/17\/ordigni-bellici-in-mare-nel-vibonese-avviata-rimozione\/#primaryimage\"},\"thumbnailUrl\":\"https:\/\/progettotouring.it\/radiotouring104\/wp-content\/uploads\/sites\/6\/2023\/02\/Capitaneria-Guardia-costiera.jpg\",\"datePublished\":\"2023-02-17T09:42:46+00:00\",\"dateModified\":\"2023-02-17T09:42:54+00:00\",\"description\":\"Iniziate stamattina le operazioni di rimozione e brillamento degli ordigni bellici scoperti in mare nel centro di Nicotera Marina\",\"breadcrumb\":{\"@id\":\"https:\/\/progettotouring.it\/radiotouring104\/2023\/02\/17\/ordigni-bellici-in-mare-nel-vibonese-avviata-rimozione\/#breadcrumb\"},\"inLanguage\":\"it-IT\",\"potentialAction\":[{\"@type\":\"ReadAction\",\"target\":[\"https:\/\/progettotouring.it\/radiotouring104\/2023\/02\/17\/ordigni-bellici-in-mare-nel-vibonese-avviata-rimozione\/\"]}]},{\"@type\":\"ImageObject\",\"inLanguage\":\"it-IT\",\"@id\":\"https:\/\/progettotouring.it\/radiotouring104\/2023\/02\/17\/ordigni-bellici-in-mare-nel-vibonese-avviata-rimozione\/#primaryimage\",\"url\":\"https:\/\/progettotouring.it\/radiotouring104\/wp-content\/uploads\/sites\/6\/2023\/02\/Capitaneria-Guardia-costiera.jpg\",\"contentUrl\":\"https:\/\/progettotouring.it\/radiotouring104\/wp-content\/uploads\/sites\/6\/2023\/02\/Capitaneria-Guardia-costiera.jpg\",\"width\":1600,\"height\":900},{\"@type\":\"BreadcrumbList\",\"@id\":\"https:\/\/progettotouring.it\/radiotouring104\/2023\/02\/17\/ordigni-bellici-in-mare-nel-vibonese-avviata-rimozione\/#breadcrumb\",\"itemListElement\":[{\"@type\":\"ListItem\",\"position\":1,\"name\":\"Home\",\"item\":\"https:\/\/progettotouring.it\/radiotouring104\/\"},{\"@type\":\"ListItem\",\"position\":2,\"name\":\"Ordigni bellici in mare nel vibonese, avviata rimozione\"}]},{\"@type\":\"WebSite\",\"@id\":\"https:\/\/progettotouring.it\/radiotouring104\/#website\",\"url\":\"https:\/\/progettotouring.it\/radiotouring104\/\",\"name\":\"Radio Touring 104\",\"description\":\"La prima radio Reggina\",\"publisher\":{\"@id\":\"https:\/\/progettotouring.it\/radiotouring104\/#organization\"},\"potentialAction\":[{\"@type\":\"SearchAction\",\"target\":{\"@type\":\"EntryPoint\",\"urlTemplate\":\"https:\/\/progettotouring.it\/radiotouring104\/?s={search_term_string}\"},\"query-input\":{\"@type\":\"PropertyValueSpecification\",\"valueRequired\":true,\"valueName\":\"search_term_string\"}}],\"inLanguage\":\"it-IT\"},{\"@type\":\"Organization\",\"@id\":\"https:\/\/progettotouring.it\/radiotouring104\/#organization\",\"name\":\"Radio Touring 104\",\"url\":\"https:\/\/progettotouring.it\/radiotouring104\/\",\"logo\":{\"@type\":\"ImageObject\",\"inLanguage\":\"it-IT\",\"@id\":\"https:\/\/progettotouring.it\/radiotouring104\/#\/schema\/logo\/image\/\",\"url\":\"https:\/\/progettotouring.it\/radiotouring104\/wp-content\/uploads\/sites\/6\/2022\/02\/cropped-logo-radio-touring-104.png\",\"contentUrl\":\"https:\/\/progettotouring.it\/radiotouring104\/wp-content\/uploads\/sites\/6\/2022\/02\/cropped-logo-radio-touring-104.png\",\"width\":377,\"height\":182,\"caption\":\"Radio Touring 104\"},\"image\":{\"@id\":\"https:\/\/progettotouring.it\/radiotouring104\/#\/schema\/logo\/image\/\"}},{\"@type\":\"Person\",\"@id\":\"https:\/\/progettotouring.it\/radiotouring104\/#\/schema\/person\/78613917f1851f041f7483f5af1d422e\",\"name\":\"Sebastiano Plutino\",\"image\":{\"@type\":\"ImageObject\",\"inLanguage\":\"it-IT\",\"@id\":\"https:\/\/secure.gravatar.com\/avatar\/0546ffaa9b79224faf9f2a156b67a529ae861d3287c66c1d8ccfdf909bcba78d?s=96&d=mm&r=g\",\"url\":\"https:\/\/secure.gravatar.com\/avatar\/0546ffaa9b79224faf9f2a156b67a529ae861d3287c66c1d8ccfdf909bcba78d?s=96&d=mm&r=g\",\"contentUrl\":\"https:\/\/secure.gravatar.com\/avatar\/0546ffaa9b79224faf9f2a156b67a529ae861d3287c66c1d8ccfdf909bcba78d?s=96&d=mm&r=g\",\"caption\":\"Sebastiano Plutino\"},\"url\":\"https:\/\/progettotouring.it\/radiotouring104\/author\/sebastiano\/\"}]}<\/script>\n<!-- \/ Yoast SEO plugin. -->","yoast_head_json":{"title":"Ordigni bellici in mare nel vibonese, avviata rimozione","description":"Iniziate stamattina le operazioni di rimozione e brillamento degli ordigni bellici scoperti in mare nel centro di Nicotera Marina","robots":{"index":"index","follow":"follow","max-snippet":"max-snippet:-1","max-image-preview":"max-image-preview:large","max-video-preview":"max-video-preview:-1"},"canonical":"https:\/\/progettotouring.it\/radiotouring104\/2023\/02\/17\/ordigni-bellici-in-mare-nel-vibonese-avviata-rimozione\/","og_locale":"it_IT","og_type":"article","og_title":"Ordigni bellici in mare nel vibonese, avviata rimozione","og_description":"Iniziate stamattina le operazioni di rimozione e brillamento degli ordigni bellici scoperti in mare nel centro di Nicotera Marina","og_url":"https:\/\/progettotouring.it\/radiotouring104\/2023\/02\/17\/ordigni-bellici-in-mare-nel-vibonese-avviata-rimozione\/","og_site_name":"Radio Touring 104","article_published_time":"2023-02-17T09:42:46+00:00","article_modified_time":"2023-02-17T09:42:54+00:00","og_image":[{"width":1600,"height":900,"url":"https:\/\/progettotouring.it\/radiotouring104\/wp-content\/uploads\/sites\/6\/2023\/02\/Capitaneria-Guardia-costiera.jpg","type":"image\/jpeg"}],"author":"Sebastiano Plutino","twitter_card":"summary_large_image","twitter_misc":{"Scritto da":"Sebastiano Plutino","Tempo di lettura stimato":"1 minuto"},"schema":{"@context":"https:\/\/schema.org","@graph":[{"@type":"Article","@id":"https:\/\/progettotouring.it\/radiotouring104\/2023\/02\/17\/ordigni-bellici-in-mare-nel-vibonese-avviata-rimozione\/#article","isPartOf":{"@id":"https:\/\/progettotouring.it\/radiotouring104\/2023\/02\/17\/ordigni-bellici-in-mare-nel-vibonese-avviata-rimozione\/"},"author":{"name":"Sebastiano Plutino","@id":"https:\/\/progettotouring.it\/radiotouring104\/#\/schema\/person\/78613917f1851f041f7483f5af1d422e"},"headline":"Ordigni bellici in mare nel vibonese, avviata rimozione","datePublished":"2023-02-17T09:42:46+00:00","dateModified":"2023-02-17T09:42:54+00:00","mainEntityOfPage":{"@id":"https:\/\/progettotouring.it\/radiotouring104\/2023\/02\/17\/ordigni-bellici-in-mare-nel-vibonese-avviata-rimozione\/"},"wordCount":172,"commentCount":0,"publisher":{"@id":"https:\/\/progettotouring.it\/radiotouring104\/#organization"},"image":{"@id":"https:\/\/progettotouring.it\/radiotouring104\/2023\/02\/17\/ordigni-bellici-in-mare-nel-vibonese-avviata-rimozione\/#primaryimage"},"thumbnailUrl":"https:\/\/progettotouring.it\/radiotouring104\/wp-content\/uploads\/sites\/6\/2023\/02\/Capitaneria-Guardia-costiera.jpg","keywords":["Capitaneria di porto di Vibo Valentia Marina","Nicotera Marina","operazioni di rimozione e brillamento degli ordigni bellici","ordigni bellici scoperti in mare"],"articleSection":["Calabria","Home","News"],"inLanguage":"it-IT","potentialAction":[{"@type":"CommentAction","name":"Comment","target":["https:\/\/progettotouring.it\/radiotouring104\/2023\/02\/17\/ordigni-bellici-in-mare-nel-vibonese-avviata-rimozione\/#respond"]}]},{"@type":"WebPage","@id":"https:\/\/progettotouring.it\/radiotouring104\/2023\/02\/17\/ordigni-bellici-in-mare-nel-vibonese-avviata-rimozione\/","url":"https:\/\/progettotouring.it\/radiotouring104\/2023\/02\/17\/ordigni-bellici-in-mare-nel-vibonese-avviata-rimozione\/","name":"Ordigni bellici in mare nel vibonese, avviata rimozione","isPartOf":{"@id":"https:\/\/progettotouring.it\/radiotouring104\/#website"},"primaryImageOfPage":{"@id":"https:\/\/progettotouring.it\/radiotouring104\/2023\/02\/17\/ordigni-bellici-in-mare-nel-vibonese-avviata-rimozione\/#primaryimage"},"image":{"@id":"https:\/\/progettotouring.it\/radiotouring104\/2023\/02\/17\/ordigni-bellici-in-mare-nel-vibonese-avviata-rimozione\/#primaryimage"},"thumbnailUrl":"https:\/\/progettotouring.it\/radiotouring104\/wp-content\/uploads\/sites\/6\/2023\/02\/Capitaneria-Guardia-costiera.jpg","datePublished":"2023-02-17T09:42:46+00:00","dateModified":"2023-02-17T09:42:54+00:00","description":"Iniziate stamattina le operazioni di rimozione e brillamento degli ordigni bellici scoperti in mare nel centro di Nicotera Marina","breadcrumb":{"@id":"https:\/\/progettotouring.it\/radiotouring104\/2023\/02\/17\/ordigni-bellici-in-mare-nel-vibonese-avviata-rimozione\/#breadcrumb"},"inLanguage":"it-IT","potentialAction":[{"@type":"ReadAction","target":["https:\/\/progettotouring.it\/radiotouring104\/2023\/02\/17\/ordigni-bellici-in-mare-nel-vibonese-avviata-rimozione\/"]}]},{"@type":"ImageObject","inLanguage":"it-IT","@id":"https:\/\/progettotouring.it\/radiotouring104\/2023\/02\/17\/ordigni-bellici-in-mare-nel-vibonese-avviata-rimozione\/#primaryimage","url":"https:\/\/progettotouring.it\/radiotouring104\/wp-content\/uploads\/sites\/6\/2023\/02\/Capitaneria-Guardia-costiera.jpg","contentUrl":"https:\/\/progettotouring.it\/radiotouring104\/wp-content\/uploads\/sites\/6\/2023\/02\/Capitaneria-Guardia-costiera.jpg","width":1600,"height":900},{"@type":"BreadcrumbList","@id":"https:\/\/progettotouring.it\/radiotouring104\/2023\/02\/17\/ordigni-bellici-in-mare-nel-vibonese-avviata-rimozione\/#breadcrumb","itemListElement":[{"@type":"ListItem","position":1,"name":"Home","item":"https:\/\/progettotouring.it\/radiotouring104\/"},{"@type":"ListItem","position":2,"name":"Ordigni bellici in mare nel vibonese, avviata rimozione"}]},{"@type":"WebSite","@id":"https:\/\/progettotouring.it\/radiotouring104\/#website","url":"https:\/\/progettotouring.it\/radiotouring104\/","name":"Radio Touring 104","description":"La prima radio Reggina","publisher":{"@id":"https:\/\/progettotouring.it\/radiotouring104\/#organization"},"potentialAction":[{"@type":"SearchAction","target":{"@type":"EntryPoint","urlTemplate":"https:\/\/progettotouring.it\/radiotouring104\/?s={search_term_string}"},"query-input":{"@type":"PropertyValueSpecification","valueRequired":true,"valueName":"search_term_string"}}],"inLanguage":"it-IT"},{"@type":"Organization","@id":"https:\/\/progettotouring.it\/radiotouring104\/#organization","name":"Radio Touring 104","url":"https:\/\/progettotouring.it\/radiotouring104\/","logo":{"@type":"ImageObject","inLanguage":"it-IT","@id":"https:\/\/progettotouring.it\/radiotouring104\/#\/schema\/logo\/image\/","url":"https:\/\/progettotouring.it\/radiotouring104\/wp-content\/uploads\/sites\/6\/2022\/02\/cropped-logo-radio-touring-104.png","contentUrl":"https:\/\/progettotouring.it\/radiotouring104\/wp-content\/uploads\/sites\/6\/2022\/02\/cropped-logo-radio-touring-104.png","width":377,"height":182,"caption":"Radio Touring 104"},"image":{"@id":"https:\/\/progettotouring.it\/radiotouring104\/#\/schema\/logo\/image\/"}},{"@type":"Person","@id":"https:\/\/progettotouring.it\/radiotouring104\/#\/schema\/person\/78613917f1851f041f7483f5af1d422e","name":"Sebastiano Plutino","image":{"@type":"ImageObject","inLanguage":"it-IT","@id":"https:\/\/secure.gravatar.com\/avatar\/0546ffaa9b79224faf9f2a156b67a529ae861d3287c66c1d8ccfdf909bcba78d?s=96&d=mm&r=g","url":"https:\/\/secure.gravatar.com\/avatar\/0546ffaa9b79224faf9f2a156b67a529ae861d3287c66c1d8ccfdf909bcba78d?s=96&d=mm&r=g","contentUrl":"https:\/\/secure.gravatar.com\/avatar\/0546ffaa9b79224faf9f2a156b67a529ae861d3287c66c1d8ccfdf909bcba78d?s=96&d=mm&r=g","caption":"Sebastiano Plutino"},"url":"https:\/\/progettotouring.it\/radiotouring104\/author\/sebastiano\/"}]}},"jetpack_publicize_connections":[],"jetpack_featured_media_url":"https:\/\/progettotouring.it\/radiotouring104\/wp-content\/uploads\/sites\/6\/2023\/02\/Capitaneria-Guardia-costiera.jpg","jetpack_sharing_enabled":true,"_links":{"self":[{"href":"https:\/\/progettotouring.it\/radiotouring104\/wp-json\/wp\/v2\/posts\/19111","targetHints":{"allow":["GET"]}}],"collection":[{"href":"https:\/\/progettotouring.it\/radiotouring104\/wp-json\/wp\/v2\/posts"}],"about":[{"href":"https:\/\/progettotouring.it\/radiotouring104\/wp-json\/wp\/v2\/types\/post"}],"author":[{"embeddable":true,"href":"https:\/\/progettotouring.it\/radiotouring104\/wp-json\/wp\/v2\/users\/12"}],"replies":[{"embeddable":true,"href":"https:\/\/progettotouring.it\/radiotouring104\/wp-json\/wp\/v2\/comments?post=19111"}],"version-history":[{"count":1,"href":"https:\/\/progettotouring.it\/radiotouring104\/wp-json\/wp\/v2\/posts\/19111\/revisions"}],"predecessor-version":[{"id":19118,"href":"https:\/\/progettotouring.it\/radiotouring104\/wp-json\/wp\/v2\/posts\/19111\/revisions\/19118"}],"wp:featuredmedia":[{"embeddable":true,"href":"https:\/\/progettotouring.it\/radiotouring104\/wp-json\/wp\/v2\/media\/19117"}],"wp:attachment":[{"href":"https:\/\/progettotouring.it\/radiotouring104\/wp-json\/wp\/v2\/media?parent=19111"}],"wp:term":[{"taxonomy":"category","embeddable":true,"href":"https:\/\/progettotouring.it\/radiotouring104\/wp-json\/wp\/v2\/categories?post=19111"},{"taxonomy":"post_tag","embeddable":true,"href":"https:\/\/progettotouring.it\/radiotouring104\/wp-json\/wp\/v2\/tags?post=19111"}],"curies":[{"name":"wp","href":"https:\/\/api.w.org\/{rel}","templated":true}]}}