{"id":19115,"date":"2023-02-17T10:46:31","date_gmt":"2023-02-17T09:46:31","guid":{"rendered":"https:\/\/progettotouring.it\/radiotouring104\/?p=19115"},"modified":"2023-02-17T10:46:42","modified_gmt":"2023-02-17T09:46:42","slug":"i-linkin-park-a-ventanni-dalla-pubblicazione-celebrano-meteora-e-chester-bennington","status":"publish","type":"post","link":"https:\/\/progettotouring.it\/radiotouring104\/2023\/02\/17\/i-linkin-park-a-ventanni-dalla-pubblicazione-celebrano-meteora-e-chester-bennington\/","title":{"rendered":"I Linkin Park a vent\u2019anni dalla pubblicazione celebrano \u201cMeteora\u201d e Chester Bennington"},"content":{"rendered":"<p>Come una foto che si \u00e8 dimenticati di sviluppare, questo rappresenta per i Linkin Park il brano \u201cLost\u201d. In occasione della riedizione per il ventennale dell\u2019album \u201cMeteora\u201d, successo internazionale di grandissimo spessore artistico ed emozionale, i Linkin Park celebrano le proprie origini ricordando l\u2019amico prima che cantante Chester Bennington. Il nuovo brano, che all\u2019epoca era stato gi\u00e0 completato e mixato, \u00e8 stato ritrovato durante le ricerche del materiale musicale che avrebbe dovuto comporre la ri-edizione di \u201cMeteora\u201d ed \u00e8 stata una sorpresa per tutti i componenti della band, in testa Mike Shinoda, una delle maggiori personalit\u00e0 del gruppo losangelino insieme a Chester. Cos\u00ec oltre a donare ai fan un altro pezzo postumo con la voce del vocalist storico, ci sar\u00e0 spazio anche per altri pezzi inediti che hanno visto la luce ben vent\u2019anni fa, ed ora potranno essere conosciuti dal grande pubblico.<\/p>\n<p>\u201cLost\u201d ha in s\u00e9 tutta l\u2019energia dei primi Linkin Park, che rappresentarono una boccata d\u2019aria fresca al loro esordio nel 2000 con \u201cHybrid Theory\u201d, che risulta tutt\u2019ora uno dei pi\u00f9 grandi album d\u2019esordio del Ventunesimo secolo, seguito da un altro grande album: \u201cMeteora\u201d e che quest\u2019anno verr\u00e0 omaggiato come si deve, anche per ricordare un\u2019epoca di sperimentazioni ancora al di fuori delle imposizioni del circo musicale odierno. Il videoclip che accompagna l\u2019inedito, utilizza delle lenti AI per re-immaginare l\u2019intimit\u00e0 della band, ma anche la loro grande eredit\u00e0. All\u2019epoca dell\u2019esordio del secondo album dei Linkin Park, (5 marzo 2003) la band conferm\u00f2 gli esordi, classificandosi al primo posto della Billboard top 200, ottenendo 7 dischi di Platino solo negli Stati Uniti ed ottenendone altri 15 compresi quelli d\u2019Oro nel resto del Mondo.<\/p>\n<p>L\u2019album vendette 27 milioni di copie, ed ora con lo streaming per il solo brano \u201cNumb\u201d ha raggiunto il miliardo di ascolti su Spotify e quasi 2 miliardi su Youtube. Quello della band di Los Angeles ha rappresentato negli ultimi vent\u2019anni qualcosa di difficilmente quantificabile sia a livello commerciale che emozionale, anche per questo si sono consacrati nell\u2019albo della grande musica di tutti i tempi.<\/p>\n<p>&nbsp;<\/p>\n","protected":false},"excerpt":{"rendered":"<p>Come una foto che si \u00e8 dimenticati di sviluppare, questo rappresenta per i Linkin Park il brano \u201cLost\u201d. In occasione della riedizione per il ventennale dell\u2019album \u201cMeteora\u201d, successo internazionale di&hellip;<\/p>\n","protected":false},"author":15,"featured_media":19116,"comment_status":"open","ping_status":"open","sticky":false,"template":"","format":"standard","meta":{"_jetpack_memberships_contains_paid_content":false,"footnotes":"","jetpack_publicize_message":"","jetpack_publicize_feature_enabled":true,"jetpack_social_post_already_shared":false,"jetpack_social_options":{"image_generator_settings":{"template":"highway","default_image_id":0,"font":"","enabled":false},"version":2}},"categories":[146,196],"tags":[],"class_list":["post-19115","post","type-post","status-publish","format-standard","has-post-thumbnail","hentry","category-musica","category-news"],"yoast_head":"<!-- This site is optimized with the Yoast SEO plugin v27.2 - https:\/\/yoast.com\/product\/yoast-seo-wordpress\/ -->\n<title>I Linkin Park a vent\u2019anni dalla pubblicazione celebrano \u201cMeteora\u201d e Chester Bennington - Radio Touring 104<\/title>\n<meta name=\"robots\" content=\"index, follow, max-snippet:-1, max-image-preview:large, max-video-preview:-1\" \/>\n<link rel=\"canonical\" href=\"https:\/\/progettotouring.it\/radiotouring104\/2023\/02\/17\/i-linkin-park-a-ventanni-dalla-pubblicazione-celebrano-meteora-e-chester-bennington\/\" \/>\n<meta property=\"og:locale\" content=\"it_IT\" \/>\n<meta property=\"og:type\" content=\"article\" \/>\n<meta property=\"og:title\" content=\"I Linkin Park a vent\u2019anni dalla pubblicazione celebrano \u201cMeteora\u201d e Chester Bennington - Radio Touring 104\" \/>\n<meta property=\"og:description\" content=\"Come una foto che si \u00e8 dimenticati di sviluppare, questo rappresenta per i Linkin Park il brano \u201cLost\u201d. In occasione della riedizione per il ventennale dell\u2019album \u201cMeteora\u201d, successo internazionale di&hellip;\" \/>\n<meta property=\"og:url\" content=\"https:\/\/progettotouring.it\/radiotouring104\/2023\/02\/17\/i-linkin-park-a-ventanni-dalla-pubblicazione-celebrano-meteora-e-chester-bennington\/\" \/>\n<meta property=\"og:site_name\" content=\"Radio Touring 104\" \/>\n<meta property=\"article:published_time\" content=\"2023-02-17T09:46:31+00:00\" \/>\n<meta property=\"article:modified_time\" content=\"2023-02-17T09:46:42+00:00\" \/>\n<meta property=\"og:image\" content=\"https:\/\/progettotouring.it\/radiotouring104\/wp-content\/uploads\/sites\/6\/2023\/02\/linkin-park-scaled.jpg\" \/>\n\t<meta property=\"og:image:width\" content=\"2560\" \/>\n\t<meta property=\"og:image:height\" content=\"2560\" \/>\n\t<meta property=\"og:image:type\" content=\"image\/jpeg\" \/>\n<meta name=\"author\" content=\"Pierluigi Gabriele\" \/>\n<meta name=\"twitter:card\" content=\"summary_large_image\" \/>\n<meta name=\"twitter:label1\" content=\"Scritto da\" \/>\n\t<meta name=\"twitter:data1\" content=\"Pierluigi Gabriele\" \/>\n\t<meta name=\"twitter:label2\" content=\"Tempo di lettura stimato\" \/>\n\t<meta name=\"twitter:data2\" content=\"2 minuti\" \/>\n<script type=\"application\/ld+json\" class=\"yoast-schema-graph\">{\"@context\":\"https:\/\/schema.org\",\"@graph\":[{\"@type\":\"Article\",\"@id\":\"https:\/\/progettotouring.it\/radiotouring104\/2023\/02\/17\/i-linkin-park-a-ventanni-dalla-pubblicazione-celebrano-meteora-e-chester-bennington\/#article\",\"isPartOf\":{\"@id\":\"https:\/\/progettotouring.it\/radiotouring104\/2023\/02\/17\/i-linkin-park-a-ventanni-dalla-pubblicazione-celebrano-meteora-e-chester-bennington\/\"},\"author\":{\"name\":\"Pierluigi Gabriele\",\"@id\":\"https:\/\/progettotouring.it\/radiotouring104\/#\/schema\/person\/dca091376c687583fbb80cd5f392d83d\"},\"headline\":\"I Linkin Park a vent\u2019anni dalla pubblicazione celebrano \u201cMeteora\u201d e Chester Bennington\",\"datePublished\":\"2023-02-17T09:46:31+00:00\",\"dateModified\":\"2023-02-17T09:46:42+00:00\",\"mainEntityOfPage\":{\"@id\":\"https:\/\/progettotouring.it\/radiotouring104\/2023\/02\/17\/i-linkin-park-a-ventanni-dalla-pubblicazione-celebrano-meteora-e-chester-bennington\/\"},\"wordCount\":359,\"commentCount\":0,\"publisher\":{\"@id\":\"https:\/\/progettotouring.it\/radiotouring104\/#organization\"},\"image\":{\"@id\":\"https:\/\/progettotouring.it\/radiotouring104\/2023\/02\/17\/i-linkin-park-a-ventanni-dalla-pubblicazione-celebrano-meteora-e-chester-bennington\/#primaryimage\"},\"thumbnailUrl\":\"https:\/\/progettotouring.it\/radiotouring104\/wp-content\/uploads\/sites\/6\/2023\/02\/linkin-park-scaled.jpg\",\"articleSection\":[\"Musica\",\"News\"],\"inLanguage\":\"it-IT\",\"potentialAction\":[{\"@type\":\"CommentAction\",\"name\":\"Comment\",\"target\":[\"https:\/\/progettotouring.it\/radiotouring104\/2023\/02\/17\/i-linkin-park-a-ventanni-dalla-pubblicazione-celebrano-meteora-e-chester-bennington\/#respond\"]}]},{\"@type\":\"WebPage\",\"@id\":\"https:\/\/progettotouring.it\/radiotouring104\/2023\/02\/17\/i-linkin-park-a-ventanni-dalla-pubblicazione-celebrano-meteora-e-chester-bennington\/\",\"url\":\"https:\/\/progettotouring.it\/radiotouring104\/2023\/02\/17\/i-linkin-park-a-ventanni-dalla-pubblicazione-celebrano-meteora-e-chester-bennington\/\",\"name\":\"I Linkin Park a vent\u2019anni dalla pubblicazione celebrano \u201cMeteora\u201d e Chester Bennington - Radio Touring 104\",\"isPartOf\":{\"@id\":\"https:\/\/progettotouring.it\/radiotouring104\/#website\"},\"primaryImageOfPage\":{\"@id\":\"https:\/\/progettotouring.it\/radiotouring104\/2023\/02\/17\/i-linkin-park-a-ventanni-dalla-pubblicazione-celebrano-meteora-e-chester-bennington\/#primaryimage\"},\"image\":{\"@id\":\"https:\/\/progettotouring.it\/radiotouring104\/2023\/02\/17\/i-linkin-park-a-ventanni-dalla-pubblicazione-celebrano-meteora-e-chester-bennington\/#primaryimage\"},\"thumbnailUrl\":\"https:\/\/progettotouring.it\/radiotouring104\/wp-content\/uploads\/sites\/6\/2023\/02\/linkin-park-scaled.jpg\",\"datePublished\":\"2023-02-17T09:46:31+00:00\",\"dateModified\":\"2023-02-17T09:46:42+00:00\",\"breadcrumb\":{\"@id\":\"https:\/\/progettotouring.it\/radiotouring104\/2023\/02\/17\/i-linkin-park-a-ventanni-dalla-pubblicazione-celebrano-meteora-e-chester-bennington\/#breadcrumb\"},\"inLanguage\":\"it-IT\",\"potentialAction\":[{\"@type\":\"ReadAction\",\"target\":[\"https:\/\/progettotouring.it\/radiotouring104\/2023\/02\/17\/i-linkin-park-a-ventanni-dalla-pubblicazione-celebrano-meteora-e-chester-bennington\/\"]}]},{\"@type\":\"ImageObject\",\"inLanguage\":\"it-IT\",\"@id\":\"https:\/\/progettotouring.it\/radiotouring104\/2023\/02\/17\/i-linkin-park-a-ventanni-dalla-pubblicazione-celebrano-meteora-e-chester-bennington\/#primaryimage\",\"url\":\"https:\/\/progettotouring.it\/radiotouring104\/wp-content\/uploads\/sites\/6\/2023\/02\/linkin-park-scaled.jpg\",\"contentUrl\":\"https:\/\/progettotouring.it\/radiotouring104\/wp-content\/uploads\/sites\/6\/2023\/02\/linkin-park-scaled.jpg\",\"width\":2560,\"height\":2560},{\"@type\":\"BreadcrumbList\",\"@id\":\"https:\/\/progettotouring.it\/radiotouring104\/2023\/02\/17\/i-linkin-park-a-ventanni-dalla-pubblicazione-celebrano-meteora-e-chester-bennington\/#breadcrumb\",\"itemListElement\":[{\"@type\":\"ListItem\",\"position\":1,\"name\":\"Home\",\"item\":\"https:\/\/progettotouring.it\/radiotouring104\/\"},{\"@type\":\"ListItem\",\"position\":2,\"name\":\"I Linkin Park a vent\u2019anni dalla pubblicazione celebrano \u201cMeteora\u201d e Chester Bennington\"}]},{\"@type\":\"WebSite\",\"@id\":\"https:\/\/progettotouring.it\/radiotouring104\/#website\",\"url\":\"https:\/\/progettotouring.it\/radiotouring104\/\",\"name\":\"Radio Touring 104\",\"description\":\"La prima radio Reggina\",\"publisher\":{\"@id\":\"https:\/\/progettotouring.it\/radiotouring104\/#organization\"},\"potentialAction\":[{\"@type\":\"SearchAction\",\"target\":{\"@type\":\"EntryPoint\",\"urlTemplate\":\"https:\/\/progettotouring.it\/radiotouring104\/?s={search_term_string}\"},\"query-input\":{\"@type\":\"PropertyValueSpecification\",\"valueRequired\":true,\"valueName\":\"search_term_string\"}}],\"inLanguage\":\"it-IT\"},{\"@type\":\"Organization\",\"@id\":\"https:\/\/progettotouring.it\/radiotouring104\/#organization\",\"name\":\"Radio Touring 104\",\"url\":\"https:\/\/progettotouring.it\/radiotouring104\/\",\"logo\":{\"@type\":\"ImageObject\",\"inLanguage\":\"it-IT\",\"@id\":\"https:\/\/progettotouring.it\/radiotouring104\/#\/schema\/logo\/image\/\",\"url\":\"https:\/\/progettotouring.it\/radiotouring104\/wp-content\/uploads\/sites\/6\/2022\/02\/cropped-logo-radio-touring-104.png\",\"contentUrl\":\"https:\/\/progettotouring.it\/radiotouring104\/wp-content\/uploads\/sites\/6\/2022\/02\/cropped-logo-radio-touring-104.png\",\"width\":377,\"height\":182,\"caption\":\"Radio Touring 104\"},\"image\":{\"@id\":\"https:\/\/progettotouring.it\/radiotouring104\/#\/schema\/logo\/image\/\"}},{\"@type\":\"Person\",\"@id\":\"https:\/\/progettotouring.it\/radiotouring104\/#\/schema\/person\/dca091376c687583fbb80cd5f392d83d\",\"name\":\"Pierluigi Gabriele\",\"image\":{\"@type\":\"ImageObject\",\"inLanguage\":\"it-IT\",\"@id\":\"https:\/\/secure.gravatar.com\/avatar\/465af0823c52e453f066f8535f81671ccb9fd93959f479d1da1fb3fbe58dcbc1?s=96&d=mm&r=g\",\"url\":\"https:\/\/secure.gravatar.com\/avatar\/465af0823c52e453f066f8535f81671ccb9fd93959f479d1da1fb3fbe58dcbc1?s=96&d=mm&r=g\",\"contentUrl\":\"https:\/\/secure.gravatar.com\/avatar\/465af0823c52e453f066f8535f81671ccb9fd93959f479d1da1fb3fbe58dcbc1?s=96&d=mm&r=g\",\"caption\":\"Pierluigi Gabriele\"},\"url\":\"https:\/\/progettotouring.it\/radiotouring104\/author\/pierluigigabriele\/\"}]}<\/script>\n<!-- \/ Yoast SEO plugin. -->","yoast_head_json":{"title":"I Linkin Park a vent\u2019anni dalla pubblicazione celebrano \u201cMeteora\u201d e Chester Bennington - Radio Touring 104","robots":{"index":"index","follow":"follow","max-snippet":"max-snippet:-1","max-image-preview":"max-image-preview:large","max-video-preview":"max-video-preview:-1"},"canonical":"https:\/\/progettotouring.it\/radiotouring104\/2023\/02\/17\/i-linkin-park-a-ventanni-dalla-pubblicazione-celebrano-meteora-e-chester-bennington\/","og_locale":"it_IT","og_type":"article","og_title":"I Linkin Park a vent\u2019anni dalla pubblicazione celebrano \u201cMeteora\u201d e Chester Bennington - Radio Touring 104","og_description":"Come una foto che si \u00e8 dimenticati di sviluppare, questo rappresenta per i Linkin Park il brano \u201cLost\u201d. In occasione della riedizione per il ventennale dell\u2019album \u201cMeteora\u201d, successo internazionale di&hellip;","og_url":"https:\/\/progettotouring.it\/radiotouring104\/2023\/02\/17\/i-linkin-park-a-ventanni-dalla-pubblicazione-celebrano-meteora-e-chester-bennington\/","og_site_name":"Radio Touring 104","article_published_time":"2023-02-17T09:46:31+00:00","article_modified_time":"2023-02-17T09:46:42+00:00","og_image":[{"width":2560,"height":2560,"url":"https:\/\/progettotouring.it\/radiotouring104\/wp-content\/uploads\/sites\/6\/2023\/02\/linkin-park-scaled.jpg","type":"image\/jpeg"}],"author":"Pierluigi Gabriele","twitter_card":"summary_large_image","twitter_misc":{"Scritto da":"Pierluigi Gabriele","Tempo di lettura stimato":"2 minuti"},"schema":{"@context":"https:\/\/schema.org","@graph":[{"@type":"Article","@id":"https:\/\/progettotouring.it\/radiotouring104\/2023\/02\/17\/i-linkin-park-a-ventanni-dalla-pubblicazione-celebrano-meteora-e-chester-bennington\/#article","isPartOf":{"@id":"https:\/\/progettotouring.it\/radiotouring104\/2023\/02\/17\/i-linkin-park-a-ventanni-dalla-pubblicazione-celebrano-meteora-e-chester-bennington\/"},"author":{"name":"Pierluigi Gabriele","@id":"https:\/\/progettotouring.it\/radiotouring104\/#\/schema\/person\/dca091376c687583fbb80cd5f392d83d"},"headline":"I Linkin Park a vent\u2019anni dalla pubblicazione celebrano \u201cMeteora\u201d e Chester Bennington","datePublished":"2023-02-17T09:46:31+00:00","dateModified":"2023-02-17T09:46:42+00:00","mainEntityOfPage":{"@id":"https:\/\/progettotouring.it\/radiotouring104\/2023\/02\/17\/i-linkin-park-a-ventanni-dalla-pubblicazione-celebrano-meteora-e-chester-bennington\/"},"wordCount":359,"commentCount":0,"publisher":{"@id":"https:\/\/progettotouring.it\/radiotouring104\/#organization"},"image":{"@id":"https:\/\/progettotouring.it\/radiotouring104\/2023\/02\/17\/i-linkin-park-a-ventanni-dalla-pubblicazione-celebrano-meteora-e-chester-bennington\/#primaryimage"},"thumbnailUrl":"https:\/\/progettotouring.it\/radiotouring104\/wp-content\/uploads\/sites\/6\/2023\/02\/linkin-park-scaled.jpg","articleSection":["Musica","News"],"inLanguage":"it-IT","potentialAction":[{"@type":"CommentAction","name":"Comment","target":["https:\/\/progettotouring.it\/radiotouring104\/2023\/02\/17\/i-linkin-park-a-ventanni-dalla-pubblicazione-celebrano-meteora-e-chester-bennington\/#respond"]}]},{"@type":"WebPage","@id":"https:\/\/progettotouring.it\/radiotouring104\/2023\/02\/17\/i-linkin-park-a-ventanni-dalla-pubblicazione-celebrano-meteora-e-chester-bennington\/","url":"https:\/\/progettotouring.it\/radiotouring104\/2023\/02\/17\/i-linkin-park-a-ventanni-dalla-pubblicazione-celebrano-meteora-e-chester-bennington\/","name":"I Linkin Park a vent\u2019anni dalla pubblicazione celebrano \u201cMeteora\u201d e Chester Bennington - Radio Touring 104","isPartOf":{"@id":"https:\/\/progettotouring.it\/radiotouring104\/#website"},"primaryImageOfPage":{"@id":"https:\/\/progettotouring.it\/radiotouring104\/2023\/02\/17\/i-linkin-park-a-ventanni-dalla-pubblicazione-celebrano-meteora-e-chester-bennington\/#primaryimage"},"image":{"@id":"https:\/\/progettotouring.it\/radiotouring104\/2023\/02\/17\/i-linkin-park-a-ventanni-dalla-pubblicazione-celebrano-meteora-e-chester-bennington\/#primaryimage"},"thumbnailUrl":"https:\/\/progettotouring.it\/radiotouring104\/wp-content\/uploads\/sites\/6\/2023\/02\/linkin-park-scaled.jpg","datePublished":"2023-02-17T09:46:31+00:00","dateModified":"2023-02-17T09:46:42+00:00","breadcrumb":{"@id":"https:\/\/progettotouring.it\/radiotouring104\/2023\/02\/17\/i-linkin-park-a-ventanni-dalla-pubblicazione-celebrano-meteora-e-chester-bennington\/#breadcrumb"},"inLanguage":"it-IT","potentialAction":[{"@type":"ReadAction","target":["https:\/\/progettotouring.it\/radiotouring104\/2023\/02\/17\/i-linkin-park-a-ventanni-dalla-pubblicazione-celebrano-meteora-e-chester-bennington\/"]}]},{"@type":"ImageObject","inLanguage":"it-IT","@id":"https:\/\/progettotouring.it\/radiotouring104\/2023\/02\/17\/i-linkin-park-a-ventanni-dalla-pubblicazione-celebrano-meteora-e-chester-bennington\/#primaryimage","url":"https:\/\/progettotouring.it\/radiotouring104\/wp-content\/uploads\/sites\/6\/2023\/02\/linkin-park-scaled.jpg","contentUrl":"https:\/\/progettotouring.it\/radiotouring104\/wp-content\/uploads\/sites\/6\/2023\/02\/linkin-park-scaled.jpg","width":2560,"height":2560},{"@type":"BreadcrumbList","@id":"https:\/\/progettotouring.it\/radiotouring104\/2023\/02\/17\/i-linkin-park-a-ventanni-dalla-pubblicazione-celebrano-meteora-e-chester-bennington\/#breadcrumb","itemListElement":[{"@type":"ListItem","position":1,"name":"Home","item":"https:\/\/progettotouring.it\/radiotouring104\/"},{"@type":"ListItem","position":2,"name":"I Linkin Park a vent\u2019anni dalla pubblicazione celebrano \u201cMeteora\u201d e Chester Bennington"}]},{"@type":"WebSite","@id":"https:\/\/progettotouring.it\/radiotouring104\/#website","url":"https:\/\/progettotouring.it\/radiotouring104\/","name":"Radio Touring 104","description":"La prima radio Reggina","publisher":{"@id":"https:\/\/progettotouring.it\/radiotouring104\/#organization"},"potentialAction":[{"@type":"SearchAction","target":{"@type":"EntryPoint","urlTemplate":"https:\/\/progettotouring.it\/radiotouring104\/?s={search_term_string}"},"query-input":{"@type":"PropertyValueSpecification","valueRequired":true,"valueName":"search_term_string"}}],"inLanguage":"it-IT"},{"@type":"Organization","@id":"https:\/\/progettotouring.it\/radiotouring104\/#organization","name":"Radio Touring 104","url":"https:\/\/progettotouring.it\/radiotouring104\/","logo":{"@type":"ImageObject","inLanguage":"it-IT","@id":"https:\/\/progettotouring.it\/radiotouring104\/#\/schema\/logo\/image\/","url":"https:\/\/progettotouring.it\/radiotouring104\/wp-content\/uploads\/sites\/6\/2022\/02\/cropped-logo-radio-touring-104.png","contentUrl":"https:\/\/progettotouring.it\/radiotouring104\/wp-content\/uploads\/sites\/6\/2022\/02\/cropped-logo-radio-touring-104.png","width":377,"height":182,"caption":"Radio Touring 104"},"image":{"@id":"https:\/\/progettotouring.it\/radiotouring104\/#\/schema\/logo\/image\/"}},{"@type":"Person","@id":"https:\/\/progettotouring.it\/radiotouring104\/#\/schema\/person\/dca091376c687583fbb80cd5f392d83d","name":"Pierluigi Gabriele","image":{"@type":"ImageObject","inLanguage":"it-IT","@id":"https:\/\/secure.gravatar.com\/avatar\/465af0823c52e453f066f8535f81671ccb9fd93959f479d1da1fb3fbe58dcbc1?s=96&d=mm&r=g","url":"https:\/\/secure.gravatar.com\/avatar\/465af0823c52e453f066f8535f81671ccb9fd93959f479d1da1fb3fbe58dcbc1?s=96&d=mm&r=g","contentUrl":"https:\/\/secure.gravatar.com\/avatar\/465af0823c52e453f066f8535f81671ccb9fd93959f479d1da1fb3fbe58dcbc1?s=96&d=mm&r=g","caption":"Pierluigi Gabriele"},"url":"https:\/\/progettotouring.it\/radiotouring104\/author\/pierluigigabriele\/"}]}},"jetpack_publicize_connections":[],"jetpack_featured_media_url":"https:\/\/progettotouring.it\/radiotouring104\/wp-content\/uploads\/sites\/6\/2023\/02\/linkin-park-scaled.jpg","jetpack_sharing_enabled":true,"_links":{"self":[{"href":"https:\/\/progettotouring.it\/radiotouring104\/wp-json\/wp\/v2\/posts\/19115","targetHints":{"allow":["GET"]}}],"collection":[{"href":"https:\/\/progettotouring.it\/radiotouring104\/wp-json\/wp\/v2\/posts"}],"about":[{"href":"https:\/\/progettotouring.it\/radiotouring104\/wp-json\/wp\/v2\/types\/post"}],"author":[{"embeddable":true,"href":"https:\/\/progettotouring.it\/radiotouring104\/wp-json\/wp\/v2\/users\/15"}],"replies":[{"embeddable":true,"href":"https:\/\/progettotouring.it\/radiotouring104\/wp-json\/wp\/v2\/comments?post=19115"}],"version-history":[{"count":1,"href":"https:\/\/progettotouring.it\/radiotouring104\/wp-json\/wp\/v2\/posts\/19115\/revisions"}],"predecessor-version":[{"id":19120,"href":"https:\/\/progettotouring.it\/radiotouring104\/wp-json\/wp\/v2\/posts\/19115\/revisions\/19120"}],"wp:featuredmedia":[{"embeddable":true,"href":"https:\/\/progettotouring.it\/radiotouring104\/wp-json\/wp\/v2\/media\/19116"}],"wp:attachment":[{"href":"https:\/\/progettotouring.it\/radiotouring104\/wp-json\/wp\/v2\/media?parent=19115"}],"wp:term":[{"taxonomy":"category","embeddable":true,"href":"https:\/\/progettotouring.it\/radiotouring104\/wp-json\/wp\/v2\/categories?post=19115"},{"taxonomy":"post_tag","embeddable":true,"href":"https:\/\/progettotouring.it\/radiotouring104\/wp-json\/wp\/v2\/tags?post=19115"}],"curies":[{"name":"wp","href":"https:\/\/api.w.org\/{rel}","templated":true}]}}