{"id":19119,"date":"2023-02-17T10:52:19","date_gmt":"2023-02-17T09:52:19","guid":{"rendered":"https:\/\/progettotouring.it\/radiotouring104\/?p=19119"},"modified":"2023-02-17T12:19:04","modified_gmt":"2023-02-17T11:19:04","slug":"morti-in-incendio-catanzaro-alloggio-occupato-da-abusivi","status":"publish","type":"post","link":"https:\/\/progettotouring.it\/radiotouring104\/2023\/02\/17\/morti-in-incendio-catanzaro-alloggio-occupato-da-abusivi\/","title":{"rendered":"Morti in incendio Catanzaro: alloggio occupato da abusivi"},"content":{"rendered":"<p>Potrebbe allontanarsi ancora, per la famiglia Corasoniti di Catanzaro, Vitaliano, la moglie Rita Mazzei e i due figli minori superstiti Antonello e Zaira Maria, sopravvissuti al rogo della loro abitazione avvenuto ad ottobre scorso e nel quale persero la vita gli altri tre figli Saverio, di 22 anni, Aldo di 14 e Mattia di 12, la possibilit\u00e0 di avere nuovamente, a breve, una propria casa. Lo scrive la Gazzetta del Sud. L&#8217;appartamento che l&#8217;Aterp stava ristrutturando e che a breve sarebbe stato consegnato alla famiglia, i cui quattro componenti rimasero gravemente feriti nel rogo e che si sono dovuti sottoporre a mesi di cure che per alcuni di loro ancora continuano &#8211; riporta il giornale &#8211; \u00e8 stato infatti occupato da alcune persone di etnia rom. L&#8217;allarme \u00e8 scattato quando gli operai impegnati nei lavori di ristrutturazione dell&#8217;appartamento in via Caduti XVI Marzo (poco distante dall&#8217;abitazione distrutta dal rogo) hanno trovato la porta sbarrata. Secondo quanto \u00e8 stato possibile ricostruire, gli operai sarebbero stati minacciati da uno degli occupanti e &#8220;invitati&#8221; ad allontanarsi subito. Il fatto \u00e8 stato segnalato all&#8217;Agenzia regionale che si occupa dell&#8217;edilizia residenziale pubblica che ha presentato una denuncia alle forze dell&#8217;ordine. La vicenda potrebbe tuttavia complicarsi ulteriormente per la presenza all&#8217;interno del nucleo occupante anche di un minore, cosa che non consentirebbe un intervento di sgombero. Solo pochi giorni addietro la famiglia Corasoniti aveva preso temporaneamente possesso di un immobile di propriet\u00e0 della Onlus Fondazione Citt\u00e0 Solidale messo temporaneamente a loro disposizione in attesa della ristrutturazione dell&#8217;abitazione che, invece, \u00e8 stata illecitamente occupata, (ANSA).<\/p>\n","protected":false},"excerpt":{"rendered":"<p>Potrebbe allontanarsi ancora, per la famiglia Corasoniti di Catanzaro, Vitaliano, la moglie Rita Mazzei e i due figli minori superstiti Antonello e Zaira Maria, sopravvissuti al rogo della loro abitazione&hellip;<\/p>\n","protected":false},"author":12,"featured_media":11151,"comment_status":"open","ping_status":"open","sticky":false,"template":"","format":"standard","meta":{"_jetpack_memberships_contains_paid_content":false,"footnotes":"","jetpack_publicize_message":"","jetpack_publicize_feature_enabled":true,"jetpack_social_post_already_shared":false,"jetpack_social_options":{"image_generator_settings":{"template":"highway","default_image_id":0,"font":"","enabled":false},"version":2}},"categories":[142,921,196],"tags":[10133,10134,698,5144],"class_list":["post-19119","post","type-post","status-publish","format-standard","has-post-thumbnail","hentry","category-calabria","category-home","category-news","tag-aterp","tag-casa-in-ristrutturazione-da-destinare-ai-corasoniti-occupata-da-abusivi","tag-catanzaro","tag-famiglia-corasoniti"],"yoast_head":"<!-- This site is optimized with the Yoast SEO plugin v27.2 - https:\/\/yoast.com\/product\/yoast-seo-wordpress\/ -->\n<title>Morti in incendio Catanzaro: alloggio occupato da abusivi<\/title>\n<meta name=\"description\" content=\"L&#039;appartamento che l&#039;Aterp stava ristrutturando ed a breve sarebbe stato consegnato alla famiglia \u00e8 stato infatti occupato da alcune persone\" \/>\n<meta name=\"robots\" content=\"index, follow, max-snippet:-1, max-image-preview:large, max-video-preview:-1\" \/>\n<link rel=\"canonical\" href=\"https:\/\/progettotouring.it\/radiotouring104\/2023\/02\/17\/morti-in-incendio-catanzaro-alloggio-occupato-da-abusivi\/\" \/>\n<meta property=\"og:locale\" content=\"it_IT\" \/>\n<meta property=\"og:type\" content=\"article\" \/>\n<meta property=\"og:title\" content=\"Morti in incendio Catanzaro: alloggio occupato da abusivi\" \/>\n<meta property=\"og:description\" content=\"L&#039;appartamento che l&#039;Aterp stava ristrutturando ed a breve sarebbe stato consegnato alla famiglia \u00e8 stato infatti occupato da alcune persone\" \/>\n<meta property=\"og:url\" content=\"https:\/\/progettotouring.it\/radiotouring104\/2023\/02\/17\/morti-in-incendio-catanzaro-alloggio-occupato-da-abusivi\/\" \/>\n<meta property=\"og:site_name\" content=\"Radio Touring 104\" \/>\n<meta property=\"article:published_time\" content=\"2023-02-17T09:52:19+00:00\" \/>\n<meta property=\"article:modified_time\" content=\"2023-02-17T11:19:04+00:00\" \/>\n<meta property=\"og:image\" content=\"https:\/\/progettotouring.it\/radiotouring104\/wp-content\/uploads\/sites\/6\/2022\/10\/vigili-del-fuoco-generica-e1482819601316.jpg\" \/>\n\t<meta property=\"og:image:width\" content=\"448\" \/>\n\t<meta property=\"og:image:height\" content=\"217\" \/>\n\t<meta property=\"og:image:type\" content=\"image\/jpeg\" \/>\n<meta name=\"author\" content=\"Sebastiano Plutino\" \/>\n<meta name=\"twitter:card\" content=\"summary_large_image\" \/>\n<meta name=\"twitter:label1\" content=\"Scritto da\" \/>\n\t<meta name=\"twitter:data1\" content=\"Sebastiano Plutino\" \/>\n\t<meta name=\"twitter:label2\" content=\"Tempo di lettura stimato\" \/>\n\t<meta name=\"twitter:data2\" content=\"1 minuto\" \/>\n<script type=\"application\/ld+json\" class=\"yoast-schema-graph\">{\"@context\":\"https:\/\/schema.org\",\"@graph\":[{\"@type\":\"Article\",\"@id\":\"https:\/\/progettotouring.it\/radiotouring104\/2023\/02\/17\/morti-in-incendio-catanzaro-alloggio-occupato-da-abusivi\/#article\",\"isPartOf\":{\"@id\":\"https:\/\/progettotouring.it\/radiotouring104\/2023\/02\/17\/morti-in-incendio-catanzaro-alloggio-occupato-da-abusivi\/\"},\"author\":{\"name\":\"Sebastiano Plutino\",\"@id\":\"https:\/\/progettotouring.it\/radiotouring104\/#\/schema\/person\/78613917f1851f041f7483f5af1d422e\"},\"headline\":\"Morti in incendio Catanzaro: alloggio occupato da abusivi\",\"datePublished\":\"2023-02-17T09:52:19+00:00\",\"dateModified\":\"2023-02-17T11:19:04+00:00\",\"mainEntityOfPage\":{\"@id\":\"https:\/\/progettotouring.it\/radiotouring104\/2023\/02\/17\/morti-in-incendio-catanzaro-alloggio-occupato-da-abusivi\/\"},\"wordCount\":258,\"commentCount\":0,\"publisher\":{\"@id\":\"https:\/\/progettotouring.it\/radiotouring104\/#organization\"},\"image\":{\"@id\":\"https:\/\/progettotouring.it\/radiotouring104\/2023\/02\/17\/morti-in-incendio-catanzaro-alloggio-occupato-da-abusivi\/#primaryimage\"},\"thumbnailUrl\":\"https:\/\/progettotouring.it\/radiotouring104\/wp-content\/uploads\/sites\/6\/2022\/10\/vigili-del-fuoco-generica-e1482819601316.jpg\",\"keywords\":[\"Aterp\",\"casa in ristrutturazione da destinare ai Corasoniti occupata da abusivi\",\"catanzaro\",\"famiglia Corasoniti\"],\"articleSection\":[\"Calabria\",\"Home\",\"News\"],\"inLanguage\":\"it-IT\",\"potentialAction\":[{\"@type\":\"CommentAction\",\"name\":\"Comment\",\"target\":[\"https:\/\/progettotouring.it\/radiotouring104\/2023\/02\/17\/morti-in-incendio-catanzaro-alloggio-occupato-da-abusivi\/#respond\"]}]},{\"@type\":\"WebPage\",\"@id\":\"https:\/\/progettotouring.it\/radiotouring104\/2023\/02\/17\/morti-in-incendio-catanzaro-alloggio-occupato-da-abusivi\/\",\"url\":\"https:\/\/progettotouring.it\/radiotouring104\/2023\/02\/17\/morti-in-incendio-catanzaro-alloggio-occupato-da-abusivi\/\",\"name\":\"Morti in incendio Catanzaro: alloggio occupato da abusivi\",\"isPartOf\":{\"@id\":\"https:\/\/progettotouring.it\/radiotouring104\/#website\"},\"primaryImageOfPage\":{\"@id\":\"https:\/\/progettotouring.it\/radiotouring104\/2023\/02\/17\/morti-in-incendio-catanzaro-alloggio-occupato-da-abusivi\/#primaryimage\"},\"image\":{\"@id\":\"https:\/\/progettotouring.it\/radiotouring104\/2023\/02\/17\/morti-in-incendio-catanzaro-alloggio-occupato-da-abusivi\/#primaryimage\"},\"thumbnailUrl\":\"https:\/\/progettotouring.it\/radiotouring104\/wp-content\/uploads\/sites\/6\/2022\/10\/vigili-del-fuoco-generica-e1482819601316.jpg\",\"datePublished\":\"2023-02-17T09:52:19+00:00\",\"dateModified\":\"2023-02-17T11:19:04+00:00\",\"description\":\"L'appartamento che l'Aterp stava ristrutturando ed a breve sarebbe stato consegnato alla famiglia \u00e8 stato infatti occupato da alcune persone\",\"breadcrumb\":{\"@id\":\"https:\/\/progettotouring.it\/radiotouring104\/2023\/02\/17\/morti-in-incendio-catanzaro-alloggio-occupato-da-abusivi\/#breadcrumb\"},\"inLanguage\":\"it-IT\",\"potentialAction\":[{\"@type\":\"ReadAction\",\"target\":[\"https:\/\/progettotouring.it\/radiotouring104\/2023\/02\/17\/morti-in-incendio-catanzaro-alloggio-occupato-da-abusivi\/\"]}]},{\"@type\":\"ImageObject\",\"inLanguage\":\"it-IT\",\"@id\":\"https:\/\/progettotouring.it\/radiotouring104\/2023\/02\/17\/morti-in-incendio-catanzaro-alloggio-occupato-da-abusivi\/#primaryimage\",\"url\":\"https:\/\/progettotouring.it\/radiotouring104\/wp-content\/uploads\/sites\/6\/2022\/10\/vigili-del-fuoco-generica-e1482819601316.jpg\",\"contentUrl\":\"https:\/\/progettotouring.it\/radiotouring104\/wp-content\/uploads\/sites\/6\/2022\/10\/vigili-del-fuoco-generica-e1482819601316.jpg\",\"width\":448,\"height\":217},{\"@type\":\"BreadcrumbList\",\"@id\":\"https:\/\/progettotouring.it\/radiotouring104\/2023\/02\/17\/morti-in-incendio-catanzaro-alloggio-occupato-da-abusivi\/#breadcrumb\",\"itemListElement\":[{\"@type\":\"ListItem\",\"position\":1,\"name\":\"Home\",\"item\":\"https:\/\/progettotouring.it\/radiotouring104\/\"},{\"@type\":\"ListItem\",\"position\":2,\"name\":\"Morti in incendio Catanzaro: alloggio occupato da abusivi\"}]},{\"@type\":\"WebSite\",\"@id\":\"https:\/\/progettotouring.it\/radiotouring104\/#website\",\"url\":\"https:\/\/progettotouring.it\/radiotouring104\/\",\"name\":\"Radio Touring 104\",\"description\":\"La prima radio Reggina\",\"publisher\":{\"@id\":\"https:\/\/progettotouring.it\/radiotouring104\/#organization\"},\"potentialAction\":[{\"@type\":\"SearchAction\",\"target\":{\"@type\":\"EntryPoint\",\"urlTemplate\":\"https:\/\/progettotouring.it\/radiotouring104\/?s={search_term_string}\"},\"query-input\":{\"@type\":\"PropertyValueSpecification\",\"valueRequired\":true,\"valueName\":\"search_term_string\"}}],\"inLanguage\":\"it-IT\"},{\"@type\":\"Organization\",\"@id\":\"https:\/\/progettotouring.it\/radiotouring104\/#organization\",\"name\":\"Radio Touring 104\",\"url\":\"https:\/\/progettotouring.it\/radiotouring104\/\",\"logo\":{\"@type\":\"ImageObject\",\"inLanguage\":\"it-IT\",\"@id\":\"https:\/\/progettotouring.it\/radiotouring104\/#\/schema\/logo\/image\/\",\"url\":\"https:\/\/progettotouring.it\/radiotouring104\/wp-content\/uploads\/sites\/6\/2022\/02\/cropped-logo-radio-touring-104.png\",\"contentUrl\":\"https:\/\/progettotouring.it\/radiotouring104\/wp-content\/uploads\/sites\/6\/2022\/02\/cropped-logo-radio-touring-104.png\",\"width\":377,\"height\":182,\"caption\":\"Radio Touring 104\"},\"image\":{\"@id\":\"https:\/\/progettotouring.it\/radiotouring104\/#\/schema\/logo\/image\/\"}},{\"@type\":\"Person\",\"@id\":\"https:\/\/progettotouring.it\/radiotouring104\/#\/schema\/person\/78613917f1851f041f7483f5af1d422e\",\"name\":\"Sebastiano Plutino\",\"image\":{\"@type\":\"ImageObject\",\"inLanguage\":\"it-IT\",\"@id\":\"https:\/\/secure.gravatar.com\/avatar\/0546ffaa9b79224faf9f2a156b67a529ae861d3287c66c1d8ccfdf909bcba78d?s=96&d=mm&r=g\",\"url\":\"https:\/\/secure.gravatar.com\/avatar\/0546ffaa9b79224faf9f2a156b67a529ae861d3287c66c1d8ccfdf909bcba78d?s=96&d=mm&r=g\",\"contentUrl\":\"https:\/\/secure.gravatar.com\/avatar\/0546ffaa9b79224faf9f2a156b67a529ae861d3287c66c1d8ccfdf909bcba78d?s=96&d=mm&r=g\",\"caption\":\"Sebastiano Plutino\"},\"url\":\"https:\/\/progettotouring.it\/radiotouring104\/author\/sebastiano\/\"}]}<\/script>\n<!-- \/ Yoast SEO plugin. -->","yoast_head_json":{"title":"Morti in incendio Catanzaro: alloggio occupato da abusivi","description":"L'appartamento che l'Aterp stava ristrutturando ed a breve sarebbe stato consegnato alla famiglia \u00e8 stato infatti occupato da alcune persone","robots":{"index":"index","follow":"follow","max-snippet":"max-snippet:-1","max-image-preview":"max-image-preview:large","max-video-preview":"max-video-preview:-1"},"canonical":"https:\/\/progettotouring.it\/radiotouring104\/2023\/02\/17\/morti-in-incendio-catanzaro-alloggio-occupato-da-abusivi\/","og_locale":"it_IT","og_type":"article","og_title":"Morti in incendio Catanzaro: alloggio occupato da abusivi","og_description":"L'appartamento che l'Aterp stava ristrutturando ed a breve sarebbe stato consegnato alla famiglia \u00e8 stato infatti occupato da alcune persone","og_url":"https:\/\/progettotouring.it\/radiotouring104\/2023\/02\/17\/morti-in-incendio-catanzaro-alloggio-occupato-da-abusivi\/","og_site_name":"Radio Touring 104","article_published_time":"2023-02-17T09:52:19+00:00","article_modified_time":"2023-02-17T11:19:04+00:00","og_image":[{"width":448,"height":217,"url":"https:\/\/progettotouring.it\/radiotouring104\/wp-content\/uploads\/sites\/6\/2022\/10\/vigili-del-fuoco-generica-e1482819601316.jpg","type":"image\/jpeg"}],"author":"Sebastiano Plutino","twitter_card":"summary_large_image","twitter_misc":{"Scritto da":"Sebastiano Plutino","Tempo di lettura stimato":"1 minuto"},"schema":{"@context":"https:\/\/schema.org","@graph":[{"@type":"Article","@id":"https:\/\/progettotouring.it\/radiotouring104\/2023\/02\/17\/morti-in-incendio-catanzaro-alloggio-occupato-da-abusivi\/#article","isPartOf":{"@id":"https:\/\/progettotouring.it\/radiotouring104\/2023\/02\/17\/morti-in-incendio-catanzaro-alloggio-occupato-da-abusivi\/"},"author":{"name":"Sebastiano Plutino","@id":"https:\/\/progettotouring.it\/radiotouring104\/#\/schema\/person\/78613917f1851f041f7483f5af1d422e"},"headline":"Morti in incendio Catanzaro: alloggio occupato da abusivi","datePublished":"2023-02-17T09:52:19+00:00","dateModified":"2023-02-17T11:19:04+00:00","mainEntityOfPage":{"@id":"https:\/\/progettotouring.it\/radiotouring104\/2023\/02\/17\/morti-in-incendio-catanzaro-alloggio-occupato-da-abusivi\/"},"wordCount":258,"commentCount":0,"publisher":{"@id":"https:\/\/progettotouring.it\/radiotouring104\/#organization"},"image":{"@id":"https:\/\/progettotouring.it\/radiotouring104\/2023\/02\/17\/morti-in-incendio-catanzaro-alloggio-occupato-da-abusivi\/#primaryimage"},"thumbnailUrl":"https:\/\/progettotouring.it\/radiotouring104\/wp-content\/uploads\/sites\/6\/2022\/10\/vigili-del-fuoco-generica-e1482819601316.jpg","keywords":["Aterp","casa in ristrutturazione da destinare ai Corasoniti occupata da abusivi","catanzaro","famiglia Corasoniti"],"articleSection":["Calabria","Home","News"],"inLanguage":"it-IT","potentialAction":[{"@type":"CommentAction","name":"Comment","target":["https:\/\/progettotouring.it\/radiotouring104\/2023\/02\/17\/morti-in-incendio-catanzaro-alloggio-occupato-da-abusivi\/#respond"]}]},{"@type":"WebPage","@id":"https:\/\/progettotouring.it\/radiotouring104\/2023\/02\/17\/morti-in-incendio-catanzaro-alloggio-occupato-da-abusivi\/","url":"https:\/\/progettotouring.it\/radiotouring104\/2023\/02\/17\/morti-in-incendio-catanzaro-alloggio-occupato-da-abusivi\/","name":"Morti in incendio Catanzaro: alloggio occupato da abusivi","isPartOf":{"@id":"https:\/\/progettotouring.it\/radiotouring104\/#website"},"primaryImageOfPage":{"@id":"https:\/\/progettotouring.it\/radiotouring104\/2023\/02\/17\/morti-in-incendio-catanzaro-alloggio-occupato-da-abusivi\/#primaryimage"},"image":{"@id":"https:\/\/progettotouring.it\/radiotouring104\/2023\/02\/17\/morti-in-incendio-catanzaro-alloggio-occupato-da-abusivi\/#primaryimage"},"thumbnailUrl":"https:\/\/progettotouring.it\/radiotouring104\/wp-content\/uploads\/sites\/6\/2022\/10\/vigili-del-fuoco-generica-e1482819601316.jpg","datePublished":"2023-02-17T09:52:19+00:00","dateModified":"2023-02-17T11:19:04+00:00","description":"L'appartamento che l'Aterp stava ristrutturando ed a breve sarebbe stato consegnato alla famiglia \u00e8 stato infatti occupato da alcune persone","breadcrumb":{"@id":"https:\/\/progettotouring.it\/radiotouring104\/2023\/02\/17\/morti-in-incendio-catanzaro-alloggio-occupato-da-abusivi\/#breadcrumb"},"inLanguage":"it-IT","potentialAction":[{"@type":"ReadAction","target":["https:\/\/progettotouring.it\/radiotouring104\/2023\/02\/17\/morti-in-incendio-catanzaro-alloggio-occupato-da-abusivi\/"]}]},{"@type":"ImageObject","inLanguage":"it-IT","@id":"https:\/\/progettotouring.it\/radiotouring104\/2023\/02\/17\/morti-in-incendio-catanzaro-alloggio-occupato-da-abusivi\/#primaryimage","url":"https:\/\/progettotouring.it\/radiotouring104\/wp-content\/uploads\/sites\/6\/2022\/10\/vigili-del-fuoco-generica-e1482819601316.jpg","contentUrl":"https:\/\/progettotouring.it\/radiotouring104\/wp-content\/uploads\/sites\/6\/2022\/10\/vigili-del-fuoco-generica-e1482819601316.jpg","width":448,"height":217},{"@type":"BreadcrumbList","@id":"https:\/\/progettotouring.it\/radiotouring104\/2023\/02\/17\/morti-in-incendio-catanzaro-alloggio-occupato-da-abusivi\/#breadcrumb","itemListElement":[{"@type":"ListItem","position":1,"name":"Home","item":"https:\/\/progettotouring.it\/radiotouring104\/"},{"@type":"ListItem","position":2,"name":"Morti in incendio Catanzaro: alloggio occupato da abusivi"}]},{"@type":"WebSite","@id":"https:\/\/progettotouring.it\/radiotouring104\/#website","url":"https:\/\/progettotouring.it\/radiotouring104\/","name":"Radio Touring 104","description":"La prima radio Reggina","publisher":{"@id":"https:\/\/progettotouring.it\/radiotouring104\/#organization"},"potentialAction":[{"@type":"SearchAction","target":{"@type":"EntryPoint","urlTemplate":"https:\/\/progettotouring.it\/radiotouring104\/?s={search_term_string}"},"query-input":{"@type":"PropertyValueSpecification","valueRequired":true,"valueName":"search_term_string"}}],"inLanguage":"it-IT"},{"@type":"Organization","@id":"https:\/\/progettotouring.it\/radiotouring104\/#organization","name":"Radio Touring 104","url":"https:\/\/progettotouring.it\/radiotouring104\/","logo":{"@type":"ImageObject","inLanguage":"it-IT","@id":"https:\/\/progettotouring.it\/radiotouring104\/#\/schema\/logo\/image\/","url":"https:\/\/progettotouring.it\/radiotouring104\/wp-content\/uploads\/sites\/6\/2022\/02\/cropped-logo-radio-touring-104.png","contentUrl":"https:\/\/progettotouring.it\/radiotouring104\/wp-content\/uploads\/sites\/6\/2022\/02\/cropped-logo-radio-touring-104.png","width":377,"height":182,"caption":"Radio Touring 104"},"image":{"@id":"https:\/\/progettotouring.it\/radiotouring104\/#\/schema\/logo\/image\/"}},{"@type":"Person","@id":"https:\/\/progettotouring.it\/radiotouring104\/#\/schema\/person\/78613917f1851f041f7483f5af1d422e","name":"Sebastiano Plutino","image":{"@type":"ImageObject","inLanguage":"it-IT","@id":"https:\/\/secure.gravatar.com\/avatar\/0546ffaa9b79224faf9f2a156b67a529ae861d3287c66c1d8ccfdf909bcba78d?s=96&d=mm&r=g","url":"https:\/\/secure.gravatar.com\/avatar\/0546ffaa9b79224faf9f2a156b67a529ae861d3287c66c1d8ccfdf909bcba78d?s=96&d=mm&r=g","contentUrl":"https:\/\/secure.gravatar.com\/avatar\/0546ffaa9b79224faf9f2a156b67a529ae861d3287c66c1d8ccfdf909bcba78d?s=96&d=mm&r=g","caption":"Sebastiano Plutino"},"url":"https:\/\/progettotouring.it\/radiotouring104\/author\/sebastiano\/"}]}},"jetpack_publicize_connections":[],"jetpack_featured_media_url":"https:\/\/progettotouring.it\/radiotouring104\/wp-content\/uploads\/sites\/6\/2022\/10\/vigili-del-fuoco-generica-e1482819601316.jpg","jetpack_sharing_enabled":true,"_links":{"self":[{"href":"https:\/\/progettotouring.it\/radiotouring104\/wp-json\/wp\/v2\/posts\/19119","targetHints":{"allow":["GET"]}}],"collection":[{"href":"https:\/\/progettotouring.it\/radiotouring104\/wp-json\/wp\/v2\/posts"}],"about":[{"href":"https:\/\/progettotouring.it\/radiotouring104\/wp-json\/wp\/v2\/types\/post"}],"author":[{"embeddable":true,"href":"https:\/\/progettotouring.it\/radiotouring104\/wp-json\/wp\/v2\/users\/12"}],"replies":[{"embeddable":true,"href":"https:\/\/progettotouring.it\/radiotouring104\/wp-json\/wp\/v2\/comments?post=19119"}],"version-history":[{"count":1,"href":"https:\/\/progettotouring.it\/radiotouring104\/wp-json\/wp\/v2\/posts\/19119\/revisions"}],"predecessor-version":[{"id":19121,"href":"https:\/\/progettotouring.it\/radiotouring104\/wp-json\/wp\/v2\/posts\/19119\/revisions\/19121"}],"wp:featuredmedia":[{"embeddable":true,"href":"https:\/\/progettotouring.it\/radiotouring104\/wp-json\/wp\/v2\/media\/11151"}],"wp:attachment":[{"href":"https:\/\/progettotouring.it\/radiotouring104\/wp-json\/wp\/v2\/media?parent=19119"}],"wp:term":[{"taxonomy":"category","embeddable":true,"href":"https:\/\/progettotouring.it\/radiotouring104\/wp-json\/wp\/v2\/categories?post=19119"},{"taxonomy":"post_tag","embeddable":true,"href":"https:\/\/progettotouring.it\/radiotouring104\/wp-json\/wp\/v2\/tags?post=19119"}],"curies":[{"name":"wp","href":"https:\/\/api.w.org\/{rel}","templated":true}]}}