{"id":19122,"date":"2023-02-17T10:58:54","date_gmt":"2023-02-17T09:58:54","guid":{"rendered":"https:\/\/progettotouring.it\/radiotouring104\/?p=19122"},"modified":"2023-02-17T10:58:54","modified_gmt":"2023-02-17T09:58:54","slug":"medico-aggredito-a-reggio-calabria-da-infermiere-paziente","status":"publish","type":"post","link":"https:\/\/progettotouring.it\/radiotouring104\/2023\/02\/17\/medico-aggredito-a-reggio-calabria-da-infermiere-paziente\/","title":{"rendered":"Medico aggredito a Reggio Calabria da infermiere-paziente"},"content":{"rendered":"<p>Un medico in servizio alla postazione di continuit\u00e0 assistenziale di Reggio Nord, in Viale Amendola, a Reggio Calabria, \u00e8 stato aggredito la notte scorsa da un giovane che \u00e8 risultato poi essere un infermiere. Lo denuncia l&#8217;Ordine dei medici di Reggio Calabria che, in una nota, esprime il proprio &#8220;sdegno per l&#8217;ennesimo episodio di violenza&#8221; nei confronti di un medico. Il dottore, ricostruisce l&#8217;Ordine nella nota, ha preso servizio verso le 20 di ieri sera con una collega e dopo mezzanotte un ragazzo ed una ragazza, &#8220;successivamente presentatisi come due infermieri, ed \u00e8 questa la cosa pi\u00f9 grave&#8221;, hanno citofonato chiedendo una prescrizione di insulina essendo il giovane paziente diabetico. La collega del dottore, pur non negando la prescrizione, prosegue la nota dell&#8217;Ordine, ha fatto notare la stranezza della richiesta, fatta in piena notte, di un farmaco salvavita che ogni paziente diabetico dovrebbe avere a portata di mano. Il giovane, per\u00f2, &#8220;ha cominciato ad usare toni offensivi e minacciosi. A questo punto \u00e8 intervenuto il dottore che ha cercato di smorzare i toni invitando il giovane a calmarsi. Ma, per tutta risposta, ha ricevuto dallo stesso uno schiaffo che gli ha fatto volare via gli occhiali&#8221;. Le forze dell&#8217;ordine, giunte in pochi minuti, hanno identificato i due infermieri ed hanno raccolto le dichiarazioni dei medici. Il presidente dell&#8217;Ordine dei medici di Reggio Pasquale Veneziano, &#8220;interpretando i sentimenti di solidariet\u00e0 di tutti gli iscritti &#8211; \u00e8 scritto nella nota &#8211; esprime solidariet\u00e0 e vicinanza al collega per l&#8217;aggressione sub\u00ecta, stigmatizzando l&#8217;ennesimo episodio di violenza. Episodi che si ripetono ormai con preoccupante frequenza, soprattutto presso le postazioni di continuit\u00e0 assistenziale e i Pronto soccorso dove i medici operano, spesso in condizioni difficili, con grande spirito di abnegazione&#8221;. &#8220;Si tratta dell&#8217;ennesimo episodio di violenza &#8211; afferma Veneziano &#8211; che ripropone in tutta la sua drammaticit\u00e0 e urgenza l&#8217;esigenza di intervenire con provvedimenti organici e definitivi per garantire la sicurezza degli operatori e dei cittadini che afferiscono alle cure di questi presidi fondamentali del nostro sistema sanitario&#8221;. (ANSA)<\/p>\n","protected":false},"excerpt":{"rendered":"<p>Un medico in servizio alla postazione di continuit\u00e0 assistenziale di Reggio Nord, in Viale Amendola, a Reggio Calabria, \u00e8 stato aggredito la notte scorsa da un giovane che \u00e8 risultato&hellip;<\/p>\n","protected":false},"author":12,"featured_media":19123,"comment_status":"open","ping_status":"open","sticky":false,"template":"","format":"standard","meta":{"_jetpack_memberships_contains_paid_content":false,"footnotes":"","jetpack_publicize_message":"","jetpack_publicize_feature_enabled":true,"jetpack_social_post_already_shared":false,"jetpack_social_options":{"image_generator_settings":{"template":"highway","default_image_id":0,"font":"","enabled":false},"version":2}},"categories":[921,150,196,140],"tags":[10137,10135,10136],"class_list":["post-19122","post","type-post","status-publish","format-standard","has-post-thumbnail","hentry","category-home","category-in-primo-piano","category-news","category-reggio-calabria","tag-aggressore-medico-poi-risultato-essere-infermiere","tag-medico-aggredito","tag-postazione-assistenziale-di-reggio-nord"],"yoast_head":"<!-- This site is optimized with the Yoast SEO plugin v27.2 - https:\/\/yoast.com\/product\/yoast-seo-wordpress\/ -->\n<title>Medico aggredito a Reggio Calabria da infermiere-paziente<\/title>\n<meta name=\"description\" content=\"Un medico in servizio alla postazione assistenziale di Reggio Nord, aggredito la notte scorsa da un giovane risultato poi essere infermiere.\" \/>\n<meta name=\"robots\" content=\"index, follow, max-snippet:-1, max-image-preview:large, max-video-preview:-1\" \/>\n<link rel=\"canonical\" href=\"https:\/\/progettotouring.it\/radiotouring104\/2023\/02\/17\/medico-aggredito-a-reggio-calabria-da-infermiere-paziente\/\" \/>\n<meta property=\"og:locale\" content=\"it_IT\" \/>\n<meta property=\"og:type\" content=\"article\" \/>\n<meta property=\"og:title\" content=\"Medico aggredito a Reggio Calabria da infermiere-paziente\" \/>\n<meta property=\"og:description\" content=\"Un medico in servizio alla postazione assistenziale di Reggio Nord, aggredito la notte scorsa da un giovane risultato poi essere infermiere.\" \/>\n<meta property=\"og:url\" content=\"https:\/\/progettotouring.it\/radiotouring104\/2023\/02\/17\/medico-aggredito-a-reggio-calabria-da-infermiere-paziente\/\" \/>\n<meta property=\"og:site_name\" content=\"Radio Touring 104\" \/>\n<meta property=\"article:published_time\" content=\"2023-02-17T09:58:54+00:00\" \/>\n<meta property=\"og:image\" content=\"https:\/\/progettotouring.it\/radiotouring104\/wp-content\/uploads\/sites\/6\/2023\/02\/violenza-medico.jpg\" \/>\n\t<meta property=\"og:image:width\" content=\"603\" \/>\n\t<meta property=\"og:image:height\" content=\"621\" \/>\n\t<meta property=\"og:image:type\" content=\"image\/jpeg\" \/>\n<meta name=\"author\" content=\"Sebastiano Plutino\" \/>\n<meta name=\"twitter:card\" content=\"summary_large_image\" \/>\n<meta name=\"twitter:label1\" content=\"Scritto da\" \/>\n\t<meta name=\"twitter:data1\" content=\"Sebastiano Plutino\" \/>\n\t<meta name=\"twitter:label2\" content=\"Tempo di lettura stimato\" \/>\n\t<meta name=\"twitter:data2\" content=\"2 minuti\" \/>\n<script type=\"application\/ld+json\" class=\"yoast-schema-graph\">{\"@context\":\"https:\/\/schema.org\",\"@graph\":[{\"@type\":\"Article\",\"@id\":\"https:\/\/progettotouring.it\/radiotouring104\/2023\/02\/17\/medico-aggredito-a-reggio-calabria-da-infermiere-paziente\/#article\",\"isPartOf\":{\"@id\":\"https:\/\/progettotouring.it\/radiotouring104\/2023\/02\/17\/medico-aggredito-a-reggio-calabria-da-infermiere-paziente\/\"},\"author\":{\"name\":\"Sebastiano Plutino\",\"@id\":\"https:\/\/progettotouring.it\/radiotouring104\/#\/schema\/person\/78613917f1851f041f7483f5af1d422e\"},\"headline\":\"Medico aggredito a Reggio Calabria da infermiere-paziente\",\"datePublished\":\"2023-02-17T09:58:54+00:00\",\"mainEntityOfPage\":{\"@id\":\"https:\/\/progettotouring.it\/radiotouring104\/2023\/02\/17\/medico-aggredito-a-reggio-calabria-da-infermiere-paziente\/\"},\"wordCount\":336,\"commentCount\":0,\"publisher\":{\"@id\":\"https:\/\/progettotouring.it\/radiotouring104\/#organization\"},\"image\":{\"@id\":\"https:\/\/progettotouring.it\/radiotouring104\/2023\/02\/17\/medico-aggredito-a-reggio-calabria-da-infermiere-paziente\/#primaryimage\"},\"thumbnailUrl\":\"https:\/\/progettotouring.it\/radiotouring104\/wp-content\/uploads\/sites\/6\/2023\/02\/violenza-medico.jpg\",\"keywords\":[\"aggressore medico poi risultato essere infermiere\",\"Medico aggredito\",\"postazione assistenziale di Reggio Nord\"],\"articleSection\":[\"Home\",\"In primo piano\",\"News\",\"Reggio Calabria\"],\"inLanguage\":\"it-IT\",\"potentialAction\":[{\"@type\":\"CommentAction\",\"name\":\"Comment\",\"target\":[\"https:\/\/progettotouring.it\/radiotouring104\/2023\/02\/17\/medico-aggredito-a-reggio-calabria-da-infermiere-paziente\/#respond\"]}]},{\"@type\":\"WebPage\",\"@id\":\"https:\/\/progettotouring.it\/radiotouring104\/2023\/02\/17\/medico-aggredito-a-reggio-calabria-da-infermiere-paziente\/\",\"url\":\"https:\/\/progettotouring.it\/radiotouring104\/2023\/02\/17\/medico-aggredito-a-reggio-calabria-da-infermiere-paziente\/\",\"name\":\"Medico aggredito a Reggio Calabria da infermiere-paziente\",\"isPartOf\":{\"@id\":\"https:\/\/progettotouring.it\/radiotouring104\/#website\"},\"primaryImageOfPage\":{\"@id\":\"https:\/\/progettotouring.it\/radiotouring104\/2023\/02\/17\/medico-aggredito-a-reggio-calabria-da-infermiere-paziente\/#primaryimage\"},\"image\":{\"@id\":\"https:\/\/progettotouring.it\/radiotouring104\/2023\/02\/17\/medico-aggredito-a-reggio-calabria-da-infermiere-paziente\/#primaryimage\"},\"thumbnailUrl\":\"https:\/\/progettotouring.it\/radiotouring104\/wp-content\/uploads\/sites\/6\/2023\/02\/violenza-medico.jpg\",\"datePublished\":\"2023-02-17T09:58:54+00:00\",\"description\":\"Un medico in servizio alla postazione assistenziale di Reggio Nord, aggredito la notte scorsa da un giovane risultato poi essere infermiere.\",\"breadcrumb\":{\"@id\":\"https:\/\/progettotouring.it\/radiotouring104\/2023\/02\/17\/medico-aggredito-a-reggio-calabria-da-infermiere-paziente\/#breadcrumb\"},\"inLanguage\":\"it-IT\",\"potentialAction\":[{\"@type\":\"ReadAction\",\"target\":[\"https:\/\/progettotouring.it\/radiotouring104\/2023\/02\/17\/medico-aggredito-a-reggio-calabria-da-infermiere-paziente\/\"]}]},{\"@type\":\"ImageObject\",\"inLanguage\":\"it-IT\",\"@id\":\"https:\/\/progettotouring.it\/radiotouring104\/2023\/02\/17\/medico-aggredito-a-reggio-calabria-da-infermiere-paziente\/#primaryimage\",\"url\":\"https:\/\/progettotouring.it\/radiotouring104\/wp-content\/uploads\/sites\/6\/2023\/02\/violenza-medico.jpg\",\"contentUrl\":\"https:\/\/progettotouring.it\/radiotouring104\/wp-content\/uploads\/sites\/6\/2023\/02\/violenza-medico.jpg\",\"width\":603,\"height\":621},{\"@type\":\"BreadcrumbList\",\"@id\":\"https:\/\/progettotouring.it\/radiotouring104\/2023\/02\/17\/medico-aggredito-a-reggio-calabria-da-infermiere-paziente\/#breadcrumb\",\"itemListElement\":[{\"@type\":\"ListItem\",\"position\":1,\"name\":\"Home\",\"item\":\"https:\/\/progettotouring.it\/radiotouring104\/\"},{\"@type\":\"ListItem\",\"position\":2,\"name\":\"Medico aggredito a Reggio Calabria da infermiere-paziente\"}]},{\"@type\":\"WebSite\",\"@id\":\"https:\/\/progettotouring.it\/radiotouring104\/#website\",\"url\":\"https:\/\/progettotouring.it\/radiotouring104\/\",\"name\":\"Radio Touring 104\",\"description\":\"La prima radio Reggina\",\"publisher\":{\"@id\":\"https:\/\/progettotouring.it\/radiotouring104\/#organization\"},\"potentialAction\":[{\"@type\":\"SearchAction\",\"target\":{\"@type\":\"EntryPoint\",\"urlTemplate\":\"https:\/\/progettotouring.it\/radiotouring104\/?s={search_term_string}\"},\"query-input\":{\"@type\":\"PropertyValueSpecification\",\"valueRequired\":true,\"valueName\":\"search_term_string\"}}],\"inLanguage\":\"it-IT\"},{\"@type\":\"Organization\",\"@id\":\"https:\/\/progettotouring.it\/radiotouring104\/#organization\",\"name\":\"Radio Touring 104\",\"url\":\"https:\/\/progettotouring.it\/radiotouring104\/\",\"logo\":{\"@type\":\"ImageObject\",\"inLanguage\":\"it-IT\",\"@id\":\"https:\/\/progettotouring.it\/radiotouring104\/#\/schema\/logo\/image\/\",\"url\":\"https:\/\/progettotouring.it\/radiotouring104\/wp-content\/uploads\/sites\/6\/2022\/02\/cropped-logo-radio-touring-104.png\",\"contentUrl\":\"https:\/\/progettotouring.it\/radiotouring104\/wp-content\/uploads\/sites\/6\/2022\/02\/cropped-logo-radio-touring-104.png\",\"width\":377,\"height\":182,\"caption\":\"Radio Touring 104\"},\"image\":{\"@id\":\"https:\/\/progettotouring.it\/radiotouring104\/#\/schema\/logo\/image\/\"}},{\"@type\":\"Person\",\"@id\":\"https:\/\/progettotouring.it\/radiotouring104\/#\/schema\/person\/78613917f1851f041f7483f5af1d422e\",\"name\":\"Sebastiano Plutino\",\"image\":{\"@type\":\"ImageObject\",\"inLanguage\":\"it-IT\",\"@id\":\"https:\/\/secure.gravatar.com\/avatar\/0546ffaa9b79224faf9f2a156b67a529ae861d3287c66c1d8ccfdf909bcba78d?s=96&d=mm&r=g\",\"url\":\"https:\/\/secure.gravatar.com\/avatar\/0546ffaa9b79224faf9f2a156b67a529ae861d3287c66c1d8ccfdf909bcba78d?s=96&d=mm&r=g\",\"contentUrl\":\"https:\/\/secure.gravatar.com\/avatar\/0546ffaa9b79224faf9f2a156b67a529ae861d3287c66c1d8ccfdf909bcba78d?s=96&d=mm&r=g\",\"caption\":\"Sebastiano Plutino\"},\"url\":\"https:\/\/progettotouring.it\/radiotouring104\/author\/sebastiano\/\"}]}<\/script>\n<!-- \/ Yoast SEO plugin. -->","yoast_head_json":{"title":"Medico aggredito a Reggio Calabria da infermiere-paziente","description":"Un medico in servizio alla postazione assistenziale di Reggio Nord, aggredito la notte scorsa da un giovane risultato poi essere infermiere.","robots":{"index":"index","follow":"follow","max-snippet":"max-snippet:-1","max-image-preview":"max-image-preview:large","max-video-preview":"max-video-preview:-1"},"canonical":"https:\/\/progettotouring.it\/radiotouring104\/2023\/02\/17\/medico-aggredito-a-reggio-calabria-da-infermiere-paziente\/","og_locale":"it_IT","og_type":"article","og_title":"Medico aggredito a Reggio Calabria da infermiere-paziente","og_description":"Un medico in servizio alla postazione assistenziale di Reggio Nord, aggredito la notte scorsa da un giovane risultato poi essere infermiere.","og_url":"https:\/\/progettotouring.it\/radiotouring104\/2023\/02\/17\/medico-aggredito-a-reggio-calabria-da-infermiere-paziente\/","og_site_name":"Radio Touring 104","article_published_time":"2023-02-17T09:58:54+00:00","og_image":[{"width":603,"height":621,"url":"https:\/\/progettotouring.it\/radiotouring104\/wp-content\/uploads\/sites\/6\/2023\/02\/violenza-medico.jpg","type":"image\/jpeg"}],"author":"Sebastiano Plutino","twitter_card":"summary_large_image","twitter_misc":{"Scritto da":"Sebastiano Plutino","Tempo di lettura stimato":"2 minuti"},"schema":{"@context":"https:\/\/schema.org","@graph":[{"@type":"Article","@id":"https:\/\/progettotouring.it\/radiotouring104\/2023\/02\/17\/medico-aggredito-a-reggio-calabria-da-infermiere-paziente\/#article","isPartOf":{"@id":"https:\/\/progettotouring.it\/radiotouring104\/2023\/02\/17\/medico-aggredito-a-reggio-calabria-da-infermiere-paziente\/"},"author":{"name":"Sebastiano Plutino","@id":"https:\/\/progettotouring.it\/radiotouring104\/#\/schema\/person\/78613917f1851f041f7483f5af1d422e"},"headline":"Medico aggredito a Reggio Calabria da infermiere-paziente","datePublished":"2023-02-17T09:58:54+00:00","mainEntityOfPage":{"@id":"https:\/\/progettotouring.it\/radiotouring104\/2023\/02\/17\/medico-aggredito-a-reggio-calabria-da-infermiere-paziente\/"},"wordCount":336,"commentCount":0,"publisher":{"@id":"https:\/\/progettotouring.it\/radiotouring104\/#organization"},"image":{"@id":"https:\/\/progettotouring.it\/radiotouring104\/2023\/02\/17\/medico-aggredito-a-reggio-calabria-da-infermiere-paziente\/#primaryimage"},"thumbnailUrl":"https:\/\/progettotouring.it\/radiotouring104\/wp-content\/uploads\/sites\/6\/2023\/02\/violenza-medico.jpg","keywords":["aggressore medico poi risultato essere infermiere","Medico aggredito","postazione assistenziale di Reggio Nord"],"articleSection":["Home","In primo piano","News","Reggio Calabria"],"inLanguage":"it-IT","potentialAction":[{"@type":"CommentAction","name":"Comment","target":["https:\/\/progettotouring.it\/radiotouring104\/2023\/02\/17\/medico-aggredito-a-reggio-calabria-da-infermiere-paziente\/#respond"]}]},{"@type":"WebPage","@id":"https:\/\/progettotouring.it\/radiotouring104\/2023\/02\/17\/medico-aggredito-a-reggio-calabria-da-infermiere-paziente\/","url":"https:\/\/progettotouring.it\/radiotouring104\/2023\/02\/17\/medico-aggredito-a-reggio-calabria-da-infermiere-paziente\/","name":"Medico aggredito a Reggio Calabria da infermiere-paziente","isPartOf":{"@id":"https:\/\/progettotouring.it\/radiotouring104\/#website"},"primaryImageOfPage":{"@id":"https:\/\/progettotouring.it\/radiotouring104\/2023\/02\/17\/medico-aggredito-a-reggio-calabria-da-infermiere-paziente\/#primaryimage"},"image":{"@id":"https:\/\/progettotouring.it\/radiotouring104\/2023\/02\/17\/medico-aggredito-a-reggio-calabria-da-infermiere-paziente\/#primaryimage"},"thumbnailUrl":"https:\/\/progettotouring.it\/radiotouring104\/wp-content\/uploads\/sites\/6\/2023\/02\/violenza-medico.jpg","datePublished":"2023-02-17T09:58:54+00:00","description":"Un medico in servizio alla postazione assistenziale di Reggio Nord, aggredito la notte scorsa da un giovane risultato poi essere infermiere.","breadcrumb":{"@id":"https:\/\/progettotouring.it\/radiotouring104\/2023\/02\/17\/medico-aggredito-a-reggio-calabria-da-infermiere-paziente\/#breadcrumb"},"inLanguage":"it-IT","potentialAction":[{"@type":"ReadAction","target":["https:\/\/progettotouring.it\/radiotouring104\/2023\/02\/17\/medico-aggredito-a-reggio-calabria-da-infermiere-paziente\/"]}]},{"@type":"ImageObject","inLanguage":"it-IT","@id":"https:\/\/progettotouring.it\/radiotouring104\/2023\/02\/17\/medico-aggredito-a-reggio-calabria-da-infermiere-paziente\/#primaryimage","url":"https:\/\/progettotouring.it\/radiotouring104\/wp-content\/uploads\/sites\/6\/2023\/02\/violenza-medico.jpg","contentUrl":"https:\/\/progettotouring.it\/radiotouring104\/wp-content\/uploads\/sites\/6\/2023\/02\/violenza-medico.jpg","width":603,"height":621},{"@type":"BreadcrumbList","@id":"https:\/\/progettotouring.it\/radiotouring104\/2023\/02\/17\/medico-aggredito-a-reggio-calabria-da-infermiere-paziente\/#breadcrumb","itemListElement":[{"@type":"ListItem","position":1,"name":"Home","item":"https:\/\/progettotouring.it\/radiotouring104\/"},{"@type":"ListItem","position":2,"name":"Medico aggredito a Reggio Calabria da infermiere-paziente"}]},{"@type":"WebSite","@id":"https:\/\/progettotouring.it\/radiotouring104\/#website","url":"https:\/\/progettotouring.it\/radiotouring104\/","name":"Radio Touring 104","description":"La prima radio Reggina","publisher":{"@id":"https:\/\/progettotouring.it\/radiotouring104\/#organization"},"potentialAction":[{"@type":"SearchAction","target":{"@type":"EntryPoint","urlTemplate":"https:\/\/progettotouring.it\/radiotouring104\/?s={search_term_string}"},"query-input":{"@type":"PropertyValueSpecification","valueRequired":true,"valueName":"search_term_string"}}],"inLanguage":"it-IT"},{"@type":"Organization","@id":"https:\/\/progettotouring.it\/radiotouring104\/#organization","name":"Radio Touring 104","url":"https:\/\/progettotouring.it\/radiotouring104\/","logo":{"@type":"ImageObject","inLanguage":"it-IT","@id":"https:\/\/progettotouring.it\/radiotouring104\/#\/schema\/logo\/image\/","url":"https:\/\/progettotouring.it\/radiotouring104\/wp-content\/uploads\/sites\/6\/2022\/02\/cropped-logo-radio-touring-104.png","contentUrl":"https:\/\/progettotouring.it\/radiotouring104\/wp-content\/uploads\/sites\/6\/2022\/02\/cropped-logo-radio-touring-104.png","width":377,"height":182,"caption":"Radio Touring 104"},"image":{"@id":"https:\/\/progettotouring.it\/radiotouring104\/#\/schema\/logo\/image\/"}},{"@type":"Person","@id":"https:\/\/progettotouring.it\/radiotouring104\/#\/schema\/person\/78613917f1851f041f7483f5af1d422e","name":"Sebastiano Plutino","image":{"@type":"ImageObject","inLanguage":"it-IT","@id":"https:\/\/secure.gravatar.com\/avatar\/0546ffaa9b79224faf9f2a156b67a529ae861d3287c66c1d8ccfdf909bcba78d?s=96&d=mm&r=g","url":"https:\/\/secure.gravatar.com\/avatar\/0546ffaa9b79224faf9f2a156b67a529ae861d3287c66c1d8ccfdf909bcba78d?s=96&d=mm&r=g","contentUrl":"https:\/\/secure.gravatar.com\/avatar\/0546ffaa9b79224faf9f2a156b67a529ae861d3287c66c1d8ccfdf909bcba78d?s=96&d=mm&r=g","caption":"Sebastiano Plutino"},"url":"https:\/\/progettotouring.it\/radiotouring104\/author\/sebastiano\/"}]}},"jetpack_publicize_connections":[],"jetpack_featured_media_url":"https:\/\/progettotouring.it\/radiotouring104\/wp-content\/uploads\/sites\/6\/2023\/02\/violenza-medico.jpg","jetpack_sharing_enabled":true,"_links":{"self":[{"href":"https:\/\/progettotouring.it\/radiotouring104\/wp-json\/wp\/v2\/posts\/19122","targetHints":{"allow":["GET"]}}],"collection":[{"href":"https:\/\/progettotouring.it\/radiotouring104\/wp-json\/wp\/v2\/posts"}],"about":[{"href":"https:\/\/progettotouring.it\/radiotouring104\/wp-json\/wp\/v2\/types\/post"}],"author":[{"embeddable":true,"href":"https:\/\/progettotouring.it\/radiotouring104\/wp-json\/wp\/v2\/users\/12"}],"replies":[{"embeddable":true,"href":"https:\/\/progettotouring.it\/radiotouring104\/wp-json\/wp\/v2\/comments?post=19122"}],"version-history":[{"count":1,"href":"https:\/\/progettotouring.it\/radiotouring104\/wp-json\/wp\/v2\/posts\/19122\/revisions"}],"predecessor-version":[{"id":19124,"href":"https:\/\/progettotouring.it\/radiotouring104\/wp-json\/wp\/v2\/posts\/19122\/revisions\/19124"}],"wp:featuredmedia":[{"embeddable":true,"href":"https:\/\/progettotouring.it\/radiotouring104\/wp-json\/wp\/v2\/media\/19123"}],"wp:attachment":[{"href":"https:\/\/progettotouring.it\/radiotouring104\/wp-json\/wp\/v2\/media?parent=19122"}],"wp:term":[{"taxonomy":"category","embeddable":true,"href":"https:\/\/progettotouring.it\/radiotouring104\/wp-json\/wp\/v2\/categories?post=19122"},{"taxonomy":"post_tag","embeddable":true,"href":"https:\/\/progettotouring.it\/radiotouring104\/wp-json\/wp\/v2\/tags?post=19122"}],"curies":[{"name":"wp","href":"https:\/\/api.w.org\/{rel}","templated":true}]}}