{"id":19366,"date":"2023-02-21T12:48:24","date_gmt":"2023-02-21T11:48:24","guid":{"rendered":"https:\/\/progettotouring.it\/radiotouring104\/?p=19366"},"modified":"2023-02-21T12:48:24","modified_gmt":"2023-02-21T11:48:24","slug":"aggiornamento-short-list-metrocity-a-favore-di-persone-con-disabilita","status":"publish","type":"post","link":"https:\/\/progettotouring.it\/radiotouring104\/2023\/02\/21\/aggiornamento-short-list-metrocity-a-favore-di-persone-con-disabilita\/","title":{"rendered":"Aggiornamento short list Metrocity a favore di persone con disabilit\u00e0"},"content":{"rendered":"<div>La Citt\u00e0 Metropolitana di Reggio Calabria aggiorna le proprie short list riservate ai Tecnici per l&#8217;assistenza all&#8217;autonomia personale, alla comunicazione e all&#8217;inclusione sociale a favore di persone con disabilit\u00e0. Nello specifico, il recente bando pubblicato da Palazzo Alvaro si rivolge ad assistenti educativi e specialistici nella comunicazione Lis e Braille. \u00abLe figure dell&#8217;assistenza alla disabilit\u00e0 \u2013 ha spiegato il consigliere metropolitano delegato all\u2019Istruzione, Rudi Lizzi, presentando l\u2019avviso disponibile sul portale web dell\u2019Ente &#8211; sono necessarie al fine di assicurare la piena integrazione scolastica agli alunni con disabilit\u00e0 certificata\u00bb.<\/p>\n<p>\u00abPossono richiedere l&#8217;iscrizione ex novo nelle short list \u201cTecnico per l&#8217;assistenza all&#8217;autonomia personale, alla comunicazione e all&#8217;inclusione sociale a favore di persone con disabilit\u00e0\u201d \u2013 ha detto &#8211; coloro che, precedentemente, non erano inclusi in alcun elenco della Citt\u00e0 Metropolitana di Reggio Calabria e che, alla data di presentazione della domanda, siano in possesso di una qualifica professionale di Assistente Educativo, Assistente alla Comunicazione, Tecnico per l&#8217;assistenza all&#8217;autonomia personale, alla comunicazione e all&#8217;inclusione sociale a favore di persone con disabilit\u00e0 &#8211; Assistente educativo, Tecnico per l&#8217;assistenza all&#8217;autonomia personale, alla comunicazione e all&#8217;inclusione sociale a favore di persone con disabilit\u00e0 &#8211; Assistente specialistico nella comunicazione Lis e Braille\u00bb. Chi, invece, \u00e8 nelle condizioni di richiedere l&#8217;aggiornamento delle short list attualmente vigenti, \u00abpu\u00f2 farlo solo se intende presentare un nuovo curriculum vitae oppure richiedere il passaggio da assistente junior ad assistente senior\u00bb.<\/p>\n<p>\u00abLe Short List sono costituite da tutti i candidati in possesso dei requisiti richiesti e riportano i livelli Junior e Senior\u00bb, ha ricordato Lizzi specificando come, quest\u2019ultimo livello, \u00absia attribuito ai quanti sono in possesso di esperienza triennale consolidata nella qualifica. L\u2019esperienza triennale si considera consolidata se il candidato ha svolto le funzioni per almeno cinque mesi, anche non continuativi, per ciascun anno\u00bb.<\/p>\n<p>\u00abPer l\u2019attribuzione degli incarichi relativi ai profili professionali ricercati \u2013 ha aggiunto &#8211; gli istituti secondari di secondo grado di competenza della Citt\u00e0 Metropolitana, secondo le indicazioni del PEI, faranno riferimento alle \u201cshort list\u201d rispettando, ove possibile, il principio della continuit\u00e0. L&#8217;eventuale attribuzione di incarichi da parte dei dirigenti scolastici potr\u00e0 essere preceduta da un apposito colloquio finalizzato ad accertare le capacit\u00e0 professionali e l\u2019esperienza del candidato, anche ai fini della verifica della rispondenza di quanto dichiarato nel curriculum vitae\u00bb. \u00abLe medesime short list \u2013 ha concluso Rudi Lizzi \u2013 sono aperte anche ai Comuni che ne facciano apposita richiesta alla Citt\u00e0 Metropolitana\u00bb.<\/p><\/div>\n<div><\/div>\n","protected":false},"excerpt":{"rendered":"<p>La Citt\u00e0 Metropolitana di Reggio Calabria aggiorna le proprie short list riservate ai Tecnici per l&#8217;assistenza all&#8217;autonomia personale, alla comunicazione e all&#8217;inclusione sociale a favore di persone con disabilit\u00e0. Nello&hellip;<\/p>\n","protected":false},"author":12,"featured_media":6825,"comment_status":"open","ping_status":"open","sticky":false,"template":"","format":"standard","meta":{"_jetpack_memberships_contains_paid_content":false,"footnotes":"","jetpack_publicize_message":"","jetpack_publicize_feature_enabled":true,"jetpack_social_post_already_shared":false,"jetpack_social_options":{"image_generator_settings":{"template":"highway","default_image_id":0,"font":"","enabled":false},"version":2}},"categories":[921,196,140],"tags":[10348,10350,10349,531,739,1244],"class_list":["post-19366","post","type-post","status-publish","format-standard","has-post-thumbnail","hentry","category-home","category-news","category-reggio-calabria","tag-aggiornamento-delle-short-list","tag-alla-comunicazione-e-allinclusione-sociale-a-favore-di-persone-con-disabilita","tag-assistenza-allautonomia-personale","tag-metrocity","tag-palazzo-alvaro","tag-rudi-lizzi"],"yoast_head":"<!-- This site is optimized with the Yoast SEO plugin v27.2 - https:\/\/yoast.com\/product\/yoast-seo-wordpress\/ -->\n<title>Aggiornamento short list Metrocity a favore di persone con disabilit\u00e0<\/title>\n<meta name=\"description\" content=\"Il Consigliere Lizzi ha illustrato le caratteristiche del bando pubblicato da Palazzo Alvaro e disponibile sul portale istituzionale\" \/>\n<meta name=\"robots\" content=\"index, follow, max-snippet:-1, max-image-preview:large, max-video-preview:-1\" \/>\n<link rel=\"canonical\" href=\"https:\/\/progettotouring.it\/radiotouring104\/2023\/02\/21\/aggiornamento-short-list-metrocity-a-favore-di-persone-con-disabilita\/\" \/>\n<meta property=\"og:locale\" content=\"it_IT\" \/>\n<meta property=\"og:type\" content=\"article\" \/>\n<meta property=\"og:title\" content=\"Aggiornamento short list Metrocity a favore di persone con disabilit\u00e0\" \/>\n<meta property=\"og:description\" content=\"Il Consigliere Lizzi ha illustrato le caratteristiche del bando pubblicato da Palazzo Alvaro e disponibile sul portale istituzionale\" \/>\n<meta property=\"og:url\" content=\"https:\/\/progettotouring.it\/radiotouring104\/2023\/02\/21\/aggiornamento-short-list-metrocity-a-favore-di-persone-con-disabilita\/\" \/>\n<meta property=\"og:site_name\" content=\"Radio Touring 104\" \/>\n<meta property=\"article:published_time\" content=\"2023-02-21T11:48:24+00:00\" \/>\n<meta property=\"og:image\" content=\"https:\/\/progettotouring.it\/radiotouring104\/wp-content\/uploads\/sites\/6\/2022\/06\/disabilita-scaled.jpg\" \/>\n\t<meta property=\"og:image:width\" content=\"2560\" \/>\n\t<meta property=\"og:image:height\" content=\"1464\" \/>\n\t<meta property=\"og:image:type\" content=\"image\/jpeg\" \/>\n<meta name=\"author\" content=\"Sebastiano Plutino\" \/>\n<meta name=\"twitter:card\" content=\"summary_large_image\" \/>\n<meta name=\"twitter:label1\" content=\"Scritto da\" \/>\n\t<meta name=\"twitter:data1\" content=\"Sebastiano Plutino\" \/>\n\t<meta name=\"twitter:label2\" content=\"Tempo di lettura stimato\" \/>\n\t<meta name=\"twitter:data2\" content=\"2 minuti\" \/>\n<script type=\"application\/ld+json\" class=\"yoast-schema-graph\">{\"@context\":\"https:\/\/schema.org\",\"@graph\":[{\"@type\":\"Article\",\"@id\":\"https:\/\/progettotouring.it\/radiotouring104\/2023\/02\/21\/aggiornamento-short-list-metrocity-a-favore-di-persone-con-disabilita\/#article\",\"isPartOf\":{\"@id\":\"https:\/\/progettotouring.it\/radiotouring104\/2023\/02\/21\/aggiornamento-short-list-metrocity-a-favore-di-persone-con-disabilita\/\"},\"author\":{\"name\":\"Sebastiano Plutino\",\"@id\":\"https:\/\/progettotouring.it\/radiotouring104\/#\/schema\/person\/78613917f1851f041f7483f5af1d422e\"},\"headline\":\"Aggiornamento short list Metrocity a favore di persone con disabilit\u00e0\",\"datePublished\":\"2023-02-21T11:48:24+00:00\",\"mainEntityOfPage\":{\"@id\":\"https:\/\/progettotouring.it\/radiotouring104\/2023\/02\/21\/aggiornamento-short-list-metrocity-a-favore-di-persone-con-disabilita\/\"},\"wordCount\":405,\"commentCount\":0,\"publisher\":{\"@id\":\"https:\/\/progettotouring.it\/radiotouring104\/#organization\"},\"image\":{\"@id\":\"https:\/\/progettotouring.it\/radiotouring104\/2023\/02\/21\/aggiornamento-short-list-metrocity-a-favore-di-persone-con-disabilita\/#primaryimage\"},\"thumbnailUrl\":\"https:\/\/progettotouring.it\/radiotouring104\/wp-content\/uploads\/sites\/6\/2022\/06\/disabilita-scaled.jpg\",\"keywords\":[\"aggiornamento delle short list\",\"alla comunicazione e all'inclusione sociale a favore di persone con disabilit\u00e0\",\"assistenza all'autonomia personale\",\"Metrocity\",\"Palazzo Alvaro\",\"Rudi Lizzi\"],\"articleSection\":[\"Home\",\"News\",\"Reggio Calabria\"],\"inLanguage\":\"it-IT\",\"potentialAction\":[{\"@type\":\"CommentAction\",\"name\":\"Comment\",\"target\":[\"https:\/\/progettotouring.it\/radiotouring104\/2023\/02\/21\/aggiornamento-short-list-metrocity-a-favore-di-persone-con-disabilita\/#respond\"]}]},{\"@type\":\"WebPage\",\"@id\":\"https:\/\/progettotouring.it\/radiotouring104\/2023\/02\/21\/aggiornamento-short-list-metrocity-a-favore-di-persone-con-disabilita\/\",\"url\":\"https:\/\/progettotouring.it\/radiotouring104\/2023\/02\/21\/aggiornamento-short-list-metrocity-a-favore-di-persone-con-disabilita\/\",\"name\":\"Aggiornamento short list Metrocity a favore di persone con disabilit\u00e0\",\"isPartOf\":{\"@id\":\"https:\/\/progettotouring.it\/radiotouring104\/#website\"},\"primaryImageOfPage\":{\"@id\":\"https:\/\/progettotouring.it\/radiotouring104\/2023\/02\/21\/aggiornamento-short-list-metrocity-a-favore-di-persone-con-disabilita\/#primaryimage\"},\"image\":{\"@id\":\"https:\/\/progettotouring.it\/radiotouring104\/2023\/02\/21\/aggiornamento-short-list-metrocity-a-favore-di-persone-con-disabilita\/#primaryimage\"},\"thumbnailUrl\":\"https:\/\/progettotouring.it\/radiotouring104\/wp-content\/uploads\/sites\/6\/2022\/06\/disabilita-scaled.jpg\",\"datePublished\":\"2023-02-21T11:48:24+00:00\",\"description\":\"Il Consigliere Lizzi ha illustrato le caratteristiche del bando pubblicato da Palazzo Alvaro e disponibile sul portale istituzionale\",\"breadcrumb\":{\"@id\":\"https:\/\/progettotouring.it\/radiotouring104\/2023\/02\/21\/aggiornamento-short-list-metrocity-a-favore-di-persone-con-disabilita\/#breadcrumb\"},\"inLanguage\":\"it-IT\",\"potentialAction\":[{\"@type\":\"ReadAction\",\"target\":[\"https:\/\/progettotouring.it\/radiotouring104\/2023\/02\/21\/aggiornamento-short-list-metrocity-a-favore-di-persone-con-disabilita\/\"]}]},{\"@type\":\"ImageObject\",\"inLanguage\":\"it-IT\",\"@id\":\"https:\/\/progettotouring.it\/radiotouring104\/2023\/02\/21\/aggiornamento-short-list-metrocity-a-favore-di-persone-con-disabilita\/#primaryimage\",\"url\":\"https:\/\/progettotouring.it\/radiotouring104\/wp-content\/uploads\/sites\/6\/2022\/06\/disabilita-scaled.jpg\",\"contentUrl\":\"https:\/\/progettotouring.it\/radiotouring104\/wp-content\/uploads\/sites\/6\/2022\/06\/disabilita-scaled.jpg\",\"width\":2560,\"height\":1464},{\"@type\":\"BreadcrumbList\",\"@id\":\"https:\/\/progettotouring.it\/radiotouring104\/2023\/02\/21\/aggiornamento-short-list-metrocity-a-favore-di-persone-con-disabilita\/#breadcrumb\",\"itemListElement\":[{\"@type\":\"ListItem\",\"position\":1,\"name\":\"Home\",\"item\":\"https:\/\/progettotouring.it\/radiotouring104\/\"},{\"@type\":\"ListItem\",\"position\":2,\"name\":\"Aggiornamento short list Metrocity a favore di persone con disabilit\u00e0\"}]},{\"@type\":\"WebSite\",\"@id\":\"https:\/\/progettotouring.it\/radiotouring104\/#website\",\"url\":\"https:\/\/progettotouring.it\/radiotouring104\/\",\"name\":\"Radio Touring 104\",\"description\":\"La prima radio Reggina\",\"publisher\":{\"@id\":\"https:\/\/progettotouring.it\/radiotouring104\/#organization\"},\"potentialAction\":[{\"@type\":\"SearchAction\",\"target\":{\"@type\":\"EntryPoint\",\"urlTemplate\":\"https:\/\/progettotouring.it\/radiotouring104\/?s={search_term_string}\"},\"query-input\":{\"@type\":\"PropertyValueSpecification\",\"valueRequired\":true,\"valueName\":\"search_term_string\"}}],\"inLanguage\":\"it-IT\"},{\"@type\":\"Organization\",\"@id\":\"https:\/\/progettotouring.it\/radiotouring104\/#organization\",\"name\":\"Radio Touring 104\",\"url\":\"https:\/\/progettotouring.it\/radiotouring104\/\",\"logo\":{\"@type\":\"ImageObject\",\"inLanguage\":\"it-IT\",\"@id\":\"https:\/\/progettotouring.it\/radiotouring104\/#\/schema\/logo\/image\/\",\"url\":\"https:\/\/progettotouring.it\/radiotouring104\/wp-content\/uploads\/sites\/6\/2022\/02\/cropped-logo-radio-touring-104.png\",\"contentUrl\":\"https:\/\/progettotouring.it\/radiotouring104\/wp-content\/uploads\/sites\/6\/2022\/02\/cropped-logo-radio-touring-104.png\",\"width\":377,\"height\":182,\"caption\":\"Radio Touring 104\"},\"image\":{\"@id\":\"https:\/\/progettotouring.it\/radiotouring104\/#\/schema\/logo\/image\/\"}},{\"@type\":\"Person\",\"@id\":\"https:\/\/progettotouring.it\/radiotouring104\/#\/schema\/person\/78613917f1851f041f7483f5af1d422e\",\"name\":\"Sebastiano Plutino\",\"image\":{\"@type\":\"ImageObject\",\"inLanguage\":\"it-IT\",\"@id\":\"https:\/\/secure.gravatar.com\/avatar\/0546ffaa9b79224faf9f2a156b67a529ae861d3287c66c1d8ccfdf909bcba78d?s=96&d=mm&r=g\",\"url\":\"https:\/\/secure.gravatar.com\/avatar\/0546ffaa9b79224faf9f2a156b67a529ae861d3287c66c1d8ccfdf909bcba78d?s=96&d=mm&r=g\",\"contentUrl\":\"https:\/\/secure.gravatar.com\/avatar\/0546ffaa9b79224faf9f2a156b67a529ae861d3287c66c1d8ccfdf909bcba78d?s=96&d=mm&r=g\",\"caption\":\"Sebastiano Plutino\"},\"url\":\"https:\/\/progettotouring.it\/radiotouring104\/author\/sebastiano\/\"}]}<\/script>\n<!-- \/ Yoast SEO plugin. -->","yoast_head_json":{"title":"Aggiornamento short list Metrocity a favore di persone con disabilit\u00e0","description":"Il Consigliere Lizzi ha illustrato le caratteristiche del bando pubblicato da Palazzo Alvaro e disponibile sul portale istituzionale","robots":{"index":"index","follow":"follow","max-snippet":"max-snippet:-1","max-image-preview":"max-image-preview:large","max-video-preview":"max-video-preview:-1"},"canonical":"https:\/\/progettotouring.it\/radiotouring104\/2023\/02\/21\/aggiornamento-short-list-metrocity-a-favore-di-persone-con-disabilita\/","og_locale":"it_IT","og_type":"article","og_title":"Aggiornamento short list Metrocity a favore di persone con disabilit\u00e0","og_description":"Il Consigliere Lizzi ha illustrato le caratteristiche del bando pubblicato da Palazzo Alvaro e disponibile sul portale istituzionale","og_url":"https:\/\/progettotouring.it\/radiotouring104\/2023\/02\/21\/aggiornamento-short-list-metrocity-a-favore-di-persone-con-disabilita\/","og_site_name":"Radio Touring 104","article_published_time":"2023-02-21T11:48:24+00:00","og_image":[{"width":2560,"height":1464,"url":"https:\/\/progettotouring.it\/radiotouring104\/wp-content\/uploads\/sites\/6\/2022\/06\/disabilita-scaled.jpg","type":"image\/jpeg"}],"author":"Sebastiano Plutino","twitter_card":"summary_large_image","twitter_misc":{"Scritto da":"Sebastiano Plutino","Tempo di lettura stimato":"2 minuti"},"schema":{"@context":"https:\/\/schema.org","@graph":[{"@type":"Article","@id":"https:\/\/progettotouring.it\/radiotouring104\/2023\/02\/21\/aggiornamento-short-list-metrocity-a-favore-di-persone-con-disabilita\/#article","isPartOf":{"@id":"https:\/\/progettotouring.it\/radiotouring104\/2023\/02\/21\/aggiornamento-short-list-metrocity-a-favore-di-persone-con-disabilita\/"},"author":{"name":"Sebastiano Plutino","@id":"https:\/\/progettotouring.it\/radiotouring104\/#\/schema\/person\/78613917f1851f041f7483f5af1d422e"},"headline":"Aggiornamento short list Metrocity a favore di persone con disabilit\u00e0","datePublished":"2023-02-21T11:48:24+00:00","mainEntityOfPage":{"@id":"https:\/\/progettotouring.it\/radiotouring104\/2023\/02\/21\/aggiornamento-short-list-metrocity-a-favore-di-persone-con-disabilita\/"},"wordCount":405,"commentCount":0,"publisher":{"@id":"https:\/\/progettotouring.it\/radiotouring104\/#organization"},"image":{"@id":"https:\/\/progettotouring.it\/radiotouring104\/2023\/02\/21\/aggiornamento-short-list-metrocity-a-favore-di-persone-con-disabilita\/#primaryimage"},"thumbnailUrl":"https:\/\/progettotouring.it\/radiotouring104\/wp-content\/uploads\/sites\/6\/2022\/06\/disabilita-scaled.jpg","keywords":["aggiornamento delle short list","alla comunicazione e all'inclusione sociale a favore di persone con disabilit\u00e0","assistenza all'autonomia personale","Metrocity","Palazzo Alvaro","Rudi Lizzi"],"articleSection":["Home","News","Reggio Calabria"],"inLanguage":"it-IT","potentialAction":[{"@type":"CommentAction","name":"Comment","target":["https:\/\/progettotouring.it\/radiotouring104\/2023\/02\/21\/aggiornamento-short-list-metrocity-a-favore-di-persone-con-disabilita\/#respond"]}]},{"@type":"WebPage","@id":"https:\/\/progettotouring.it\/radiotouring104\/2023\/02\/21\/aggiornamento-short-list-metrocity-a-favore-di-persone-con-disabilita\/","url":"https:\/\/progettotouring.it\/radiotouring104\/2023\/02\/21\/aggiornamento-short-list-metrocity-a-favore-di-persone-con-disabilita\/","name":"Aggiornamento short list Metrocity a favore di persone con disabilit\u00e0","isPartOf":{"@id":"https:\/\/progettotouring.it\/radiotouring104\/#website"},"primaryImageOfPage":{"@id":"https:\/\/progettotouring.it\/radiotouring104\/2023\/02\/21\/aggiornamento-short-list-metrocity-a-favore-di-persone-con-disabilita\/#primaryimage"},"image":{"@id":"https:\/\/progettotouring.it\/radiotouring104\/2023\/02\/21\/aggiornamento-short-list-metrocity-a-favore-di-persone-con-disabilita\/#primaryimage"},"thumbnailUrl":"https:\/\/progettotouring.it\/radiotouring104\/wp-content\/uploads\/sites\/6\/2022\/06\/disabilita-scaled.jpg","datePublished":"2023-02-21T11:48:24+00:00","description":"Il Consigliere Lizzi ha illustrato le caratteristiche del bando pubblicato da Palazzo Alvaro e disponibile sul portale istituzionale","breadcrumb":{"@id":"https:\/\/progettotouring.it\/radiotouring104\/2023\/02\/21\/aggiornamento-short-list-metrocity-a-favore-di-persone-con-disabilita\/#breadcrumb"},"inLanguage":"it-IT","potentialAction":[{"@type":"ReadAction","target":["https:\/\/progettotouring.it\/radiotouring104\/2023\/02\/21\/aggiornamento-short-list-metrocity-a-favore-di-persone-con-disabilita\/"]}]},{"@type":"ImageObject","inLanguage":"it-IT","@id":"https:\/\/progettotouring.it\/radiotouring104\/2023\/02\/21\/aggiornamento-short-list-metrocity-a-favore-di-persone-con-disabilita\/#primaryimage","url":"https:\/\/progettotouring.it\/radiotouring104\/wp-content\/uploads\/sites\/6\/2022\/06\/disabilita-scaled.jpg","contentUrl":"https:\/\/progettotouring.it\/radiotouring104\/wp-content\/uploads\/sites\/6\/2022\/06\/disabilita-scaled.jpg","width":2560,"height":1464},{"@type":"BreadcrumbList","@id":"https:\/\/progettotouring.it\/radiotouring104\/2023\/02\/21\/aggiornamento-short-list-metrocity-a-favore-di-persone-con-disabilita\/#breadcrumb","itemListElement":[{"@type":"ListItem","position":1,"name":"Home","item":"https:\/\/progettotouring.it\/radiotouring104\/"},{"@type":"ListItem","position":2,"name":"Aggiornamento short list Metrocity a favore di persone con disabilit\u00e0"}]},{"@type":"WebSite","@id":"https:\/\/progettotouring.it\/radiotouring104\/#website","url":"https:\/\/progettotouring.it\/radiotouring104\/","name":"Radio Touring 104","description":"La prima radio Reggina","publisher":{"@id":"https:\/\/progettotouring.it\/radiotouring104\/#organization"},"potentialAction":[{"@type":"SearchAction","target":{"@type":"EntryPoint","urlTemplate":"https:\/\/progettotouring.it\/radiotouring104\/?s={search_term_string}"},"query-input":{"@type":"PropertyValueSpecification","valueRequired":true,"valueName":"search_term_string"}}],"inLanguage":"it-IT"},{"@type":"Organization","@id":"https:\/\/progettotouring.it\/radiotouring104\/#organization","name":"Radio Touring 104","url":"https:\/\/progettotouring.it\/radiotouring104\/","logo":{"@type":"ImageObject","inLanguage":"it-IT","@id":"https:\/\/progettotouring.it\/radiotouring104\/#\/schema\/logo\/image\/","url":"https:\/\/progettotouring.it\/radiotouring104\/wp-content\/uploads\/sites\/6\/2022\/02\/cropped-logo-radio-touring-104.png","contentUrl":"https:\/\/progettotouring.it\/radiotouring104\/wp-content\/uploads\/sites\/6\/2022\/02\/cropped-logo-radio-touring-104.png","width":377,"height":182,"caption":"Radio Touring 104"},"image":{"@id":"https:\/\/progettotouring.it\/radiotouring104\/#\/schema\/logo\/image\/"}},{"@type":"Person","@id":"https:\/\/progettotouring.it\/radiotouring104\/#\/schema\/person\/78613917f1851f041f7483f5af1d422e","name":"Sebastiano Plutino","image":{"@type":"ImageObject","inLanguage":"it-IT","@id":"https:\/\/secure.gravatar.com\/avatar\/0546ffaa9b79224faf9f2a156b67a529ae861d3287c66c1d8ccfdf909bcba78d?s=96&d=mm&r=g","url":"https:\/\/secure.gravatar.com\/avatar\/0546ffaa9b79224faf9f2a156b67a529ae861d3287c66c1d8ccfdf909bcba78d?s=96&d=mm&r=g","contentUrl":"https:\/\/secure.gravatar.com\/avatar\/0546ffaa9b79224faf9f2a156b67a529ae861d3287c66c1d8ccfdf909bcba78d?s=96&d=mm&r=g","caption":"Sebastiano Plutino"},"url":"https:\/\/progettotouring.it\/radiotouring104\/author\/sebastiano\/"}]}},"jetpack_publicize_connections":[],"jetpack_featured_media_url":"https:\/\/progettotouring.it\/radiotouring104\/wp-content\/uploads\/sites\/6\/2022\/06\/disabilita-scaled.jpg","jetpack_sharing_enabled":true,"_links":{"self":[{"href":"https:\/\/progettotouring.it\/radiotouring104\/wp-json\/wp\/v2\/posts\/19366","targetHints":{"allow":["GET"]}}],"collection":[{"href":"https:\/\/progettotouring.it\/radiotouring104\/wp-json\/wp\/v2\/posts"}],"about":[{"href":"https:\/\/progettotouring.it\/radiotouring104\/wp-json\/wp\/v2\/types\/post"}],"author":[{"embeddable":true,"href":"https:\/\/progettotouring.it\/radiotouring104\/wp-json\/wp\/v2\/users\/12"}],"replies":[{"embeddable":true,"href":"https:\/\/progettotouring.it\/radiotouring104\/wp-json\/wp\/v2\/comments?post=19366"}],"version-history":[{"count":1,"href":"https:\/\/progettotouring.it\/radiotouring104\/wp-json\/wp\/v2\/posts\/19366\/revisions"}],"predecessor-version":[{"id":19367,"href":"https:\/\/progettotouring.it\/radiotouring104\/wp-json\/wp\/v2\/posts\/19366\/revisions\/19367"}],"wp:featuredmedia":[{"embeddable":true,"href":"https:\/\/progettotouring.it\/radiotouring104\/wp-json\/wp\/v2\/media\/6825"}],"wp:attachment":[{"href":"https:\/\/progettotouring.it\/radiotouring104\/wp-json\/wp\/v2\/media?parent=19366"}],"wp:term":[{"taxonomy":"category","embeddable":true,"href":"https:\/\/progettotouring.it\/radiotouring104\/wp-json\/wp\/v2\/categories?post=19366"},{"taxonomy":"post_tag","embeddable":true,"href":"https:\/\/progettotouring.it\/radiotouring104\/wp-json\/wp\/v2\/tags?post=19366"}],"curies":[{"name":"wp","href":"https:\/\/api.w.org\/{rel}","templated":true}]}}