{"id":19788,"date":"2023-02-28T11:06:36","date_gmt":"2023-02-28T10:06:36","guid":{"rendered":"https:\/\/progettotouring.it\/radiotouring104\/?p=19788"},"modified":"2023-02-28T13:01:08","modified_gmt":"2023-02-28T12:01:08","slug":"pres-ssa-coca-cola-partecipa-a-v-o-c-e-alle-imprenditrici-reggine","status":"publish","type":"post","link":"https:\/\/progettotouring.it\/radiotouring104\/2023\/02\/28\/pres-ssa-coca-cola-partecipa-a-v-o-c-e-alle-imprenditrici-reggine\/","title":{"rendered":"Pres.ssa Coca Cola partecipa a \u201cV.O.C.E.. alle imprenditrici reggine\u201d"},"content":{"rendered":"<p><em>&lt;&lt;Ho sempre creduto nella forza delle donne, ed \u00e8 proprio per questo, che il tema dell&#8217;impresa femminile, \u00e8 sempre stato uno dei primi obiettivi della mia presidenza. Oggi partiamo con la prima tappa di un progetto pi\u00f9 ampio, abbiamo la fortuna, di avere all&#8217;interno del nostro gruppo donne straordinarie, che ogni giorno dimostrano le loro capacit\u00e0 e la loro passione, nei propri ambiti lavorativi&gt;&gt;.<\/em> Cos\u00ec Salvo Presentino, presidente del Gruppo Giovani di Confindustria, in occasione dell\u2019evento \u201cV.O.C.E. \u2026 alle imprenditrici reggine\u201d, svoltosi nel Salone della sede di Confindustria Reggio Calabria. Coordinatrice dell&#8217;evento, nonch\u00e9 delegata all&#8217;impresa rosa del gruppo Giovani, <a href=\"https:\/\/www.facebook.com\/valentina.mallamaci.3?__cft__%5b0%5d=AZVTF12-PvNbpK5v9NRuy2249BH1ENf95TrzvSuZDwZkGRuRn4IK8mi46kLnypEMAQ5cuj_akBOdmbhFhUPBFR4_mxSKCDT5OKcZ0fYJGyUUGt208ArlmDRpKV7lTWbrViu_WnalnhVOKroUdWIvpa_urP68DyeO_pgzWUqPvwg4gg&amp;__tn__=-%5dK-R\">Valentina Mallamaci<\/a>, supportata dalle colleghe, <a href=\"https:\/\/www.facebook.com\/carmy.guerrisi?__cft__%5b0%5d=AZVTF12-PvNbpK5v9NRuy2249BH1ENf95TrzvSuZDwZkGRuRn4IK8mi46kLnypEMAQ5cuj_akBOdmbhFhUPBFR4_mxSKCDT5OKcZ0fYJGyUUGt208ArlmDRpKV7lTWbrViu_WnalnhVOKroUdWIvpa_urP68DyeO_pgzWUqPvwg4gg&amp;__tn__=-%5dK-R\">Carmela Guerrisi<\/a> e <a href=\"https:\/\/www.facebook.com\/emy.presentino?__cft__%5b0%5d=AZVTF12-PvNbpK5v9NRuy2249BH1ENf95TrzvSuZDwZkGRuRn4IK8mi46kLnypEMAQ5cuj_akBOdmbhFhUPBFR4_mxSKCDT5OKcZ0fYJGyUUGt208ArlmDRpKV7lTWbrViu_WnalnhVOKroUdWIvpa_urP68DyeO_pgzWUqPvwg4gg&amp;__tn__=-%5dK-R\">Emy Presentino<\/a>, che insieme, si occuperanno anche dell&#8217;Hub <strong>V.O.C.E.<\/strong>, Valore &#8211; Opportunit\u00e0 &#8211; Creativit\u00e0 \u2013 Empowerment, percorso dedicato alla valorizzazione dell\u2019imprenditoria femminile nel territorio. Ma importante sottolineare il supporto dell\u2019intero gruppo di imprenditrici dei Giovani di Confindustria, che nel giro di un paio di anni da una iscritta, sono diventate nove: Valentina Mallamaci, Emy Presentino, Carmela Guerrisi, Karolina Sangrigoli, Michela Polimeni, Malaga Cavalea, Annamaria Catalano, Alessia Palermiti e Federica Basile.<\/p>\n<p><em>&lt;&lt;L\u2019HUB<\/em> \u2013 specifica Valentina Mallamaci &#8211; <em>vuole essere un punto di riferimento per le donne che fanno impresa o che vogliono approcciarsi a questo mondo. Noi vogliamo essere il fulcro, per mettere insieme le varie componenti sociali, fare squadra e promuovere quello che \u00e8 gi\u00e0 un trend positivo per la Calabria, che vede in crescita le imprese femminili.&gt;&gt;<\/em><\/p>\n<p>A sottolineare il trend positivo Ninni Tramontana, presidente della Camera di Commercio di Reggio Calabria, presente al tavolo dei lavori, moderati dal giornalista Antonino Raso. <em>&lt;&lt;Sul territorio metropolitano, l\u2019imprenditoria femminile, cresce ogni anno sempre di pi\u00f9. Secondo i dati rilevati dalla Camera di Commercio, nell\u2019ultimo rappresenta il 24% delle imprese, e segna un pi\u00f9 70 unit\u00e0. Questo ci fa ben sperare, perch\u00e9 la donna all\u2019interno delle imprese \u00e8 un valore aggiunto. Oltre alle imprese aumenta anche il capitale umano femminile, che si fa sempre pi\u00f9 numeroso, altamente formato, divenendo cos\u00ec, condizione indispensabile per far crescere la propria azienda in un mercato nazionale ed internazionale.&gt;&gt;<\/em><\/p>\n<p>Ospite d\u2019onore dell\u2019evento una delle 10 imprenditrici pi\u00f9 importanti del panorama italiano, la Presidente di Cocacola Sibeg, Dott.ssa Cristina Busi Ferruzzi, che ha intrattenuto i presenti, con la sua affascinate storia di successo.<\/p>\n<p><em>&lt;&lt;Bisogna parlare, bisogna raccontare, e soprattutto cercare di aiutare, le donne. Sono molto onorata di essere stata invitata, ritengo che le donne abbiano maggior bisogno di indirizzo per superare le difficolt\u00e0, che tutti i signori uomini giornalmente, ci mettono davanti. Le donne che vogliono fare le imprenditrici, non devono scoraggiarsi mai, neanche nei momenti peggiori, e quando ti sparano addosso, in ogni situazione, \u00e8 fondamentale sempre cercare il lato comico, quello ti aiuta e ti d\u00e0 la forza per continuare. Io l\u2019ho sempre cercato e grazie a quello ce l\u2019ho fatta. Bisogna essere convinti delle proprie idee, molto sicuri, e se serve anche pronte a cambiarle, una debolezza \u00e8 proprio, a volte, intestardirsi per un qualche piccolo motivo, in quel caso usare l\u2019istinto.&gt;&gt;<\/em><\/p>\n<p><em>&lt;&lt;Per noi \u00e8 un onore ospitare la Busi,<\/em> &#8211; ha dichiarato Emy Presentino, una delle responsabili dell\u2019HUB VO.C.E. &#8211; <em>per me rappresenta un modello ed un esempio da seguire. Siamo un bel gruppo e lavoriamo in sinergia per far crescere il nostro territorio. Oggi dedichiamo questa giornata a tutte le donne che hanno il coraggio di fare impresa in Calabria, e siamo pronte a dare tutto il nostro supporto&gt;&gt;.<\/em><\/p>\n<p><em>&lt;&lt;\u00c8 vero le donne hanno qualche difficolt\u00e0 in pi\u00f9 <\/em>&#8211; afferma Carmela Guerrisi, referente HUB &#8211; <em>io lavoro in un settore prettamente maschile e, a volte, \u00e8 difficile andare avanti. Ma nella mia azienda ho cercato di dare alle donne ruoli importanti e penso che sia necessario farlo in tutte le aziende.&gt;&gt;<\/em><\/p>\n<p>A supportare l\u2019evento, Daniela Porcino, delegata Pari Opportunit\u00e0 Universit\u00e0 Mediterranea, e Francesco Nucera, consulente finanziario. Tante anche le testimonianze del territorio di Ilaria e Giulia Speranza, Gios\u00ec Barbaro, Francesca Zavettieri, Consuelo Garzo, Maricle Zagarella e Diletta Cacciola.<\/p>\n<p>A conclusione dei lavori il presidente Giovani Imprenditori Unindustria Calabria, Umberto Barreca, <em>&lt;&lt;competenza e audacia sono un patrimonio delle imprenditrici e delle donne professioniste, che assumono un ruolo sempre pi\u00f9 di maggiore rilevanza nella societ\u00e0&gt;&gt;.<\/em><\/p>\n","protected":false},"excerpt":{"rendered":"<p>&lt;&lt;Ho sempre creduto nella forza delle donne, ed \u00e8 proprio per questo, che il tema dell&#8217;impresa femminile, \u00e8 sempre stato uno dei primi obiettivi della mia presidenza. Oggi partiamo con&hellip;<\/p>\n","protected":false},"author":12,"featured_media":19789,"comment_status":"closed","ping_status":"open","sticky":false,"template":"","format":"standard","meta":{"_jetpack_memberships_contains_paid_content":false,"footnotes":"","jetpack_publicize_message":"","jetpack_publicize_feature_enabled":true,"jetpack_social_post_already_shared":false,"jetpack_social_options":{"image_generator_settings":{"template":"highway","default_image_id":0,"font":"","enabled":false},"version":2}},"categories":[921,196,140],"tags":[10649,2191,10650,10653,10647,10648,10652,9199,10651],"class_list":["post-19788","post","type-post","status-publish","format-standard","has-post-thumbnail","hentry","category-home","category-news","category-reggio-calabria","tag-evento-v-o-c-e-alle-imprenditrici-reggine","tag-confindustria-reggio-calabria","tag-delegata-allimpresa-rosa-del-gruppo-giovani","tag-dott-ssa-cristina-busi-ferruzzi","tag-incontro-a-tema-impresa-femminile","tag-presidente-del-gruppo-giovani-di-confindustria","tag-presidente-di-cocacola-sibeg","tag-salvo-presentino","tag-valentina-mallamaci"],"yoast_head":"<!-- This site is optimized with the Yoast SEO plugin v27.2 - https:\/\/yoast.com\/product\/yoast-seo-wordpress\/ -->\n<title>Presid.ssa Coca Cola ospite a V.O.C.E. \u2026 alle imprenditrici reggine<\/title>\n<meta name=\"description\" content=\"La Presidentessa della Coca Cola ospite dell&#039;evento organizzato da Confindustria Reggio Calabria, dialoga con le imprenditrici reggine\" \/>\n<meta name=\"robots\" content=\"index, follow, max-snippet:-1, max-image-preview:large, max-video-preview:-1\" \/>\n<link rel=\"canonical\" href=\"https:\/\/progettotouring.it\/radiotouring104\/2023\/02\/28\/pres-ssa-coca-cola-partecipa-a-v-o-c-e-alle-imprenditrici-reggine\/\" \/>\n<meta property=\"og:locale\" content=\"it_IT\" \/>\n<meta property=\"og:type\" content=\"article\" \/>\n<meta property=\"og:title\" content=\"Presid.ssa Coca Cola ospite a V.O.C.E. \u2026 alle imprenditrici reggine\" \/>\n<meta property=\"og:description\" content=\"La Presidentessa della Coca Cola ospite dell&#039;evento organizzato da Confindustria Reggio Calabria, dialoga con le imprenditrici reggine\" \/>\n<meta property=\"og:url\" content=\"https:\/\/progettotouring.it\/radiotouring104\/2023\/02\/28\/pres-ssa-coca-cola-partecipa-a-v-o-c-e-alle-imprenditrici-reggine\/\" \/>\n<meta property=\"og:site_name\" content=\"Radio Touring 104\" \/>\n<meta property=\"article:published_time\" content=\"2023-02-28T10:06:36+00:00\" \/>\n<meta property=\"article:modified_time\" content=\"2023-02-28T12:01:08+00:00\" \/>\n<meta property=\"og:image\" content=\"https:\/\/progettotouring.it\/radiotouring104\/wp-content\/uploads\/sites\/6\/2023\/02\/Confindustria-Reggio-e-Presidentessa-Coca-Cola.jpg\" \/>\n\t<meta property=\"og:image:width\" content=\"1044\" \/>\n\t<meta property=\"og:image:height\" content=\"717\" \/>\n\t<meta property=\"og:image:type\" content=\"image\/jpeg\" \/>\n<meta name=\"author\" content=\"Sebastiano Plutino\" \/>\n<meta name=\"twitter:card\" content=\"summary_large_image\" \/>\n<meta name=\"twitter:label1\" content=\"Scritto da\" \/>\n\t<meta name=\"twitter:data1\" content=\"Sebastiano Plutino\" \/>\n\t<meta name=\"twitter:label2\" content=\"Tempo di lettura stimato\" \/>\n\t<meta name=\"twitter:data2\" content=\"4 minuti\" \/>\n<script type=\"application\/ld+json\" class=\"yoast-schema-graph\">{\"@context\":\"https:\/\/schema.org\",\"@graph\":[{\"@type\":\"Article\",\"@id\":\"https:\/\/progettotouring.it\/radiotouring104\/2023\/02\/28\/pres-ssa-coca-cola-partecipa-a-v-o-c-e-alle-imprenditrici-reggine\/#article\",\"isPartOf\":{\"@id\":\"https:\/\/progettotouring.it\/radiotouring104\/2023\/02\/28\/pres-ssa-coca-cola-partecipa-a-v-o-c-e-alle-imprenditrici-reggine\/\"},\"author\":{\"name\":\"Sebastiano Plutino\",\"@id\":\"https:\/\/progettotouring.it\/radiotouring104\/#\/schema\/person\/78613917f1851f041f7483f5af1d422e\"},\"headline\":\"Pres.ssa Coca Cola partecipa a \u201cV.O.C.E.. alle imprenditrici reggine\u201d\",\"datePublished\":\"2023-02-28T10:06:36+00:00\",\"dateModified\":\"2023-02-28T12:01:08+00:00\",\"mainEntityOfPage\":{\"@id\":\"https:\/\/progettotouring.it\/radiotouring104\/2023\/02\/28\/pres-ssa-coca-cola-partecipa-a-v-o-c-e-alle-imprenditrici-reggine\/\"},\"wordCount\":737,\"publisher\":{\"@id\":\"https:\/\/progettotouring.it\/radiotouring104\/#organization\"},\"image\":{\"@id\":\"https:\/\/progettotouring.it\/radiotouring104\/2023\/02\/28\/pres-ssa-coca-cola-partecipa-a-v-o-c-e-alle-imprenditrici-reggine\/#primaryimage\"},\"thumbnailUrl\":\"https:\/\/progettotouring.it\/radiotouring104\/wp-content\/uploads\/sites\/6\/2023\/02\/Confindustria-Reggio-e-Presidentessa-Coca-Cola.jpg\",\"keywords\":[\"\u2019evento \u201cV.O.C.E. \u2026 alle imprenditrici reggine\u201d\",\"Confindustria Reggio Calabria\",\"delegata all'impresa rosa del gruppo Giovani\",\"Dott.ssa Cristina Busi Ferruzzi\",\"incontro a tema impresa femminile\",\"presidente del Gruppo Giovani di Confindustria\",\"Presidente di Cocacola Sibeg\",\"Salvo Presentino\",\"Valentina Mallamaci\"],\"articleSection\":[\"Home\",\"News\",\"Reggio Calabria\"],\"inLanguage\":\"it-IT\"},{\"@type\":\"WebPage\",\"@id\":\"https:\/\/progettotouring.it\/radiotouring104\/2023\/02\/28\/pres-ssa-coca-cola-partecipa-a-v-o-c-e-alle-imprenditrici-reggine\/\",\"url\":\"https:\/\/progettotouring.it\/radiotouring104\/2023\/02\/28\/pres-ssa-coca-cola-partecipa-a-v-o-c-e-alle-imprenditrici-reggine\/\",\"name\":\"Presid.ssa Coca Cola ospite a V.O.C.E. \u2026 alle imprenditrici reggine\",\"isPartOf\":{\"@id\":\"https:\/\/progettotouring.it\/radiotouring104\/#website\"},\"primaryImageOfPage\":{\"@id\":\"https:\/\/progettotouring.it\/radiotouring104\/2023\/02\/28\/pres-ssa-coca-cola-partecipa-a-v-o-c-e-alle-imprenditrici-reggine\/#primaryimage\"},\"image\":{\"@id\":\"https:\/\/progettotouring.it\/radiotouring104\/2023\/02\/28\/pres-ssa-coca-cola-partecipa-a-v-o-c-e-alle-imprenditrici-reggine\/#primaryimage\"},\"thumbnailUrl\":\"https:\/\/progettotouring.it\/radiotouring104\/wp-content\/uploads\/sites\/6\/2023\/02\/Confindustria-Reggio-e-Presidentessa-Coca-Cola.jpg\",\"datePublished\":\"2023-02-28T10:06:36+00:00\",\"dateModified\":\"2023-02-28T12:01:08+00:00\",\"description\":\"La Presidentessa della Coca Cola ospite dell'evento organizzato da Confindustria Reggio Calabria, dialoga con le imprenditrici reggine\",\"breadcrumb\":{\"@id\":\"https:\/\/progettotouring.it\/radiotouring104\/2023\/02\/28\/pres-ssa-coca-cola-partecipa-a-v-o-c-e-alle-imprenditrici-reggine\/#breadcrumb\"},\"inLanguage\":\"it-IT\",\"potentialAction\":[{\"@type\":\"ReadAction\",\"target\":[\"https:\/\/progettotouring.it\/radiotouring104\/2023\/02\/28\/pres-ssa-coca-cola-partecipa-a-v-o-c-e-alle-imprenditrici-reggine\/\"]}]},{\"@type\":\"ImageObject\",\"inLanguage\":\"it-IT\",\"@id\":\"https:\/\/progettotouring.it\/radiotouring104\/2023\/02\/28\/pres-ssa-coca-cola-partecipa-a-v-o-c-e-alle-imprenditrici-reggine\/#primaryimage\",\"url\":\"https:\/\/progettotouring.it\/radiotouring104\/wp-content\/uploads\/sites\/6\/2023\/02\/Confindustria-Reggio-e-Presidentessa-Coca-Cola.jpg\",\"contentUrl\":\"https:\/\/progettotouring.it\/radiotouring104\/wp-content\/uploads\/sites\/6\/2023\/02\/Confindustria-Reggio-e-Presidentessa-Coca-Cola.jpg\",\"width\":1044,\"height\":717},{\"@type\":\"BreadcrumbList\",\"@id\":\"https:\/\/progettotouring.it\/radiotouring104\/2023\/02\/28\/pres-ssa-coca-cola-partecipa-a-v-o-c-e-alle-imprenditrici-reggine\/#breadcrumb\",\"itemListElement\":[{\"@type\":\"ListItem\",\"position\":1,\"name\":\"Home\",\"item\":\"https:\/\/progettotouring.it\/radiotouring104\/\"},{\"@type\":\"ListItem\",\"position\":2,\"name\":\"Pres.ssa Coca Cola partecipa a \u201cV.O.C.E.. alle imprenditrici reggine\u201d\"}]},{\"@type\":\"WebSite\",\"@id\":\"https:\/\/progettotouring.it\/radiotouring104\/#website\",\"url\":\"https:\/\/progettotouring.it\/radiotouring104\/\",\"name\":\"Radio Touring 104\",\"description\":\"La prima radio Reggina\",\"publisher\":{\"@id\":\"https:\/\/progettotouring.it\/radiotouring104\/#organization\"},\"potentialAction\":[{\"@type\":\"SearchAction\",\"target\":{\"@type\":\"EntryPoint\",\"urlTemplate\":\"https:\/\/progettotouring.it\/radiotouring104\/?s={search_term_string}\"},\"query-input\":{\"@type\":\"PropertyValueSpecification\",\"valueRequired\":true,\"valueName\":\"search_term_string\"}}],\"inLanguage\":\"it-IT\"},{\"@type\":\"Organization\",\"@id\":\"https:\/\/progettotouring.it\/radiotouring104\/#organization\",\"name\":\"Radio Touring 104\",\"url\":\"https:\/\/progettotouring.it\/radiotouring104\/\",\"logo\":{\"@type\":\"ImageObject\",\"inLanguage\":\"it-IT\",\"@id\":\"https:\/\/progettotouring.it\/radiotouring104\/#\/schema\/logo\/image\/\",\"url\":\"https:\/\/progettotouring.it\/radiotouring104\/wp-content\/uploads\/sites\/6\/2022\/02\/cropped-logo-radio-touring-104.png\",\"contentUrl\":\"https:\/\/progettotouring.it\/radiotouring104\/wp-content\/uploads\/sites\/6\/2022\/02\/cropped-logo-radio-touring-104.png\",\"width\":377,\"height\":182,\"caption\":\"Radio Touring 104\"},\"image\":{\"@id\":\"https:\/\/progettotouring.it\/radiotouring104\/#\/schema\/logo\/image\/\"}},{\"@type\":\"Person\",\"@id\":\"https:\/\/progettotouring.it\/radiotouring104\/#\/schema\/person\/78613917f1851f041f7483f5af1d422e\",\"name\":\"Sebastiano Plutino\",\"image\":{\"@type\":\"ImageObject\",\"inLanguage\":\"it-IT\",\"@id\":\"https:\/\/secure.gravatar.com\/avatar\/0546ffaa9b79224faf9f2a156b67a529ae861d3287c66c1d8ccfdf909bcba78d?s=96&d=mm&r=g\",\"url\":\"https:\/\/secure.gravatar.com\/avatar\/0546ffaa9b79224faf9f2a156b67a529ae861d3287c66c1d8ccfdf909bcba78d?s=96&d=mm&r=g\",\"contentUrl\":\"https:\/\/secure.gravatar.com\/avatar\/0546ffaa9b79224faf9f2a156b67a529ae861d3287c66c1d8ccfdf909bcba78d?s=96&d=mm&r=g\",\"caption\":\"Sebastiano Plutino\"},\"url\":\"https:\/\/progettotouring.it\/radiotouring104\/author\/sebastiano\/\"}]}<\/script>\n<!-- \/ Yoast SEO plugin. -->","yoast_head_json":{"title":"Presid.ssa Coca Cola ospite a V.O.C.E. \u2026 alle imprenditrici reggine","description":"La Presidentessa della Coca Cola ospite dell'evento organizzato da Confindustria Reggio Calabria, dialoga con le imprenditrici reggine","robots":{"index":"index","follow":"follow","max-snippet":"max-snippet:-1","max-image-preview":"max-image-preview:large","max-video-preview":"max-video-preview:-1"},"canonical":"https:\/\/progettotouring.it\/radiotouring104\/2023\/02\/28\/pres-ssa-coca-cola-partecipa-a-v-o-c-e-alle-imprenditrici-reggine\/","og_locale":"it_IT","og_type":"article","og_title":"Presid.ssa Coca Cola ospite a V.O.C.E. \u2026 alle imprenditrici reggine","og_description":"La Presidentessa della Coca Cola ospite dell'evento organizzato da Confindustria Reggio Calabria, dialoga con le imprenditrici reggine","og_url":"https:\/\/progettotouring.it\/radiotouring104\/2023\/02\/28\/pres-ssa-coca-cola-partecipa-a-v-o-c-e-alle-imprenditrici-reggine\/","og_site_name":"Radio Touring 104","article_published_time":"2023-02-28T10:06:36+00:00","article_modified_time":"2023-02-28T12:01:08+00:00","og_image":[{"width":1044,"height":717,"url":"https:\/\/progettotouring.it\/radiotouring104\/wp-content\/uploads\/sites\/6\/2023\/02\/Confindustria-Reggio-e-Presidentessa-Coca-Cola.jpg","type":"image\/jpeg"}],"author":"Sebastiano Plutino","twitter_card":"summary_large_image","twitter_misc":{"Scritto da":"Sebastiano Plutino","Tempo di lettura stimato":"4 minuti"},"schema":{"@context":"https:\/\/schema.org","@graph":[{"@type":"Article","@id":"https:\/\/progettotouring.it\/radiotouring104\/2023\/02\/28\/pres-ssa-coca-cola-partecipa-a-v-o-c-e-alle-imprenditrici-reggine\/#article","isPartOf":{"@id":"https:\/\/progettotouring.it\/radiotouring104\/2023\/02\/28\/pres-ssa-coca-cola-partecipa-a-v-o-c-e-alle-imprenditrici-reggine\/"},"author":{"name":"Sebastiano Plutino","@id":"https:\/\/progettotouring.it\/radiotouring104\/#\/schema\/person\/78613917f1851f041f7483f5af1d422e"},"headline":"Pres.ssa Coca Cola partecipa a \u201cV.O.C.E.. alle imprenditrici reggine\u201d","datePublished":"2023-02-28T10:06:36+00:00","dateModified":"2023-02-28T12:01:08+00:00","mainEntityOfPage":{"@id":"https:\/\/progettotouring.it\/radiotouring104\/2023\/02\/28\/pres-ssa-coca-cola-partecipa-a-v-o-c-e-alle-imprenditrici-reggine\/"},"wordCount":737,"publisher":{"@id":"https:\/\/progettotouring.it\/radiotouring104\/#organization"},"image":{"@id":"https:\/\/progettotouring.it\/radiotouring104\/2023\/02\/28\/pres-ssa-coca-cola-partecipa-a-v-o-c-e-alle-imprenditrici-reggine\/#primaryimage"},"thumbnailUrl":"https:\/\/progettotouring.it\/radiotouring104\/wp-content\/uploads\/sites\/6\/2023\/02\/Confindustria-Reggio-e-Presidentessa-Coca-Cola.jpg","keywords":["\u2019evento \u201cV.O.C.E. \u2026 alle imprenditrici reggine\u201d","Confindustria Reggio Calabria","delegata all'impresa rosa del gruppo Giovani","Dott.ssa Cristina Busi Ferruzzi","incontro a tema impresa femminile","presidente del Gruppo Giovani di Confindustria","Presidente di Cocacola Sibeg","Salvo Presentino","Valentina Mallamaci"],"articleSection":["Home","News","Reggio Calabria"],"inLanguage":"it-IT"},{"@type":"WebPage","@id":"https:\/\/progettotouring.it\/radiotouring104\/2023\/02\/28\/pres-ssa-coca-cola-partecipa-a-v-o-c-e-alle-imprenditrici-reggine\/","url":"https:\/\/progettotouring.it\/radiotouring104\/2023\/02\/28\/pres-ssa-coca-cola-partecipa-a-v-o-c-e-alle-imprenditrici-reggine\/","name":"Presid.ssa Coca Cola ospite a V.O.C.E. \u2026 alle imprenditrici reggine","isPartOf":{"@id":"https:\/\/progettotouring.it\/radiotouring104\/#website"},"primaryImageOfPage":{"@id":"https:\/\/progettotouring.it\/radiotouring104\/2023\/02\/28\/pres-ssa-coca-cola-partecipa-a-v-o-c-e-alle-imprenditrici-reggine\/#primaryimage"},"image":{"@id":"https:\/\/progettotouring.it\/radiotouring104\/2023\/02\/28\/pres-ssa-coca-cola-partecipa-a-v-o-c-e-alle-imprenditrici-reggine\/#primaryimage"},"thumbnailUrl":"https:\/\/progettotouring.it\/radiotouring104\/wp-content\/uploads\/sites\/6\/2023\/02\/Confindustria-Reggio-e-Presidentessa-Coca-Cola.jpg","datePublished":"2023-02-28T10:06:36+00:00","dateModified":"2023-02-28T12:01:08+00:00","description":"La Presidentessa della Coca Cola ospite dell'evento organizzato da Confindustria Reggio Calabria, dialoga con le imprenditrici reggine","breadcrumb":{"@id":"https:\/\/progettotouring.it\/radiotouring104\/2023\/02\/28\/pres-ssa-coca-cola-partecipa-a-v-o-c-e-alle-imprenditrici-reggine\/#breadcrumb"},"inLanguage":"it-IT","potentialAction":[{"@type":"ReadAction","target":["https:\/\/progettotouring.it\/radiotouring104\/2023\/02\/28\/pres-ssa-coca-cola-partecipa-a-v-o-c-e-alle-imprenditrici-reggine\/"]}]},{"@type":"ImageObject","inLanguage":"it-IT","@id":"https:\/\/progettotouring.it\/radiotouring104\/2023\/02\/28\/pres-ssa-coca-cola-partecipa-a-v-o-c-e-alle-imprenditrici-reggine\/#primaryimage","url":"https:\/\/progettotouring.it\/radiotouring104\/wp-content\/uploads\/sites\/6\/2023\/02\/Confindustria-Reggio-e-Presidentessa-Coca-Cola.jpg","contentUrl":"https:\/\/progettotouring.it\/radiotouring104\/wp-content\/uploads\/sites\/6\/2023\/02\/Confindustria-Reggio-e-Presidentessa-Coca-Cola.jpg","width":1044,"height":717},{"@type":"BreadcrumbList","@id":"https:\/\/progettotouring.it\/radiotouring104\/2023\/02\/28\/pres-ssa-coca-cola-partecipa-a-v-o-c-e-alle-imprenditrici-reggine\/#breadcrumb","itemListElement":[{"@type":"ListItem","position":1,"name":"Home","item":"https:\/\/progettotouring.it\/radiotouring104\/"},{"@type":"ListItem","position":2,"name":"Pres.ssa Coca Cola partecipa a \u201cV.O.C.E.. alle imprenditrici reggine\u201d"}]},{"@type":"WebSite","@id":"https:\/\/progettotouring.it\/radiotouring104\/#website","url":"https:\/\/progettotouring.it\/radiotouring104\/","name":"Radio Touring 104","description":"La prima radio Reggina","publisher":{"@id":"https:\/\/progettotouring.it\/radiotouring104\/#organization"},"potentialAction":[{"@type":"SearchAction","target":{"@type":"EntryPoint","urlTemplate":"https:\/\/progettotouring.it\/radiotouring104\/?s={search_term_string}"},"query-input":{"@type":"PropertyValueSpecification","valueRequired":true,"valueName":"search_term_string"}}],"inLanguage":"it-IT"},{"@type":"Organization","@id":"https:\/\/progettotouring.it\/radiotouring104\/#organization","name":"Radio Touring 104","url":"https:\/\/progettotouring.it\/radiotouring104\/","logo":{"@type":"ImageObject","inLanguage":"it-IT","@id":"https:\/\/progettotouring.it\/radiotouring104\/#\/schema\/logo\/image\/","url":"https:\/\/progettotouring.it\/radiotouring104\/wp-content\/uploads\/sites\/6\/2022\/02\/cropped-logo-radio-touring-104.png","contentUrl":"https:\/\/progettotouring.it\/radiotouring104\/wp-content\/uploads\/sites\/6\/2022\/02\/cropped-logo-radio-touring-104.png","width":377,"height":182,"caption":"Radio Touring 104"},"image":{"@id":"https:\/\/progettotouring.it\/radiotouring104\/#\/schema\/logo\/image\/"}},{"@type":"Person","@id":"https:\/\/progettotouring.it\/radiotouring104\/#\/schema\/person\/78613917f1851f041f7483f5af1d422e","name":"Sebastiano Plutino","image":{"@type":"ImageObject","inLanguage":"it-IT","@id":"https:\/\/secure.gravatar.com\/avatar\/0546ffaa9b79224faf9f2a156b67a529ae861d3287c66c1d8ccfdf909bcba78d?s=96&d=mm&r=g","url":"https:\/\/secure.gravatar.com\/avatar\/0546ffaa9b79224faf9f2a156b67a529ae861d3287c66c1d8ccfdf909bcba78d?s=96&d=mm&r=g","contentUrl":"https:\/\/secure.gravatar.com\/avatar\/0546ffaa9b79224faf9f2a156b67a529ae861d3287c66c1d8ccfdf909bcba78d?s=96&d=mm&r=g","caption":"Sebastiano Plutino"},"url":"https:\/\/progettotouring.it\/radiotouring104\/author\/sebastiano\/"}]}},"jetpack_publicize_connections":[],"jetpack_featured_media_url":"https:\/\/progettotouring.it\/radiotouring104\/wp-content\/uploads\/sites\/6\/2023\/02\/Confindustria-Reggio-e-Presidentessa-Coca-Cola.jpg","jetpack_sharing_enabled":true,"_links":{"self":[{"href":"https:\/\/progettotouring.it\/radiotouring104\/wp-json\/wp\/v2\/posts\/19788","targetHints":{"allow":["GET"]}}],"collection":[{"href":"https:\/\/progettotouring.it\/radiotouring104\/wp-json\/wp\/v2\/posts"}],"about":[{"href":"https:\/\/progettotouring.it\/radiotouring104\/wp-json\/wp\/v2\/types\/post"}],"author":[{"embeddable":true,"href":"https:\/\/progettotouring.it\/radiotouring104\/wp-json\/wp\/v2\/users\/12"}],"replies":[{"embeddable":true,"href":"https:\/\/progettotouring.it\/radiotouring104\/wp-json\/wp\/v2\/comments?post=19788"}],"version-history":[{"count":2,"href":"https:\/\/progettotouring.it\/radiotouring104\/wp-json\/wp\/v2\/posts\/19788\/revisions"}],"predecessor-version":[{"id":19825,"href":"https:\/\/progettotouring.it\/radiotouring104\/wp-json\/wp\/v2\/posts\/19788\/revisions\/19825"}],"wp:featuredmedia":[{"embeddable":true,"href":"https:\/\/progettotouring.it\/radiotouring104\/wp-json\/wp\/v2\/media\/19789"}],"wp:attachment":[{"href":"https:\/\/progettotouring.it\/radiotouring104\/wp-json\/wp\/v2\/media?parent=19788"}],"wp:term":[{"taxonomy":"category","embeddable":true,"href":"https:\/\/progettotouring.it\/radiotouring104\/wp-json\/wp\/v2\/categories?post=19788"},{"taxonomy":"post_tag","embeddable":true,"href":"https:\/\/progettotouring.it\/radiotouring104\/wp-json\/wp\/v2\/tags?post=19788"}],"curies":[{"name":"wp","href":"https:\/\/api.w.org\/{rel}","templated":true}]}}