{"id":19791,"date":"2023-02-28T11:27:00","date_gmt":"2023-02-28T10:27:00","guid":{"rendered":"https:\/\/progettotouring.it\/radiotouring104\/?p=19791"},"modified":"2023-02-28T11:32:54","modified_gmt":"2023-02-28T10:32:54","slug":"ndrangheta-ricostruita-vicenda-tritolo-in-comune-reggio","status":"publish","type":"post","link":"https:\/\/progettotouring.it\/radiotouring104\/2023\/02\/28\/ndrangheta-ricostruita-vicenda-tritolo-in-comune-reggio\/","title":{"rendered":"&#8216;Ndrangheta, ricostruita vicenda tritolo in Comune Reggio"},"content":{"rendered":"<p>Chi rinviene l&#8217;esplosivo al Comune di Reggio Calabria il 6 ottobre 2004 \u00e8 il questore Vincenzo Speranza. Attraverso una serie di passaggi, che coinvolgono alcuni appartenenti al servizio di sicurezza militare, e in particolare Marco Mancini, possiamo affermare che chi cercava l&#8217;esplosivo sapeva perfettamente dove era stato collocato&#8221;. Lo ha detto il procuratore aggiunto Giuseppe Lombardo nel corso della requisitoria del processo &#8220;&#8216;Ndrangheta stragista&#8221; che si sta celebrando davanti alla Corte d&#8217;Assise d&#8217;Appello di Reggio Calabria e che vede imputati il boss di Brancaccio Giuseppe Graviano e Rocco Santo Filippone, condannati in primo grado all&#8217;ergastolo per il duplice omicidio dei carabinieri Antonino Fava e Vincenzo Garofalo. Durante il suo intervento il magistrato si \u00e8 soffermato sulla vicenda del tritolo trovato a Palazzo San Giorgio nel 2004 quando, stando alla sua ricostruzione, la componente riservata della &#8216;ndrangheta reggina avrebbe provocato la crisi politica al Comune all&#8217;epoca guidato da Giuseppe Scopelliti. &#8220;Gli stava facendo la crisi chi lo ha portato l\u00e0&#8221;, ha detto Lombardo secondo cui, quando Scopelliti si rese conto di non potersi disallineare, arriv\u00f2 il tritolo che consenti al politico di diventare &#8220;il terzo sindaco pi\u00f9 amato d&#8217;Italia per molto tempo. Merito dell&#8217;esplosivo&#8221;. Il magistrato ha ricordato la relazione di servizio della questura su una &#8220;fonte fiduciaria&#8221; che indicava come organizzatore del finto attentato tale Giuseppe Schirinzi, noto estremista di destra promotore, in quegli anni, della manifestazione &#8220;La Regata di Ulisse&#8221;. &#8220;Per organizzare quella regata &#8211; ha detto Lombardo &#8211; il sindaco Scopelliti e la giunta comunale hanno riconosciuto un finanziamento pari a 700mila euro&#8221;. Soldi che &#8220;sono arrivati a Schirinzi il quale, invece di destinarli alla &#8216;Regata di Ulisse&#8217;, li ha prelevati tutti per destinarli non sappiamo a che cosa. Che cosa \u00e8 stato pagato a Schirinzi con quei 700mila euro? Magari il fatto di aver collocato l&#8217;esplosivo e aver consentito al sindaco Scopelliti di acquisire visibilit\u00e0 nazionale e, quindi, la credibilit\u00e0 che aveva perso?&#8221;. Domani mattina proseguir\u00e0 la requisitoria. Oggi fuori dalla Corte d&#8217;Appello \u00e8 stata organizzato un sit-in di vicinanza al procuratore aggiunto Giuseppe Lombardo che chieder\u00e0 la conferma dell&#8217;ergastolo per gli imputati Graviano e Filippone. (ANSA).<\/p>\n","protected":false},"excerpt":{"rendered":"<p>Chi rinviene l&#8217;esplosivo al Comune di Reggio Calabria il 6 ottobre 2004 \u00e8 il questore Vincenzo Speranza. Attraverso una serie di passaggi, che coinvolgono alcuni appartenenti al servizio di sicurezza&hellip;<\/p>\n","protected":false},"author":12,"featured_media":14170,"comment_status":"closed","ping_status":"open","sticky":false,"template":"","format":"standard","meta":{"_jetpack_memberships_contains_paid_content":false,"footnotes":"","jetpack_publicize_message":"","jetpack_publicize_feature_enabled":true,"jetpack_social_post_already_shared":false,"jetpack_social_options":{"image_generator_settings":{"template":"highway","default_image_id":0,"font":"","enabled":false},"version":2}},"categories":[921,150,196,140],"tags":[10661,10659,10662,10663,10657,10658,10656,10654,10655,10664,10660],"class_list":["post-19791","post","type-post","status-publish","format-standard","has-post-thumbnail","hentry","category-home","category-in-primo-piano","category-news","category-reggio-calabria","tag-componente-ndrangheta-provoco-crisi-politica-giunta-scopelliti","tag-duplice-omicidio-dei-carabinieri-antonino-fava-e-vincenzo-garofalo","tag-giuseppe-schirinzi","tag-manifestazione-la-regata-di-ulisse","tag-marco-mancini","tag-processo-ndrangheta-a-boss-graviano-e-filippone","tag-procuratore-aggiunto-giuseppe-lombardo","tag-questore-vincenzo-speranza","tag-requisitoria-processo-ndrangheta-stragista","tag-sconosciuto-utilizzo-di-fondi-comunali-a-schirinzi-per-regata-di-ulisse","tag-tritolo-piazzato-da-ndrangheta-a-palazzo-san-giorgio"],"yoast_head":"<!-- This site is optimized with the Yoast SEO plugin v27.2 - https:\/\/yoast.com\/product\/yoast-seo-wordpress\/ -->\n<title>&#039;Ndrangheta, ricostruita vicenda tritolo in Comune Reggio<\/title>\n<meta name=\"description\" content=\"Per il Procuratore aggiunto Lombardo, in requisitoria del processo &quot;&#039;Ndrangheta stragista&quot;. la &#039;Ndrangheta provoc\u00f2 la crisi politica comunale\" \/>\n<meta name=\"robots\" content=\"index, follow, max-snippet:-1, max-image-preview:large, max-video-preview:-1\" \/>\n<link rel=\"canonical\" href=\"https:\/\/progettotouring.it\/radiotouring104\/2023\/02\/28\/ndrangheta-ricostruita-vicenda-tritolo-in-comune-reggio\/\" \/>\n<meta property=\"og:locale\" content=\"it_IT\" \/>\n<meta property=\"og:type\" content=\"article\" \/>\n<meta property=\"og:title\" content=\"&#039;Ndrangheta, ricostruita vicenda tritolo in Comune Reggio\" \/>\n<meta property=\"og:description\" content=\"Per il Procuratore aggiunto Lombardo, in requisitoria del processo &quot;&#039;Ndrangheta stragista&quot;. la &#039;Ndrangheta provoc\u00f2 la crisi politica comunale\" \/>\n<meta property=\"og:url\" content=\"https:\/\/progettotouring.it\/radiotouring104\/2023\/02\/28\/ndrangheta-ricostruita-vicenda-tritolo-in-comune-reggio\/\" \/>\n<meta property=\"og:site_name\" content=\"Radio Touring 104\" \/>\n<meta property=\"article:published_time\" content=\"2023-02-28T10:27:00+00:00\" \/>\n<meta property=\"article:modified_time\" content=\"2023-02-28T10:32:54+00:00\" \/>\n<meta property=\"og:image\" content=\"https:\/\/progettotouring.it\/radiotouring104\/wp-content\/uploads\/sites\/6\/2022\/12\/Cedir-Reggio-Calabria.jpg\" \/>\n\t<meta property=\"og:image:width\" content=\"457\" \/>\n\t<meta property=\"og:image:height\" content=\"343\" \/>\n\t<meta property=\"og:image:type\" content=\"image\/jpeg\" \/>\n<meta name=\"author\" content=\"Sebastiano Plutino\" \/>\n<meta name=\"twitter:card\" content=\"summary_large_image\" \/>\n<meta name=\"twitter:label1\" content=\"Scritto da\" \/>\n\t<meta name=\"twitter:data1\" content=\"Sebastiano Plutino\" \/>\n\t<meta name=\"twitter:label2\" content=\"Tempo di lettura stimato\" \/>\n\t<meta name=\"twitter:data2\" content=\"2 minuti\" \/>\n<script type=\"application\/ld+json\" class=\"yoast-schema-graph\">{\"@context\":\"https:\/\/schema.org\",\"@graph\":[{\"@type\":\"Article\",\"@id\":\"https:\/\/progettotouring.it\/radiotouring104\/2023\/02\/28\/ndrangheta-ricostruita-vicenda-tritolo-in-comune-reggio\/#article\",\"isPartOf\":{\"@id\":\"https:\/\/progettotouring.it\/radiotouring104\/2023\/02\/28\/ndrangheta-ricostruita-vicenda-tritolo-in-comune-reggio\/\"},\"author\":{\"name\":\"Sebastiano Plutino\",\"@id\":\"https:\/\/progettotouring.it\/radiotouring104\/#\/schema\/person\/78613917f1851f041f7483f5af1d422e\"},\"headline\":\"&#8216;Ndrangheta, ricostruita vicenda tritolo in Comune Reggio\",\"datePublished\":\"2023-02-28T10:27:00+00:00\",\"dateModified\":\"2023-02-28T10:32:54+00:00\",\"mainEntityOfPage\":{\"@id\":\"https:\/\/progettotouring.it\/radiotouring104\/2023\/02\/28\/ndrangheta-ricostruita-vicenda-tritolo-in-comune-reggio\/\"},\"wordCount\":350,\"publisher\":{\"@id\":\"https:\/\/progettotouring.it\/radiotouring104\/#organization\"},\"image\":{\"@id\":\"https:\/\/progettotouring.it\/radiotouring104\/2023\/02\/28\/ndrangheta-ricostruita-vicenda-tritolo-in-comune-reggio\/#primaryimage\"},\"thumbnailUrl\":\"https:\/\/progettotouring.it\/radiotouring104\/wp-content\/uploads\/sites\/6\/2022\/12\/Cedir-Reggio-Calabria.jpg\",\"keywords\":[\"componente 'Ndrangheta provoc\u00f2 crisi politica giunta Scopelliti\",\"duplice omicidio dei carabinieri Antonino Fava e Vincenzo Garofalo\",\"Giuseppe Schirinzi\",\"manifestazione \\\"La Regata di Ulisse\\\"\",\"Marco Mancini\",\"processo 'Ndrangheta a boss Graviano e Filippone\",\"Procuratore aggiunto Giuseppe Lombardo\",\"questore Vincenzo Speranza.\",\"requisitoria processo \\\"'Ndrangheta stragista\\\"\",\"sconosciuto utilizzo di fondi comunali a Schirinzi per Regata di Ulisse\",\"tritolo piazzato da 'Ndrangheta a Palazzo San Giorgio\"],\"articleSection\":[\"Home\",\"In primo piano\",\"News\",\"Reggio Calabria\"],\"inLanguage\":\"it-IT\"},{\"@type\":\"WebPage\",\"@id\":\"https:\/\/progettotouring.it\/radiotouring104\/2023\/02\/28\/ndrangheta-ricostruita-vicenda-tritolo-in-comune-reggio\/\",\"url\":\"https:\/\/progettotouring.it\/radiotouring104\/2023\/02\/28\/ndrangheta-ricostruita-vicenda-tritolo-in-comune-reggio\/\",\"name\":\"'Ndrangheta, ricostruita vicenda tritolo in Comune Reggio\",\"isPartOf\":{\"@id\":\"https:\/\/progettotouring.it\/radiotouring104\/#website\"},\"primaryImageOfPage\":{\"@id\":\"https:\/\/progettotouring.it\/radiotouring104\/2023\/02\/28\/ndrangheta-ricostruita-vicenda-tritolo-in-comune-reggio\/#primaryimage\"},\"image\":{\"@id\":\"https:\/\/progettotouring.it\/radiotouring104\/2023\/02\/28\/ndrangheta-ricostruita-vicenda-tritolo-in-comune-reggio\/#primaryimage\"},\"thumbnailUrl\":\"https:\/\/progettotouring.it\/radiotouring104\/wp-content\/uploads\/sites\/6\/2022\/12\/Cedir-Reggio-Calabria.jpg\",\"datePublished\":\"2023-02-28T10:27:00+00:00\",\"dateModified\":\"2023-02-28T10:32:54+00:00\",\"description\":\"Per il Procuratore aggiunto Lombardo, in requisitoria del processo \\\"'Ndrangheta stragista\\\". la 'Ndrangheta provoc\u00f2 la crisi politica comunale\",\"breadcrumb\":{\"@id\":\"https:\/\/progettotouring.it\/radiotouring104\/2023\/02\/28\/ndrangheta-ricostruita-vicenda-tritolo-in-comune-reggio\/#breadcrumb\"},\"inLanguage\":\"it-IT\",\"potentialAction\":[{\"@type\":\"ReadAction\",\"target\":[\"https:\/\/progettotouring.it\/radiotouring104\/2023\/02\/28\/ndrangheta-ricostruita-vicenda-tritolo-in-comune-reggio\/\"]}]},{\"@type\":\"ImageObject\",\"inLanguage\":\"it-IT\",\"@id\":\"https:\/\/progettotouring.it\/radiotouring104\/2023\/02\/28\/ndrangheta-ricostruita-vicenda-tritolo-in-comune-reggio\/#primaryimage\",\"url\":\"https:\/\/progettotouring.it\/radiotouring104\/wp-content\/uploads\/sites\/6\/2022\/12\/Cedir-Reggio-Calabria.jpg\",\"contentUrl\":\"https:\/\/progettotouring.it\/radiotouring104\/wp-content\/uploads\/sites\/6\/2022\/12\/Cedir-Reggio-Calabria.jpg\",\"width\":457,\"height\":343},{\"@type\":\"BreadcrumbList\",\"@id\":\"https:\/\/progettotouring.it\/radiotouring104\/2023\/02\/28\/ndrangheta-ricostruita-vicenda-tritolo-in-comune-reggio\/#breadcrumb\",\"itemListElement\":[{\"@type\":\"ListItem\",\"position\":1,\"name\":\"Home\",\"item\":\"https:\/\/progettotouring.it\/radiotouring104\/\"},{\"@type\":\"ListItem\",\"position\":2,\"name\":\"&#8216;Ndrangheta, ricostruita vicenda tritolo in Comune Reggio\"}]},{\"@type\":\"WebSite\",\"@id\":\"https:\/\/progettotouring.it\/radiotouring104\/#website\",\"url\":\"https:\/\/progettotouring.it\/radiotouring104\/\",\"name\":\"Radio Touring 104\",\"description\":\"La prima radio Reggina\",\"publisher\":{\"@id\":\"https:\/\/progettotouring.it\/radiotouring104\/#organization\"},\"potentialAction\":[{\"@type\":\"SearchAction\",\"target\":{\"@type\":\"EntryPoint\",\"urlTemplate\":\"https:\/\/progettotouring.it\/radiotouring104\/?s={search_term_string}\"},\"query-input\":{\"@type\":\"PropertyValueSpecification\",\"valueRequired\":true,\"valueName\":\"search_term_string\"}}],\"inLanguage\":\"it-IT\"},{\"@type\":\"Organization\",\"@id\":\"https:\/\/progettotouring.it\/radiotouring104\/#organization\",\"name\":\"Radio Touring 104\",\"url\":\"https:\/\/progettotouring.it\/radiotouring104\/\",\"logo\":{\"@type\":\"ImageObject\",\"inLanguage\":\"it-IT\",\"@id\":\"https:\/\/progettotouring.it\/radiotouring104\/#\/schema\/logo\/image\/\",\"url\":\"https:\/\/progettotouring.it\/radiotouring104\/wp-content\/uploads\/sites\/6\/2022\/02\/cropped-logo-radio-touring-104.png\",\"contentUrl\":\"https:\/\/progettotouring.it\/radiotouring104\/wp-content\/uploads\/sites\/6\/2022\/02\/cropped-logo-radio-touring-104.png\",\"width\":377,\"height\":182,\"caption\":\"Radio Touring 104\"},\"image\":{\"@id\":\"https:\/\/progettotouring.it\/radiotouring104\/#\/schema\/logo\/image\/\"}},{\"@type\":\"Person\",\"@id\":\"https:\/\/progettotouring.it\/radiotouring104\/#\/schema\/person\/78613917f1851f041f7483f5af1d422e\",\"name\":\"Sebastiano Plutino\",\"image\":{\"@type\":\"ImageObject\",\"inLanguage\":\"it-IT\",\"@id\":\"https:\/\/secure.gravatar.com\/avatar\/0546ffaa9b79224faf9f2a156b67a529ae861d3287c66c1d8ccfdf909bcba78d?s=96&d=mm&r=g\",\"url\":\"https:\/\/secure.gravatar.com\/avatar\/0546ffaa9b79224faf9f2a156b67a529ae861d3287c66c1d8ccfdf909bcba78d?s=96&d=mm&r=g\",\"contentUrl\":\"https:\/\/secure.gravatar.com\/avatar\/0546ffaa9b79224faf9f2a156b67a529ae861d3287c66c1d8ccfdf909bcba78d?s=96&d=mm&r=g\",\"caption\":\"Sebastiano Plutino\"},\"url\":\"https:\/\/progettotouring.it\/radiotouring104\/author\/sebastiano\/\"}]}<\/script>\n<!-- \/ Yoast SEO plugin. -->","yoast_head_json":{"title":"'Ndrangheta, ricostruita vicenda tritolo in Comune Reggio","description":"Per il Procuratore aggiunto Lombardo, in requisitoria del processo \"'Ndrangheta stragista\". la 'Ndrangheta provoc\u00f2 la crisi politica comunale","robots":{"index":"index","follow":"follow","max-snippet":"max-snippet:-1","max-image-preview":"max-image-preview:large","max-video-preview":"max-video-preview:-1"},"canonical":"https:\/\/progettotouring.it\/radiotouring104\/2023\/02\/28\/ndrangheta-ricostruita-vicenda-tritolo-in-comune-reggio\/","og_locale":"it_IT","og_type":"article","og_title":"'Ndrangheta, ricostruita vicenda tritolo in Comune Reggio","og_description":"Per il Procuratore aggiunto Lombardo, in requisitoria del processo \"'Ndrangheta stragista\". la 'Ndrangheta provoc\u00f2 la crisi politica comunale","og_url":"https:\/\/progettotouring.it\/radiotouring104\/2023\/02\/28\/ndrangheta-ricostruita-vicenda-tritolo-in-comune-reggio\/","og_site_name":"Radio Touring 104","article_published_time":"2023-02-28T10:27:00+00:00","article_modified_time":"2023-02-28T10:32:54+00:00","og_image":[{"width":457,"height":343,"url":"https:\/\/progettotouring.it\/radiotouring104\/wp-content\/uploads\/sites\/6\/2022\/12\/Cedir-Reggio-Calabria.jpg","type":"image\/jpeg"}],"author":"Sebastiano Plutino","twitter_card":"summary_large_image","twitter_misc":{"Scritto da":"Sebastiano Plutino","Tempo di lettura stimato":"2 minuti"},"schema":{"@context":"https:\/\/schema.org","@graph":[{"@type":"Article","@id":"https:\/\/progettotouring.it\/radiotouring104\/2023\/02\/28\/ndrangheta-ricostruita-vicenda-tritolo-in-comune-reggio\/#article","isPartOf":{"@id":"https:\/\/progettotouring.it\/radiotouring104\/2023\/02\/28\/ndrangheta-ricostruita-vicenda-tritolo-in-comune-reggio\/"},"author":{"name":"Sebastiano Plutino","@id":"https:\/\/progettotouring.it\/radiotouring104\/#\/schema\/person\/78613917f1851f041f7483f5af1d422e"},"headline":"&#8216;Ndrangheta, ricostruita vicenda tritolo in Comune Reggio","datePublished":"2023-02-28T10:27:00+00:00","dateModified":"2023-02-28T10:32:54+00:00","mainEntityOfPage":{"@id":"https:\/\/progettotouring.it\/radiotouring104\/2023\/02\/28\/ndrangheta-ricostruita-vicenda-tritolo-in-comune-reggio\/"},"wordCount":350,"publisher":{"@id":"https:\/\/progettotouring.it\/radiotouring104\/#organization"},"image":{"@id":"https:\/\/progettotouring.it\/radiotouring104\/2023\/02\/28\/ndrangheta-ricostruita-vicenda-tritolo-in-comune-reggio\/#primaryimage"},"thumbnailUrl":"https:\/\/progettotouring.it\/radiotouring104\/wp-content\/uploads\/sites\/6\/2022\/12\/Cedir-Reggio-Calabria.jpg","keywords":["componente 'Ndrangheta provoc\u00f2 crisi politica giunta Scopelliti","duplice omicidio dei carabinieri Antonino Fava e Vincenzo Garofalo","Giuseppe Schirinzi","manifestazione \"La Regata di Ulisse\"","Marco Mancini","processo 'Ndrangheta a boss Graviano e Filippone","Procuratore aggiunto Giuseppe Lombardo","questore Vincenzo Speranza.","requisitoria processo \"'Ndrangheta stragista\"","sconosciuto utilizzo di fondi comunali a Schirinzi per Regata di Ulisse","tritolo piazzato da 'Ndrangheta a Palazzo San Giorgio"],"articleSection":["Home","In primo piano","News","Reggio Calabria"],"inLanguage":"it-IT"},{"@type":"WebPage","@id":"https:\/\/progettotouring.it\/radiotouring104\/2023\/02\/28\/ndrangheta-ricostruita-vicenda-tritolo-in-comune-reggio\/","url":"https:\/\/progettotouring.it\/radiotouring104\/2023\/02\/28\/ndrangheta-ricostruita-vicenda-tritolo-in-comune-reggio\/","name":"'Ndrangheta, ricostruita vicenda tritolo in Comune Reggio","isPartOf":{"@id":"https:\/\/progettotouring.it\/radiotouring104\/#website"},"primaryImageOfPage":{"@id":"https:\/\/progettotouring.it\/radiotouring104\/2023\/02\/28\/ndrangheta-ricostruita-vicenda-tritolo-in-comune-reggio\/#primaryimage"},"image":{"@id":"https:\/\/progettotouring.it\/radiotouring104\/2023\/02\/28\/ndrangheta-ricostruita-vicenda-tritolo-in-comune-reggio\/#primaryimage"},"thumbnailUrl":"https:\/\/progettotouring.it\/radiotouring104\/wp-content\/uploads\/sites\/6\/2022\/12\/Cedir-Reggio-Calabria.jpg","datePublished":"2023-02-28T10:27:00+00:00","dateModified":"2023-02-28T10:32:54+00:00","description":"Per il Procuratore aggiunto Lombardo, in requisitoria del processo \"'Ndrangheta stragista\". la 'Ndrangheta provoc\u00f2 la crisi politica comunale","breadcrumb":{"@id":"https:\/\/progettotouring.it\/radiotouring104\/2023\/02\/28\/ndrangheta-ricostruita-vicenda-tritolo-in-comune-reggio\/#breadcrumb"},"inLanguage":"it-IT","potentialAction":[{"@type":"ReadAction","target":["https:\/\/progettotouring.it\/radiotouring104\/2023\/02\/28\/ndrangheta-ricostruita-vicenda-tritolo-in-comune-reggio\/"]}]},{"@type":"ImageObject","inLanguage":"it-IT","@id":"https:\/\/progettotouring.it\/radiotouring104\/2023\/02\/28\/ndrangheta-ricostruita-vicenda-tritolo-in-comune-reggio\/#primaryimage","url":"https:\/\/progettotouring.it\/radiotouring104\/wp-content\/uploads\/sites\/6\/2022\/12\/Cedir-Reggio-Calabria.jpg","contentUrl":"https:\/\/progettotouring.it\/radiotouring104\/wp-content\/uploads\/sites\/6\/2022\/12\/Cedir-Reggio-Calabria.jpg","width":457,"height":343},{"@type":"BreadcrumbList","@id":"https:\/\/progettotouring.it\/radiotouring104\/2023\/02\/28\/ndrangheta-ricostruita-vicenda-tritolo-in-comune-reggio\/#breadcrumb","itemListElement":[{"@type":"ListItem","position":1,"name":"Home","item":"https:\/\/progettotouring.it\/radiotouring104\/"},{"@type":"ListItem","position":2,"name":"&#8216;Ndrangheta, ricostruita vicenda tritolo in Comune Reggio"}]},{"@type":"WebSite","@id":"https:\/\/progettotouring.it\/radiotouring104\/#website","url":"https:\/\/progettotouring.it\/radiotouring104\/","name":"Radio Touring 104","description":"La prima radio Reggina","publisher":{"@id":"https:\/\/progettotouring.it\/radiotouring104\/#organization"},"potentialAction":[{"@type":"SearchAction","target":{"@type":"EntryPoint","urlTemplate":"https:\/\/progettotouring.it\/radiotouring104\/?s={search_term_string}"},"query-input":{"@type":"PropertyValueSpecification","valueRequired":true,"valueName":"search_term_string"}}],"inLanguage":"it-IT"},{"@type":"Organization","@id":"https:\/\/progettotouring.it\/radiotouring104\/#organization","name":"Radio Touring 104","url":"https:\/\/progettotouring.it\/radiotouring104\/","logo":{"@type":"ImageObject","inLanguage":"it-IT","@id":"https:\/\/progettotouring.it\/radiotouring104\/#\/schema\/logo\/image\/","url":"https:\/\/progettotouring.it\/radiotouring104\/wp-content\/uploads\/sites\/6\/2022\/02\/cropped-logo-radio-touring-104.png","contentUrl":"https:\/\/progettotouring.it\/radiotouring104\/wp-content\/uploads\/sites\/6\/2022\/02\/cropped-logo-radio-touring-104.png","width":377,"height":182,"caption":"Radio Touring 104"},"image":{"@id":"https:\/\/progettotouring.it\/radiotouring104\/#\/schema\/logo\/image\/"}},{"@type":"Person","@id":"https:\/\/progettotouring.it\/radiotouring104\/#\/schema\/person\/78613917f1851f041f7483f5af1d422e","name":"Sebastiano Plutino","image":{"@type":"ImageObject","inLanguage":"it-IT","@id":"https:\/\/secure.gravatar.com\/avatar\/0546ffaa9b79224faf9f2a156b67a529ae861d3287c66c1d8ccfdf909bcba78d?s=96&d=mm&r=g","url":"https:\/\/secure.gravatar.com\/avatar\/0546ffaa9b79224faf9f2a156b67a529ae861d3287c66c1d8ccfdf909bcba78d?s=96&d=mm&r=g","contentUrl":"https:\/\/secure.gravatar.com\/avatar\/0546ffaa9b79224faf9f2a156b67a529ae861d3287c66c1d8ccfdf909bcba78d?s=96&d=mm&r=g","caption":"Sebastiano Plutino"},"url":"https:\/\/progettotouring.it\/radiotouring104\/author\/sebastiano\/"}]}},"jetpack_publicize_connections":[],"jetpack_featured_media_url":"https:\/\/progettotouring.it\/radiotouring104\/wp-content\/uploads\/sites\/6\/2022\/12\/Cedir-Reggio-Calabria.jpg","jetpack_sharing_enabled":true,"_links":{"self":[{"href":"https:\/\/progettotouring.it\/radiotouring104\/wp-json\/wp\/v2\/posts\/19791","targetHints":{"allow":["GET"]}}],"collection":[{"href":"https:\/\/progettotouring.it\/radiotouring104\/wp-json\/wp\/v2\/posts"}],"about":[{"href":"https:\/\/progettotouring.it\/radiotouring104\/wp-json\/wp\/v2\/types\/post"}],"author":[{"embeddable":true,"href":"https:\/\/progettotouring.it\/radiotouring104\/wp-json\/wp\/v2\/users\/12"}],"replies":[{"embeddable":true,"href":"https:\/\/progettotouring.it\/radiotouring104\/wp-json\/wp\/v2\/comments?post=19791"}],"version-history":[{"count":1,"href":"https:\/\/progettotouring.it\/radiotouring104\/wp-json\/wp\/v2\/posts\/19791\/revisions"}],"predecessor-version":[{"id":19792,"href":"https:\/\/progettotouring.it\/radiotouring104\/wp-json\/wp\/v2\/posts\/19791\/revisions\/19792"}],"wp:featuredmedia":[{"embeddable":true,"href":"https:\/\/progettotouring.it\/radiotouring104\/wp-json\/wp\/v2\/media\/14170"}],"wp:attachment":[{"href":"https:\/\/progettotouring.it\/radiotouring104\/wp-json\/wp\/v2\/media?parent=19791"}],"wp:term":[{"taxonomy":"category","embeddable":true,"href":"https:\/\/progettotouring.it\/radiotouring104\/wp-json\/wp\/v2\/categories?post=19791"},{"taxonomy":"post_tag","embeddable":true,"href":"https:\/\/progettotouring.it\/radiotouring104\/wp-json\/wp\/v2\/tags?post=19791"}],"curies":[{"name":"wp","href":"https:\/\/api.w.org\/{rel}","templated":true}]}}