{"id":19966,"date":"2023-03-02T13:02:12","date_gmt":"2023-03-02T12:02:12","guid":{"rendered":"https:\/\/progettotouring.it\/radiotouring104\/?p=19966"},"modified":"2023-03-02T13:02:12","modified_gmt":"2023-03-02T12:02:12","slug":"a-palmi-i-paesaggi-e-i-ritratti-in-musica-dellorchestra-marmediterra","status":"publish","type":"post","link":"https:\/\/progettotouring.it\/radiotouring104\/2023\/03\/02\/a-palmi-i-paesaggi-e-i-ritratti-in-musica-dellorchestra-marmediterra\/","title":{"rendered":"A Palmi i Paesaggi e i ritratti in musica dell&#8217;orchestra Marmediterra"},"content":{"rendered":"<p>Tutto pronto al teatro comunale Manfroce di Palmi per l&#8217;esibizione dell&#8217;orchestra Marmediterra, diretta da Vincenzo De Filippo, compositore, arrangiatore, direttore d&#8217;orchestra e polistrumentista.<\/p>\n<p>Landscape 2.0, Paesaggi e Ritratti in musica, ecco l&#8217;originale racconto in note che attende il pubblico della rassegna Synergia 47, in occasione del prossimo appuntamento, in programma sabato 4 marzo alle ore 21:15. Promossa dall\u2019associazione Amici della Musica Nicola Antonio Manfroce, presieduta da Antonio Gargano, la rassegna Synergia 47 \u00e8 finanziata nell\u2019ambito dell\u2019avviso pubblico Eventi culturali 2021 della Regione Calabria.<\/p>\n<p>Il Mediterraneo con la sua storia, i suoi miti, le sue leggende, il suo fascino sar\u00e0 al centro di questo viaggio emozionale che metter\u00e0 in luce il crogiuolo secolare di culture di cui \u00e8 custode. Come su un libro aperto, il pubblico potr\u00e0 leggere le storie e immaginare i paesaggi, attraverso la musica, la danza, l\u2019arte. Luoghi, che dalla Magna Grecia si spingono fino ai Balcani, saranno evocati da canti in molte lingue diverse. Griko Salentino, Lingua Corsa, Ladino e dialetti vari e, andando pi\u00f9 a ritroso, canti Arabi del periodo della J\u0101hiliyya preislamica, quelli carnascialeschi della Firenze medicea, musica sefardita, Klezmer e Fado Flamenco, con sound e arrangiamenti legati alla world music attuale. Il tutto sublimato in composizioni assolutamente originali.<\/p>\n<p>Uno scrigno di sonorit\u00e0 alimentato nei secoli dalla contaminazione incessante tra popoli e culture. Sonorit\u00e0 che oggi rappresentano la voce inconfondibile e fluttuante dell&#8217;anima pi\u00f9 profonda del Mare Nostrum.<\/p>\n<p>Vincenzo De Filippo, diplomato con il massimo dei voti in composizione sperimentale, direzione d&#8217;orchestra e lettura della partitura principale, integra con una grande conoscenza del jazz la gi\u00e0 solida padronanza della composizione sperimentale. Con la<\/p>\n<p>&nbsp;<\/p>\n<p>&nbsp;<\/p>\n<p>&nbsp;<\/p>\n<p>&nbsp;<\/p>\n<p>sua orchestra Marmediterra sospende il tempo e crea sonorit\u00e0 contemporanee nutrendole con quelle antiche proprie delle culture musicali del mare Mediterraneo.<\/p>\n<p>Una ispirazione che essa stessa un viaggio tra gli elementi della vita, aria, terra e mare, che magistralmente si mescolano tra loro creando un&#8217;armonia che trasuda anche dal nome dell&#8217;orchestra medesima.<\/p>\n<p>Il gruppo di musicisti fonde filosofia, poesia, musica, danza, riti e tradizioni per alimentare identit\u00e0 che non separano n\u00e9 dividono ma tengono insieme, saldando tutto in una storia e in un sentire comuni. La dimensione nella quale la musica immerger\u00e0 il pubblico oltrepasser\u00e0 ogni confine fisico per tracciare mappe finora inesplorate, lungo linee geografiche nuove, per nulla politiche ma profondamente umane ed emotive, portatrici di un linguaggio universale e di una ritrovata visione di fratellanza e sorellanza.<\/p>\n<p>Gli studi classici e accademici accomunano tutti i musicisti che poi salpano alla volta di nuovi approdi musicali. Generi diversi si mescolano in una viva alternanza tra composizione e improvvisazione. Ne nasce una miscellanea originale e suggestiva che va oltre l&#8217;ascolto per rilasciare tutto intorno una inedita potenza immaginifica.<\/p>\n","protected":false},"excerpt":{"rendered":"<p>Tutto pronto al teatro comunale Manfroce di Palmi per l&#8217;esibizione dell&#8217;orchestra Marmediterra, diretta da Vincenzo De Filippo, compositore, arrangiatore, direttore d&#8217;orchestra e polistrumentista. Landscape 2.0, Paesaggi e Ritratti in musica,&hellip;<\/p>\n","protected":false},"author":12,"featured_media":19967,"comment_status":"closed","ping_status":"open","sticky":false,"template":"","format":"standard","meta":{"_jetpack_memberships_contains_paid_content":false,"footnotes":"","jetpack_publicize_message":"","jetpack_publicize_feature_enabled":true,"jetpack_social_post_already_shared":false,"jetpack_social_options":{"image_generator_settings":{"template":"highway","default_image_id":0,"font":"","enabled":false},"version":2}},"categories":[921,196,140],"tags":[10810,10811,10808,10812,10813,10807,10809],"class_list":["post-19966","post","type-post","status-publish","format-standard","has-post-thumbnail","hentry","category-home","category-news","category-reggio-calabria","tag-compositore","tag-landscape-2-0","tag-orchestra-marmediterra","tag-paesaggi-e-ritratti-in-musica","tag-rassegna-synergia-47","tag-teatro-comunale-manfroce-di-palmi","tag-vincenzo-de-filippo"],"yoast_head":"<!-- This site is optimized with the Yoast SEO plugin v27.2 - https:\/\/yoast.com\/product\/yoast-seo-wordpress\/ -->\n<title>A Palmi i Paesaggi e i ritratti in musica dell&#039;orchestra Marmediterra<\/title>\n<meta name=\"description\" content=\"L&#039;evento, promosso da Amici della Musica, il 4 febbraio alle 21:15 al teatro comunale Manfroce, nell&#039;ambito della rassegna Synergia 47\" \/>\n<meta name=\"robots\" content=\"index, follow, max-snippet:-1, max-image-preview:large, max-video-preview:-1\" \/>\n<link rel=\"canonical\" href=\"https:\/\/progettotouring.it\/radiotouring104\/2023\/03\/02\/a-palmi-i-paesaggi-e-i-ritratti-in-musica-dellorchestra-marmediterra\/\" \/>\n<meta property=\"og:locale\" content=\"it_IT\" \/>\n<meta property=\"og:type\" content=\"article\" \/>\n<meta property=\"og:title\" content=\"A Palmi i Paesaggi e i ritratti in musica dell&#039;orchestra Marmediterra\" \/>\n<meta property=\"og:description\" content=\"L&#039;evento, promosso da Amici della Musica, il 4 febbraio alle 21:15 al teatro comunale Manfroce, nell&#039;ambito della rassegna Synergia 47\" \/>\n<meta property=\"og:url\" content=\"https:\/\/progettotouring.it\/radiotouring104\/2023\/03\/02\/a-palmi-i-paesaggi-e-i-ritratti-in-musica-dellorchestra-marmediterra\/\" \/>\n<meta property=\"og:site_name\" content=\"Radio Touring 104\" \/>\n<meta property=\"article:published_time\" content=\"2023-03-02T12:02:12+00:00\" \/>\n<meta property=\"og:image\" content=\"https:\/\/progettotouring.it\/radiotouring104\/wp-content\/uploads\/sites\/6\/2023\/03\/Orchestra-Marmediterra-AMICI-DELLA-MUSICA-PALMI.jpg\" \/>\n\t<meta property=\"og:image:width\" content=\"1040\" \/>\n\t<meta property=\"og:image:height\" content=\"631\" \/>\n\t<meta property=\"og:image:type\" content=\"image\/jpeg\" \/>\n<meta name=\"author\" content=\"Sebastiano Plutino\" \/>\n<meta name=\"twitter:card\" content=\"summary_large_image\" \/>\n<meta name=\"twitter:label1\" content=\"Scritto da\" \/>\n\t<meta name=\"twitter:data1\" content=\"Sebastiano Plutino\" \/>\n\t<meta name=\"twitter:label2\" content=\"Tempo di lettura stimato\" \/>\n\t<meta name=\"twitter:data2\" content=\"2 minuti\" \/>\n<script type=\"application\/ld+json\" class=\"yoast-schema-graph\">{\"@context\":\"https:\/\/schema.org\",\"@graph\":[{\"@type\":\"Article\",\"@id\":\"https:\/\/progettotouring.it\/radiotouring104\/2023\/03\/02\/a-palmi-i-paesaggi-e-i-ritratti-in-musica-dellorchestra-marmediterra\/#article\",\"isPartOf\":{\"@id\":\"https:\/\/progettotouring.it\/radiotouring104\/2023\/03\/02\/a-palmi-i-paesaggi-e-i-ritratti-in-musica-dellorchestra-marmediterra\/\"},\"author\":{\"name\":\"Sebastiano Plutino\",\"@id\":\"https:\/\/progettotouring.it\/radiotouring104\/#\/schema\/person\/78613917f1851f041f7483f5af1d422e\"},\"headline\":\"A Palmi i Paesaggi e i ritratti in musica dell&#8217;orchestra Marmediterra\",\"datePublished\":\"2023-03-02T12:02:12+00:00\",\"mainEntityOfPage\":{\"@id\":\"https:\/\/progettotouring.it\/radiotouring104\/2023\/03\/02\/a-palmi-i-paesaggi-e-i-ritratti-in-musica-dellorchestra-marmediterra\/\"},\"wordCount\":458,\"publisher\":{\"@id\":\"https:\/\/progettotouring.it\/radiotouring104\/#organization\"},\"image\":{\"@id\":\"https:\/\/progettotouring.it\/radiotouring104\/2023\/03\/02\/a-palmi-i-paesaggi-e-i-ritratti-in-musica-dellorchestra-marmediterra\/#primaryimage\"},\"thumbnailUrl\":\"https:\/\/progettotouring.it\/radiotouring104\/wp-content\/uploads\/sites\/6\/2023\/03\/Orchestra-Marmediterra-AMICI-DELLA-MUSICA-PALMI.jpg\",\"keywords\":[\"compositore\",\"Landscape 2.0\",\"orchestra Marmediterra\",\"Paesaggi e Ritratti in musica\",\"rassegna Synergia 47\",\"teatro comunale Manfroce di Palmi\",\"Vincenzo De Filippo\"],\"articleSection\":[\"Home\",\"News\",\"Reggio Calabria\"],\"inLanguage\":\"it-IT\"},{\"@type\":\"WebPage\",\"@id\":\"https:\/\/progettotouring.it\/radiotouring104\/2023\/03\/02\/a-palmi-i-paesaggi-e-i-ritratti-in-musica-dellorchestra-marmediterra\/\",\"url\":\"https:\/\/progettotouring.it\/radiotouring104\/2023\/03\/02\/a-palmi-i-paesaggi-e-i-ritratti-in-musica-dellorchestra-marmediterra\/\",\"name\":\"A Palmi i Paesaggi e i ritratti in musica dell'orchestra Marmediterra\",\"isPartOf\":{\"@id\":\"https:\/\/progettotouring.it\/radiotouring104\/#website\"},\"primaryImageOfPage\":{\"@id\":\"https:\/\/progettotouring.it\/radiotouring104\/2023\/03\/02\/a-palmi-i-paesaggi-e-i-ritratti-in-musica-dellorchestra-marmediterra\/#primaryimage\"},\"image\":{\"@id\":\"https:\/\/progettotouring.it\/radiotouring104\/2023\/03\/02\/a-palmi-i-paesaggi-e-i-ritratti-in-musica-dellorchestra-marmediterra\/#primaryimage\"},\"thumbnailUrl\":\"https:\/\/progettotouring.it\/radiotouring104\/wp-content\/uploads\/sites\/6\/2023\/03\/Orchestra-Marmediterra-AMICI-DELLA-MUSICA-PALMI.jpg\",\"datePublished\":\"2023-03-02T12:02:12+00:00\",\"description\":\"L'evento, promosso da Amici della Musica, il 4 febbraio alle 21:15 al teatro comunale Manfroce, nell'ambito della rassegna Synergia 47\",\"breadcrumb\":{\"@id\":\"https:\/\/progettotouring.it\/radiotouring104\/2023\/03\/02\/a-palmi-i-paesaggi-e-i-ritratti-in-musica-dellorchestra-marmediterra\/#breadcrumb\"},\"inLanguage\":\"it-IT\",\"potentialAction\":[{\"@type\":\"ReadAction\",\"target\":[\"https:\/\/progettotouring.it\/radiotouring104\/2023\/03\/02\/a-palmi-i-paesaggi-e-i-ritratti-in-musica-dellorchestra-marmediterra\/\"]}]},{\"@type\":\"ImageObject\",\"inLanguage\":\"it-IT\",\"@id\":\"https:\/\/progettotouring.it\/radiotouring104\/2023\/03\/02\/a-palmi-i-paesaggi-e-i-ritratti-in-musica-dellorchestra-marmediterra\/#primaryimage\",\"url\":\"https:\/\/progettotouring.it\/radiotouring104\/wp-content\/uploads\/sites\/6\/2023\/03\/Orchestra-Marmediterra-AMICI-DELLA-MUSICA-PALMI.jpg\",\"contentUrl\":\"https:\/\/progettotouring.it\/radiotouring104\/wp-content\/uploads\/sites\/6\/2023\/03\/Orchestra-Marmediterra-AMICI-DELLA-MUSICA-PALMI.jpg\",\"width\":1040,\"height\":631},{\"@type\":\"BreadcrumbList\",\"@id\":\"https:\/\/progettotouring.it\/radiotouring104\/2023\/03\/02\/a-palmi-i-paesaggi-e-i-ritratti-in-musica-dellorchestra-marmediterra\/#breadcrumb\",\"itemListElement\":[{\"@type\":\"ListItem\",\"position\":1,\"name\":\"Home\",\"item\":\"https:\/\/progettotouring.it\/radiotouring104\/\"},{\"@type\":\"ListItem\",\"position\":2,\"name\":\"A Palmi i Paesaggi e i ritratti in musica dell&#8217;orchestra Marmediterra\"}]},{\"@type\":\"WebSite\",\"@id\":\"https:\/\/progettotouring.it\/radiotouring104\/#website\",\"url\":\"https:\/\/progettotouring.it\/radiotouring104\/\",\"name\":\"Radio Touring 104\",\"description\":\"La prima radio Reggina\",\"publisher\":{\"@id\":\"https:\/\/progettotouring.it\/radiotouring104\/#organization\"},\"potentialAction\":[{\"@type\":\"SearchAction\",\"target\":{\"@type\":\"EntryPoint\",\"urlTemplate\":\"https:\/\/progettotouring.it\/radiotouring104\/?s={search_term_string}\"},\"query-input\":{\"@type\":\"PropertyValueSpecification\",\"valueRequired\":true,\"valueName\":\"search_term_string\"}}],\"inLanguage\":\"it-IT\"},{\"@type\":\"Organization\",\"@id\":\"https:\/\/progettotouring.it\/radiotouring104\/#organization\",\"name\":\"Radio Touring 104\",\"url\":\"https:\/\/progettotouring.it\/radiotouring104\/\",\"logo\":{\"@type\":\"ImageObject\",\"inLanguage\":\"it-IT\",\"@id\":\"https:\/\/progettotouring.it\/radiotouring104\/#\/schema\/logo\/image\/\",\"url\":\"https:\/\/progettotouring.it\/radiotouring104\/wp-content\/uploads\/sites\/6\/2022\/02\/cropped-logo-radio-touring-104.png\",\"contentUrl\":\"https:\/\/progettotouring.it\/radiotouring104\/wp-content\/uploads\/sites\/6\/2022\/02\/cropped-logo-radio-touring-104.png\",\"width\":377,\"height\":182,\"caption\":\"Radio Touring 104\"},\"image\":{\"@id\":\"https:\/\/progettotouring.it\/radiotouring104\/#\/schema\/logo\/image\/\"}},{\"@type\":\"Person\",\"@id\":\"https:\/\/progettotouring.it\/radiotouring104\/#\/schema\/person\/78613917f1851f041f7483f5af1d422e\",\"name\":\"Sebastiano Plutino\",\"image\":{\"@type\":\"ImageObject\",\"inLanguage\":\"it-IT\",\"@id\":\"https:\/\/secure.gravatar.com\/avatar\/0546ffaa9b79224faf9f2a156b67a529ae861d3287c66c1d8ccfdf909bcba78d?s=96&d=mm&r=g\",\"url\":\"https:\/\/secure.gravatar.com\/avatar\/0546ffaa9b79224faf9f2a156b67a529ae861d3287c66c1d8ccfdf909bcba78d?s=96&d=mm&r=g\",\"contentUrl\":\"https:\/\/secure.gravatar.com\/avatar\/0546ffaa9b79224faf9f2a156b67a529ae861d3287c66c1d8ccfdf909bcba78d?s=96&d=mm&r=g\",\"caption\":\"Sebastiano Plutino\"},\"url\":\"https:\/\/progettotouring.it\/radiotouring104\/author\/sebastiano\/\"}]}<\/script>\n<!-- \/ Yoast SEO plugin. -->","yoast_head_json":{"title":"A Palmi i Paesaggi e i ritratti in musica dell'orchestra Marmediterra","description":"L'evento, promosso da Amici della Musica, il 4 febbraio alle 21:15 al teatro comunale Manfroce, nell'ambito della rassegna Synergia 47","robots":{"index":"index","follow":"follow","max-snippet":"max-snippet:-1","max-image-preview":"max-image-preview:large","max-video-preview":"max-video-preview:-1"},"canonical":"https:\/\/progettotouring.it\/radiotouring104\/2023\/03\/02\/a-palmi-i-paesaggi-e-i-ritratti-in-musica-dellorchestra-marmediterra\/","og_locale":"it_IT","og_type":"article","og_title":"A Palmi i Paesaggi e i ritratti in musica dell'orchestra Marmediterra","og_description":"L'evento, promosso da Amici della Musica, il 4 febbraio alle 21:15 al teatro comunale Manfroce, nell'ambito della rassegna Synergia 47","og_url":"https:\/\/progettotouring.it\/radiotouring104\/2023\/03\/02\/a-palmi-i-paesaggi-e-i-ritratti-in-musica-dellorchestra-marmediterra\/","og_site_name":"Radio Touring 104","article_published_time":"2023-03-02T12:02:12+00:00","og_image":[{"width":1040,"height":631,"url":"https:\/\/progettotouring.it\/radiotouring104\/wp-content\/uploads\/sites\/6\/2023\/03\/Orchestra-Marmediterra-AMICI-DELLA-MUSICA-PALMI.jpg","type":"image\/jpeg"}],"author":"Sebastiano Plutino","twitter_card":"summary_large_image","twitter_misc":{"Scritto da":"Sebastiano Plutino","Tempo di lettura stimato":"2 minuti"},"schema":{"@context":"https:\/\/schema.org","@graph":[{"@type":"Article","@id":"https:\/\/progettotouring.it\/radiotouring104\/2023\/03\/02\/a-palmi-i-paesaggi-e-i-ritratti-in-musica-dellorchestra-marmediterra\/#article","isPartOf":{"@id":"https:\/\/progettotouring.it\/radiotouring104\/2023\/03\/02\/a-palmi-i-paesaggi-e-i-ritratti-in-musica-dellorchestra-marmediterra\/"},"author":{"name":"Sebastiano Plutino","@id":"https:\/\/progettotouring.it\/radiotouring104\/#\/schema\/person\/78613917f1851f041f7483f5af1d422e"},"headline":"A Palmi i Paesaggi e i ritratti in musica dell&#8217;orchestra Marmediterra","datePublished":"2023-03-02T12:02:12+00:00","mainEntityOfPage":{"@id":"https:\/\/progettotouring.it\/radiotouring104\/2023\/03\/02\/a-palmi-i-paesaggi-e-i-ritratti-in-musica-dellorchestra-marmediterra\/"},"wordCount":458,"publisher":{"@id":"https:\/\/progettotouring.it\/radiotouring104\/#organization"},"image":{"@id":"https:\/\/progettotouring.it\/radiotouring104\/2023\/03\/02\/a-palmi-i-paesaggi-e-i-ritratti-in-musica-dellorchestra-marmediterra\/#primaryimage"},"thumbnailUrl":"https:\/\/progettotouring.it\/radiotouring104\/wp-content\/uploads\/sites\/6\/2023\/03\/Orchestra-Marmediterra-AMICI-DELLA-MUSICA-PALMI.jpg","keywords":["compositore","Landscape 2.0","orchestra Marmediterra","Paesaggi e Ritratti in musica","rassegna Synergia 47","teatro comunale Manfroce di Palmi","Vincenzo De Filippo"],"articleSection":["Home","News","Reggio Calabria"],"inLanguage":"it-IT"},{"@type":"WebPage","@id":"https:\/\/progettotouring.it\/radiotouring104\/2023\/03\/02\/a-palmi-i-paesaggi-e-i-ritratti-in-musica-dellorchestra-marmediterra\/","url":"https:\/\/progettotouring.it\/radiotouring104\/2023\/03\/02\/a-palmi-i-paesaggi-e-i-ritratti-in-musica-dellorchestra-marmediterra\/","name":"A Palmi i Paesaggi e i ritratti in musica dell'orchestra Marmediterra","isPartOf":{"@id":"https:\/\/progettotouring.it\/radiotouring104\/#website"},"primaryImageOfPage":{"@id":"https:\/\/progettotouring.it\/radiotouring104\/2023\/03\/02\/a-palmi-i-paesaggi-e-i-ritratti-in-musica-dellorchestra-marmediterra\/#primaryimage"},"image":{"@id":"https:\/\/progettotouring.it\/radiotouring104\/2023\/03\/02\/a-palmi-i-paesaggi-e-i-ritratti-in-musica-dellorchestra-marmediterra\/#primaryimage"},"thumbnailUrl":"https:\/\/progettotouring.it\/radiotouring104\/wp-content\/uploads\/sites\/6\/2023\/03\/Orchestra-Marmediterra-AMICI-DELLA-MUSICA-PALMI.jpg","datePublished":"2023-03-02T12:02:12+00:00","description":"L'evento, promosso da Amici della Musica, il 4 febbraio alle 21:15 al teatro comunale Manfroce, nell'ambito della rassegna Synergia 47","breadcrumb":{"@id":"https:\/\/progettotouring.it\/radiotouring104\/2023\/03\/02\/a-palmi-i-paesaggi-e-i-ritratti-in-musica-dellorchestra-marmediterra\/#breadcrumb"},"inLanguage":"it-IT","potentialAction":[{"@type":"ReadAction","target":["https:\/\/progettotouring.it\/radiotouring104\/2023\/03\/02\/a-palmi-i-paesaggi-e-i-ritratti-in-musica-dellorchestra-marmediterra\/"]}]},{"@type":"ImageObject","inLanguage":"it-IT","@id":"https:\/\/progettotouring.it\/radiotouring104\/2023\/03\/02\/a-palmi-i-paesaggi-e-i-ritratti-in-musica-dellorchestra-marmediterra\/#primaryimage","url":"https:\/\/progettotouring.it\/radiotouring104\/wp-content\/uploads\/sites\/6\/2023\/03\/Orchestra-Marmediterra-AMICI-DELLA-MUSICA-PALMI.jpg","contentUrl":"https:\/\/progettotouring.it\/radiotouring104\/wp-content\/uploads\/sites\/6\/2023\/03\/Orchestra-Marmediterra-AMICI-DELLA-MUSICA-PALMI.jpg","width":1040,"height":631},{"@type":"BreadcrumbList","@id":"https:\/\/progettotouring.it\/radiotouring104\/2023\/03\/02\/a-palmi-i-paesaggi-e-i-ritratti-in-musica-dellorchestra-marmediterra\/#breadcrumb","itemListElement":[{"@type":"ListItem","position":1,"name":"Home","item":"https:\/\/progettotouring.it\/radiotouring104\/"},{"@type":"ListItem","position":2,"name":"A Palmi i Paesaggi e i ritratti in musica dell&#8217;orchestra Marmediterra"}]},{"@type":"WebSite","@id":"https:\/\/progettotouring.it\/radiotouring104\/#website","url":"https:\/\/progettotouring.it\/radiotouring104\/","name":"Radio Touring 104","description":"La prima radio Reggina","publisher":{"@id":"https:\/\/progettotouring.it\/radiotouring104\/#organization"},"potentialAction":[{"@type":"SearchAction","target":{"@type":"EntryPoint","urlTemplate":"https:\/\/progettotouring.it\/radiotouring104\/?s={search_term_string}"},"query-input":{"@type":"PropertyValueSpecification","valueRequired":true,"valueName":"search_term_string"}}],"inLanguage":"it-IT"},{"@type":"Organization","@id":"https:\/\/progettotouring.it\/radiotouring104\/#organization","name":"Radio Touring 104","url":"https:\/\/progettotouring.it\/radiotouring104\/","logo":{"@type":"ImageObject","inLanguage":"it-IT","@id":"https:\/\/progettotouring.it\/radiotouring104\/#\/schema\/logo\/image\/","url":"https:\/\/progettotouring.it\/radiotouring104\/wp-content\/uploads\/sites\/6\/2022\/02\/cropped-logo-radio-touring-104.png","contentUrl":"https:\/\/progettotouring.it\/radiotouring104\/wp-content\/uploads\/sites\/6\/2022\/02\/cropped-logo-radio-touring-104.png","width":377,"height":182,"caption":"Radio Touring 104"},"image":{"@id":"https:\/\/progettotouring.it\/radiotouring104\/#\/schema\/logo\/image\/"}},{"@type":"Person","@id":"https:\/\/progettotouring.it\/radiotouring104\/#\/schema\/person\/78613917f1851f041f7483f5af1d422e","name":"Sebastiano Plutino","image":{"@type":"ImageObject","inLanguage":"it-IT","@id":"https:\/\/secure.gravatar.com\/avatar\/0546ffaa9b79224faf9f2a156b67a529ae861d3287c66c1d8ccfdf909bcba78d?s=96&d=mm&r=g","url":"https:\/\/secure.gravatar.com\/avatar\/0546ffaa9b79224faf9f2a156b67a529ae861d3287c66c1d8ccfdf909bcba78d?s=96&d=mm&r=g","contentUrl":"https:\/\/secure.gravatar.com\/avatar\/0546ffaa9b79224faf9f2a156b67a529ae861d3287c66c1d8ccfdf909bcba78d?s=96&d=mm&r=g","caption":"Sebastiano Plutino"},"url":"https:\/\/progettotouring.it\/radiotouring104\/author\/sebastiano\/"}]}},"jetpack_publicize_connections":[],"jetpack_featured_media_url":"https:\/\/progettotouring.it\/radiotouring104\/wp-content\/uploads\/sites\/6\/2023\/03\/Orchestra-Marmediterra-AMICI-DELLA-MUSICA-PALMI.jpg","jetpack_sharing_enabled":true,"_links":{"self":[{"href":"https:\/\/progettotouring.it\/radiotouring104\/wp-json\/wp\/v2\/posts\/19966","targetHints":{"allow":["GET"]}}],"collection":[{"href":"https:\/\/progettotouring.it\/radiotouring104\/wp-json\/wp\/v2\/posts"}],"about":[{"href":"https:\/\/progettotouring.it\/radiotouring104\/wp-json\/wp\/v2\/types\/post"}],"author":[{"embeddable":true,"href":"https:\/\/progettotouring.it\/radiotouring104\/wp-json\/wp\/v2\/users\/12"}],"replies":[{"embeddable":true,"href":"https:\/\/progettotouring.it\/radiotouring104\/wp-json\/wp\/v2\/comments?post=19966"}],"version-history":[{"count":1,"href":"https:\/\/progettotouring.it\/radiotouring104\/wp-json\/wp\/v2\/posts\/19966\/revisions"}],"predecessor-version":[{"id":19968,"href":"https:\/\/progettotouring.it\/radiotouring104\/wp-json\/wp\/v2\/posts\/19966\/revisions\/19968"}],"wp:featuredmedia":[{"embeddable":true,"href":"https:\/\/progettotouring.it\/radiotouring104\/wp-json\/wp\/v2\/media\/19967"}],"wp:attachment":[{"href":"https:\/\/progettotouring.it\/radiotouring104\/wp-json\/wp\/v2\/media?parent=19966"}],"wp:term":[{"taxonomy":"category","embeddable":true,"href":"https:\/\/progettotouring.it\/radiotouring104\/wp-json\/wp\/v2\/categories?post=19966"},{"taxonomy":"post_tag","embeddable":true,"href":"https:\/\/progettotouring.it\/radiotouring104\/wp-json\/wp\/v2\/tags?post=19966"}],"curies":[{"name":"wp","href":"https:\/\/api.w.org\/{rel}","templated":true}]}}