{"id":19969,"date":"2023-03-02T13:08:00","date_gmt":"2023-03-02T12:08:00","guid":{"rendered":"https:\/\/progettotouring.it\/radiotouring104\/?p=19969"},"modified":"2023-03-02T13:08:00","modified_gmt":"2023-03-02T12:08:00","slug":"sofo-fdi-calabria-non-sia-lasciata-sola-su-gestione-migranti","status":"publish","type":"post","link":"https:\/\/progettotouring.it\/radiotouring104\/2023\/03\/02\/sofo-fdi-calabria-non-sia-lasciata-sola-su-gestione-migranti\/","title":{"rendered":"Sofo FDI &#8220;Calabria non sia lasciata sola su gestione migranti&#8221;"},"content":{"rendered":"<p>Questa mattina l&#8217;eurodeputato di Fratelli d&#8217;Italia Vincenzo Sofo, intervenendo a Omnibus su La7 nel dibattito sulla tragedia di Crotone con la parlamentare PD Lia Quartapelle e l&#8217;ex ministro degli interni Marco Minniti nel quale si parlava dell&#8217;interrogazione presentata dallo stesso Sofo alla Commissione europea per far luce sull&#8217;operato di Frontex in questa vicenda, ha richiamato l&#8217;attenzione sullo stato di emergenza in cui versano realt\u00e0 come Crotone o Roccella Jonica, costrette a sobbarcarsi sulle spalle il peso della crisi migratoria. Si sta tentando di far polemica sul fatto che il premier Meloni non si sia ancora recato in loco &#8211; \u00e8 la sintesi del ragionamento di Sofo &#8211; pur avendo mandato immediatamente il ministro Piantedosi, come se la necessit\u00e0 fosse quella di passerelle post-tragedie. Ma la necessit\u00e0 reale \u00e8 quella di un sostegno quotidiano delle istituzioni a territori che da soli non si pu\u00f2 pensare che gestiscano dei flussi incontrollati che stanno mettendo in difficolt\u00e0 l&#8217;intera Europa. Per questo l&#8217;eurodeputato del partito di Giorgia Meloni ha spiegato di aver chiesto alla Commissione europea il potenziamento dell&#8217;attivit\u00e0 di sorveglianza da parte dell&#8217;agenzia UE che si occupa di sorvegliare i confini, denunciando tuttavia l&#8217;azione portata avanti dalla sinistra a Bruxelles proprio per indebolire Frontex, addirittura ostacolandone l&#8217;autorizzazione all&#8217;erogazione delle risorse finanziare necessarie come accaduto ieri in commissione affari interni. Sofo ha rivendicato il cambio di passo che si sta registrando da parte della Commissione europea in seguito allo scontro politico innescato dal Governo sul caso Ocean Viking, ricordando la lettera congiunta a supporto dell&#8217;Italia firmata dai paesi che si affacciano sul Mediterrano per chiedere il superamento del criterio di primo approdo che scarica su aree come il Sud Italia l&#8217;onere di farsi campo profughi per tutto il continente e l&#8217;annuncio da parte della stessa Commissione di una nuova strategia operativa europea per il Mediterraneo centrale che finalmente inizia a farsi carico delle richieste avanzate da tempo da Fratelli d&#8217;Italia nell&#8217;ambito della riforma del Trattato di Dublino, ossia che sia tutta Europa e non solo i paesi del sud a prendersi carico dell&#8217;accoglienza, sistemi pi\u00f9 efficaci di rimpatri, lotta pi\u00f9 severa ai trafficanti di esseri umani e filtri esterni alle frontiere per selezionare chi ha diritto di asilo e chi no.<\/p>\n","protected":false},"excerpt":{"rendered":"<p>Questa mattina l&#8217;eurodeputato di Fratelli d&#8217;Italia Vincenzo Sofo, intervenendo a Omnibus su La7 nel dibattito sulla tragedia di Crotone con la parlamentare PD Lia Quartapelle e l&#8217;ex ministro degli interni&hellip;<\/p>\n","protected":false},"author":12,"featured_media":19970,"comment_status":"closed","ping_status":"open","sticky":false,"template":"","format":"standard","meta":{"_jetpack_memberships_contains_paid_content":false,"footnotes":"","jetpack_publicize_message":"","jetpack_publicize_feature_enabled":true,"jetpack_social_post_already_shared":false,"jetpack_social_options":{"image_generator_settings":{"template":"highway","default_image_id":0,"font":"","enabled":false},"version":2}},"categories":[142,921,196],"tags":[10818,10737,10814,10817,10815,10816,10722],"class_list":["post-19969","post","type-post","status-publish","format-standard","has-post-thumbnail","hentry","category-calabria","category-home","category-news","tag-calabria-non-sia-lasciata-sola-su-gestione-migranti","tag-frontex","tag-leurodeputato-di-fratelli-ditalia-vincenzo-sofo","tag-parlamentare-pd-lia-quartapelle","tag-programma-tv-omnibus","tag-su-la7","tag-tragedia-migranti-a-cutro"],"yoast_head":"<!-- This site is optimized with the Yoast SEO plugin v27.2 - https:\/\/yoast.com\/product\/yoast-seo-wordpress\/ -->\n<title>Sofo FDI &quot;Calabria non sia lasciata sola su gestione migranti&quot;<\/title>\n<meta name=\"description\" content=\"Lo dichiara l&#039;eurodeputato di Fratelli d&#039;Italia Vincenzo Sofo, intervenendo a Omnibus, su La7, nel dibattito sulla tragedia di Crotone\" \/>\n<meta name=\"robots\" content=\"index, follow, max-snippet:-1, max-image-preview:large, max-video-preview:-1\" \/>\n<link rel=\"canonical\" href=\"https:\/\/progettotouring.it\/radiotouring104\/2023\/03\/02\/sofo-fdi-calabria-non-sia-lasciata-sola-su-gestione-migranti\/\" \/>\n<meta property=\"og:locale\" content=\"it_IT\" \/>\n<meta property=\"og:type\" content=\"article\" \/>\n<meta property=\"og:title\" content=\"Sofo FDI &quot;Calabria non sia lasciata sola su gestione migranti&quot;\" \/>\n<meta property=\"og:description\" content=\"Lo dichiara l&#039;eurodeputato di Fratelli d&#039;Italia Vincenzo Sofo, intervenendo a Omnibus, su La7, nel dibattito sulla tragedia di Crotone\" \/>\n<meta property=\"og:url\" content=\"https:\/\/progettotouring.it\/radiotouring104\/2023\/03\/02\/sofo-fdi-calabria-non-sia-lasciata-sola-su-gestione-migranti\/\" \/>\n<meta property=\"og:site_name\" content=\"Radio Touring 104\" \/>\n<meta property=\"article:published_time\" content=\"2023-03-02T12:08:00+00:00\" \/>\n<meta property=\"og:image\" content=\"https:\/\/progettotouring.it\/radiotouring104\/wp-content\/uploads\/sites\/6\/2023\/03\/Vincenzo-Sofo.jpg\" \/>\n\t<meta property=\"og:image:width\" content=\"958\" \/>\n\t<meta property=\"og:image:height\" content=\"958\" \/>\n\t<meta property=\"og:image:type\" content=\"image\/jpeg\" \/>\n<meta name=\"author\" content=\"Sebastiano Plutino\" \/>\n<meta name=\"twitter:card\" content=\"summary_large_image\" \/>\n<meta name=\"twitter:label1\" content=\"Scritto da\" \/>\n\t<meta name=\"twitter:data1\" content=\"Sebastiano Plutino\" \/>\n\t<meta name=\"twitter:label2\" content=\"Tempo di lettura stimato\" \/>\n\t<meta name=\"twitter:data2\" content=\"2 minuti\" \/>\n<script type=\"application\/ld+json\" class=\"yoast-schema-graph\">{\"@context\":\"https:\/\/schema.org\",\"@graph\":[{\"@type\":\"Article\",\"@id\":\"https:\/\/progettotouring.it\/radiotouring104\/2023\/03\/02\/sofo-fdi-calabria-non-sia-lasciata-sola-su-gestione-migranti\/#article\",\"isPartOf\":{\"@id\":\"https:\/\/progettotouring.it\/radiotouring104\/2023\/03\/02\/sofo-fdi-calabria-non-sia-lasciata-sola-su-gestione-migranti\/\"},\"author\":{\"name\":\"Sebastiano Plutino\",\"@id\":\"https:\/\/progettotouring.it\/radiotouring104\/#\/schema\/person\/78613917f1851f041f7483f5af1d422e\"},\"headline\":\"Sofo FDI &#8220;Calabria non sia lasciata sola su gestione migranti&#8221;\",\"datePublished\":\"2023-03-02T12:08:00+00:00\",\"mainEntityOfPage\":{\"@id\":\"https:\/\/progettotouring.it\/radiotouring104\/2023\/03\/02\/sofo-fdi-calabria-non-sia-lasciata-sola-su-gestione-migranti\/\"},\"wordCount\":375,\"publisher\":{\"@id\":\"https:\/\/progettotouring.it\/radiotouring104\/#organization\"},\"image\":{\"@id\":\"https:\/\/progettotouring.it\/radiotouring104\/2023\/03\/02\/sofo-fdi-calabria-non-sia-lasciata-sola-su-gestione-migranti\/#primaryimage\"},\"thumbnailUrl\":\"https:\/\/progettotouring.it\/radiotouring104\/wp-content\/uploads\/sites\/6\/2023\/03\/Vincenzo-Sofo.jpg\",\"keywords\":[\"Calabria non sia lasciata sola su gestione migranti\",\"Frontex\",\"l'eurodeputato di Fratelli d'Italia Vincenzo Sofo\",\"parlamentare PD Lia Quartapelle\",\"programma tv Omnibus\",\"su La7\",\"tragedia migranti a Cutro\"],\"articleSection\":[\"Calabria\",\"Home\",\"News\"],\"inLanguage\":\"it-IT\"},{\"@type\":\"WebPage\",\"@id\":\"https:\/\/progettotouring.it\/radiotouring104\/2023\/03\/02\/sofo-fdi-calabria-non-sia-lasciata-sola-su-gestione-migranti\/\",\"url\":\"https:\/\/progettotouring.it\/radiotouring104\/2023\/03\/02\/sofo-fdi-calabria-non-sia-lasciata-sola-su-gestione-migranti\/\",\"name\":\"Sofo FDI \\\"Calabria non sia lasciata sola su gestione migranti\\\"\",\"isPartOf\":{\"@id\":\"https:\/\/progettotouring.it\/radiotouring104\/#website\"},\"primaryImageOfPage\":{\"@id\":\"https:\/\/progettotouring.it\/radiotouring104\/2023\/03\/02\/sofo-fdi-calabria-non-sia-lasciata-sola-su-gestione-migranti\/#primaryimage\"},\"image\":{\"@id\":\"https:\/\/progettotouring.it\/radiotouring104\/2023\/03\/02\/sofo-fdi-calabria-non-sia-lasciata-sola-su-gestione-migranti\/#primaryimage\"},\"thumbnailUrl\":\"https:\/\/progettotouring.it\/radiotouring104\/wp-content\/uploads\/sites\/6\/2023\/03\/Vincenzo-Sofo.jpg\",\"datePublished\":\"2023-03-02T12:08:00+00:00\",\"description\":\"Lo dichiara l'eurodeputato di Fratelli d'Italia Vincenzo Sofo, intervenendo a Omnibus, su La7, nel dibattito sulla tragedia di Crotone\",\"breadcrumb\":{\"@id\":\"https:\/\/progettotouring.it\/radiotouring104\/2023\/03\/02\/sofo-fdi-calabria-non-sia-lasciata-sola-su-gestione-migranti\/#breadcrumb\"},\"inLanguage\":\"it-IT\",\"potentialAction\":[{\"@type\":\"ReadAction\",\"target\":[\"https:\/\/progettotouring.it\/radiotouring104\/2023\/03\/02\/sofo-fdi-calabria-non-sia-lasciata-sola-su-gestione-migranti\/\"]}]},{\"@type\":\"ImageObject\",\"inLanguage\":\"it-IT\",\"@id\":\"https:\/\/progettotouring.it\/radiotouring104\/2023\/03\/02\/sofo-fdi-calabria-non-sia-lasciata-sola-su-gestione-migranti\/#primaryimage\",\"url\":\"https:\/\/progettotouring.it\/radiotouring104\/wp-content\/uploads\/sites\/6\/2023\/03\/Vincenzo-Sofo.jpg\",\"contentUrl\":\"https:\/\/progettotouring.it\/radiotouring104\/wp-content\/uploads\/sites\/6\/2023\/03\/Vincenzo-Sofo.jpg\",\"width\":958,\"height\":958},{\"@type\":\"BreadcrumbList\",\"@id\":\"https:\/\/progettotouring.it\/radiotouring104\/2023\/03\/02\/sofo-fdi-calabria-non-sia-lasciata-sola-su-gestione-migranti\/#breadcrumb\",\"itemListElement\":[{\"@type\":\"ListItem\",\"position\":1,\"name\":\"Home\",\"item\":\"https:\/\/progettotouring.it\/radiotouring104\/\"},{\"@type\":\"ListItem\",\"position\":2,\"name\":\"Sofo FDI &#8220;Calabria non sia lasciata sola su gestione migranti&#8221;\"}]},{\"@type\":\"WebSite\",\"@id\":\"https:\/\/progettotouring.it\/radiotouring104\/#website\",\"url\":\"https:\/\/progettotouring.it\/radiotouring104\/\",\"name\":\"Radio Touring 104\",\"description\":\"La prima radio Reggina\",\"publisher\":{\"@id\":\"https:\/\/progettotouring.it\/radiotouring104\/#organization\"},\"potentialAction\":[{\"@type\":\"SearchAction\",\"target\":{\"@type\":\"EntryPoint\",\"urlTemplate\":\"https:\/\/progettotouring.it\/radiotouring104\/?s={search_term_string}\"},\"query-input\":{\"@type\":\"PropertyValueSpecification\",\"valueRequired\":true,\"valueName\":\"search_term_string\"}}],\"inLanguage\":\"it-IT\"},{\"@type\":\"Organization\",\"@id\":\"https:\/\/progettotouring.it\/radiotouring104\/#organization\",\"name\":\"Radio Touring 104\",\"url\":\"https:\/\/progettotouring.it\/radiotouring104\/\",\"logo\":{\"@type\":\"ImageObject\",\"inLanguage\":\"it-IT\",\"@id\":\"https:\/\/progettotouring.it\/radiotouring104\/#\/schema\/logo\/image\/\",\"url\":\"https:\/\/progettotouring.it\/radiotouring104\/wp-content\/uploads\/sites\/6\/2022\/02\/cropped-logo-radio-touring-104.png\",\"contentUrl\":\"https:\/\/progettotouring.it\/radiotouring104\/wp-content\/uploads\/sites\/6\/2022\/02\/cropped-logo-radio-touring-104.png\",\"width\":377,\"height\":182,\"caption\":\"Radio Touring 104\"},\"image\":{\"@id\":\"https:\/\/progettotouring.it\/radiotouring104\/#\/schema\/logo\/image\/\"}},{\"@type\":\"Person\",\"@id\":\"https:\/\/progettotouring.it\/radiotouring104\/#\/schema\/person\/78613917f1851f041f7483f5af1d422e\",\"name\":\"Sebastiano Plutino\",\"image\":{\"@type\":\"ImageObject\",\"inLanguage\":\"it-IT\",\"@id\":\"https:\/\/secure.gravatar.com\/avatar\/0546ffaa9b79224faf9f2a156b67a529ae861d3287c66c1d8ccfdf909bcba78d?s=96&d=mm&r=g\",\"url\":\"https:\/\/secure.gravatar.com\/avatar\/0546ffaa9b79224faf9f2a156b67a529ae861d3287c66c1d8ccfdf909bcba78d?s=96&d=mm&r=g\",\"contentUrl\":\"https:\/\/secure.gravatar.com\/avatar\/0546ffaa9b79224faf9f2a156b67a529ae861d3287c66c1d8ccfdf909bcba78d?s=96&d=mm&r=g\",\"caption\":\"Sebastiano Plutino\"},\"url\":\"https:\/\/progettotouring.it\/radiotouring104\/author\/sebastiano\/\"}]}<\/script>\n<!-- \/ Yoast SEO plugin. -->","yoast_head_json":{"title":"Sofo FDI \"Calabria non sia lasciata sola su gestione migranti\"","description":"Lo dichiara l'eurodeputato di Fratelli d'Italia Vincenzo Sofo, intervenendo a Omnibus, su La7, nel dibattito sulla tragedia di Crotone","robots":{"index":"index","follow":"follow","max-snippet":"max-snippet:-1","max-image-preview":"max-image-preview:large","max-video-preview":"max-video-preview:-1"},"canonical":"https:\/\/progettotouring.it\/radiotouring104\/2023\/03\/02\/sofo-fdi-calabria-non-sia-lasciata-sola-su-gestione-migranti\/","og_locale":"it_IT","og_type":"article","og_title":"Sofo FDI \"Calabria non sia lasciata sola su gestione migranti\"","og_description":"Lo dichiara l'eurodeputato di Fratelli d'Italia Vincenzo Sofo, intervenendo a Omnibus, su La7, nel dibattito sulla tragedia di Crotone","og_url":"https:\/\/progettotouring.it\/radiotouring104\/2023\/03\/02\/sofo-fdi-calabria-non-sia-lasciata-sola-su-gestione-migranti\/","og_site_name":"Radio Touring 104","article_published_time":"2023-03-02T12:08:00+00:00","og_image":[{"width":958,"height":958,"url":"https:\/\/progettotouring.it\/radiotouring104\/wp-content\/uploads\/sites\/6\/2023\/03\/Vincenzo-Sofo.jpg","type":"image\/jpeg"}],"author":"Sebastiano Plutino","twitter_card":"summary_large_image","twitter_misc":{"Scritto da":"Sebastiano Plutino","Tempo di lettura stimato":"2 minuti"},"schema":{"@context":"https:\/\/schema.org","@graph":[{"@type":"Article","@id":"https:\/\/progettotouring.it\/radiotouring104\/2023\/03\/02\/sofo-fdi-calabria-non-sia-lasciata-sola-su-gestione-migranti\/#article","isPartOf":{"@id":"https:\/\/progettotouring.it\/radiotouring104\/2023\/03\/02\/sofo-fdi-calabria-non-sia-lasciata-sola-su-gestione-migranti\/"},"author":{"name":"Sebastiano Plutino","@id":"https:\/\/progettotouring.it\/radiotouring104\/#\/schema\/person\/78613917f1851f041f7483f5af1d422e"},"headline":"Sofo FDI &#8220;Calabria non sia lasciata sola su gestione migranti&#8221;","datePublished":"2023-03-02T12:08:00+00:00","mainEntityOfPage":{"@id":"https:\/\/progettotouring.it\/radiotouring104\/2023\/03\/02\/sofo-fdi-calabria-non-sia-lasciata-sola-su-gestione-migranti\/"},"wordCount":375,"publisher":{"@id":"https:\/\/progettotouring.it\/radiotouring104\/#organization"},"image":{"@id":"https:\/\/progettotouring.it\/radiotouring104\/2023\/03\/02\/sofo-fdi-calabria-non-sia-lasciata-sola-su-gestione-migranti\/#primaryimage"},"thumbnailUrl":"https:\/\/progettotouring.it\/radiotouring104\/wp-content\/uploads\/sites\/6\/2023\/03\/Vincenzo-Sofo.jpg","keywords":["Calabria non sia lasciata sola su gestione migranti","Frontex","l'eurodeputato di Fratelli d'Italia Vincenzo Sofo","parlamentare PD Lia Quartapelle","programma tv Omnibus","su La7","tragedia migranti a Cutro"],"articleSection":["Calabria","Home","News"],"inLanguage":"it-IT"},{"@type":"WebPage","@id":"https:\/\/progettotouring.it\/radiotouring104\/2023\/03\/02\/sofo-fdi-calabria-non-sia-lasciata-sola-su-gestione-migranti\/","url":"https:\/\/progettotouring.it\/radiotouring104\/2023\/03\/02\/sofo-fdi-calabria-non-sia-lasciata-sola-su-gestione-migranti\/","name":"Sofo FDI \"Calabria non sia lasciata sola su gestione migranti\"","isPartOf":{"@id":"https:\/\/progettotouring.it\/radiotouring104\/#website"},"primaryImageOfPage":{"@id":"https:\/\/progettotouring.it\/radiotouring104\/2023\/03\/02\/sofo-fdi-calabria-non-sia-lasciata-sola-su-gestione-migranti\/#primaryimage"},"image":{"@id":"https:\/\/progettotouring.it\/radiotouring104\/2023\/03\/02\/sofo-fdi-calabria-non-sia-lasciata-sola-su-gestione-migranti\/#primaryimage"},"thumbnailUrl":"https:\/\/progettotouring.it\/radiotouring104\/wp-content\/uploads\/sites\/6\/2023\/03\/Vincenzo-Sofo.jpg","datePublished":"2023-03-02T12:08:00+00:00","description":"Lo dichiara l'eurodeputato di Fratelli d'Italia Vincenzo Sofo, intervenendo a Omnibus, su La7, nel dibattito sulla tragedia di Crotone","breadcrumb":{"@id":"https:\/\/progettotouring.it\/radiotouring104\/2023\/03\/02\/sofo-fdi-calabria-non-sia-lasciata-sola-su-gestione-migranti\/#breadcrumb"},"inLanguage":"it-IT","potentialAction":[{"@type":"ReadAction","target":["https:\/\/progettotouring.it\/radiotouring104\/2023\/03\/02\/sofo-fdi-calabria-non-sia-lasciata-sola-su-gestione-migranti\/"]}]},{"@type":"ImageObject","inLanguage":"it-IT","@id":"https:\/\/progettotouring.it\/radiotouring104\/2023\/03\/02\/sofo-fdi-calabria-non-sia-lasciata-sola-su-gestione-migranti\/#primaryimage","url":"https:\/\/progettotouring.it\/radiotouring104\/wp-content\/uploads\/sites\/6\/2023\/03\/Vincenzo-Sofo.jpg","contentUrl":"https:\/\/progettotouring.it\/radiotouring104\/wp-content\/uploads\/sites\/6\/2023\/03\/Vincenzo-Sofo.jpg","width":958,"height":958},{"@type":"BreadcrumbList","@id":"https:\/\/progettotouring.it\/radiotouring104\/2023\/03\/02\/sofo-fdi-calabria-non-sia-lasciata-sola-su-gestione-migranti\/#breadcrumb","itemListElement":[{"@type":"ListItem","position":1,"name":"Home","item":"https:\/\/progettotouring.it\/radiotouring104\/"},{"@type":"ListItem","position":2,"name":"Sofo FDI &#8220;Calabria non sia lasciata sola su gestione migranti&#8221;"}]},{"@type":"WebSite","@id":"https:\/\/progettotouring.it\/radiotouring104\/#website","url":"https:\/\/progettotouring.it\/radiotouring104\/","name":"Radio Touring 104","description":"La prima radio Reggina","publisher":{"@id":"https:\/\/progettotouring.it\/radiotouring104\/#organization"},"potentialAction":[{"@type":"SearchAction","target":{"@type":"EntryPoint","urlTemplate":"https:\/\/progettotouring.it\/radiotouring104\/?s={search_term_string}"},"query-input":{"@type":"PropertyValueSpecification","valueRequired":true,"valueName":"search_term_string"}}],"inLanguage":"it-IT"},{"@type":"Organization","@id":"https:\/\/progettotouring.it\/radiotouring104\/#organization","name":"Radio Touring 104","url":"https:\/\/progettotouring.it\/radiotouring104\/","logo":{"@type":"ImageObject","inLanguage":"it-IT","@id":"https:\/\/progettotouring.it\/radiotouring104\/#\/schema\/logo\/image\/","url":"https:\/\/progettotouring.it\/radiotouring104\/wp-content\/uploads\/sites\/6\/2022\/02\/cropped-logo-radio-touring-104.png","contentUrl":"https:\/\/progettotouring.it\/radiotouring104\/wp-content\/uploads\/sites\/6\/2022\/02\/cropped-logo-radio-touring-104.png","width":377,"height":182,"caption":"Radio Touring 104"},"image":{"@id":"https:\/\/progettotouring.it\/radiotouring104\/#\/schema\/logo\/image\/"}},{"@type":"Person","@id":"https:\/\/progettotouring.it\/radiotouring104\/#\/schema\/person\/78613917f1851f041f7483f5af1d422e","name":"Sebastiano Plutino","image":{"@type":"ImageObject","inLanguage":"it-IT","@id":"https:\/\/secure.gravatar.com\/avatar\/0546ffaa9b79224faf9f2a156b67a529ae861d3287c66c1d8ccfdf909bcba78d?s=96&d=mm&r=g","url":"https:\/\/secure.gravatar.com\/avatar\/0546ffaa9b79224faf9f2a156b67a529ae861d3287c66c1d8ccfdf909bcba78d?s=96&d=mm&r=g","contentUrl":"https:\/\/secure.gravatar.com\/avatar\/0546ffaa9b79224faf9f2a156b67a529ae861d3287c66c1d8ccfdf909bcba78d?s=96&d=mm&r=g","caption":"Sebastiano Plutino"},"url":"https:\/\/progettotouring.it\/radiotouring104\/author\/sebastiano\/"}]}},"jetpack_publicize_connections":[],"jetpack_featured_media_url":"https:\/\/progettotouring.it\/radiotouring104\/wp-content\/uploads\/sites\/6\/2023\/03\/Vincenzo-Sofo.jpg","jetpack_sharing_enabled":true,"_links":{"self":[{"href":"https:\/\/progettotouring.it\/radiotouring104\/wp-json\/wp\/v2\/posts\/19969","targetHints":{"allow":["GET"]}}],"collection":[{"href":"https:\/\/progettotouring.it\/radiotouring104\/wp-json\/wp\/v2\/posts"}],"about":[{"href":"https:\/\/progettotouring.it\/radiotouring104\/wp-json\/wp\/v2\/types\/post"}],"author":[{"embeddable":true,"href":"https:\/\/progettotouring.it\/radiotouring104\/wp-json\/wp\/v2\/users\/12"}],"replies":[{"embeddable":true,"href":"https:\/\/progettotouring.it\/radiotouring104\/wp-json\/wp\/v2\/comments?post=19969"}],"version-history":[{"count":1,"href":"https:\/\/progettotouring.it\/radiotouring104\/wp-json\/wp\/v2\/posts\/19969\/revisions"}],"predecessor-version":[{"id":19971,"href":"https:\/\/progettotouring.it\/radiotouring104\/wp-json\/wp\/v2\/posts\/19969\/revisions\/19971"}],"wp:featuredmedia":[{"embeddable":true,"href":"https:\/\/progettotouring.it\/radiotouring104\/wp-json\/wp\/v2\/media\/19970"}],"wp:attachment":[{"href":"https:\/\/progettotouring.it\/radiotouring104\/wp-json\/wp\/v2\/media?parent=19969"}],"wp:term":[{"taxonomy":"category","embeddable":true,"href":"https:\/\/progettotouring.it\/radiotouring104\/wp-json\/wp\/v2\/categories?post=19969"},{"taxonomy":"post_tag","embeddable":true,"href":"https:\/\/progettotouring.it\/radiotouring104\/wp-json\/wp\/v2\/tags?post=19969"}],"curies":[{"name":"wp","href":"https:\/\/api.w.org\/{rel}","templated":true}]}}