{"id":19972,"date":"2023-03-02T13:15:15","date_gmt":"2023-03-02T12:15:15","guid":{"rendered":"https:\/\/progettotouring.it\/radiotouring104\/?p=19972"},"modified":"2023-03-02T13:15:15","modified_gmt":"2023-03-02T12:15:15","slug":"spettacolo-circense-alis-gran-gala-al-palacalafiore","status":"publish","type":"post","link":"https:\/\/progettotouring.it\/radiotouring104\/2023\/03\/02\/spettacolo-circense-alis-gran-gala-al-palacalafiore\/","title":{"rendered":"Spettacolo circense \u201cAlis Gran Gal\u00e0\u201d al Palacalafiore"},"content":{"rendered":"<p>Procedono i preparativi per la prima assoluta in Calabria di \u201c<strong>Alis Gran Gal\u00e0<\/strong>\u201d, lo straordinario spettacolo internazionale di Circo Contemporaneo di <strong>Le Cirque Top Performers<\/strong>, la pi\u00f9 grande compagnia d\u2019Europa, che sar\u00e0 presentato al Palacalafiore di Reggio venerd\u00ec 21 e sabato 22 aprile alle ore 21:00; venerd\u00ec 21 aprile sar\u00e0 anche effettuato uno spettacolo mattutino riservato esclusivamente alle scuole alle ore 10:30.<\/p>\n<p>A confermarlo \u00e8 <strong>Ruggero Pegna<\/strong>, da 37 anni il promoter dei grandi eventi in Calabria, insieme a <strong>Gianpiero ed Alessandro Garelli<\/strong>, i produttori dell\u2019incredibile show che vanta un cast stellare con i migliori artisti internazionali del genere, provenienti dai pi\u00f9 grandi circhi del mondo e dal Cirque du Soleil.<\/p>\n<p>Una dietro l\u2019altra si esibiranno con numeri ai limiti delle possibilit\u00e0 umane le star pi\u00f9 acclamate del genere, pluripremiate con i riconoscimenti pi\u00f9 ambiti e prestigiosi per le loro eccezionali performance, come il Premio del Festival del Circo di Monte Carlo, una sorta di Oscar dell\u2019Arte circense: equilibristi, acrobati, clown, trapezisti, cantanti e musicisti. In circa due ore di show senza interruzioni e senza animali, Alis porta il pubblico in un viaggio spettacolare che attinge anche dalla letteratura fantastica dell\u2019\u2018800 e ad Alice nel paese delle Meraviglie, il capolavoro di Lewis Carroll. Le Cirque Top Perfomers vanta una collaborazione con oltre 100 artisti \u201cTop Performers\u201d di tutto il mondo ed \u00e8 la pi\u00f9 grande compagnia europea del genere. La vendita dei biglietti dei serali \u00e8 in corso su www.ticketone.it e nei punti Ticketone (Reggio: B\u2019Art, corso Garibaldi). Previsti sconti per ragazzi e per gruppi di almeno 20 persone. Per i gruppi e il matin\u00e8e scolastico \u00e8 necessario rivolgersi alla segreteria organizzativa: tel. 0968441888 (mail: info@ruggeropegna.it)<\/p>\n<p>Tra gli Artisti dell\u2019incredibile cast: il canadese Yves Decoste e l\u2019ucraina Valentina Sidenko (Hand To Hand). stelle mondiali delle grandi produzioni del Cirque du Soleil, tra cui La Magie Continue, Mystere, Quidam e Zed, Zaia e Joya; la star Jonathan Morin (Crossed Whee) con oltre 1.000 presenze negli show del Cirque du Soleil, inventore di un nuovo attrezzo, &#8220;The Crossed Wheel&#8221;, che contraddistingue le sue performances e che ha conquistato il pubblico in tutto il mondo; Andreis Jacobs Rigolo (Sanddorn Balance), artista originalissimo e creatore di numeri iconici e tra i pi\u00f9 straordinari in assoluto; Pippo Crotti (Comedy), celebre comico e attore irresistibile in scena, al cinema e in televisione, con oltre 1500 repliche in Totem del Cirque du Soleil; il collettivo ucraino Adrenaline Troupe (Trampowall), artisti formidabili, maggiori interpreti di una disciplina acrobatica che non ammette errori: la perfetta combinazione tra sport e arte circense ai limiti delle capacit\u00e0 umane. Un numero di pura energia, intensit\u00e0 e spettacolarit\u00e0, con un susseguirsi di evoluzioni acrobatiche e atletiche da togliere il fiato, che scatena l\u2019entusiasmo del pubblico; Rose Winebrenner (Singer and Composer), cantante, polistrumentista, compositrice, artista visiva di Chicago, con oltre trent\u2019anni di carriera, protagonista in Zaia del Cirque du Soleil con oltre 1.400 repliche e solista scelta per la Cerimonia del Bollywood Award; la stella dei tessuti aerei Asia Tromler (Aerial Silks and Alis) direttrice dell\u2019 Ikigai Circus Art, dove insegna le sue specialit\u00e0; Marie-Eve Bisson (Aerial Hoop), artista canadese applaudita in oltre 4.000 partecipazioni con il Cirque du Soleil e negli eventi speciali Dralion, Quidam (anche nel film) e pi\u00f9 recentemente Kooza, tour mondiale; Onofrio Colucci, Direttore Artistico e Maestro di Cerimonia, definito sin da ragazzo \u201cenfant prodige\u201d del circo contemporaneo. Si \u00e8 esibito in 60 Paesi con oltre 4.000 repliche ed \u00e8 stato protagonista delle pi\u00f9 importanti produzioni del Cirque du Soleil. Ha diretto spettacoli internazionali ed \u00e8 suo il ruolo principale nel celebre spettacolo Slava\u2019s Snowshow, che il grande Slava Polunin gli ha affidato, eleggendolo suo erede. Colucci non ha dubbi: \u201cAlis \u00e8 un viaggio alla scoperta di ci\u00f2 che non t\u2019aspetti, per imparare di nuovo a meravigliarsi e a sognare\u201d.<\/p>\n<p>\u201cAlis Gran Gal\u00e0 &#8211; afferma Pegna \u2013 \u00e8 uno spettacolo imperdibile, pieno di emozioni e meraviglie, con un allestimento faraonico, credo anche irripetibile in Calabria!\u201d.<\/p>\n<p>&nbsp;<\/p>\n","protected":false},"excerpt":{"rendered":"<p>Procedono i preparativi per la prima assoluta in Calabria di \u201cAlis Gran Gal\u00e0\u201d, lo straordinario spettacolo internazionale di Circo Contemporaneo di Le Cirque Top Performers, la pi\u00f9 grande compagnia d\u2019Europa,&hellip;<\/p>\n","protected":false},"author":12,"featured_media":19973,"comment_status":"closed","ping_status":"open","sticky":false,"template":"","format":"standard","meta":{"_jetpack_memberships_contains_paid_content":false,"footnotes":"","jetpack_publicize_message":"","jetpack_publicize_feature_enabled":true,"jetpack_social_post_already_shared":false,"jetpack_social_options":{"image_generator_settings":{"template":"highway","default_image_id":0,"font":"","enabled":false},"version":2}},"categories":[921,196,140],"tags":[10820,7973,384,282,10819],"class_list":["post-19972","post","type-post","status-publish","format-standard","has-post-thumbnail","hentry","category-home","category-news","category-reggio-calabria","tag-gianpiero-ed-alessandro-garelli","tag-le-cirque-top-performers","tag-palacalafiore","tag-ruggero-pegna","tag-spettacolo-circense-alis-gran-gala"],"yoast_head":"<!-- This site is optimized with the Yoast SEO plugin v27.2 - https:\/\/yoast.com\/product\/yoast-seo-wordpress\/ -->\n<title>Spettacolo circense \u201cAlis Gran Gal\u00e0\u201d al Palacalafiore<\/title>\n<meta name=\"description\" content=\"Lo spettacolo circense sar\u00e0 presentato al Palacalafiore di Reggio venerd\u00ec 21 e sabato 22 aprile alle ore 21:00\" \/>\n<meta name=\"robots\" content=\"index, follow, max-snippet:-1, max-image-preview:large, max-video-preview:-1\" \/>\n<link rel=\"canonical\" href=\"https:\/\/progettotouring.it\/radiotouring104\/2023\/03\/02\/spettacolo-circense-alis-gran-gala-al-palacalafiore\/\" \/>\n<meta property=\"og:locale\" content=\"it_IT\" \/>\n<meta property=\"og:type\" content=\"article\" \/>\n<meta property=\"og:title\" content=\"Spettacolo circense \u201cAlis Gran Gal\u00e0\u201d al Palacalafiore\" \/>\n<meta property=\"og:description\" content=\"Lo spettacolo circense sar\u00e0 presentato al Palacalafiore di Reggio venerd\u00ec 21 e sabato 22 aprile alle ore 21:00\" \/>\n<meta property=\"og:url\" content=\"https:\/\/progettotouring.it\/radiotouring104\/2023\/03\/02\/spettacolo-circense-alis-gran-gala-al-palacalafiore\/\" \/>\n<meta property=\"og:site_name\" content=\"Radio Touring 104\" \/>\n<meta property=\"article:published_time\" content=\"2023-03-02T12:15:15+00:00\" \/>\n<meta property=\"og:image\" content=\"https:\/\/progettotouring.it\/radiotouring104\/wp-content\/uploads\/sites\/6\/2023\/03\/Pegna-Circo-Palacalafiore-scaled.jpg\" \/>\n\t<meta property=\"og:image:width\" content=\"2560\" \/>\n\t<meta property=\"og:image:height\" content=\"1063\" \/>\n\t<meta property=\"og:image:type\" content=\"image\/jpeg\" \/>\n<meta name=\"author\" content=\"Sebastiano Plutino\" \/>\n<meta name=\"twitter:card\" content=\"summary_large_image\" \/>\n<meta name=\"twitter:label1\" content=\"Scritto da\" \/>\n\t<meta name=\"twitter:data1\" content=\"Sebastiano Plutino\" \/>\n\t<meta name=\"twitter:label2\" content=\"Tempo di lettura stimato\" \/>\n\t<meta name=\"twitter:data2\" content=\"3 minuti\" \/>\n<script type=\"application\/ld+json\" class=\"yoast-schema-graph\">{\"@context\":\"https:\/\/schema.org\",\"@graph\":[{\"@type\":\"Article\",\"@id\":\"https:\/\/progettotouring.it\/radiotouring104\/2023\/03\/02\/spettacolo-circense-alis-gran-gala-al-palacalafiore\/#article\",\"isPartOf\":{\"@id\":\"https:\/\/progettotouring.it\/radiotouring104\/2023\/03\/02\/spettacolo-circense-alis-gran-gala-al-palacalafiore\/\"},\"author\":{\"name\":\"Sebastiano Plutino\",\"@id\":\"https:\/\/progettotouring.it\/radiotouring104\/#\/schema\/person\/78613917f1851f041f7483f5af1d422e\"},\"headline\":\"Spettacolo circense \u201cAlis Gran Gal\u00e0\u201d al Palacalafiore\",\"datePublished\":\"2023-03-02T12:15:15+00:00\",\"mainEntityOfPage\":{\"@id\":\"https:\/\/progettotouring.it\/radiotouring104\/2023\/03\/02\/spettacolo-circense-alis-gran-gala-al-palacalafiore\/\"},\"wordCount\":654,\"publisher\":{\"@id\":\"https:\/\/progettotouring.it\/radiotouring104\/#organization\"},\"image\":{\"@id\":\"https:\/\/progettotouring.it\/radiotouring104\/2023\/03\/02\/spettacolo-circense-alis-gran-gala-al-palacalafiore\/#primaryimage\"},\"thumbnailUrl\":\"https:\/\/progettotouring.it\/radiotouring104\/wp-content\/uploads\/sites\/6\/2023\/03\/Pegna-Circo-Palacalafiore-scaled.jpg\",\"keywords\":[\"Gianpiero ed Alessandro Garelli\",\"Le Cirque Top Performers\",\"Palacalafiore\",\"Ruggero Pegna\",\"spettacolo circense \u201cAlis Gran Gal\u00e0\\\"\"],\"articleSection\":[\"Home\",\"News\",\"Reggio Calabria\"],\"inLanguage\":\"it-IT\"},{\"@type\":\"WebPage\",\"@id\":\"https:\/\/progettotouring.it\/radiotouring104\/2023\/03\/02\/spettacolo-circense-alis-gran-gala-al-palacalafiore\/\",\"url\":\"https:\/\/progettotouring.it\/radiotouring104\/2023\/03\/02\/spettacolo-circense-alis-gran-gala-al-palacalafiore\/\",\"name\":\"Spettacolo circense \u201cAlis Gran Gal\u00e0\u201d al Palacalafiore\",\"isPartOf\":{\"@id\":\"https:\/\/progettotouring.it\/radiotouring104\/#website\"},\"primaryImageOfPage\":{\"@id\":\"https:\/\/progettotouring.it\/radiotouring104\/2023\/03\/02\/spettacolo-circense-alis-gran-gala-al-palacalafiore\/#primaryimage\"},\"image\":{\"@id\":\"https:\/\/progettotouring.it\/radiotouring104\/2023\/03\/02\/spettacolo-circense-alis-gran-gala-al-palacalafiore\/#primaryimage\"},\"thumbnailUrl\":\"https:\/\/progettotouring.it\/radiotouring104\/wp-content\/uploads\/sites\/6\/2023\/03\/Pegna-Circo-Palacalafiore-scaled.jpg\",\"datePublished\":\"2023-03-02T12:15:15+00:00\",\"description\":\"Lo spettacolo circense sar\u00e0 presentato al Palacalafiore di Reggio venerd\u00ec 21 e sabato 22 aprile alle ore 21:00\",\"breadcrumb\":{\"@id\":\"https:\/\/progettotouring.it\/radiotouring104\/2023\/03\/02\/spettacolo-circense-alis-gran-gala-al-palacalafiore\/#breadcrumb\"},\"inLanguage\":\"it-IT\",\"potentialAction\":[{\"@type\":\"ReadAction\",\"target\":[\"https:\/\/progettotouring.it\/radiotouring104\/2023\/03\/02\/spettacolo-circense-alis-gran-gala-al-palacalafiore\/\"]}]},{\"@type\":\"ImageObject\",\"inLanguage\":\"it-IT\",\"@id\":\"https:\/\/progettotouring.it\/radiotouring104\/2023\/03\/02\/spettacolo-circense-alis-gran-gala-al-palacalafiore\/#primaryimage\",\"url\":\"https:\/\/progettotouring.it\/radiotouring104\/wp-content\/uploads\/sites\/6\/2023\/03\/Pegna-Circo-Palacalafiore-scaled.jpg\",\"contentUrl\":\"https:\/\/progettotouring.it\/radiotouring104\/wp-content\/uploads\/sites\/6\/2023\/03\/Pegna-Circo-Palacalafiore-scaled.jpg\",\"width\":2560,\"height\":1063},{\"@type\":\"BreadcrumbList\",\"@id\":\"https:\/\/progettotouring.it\/radiotouring104\/2023\/03\/02\/spettacolo-circense-alis-gran-gala-al-palacalafiore\/#breadcrumb\",\"itemListElement\":[{\"@type\":\"ListItem\",\"position\":1,\"name\":\"Home\",\"item\":\"https:\/\/progettotouring.it\/radiotouring104\/\"},{\"@type\":\"ListItem\",\"position\":2,\"name\":\"Spettacolo circense \u201cAlis Gran Gal\u00e0\u201d al Palacalafiore\"}]},{\"@type\":\"WebSite\",\"@id\":\"https:\/\/progettotouring.it\/radiotouring104\/#website\",\"url\":\"https:\/\/progettotouring.it\/radiotouring104\/\",\"name\":\"Radio Touring 104\",\"description\":\"La prima radio Reggina\",\"publisher\":{\"@id\":\"https:\/\/progettotouring.it\/radiotouring104\/#organization\"},\"potentialAction\":[{\"@type\":\"SearchAction\",\"target\":{\"@type\":\"EntryPoint\",\"urlTemplate\":\"https:\/\/progettotouring.it\/radiotouring104\/?s={search_term_string}\"},\"query-input\":{\"@type\":\"PropertyValueSpecification\",\"valueRequired\":true,\"valueName\":\"search_term_string\"}}],\"inLanguage\":\"it-IT\"},{\"@type\":\"Organization\",\"@id\":\"https:\/\/progettotouring.it\/radiotouring104\/#organization\",\"name\":\"Radio Touring 104\",\"url\":\"https:\/\/progettotouring.it\/radiotouring104\/\",\"logo\":{\"@type\":\"ImageObject\",\"inLanguage\":\"it-IT\",\"@id\":\"https:\/\/progettotouring.it\/radiotouring104\/#\/schema\/logo\/image\/\",\"url\":\"https:\/\/progettotouring.it\/radiotouring104\/wp-content\/uploads\/sites\/6\/2022\/02\/cropped-logo-radio-touring-104.png\",\"contentUrl\":\"https:\/\/progettotouring.it\/radiotouring104\/wp-content\/uploads\/sites\/6\/2022\/02\/cropped-logo-radio-touring-104.png\",\"width\":377,\"height\":182,\"caption\":\"Radio Touring 104\"},\"image\":{\"@id\":\"https:\/\/progettotouring.it\/radiotouring104\/#\/schema\/logo\/image\/\"}},{\"@type\":\"Person\",\"@id\":\"https:\/\/progettotouring.it\/radiotouring104\/#\/schema\/person\/78613917f1851f041f7483f5af1d422e\",\"name\":\"Sebastiano Plutino\",\"image\":{\"@type\":\"ImageObject\",\"inLanguage\":\"it-IT\",\"@id\":\"https:\/\/secure.gravatar.com\/avatar\/0546ffaa9b79224faf9f2a156b67a529ae861d3287c66c1d8ccfdf909bcba78d?s=96&d=mm&r=g\",\"url\":\"https:\/\/secure.gravatar.com\/avatar\/0546ffaa9b79224faf9f2a156b67a529ae861d3287c66c1d8ccfdf909bcba78d?s=96&d=mm&r=g\",\"contentUrl\":\"https:\/\/secure.gravatar.com\/avatar\/0546ffaa9b79224faf9f2a156b67a529ae861d3287c66c1d8ccfdf909bcba78d?s=96&d=mm&r=g\",\"caption\":\"Sebastiano Plutino\"},\"url\":\"https:\/\/progettotouring.it\/radiotouring104\/author\/sebastiano\/\"}]}<\/script>\n<!-- \/ Yoast SEO plugin. -->","yoast_head_json":{"title":"Spettacolo circense \u201cAlis Gran Gal\u00e0\u201d al Palacalafiore","description":"Lo spettacolo circense sar\u00e0 presentato al Palacalafiore di Reggio venerd\u00ec 21 e sabato 22 aprile alle ore 21:00","robots":{"index":"index","follow":"follow","max-snippet":"max-snippet:-1","max-image-preview":"max-image-preview:large","max-video-preview":"max-video-preview:-1"},"canonical":"https:\/\/progettotouring.it\/radiotouring104\/2023\/03\/02\/spettacolo-circense-alis-gran-gala-al-palacalafiore\/","og_locale":"it_IT","og_type":"article","og_title":"Spettacolo circense \u201cAlis Gran Gal\u00e0\u201d al Palacalafiore","og_description":"Lo spettacolo circense sar\u00e0 presentato al Palacalafiore di Reggio venerd\u00ec 21 e sabato 22 aprile alle ore 21:00","og_url":"https:\/\/progettotouring.it\/radiotouring104\/2023\/03\/02\/spettacolo-circense-alis-gran-gala-al-palacalafiore\/","og_site_name":"Radio Touring 104","article_published_time":"2023-03-02T12:15:15+00:00","og_image":[{"width":2560,"height":1063,"url":"https:\/\/progettotouring.it\/radiotouring104\/wp-content\/uploads\/sites\/6\/2023\/03\/Pegna-Circo-Palacalafiore-scaled.jpg","type":"image\/jpeg"}],"author":"Sebastiano Plutino","twitter_card":"summary_large_image","twitter_misc":{"Scritto da":"Sebastiano Plutino","Tempo di lettura stimato":"3 minuti"},"schema":{"@context":"https:\/\/schema.org","@graph":[{"@type":"Article","@id":"https:\/\/progettotouring.it\/radiotouring104\/2023\/03\/02\/spettacolo-circense-alis-gran-gala-al-palacalafiore\/#article","isPartOf":{"@id":"https:\/\/progettotouring.it\/radiotouring104\/2023\/03\/02\/spettacolo-circense-alis-gran-gala-al-palacalafiore\/"},"author":{"name":"Sebastiano Plutino","@id":"https:\/\/progettotouring.it\/radiotouring104\/#\/schema\/person\/78613917f1851f041f7483f5af1d422e"},"headline":"Spettacolo circense \u201cAlis Gran Gal\u00e0\u201d al Palacalafiore","datePublished":"2023-03-02T12:15:15+00:00","mainEntityOfPage":{"@id":"https:\/\/progettotouring.it\/radiotouring104\/2023\/03\/02\/spettacolo-circense-alis-gran-gala-al-palacalafiore\/"},"wordCount":654,"publisher":{"@id":"https:\/\/progettotouring.it\/radiotouring104\/#organization"},"image":{"@id":"https:\/\/progettotouring.it\/radiotouring104\/2023\/03\/02\/spettacolo-circense-alis-gran-gala-al-palacalafiore\/#primaryimage"},"thumbnailUrl":"https:\/\/progettotouring.it\/radiotouring104\/wp-content\/uploads\/sites\/6\/2023\/03\/Pegna-Circo-Palacalafiore-scaled.jpg","keywords":["Gianpiero ed Alessandro Garelli","Le Cirque Top Performers","Palacalafiore","Ruggero Pegna","spettacolo circense \u201cAlis Gran Gal\u00e0\""],"articleSection":["Home","News","Reggio Calabria"],"inLanguage":"it-IT"},{"@type":"WebPage","@id":"https:\/\/progettotouring.it\/radiotouring104\/2023\/03\/02\/spettacolo-circense-alis-gran-gala-al-palacalafiore\/","url":"https:\/\/progettotouring.it\/radiotouring104\/2023\/03\/02\/spettacolo-circense-alis-gran-gala-al-palacalafiore\/","name":"Spettacolo circense \u201cAlis Gran Gal\u00e0\u201d al Palacalafiore","isPartOf":{"@id":"https:\/\/progettotouring.it\/radiotouring104\/#website"},"primaryImageOfPage":{"@id":"https:\/\/progettotouring.it\/radiotouring104\/2023\/03\/02\/spettacolo-circense-alis-gran-gala-al-palacalafiore\/#primaryimage"},"image":{"@id":"https:\/\/progettotouring.it\/radiotouring104\/2023\/03\/02\/spettacolo-circense-alis-gran-gala-al-palacalafiore\/#primaryimage"},"thumbnailUrl":"https:\/\/progettotouring.it\/radiotouring104\/wp-content\/uploads\/sites\/6\/2023\/03\/Pegna-Circo-Palacalafiore-scaled.jpg","datePublished":"2023-03-02T12:15:15+00:00","description":"Lo spettacolo circense sar\u00e0 presentato al Palacalafiore di Reggio venerd\u00ec 21 e sabato 22 aprile alle ore 21:00","breadcrumb":{"@id":"https:\/\/progettotouring.it\/radiotouring104\/2023\/03\/02\/spettacolo-circense-alis-gran-gala-al-palacalafiore\/#breadcrumb"},"inLanguage":"it-IT","potentialAction":[{"@type":"ReadAction","target":["https:\/\/progettotouring.it\/radiotouring104\/2023\/03\/02\/spettacolo-circense-alis-gran-gala-al-palacalafiore\/"]}]},{"@type":"ImageObject","inLanguage":"it-IT","@id":"https:\/\/progettotouring.it\/radiotouring104\/2023\/03\/02\/spettacolo-circense-alis-gran-gala-al-palacalafiore\/#primaryimage","url":"https:\/\/progettotouring.it\/radiotouring104\/wp-content\/uploads\/sites\/6\/2023\/03\/Pegna-Circo-Palacalafiore-scaled.jpg","contentUrl":"https:\/\/progettotouring.it\/radiotouring104\/wp-content\/uploads\/sites\/6\/2023\/03\/Pegna-Circo-Palacalafiore-scaled.jpg","width":2560,"height":1063},{"@type":"BreadcrumbList","@id":"https:\/\/progettotouring.it\/radiotouring104\/2023\/03\/02\/spettacolo-circense-alis-gran-gala-al-palacalafiore\/#breadcrumb","itemListElement":[{"@type":"ListItem","position":1,"name":"Home","item":"https:\/\/progettotouring.it\/radiotouring104\/"},{"@type":"ListItem","position":2,"name":"Spettacolo circense \u201cAlis Gran Gal\u00e0\u201d al Palacalafiore"}]},{"@type":"WebSite","@id":"https:\/\/progettotouring.it\/radiotouring104\/#website","url":"https:\/\/progettotouring.it\/radiotouring104\/","name":"Radio Touring 104","description":"La prima radio Reggina","publisher":{"@id":"https:\/\/progettotouring.it\/radiotouring104\/#organization"},"potentialAction":[{"@type":"SearchAction","target":{"@type":"EntryPoint","urlTemplate":"https:\/\/progettotouring.it\/radiotouring104\/?s={search_term_string}"},"query-input":{"@type":"PropertyValueSpecification","valueRequired":true,"valueName":"search_term_string"}}],"inLanguage":"it-IT"},{"@type":"Organization","@id":"https:\/\/progettotouring.it\/radiotouring104\/#organization","name":"Radio Touring 104","url":"https:\/\/progettotouring.it\/radiotouring104\/","logo":{"@type":"ImageObject","inLanguage":"it-IT","@id":"https:\/\/progettotouring.it\/radiotouring104\/#\/schema\/logo\/image\/","url":"https:\/\/progettotouring.it\/radiotouring104\/wp-content\/uploads\/sites\/6\/2022\/02\/cropped-logo-radio-touring-104.png","contentUrl":"https:\/\/progettotouring.it\/radiotouring104\/wp-content\/uploads\/sites\/6\/2022\/02\/cropped-logo-radio-touring-104.png","width":377,"height":182,"caption":"Radio Touring 104"},"image":{"@id":"https:\/\/progettotouring.it\/radiotouring104\/#\/schema\/logo\/image\/"}},{"@type":"Person","@id":"https:\/\/progettotouring.it\/radiotouring104\/#\/schema\/person\/78613917f1851f041f7483f5af1d422e","name":"Sebastiano Plutino","image":{"@type":"ImageObject","inLanguage":"it-IT","@id":"https:\/\/secure.gravatar.com\/avatar\/0546ffaa9b79224faf9f2a156b67a529ae861d3287c66c1d8ccfdf909bcba78d?s=96&d=mm&r=g","url":"https:\/\/secure.gravatar.com\/avatar\/0546ffaa9b79224faf9f2a156b67a529ae861d3287c66c1d8ccfdf909bcba78d?s=96&d=mm&r=g","contentUrl":"https:\/\/secure.gravatar.com\/avatar\/0546ffaa9b79224faf9f2a156b67a529ae861d3287c66c1d8ccfdf909bcba78d?s=96&d=mm&r=g","caption":"Sebastiano Plutino"},"url":"https:\/\/progettotouring.it\/radiotouring104\/author\/sebastiano\/"}]}},"jetpack_publicize_connections":[],"jetpack_featured_media_url":"https:\/\/progettotouring.it\/radiotouring104\/wp-content\/uploads\/sites\/6\/2023\/03\/Pegna-Circo-Palacalafiore-scaled.jpg","jetpack_sharing_enabled":true,"_links":{"self":[{"href":"https:\/\/progettotouring.it\/radiotouring104\/wp-json\/wp\/v2\/posts\/19972","targetHints":{"allow":["GET"]}}],"collection":[{"href":"https:\/\/progettotouring.it\/radiotouring104\/wp-json\/wp\/v2\/posts"}],"about":[{"href":"https:\/\/progettotouring.it\/radiotouring104\/wp-json\/wp\/v2\/types\/post"}],"author":[{"embeddable":true,"href":"https:\/\/progettotouring.it\/radiotouring104\/wp-json\/wp\/v2\/users\/12"}],"replies":[{"embeddable":true,"href":"https:\/\/progettotouring.it\/radiotouring104\/wp-json\/wp\/v2\/comments?post=19972"}],"version-history":[{"count":1,"href":"https:\/\/progettotouring.it\/radiotouring104\/wp-json\/wp\/v2\/posts\/19972\/revisions"}],"predecessor-version":[{"id":19974,"href":"https:\/\/progettotouring.it\/radiotouring104\/wp-json\/wp\/v2\/posts\/19972\/revisions\/19974"}],"wp:featuredmedia":[{"embeddable":true,"href":"https:\/\/progettotouring.it\/radiotouring104\/wp-json\/wp\/v2\/media\/19973"}],"wp:attachment":[{"href":"https:\/\/progettotouring.it\/radiotouring104\/wp-json\/wp\/v2\/media?parent=19972"}],"wp:term":[{"taxonomy":"category","embeddable":true,"href":"https:\/\/progettotouring.it\/radiotouring104\/wp-json\/wp\/v2\/categories?post=19972"},{"taxonomy":"post_tag","embeddable":true,"href":"https:\/\/progettotouring.it\/radiotouring104\/wp-json\/wp\/v2\/tags?post=19972"}],"curies":[{"name":"wp","href":"https:\/\/api.w.org\/{rel}","templated":true}]}}