{"id":20026,"date":"2023-03-03T11:54:01","date_gmt":"2023-03-03T10:54:01","guid":{"rendered":"https:\/\/progettotouring.it\/radiotouring104\/?p=20026"},"modified":"2023-03-03T11:54:01","modified_gmt":"2023-03-03T10:54:01","slug":"centro-calabrese-di-solidarieta-e-fondazione-lalbero-della-vita-insieme-contro-la-poverta-educativa","status":"publish","type":"post","link":"https:\/\/progettotouring.it\/radiotouring104\/2023\/03\/03\/centro-calabrese-di-solidarieta-e-fondazione-lalbero-della-vita-insieme-contro-la-poverta-educativa\/","title":{"rendered":"Centro Calabrese di Solidariet\u00e0 e Fondazione \u201cL\u2019Albero della Vita\u201d insieme contro la povert\u00e0 educativa"},"content":{"rendered":"<p class=\"xmprfx_MsoNormal\">Un\u2019alleanza fatta di un\u2019intensa collaborazione, potenziata dall\u2019obiettivo comune di affiancare e proteggere bambine e bambini, adolescenti e giovani, nella delicata fase della crescita bambine e bambini. E\u2019 quella gi\u00e0 sancita e ulteriormente rafforzata nell\u2019incontro tra i rappresentanti del Centro Calabrese di Solidariet\u00e0 e della Fondazione \u201cL\u2019Albero della Vita\u201d che, nei rispettivi territori, sono in impegnati con importanti progettualit\u00e0 che si concretizzano in azioni di contrasto delle povert\u00e0 educative minorili.<\/p>\n<p class=\"xmprfx_MsoNormal\">All\u2019incontro, svolto sede amministrativa del Centro Calabrese di Solidariet\u00e0 di Catanzaro, hanno partecipato per la Fondazione \u201cL\u2019Albero della Vita\u201d, il Direttore Generale Isabella Catapano Botero, Giulio Bonazza controller di gestione, Chiara Paratico responsabile Corporate, Manuela Viola coordinatrice programma \u201cVarcare La Soglia\u201d; per il Centro Calabrese di Solidariet\u00e0 la Presidente Isolina Mantelli, Vittoria Scarpino Responsabile Amministrativo e di Qualit\u00e0, Andrea Barbuto sociologo e project manager.<\/p>\n<p class=\"xmprfx_MsoNormal\">Un confronto ricco di spunti, funzionale alla descrizione, definizione e scambio delle buone prassi che le equipe psico-socio-pedagogiche implementano a favore di minori e giovani in condizioni di fragilit\u00e0 e\/o a rischio di devianza primaria e secondaria. La Fondazione \u201cL\u2019Albero della Vita\u201d \u00e8 presente sul territorio di Catanzaro con il progetto \u201c<i>Varcare la Soglia\u201d\u00a0<\/i>ospitato nei locali del Centro Sociale Aranceto la cui gestione \u00e8 affidata al Centro Calabrese di Solidariet\u00e0. Altres\u00ec, considerato che la Fondazione \u00e8 partner del Centro Calabrese di Solidariet\u00e0 (Capofila) nei progetti \u201c<i>Famiglie al Centro<\/i>\u201d \u2013 finanziato dal POR Calabria FESR\/FSE 2014\/2020\u00a0\u00a0Azione 9.1.2. Programma Agenda Urbana e \u201c<i>V.E.L. vettori educativi per il lifelong learning\u201d\u00a0<\/i>a valere sulle risorse del PNRR Agenzia per la Coesione territoriale, l\u2019equipe ha potuto monitorare gli aspetti progettuali e definire le linee guida.<\/p>\n<p class=\"xmprfx_MsoNormal\">Il sodalizio si \u00e8 potenziato anche attraverso il lavoro di co-progettazione futura a valere sui bandi e sulle misure regionali e nazionali che prevedono azioni a favore dei minori e delle loro famiglie.<\/p>\n<p class=\"xmprfx_MsoNormal\">Ai rappresentanti della Fondazione \u201cL\u2019Albero della Vita\u201d, dal Centro Calabrese di Solidariet\u00e0 un ringraziamento non formale per la visita e il confronto che si sono rivelati ricchi di spunti e di prospettive per continuare lungo il cammino della proficua collaborazione.<\/p>\n<p class=\"xmprfx_MsoNormal\">\n<p class=\"xmprfx_MsoNormal\"><b>\u00a0<\/b><\/p>\n","protected":false},"excerpt":{"rendered":"<p>Un\u2019alleanza fatta di un\u2019intensa collaborazione, potenziata dall\u2019obiettivo comune di affiancare e proteggere bambine e bambini, adolescenti e giovani, nella delicata fase della crescita bambine e bambini. E\u2019 quella gi\u00e0 sancita&hellip;<\/p>\n","protected":false},"author":12,"featured_media":20031,"comment_status":"closed","ping_status":"open","sticky":false,"template":"","format":"standard","meta":{"_jetpack_memberships_contains_paid_content":false,"footnotes":"","jetpack_publicize_message":"","jetpack_publicize_feature_enabled":true,"jetpack_social_post_already_shared":false,"jetpack_social_options":{"image_generator_settings":{"template":"highway","default_image_id":0,"font":"","enabled":false},"version":2}},"categories":[142,921,140],"tags":[10902,698,8496,10899,10896,10895,10898,10897,10900,10901,9564],"class_list":["post-20026","post","type-post","status-publish","format-standard","has-post-thumbnail","hentry","category-calabria","category-home","category-reggio-calabria","tag-calabrese-di-solidarieta-presidente-isolina-mantelli","tag-catanzaro","tag-centro-calabrese-di-solidarieta","tag-chiara-paratico","tag-contrasto-delle-poverta-educative-minorili","tag-fondazione-lalbero-della-vita","tag-giulio-bonazza","tag-isabella-catapano-botero","tag-manuela-viola","tag-programma-varcare-la-soglia","tag-vittoria-scarpino"],"yoast_head":"<!-- This site is optimized with the Yoast SEO plugin v27.2 - https:\/\/yoast.com\/product\/yoast-seo-wordpress\/ -->\n<title>Centro di Solidariet\u00e0 e Albero della Vita contro la povert\u00e0 educativa<\/title>\n<meta name=\"description\" content=\"Alleanza tra Centro Calabrese di Solidariet\u00e0 e della Fondazione \u201cL\u2019Albero della Vita\u201d che, sono impegnate contro povert\u00e0 educative minorili\" \/>\n<meta name=\"robots\" content=\"index, follow, max-snippet:-1, max-image-preview:large, max-video-preview:-1\" \/>\n<link rel=\"canonical\" href=\"https:\/\/progettotouring.it\/radiotouring104\/2023\/03\/03\/centro-calabrese-di-solidarieta-e-fondazione-lalbero-della-vita-insieme-contro-la-poverta-educativa\/\" \/>\n<meta property=\"og:locale\" content=\"it_IT\" \/>\n<meta property=\"og:type\" content=\"article\" \/>\n<meta property=\"og:title\" content=\"Centro di Solidariet\u00e0 e Albero della Vita contro la povert\u00e0 educativa\" \/>\n<meta property=\"og:description\" content=\"Alleanza tra Centro Calabrese di Solidariet\u00e0 e della Fondazione \u201cL\u2019Albero della Vita\u201d che, sono impegnate contro povert\u00e0 educative minorili\" \/>\n<meta property=\"og:url\" content=\"https:\/\/progettotouring.it\/radiotouring104\/2023\/03\/03\/centro-calabrese-di-solidarieta-e-fondazione-lalbero-della-vita-insieme-contro-la-poverta-educativa\/\" \/>\n<meta property=\"og:site_name\" content=\"Radio Touring 104\" \/>\n<meta property=\"article:published_time\" content=\"2023-03-03T10:54:01+00:00\" \/>\n<meta property=\"og:image\" content=\"https:\/\/progettotouring.it\/radiotouring104\/wp-content\/uploads\/sites\/6\/2023\/03\/CCS-e-Alberto-della-Vita.jpg\" \/>\n\t<meta property=\"og:image:width\" content=\"1024\" \/>\n\t<meta property=\"og:image:height\" content=\"768\" \/>\n\t<meta property=\"og:image:type\" content=\"image\/jpeg\" \/>\n<meta name=\"author\" content=\"Sebastiano Plutino\" \/>\n<meta name=\"twitter:card\" content=\"summary_large_image\" \/>\n<meta name=\"twitter:label1\" content=\"Scritto da\" \/>\n\t<meta name=\"twitter:data1\" content=\"Sebastiano Plutino\" \/>\n\t<meta name=\"twitter:label2\" content=\"Tempo di lettura stimato\" \/>\n\t<meta name=\"twitter:data2\" content=\"2 minuti\" \/>\n<script type=\"application\/ld+json\" class=\"yoast-schema-graph\">{\"@context\":\"https:\/\/schema.org\",\"@graph\":[{\"@type\":\"Article\",\"@id\":\"https:\/\/progettotouring.it\/radiotouring104\/2023\/03\/03\/centro-calabrese-di-solidarieta-e-fondazione-lalbero-della-vita-insieme-contro-la-poverta-educativa\/#article\",\"isPartOf\":{\"@id\":\"https:\/\/progettotouring.it\/radiotouring104\/2023\/03\/03\/centro-calabrese-di-solidarieta-e-fondazione-lalbero-della-vita-insieme-contro-la-poverta-educativa\/\"},\"author\":{\"name\":\"Sebastiano Plutino\",\"@id\":\"https:\/\/progettotouring.it\/radiotouring104\/#\/schema\/person\/78613917f1851f041f7483f5af1d422e\"},\"headline\":\"Centro Calabrese di Solidariet\u00e0 e Fondazione \u201cL\u2019Albero della Vita\u201d insieme contro la povert\u00e0 educativa\",\"datePublished\":\"2023-03-03T10:54:01+00:00\",\"mainEntityOfPage\":{\"@id\":\"https:\/\/progettotouring.it\/radiotouring104\/2023\/03\/03\/centro-calabrese-di-solidarieta-e-fondazione-lalbero-della-vita-insieme-contro-la-poverta-educativa\/\"},\"wordCount\":360,\"publisher\":{\"@id\":\"https:\/\/progettotouring.it\/radiotouring104\/#organization\"},\"image\":{\"@id\":\"https:\/\/progettotouring.it\/radiotouring104\/2023\/03\/03\/centro-calabrese-di-solidarieta-e-fondazione-lalbero-della-vita-insieme-contro-la-poverta-educativa\/#primaryimage\"},\"thumbnailUrl\":\"https:\/\/progettotouring.it\/radiotouring104\/wp-content\/uploads\/sites\/6\/2023\/03\/CCS-e-Alberto-della-Vita.jpg\",\"keywords\":[\"Calabrese di Solidariet\u00e0 Presidente Isolina Mantelli\",\"catanzaro\",\"Centro Calabrese di solidariet\u00e0\",\"Chiara Paratico\",\"contrasto delle povert\u00e0 educative minorili.\",\"Fondazione \u201cL\u2019Albero della Vita\u201d\",\"Giulio Bonazza\",\"Isabella Catapano Botero\",\"Manuela Viola\",\"programma \u201cVarcare La Soglia\u201d\",\"Vittoria Scarpino\"],\"articleSection\":[\"Calabria\",\"Home\",\"Reggio Calabria\"],\"inLanguage\":\"it-IT\"},{\"@type\":\"WebPage\",\"@id\":\"https:\/\/progettotouring.it\/radiotouring104\/2023\/03\/03\/centro-calabrese-di-solidarieta-e-fondazione-lalbero-della-vita-insieme-contro-la-poverta-educativa\/\",\"url\":\"https:\/\/progettotouring.it\/radiotouring104\/2023\/03\/03\/centro-calabrese-di-solidarieta-e-fondazione-lalbero-della-vita-insieme-contro-la-poverta-educativa\/\",\"name\":\"Centro di Solidariet\u00e0 e Albero della Vita contro la povert\u00e0 educativa\",\"isPartOf\":{\"@id\":\"https:\/\/progettotouring.it\/radiotouring104\/#website\"},\"primaryImageOfPage\":{\"@id\":\"https:\/\/progettotouring.it\/radiotouring104\/2023\/03\/03\/centro-calabrese-di-solidarieta-e-fondazione-lalbero-della-vita-insieme-contro-la-poverta-educativa\/#primaryimage\"},\"image\":{\"@id\":\"https:\/\/progettotouring.it\/radiotouring104\/2023\/03\/03\/centro-calabrese-di-solidarieta-e-fondazione-lalbero-della-vita-insieme-contro-la-poverta-educativa\/#primaryimage\"},\"thumbnailUrl\":\"https:\/\/progettotouring.it\/radiotouring104\/wp-content\/uploads\/sites\/6\/2023\/03\/CCS-e-Alberto-della-Vita.jpg\",\"datePublished\":\"2023-03-03T10:54:01+00:00\",\"description\":\"Alleanza tra Centro Calabrese di Solidariet\u00e0 e della Fondazione \u201cL\u2019Albero della Vita\u201d che, sono impegnate contro povert\u00e0 educative minorili\",\"breadcrumb\":{\"@id\":\"https:\/\/progettotouring.it\/radiotouring104\/2023\/03\/03\/centro-calabrese-di-solidarieta-e-fondazione-lalbero-della-vita-insieme-contro-la-poverta-educativa\/#breadcrumb\"},\"inLanguage\":\"it-IT\",\"potentialAction\":[{\"@type\":\"ReadAction\",\"target\":[\"https:\/\/progettotouring.it\/radiotouring104\/2023\/03\/03\/centro-calabrese-di-solidarieta-e-fondazione-lalbero-della-vita-insieme-contro-la-poverta-educativa\/\"]}]},{\"@type\":\"ImageObject\",\"inLanguage\":\"it-IT\",\"@id\":\"https:\/\/progettotouring.it\/radiotouring104\/2023\/03\/03\/centro-calabrese-di-solidarieta-e-fondazione-lalbero-della-vita-insieme-contro-la-poverta-educativa\/#primaryimage\",\"url\":\"https:\/\/progettotouring.it\/radiotouring104\/wp-content\/uploads\/sites\/6\/2023\/03\/CCS-e-Alberto-della-Vita.jpg\",\"contentUrl\":\"https:\/\/progettotouring.it\/radiotouring104\/wp-content\/uploads\/sites\/6\/2023\/03\/CCS-e-Alberto-della-Vita.jpg\",\"width\":1024,\"height\":768},{\"@type\":\"BreadcrumbList\",\"@id\":\"https:\/\/progettotouring.it\/radiotouring104\/2023\/03\/03\/centro-calabrese-di-solidarieta-e-fondazione-lalbero-della-vita-insieme-contro-la-poverta-educativa\/#breadcrumb\",\"itemListElement\":[{\"@type\":\"ListItem\",\"position\":1,\"name\":\"Home\",\"item\":\"https:\/\/progettotouring.it\/radiotouring104\/\"},{\"@type\":\"ListItem\",\"position\":2,\"name\":\"Centro Calabrese di Solidariet\u00e0 e Fondazione \u201cL\u2019Albero della Vita\u201d insieme contro la povert\u00e0 educativa\"}]},{\"@type\":\"WebSite\",\"@id\":\"https:\/\/progettotouring.it\/radiotouring104\/#website\",\"url\":\"https:\/\/progettotouring.it\/radiotouring104\/\",\"name\":\"Radio Touring 104\",\"description\":\"La prima radio Reggina\",\"publisher\":{\"@id\":\"https:\/\/progettotouring.it\/radiotouring104\/#organization\"},\"potentialAction\":[{\"@type\":\"SearchAction\",\"target\":{\"@type\":\"EntryPoint\",\"urlTemplate\":\"https:\/\/progettotouring.it\/radiotouring104\/?s={search_term_string}\"},\"query-input\":{\"@type\":\"PropertyValueSpecification\",\"valueRequired\":true,\"valueName\":\"search_term_string\"}}],\"inLanguage\":\"it-IT\"},{\"@type\":\"Organization\",\"@id\":\"https:\/\/progettotouring.it\/radiotouring104\/#organization\",\"name\":\"Radio Touring 104\",\"url\":\"https:\/\/progettotouring.it\/radiotouring104\/\",\"logo\":{\"@type\":\"ImageObject\",\"inLanguage\":\"it-IT\",\"@id\":\"https:\/\/progettotouring.it\/radiotouring104\/#\/schema\/logo\/image\/\",\"url\":\"https:\/\/progettotouring.it\/radiotouring104\/wp-content\/uploads\/sites\/6\/2022\/02\/cropped-logo-radio-touring-104.png\",\"contentUrl\":\"https:\/\/progettotouring.it\/radiotouring104\/wp-content\/uploads\/sites\/6\/2022\/02\/cropped-logo-radio-touring-104.png\",\"width\":377,\"height\":182,\"caption\":\"Radio Touring 104\"},\"image\":{\"@id\":\"https:\/\/progettotouring.it\/radiotouring104\/#\/schema\/logo\/image\/\"}},{\"@type\":\"Person\",\"@id\":\"https:\/\/progettotouring.it\/radiotouring104\/#\/schema\/person\/78613917f1851f041f7483f5af1d422e\",\"name\":\"Sebastiano Plutino\",\"image\":{\"@type\":\"ImageObject\",\"inLanguage\":\"it-IT\",\"@id\":\"https:\/\/secure.gravatar.com\/avatar\/0546ffaa9b79224faf9f2a156b67a529ae861d3287c66c1d8ccfdf909bcba78d?s=96&d=mm&r=g\",\"url\":\"https:\/\/secure.gravatar.com\/avatar\/0546ffaa9b79224faf9f2a156b67a529ae861d3287c66c1d8ccfdf909bcba78d?s=96&d=mm&r=g\",\"contentUrl\":\"https:\/\/secure.gravatar.com\/avatar\/0546ffaa9b79224faf9f2a156b67a529ae861d3287c66c1d8ccfdf909bcba78d?s=96&d=mm&r=g\",\"caption\":\"Sebastiano Plutino\"},\"url\":\"https:\/\/progettotouring.it\/radiotouring104\/author\/sebastiano\/\"}]}<\/script>\n<!-- \/ Yoast SEO plugin. -->","yoast_head_json":{"title":"Centro di Solidariet\u00e0 e Albero della Vita contro la povert\u00e0 educativa","description":"Alleanza tra Centro Calabrese di Solidariet\u00e0 e della Fondazione \u201cL\u2019Albero della Vita\u201d che, sono impegnate contro povert\u00e0 educative minorili","robots":{"index":"index","follow":"follow","max-snippet":"max-snippet:-1","max-image-preview":"max-image-preview:large","max-video-preview":"max-video-preview:-1"},"canonical":"https:\/\/progettotouring.it\/radiotouring104\/2023\/03\/03\/centro-calabrese-di-solidarieta-e-fondazione-lalbero-della-vita-insieme-contro-la-poverta-educativa\/","og_locale":"it_IT","og_type":"article","og_title":"Centro di Solidariet\u00e0 e Albero della Vita contro la povert\u00e0 educativa","og_description":"Alleanza tra Centro Calabrese di Solidariet\u00e0 e della Fondazione \u201cL\u2019Albero della Vita\u201d che, sono impegnate contro povert\u00e0 educative minorili","og_url":"https:\/\/progettotouring.it\/radiotouring104\/2023\/03\/03\/centro-calabrese-di-solidarieta-e-fondazione-lalbero-della-vita-insieme-contro-la-poverta-educativa\/","og_site_name":"Radio Touring 104","article_published_time":"2023-03-03T10:54:01+00:00","og_image":[{"width":1024,"height":768,"url":"https:\/\/progettotouring.it\/radiotouring104\/wp-content\/uploads\/sites\/6\/2023\/03\/CCS-e-Alberto-della-Vita.jpg","type":"image\/jpeg"}],"author":"Sebastiano Plutino","twitter_card":"summary_large_image","twitter_misc":{"Scritto da":"Sebastiano Plutino","Tempo di lettura stimato":"2 minuti"},"schema":{"@context":"https:\/\/schema.org","@graph":[{"@type":"Article","@id":"https:\/\/progettotouring.it\/radiotouring104\/2023\/03\/03\/centro-calabrese-di-solidarieta-e-fondazione-lalbero-della-vita-insieme-contro-la-poverta-educativa\/#article","isPartOf":{"@id":"https:\/\/progettotouring.it\/radiotouring104\/2023\/03\/03\/centro-calabrese-di-solidarieta-e-fondazione-lalbero-della-vita-insieme-contro-la-poverta-educativa\/"},"author":{"name":"Sebastiano Plutino","@id":"https:\/\/progettotouring.it\/radiotouring104\/#\/schema\/person\/78613917f1851f041f7483f5af1d422e"},"headline":"Centro Calabrese di Solidariet\u00e0 e Fondazione \u201cL\u2019Albero della Vita\u201d insieme contro la povert\u00e0 educativa","datePublished":"2023-03-03T10:54:01+00:00","mainEntityOfPage":{"@id":"https:\/\/progettotouring.it\/radiotouring104\/2023\/03\/03\/centro-calabrese-di-solidarieta-e-fondazione-lalbero-della-vita-insieme-contro-la-poverta-educativa\/"},"wordCount":360,"publisher":{"@id":"https:\/\/progettotouring.it\/radiotouring104\/#organization"},"image":{"@id":"https:\/\/progettotouring.it\/radiotouring104\/2023\/03\/03\/centro-calabrese-di-solidarieta-e-fondazione-lalbero-della-vita-insieme-contro-la-poverta-educativa\/#primaryimage"},"thumbnailUrl":"https:\/\/progettotouring.it\/radiotouring104\/wp-content\/uploads\/sites\/6\/2023\/03\/CCS-e-Alberto-della-Vita.jpg","keywords":["Calabrese di Solidariet\u00e0 Presidente Isolina Mantelli","catanzaro","Centro Calabrese di solidariet\u00e0","Chiara Paratico","contrasto delle povert\u00e0 educative minorili.","Fondazione \u201cL\u2019Albero della Vita\u201d","Giulio Bonazza","Isabella Catapano Botero","Manuela Viola","programma \u201cVarcare La Soglia\u201d","Vittoria Scarpino"],"articleSection":["Calabria","Home","Reggio Calabria"],"inLanguage":"it-IT"},{"@type":"WebPage","@id":"https:\/\/progettotouring.it\/radiotouring104\/2023\/03\/03\/centro-calabrese-di-solidarieta-e-fondazione-lalbero-della-vita-insieme-contro-la-poverta-educativa\/","url":"https:\/\/progettotouring.it\/radiotouring104\/2023\/03\/03\/centro-calabrese-di-solidarieta-e-fondazione-lalbero-della-vita-insieme-contro-la-poverta-educativa\/","name":"Centro di Solidariet\u00e0 e Albero della Vita contro la povert\u00e0 educativa","isPartOf":{"@id":"https:\/\/progettotouring.it\/radiotouring104\/#website"},"primaryImageOfPage":{"@id":"https:\/\/progettotouring.it\/radiotouring104\/2023\/03\/03\/centro-calabrese-di-solidarieta-e-fondazione-lalbero-della-vita-insieme-contro-la-poverta-educativa\/#primaryimage"},"image":{"@id":"https:\/\/progettotouring.it\/radiotouring104\/2023\/03\/03\/centro-calabrese-di-solidarieta-e-fondazione-lalbero-della-vita-insieme-contro-la-poverta-educativa\/#primaryimage"},"thumbnailUrl":"https:\/\/progettotouring.it\/radiotouring104\/wp-content\/uploads\/sites\/6\/2023\/03\/CCS-e-Alberto-della-Vita.jpg","datePublished":"2023-03-03T10:54:01+00:00","description":"Alleanza tra Centro Calabrese di Solidariet\u00e0 e della Fondazione \u201cL\u2019Albero della Vita\u201d che, sono impegnate contro povert\u00e0 educative minorili","breadcrumb":{"@id":"https:\/\/progettotouring.it\/radiotouring104\/2023\/03\/03\/centro-calabrese-di-solidarieta-e-fondazione-lalbero-della-vita-insieme-contro-la-poverta-educativa\/#breadcrumb"},"inLanguage":"it-IT","potentialAction":[{"@type":"ReadAction","target":["https:\/\/progettotouring.it\/radiotouring104\/2023\/03\/03\/centro-calabrese-di-solidarieta-e-fondazione-lalbero-della-vita-insieme-contro-la-poverta-educativa\/"]}]},{"@type":"ImageObject","inLanguage":"it-IT","@id":"https:\/\/progettotouring.it\/radiotouring104\/2023\/03\/03\/centro-calabrese-di-solidarieta-e-fondazione-lalbero-della-vita-insieme-contro-la-poverta-educativa\/#primaryimage","url":"https:\/\/progettotouring.it\/radiotouring104\/wp-content\/uploads\/sites\/6\/2023\/03\/CCS-e-Alberto-della-Vita.jpg","contentUrl":"https:\/\/progettotouring.it\/radiotouring104\/wp-content\/uploads\/sites\/6\/2023\/03\/CCS-e-Alberto-della-Vita.jpg","width":1024,"height":768},{"@type":"BreadcrumbList","@id":"https:\/\/progettotouring.it\/radiotouring104\/2023\/03\/03\/centro-calabrese-di-solidarieta-e-fondazione-lalbero-della-vita-insieme-contro-la-poverta-educativa\/#breadcrumb","itemListElement":[{"@type":"ListItem","position":1,"name":"Home","item":"https:\/\/progettotouring.it\/radiotouring104\/"},{"@type":"ListItem","position":2,"name":"Centro Calabrese di Solidariet\u00e0 e Fondazione \u201cL\u2019Albero della Vita\u201d insieme contro la povert\u00e0 educativa"}]},{"@type":"WebSite","@id":"https:\/\/progettotouring.it\/radiotouring104\/#website","url":"https:\/\/progettotouring.it\/radiotouring104\/","name":"Radio Touring 104","description":"La prima radio Reggina","publisher":{"@id":"https:\/\/progettotouring.it\/radiotouring104\/#organization"},"potentialAction":[{"@type":"SearchAction","target":{"@type":"EntryPoint","urlTemplate":"https:\/\/progettotouring.it\/radiotouring104\/?s={search_term_string}"},"query-input":{"@type":"PropertyValueSpecification","valueRequired":true,"valueName":"search_term_string"}}],"inLanguage":"it-IT"},{"@type":"Organization","@id":"https:\/\/progettotouring.it\/radiotouring104\/#organization","name":"Radio Touring 104","url":"https:\/\/progettotouring.it\/radiotouring104\/","logo":{"@type":"ImageObject","inLanguage":"it-IT","@id":"https:\/\/progettotouring.it\/radiotouring104\/#\/schema\/logo\/image\/","url":"https:\/\/progettotouring.it\/radiotouring104\/wp-content\/uploads\/sites\/6\/2022\/02\/cropped-logo-radio-touring-104.png","contentUrl":"https:\/\/progettotouring.it\/radiotouring104\/wp-content\/uploads\/sites\/6\/2022\/02\/cropped-logo-radio-touring-104.png","width":377,"height":182,"caption":"Radio Touring 104"},"image":{"@id":"https:\/\/progettotouring.it\/radiotouring104\/#\/schema\/logo\/image\/"}},{"@type":"Person","@id":"https:\/\/progettotouring.it\/radiotouring104\/#\/schema\/person\/78613917f1851f041f7483f5af1d422e","name":"Sebastiano Plutino","image":{"@type":"ImageObject","inLanguage":"it-IT","@id":"https:\/\/secure.gravatar.com\/avatar\/0546ffaa9b79224faf9f2a156b67a529ae861d3287c66c1d8ccfdf909bcba78d?s=96&d=mm&r=g","url":"https:\/\/secure.gravatar.com\/avatar\/0546ffaa9b79224faf9f2a156b67a529ae861d3287c66c1d8ccfdf909bcba78d?s=96&d=mm&r=g","contentUrl":"https:\/\/secure.gravatar.com\/avatar\/0546ffaa9b79224faf9f2a156b67a529ae861d3287c66c1d8ccfdf909bcba78d?s=96&d=mm&r=g","caption":"Sebastiano Plutino"},"url":"https:\/\/progettotouring.it\/radiotouring104\/author\/sebastiano\/"}]}},"jetpack_publicize_connections":[],"jetpack_featured_media_url":"https:\/\/progettotouring.it\/radiotouring104\/wp-content\/uploads\/sites\/6\/2023\/03\/CCS-e-Alberto-della-Vita.jpg","jetpack_sharing_enabled":true,"_links":{"self":[{"href":"https:\/\/progettotouring.it\/radiotouring104\/wp-json\/wp\/v2\/posts\/20026","targetHints":{"allow":["GET"]}}],"collection":[{"href":"https:\/\/progettotouring.it\/radiotouring104\/wp-json\/wp\/v2\/posts"}],"about":[{"href":"https:\/\/progettotouring.it\/radiotouring104\/wp-json\/wp\/v2\/types\/post"}],"author":[{"embeddable":true,"href":"https:\/\/progettotouring.it\/radiotouring104\/wp-json\/wp\/v2\/users\/12"}],"replies":[{"embeddable":true,"href":"https:\/\/progettotouring.it\/radiotouring104\/wp-json\/wp\/v2\/comments?post=20026"}],"version-history":[{"count":1,"href":"https:\/\/progettotouring.it\/radiotouring104\/wp-json\/wp\/v2\/posts\/20026\/revisions"}],"predecessor-version":[{"id":20032,"href":"https:\/\/progettotouring.it\/radiotouring104\/wp-json\/wp\/v2\/posts\/20026\/revisions\/20032"}],"wp:featuredmedia":[{"embeddable":true,"href":"https:\/\/progettotouring.it\/radiotouring104\/wp-json\/wp\/v2\/media\/20031"}],"wp:attachment":[{"href":"https:\/\/progettotouring.it\/radiotouring104\/wp-json\/wp\/v2\/media?parent=20026"}],"wp:term":[{"taxonomy":"category","embeddable":true,"href":"https:\/\/progettotouring.it\/radiotouring104\/wp-json\/wp\/v2\/categories?post=20026"},{"taxonomy":"post_tag","embeddable":true,"href":"https:\/\/progettotouring.it\/radiotouring104\/wp-json\/wp\/v2\/tags?post=20026"}],"curies":[{"name":"wp","href":"https:\/\/api.w.org\/{rel}","templated":true}]}}