{"id":20147,"date":"2023-03-06T09:47:28","date_gmt":"2023-03-06T08:47:28","guid":{"rendered":"https:\/\/progettotouring.it\/radiotouring104\/?p=20147"},"modified":"2023-03-06T11:22:50","modified_gmt":"2023-03-06T10:22:50","slug":"20147","status":"publish","type":"post","link":"https:\/\/progettotouring.it\/radiotouring104\/2023\/03\/06\/20147\/","title":{"rendered":"Le Muse, progetto &#8220;Donne al Centro&#8221; contro la violenza sulle donne"},"content":{"rendered":"<p>L\u2019associazione culturale Le Muse \u201cLaboratorio delle Arti e delle Lettere\u201d di Reggio Calabria continua i suoi appuntamenti con cadenza settimanale e per l\u2019occasione, per la Giornata Internazionale della Donna 2023 si appresta ad un doppio appuntamento domenica 5 e domenica 12 marzo.<\/p>\n<p>Nasce cos\u00ec ricorda il presidente Muse prof. Giuseppe Livoti il Progetto \u201cDonne al Centro\u201d, suddiviso in due momenti e manifestazioni ma che hanno in comune come argomento una visione al femminile nel sociale, nella societ\u00e0 e nei servizi socio &#8211; sanitari.<\/p>\n<p>La Giornata internazionale della Donna nelle sue intenzioni ha come obiettivo di riflettere sulle condizioni di lavoro delle donne e di lottare contro le diseguaglianze tra uomo e donna ma alle Muse si \u00e8 pensato di discutere dei rapporti tra donne e consultorio e donne, letteratura e tradizioni popolari.<\/p>\n<p>Storicamente sappiamo anche se non \u00e8 confermato che la Festa della Donna sia stata istituita nel 1908 in memoria delle operaie morte nel rogo di una fabbrica di New York, la Cotton. In realt\u00e0, appunto, si tratta solo di una leggenda nata negli anni successivi alla Seconda Guerra Mondiale. Esiste anche un&#8217;altra versione, in base alle diverse fonti, che dice che la Festa \u00e8 legata alla vicenda dell&#8217;incendio divampato nel 1908 in una fabbrica di Chicago, occupata, nel corso di uno sciopero da 129 operaie tessili, che morirono tutte bruciate vive, perch\u00e9 chiuse all&#8217;interno dell&#8217;edificio dal padrone. Domenica 5 marzo alle ore 18 presso la Sala D\u2019arte Le Muse di via San Giuseppe 19, l\u2019appuntamento sar\u00e0 su \u201cDonne al centro per stare bene: il Consultorio\u201d. \u00a0Ospiti l\u2019avv. Domenica Clemente &#8211; Presidente Associazione \u201cDonne Insieme\u201d, il dott.. Rubens Curia &#8211; Presidente \u201cAssociazione Comunit\u00e0 Competente\u201d, la dott.ssa Paola Infortuna &#8211; Ostetrica Consultoriale e Componente Direttivo Adisco Calabria, oltre a testimoniane sul rapporto donne e consultorio come quella di Sonia Malara &#8211; Assessore con deleghe pubblica istruzione Comune di Motta San Giovanni. Il Laboratorio di Lettura Interpretativa \u00a0diretto da Clara Condello con Carla Passanti, Santona Milardi, Sonia Impal\u00e0, Antonella Mariani, Mimma Conti leggeranno componimenti collegati all\u2019universo Femminile con la partecipazione degli artisti delle Muse. L\u2019argomento \u00e8 di grande attualit\u00e0 poich\u00e9 il consultorio \u00e8 un servizio socio-sanitario territoriale erogato dalla ASL, con competenze multidisciplinari. Questo genere di presidio \u00e8 stato istituito in Italia a seguito della Legge numero 405 (istituzione dei consultori familiari) del 29 luglio 1975, allo scopo di intervenire in sostegno e a tutela della salute della famiglia o del singolo individuo. Il consultorio offre servizi di assistenza alla famiglia e alla maternit\u00e0 a tutto tondo ed ha come scopi principali quelli di fornire: assistenza psicologica e sociale per la preparazione e il sostegno alla genitorialit\u00e0; sostegno psicologico all\u2019individuo, alla coppia o al nucleo familiare; servizi di tutela e sostegno della salute della donna; prevenzione dei fenomeni di maltrattamento e abuso a danno dei minori e delle donne; visite mediche ginecologiche e pediatriche; corsi di preparazione alla nascita; consulenza professionale e informazioni a proposito di procreazione responsabile, contraccezione e fertilit\u00e0; consulenze sull&#8217;interruzione volontaria di gravidanza (IVG); spazio di ascolto psicologico rivolto specificatamente a giovani adulti e adolescenti.<\/p>\n<p>Domenica 12 l\u2019appuntamento su \u201cDonne al Centro\u201d si ripeter\u00e0 a S. Agata del Bianco in collaborazione con l\u2019Amministrazione Comunale guidata dal suo sindaco Domenico Stranieri. La manifestazione prevede una conoscenza dei luoghi descritti nei testi da Saverio Strati scrittore rappresentante del verismo calabrese; la nipote Palma Comand\u00e8 che persegue anche oggi il percorso letterario tracciato dallo zio, condurr\u00e0 i soci muse in un viaggio della memoria tra riti, usi, costumi tradizioni in cui la donna vive anche nonostante il tempo e le sue mutazioni. Il tutto ricorda Livoti all\u2019insegna di un ennesimo scambio culturale virtuoso che \u00e8 segno di un confronto tra memoria, attualit\u00e0 e realt\u00e0.<\/p>\n<p>&nbsp;<\/p>\n<p>&nbsp;<\/p>\n","protected":false},"excerpt":{"rendered":"<p>L\u2019associazione culturale Le Muse \u201cLaboratorio delle Arti e delle Lettere\u201d di Reggio Calabria continua i suoi appuntamenti con cadenza settimanale e per l\u2019occasione, per la Giornata Internazionale della Donna 2023&hellip;<\/p>\n","protected":false},"author":12,"featured_media":20151,"comment_status":"closed","ping_status":"open","sticky":false,"template":"","format":"standard","meta":{"_jetpack_memberships_contains_paid_content":false,"footnotes":"","jetpack_publicize_message":"","jetpack_publicize_feature_enabled":true,"jetpack_social_post_already_shared":false,"jetpack_social_options":{"image_generator_settings":{"template":"highway","default_image_id":0,"font":"","enabled":false},"version":2}},"categories":[10960,921,196,140],"tags":[10948,10953,10950,10952,10951,4986,10949,10947],"class_list":["post-20147","post","type-post","status-publish","format-standard","has-post-thumbnail","hentry","category-8-marzo-festa-delle-donne","category-home","category-news","category-reggio-calabria","tag-giornata-internazionale-della-donna-2023","tag-il-dott-rubens-curia-presidente-associazione-comunita-competente","tag-incontri-su-condizioni-di-lavoro-femminile","tag-incontro-su-consultori-e-donna","tag-incontro-su-lotta-contro-le-diseguaglianze-tra-uomo-e-donna","tag-le-muse-laboratorio-delle-arti-e-delle-lettere","tag-presidente-muse-prof-giuseppe-livoti","tag-progetto-donne-al-centro"],"yoast_head":"<!-- This site is optimized with the Yoast SEO plugin v27.2 - https:\/\/yoast.com\/product\/yoast-seo-wordpress\/ -->\n<title>Le Muse, progetto &quot;Donne al Centro&quot; contro la violenza sulle donne<\/title>\n<meta name=\"description\" content=\"Doppio appuntamento dell&#039;ass. &quot;Le Muse&quot; per la Giornata Internazionale della Donna 2023 il 5 ed il 12 marzo col progetto &quot;Donne al Centro&quot;\" \/>\n<meta name=\"robots\" content=\"index, follow, max-snippet:-1, max-image-preview:large, max-video-preview:-1\" \/>\n<link rel=\"canonical\" href=\"https:\/\/progettotouring.it\/radiotouring104\/2023\/03\/06\/20147\/\" \/>\n<meta property=\"og:locale\" content=\"it_IT\" \/>\n<meta property=\"og:type\" content=\"article\" \/>\n<meta property=\"og:title\" content=\"Le Muse, progetto &quot;Donne al Centro&quot; contro la violenza sulle donne\" \/>\n<meta property=\"og:description\" content=\"Doppio appuntamento dell&#039;ass. &quot;Le Muse&quot; per la Giornata Internazionale della Donna 2023 il 5 ed il 12 marzo col progetto &quot;Donne al Centro&quot;\" \/>\n<meta property=\"og:url\" content=\"https:\/\/progettotouring.it\/radiotouring104\/2023\/03\/06\/20147\/\" \/>\n<meta property=\"og:site_name\" content=\"Radio Touring 104\" \/>\n<meta property=\"article:published_time\" content=\"2023-03-06T08:47:28+00:00\" \/>\n<meta property=\"article:modified_time\" content=\"2023-03-06T10:22:50+00:00\" \/>\n<meta property=\"og:image\" content=\"https:\/\/progettotouring.it\/radiotouring104\/wp-content\/uploads\/sites\/6\/2023\/03\/Associazione-Le-Muse-Livoti.jpg\" \/>\n\t<meta property=\"og:image:width\" content=\"1218\" \/>\n\t<meta property=\"og:image:height\" content=\"812\" \/>\n\t<meta property=\"og:image:type\" content=\"image\/jpeg\" \/>\n<meta name=\"author\" content=\"Sebastiano Plutino\" \/>\n<meta name=\"twitter:card\" content=\"summary_large_image\" \/>\n<meta name=\"twitter:label1\" content=\"Scritto da\" \/>\n\t<meta name=\"twitter:data1\" content=\"Sebastiano Plutino\" \/>\n\t<meta name=\"twitter:label2\" content=\"Tempo di lettura stimato\" \/>\n\t<meta name=\"twitter:data2\" content=\"3 minuti\" \/>\n<script type=\"application\/ld+json\" class=\"yoast-schema-graph\">{\"@context\":\"https:\/\/schema.org\",\"@graph\":[{\"@type\":\"Article\",\"@id\":\"https:\/\/progettotouring.it\/radiotouring104\/2023\/03\/06\/20147\/#article\",\"isPartOf\":{\"@id\":\"https:\/\/progettotouring.it\/radiotouring104\/2023\/03\/06\/20147\/\"},\"author\":{\"name\":\"Sebastiano Plutino\",\"@id\":\"https:\/\/progettotouring.it\/radiotouring104\/#\/schema\/person\/78613917f1851f041f7483f5af1d422e\"},\"headline\":\"Le Muse, progetto &#8220;Donne al Centro&#8221; contro la violenza sulle donne\",\"datePublished\":\"2023-03-06T08:47:28+00:00\",\"dateModified\":\"2023-03-06T10:22:50+00:00\",\"mainEntityOfPage\":{\"@id\":\"https:\/\/progettotouring.it\/radiotouring104\/2023\/03\/06\/20147\/\"},\"wordCount\":618,\"publisher\":{\"@id\":\"https:\/\/progettotouring.it\/radiotouring104\/#organization\"},\"image\":{\"@id\":\"https:\/\/progettotouring.it\/radiotouring104\/2023\/03\/06\/20147\/#primaryimage\"},\"thumbnailUrl\":\"https:\/\/progettotouring.it\/radiotouring104\/wp-content\/uploads\/sites\/6\/2023\/03\/Associazione-Le-Muse-Livoti.jpg\",\"keywords\":[\"Giornata Internazionale della Donna 2023\",\"il dott.. Rubens Curia - Presidente \u201cAssociazione Comunit\u00e0 Competente\u201d\",\"incontri su condizioni di lavoro femminile\",\"incontro su consultori e donna\",\"incontro su lotta contro le diseguaglianze tra uomo e donna\",\"Le Muse \u2013 Laboratorio delle Arti e delle Lettere\",\"presidente Muse prof. Giuseppe Livoti\",\"progetto \\\"Donne al Centro\\\"\"],\"articleSection\":[\"8 marzo - Festa delle donne\",\"Home\",\"News\",\"Reggio Calabria\"],\"inLanguage\":\"it-IT\"},{\"@type\":\"WebPage\",\"@id\":\"https:\/\/progettotouring.it\/radiotouring104\/2023\/03\/06\/20147\/\",\"url\":\"https:\/\/progettotouring.it\/radiotouring104\/2023\/03\/06\/20147\/\",\"name\":\"Le Muse, progetto \\\"Donne al Centro\\\" contro la violenza sulle donne\",\"isPartOf\":{\"@id\":\"https:\/\/progettotouring.it\/radiotouring104\/#website\"},\"primaryImageOfPage\":{\"@id\":\"https:\/\/progettotouring.it\/radiotouring104\/2023\/03\/06\/20147\/#primaryimage\"},\"image\":{\"@id\":\"https:\/\/progettotouring.it\/radiotouring104\/2023\/03\/06\/20147\/#primaryimage\"},\"thumbnailUrl\":\"https:\/\/progettotouring.it\/radiotouring104\/wp-content\/uploads\/sites\/6\/2023\/03\/Associazione-Le-Muse-Livoti.jpg\",\"datePublished\":\"2023-03-06T08:47:28+00:00\",\"dateModified\":\"2023-03-06T10:22:50+00:00\",\"description\":\"Doppio appuntamento dell'ass. \\\"Le Muse\\\" per la Giornata Internazionale della Donna 2023 il 5 ed il 12 marzo col progetto \\\"Donne al Centro\\\"\",\"breadcrumb\":{\"@id\":\"https:\/\/progettotouring.it\/radiotouring104\/2023\/03\/06\/20147\/#breadcrumb\"},\"inLanguage\":\"it-IT\",\"potentialAction\":[{\"@type\":\"ReadAction\",\"target\":[\"https:\/\/progettotouring.it\/radiotouring104\/2023\/03\/06\/20147\/\"]}]},{\"@type\":\"ImageObject\",\"inLanguage\":\"it-IT\",\"@id\":\"https:\/\/progettotouring.it\/radiotouring104\/2023\/03\/06\/20147\/#primaryimage\",\"url\":\"https:\/\/progettotouring.it\/radiotouring104\/wp-content\/uploads\/sites\/6\/2023\/03\/Associazione-Le-Muse-Livoti.jpg\",\"contentUrl\":\"https:\/\/progettotouring.it\/radiotouring104\/wp-content\/uploads\/sites\/6\/2023\/03\/Associazione-Le-Muse-Livoti.jpg\",\"width\":1218,\"height\":812},{\"@type\":\"BreadcrumbList\",\"@id\":\"https:\/\/progettotouring.it\/radiotouring104\/2023\/03\/06\/20147\/#breadcrumb\",\"itemListElement\":[{\"@type\":\"ListItem\",\"position\":1,\"name\":\"Home\",\"item\":\"https:\/\/progettotouring.it\/radiotouring104\/\"},{\"@type\":\"ListItem\",\"position\":2,\"name\":\"Le Muse, progetto &#8220;Donne al Centro&#8221; contro la violenza sulle donne\"}]},{\"@type\":\"WebSite\",\"@id\":\"https:\/\/progettotouring.it\/radiotouring104\/#website\",\"url\":\"https:\/\/progettotouring.it\/radiotouring104\/\",\"name\":\"Radio Touring 104\",\"description\":\"La prima radio Reggina\",\"publisher\":{\"@id\":\"https:\/\/progettotouring.it\/radiotouring104\/#organization\"},\"potentialAction\":[{\"@type\":\"SearchAction\",\"target\":{\"@type\":\"EntryPoint\",\"urlTemplate\":\"https:\/\/progettotouring.it\/radiotouring104\/?s={search_term_string}\"},\"query-input\":{\"@type\":\"PropertyValueSpecification\",\"valueRequired\":true,\"valueName\":\"search_term_string\"}}],\"inLanguage\":\"it-IT\"},{\"@type\":\"Organization\",\"@id\":\"https:\/\/progettotouring.it\/radiotouring104\/#organization\",\"name\":\"Radio Touring 104\",\"url\":\"https:\/\/progettotouring.it\/radiotouring104\/\",\"logo\":{\"@type\":\"ImageObject\",\"inLanguage\":\"it-IT\",\"@id\":\"https:\/\/progettotouring.it\/radiotouring104\/#\/schema\/logo\/image\/\",\"url\":\"https:\/\/progettotouring.it\/radiotouring104\/wp-content\/uploads\/sites\/6\/2022\/02\/cropped-logo-radio-touring-104.png\",\"contentUrl\":\"https:\/\/progettotouring.it\/radiotouring104\/wp-content\/uploads\/sites\/6\/2022\/02\/cropped-logo-radio-touring-104.png\",\"width\":377,\"height\":182,\"caption\":\"Radio Touring 104\"},\"image\":{\"@id\":\"https:\/\/progettotouring.it\/radiotouring104\/#\/schema\/logo\/image\/\"}},{\"@type\":\"Person\",\"@id\":\"https:\/\/progettotouring.it\/radiotouring104\/#\/schema\/person\/78613917f1851f041f7483f5af1d422e\",\"name\":\"Sebastiano Plutino\",\"image\":{\"@type\":\"ImageObject\",\"inLanguage\":\"it-IT\",\"@id\":\"https:\/\/secure.gravatar.com\/avatar\/0546ffaa9b79224faf9f2a156b67a529ae861d3287c66c1d8ccfdf909bcba78d?s=96&d=mm&r=g\",\"url\":\"https:\/\/secure.gravatar.com\/avatar\/0546ffaa9b79224faf9f2a156b67a529ae861d3287c66c1d8ccfdf909bcba78d?s=96&d=mm&r=g\",\"contentUrl\":\"https:\/\/secure.gravatar.com\/avatar\/0546ffaa9b79224faf9f2a156b67a529ae861d3287c66c1d8ccfdf909bcba78d?s=96&d=mm&r=g\",\"caption\":\"Sebastiano Plutino\"},\"url\":\"https:\/\/progettotouring.it\/radiotouring104\/author\/sebastiano\/\"}]}<\/script>\n<!-- \/ Yoast SEO plugin. -->","yoast_head_json":{"title":"Le Muse, progetto \"Donne al Centro\" contro la violenza sulle donne","description":"Doppio appuntamento dell'ass. \"Le Muse\" per la Giornata Internazionale della Donna 2023 il 5 ed il 12 marzo col progetto \"Donne al Centro\"","robots":{"index":"index","follow":"follow","max-snippet":"max-snippet:-1","max-image-preview":"max-image-preview:large","max-video-preview":"max-video-preview:-1"},"canonical":"https:\/\/progettotouring.it\/radiotouring104\/2023\/03\/06\/20147\/","og_locale":"it_IT","og_type":"article","og_title":"Le Muse, progetto \"Donne al Centro\" contro la violenza sulle donne","og_description":"Doppio appuntamento dell'ass. \"Le Muse\" per la Giornata Internazionale della Donna 2023 il 5 ed il 12 marzo col progetto \"Donne al Centro\"","og_url":"https:\/\/progettotouring.it\/radiotouring104\/2023\/03\/06\/20147\/","og_site_name":"Radio Touring 104","article_published_time":"2023-03-06T08:47:28+00:00","article_modified_time":"2023-03-06T10:22:50+00:00","og_image":[{"width":1218,"height":812,"url":"https:\/\/progettotouring.it\/radiotouring104\/wp-content\/uploads\/sites\/6\/2023\/03\/Associazione-Le-Muse-Livoti.jpg","type":"image\/jpeg"}],"author":"Sebastiano Plutino","twitter_card":"summary_large_image","twitter_misc":{"Scritto da":"Sebastiano Plutino","Tempo di lettura stimato":"3 minuti"},"schema":{"@context":"https:\/\/schema.org","@graph":[{"@type":"Article","@id":"https:\/\/progettotouring.it\/radiotouring104\/2023\/03\/06\/20147\/#article","isPartOf":{"@id":"https:\/\/progettotouring.it\/radiotouring104\/2023\/03\/06\/20147\/"},"author":{"name":"Sebastiano Plutino","@id":"https:\/\/progettotouring.it\/radiotouring104\/#\/schema\/person\/78613917f1851f041f7483f5af1d422e"},"headline":"Le Muse, progetto &#8220;Donne al Centro&#8221; contro la violenza sulle donne","datePublished":"2023-03-06T08:47:28+00:00","dateModified":"2023-03-06T10:22:50+00:00","mainEntityOfPage":{"@id":"https:\/\/progettotouring.it\/radiotouring104\/2023\/03\/06\/20147\/"},"wordCount":618,"publisher":{"@id":"https:\/\/progettotouring.it\/radiotouring104\/#organization"},"image":{"@id":"https:\/\/progettotouring.it\/radiotouring104\/2023\/03\/06\/20147\/#primaryimage"},"thumbnailUrl":"https:\/\/progettotouring.it\/radiotouring104\/wp-content\/uploads\/sites\/6\/2023\/03\/Associazione-Le-Muse-Livoti.jpg","keywords":["Giornata Internazionale della Donna 2023","il dott.. Rubens Curia - Presidente \u201cAssociazione Comunit\u00e0 Competente\u201d","incontri su condizioni di lavoro femminile","incontro su consultori e donna","incontro su lotta contro le diseguaglianze tra uomo e donna","Le Muse \u2013 Laboratorio delle Arti e delle Lettere","presidente Muse prof. Giuseppe Livoti","progetto \"Donne al Centro\""],"articleSection":["8 marzo - Festa delle donne","Home","News","Reggio Calabria"],"inLanguage":"it-IT"},{"@type":"WebPage","@id":"https:\/\/progettotouring.it\/radiotouring104\/2023\/03\/06\/20147\/","url":"https:\/\/progettotouring.it\/radiotouring104\/2023\/03\/06\/20147\/","name":"Le Muse, progetto \"Donne al Centro\" contro la violenza sulle donne","isPartOf":{"@id":"https:\/\/progettotouring.it\/radiotouring104\/#website"},"primaryImageOfPage":{"@id":"https:\/\/progettotouring.it\/radiotouring104\/2023\/03\/06\/20147\/#primaryimage"},"image":{"@id":"https:\/\/progettotouring.it\/radiotouring104\/2023\/03\/06\/20147\/#primaryimage"},"thumbnailUrl":"https:\/\/progettotouring.it\/radiotouring104\/wp-content\/uploads\/sites\/6\/2023\/03\/Associazione-Le-Muse-Livoti.jpg","datePublished":"2023-03-06T08:47:28+00:00","dateModified":"2023-03-06T10:22:50+00:00","description":"Doppio appuntamento dell'ass. \"Le Muse\" per la Giornata Internazionale della Donna 2023 il 5 ed il 12 marzo col progetto \"Donne al Centro\"","breadcrumb":{"@id":"https:\/\/progettotouring.it\/radiotouring104\/2023\/03\/06\/20147\/#breadcrumb"},"inLanguage":"it-IT","potentialAction":[{"@type":"ReadAction","target":["https:\/\/progettotouring.it\/radiotouring104\/2023\/03\/06\/20147\/"]}]},{"@type":"ImageObject","inLanguage":"it-IT","@id":"https:\/\/progettotouring.it\/radiotouring104\/2023\/03\/06\/20147\/#primaryimage","url":"https:\/\/progettotouring.it\/radiotouring104\/wp-content\/uploads\/sites\/6\/2023\/03\/Associazione-Le-Muse-Livoti.jpg","contentUrl":"https:\/\/progettotouring.it\/radiotouring104\/wp-content\/uploads\/sites\/6\/2023\/03\/Associazione-Le-Muse-Livoti.jpg","width":1218,"height":812},{"@type":"BreadcrumbList","@id":"https:\/\/progettotouring.it\/radiotouring104\/2023\/03\/06\/20147\/#breadcrumb","itemListElement":[{"@type":"ListItem","position":1,"name":"Home","item":"https:\/\/progettotouring.it\/radiotouring104\/"},{"@type":"ListItem","position":2,"name":"Le Muse, progetto &#8220;Donne al Centro&#8221; contro la violenza sulle donne"}]},{"@type":"WebSite","@id":"https:\/\/progettotouring.it\/radiotouring104\/#website","url":"https:\/\/progettotouring.it\/radiotouring104\/","name":"Radio Touring 104","description":"La prima radio Reggina","publisher":{"@id":"https:\/\/progettotouring.it\/radiotouring104\/#organization"},"potentialAction":[{"@type":"SearchAction","target":{"@type":"EntryPoint","urlTemplate":"https:\/\/progettotouring.it\/radiotouring104\/?s={search_term_string}"},"query-input":{"@type":"PropertyValueSpecification","valueRequired":true,"valueName":"search_term_string"}}],"inLanguage":"it-IT"},{"@type":"Organization","@id":"https:\/\/progettotouring.it\/radiotouring104\/#organization","name":"Radio Touring 104","url":"https:\/\/progettotouring.it\/radiotouring104\/","logo":{"@type":"ImageObject","inLanguage":"it-IT","@id":"https:\/\/progettotouring.it\/radiotouring104\/#\/schema\/logo\/image\/","url":"https:\/\/progettotouring.it\/radiotouring104\/wp-content\/uploads\/sites\/6\/2022\/02\/cropped-logo-radio-touring-104.png","contentUrl":"https:\/\/progettotouring.it\/radiotouring104\/wp-content\/uploads\/sites\/6\/2022\/02\/cropped-logo-radio-touring-104.png","width":377,"height":182,"caption":"Radio Touring 104"},"image":{"@id":"https:\/\/progettotouring.it\/radiotouring104\/#\/schema\/logo\/image\/"}},{"@type":"Person","@id":"https:\/\/progettotouring.it\/radiotouring104\/#\/schema\/person\/78613917f1851f041f7483f5af1d422e","name":"Sebastiano Plutino","image":{"@type":"ImageObject","inLanguage":"it-IT","@id":"https:\/\/secure.gravatar.com\/avatar\/0546ffaa9b79224faf9f2a156b67a529ae861d3287c66c1d8ccfdf909bcba78d?s=96&d=mm&r=g","url":"https:\/\/secure.gravatar.com\/avatar\/0546ffaa9b79224faf9f2a156b67a529ae861d3287c66c1d8ccfdf909bcba78d?s=96&d=mm&r=g","contentUrl":"https:\/\/secure.gravatar.com\/avatar\/0546ffaa9b79224faf9f2a156b67a529ae861d3287c66c1d8ccfdf909bcba78d?s=96&d=mm&r=g","caption":"Sebastiano Plutino"},"url":"https:\/\/progettotouring.it\/radiotouring104\/author\/sebastiano\/"}]}},"jetpack_publicize_connections":[],"jetpack_featured_media_url":"https:\/\/progettotouring.it\/radiotouring104\/wp-content\/uploads\/sites\/6\/2023\/03\/Associazione-Le-Muse-Livoti.jpg","jetpack_sharing_enabled":true,"_links":{"self":[{"href":"https:\/\/progettotouring.it\/radiotouring104\/wp-json\/wp\/v2\/posts\/20147","targetHints":{"allow":["GET"]}}],"collection":[{"href":"https:\/\/progettotouring.it\/radiotouring104\/wp-json\/wp\/v2\/posts"}],"about":[{"href":"https:\/\/progettotouring.it\/radiotouring104\/wp-json\/wp\/v2\/types\/post"}],"author":[{"embeddable":true,"href":"https:\/\/progettotouring.it\/radiotouring104\/wp-json\/wp\/v2\/users\/12"}],"replies":[{"embeddable":true,"href":"https:\/\/progettotouring.it\/radiotouring104\/wp-json\/wp\/v2\/comments?post=20147"}],"version-history":[{"count":2,"href":"https:\/\/progettotouring.it\/radiotouring104\/wp-json\/wp\/v2\/posts\/20147\/revisions"}],"predecessor-version":[{"id":20153,"href":"https:\/\/progettotouring.it\/radiotouring104\/wp-json\/wp\/v2\/posts\/20147\/revisions\/20153"}],"wp:featuredmedia":[{"embeddable":true,"href":"https:\/\/progettotouring.it\/radiotouring104\/wp-json\/wp\/v2\/media\/20151"}],"wp:attachment":[{"href":"https:\/\/progettotouring.it\/radiotouring104\/wp-json\/wp\/v2\/media?parent=20147"}],"wp:term":[{"taxonomy":"category","embeddable":true,"href":"https:\/\/progettotouring.it\/radiotouring104\/wp-json\/wp\/v2\/categories?post=20147"},{"taxonomy":"post_tag","embeddable":true,"href":"https:\/\/progettotouring.it\/radiotouring104\/wp-json\/wp\/v2\/tags?post=20147"}],"curies":[{"name":"wp","href":"https:\/\/api.w.org\/{rel}","templated":true}]}}