{"id":20148,"date":"2023-03-06T09:53:28","date_gmt":"2023-03-06T08:53:28","guid":{"rendered":"https:\/\/progettotouring.it\/radiotouring104\/?p=20148"},"modified":"2023-03-06T09:55:10","modified_gmt":"2023-03-06T08:55:10","slug":"reggio-collaborazione-tra-mediterranea-e-caffe-mauro","status":"publish","type":"post","link":"https:\/\/progettotouring.it\/radiotouring104\/2023\/03\/06\/reggio-collaborazione-tra-mediterranea-e-caffe-mauro\/","title":{"rendered":"Reggio: collaborazione tra Mediterranea e Caff\u00e8 Mauro"},"content":{"rendered":"<p>L\u2019Universit\u00e0 Mediterranea di Reggio Calabria e Caff\u00e8 Mauro presentano una collaborazione per lo sviluppo di una filiera del caff\u00e8 sostenibile, attraverso il riutilizzo degli scarti di lavorazione e la valorizzazione del talento locale con nuove opportunit\u00e0 di formazione per i laureandi dell\u2019Ateneo reggino.<\/p>\n<p>Alla Sala Organi Collegiali Cittadella Universitaria, interverranno:<\/p>\n<p>Prof. Giuseppe Zimbalatti Rettore Universit\u00e0 Mediterranea di Reggio Calabria<\/p>\n<p>Prof. Giovanni Enrico Agosteo Direttore Dipartimento di Agraria UniRC<\/p>\n<p>Dott. Davide Padelli Chief Executive Officer Caff\u00e8 Mauro Spa<\/p>\n<p>Prof. Marco Poiana Docente di Tecnologie Alimentari UniRC<\/p>\n<p>Dott. Valerio Chin\u00e8 Chief Operating Officer Caff\u00e8 Mauro Spa<\/p>\n","protected":false},"excerpt":{"rendered":"<p>L\u2019Universit\u00e0 Mediterranea di Reggio Calabria e Caff\u00e8 Mauro presentano una collaborazione per lo sviluppo di una filiera del caff\u00e8 sostenibile, attraverso il riutilizzo degli scarti di lavorazione e la valorizzazione&hellip;<\/p>\n","protected":false},"author":13,"featured_media":20155,"comment_status":"closed","ping_status":"open","sticky":false,"template":"","format":"standard","meta":{"_jetpack_memberships_contains_paid_content":false,"footnotes":"","jetpack_publicize_message":"","jetpack_publicize_feature_enabled":true,"jetpack_social_post_already_shared":false,"jetpack_social_options":{"image_generator_settings":{"template":"highway","default_image_id":0,"font":"","enabled":false},"version":2}},"categories":[921,196,140],"tags":[2060,10955,10954,10106],"class_list":["post-20148","post","type-post","status-publish","format-standard","has-post-thumbnail","hentry","category-home","category-news","category-reggio-calabria","tag-caffe-mauro","tag-opportunita-formative-studenti","tag-produzione-locale","tag-universita-mediterranea-reggio-calabria"],"yoast_head":"<!-- This site is optimized with the Yoast SEO plugin v27.2 - https:\/\/yoast.com\/product\/yoast-seo-wordpress\/ -->\n<title>Reggio: collaborazione tra Mediterranea e Caff\u00e8 Mauro<\/title>\n<meta name=\"description\" content=\"Gioved\u00ec 9 marzo, alle ore 10, l&#039;Universit\u00e0 incontra i delegati della torrefazione reggina per avvicinare gli studenti alla produzione locale\" \/>\n<meta name=\"robots\" content=\"index, follow, max-snippet:-1, max-image-preview:large, max-video-preview:-1\" \/>\n<link rel=\"canonical\" href=\"https:\/\/progettotouring.it\/radiotouring104\/2023\/03\/06\/reggio-collaborazione-tra-mediterranea-e-caffe-mauro\/\" \/>\n<meta property=\"og:locale\" content=\"it_IT\" \/>\n<meta property=\"og:type\" content=\"article\" \/>\n<meta property=\"og:title\" content=\"Reggio: collaborazione tra Mediterranea e Caff\u00e8 Mauro\" \/>\n<meta property=\"og:description\" content=\"Gioved\u00ec 9 marzo, alle ore 10, l&#039;Universit\u00e0 incontra i delegati della torrefazione reggina per avvicinare gli studenti alla produzione locale\" \/>\n<meta property=\"og:url\" content=\"https:\/\/progettotouring.it\/radiotouring104\/2023\/03\/06\/reggio-collaborazione-tra-mediterranea-e-caffe-mauro\/\" \/>\n<meta property=\"og:site_name\" content=\"Radio Touring 104\" \/>\n<meta property=\"article:published_time\" content=\"2023-03-06T08:53:28+00:00\" \/>\n<meta property=\"article:modified_time\" content=\"2023-03-06T08:55:10+00:00\" \/>\n<meta property=\"og:image\" content=\"https:\/\/progettotouring.it\/radiotouring104\/wp-content\/uploads\/sites\/6\/2023\/03\/UniCaffeMauro.jpg\" \/>\n\t<meta property=\"og:image:width\" content=\"570\" \/>\n\t<meta property=\"og:image:height\" content=\"509\" \/>\n\t<meta property=\"og:image:type\" content=\"image\/jpeg\" \/>\n<meta name=\"author\" content=\"Helena Pedone\" \/>\n<meta name=\"twitter:card\" content=\"summary_large_image\" \/>\n<meta name=\"twitter:label1\" content=\"Scritto da\" \/>\n\t<meta name=\"twitter:data1\" content=\"Helena Pedone\" \/>\n<script type=\"application\/ld+json\" class=\"yoast-schema-graph\">{\"@context\":\"https:\/\/schema.org\",\"@graph\":[{\"@type\":\"Article\",\"@id\":\"https:\/\/progettotouring.it\/radiotouring104\/2023\/03\/06\/reggio-collaborazione-tra-mediterranea-e-caffe-mauro\/#article\",\"isPartOf\":{\"@id\":\"https:\/\/progettotouring.it\/radiotouring104\/2023\/03\/06\/reggio-collaborazione-tra-mediterranea-e-caffe-mauro\/\"},\"author\":{\"name\":\"Helena Pedone\",\"@id\":\"https:\/\/progettotouring.it\/radiotouring104\/#\/schema\/person\/8458ed437f4094f881aab8e4cc572684\"},\"headline\":\"Reggio: collaborazione tra Mediterranea e Caff\u00e8 Mauro\",\"datePublished\":\"2023-03-06T08:53:28+00:00\",\"dateModified\":\"2023-03-06T08:55:10+00:00\",\"mainEntityOfPage\":{\"@id\":\"https:\/\/progettotouring.it\/radiotouring104\/2023\/03\/06\/reggio-collaborazione-tra-mediterranea-e-caffe-mauro\/\"},\"wordCount\":103,\"publisher\":{\"@id\":\"https:\/\/progettotouring.it\/radiotouring104\/#organization\"},\"image\":{\"@id\":\"https:\/\/progettotouring.it\/radiotouring104\/2023\/03\/06\/reggio-collaborazione-tra-mediterranea-e-caffe-mauro\/#primaryimage\"},\"thumbnailUrl\":\"https:\/\/progettotouring.it\/radiotouring104\/wp-content\/uploads\/sites\/6\/2023\/03\/UniCaffeMauro.jpg\",\"keywords\":[\"Caff\u00e8 Mauro\",\"Opportunit\u00e0 formative studenti\",\"Produzione locale\",\"Universit\u00e0 Mediterranea Reggio Calabria\"],\"articleSection\":[\"Home\",\"News\",\"Reggio Calabria\"],\"inLanguage\":\"it-IT\"},{\"@type\":\"WebPage\",\"@id\":\"https:\/\/progettotouring.it\/radiotouring104\/2023\/03\/06\/reggio-collaborazione-tra-mediterranea-e-caffe-mauro\/\",\"url\":\"https:\/\/progettotouring.it\/radiotouring104\/2023\/03\/06\/reggio-collaborazione-tra-mediterranea-e-caffe-mauro\/\",\"name\":\"Reggio: collaborazione tra Mediterranea e Caff\u00e8 Mauro\",\"isPartOf\":{\"@id\":\"https:\/\/progettotouring.it\/radiotouring104\/#website\"},\"primaryImageOfPage\":{\"@id\":\"https:\/\/progettotouring.it\/radiotouring104\/2023\/03\/06\/reggio-collaborazione-tra-mediterranea-e-caffe-mauro\/#primaryimage\"},\"image\":{\"@id\":\"https:\/\/progettotouring.it\/radiotouring104\/2023\/03\/06\/reggio-collaborazione-tra-mediterranea-e-caffe-mauro\/#primaryimage\"},\"thumbnailUrl\":\"https:\/\/progettotouring.it\/radiotouring104\/wp-content\/uploads\/sites\/6\/2023\/03\/UniCaffeMauro.jpg\",\"datePublished\":\"2023-03-06T08:53:28+00:00\",\"dateModified\":\"2023-03-06T08:55:10+00:00\",\"description\":\"Gioved\u00ec 9 marzo, alle ore 10, l'Universit\u00e0 incontra i delegati della torrefazione reggina per avvicinare gli studenti alla produzione locale\",\"breadcrumb\":{\"@id\":\"https:\/\/progettotouring.it\/radiotouring104\/2023\/03\/06\/reggio-collaborazione-tra-mediterranea-e-caffe-mauro\/#breadcrumb\"},\"inLanguage\":\"it-IT\",\"potentialAction\":[{\"@type\":\"ReadAction\",\"target\":[\"https:\/\/progettotouring.it\/radiotouring104\/2023\/03\/06\/reggio-collaborazione-tra-mediterranea-e-caffe-mauro\/\"]}]},{\"@type\":\"ImageObject\",\"inLanguage\":\"it-IT\",\"@id\":\"https:\/\/progettotouring.it\/radiotouring104\/2023\/03\/06\/reggio-collaborazione-tra-mediterranea-e-caffe-mauro\/#primaryimage\",\"url\":\"https:\/\/progettotouring.it\/radiotouring104\/wp-content\/uploads\/sites\/6\/2023\/03\/UniCaffeMauro.jpg\",\"contentUrl\":\"https:\/\/progettotouring.it\/radiotouring104\/wp-content\/uploads\/sites\/6\/2023\/03\/UniCaffeMauro.jpg\",\"width\":570,\"height\":509},{\"@type\":\"BreadcrumbList\",\"@id\":\"https:\/\/progettotouring.it\/radiotouring104\/2023\/03\/06\/reggio-collaborazione-tra-mediterranea-e-caffe-mauro\/#breadcrumb\",\"itemListElement\":[{\"@type\":\"ListItem\",\"position\":1,\"name\":\"Home\",\"item\":\"https:\/\/progettotouring.it\/radiotouring104\/\"},{\"@type\":\"ListItem\",\"position\":2,\"name\":\"Reggio: collaborazione tra Mediterranea e Caff\u00e8 Mauro\"}]},{\"@type\":\"WebSite\",\"@id\":\"https:\/\/progettotouring.it\/radiotouring104\/#website\",\"url\":\"https:\/\/progettotouring.it\/radiotouring104\/\",\"name\":\"Radio Touring 104\",\"description\":\"La prima radio Reggina\",\"publisher\":{\"@id\":\"https:\/\/progettotouring.it\/radiotouring104\/#organization\"},\"potentialAction\":[{\"@type\":\"SearchAction\",\"target\":{\"@type\":\"EntryPoint\",\"urlTemplate\":\"https:\/\/progettotouring.it\/radiotouring104\/?s={search_term_string}\"},\"query-input\":{\"@type\":\"PropertyValueSpecification\",\"valueRequired\":true,\"valueName\":\"search_term_string\"}}],\"inLanguage\":\"it-IT\"},{\"@type\":\"Organization\",\"@id\":\"https:\/\/progettotouring.it\/radiotouring104\/#organization\",\"name\":\"Radio Touring 104\",\"url\":\"https:\/\/progettotouring.it\/radiotouring104\/\",\"logo\":{\"@type\":\"ImageObject\",\"inLanguage\":\"it-IT\",\"@id\":\"https:\/\/progettotouring.it\/radiotouring104\/#\/schema\/logo\/image\/\",\"url\":\"https:\/\/progettotouring.it\/radiotouring104\/wp-content\/uploads\/sites\/6\/2022\/02\/cropped-logo-radio-touring-104.png\",\"contentUrl\":\"https:\/\/progettotouring.it\/radiotouring104\/wp-content\/uploads\/sites\/6\/2022\/02\/cropped-logo-radio-touring-104.png\",\"width\":377,\"height\":182,\"caption\":\"Radio Touring 104\"},\"image\":{\"@id\":\"https:\/\/progettotouring.it\/radiotouring104\/#\/schema\/logo\/image\/\"}},{\"@type\":\"Person\",\"@id\":\"https:\/\/progettotouring.it\/radiotouring104\/#\/schema\/person\/8458ed437f4094f881aab8e4cc572684\",\"name\":\"Helena Pedone\",\"image\":{\"@type\":\"ImageObject\",\"inLanguage\":\"it-IT\",\"@id\":\"https:\/\/secure.gravatar.com\/avatar\/95a63adf316f90175b68113b4b895a96641be06395ffeef88fea6178b30027d9?s=96&d=mm&r=g\",\"url\":\"https:\/\/secure.gravatar.com\/avatar\/95a63adf316f90175b68113b4b895a96641be06395ffeef88fea6178b30027d9?s=96&d=mm&r=g\",\"contentUrl\":\"https:\/\/secure.gravatar.com\/avatar\/95a63adf316f90175b68113b4b895a96641be06395ffeef88fea6178b30027d9?s=96&d=mm&r=g\",\"caption\":\"Helena Pedone\"},\"url\":\"https:\/\/progettotouring.it\/radiotouring104\/author\/helena\/\"}]}<\/script>\n<!-- \/ Yoast SEO plugin. -->","yoast_head_json":{"title":"Reggio: collaborazione tra Mediterranea e Caff\u00e8 Mauro","description":"Gioved\u00ec 9 marzo, alle ore 10, l'Universit\u00e0 incontra i delegati della torrefazione reggina per avvicinare gli studenti alla produzione locale","robots":{"index":"index","follow":"follow","max-snippet":"max-snippet:-1","max-image-preview":"max-image-preview:large","max-video-preview":"max-video-preview:-1"},"canonical":"https:\/\/progettotouring.it\/radiotouring104\/2023\/03\/06\/reggio-collaborazione-tra-mediterranea-e-caffe-mauro\/","og_locale":"it_IT","og_type":"article","og_title":"Reggio: collaborazione tra Mediterranea e Caff\u00e8 Mauro","og_description":"Gioved\u00ec 9 marzo, alle ore 10, l'Universit\u00e0 incontra i delegati della torrefazione reggina per avvicinare gli studenti alla produzione locale","og_url":"https:\/\/progettotouring.it\/radiotouring104\/2023\/03\/06\/reggio-collaborazione-tra-mediterranea-e-caffe-mauro\/","og_site_name":"Radio Touring 104","article_published_time":"2023-03-06T08:53:28+00:00","article_modified_time":"2023-03-06T08:55:10+00:00","og_image":[{"width":570,"height":509,"url":"https:\/\/progettotouring.it\/radiotouring104\/wp-content\/uploads\/sites\/6\/2023\/03\/UniCaffeMauro.jpg","type":"image\/jpeg"}],"author":"Helena Pedone","twitter_card":"summary_large_image","twitter_misc":{"Scritto da":"Helena Pedone"},"schema":{"@context":"https:\/\/schema.org","@graph":[{"@type":"Article","@id":"https:\/\/progettotouring.it\/radiotouring104\/2023\/03\/06\/reggio-collaborazione-tra-mediterranea-e-caffe-mauro\/#article","isPartOf":{"@id":"https:\/\/progettotouring.it\/radiotouring104\/2023\/03\/06\/reggio-collaborazione-tra-mediterranea-e-caffe-mauro\/"},"author":{"name":"Helena Pedone","@id":"https:\/\/progettotouring.it\/radiotouring104\/#\/schema\/person\/8458ed437f4094f881aab8e4cc572684"},"headline":"Reggio: collaborazione tra Mediterranea e Caff\u00e8 Mauro","datePublished":"2023-03-06T08:53:28+00:00","dateModified":"2023-03-06T08:55:10+00:00","mainEntityOfPage":{"@id":"https:\/\/progettotouring.it\/radiotouring104\/2023\/03\/06\/reggio-collaborazione-tra-mediterranea-e-caffe-mauro\/"},"wordCount":103,"publisher":{"@id":"https:\/\/progettotouring.it\/radiotouring104\/#organization"},"image":{"@id":"https:\/\/progettotouring.it\/radiotouring104\/2023\/03\/06\/reggio-collaborazione-tra-mediterranea-e-caffe-mauro\/#primaryimage"},"thumbnailUrl":"https:\/\/progettotouring.it\/radiotouring104\/wp-content\/uploads\/sites\/6\/2023\/03\/UniCaffeMauro.jpg","keywords":["Caff\u00e8 Mauro","Opportunit\u00e0 formative studenti","Produzione locale","Universit\u00e0 Mediterranea Reggio Calabria"],"articleSection":["Home","News","Reggio Calabria"],"inLanguage":"it-IT"},{"@type":"WebPage","@id":"https:\/\/progettotouring.it\/radiotouring104\/2023\/03\/06\/reggio-collaborazione-tra-mediterranea-e-caffe-mauro\/","url":"https:\/\/progettotouring.it\/radiotouring104\/2023\/03\/06\/reggio-collaborazione-tra-mediterranea-e-caffe-mauro\/","name":"Reggio: collaborazione tra Mediterranea e Caff\u00e8 Mauro","isPartOf":{"@id":"https:\/\/progettotouring.it\/radiotouring104\/#website"},"primaryImageOfPage":{"@id":"https:\/\/progettotouring.it\/radiotouring104\/2023\/03\/06\/reggio-collaborazione-tra-mediterranea-e-caffe-mauro\/#primaryimage"},"image":{"@id":"https:\/\/progettotouring.it\/radiotouring104\/2023\/03\/06\/reggio-collaborazione-tra-mediterranea-e-caffe-mauro\/#primaryimage"},"thumbnailUrl":"https:\/\/progettotouring.it\/radiotouring104\/wp-content\/uploads\/sites\/6\/2023\/03\/UniCaffeMauro.jpg","datePublished":"2023-03-06T08:53:28+00:00","dateModified":"2023-03-06T08:55:10+00:00","description":"Gioved\u00ec 9 marzo, alle ore 10, l'Universit\u00e0 incontra i delegati della torrefazione reggina per avvicinare gli studenti alla produzione locale","breadcrumb":{"@id":"https:\/\/progettotouring.it\/radiotouring104\/2023\/03\/06\/reggio-collaborazione-tra-mediterranea-e-caffe-mauro\/#breadcrumb"},"inLanguage":"it-IT","potentialAction":[{"@type":"ReadAction","target":["https:\/\/progettotouring.it\/radiotouring104\/2023\/03\/06\/reggio-collaborazione-tra-mediterranea-e-caffe-mauro\/"]}]},{"@type":"ImageObject","inLanguage":"it-IT","@id":"https:\/\/progettotouring.it\/radiotouring104\/2023\/03\/06\/reggio-collaborazione-tra-mediterranea-e-caffe-mauro\/#primaryimage","url":"https:\/\/progettotouring.it\/radiotouring104\/wp-content\/uploads\/sites\/6\/2023\/03\/UniCaffeMauro.jpg","contentUrl":"https:\/\/progettotouring.it\/radiotouring104\/wp-content\/uploads\/sites\/6\/2023\/03\/UniCaffeMauro.jpg","width":570,"height":509},{"@type":"BreadcrumbList","@id":"https:\/\/progettotouring.it\/radiotouring104\/2023\/03\/06\/reggio-collaborazione-tra-mediterranea-e-caffe-mauro\/#breadcrumb","itemListElement":[{"@type":"ListItem","position":1,"name":"Home","item":"https:\/\/progettotouring.it\/radiotouring104\/"},{"@type":"ListItem","position":2,"name":"Reggio: collaborazione tra Mediterranea e Caff\u00e8 Mauro"}]},{"@type":"WebSite","@id":"https:\/\/progettotouring.it\/radiotouring104\/#website","url":"https:\/\/progettotouring.it\/radiotouring104\/","name":"Radio Touring 104","description":"La prima radio Reggina","publisher":{"@id":"https:\/\/progettotouring.it\/radiotouring104\/#organization"},"potentialAction":[{"@type":"SearchAction","target":{"@type":"EntryPoint","urlTemplate":"https:\/\/progettotouring.it\/radiotouring104\/?s={search_term_string}"},"query-input":{"@type":"PropertyValueSpecification","valueRequired":true,"valueName":"search_term_string"}}],"inLanguage":"it-IT"},{"@type":"Organization","@id":"https:\/\/progettotouring.it\/radiotouring104\/#organization","name":"Radio Touring 104","url":"https:\/\/progettotouring.it\/radiotouring104\/","logo":{"@type":"ImageObject","inLanguage":"it-IT","@id":"https:\/\/progettotouring.it\/radiotouring104\/#\/schema\/logo\/image\/","url":"https:\/\/progettotouring.it\/radiotouring104\/wp-content\/uploads\/sites\/6\/2022\/02\/cropped-logo-radio-touring-104.png","contentUrl":"https:\/\/progettotouring.it\/radiotouring104\/wp-content\/uploads\/sites\/6\/2022\/02\/cropped-logo-radio-touring-104.png","width":377,"height":182,"caption":"Radio Touring 104"},"image":{"@id":"https:\/\/progettotouring.it\/radiotouring104\/#\/schema\/logo\/image\/"}},{"@type":"Person","@id":"https:\/\/progettotouring.it\/radiotouring104\/#\/schema\/person\/8458ed437f4094f881aab8e4cc572684","name":"Helena Pedone","image":{"@type":"ImageObject","inLanguage":"it-IT","@id":"https:\/\/secure.gravatar.com\/avatar\/95a63adf316f90175b68113b4b895a96641be06395ffeef88fea6178b30027d9?s=96&d=mm&r=g","url":"https:\/\/secure.gravatar.com\/avatar\/95a63adf316f90175b68113b4b895a96641be06395ffeef88fea6178b30027d9?s=96&d=mm&r=g","contentUrl":"https:\/\/secure.gravatar.com\/avatar\/95a63adf316f90175b68113b4b895a96641be06395ffeef88fea6178b30027d9?s=96&d=mm&r=g","caption":"Helena Pedone"},"url":"https:\/\/progettotouring.it\/radiotouring104\/author\/helena\/"}]}},"jetpack_publicize_connections":[],"jetpack_featured_media_url":"https:\/\/progettotouring.it\/radiotouring104\/wp-content\/uploads\/sites\/6\/2023\/03\/UniCaffeMauro.jpg","jetpack_sharing_enabled":true,"_links":{"self":[{"href":"https:\/\/progettotouring.it\/radiotouring104\/wp-json\/wp\/v2\/posts\/20148","targetHints":{"allow":["GET"]}}],"collection":[{"href":"https:\/\/progettotouring.it\/radiotouring104\/wp-json\/wp\/v2\/posts"}],"about":[{"href":"https:\/\/progettotouring.it\/radiotouring104\/wp-json\/wp\/v2\/types\/post"}],"author":[{"embeddable":true,"href":"https:\/\/progettotouring.it\/radiotouring104\/wp-json\/wp\/v2\/users\/13"}],"replies":[{"embeddable":true,"href":"https:\/\/progettotouring.it\/radiotouring104\/wp-json\/wp\/v2\/comments?post=20148"}],"version-history":[{"count":1,"href":"https:\/\/progettotouring.it\/radiotouring104\/wp-json\/wp\/v2\/posts\/20148\/revisions"}],"predecessor-version":[{"id":20154,"href":"https:\/\/progettotouring.it\/radiotouring104\/wp-json\/wp\/v2\/posts\/20148\/revisions\/20154"}],"wp:featuredmedia":[{"embeddable":true,"href":"https:\/\/progettotouring.it\/radiotouring104\/wp-json\/wp\/v2\/media\/20155"}],"wp:attachment":[{"href":"https:\/\/progettotouring.it\/radiotouring104\/wp-json\/wp\/v2\/media?parent=20148"}],"wp:term":[{"taxonomy":"category","embeddable":true,"href":"https:\/\/progettotouring.it\/radiotouring104\/wp-json\/wp\/v2\/categories?post=20148"},{"taxonomy":"post_tag","embeddable":true,"href":"https:\/\/progettotouring.it\/radiotouring104\/wp-json\/wp\/v2\/tags?post=20148"}],"curies":[{"name":"wp","href":"https:\/\/api.w.org\/{rel}","templated":true}]}}