{"id":20549,"date":"2023-03-10T13:05:07","date_gmt":"2023-03-10T12:05:07","guid":{"rendered":"https:\/\/progettotouring.it\/radiotouring104\/?p=20549"},"modified":"2023-03-10T15:15:20","modified_gmt":"2023-03-10T14:15:20","slug":"palacalafiore-nazionale-a-reggio-torna-il-grande-basket","status":"publish","type":"post","link":"https:\/\/progettotouring.it\/radiotouring104\/2023\/03\/10\/palacalafiore-nazionale-a-reggio-torna-il-grande-basket\/","title":{"rendered":"Palacalafiore Nazionale, a Reggio torna il grande basket"},"content":{"rendered":"<p>Torna il grande basket, in riva allo Stretto. Reggio Calabria riabbraccia la Nazionale, ospitando al Palacalafiore il Settore Squadre Nazionali, inerente al progetto Academy Italia. All&#8217;interno dell&#8217;impianto sportivo pi\u00f9 importante della citt\u00e0, nel quale sono andate in scena pagine di basket di primo piano che resteranno indelebili, si alleneranno nel weekend le pi\u00f9 promettenti atlete classe 2008 e 2009 di Calabria, Puglia e Sicilia.<\/p>\n<p>Un evento di prestigio, considerata anche l&#8217;importante presenza del grande ritorno nella nostra citt\u00e0 del Referente Tecnico delle Selezioni Giovanili Femminili Giovanni Lucchesi, grande uomo di basket, di indubbie e note capacit\u00e0, professionista in grado di fare pallacanestro di livello. Al coach si trover\u00e0 di fronte un basket femminile regionale non ottimale con la speranza che l&#8217;evento sia proteutico e funzionale al miglioramento delle societ\u00e0, sempre pi\u00f9 in difficolt\u00e0.<\/p>\n<p>Notizia liet\u00e0 \u00e8 che Reggio abbraccer\u00e0 anche <strong>Roberto Brunamonti. Un grande del basket italiano, campione della Virtus Bologna e della Viola.<\/strong><\/p>\n<p>Quello che invece stona \u00e8 la contemporaneit\u00e0 di pi\u00f9 raduni in varie citt\u00e0 della Calabria, come Cosenza, Catanzaro e Reggio, del Settore Maschile del Basket Calabrese, riguardantim la classe 2008. Considerata la lunga pausa da eventi di punta del nostro territorio, ci si chiede e rammarica sul perch\u00e8 il Settore Maschile Calabrese con la complicit\u00e0 del Comitato abbiano inserito pi\u00f9 raduni, essendo gi\u00e0 previsto uno a Reggio cos\u00ec di spicco? Ci si augura che almeno il Presidente raduni gli atleti della Maschile reggini. E&#8217; prioritario che giovani allenatori non restino a guardare o si sentano eccessivamente responsabilizzati e che tutti gli attori collaborino unitamente per far crescere il Movimento del basket calabrese.<\/p>\n","protected":false},"excerpt":{"rendered":"<p>Torna il grande basket, in riva allo Stretto. Reggio Calabria riabbraccia la Nazionale, ospitando al Palacalafiore il Settore Squadre Nazionali, inerente al progetto Academy Italia. All&#8217;interno dell&#8217;impianto sportivo pi\u00f9 importante&hellip;<\/p>\n","protected":false},"author":12,"featured_media":20596,"comment_status":"closed","ping_status":"open","sticky":false,"template":"","format":"standard","meta":{"_jetpack_memberships_contains_paid_content":false,"footnotes":"","jetpack_publicize_message":"","jetpack_publicize_feature_enabled":true,"jetpack_social_post_already_shared":false,"jetpack_social_options":{"image_generator_settings":{"template":"highway","default_image_id":0,"font":"","enabled":false},"version":2}},"categories":[196,140,144],"tags":[11273,384,11271,11272],"class_list":["post-20549","post","type-post","status-publish","format-standard","has-post-thumbnail","hentry","category-news","category-reggio-calabria","category-sport","tag-academy-italia","tag-palacalafiore","tag-roberto-brunamonti","tag-settore-squadre-naziona"],"yoast_head":"<!-- This site is optimized with the Yoast SEO plugin v27.2 - https:\/\/yoast.com\/product\/yoast-seo-wordpress\/ -->\n<title>Palacalafiore Nazionale, torna il grande basket a Reggio<\/title>\n<meta name=\"description\" content=\"Reggio ospiter\u00e0 per 3 giorni, il Settore Squadre Nazionali, nell\u2019ambito del progetto Academy Italia, Presente anche Brunamonti\" \/>\n<meta name=\"robots\" content=\"index, follow, max-snippet:-1, max-image-preview:large, max-video-preview:-1\" \/>\n<link rel=\"canonical\" href=\"https:\/\/progettotouring.it\/radiotouring104\/2023\/03\/10\/palacalafiore-nazionale-a-reggio-torna-il-grande-basket\/\" \/>\n<meta property=\"og:locale\" content=\"it_IT\" \/>\n<meta property=\"og:type\" content=\"article\" \/>\n<meta property=\"og:title\" content=\"Palacalafiore Nazionale, torna il grande basket a Reggio\" \/>\n<meta property=\"og:description\" content=\"Reggio ospiter\u00e0 per 3 giorni, il Settore Squadre Nazionali, nell\u2019ambito del progetto Academy Italia, Presente anche Brunamonti\" \/>\n<meta property=\"og:url\" content=\"https:\/\/progettotouring.it\/radiotouring104\/2023\/03\/10\/palacalafiore-nazionale-a-reggio-torna-il-grande-basket\/\" \/>\n<meta property=\"og:site_name\" content=\"Radio Touring 104\" \/>\n<meta property=\"article:published_time\" content=\"2023-03-10T12:05:07+00:00\" \/>\n<meta property=\"article:modified_time\" content=\"2023-03-10T14:15:20+00:00\" \/>\n<meta property=\"og:image\" content=\"https:\/\/progettotouring.it\/radiotouring104\/wp-content\/uploads\/sites\/6\/2023\/03\/Palacalafiore.jpg\" \/>\n\t<meta property=\"og:image:width\" content=\"500\" \/>\n\t<meta property=\"og:image:height\" content=\"323\" \/>\n\t<meta property=\"og:image:type\" content=\"image\/jpeg\" \/>\n<meta name=\"author\" content=\"Sebastiano Plutino\" \/>\n<meta name=\"twitter:card\" content=\"summary_large_image\" \/>\n<meta name=\"twitter:label1\" content=\"Scritto da\" \/>\n\t<meta name=\"twitter:data1\" content=\"Sebastiano Plutino\" \/>\n\t<meta name=\"twitter:label2\" content=\"Tempo di lettura stimato\" \/>\n\t<meta name=\"twitter:data2\" content=\"1 minuto\" \/>\n<script type=\"application\/ld+json\" class=\"yoast-schema-graph\">{\"@context\":\"https:\/\/schema.org\",\"@graph\":[{\"@type\":\"Article\",\"@id\":\"https:\/\/progettotouring.it\/radiotouring104\/2023\/03\/10\/palacalafiore-nazionale-a-reggio-torna-il-grande-basket\/#article\",\"isPartOf\":{\"@id\":\"https:\/\/progettotouring.it\/radiotouring104\/2023\/03\/10\/palacalafiore-nazionale-a-reggio-torna-il-grande-basket\/\"},\"author\":{\"name\":\"Sebastiano Plutino\",\"@id\":\"https:\/\/progettotouring.it\/radiotouring104\/#\/schema\/person\/78613917f1851f041f7483f5af1d422e\"},\"headline\":\"Palacalafiore Nazionale, a Reggio torna il grande basket\",\"datePublished\":\"2023-03-10T12:05:07+00:00\",\"dateModified\":\"2023-03-10T14:15:20+00:00\",\"mainEntityOfPage\":{\"@id\":\"https:\/\/progettotouring.it\/radiotouring104\/2023\/03\/10\/palacalafiore-nazionale-a-reggio-torna-il-grande-basket\/\"},\"wordCount\":269,\"publisher\":{\"@id\":\"https:\/\/progettotouring.it\/radiotouring104\/#organization\"},\"image\":{\"@id\":\"https:\/\/progettotouring.it\/radiotouring104\/2023\/03\/10\/palacalafiore-nazionale-a-reggio-torna-il-grande-basket\/#primaryimage\"},\"thumbnailUrl\":\"https:\/\/progettotouring.it\/radiotouring104\/wp-content\/uploads\/sites\/6\/2023\/03\/Palacalafiore.jpg\",\"keywords\":[\"Academy Italia.\",\"Palacalafiore\",\"Roberto Brunamonti\",\"Settore Squadre Naziona\"],\"articleSection\":[\"News\",\"Reggio Calabria\",\"Sport\"],\"inLanguage\":\"it-IT\"},{\"@type\":\"WebPage\",\"@id\":\"https:\/\/progettotouring.it\/radiotouring104\/2023\/03\/10\/palacalafiore-nazionale-a-reggio-torna-il-grande-basket\/\",\"url\":\"https:\/\/progettotouring.it\/radiotouring104\/2023\/03\/10\/palacalafiore-nazionale-a-reggio-torna-il-grande-basket\/\",\"name\":\"Palacalafiore Nazionale, torna il grande basket a Reggio\",\"isPartOf\":{\"@id\":\"https:\/\/progettotouring.it\/radiotouring104\/#website\"},\"primaryImageOfPage\":{\"@id\":\"https:\/\/progettotouring.it\/radiotouring104\/2023\/03\/10\/palacalafiore-nazionale-a-reggio-torna-il-grande-basket\/#primaryimage\"},\"image\":{\"@id\":\"https:\/\/progettotouring.it\/radiotouring104\/2023\/03\/10\/palacalafiore-nazionale-a-reggio-torna-il-grande-basket\/#primaryimage\"},\"thumbnailUrl\":\"https:\/\/progettotouring.it\/radiotouring104\/wp-content\/uploads\/sites\/6\/2023\/03\/Palacalafiore.jpg\",\"datePublished\":\"2023-03-10T12:05:07+00:00\",\"dateModified\":\"2023-03-10T14:15:20+00:00\",\"description\":\"Reggio ospiter\u00e0 per 3 giorni, il Settore Squadre Nazionali, nell\u2019ambito del progetto Academy Italia, Presente anche Brunamonti\",\"breadcrumb\":{\"@id\":\"https:\/\/progettotouring.it\/radiotouring104\/2023\/03\/10\/palacalafiore-nazionale-a-reggio-torna-il-grande-basket\/#breadcrumb\"},\"inLanguage\":\"it-IT\",\"potentialAction\":[{\"@type\":\"ReadAction\",\"target\":[\"https:\/\/progettotouring.it\/radiotouring104\/2023\/03\/10\/palacalafiore-nazionale-a-reggio-torna-il-grande-basket\/\"]}]},{\"@type\":\"ImageObject\",\"inLanguage\":\"it-IT\",\"@id\":\"https:\/\/progettotouring.it\/radiotouring104\/2023\/03\/10\/palacalafiore-nazionale-a-reggio-torna-il-grande-basket\/#primaryimage\",\"url\":\"https:\/\/progettotouring.it\/radiotouring104\/wp-content\/uploads\/sites\/6\/2023\/03\/Palacalafiore.jpg\",\"contentUrl\":\"https:\/\/progettotouring.it\/radiotouring104\/wp-content\/uploads\/sites\/6\/2023\/03\/Palacalafiore.jpg\",\"width\":500,\"height\":323},{\"@type\":\"BreadcrumbList\",\"@id\":\"https:\/\/progettotouring.it\/radiotouring104\/2023\/03\/10\/palacalafiore-nazionale-a-reggio-torna-il-grande-basket\/#breadcrumb\",\"itemListElement\":[{\"@type\":\"ListItem\",\"position\":1,\"name\":\"Home\",\"item\":\"https:\/\/progettotouring.it\/radiotouring104\/\"},{\"@type\":\"ListItem\",\"position\":2,\"name\":\"Palacalafiore Nazionale, a Reggio torna il grande basket\"}]},{\"@type\":\"WebSite\",\"@id\":\"https:\/\/progettotouring.it\/radiotouring104\/#website\",\"url\":\"https:\/\/progettotouring.it\/radiotouring104\/\",\"name\":\"Radio Touring 104\",\"description\":\"La prima radio Reggina\",\"publisher\":{\"@id\":\"https:\/\/progettotouring.it\/radiotouring104\/#organization\"},\"potentialAction\":[{\"@type\":\"SearchAction\",\"target\":{\"@type\":\"EntryPoint\",\"urlTemplate\":\"https:\/\/progettotouring.it\/radiotouring104\/?s={search_term_string}\"},\"query-input\":{\"@type\":\"PropertyValueSpecification\",\"valueRequired\":true,\"valueName\":\"search_term_string\"}}],\"inLanguage\":\"it-IT\"},{\"@type\":\"Organization\",\"@id\":\"https:\/\/progettotouring.it\/radiotouring104\/#organization\",\"name\":\"Radio Touring 104\",\"url\":\"https:\/\/progettotouring.it\/radiotouring104\/\",\"logo\":{\"@type\":\"ImageObject\",\"inLanguage\":\"it-IT\",\"@id\":\"https:\/\/progettotouring.it\/radiotouring104\/#\/schema\/logo\/image\/\",\"url\":\"https:\/\/progettotouring.it\/radiotouring104\/wp-content\/uploads\/sites\/6\/2022\/02\/cropped-logo-radio-touring-104.png\",\"contentUrl\":\"https:\/\/progettotouring.it\/radiotouring104\/wp-content\/uploads\/sites\/6\/2022\/02\/cropped-logo-radio-touring-104.png\",\"width\":377,\"height\":182,\"caption\":\"Radio Touring 104\"},\"image\":{\"@id\":\"https:\/\/progettotouring.it\/radiotouring104\/#\/schema\/logo\/image\/\"}},{\"@type\":\"Person\",\"@id\":\"https:\/\/progettotouring.it\/radiotouring104\/#\/schema\/person\/78613917f1851f041f7483f5af1d422e\",\"name\":\"Sebastiano Plutino\",\"image\":{\"@type\":\"ImageObject\",\"inLanguage\":\"it-IT\",\"@id\":\"https:\/\/secure.gravatar.com\/avatar\/0546ffaa9b79224faf9f2a156b67a529ae861d3287c66c1d8ccfdf909bcba78d?s=96&d=mm&r=g\",\"url\":\"https:\/\/secure.gravatar.com\/avatar\/0546ffaa9b79224faf9f2a156b67a529ae861d3287c66c1d8ccfdf909bcba78d?s=96&d=mm&r=g\",\"contentUrl\":\"https:\/\/secure.gravatar.com\/avatar\/0546ffaa9b79224faf9f2a156b67a529ae861d3287c66c1d8ccfdf909bcba78d?s=96&d=mm&r=g\",\"caption\":\"Sebastiano Plutino\"},\"url\":\"https:\/\/progettotouring.it\/radiotouring104\/author\/sebastiano\/\"}]}<\/script>\n<!-- \/ Yoast SEO plugin. -->","yoast_head_json":{"title":"Palacalafiore Nazionale, torna il grande basket a Reggio","description":"Reggio ospiter\u00e0 per 3 giorni, il Settore Squadre Nazionali, nell\u2019ambito del progetto Academy Italia, Presente anche Brunamonti","robots":{"index":"index","follow":"follow","max-snippet":"max-snippet:-1","max-image-preview":"max-image-preview:large","max-video-preview":"max-video-preview:-1"},"canonical":"https:\/\/progettotouring.it\/radiotouring104\/2023\/03\/10\/palacalafiore-nazionale-a-reggio-torna-il-grande-basket\/","og_locale":"it_IT","og_type":"article","og_title":"Palacalafiore Nazionale, torna il grande basket a Reggio","og_description":"Reggio ospiter\u00e0 per 3 giorni, il Settore Squadre Nazionali, nell\u2019ambito del progetto Academy Italia, Presente anche Brunamonti","og_url":"https:\/\/progettotouring.it\/radiotouring104\/2023\/03\/10\/palacalafiore-nazionale-a-reggio-torna-il-grande-basket\/","og_site_name":"Radio Touring 104","article_published_time":"2023-03-10T12:05:07+00:00","article_modified_time":"2023-03-10T14:15:20+00:00","og_image":[{"width":500,"height":323,"url":"https:\/\/progettotouring.it\/radiotouring104\/wp-content\/uploads\/sites\/6\/2023\/03\/Palacalafiore.jpg","type":"image\/jpeg"}],"author":"Sebastiano Plutino","twitter_card":"summary_large_image","twitter_misc":{"Scritto da":"Sebastiano Plutino","Tempo di lettura stimato":"1 minuto"},"schema":{"@context":"https:\/\/schema.org","@graph":[{"@type":"Article","@id":"https:\/\/progettotouring.it\/radiotouring104\/2023\/03\/10\/palacalafiore-nazionale-a-reggio-torna-il-grande-basket\/#article","isPartOf":{"@id":"https:\/\/progettotouring.it\/radiotouring104\/2023\/03\/10\/palacalafiore-nazionale-a-reggio-torna-il-grande-basket\/"},"author":{"name":"Sebastiano Plutino","@id":"https:\/\/progettotouring.it\/radiotouring104\/#\/schema\/person\/78613917f1851f041f7483f5af1d422e"},"headline":"Palacalafiore Nazionale, a Reggio torna il grande basket","datePublished":"2023-03-10T12:05:07+00:00","dateModified":"2023-03-10T14:15:20+00:00","mainEntityOfPage":{"@id":"https:\/\/progettotouring.it\/radiotouring104\/2023\/03\/10\/palacalafiore-nazionale-a-reggio-torna-il-grande-basket\/"},"wordCount":269,"publisher":{"@id":"https:\/\/progettotouring.it\/radiotouring104\/#organization"},"image":{"@id":"https:\/\/progettotouring.it\/radiotouring104\/2023\/03\/10\/palacalafiore-nazionale-a-reggio-torna-il-grande-basket\/#primaryimage"},"thumbnailUrl":"https:\/\/progettotouring.it\/radiotouring104\/wp-content\/uploads\/sites\/6\/2023\/03\/Palacalafiore.jpg","keywords":["Academy Italia.","Palacalafiore","Roberto Brunamonti","Settore Squadre Naziona"],"articleSection":["News","Reggio Calabria","Sport"],"inLanguage":"it-IT"},{"@type":"WebPage","@id":"https:\/\/progettotouring.it\/radiotouring104\/2023\/03\/10\/palacalafiore-nazionale-a-reggio-torna-il-grande-basket\/","url":"https:\/\/progettotouring.it\/radiotouring104\/2023\/03\/10\/palacalafiore-nazionale-a-reggio-torna-il-grande-basket\/","name":"Palacalafiore Nazionale, torna il grande basket a Reggio","isPartOf":{"@id":"https:\/\/progettotouring.it\/radiotouring104\/#website"},"primaryImageOfPage":{"@id":"https:\/\/progettotouring.it\/radiotouring104\/2023\/03\/10\/palacalafiore-nazionale-a-reggio-torna-il-grande-basket\/#primaryimage"},"image":{"@id":"https:\/\/progettotouring.it\/radiotouring104\/2023\/03\/10\/palacalafiore-nazionale-a-reggio-torna-il-grande-basket\/#primaryimage"},"thumbnailUrl":"https:\/\/progettotouring.it\/radiotouring104\/wp-content\/uploads\/sites\/6\/2023\/03\/Palacalafiore.jpg","datePublished":"2023-03-10T12:05:07+00:00","dateModified":"2023-03-10T14:15:20+00:00","description":"Reggio ospiter\u00e0 per 3 giorni, il Settore Squadre Nazionali, nell\u2019ambito del progetto Academy Italia, Presente anche Brunamonti","breadcrumb":{"@id":"https:\/\/progettotouring.it\/radiotouring104\/2023\/03\/10\/palacalafiore-nazionale-a-reggio-torna-il-grande-basket\/#breadcrumb"},"inLanguage":"it-IT","potentialAction":[{"@type":"ReadAction","target":["https:\/\/progettotouring.it\/radiotouring104\/2023\/03\/10\/palacalafiore-nazionale-a-reggio-torna-il-grande-basket\/"]}]},{"@type":"ImageObject","inLanguage":"it-IT","@id":"https:\/\/progettotouring.it\/radiotouring104\/2023\/03\/10\/palacalafiore-nazionale-a-reggio-torna-il-grande-basket\/#primaryimage","url":"https:\/\/progettotouring.it\/radiotouring104\/wp-content\/uploads\/sites\/6\/2023\/03\/Palacalafiore.jpg","contentUrl":"https:\/\/progettotouring.it\/radiotouring104\/wp-content\/uploads\/sites\/6\/2023\/03\/Palacalafiore.jpg","width":500,"height":323},{"@type":"BreadcrumbList","@id":"https:\/\/progettotouring.it\/radiotouring104\/2023\/03\/10\/palacalafiore-nazionale-a-reggio-torna-il-grande-basket\/#breadcrumb","itemListElement":[{"@type":"ListItem","position":1,"name":"Home","item":"https:\/\/progettotouring.it\/radiotouring104\/"},{"@type":"ListItem","position":2,"name":"Palacalafiore Nazionale, a Reggio torna il grande basket"}]},{"@type":"WebSite","@id":"https:\/\/progettotouring.it\/radiotouring104\/#website","url":"https:\/\/progettotouring.it\/radiotouring104\/","name":"Radio Touring 104","description":"La prima radio Reggina","publisher":{"@id":"https:\/\/progettotouring.it\/radiotouring104\/#organization"},"potentialAction":[{"@type":"SearchAction","target":{"@type":"EntryPoint","urlTemplate":"https:\/\/progettotouring.it\/radiotouring104\/?s={search_term_string}"},"query-input":{"@type":"PropertyValueSpecification","valueRequired":true,"valueName":"search_term_string"}}],"inLanguage":"it-IT"},{"@type":"Organization","@id":"https:\/\/progettotouring.it\/radiotouring104\/#organization","name":"Radio Touring 104","url":"https:\/\/progettotouring.it\/radiotouring104\/","logo":{"@type":"ImageObject","inLanguage":"it-IT","@id":"https:\/\/progettotouring.it\/radiotouring104\/#\/schema\/logo\/image\/","url":"https:\/\/progettotouring.it\/radiotouring104\/wp-content\/uploads\/sites\/6\/2022\/02\/cropped-logo-radio-touring-104.png","contentUrl":"https:\/\/progettotouring.it\/radiotouring104\/wp-content\/uploads\/sites\/6\/2022\/02\/cropped-logo-radio-touring-104.png","width":377,"height":182,"caption":"Radio Touring 104"},"image":{"@id":"https:\/\/progettotouring.it\/radiotouring104\/#\/schema\/logo\/image\/"}},{"@type":"Person","@id":"https:\/\/progettotouring.it\/radiotouring104\/#\/schema\/person\/78613917f1851f041f7483f5af1d422e","name":"Sebastiano Plutino","image":{"@type":"ImageObject","inLanguage":"it-IT","@id":"https:\/\/secure.gravatar.com\/avatar\/0546ffaa9b79224faf9f2a156b67a529ae861d3287c66c1d8ccfdf909bcba78d?s=96&d=mm&r=g","url":"https:\/\/secure.gravatar.com\/avatar\/0546ffaa9b79224faf9f2a156b67a529ae861d3287c66c1d8ccfdf909bcba78d?s=96&d=mm&r=g","contentUrl":"https:\/\/secure.gravatar.com\/avatar\/0546ffaa9b79224faf9f2a156b67a529ae861d3287c66c1d8ccfdf909bcba78d?s=96&d=mm&r=g","caption":"Sebastiano Plutino"},"url":"https:\/\/progettotouring.it\/radiotouring104\/author\/sebastiano\/"}]}},"jetpack_publicize_connections":[],"jetpack_featured_media_url":"https:\/\/progettotouring.it\/radiotouring104\/wp-content\/uploads\/sites\/6\/2023\/03\/Palacalafiore.jpg","jetpack_sharing_enabled":true,"_links":{"self":[{"href":"https:\/\/progettotouring.it\/radiotouring104\/wp-json\/wp\/v2\/posts\/20549","targetHints":{"allow":["GET"]}}],"collection":[{"href":"https:\/\/progettotouring.it\/radiotouring104\/wp-json\/wp\/v2\/posts"}],"about":[{"href":"https:\/\/progettotouring.it\/radiotouring104\/wp-json\/wp\/v2\/types\/post"}],"author":[{"embeddable":true,"href":"https:\/\/progettotouring.it\/radiotouring104\/wp-json\/wp\/v2\/users\/12"}],"replies":[{"embeddable":true,"href":"https:\/\/progettotouring.it\/radiotouring104\/wp-json\/wp\/v2\/comments?post=20549"}],"version-history":[{"count":2,"href":"https:\/\/progettotouring.it\/radiotouring104\/wp-json\/wp\/v2\/posts\/20549\/revisions"}],"predecessor-version":[{"id":20580,"href":"https:\/\/progettotouring.it\/radiotouring104\/wp-json\/wp\/v2\/posts\/20549\/revisions\/20580"}],"wp:featuredmedia":[{"embeddable":true,"href":"https:\/\/progettotouring.it\/radiotouring104\/wp-json\/wp\/v2\/media\/20596"}],"wp:attachment":[{"href":"https:\/\/progettotouring.it\/radiotouring104\/wp-json\/wp\/v2\/media?parent=20549"}],"wp:term":[{"taxonomy":"category","embeddable":true,"href":"https:\/\/progettotouring.it\/radiotouring104\/wp-json\/wp\/v2\/categories?post=20549"},{"taxonomy":"post_tag","embeddable":true,"href":"https:\/\/progettotouring.it\/radiotouring104\/wp-json\/wp\/v2\/tags?post=20549"}],"curies":[{"name":"wp","href":"https:\/\/api.w.org\/{rel}","templated":true}]}}