{"id":20554,"date":"2023-03-10T12:58:57","date_gmt":"2023-03-10T11:58:57","guid":{"rendered":"https:\/\/progettotouring.it\/radiotouring104\/?p=20554"},"modified":"2023-03-10T12:58:57","modified_gmt":"2023-03-10T11:58:57","slug":"gioia-automar-rafforza-la-presenza-50-assunzioni-e-nuove-aree","status":"publish","type":"post","link":"https:\/\/progettotouring.it\/radiotouring104\/2023\/03\/10\/gioia-automar-rafforza-la-presenza-50-assunzioni-e-nuove-aree\/","title":{"rendered":"Gioia, Automar rafforza la presenza: 50 assunzioni e nuove aree"},"content":{"rendered":"<p>Al Let Expo di Verona, l&#8217;evento fieristico, realizzato dall&#8217;Associazione Logistica dell\u2019intermodalit\u00e0 sostenibile, in scena attualmente a Verona dall&#8217;8 marzo e che terminer\u00e0 domani, l\u2019Autorit\u00e0 di sistema portuale dei Mari Tirreno Meridionale e Ionio, presieduta dal presidente Andrea Agostinelli e la societ\u00e0 Automar Spa, al cui vertice siede Costantino Baldissara, commercial, logistics &amp; operations director Grimaldi Group, hanno sottoscritto un accordo bilaterale di programma per il futuro e sviluppo del terminal autovetture nel porto di Gioia, al quale hanno partecipato anche il dirigente dell\u2019Area Demanio dell\u2019Adsp Mtmi, dott. Pasquale Faraone, e la dottoressa Giuliana Brucato, amministratore delegato di Automar Spa. Un ulteriore passo nel percorso di crescita che prosegue in continuit\u00e0 con l&#8217;anno precedente, pi\u00f9 che positivo, quando i volumi di traffico diretti verso il Porto di Gioia, in concessione ad Automar spa hanno toccato la grande percentuale del 243%.<\/p>\n<p>&#8220;Un risultato importante collegato, nei fatti, &#8211; fanno sapere\u00a0 ad un organico programma di interventi, inseriti in un progetto di pieno sviluppo dell\u2019intermodalit\u00e0 e della sostenibilit\u00e0 ambientale, gi\u00e0 descritti al presidente Andrea Agostinelli, ed ai rappresentanti dell\u2019Autorit\u00e0 di Sistema portuale dei Mari Tirreno Meridionale e Ionio, nel corso di un incontro, che si \u00e8 tenuto a Roma lo scorso 26 gennaio, dal management di Automar.<\/p>\n<p>In quella occasione sono state illustrate le direttrici di sviluppo relative alla maggiore presenza del terminalista, che gestisce la movimentazione delle autovetture nello scalo calabrese, reputate necessarie per accompagnare lo straordinario incremento dei volumi di traffico in corso e in divenire.<\/p>\n<p>In particolare, per lo sviluppo della propria attivit\u00e0, la societ\u00e0 Automar avr\u00e0 bisogno, nel breve periodo, di ampliare la propria area demaniale, da richiedere attraverso apposita istanza di concessione, per ottenere un complessivo incremento delle proprie superfici, che includeranno 25 mila metri quadrati, poste nelle immediate adiacenze del terminal esistente (lato nord dello scalo), finalizzati allo stoccaggio degli autoveicoli; ulteriori 40 mila metri quadrati, ubicati presso il cosiddetto \u201cInterporto di Gioia Tauro\u201d, da adibire a sosta di autoveicoli. A questi si aggiungeranno altri 65 mila metri quadrati, adiacenti all\u2019immobile dell\u2019Ex Isotta Fraschini, che saranno destinati<br \/>\nalle attivit\u00e0 di fumigazione per mezzo di calore.<\/p>\n<p>Infine, saranno richieste altre aree da adibire a manipolazione e successivo stoccaggio degli autoveicoli, in un distretto portuale posto lungo il confine con il terminal Mct, sulle quali l\u2019Ente si riserva una pi\u00f9 ampia valutazione, poich\u00e9 oggetto di un importante intervento di riqualificazione infrastrutturale finanziato con fondi del Pnrr&#8221;, come riporta Reggio Today.<\/p>\n<p>Non affatto un&#8217;implementazione di poco conto perch\u00e8 ne scaturir\u00e0 un imponente crescita dei volumi con specifica diversificazione delle operazioni, alla quale va aggiunta l&#8217;importante crescita del numero dei lavoratori. Nell&#8217;operazione, infatti, sono comprese 50 assunzioni. Un obiettivo raggiungibile grazie alla collaborazione tra Automar col supporto dell&#8217;Autorit\u00e0 di sistema portuale dei Mari Tirreno meridionale e Ionio che mira a diversificare e potenziare la qualit\u00e0 dei servizi portuali offerti dallo scalo del porto di Gioia.<\/p>\n<p>L\u2019Ente proceder\u00e0 con l&#8217;avvio di una serie di lavori infrastrutturali riguardanti la viabilit\u00e0 con relativo impianto di illuminazione stradale, la raccolta acque di bianche ed i sottoservizi di allaccio alle reti primarie, attraverso i lotti delimitati dalla viabilit\u00e0 stradale, finanziati con fondi del PNRR per 1O milioni di euro, ai quali vanno aggiunti quelli di completamento dell\u2019asta ferroviaria di manovra, per altri 20 milioni di euro.<\/p>\n<p>Quest\u2019ultima, nello specifico, \u00e8 una struttura utilizzata con frequenza assidua dal terminal Autormar che dopo la realizzazione e l&#8217;inaugurazione dell&#8217;asta ferroviaria, al termine del 2022, ha ulteriormente aumentato il passaggio in ferro dei propri traffici con il raccordo diretto alla rete nazionale.<\/p>\n<p>l\u2019Autorit\u00e0 di Sistema portuale dei Mari Tirreno meridionale e Ionio, nel proprio Bilancio di previsione del 2023, ha gi\u00e0 stanziato l&#8217;importante cifra di 7 milioni di euro per il totale rifacimento degli ormeggi commerciali delle banchine nord del bacino portuale, come ulteriore conferma dell&#8217;attivit\u00e0 terminalista, cos\u00ec da consentire l\u2019accosto in sicurezza della totalit\u00e0 delle classi delle navi Grimaldi, fra cui le navi ibride, le car carriers di vecchia e nuova generazioni e gli Eurocargo.<\/p>\n<div class=\"slot slot-story-5\">\n<div>\n<div id=\"beacon_8eb5f68a53\"><img decoding=\"async\" src=\"https:\/\/vda.reggiotoday.it\/~vda\/___\/s.php\/?_=_&amp;bannerid=805979&amp;campaignid=255077&amp;zoneid=99323&amp;loc=https%3A%2F%2Fwww.reggiotoday.it%2Fcronaca%2Fgioia-tauro-automar-presenza-posti-lavoro.html&amp;referer=https%3A%2F%2Fwww.reggiotoday.it%2F&amp;cb=8eb5f68a53\" alt=\"\" width=\"0\" height=\"0\" \/><\/div>\n<\/div>\n<\/div>\n<p>&#8220;Considerato, inoltre, che l\u2019area di interesse rientra in quelle interne alla Zona Economica Speciale<br \/>\ndella Calabria, &#8211; conclude l&#8217;Adsp &#8211; sar\u00e0 assicurato lo snellimento delle procedure burocratiche attraverso un<br \/>\ndimezzamento dei termini procedimentali come previsto dalla normativa Zes&#8221;.<\/p>\n<p>&nbsp;<\/p>\n","protected":false},"excerpt":{"rendered":"<p>Al Let Expo di Verona, l&#8217;evento fieristico, realizzato dall&#8217;Associazione Logistica dell\u2019intermodalit\u00e0 sostenibile, in scena attualmente a Verona dall&#8217;8 marzo e che terminer\u00e0 domani, l\u2019Autorit\u00e0 di sistema portuale dei Mari Tirreno&hellip;<\/p>\n","protected":false},"author":12,"featured_media":15987,"comment_status":"closed","ping_status":"open","sticky":false,"template":"","format":"standard","meta":{"_jetpack_memberships_contains_paid_content":false,"footnotes":"","jetpack_publicize_message":"","jetpack_publicize_feature_enabled":true,"jetpack_social_post_already_shared":false,"jetpack_social_options":{"image_generator_settings":{"template":"highway","default_image_id":0,"font":"","enabled":false},"version":2}},"categories":[921,196,140],"tags":[11270,5520,11269,988],"class_list":["post-20554","post","type-post","status-publish","format-standard","has-post-thumbnail","hentry","category-home","category-news","category-reggio-calabria","tag-associazione-logistica-dellintermodalita-sostenibile","tag-automar","tag-let-expo-di-verona","tag-porto-di-gioia-tauro"],"yoast_head":"<!-- This site is optimized with the Yoast SEO plugin v27.2 - https:\/\/yoast.com\/product\/yoast-seo-wordpress\/ -->\n<title>Gioia, Automar rafforza la presenza: 50 assunzioni e nuove aree<\/title>\n<meta name=\"description\" content=\"Al Let Expo di Verona sottoscritto un accordo di programma per il futuro sviluppo del terminal autovetture nel porto di Gioia Tauro\" \/>\n<meta name=\"robots\" content=\"index, follow, max-snippet:-1, max-image-preview:large, max-video-preview:-1\" \/>\n<link rel=\"canonical\" href=\"https:\/\/progettotouring.it\/radiotouring104\/2023\/03\/10\/gioia-automar-rafforza-la-presenza-50-assunzioni-e-nuove-aree\/\" \/>\n<meta property=\"og:locale\" content=\"it_IT\" \/>\n<meta property=\"og:type\" content=\"article\" \/>\n<meta property=\"og:title\" content=\"Gioia, Automar rafforza la presenza: 50 assunzioni e nuove aree\" \/>\n<meta property=\"og:description\" content=\"Al Let Expo di Verona sottoscritto un accordo di programma per il futuro sviluppo del terminal autovetture nel porto di Gioia Tauro\" \/>\n<meta property=\"og:url\" content=\"https:\/\/progettotouring.it\/radiotouring104\/2023\/03\/10\/gioia-automar-rafforza-la-presenza-50-assunzioni-e-nuove-aree\/\" \/>\n<meta property=\"og:site_name\" content=\"Radio Touring 104\" \/>\n<meta property=\"article:published_time\" content=\"2023-03-10T11:58:57+00:00\" \/>\n<meta property=\"og:image\" content=\"https:\/\/progettotouring.it\/radiotouring104\/wp-content\/uploads\/sites\/6\/2023\/01\/Porto-Gioia-Tauro.jpg\" \/>\n\t<meta property=\"og:image:width\" content=\"1080\" \/>\n\t<meta property=\"og:image:height\" content=\"630\" \/>\n\t<meta property=\"og:image:type\" content=\"image\/jpeg\" \/>\n<meta name=\"author\" content=\"Sebastiano Plutino\" \/>\n<meta name=\"twitter:card\" content=\"summary_large_image\" \/>\n<meta name=\"twitter:label1\" content=\"Scritto da\" \/>\n\t<meta name=\"twitter:data1\" content=\"Sebastiano Plutino\" \/>\n\t<meta name=\"twitter:label2\" content=\"Tempo di lettura stimato\" \/>\n\t<meta name=\"twitter:data2\" content=\"3 minuti\" \/>\n<script type=\"application\/ld+json\" class=\"yoast-schema-graph\">{\"@context\":\"https:\/\/schema.org\",\"@graph\":[{\"@type\":\"Article\",\"@id\":\"https:\/\/progettotouring.it\/radiotouring104\/2023\/03\/10\/gioia-automar-rafforza-la-presenza-50-assunzioni-e-nuove-aree\/#article\",\"isPartOf\":{\"@id\":\"https:\/\/progettotouring.it\/radiotouring104\/2023\/03\/10\/gioia-automar-rafforza-la-presenza-50-assunzioni-e-nuove-aree\/\"},\"author\":{\"name\":\"Sebastiano Plutino\",\"@id\":\"https:\/\/progettotouring.it\/radiotouring104\/#\/schema\/person\/78613917f1851f041f7483f5af1d422e\"},\"headline\":\"Gioia, Automar rafforza la presenza: 50 assunzioni e nuove aree\",\"datePublished\":\"2023-03-10T11:58:57+00:00\",\"mainEntityOfPage\":{\"@id\":\"https:\/\/progettotouring.it\/radiotouring104\/2023\/03\/10\/gioia-automar-rafforza-la-presenza-50-assunzioni-e-nuove-aree\/\"},\"wordCount\":707,\"publisher\":{\"@id\":\"https:\/\/progettotouring.it\/radiotouring104\/#organization\"},\"image\":{\"@id\":\"https:\/\/progettotouring.it\/radiotouring104\/2023\/03\/10\/gioia-automar-rafforza-la-presenza-50-assunzioni-e-nuove-aree\/#primaryimage\"},\"thumbnailUrl\":\"https:\/\/progettotouring.it\/radiotouring104\/wp-content\/uploads\/sites\/6\/2023\/01\/Porto-Gioia-Tauro.jpg\",\"keywords\":[\"'Associazione Logistica dell\u2019intermodalit\u00e0 sostenibile\",\"Automar\",\"Let Expo di Verona\",\"porto di Gioia Tauro\"],\"articleSection\":[\"Home\",\"News\",\"Reggio Calabria\"],\"inLanguage\":\"it-IT\"},{\"@type\":\"WebPage\",\"@id\":\"https:\/\/progettotouring.it\/radiotouring104\/2023\/03\/10\/gioia-automar-rafforza-la-presenza-50-assunzioni-e-nuove-aree\/\",\"url\":\"https:\/\/progettotouring.it\/radiotouring104\/2023\/03\/10\/gioia-automar-rafforza-la-presenza-50-assunzioni-e-nuove-aree\/\",\"name\":\"Gioia, Automar rafforza la presenza: 50 assunzioni e nuove aree\",\"isPartOf\":{\"@id\":\"https:\/\/progettotouring.it\/radiotouring104\/#website\"},\"primaryImageOfPage\":{\"@id\":\"https:\/\/progettotouring.it\/radiotouring104\/2023\/03\/10\/gioia-automar-rafforza-la-presenza-50-assunzioni-e-nuove-aree\/#primaryimage\"},\"image\":{\"@id\":\"https:\/\/progettotouring.it\/radiotouring104\/2023\/03\/10\/gioia-automar-rafforza-la-presenza-50-assunzioni-e-nuove-aree\/#primaryimage\"},\"thumbnailUrl\":\"https:\/\/progettotouring.it\/radiotouring104\/wp-content\/uploads\/sites\/6\/2023\/01\/Porto-Gioia-Tauro.jpg\",\"datePublished\":\"2023-03-10T11:58:57+00:00\",\"description\":\"Al Let Expo di Verona sottoscritto un accordo di programma per il futuro sviluppo del terminal autovetture nel porto di Gioia Tauro\",\"breadcrumb\":{\"@id\":\"https:\/\/progettotouring.it\/radiotouring104\/2023\/03\/10\/gioia-automar-rafforza-la-presenza-50-assunzioni-e-nuove-aree\/#breadcrumb\"},\"inLanguage\":\"it-IT\",\"potentialAction\":[{\"@type\":\"ReadAction\",\"target\":[\"https:\/\/progettotouring.it\/radiotouring104\/2023\/03\/10\/gioia-automar-rafforza-la-presenza-50-assunzioni-e-nuove-aree\/\"]}]},{\"@type\":\"ImageObject\",\"inLanguage\":\"it-IT\",\"@id\":\"https:\/\/progettotouring.it\/radiotouring104\/2023\/03\/10\/gioia-automar-rafforza-la-presenza-50-assunzioni-e-nuove-aree\/#primaryimage\",\"url\":\"https:\/\/progettotouring.it\/radiotouring104\/wp-content\/uploads\/sites\/6\/2023\/01\/Porto-Gioia-Tauro.jpg\",\"contentUrl\":\"https:\/\/progettotouring.it\/radiotouring104\/wp-content\/uploads\/sites\/6\/2023\/01\/Porto-Gioia-Tauro.jpg\",\"width\":1080,\"height\":630},{\"@type\":\"BreadcrumbList\",\"@id\":\"https:\/\/progettotouring.it\/radiotouring104\/2023\/03\/10\/gioia-automar-rafforza-la-presenza-50-assunzioni-e-nuove-aree\/#breadcrumb\",\"itemListElement\":[{\"@type\":\"ListItem\",\"position\":1,\"name\":\"Home\",\"item\":\"https:\/\/progettotouring.it\/radiotouring104\/\"},{\"@type\":\"ListItem\",\"position\":2,\"name\":\"Gioia, Automar rafforza la presenza: 50 assunzioni e nuove aree\"}]},{\"@type\":\"WebSite\",\"@id\":\"https:\/\/progettotouring.it\/radiotouring104\/#website\",\"url\":\"https:\/\/progettotouring.it\/radiotouring104\/\",\"name\":\"Radio Touring 104\",\"description\":\"La prima radio Reggina\",\"publisher\":{\"@id\":\"https:\/\/progettotouring.it\/radiotouring104\/#organization\"},\"potentialAction\":[{\"@type\":\"SearchAction\",\"target\":{\"@type\":\"EntryPoint\",\"urlTemplate\":\"https:\/\/progettotouring.it\/radiotouring104\/?s={search_term_string}\"},\"query-input\":{\"@type\":\"PropertyValueSpecification\",\"valueRequired\":true,\"valueName\":\"search_term_string\"}}],\"inLanguage\":\"it-IT\"},{\"@type\":\"Organization\",\"@id\":\"https:\/\/progettotouring.it\/radiotouring104\/#organization\",\"name\":\"Radio Touring 104\",\"url\":\"https:\/\/progettotouring.it\/radiotouring104\/\",\"logo\":{\"@type\":\"ImageObject\",\"inLanguage\":\"it-IT\",\"@id\":\"https:\/\/progettotouring.it\/radiotouring104\/#\/schema\/logo\/image\/\",\"url\":\"https:\/\/progettotouring.it\/radiotouring104\/wp-content\/uploads\/sites\/6\/2022\/02\/cropped-logo-radio-touring-104.png\",\"contentUrl\":\"https:\/\/progettotouring.it\/radiotouring104\/wp-content\/uploads\/sites\/6\/2022\/02\/cropped-logo-radio-touring-104.png\",\"width\":377,\"height\":182,\"caption\":\"Radio Touring 104\"},\"image\":{\"@id\":\"https:\/\/progettotouring.it\/radiotouring104\/#\/schema\/logo\/image\/\"}},{\"@type\":\"Person\",\"@id\":\"https:\/\/progettotouring.it\/radiotouring104\/#\/schema\/person\/78613917f1851f041f7483f5af1d422e\",\"name\":\"Sebastiano Plutino\",\"image\":{\"@type\":\"ImageObject\",\"inLanguage\":\"it-IT\",\"@id\":\"https:\/\/secure.gravatar.com\/avatar\/0546ffaa9b79224faf9f2a156b67a529ae861d3287c66c1d8ccfdf909bcba78d?s=96&d=mm&r=g\",\"url\":\"https:\/\/secure.gravatar.com\/avatar\/0546ffaa9b79224faf9f2a156b67a529ae861d3287c66c1d8ccfdf909bcba78d?s=96&d=mm&r=g\",\"contentUrl\":\"https:\/\/secure.gravatar.com\/avatar\/0546ffaa9b79224faf9f2a156b67a529ae861d3287c66c1d8ccfdf909bcba78d?s=96&d=mm&r=g\",\"caption\":\"Sebastiano Plutino\"},\"url\":\"https:\/\/progettotouring.it\/radiotouring104\/author\/sebastiano\/\"}]}<\/script>\n<!-- \/ Yoast SEO plugin. -->","yoast_head_json":{"title":"Gioia, Automar rafforza la presenza: 50 assunzioni e nuove aree","description":"Al Let Expo di Verona sottoscritto un accordo di programma per il futuro sviluppo del terminal autovetture nel porto di Gioia Tauro","robots":{"index":"index","follow":"follow","max-snippet":"max-snippet:-1","max-image-preview":"max-image-preview:large","max-video-preview":"max-video-preview:-1"},"canonical":"https:\/\/progettotouring.it\/radiotouring104\/2023\/03\/10\/gioia-automar-rafforza-la-presenza-50-assunzioni-e-nuove-aree\/","og_locale":"it_IT","og_type":"article","og_title":"Gioia, Automar rafforza la presenza: 50 assunzioni e nuove aree","og_description":"Al Let Expo di Verona sottoscritto un accordo di programma per il futuro sviluppo del terminal autovetture nel porto di Gioia Tauro","og_url":"https:\/\/progettotouring.it\/radiotouring104\/2023\/03\/10\/gioia-automar-rafforza-la-presenza-50-assunzioni-e-nuove-aree\/","og_site_name":"Radio Touring 104","article_published_time":"2023-03-10T11:58:57+00:00","og_image":[{"width":1080,"height":630,"url":"https:\/\/progettotouring.it\/radiotouring104\/wp-content\/uploads\/sites\/6\/2023\/01\/Porto-Gioia-Tauro.jpg","type":"image\/jpeg"}],"author":"Sebastiano Plutino","twitter_card":"summary_large_image","twitter_misc":{"Scritto da":"Sebastiano Plutino","Tempo di lettura stimato":"3 minuti"},"schema":{"@context":"https:\/\/schema.org","@graph":[{"@type":"Article","@id":"https:\/\/progettotouring.it\/radiotouring104\/2023\/03\/10\/gioia-automar-rafforza-la-presenza-50-assunzioni-e-nuove-aree\/#article","isPartOf":{"@id":"https:\/\/progettotouring.it\/radiotouring104\/2023\/03\/10\/gioia-automar-rafforza-la-presenza-50-assunzioni-e-nuove-aree\/"},"author":{"name":"Sebastiano Plutino","@id":"https:\/\/progettotouring.it\/radiotouring104\/#\/schema\/person\/78613917f1851f041f7483f5af1d422e"},"headline":"Gioia, Automar rafforza la presenza: 50 assunzioni e nuove aree","datePublished":"2023-03-10T11:58:57+00:00","mainEntityOfPage":{"@id":"https:\/\/progettotouring.it\/radiotouring104\/2023\/03\/10\/gioia-automar-rafforza-la-presenza-50-assunzioni-e-nuove-aree\/"},"wordCount":707,"publisher":{"@id":"https:\/\/progettotouring.it\/radiotouring104\/#organization"},"image":{"@id":"https:\/\/progettotouring.it\/radiotouring104\/2023\/03\/10\/gioia-automar-rafforza-la-presenza-50-assunzioni-e-nuove-aree\/#primaryimage"},"thumbnailUrl":"https:\/\/progettotouring.it\/radiotouring104\/wp-content\/uploads\/sites\/6\/2023\/01\/Porto-Gioia-Tauro.jpg","keywords":["'Associazione Logistica dell\u2019intermodalit\u00e0 sostenibile","Automar","Let Expo di Verona","porto di Gioia Tauro"],"articleSection":["Home","News","Reggio Calabria"],"inLanguage":"it-IT"},{"@type":"WebPage","@id":"https:\/\/progettotouring.it\/radiotouring104\/2023\/03\/10\/gioia-automar-rafforza-la-presenza-50-assunzioni-e-nuove-aree\/","url":"https:\/\/progettotouring.it\/radiotouring104\/2023\/03\/10\/gioia-automar-rafforza-la-presenza-50-assunzioni-e-nuove-aree\/","name":"Gioia, Automar rafforza la presenza: 50 assunzioni e nuove aree","isPartOf":{"@id":"https:\/\/progettotouring.it\/radiotouring104\/#website"},"primaryImageOfPage":{"@id":"https:\/\/progettotouring.it\/radiotouring104\/2023\/03\/10\/gioia-automar-rafforza-la-presenza-50-assunzioni-e-nuove-aree\/#primaryimage"},"image":{"@id":"https:\/\/progettotouring.it\/radiotouring104\/2023\/03\/10\/gioia-automar-rafforza-la-presenza-50-assunzioni-e-nuove-aree\/#primaryimage"},"thumbnailUrl":"https:\/\/progettotouring.it\/radiotouring104\/wp-content\/uploads\/sites\/6\/2023\/01\/Porto-Gioia-Tauro.jpg","datePublished":"2023-03-10T11:58:57+00:00","description":"Al Let Expo di Verona sottoscritto un accordo di programma per il futuro sviluppo del terminal autovetture nel porto di Gioia Tauro","breadcrumb":{"@id":"https:\/\/progettotouring.it\/radiotouring104\/2023\/03\/10\/gioia-automar-rafforza-la-presenza-50-assunzioni-e-nuove-aree\/#breadcrumb"},"inLanguage":"it-IT","potentialAction":[{"@type":"ReadAction","target":["https:\/\/progettotouring.it\/radiotouring104\/2023\/03\/10\/gioia-automar-rafforza-la-presenza-50-assunzioni-e-nuove-aree\/"]}]},{"@type":"ImageObject","inLanguage":"it-IT","@id":"https:\/\/progettotouring.it\/radiotouring104\/2023\/03\/10\/gioia-automar-rafforza-la-presenza-50-assunzioni-e-nuove-aree\/#primaryimage","url":"https:\/\/progettotouring.it\/radiotouring104\/wp-content\/uploads\/sites\/6\/2023\/01\/Porto-Gioia-Tauro.jpg","contentUrl":"https:\/\/progettotouring.it\/radiotouring104\/wp-content\/uploads\/sites\/6\/2023\/01\/Porto-Gioia-Tauro.jpg","width":1080,"height":630},{"@type":"BreadcrumbList","@id":"https:\/\/progettotouring.it\/radiotouring104\/2023\/03\/10\/gioia-automar-rafforza-la-presenza-50-assunzioni-e-nuove-aree\/#breadcrumb","itemListElement":[{"@type":"ListItem","position":1,"name":"Home","item":"https:\/\/progettotouring.it\/radiotouring104\/"},{"@type":"ListItem","position":2,"name":"Gioia, Automar rafforza la presenza: 50 assunzioni e nuove aree"}]},{"@type":"WebSite","@id":"https:\/\/progettotouring.it\/radiotouring104\/#website","url":"https:\/\/progettotouring.it\/radiotouring104\/","name":"Radio Touring 104","description":"La prima radio Reggina","publisher":{"@id":"https:\/\/progettotouring.it\/radiotouring104\/#organization"},"potentialAction":[{"@type":"SearchAction","target":{"@type":"EntryPoint","urlTemplate":"https:\/\/progettotouring.it\/radiotouring104\/?s={search_term_string}"},"query-input":{"@type":"PropertyValueSpecification","valueRequired":true,"valueName":"search_term_string"}}],"inLanguage":"it-IT"},{"@type":"Organization","@id":"https:\/\/progettotouring.it\/radiotouring104\/#organization","name":"Radio Touring 104","url":"https:\/\/progettotouring.it\/radiotouring104\/","logo":{"@type":"ImageObject","inLanguage":"it-IT","@id":"https:\/\/progettotouring.it\/radiotouring104\/#\/schema\/logo\/image\/","url":"https:\/\/progettotouring.it\/radiotouring104\/wp-content\/uploads\/sites\/6\/2022\/02\/cropped-logo-radio-touring-104.png","contentUrl":"https:\/\/progettotouring.it\/radiotouring104\/wp-content\/uploads\/sites\/6\/2022\/02\/cropped-logo-radio-touring-104.png","width":377,"height":182,"caption":"Radio Touring 104"},"image":{"@id":"https:\/\/progettotouring.it\/radiotouring104\/#\/schema\/logo\/image\/"}},{"@type":"Person","@id":"https:\/\/progettotouring.it\/radiotouring104\/#\/schema\/person\/78613917f1851f041f7483f5af1d422e","name":"Sebastiano Plutino","image":{"@type":"ImageObject","inLanguage":"it-IT","@id":"https:\/\/secure.gravatar.com\/avatar\/0546ffaa9b79224faf9f2a156b67a529ae861d3287c66c1d8ccfdf909bcba78d?s=96&d=mm&r=g","url":"https:\/\/secure.gravatar.com\/avatar\/0546ffaa9b79224faf9f2a156b67a529ae861d3287c66c1d8ccfdf909bcba78d?s=96&d=mm&r=g","contentUrl":"https:\/\/secure.gravatar.com\/avatar\/0546ffaa9b79224faf9f2a156b67a529ae861d3287c66c1d8ccfdf909bcba78d?s=96&d=mm&r=g","caption":"Sebastiano Plutino"},"url":"https:\/\/progettotouring.it\/radiotouring104\/author\/sebastiano\/"}]}},"jetpack_publicize_connections":[],"jetpack_featured_media_url":"https:\/\/progettotouring.it\/radiotouring104\/wp-content\/uploads\/sites\/6\/2023\/01\/Porto-Gioia-Tauro.jpg","jetpack_sharing_enabled":true,"_links":{"self":[{"href":"https:\/\/progettotouring.it\/radiotouring104\/wp-json\/wp\/v2\/posts\/20554","targetHints":{"allow":["GET"]}}],"collection":[{"href":"https:\/\/progettotouring.it\/radiotouring104\/wp-json\/wp\/v2\/posts"}],"about":[{"href":"https:\/\/progettotouring.it\/radiotouring104\/wp-json\/wp\/v2\/types\/post"}],"author":[{"embeddable":true,"href":"https:\/\/progettotouring.it\/radiotouring104\/wp-json\/wp\/v2\/users\/12"}],"replies":[{"embeddable":true,"href":"https:\/\/progettotouring.it\/radiotouring104\/wp-json\/wp\/v2\/comments?post=20554"}],"version-history":[{"count":1,"href":"https:\/\/progettotouring.it\/radiotouring104\/wp-json\/wp\/v2\/posts\/20554\/revisions"}],"predecessor-version":[{"id":20557,"href":"https:\/\/progettotouring.it\/radiotouring104\/wp-json\/wp\/v2\/posts\/20554\/revisions\/20557"}],"wp:featuredmedia":[{"embeddable":true,"href":"https:\/\/progettotouring.it\/radiotouring104\/wp-json\/wp\/v2\/media\/15987"}],"wp:attachment":[{"href":"https:\/\/progettotouring.it\/radiotouring104\/wp-json\/wp\/v2\/media?parent=20554"}],"wp:term":[{"taxonomy":"category","embeddable":true,"href":"https:\/\/progettotouring.it\/radiotouring104\/wp-json\/wp\/v2\/categories?post=20554"},{"taxonomy":"post_tag","embeddable":true,"href":"https:\/\/progettotouring.it\/radiotouring104\/wp-json\/wp\/v2\/tags?post=20554"}],"curies":[{"name":"wp","href":"https:\/\/api.w.org\/{rel}","templated":true}]}}