{"id":20560,"date":"2023-03-10T12:07:41","date_gmt":"2023-03-10T11:07:41","guid":{"rendered":"https:\/\/progettotouring.it\/radiotouring104\/?p=20560"},"modified":"2023-03-10T12:07:59","modified_gmt":"2023-03-10T11:07:59","slug":"mimosa-dargento-premiata-la-comunita-della-scalinata-di-via-giudecca","status":"publish","type":"post","link":"https:\/\/progettotouring.it\/radiotouring104\/2023\/03\/10\/mimosa-dargento-premiata-la-comunita-della-scalinata-di-via-giudecca\/","title":{"rendered":"Mimosa d\u2019Argento: premiata la comunit\u00e0 della Scalinata di via Giudecca"},"content":{"rendered":"<p>Si \u00e8 tenuta l\u20198 marzo, in occasione della Giornata Internazionale della Donna, la seconda edizione \u201cMimosa d\u2019Argento\u201d presso la Sala delle Conferenze della Camera di Commercio con Confindustria, Cna e Confartigianato ed alla presenza dei rappresentanti delle istituzioni e del Rettore dell\u2019Universit\u00e0 Mediterranea, che ha visto tra i premiati anche la Comunit\u00e0 patrimoniale \u201cScalinata Monumentale di via Giudecca\u201d.<\/p>\n<p>Il premio ha omaggiato cinque donne imprenditrici che si sono distinte in modo particolare nei settori del Commercio, dell\u2019Industria e dell\u2019Artigianato e quattro donne impegnate, con amore, per il bene della citt\u00e0.<\/p>\n<p>Tra queste, la presidente della Comunit\u00e0 Patrimoniale &#8220;Scalinata Monumentale di via Giudecca&#8221;,\u00a0 Simona Lanzoni, convocata insieme al CDA per ricevere il riconoscimento e condividere questo momento di gioia assieme alle donne presenti, nell\u2019ambito dell\u2019incontro \u201cImprese e Societ\u00e0: il Presente \u00e8 donna\u201d.<\/p>\n<p>\u201cDedico il prestigioso premio a tutti i soci, Donne e Uomini, per me \u2018Cari Amici\u2019, della Comunit\u00e0 Patrimoniale Scalinata Monumentale di via Giudecca, che settimanalmente diffondono bellezza durante il loro tempo libero, dedicandosi al recupero dei luoghi pubblici, ad infondere senso civico sul territorio, ad educare i giovani ad un uso responsabile dello spazio comune e partecipare alla tutela e valorizzazione del Patrimonio identitario esistente\u201d ha dichiarato la presidente Lanzoni, ringraziando a nome dell\u2019associazione tutti i presenti, \u201cin particolare Confcommercio Reggio Calabria e il direttore Fabio Giubilo per aver riconosciuto in noi \u2018amore per la citt\u00e0\u2019\u201d.<\/p>\n<p>Un premio \u201ccondiviso con tutto il CDA, totalmente in rosa della Comunit\u00e0 Patrimoniale di via Giudecca, Marica Monoriti, Angela Latella, Caterina Pecora, Giusy Leo Scordino, Maria Antonietta Giuffr\u00e8 e Tatiana Cilea \u2013 ha concluso la Lanzoni &#8211; per le attenzioni, la disponibilit\u00e0, la sensibilit\u00e0 e la gioia che manifestano nel condividere, programmare ed avviare insieme progetti, eventi, attivit\u00e0, azioni e proposte destinate all\u2019uso e al miglioramento dei luoghi per il benessere dell\u2019intera collettivit\u00e0\u201d.<\/p>\n<p>&nbsp;<\/p>\n","protected":false},"excerpt":{"rendered":"<p>Si \u00e8 tenuta l\u20198 marzo, in occasione della Giornata Internazionale della Donna, la seconda edizione \u201cMimosa d\u2019Argento\u201d presso la Sala delle Conferenze della Camera di Commercio con Confindustria, Cna e&hellip;<\/p>\n","protected":false},"author":12,"featured_media":20561,"comment_status":"closed","ping_status":"open","sticky":false,"template":"","format":"standard","meta":{"_jetpack_memberships_contains_paid_content":false,"footnotes":"","jetpack_publicize_message":"","jetpack_publicize_feature_enabled":true,"jetpack_social_post_already_shared":false,"jetpack_social_options":{"image_generator_settings":{"template":"highway","default_image_id":0,"font":"","enabled":false},"version":2}},"categories":[921,196,140],"tags":[11243,11245,3130,2520,11241,11244,11242,11240],"class_list":["post-20560","post","type-post","status-publish","format-standard","has-post-thumbnail","hentry","category-home","category-news","category-reggio-calabria","tag-cna","tag-comunita-patrimoniale-scalinata-monumentale-di-via-giudecca","tag-confartigianato","tag-confindustria","tag-mimosa-dargento","tag-rettore-delluniversita-mediterranea","tag-sala-delle-conferenze-della-camera-di-commercio","tag-scalinata-via-giudecca"],"yoast_head":"<!-- This site is optimized with the Yoast SEO plugin v27.2 - https:\/\/yoast.com\/product\/yoast-seo-wordpress\/ -->\n<title>Mimosa d\u2019Argento: premiata comunit\u00e0 della Scalinata via Giudecca<\/title>\n<meta name=\"description\" content=\"Si \u00e8 tenuta l\u20198 marzo, in occasione della Giornata Internazionale della Donna, la seconda edizione \u201cMimosa d\u2019Argento\u201d\" \/>\n<meta name=\"robots\" content=\"index, follow, max-snippet:-1, max-image-preview:large, max-video-preview:-1\" \/>\n<link rel=\"canonical\" href=\"https:\/\/progettotouring.it\/radiotouring104\/2023\/03\/10\/mimosa-dargento-premiata-la-comunita-della-scalinata-di-via-giudecca\/\" \/>\n<meta property=\"og:locale\" content=\"it_IT\" \/>\n<meta property=\"og:type\" content=\"article\" \/>\n<meta property=\"og:title\" content=\"Mimosa d\u2019Argento: premiata comunit\u00e0 della Scalinata via Giudecca\" \/>\n<meta property=\"og:description\" content=\"Si \u00e8 tenuta l\u20198 marzo, in occasione della Giornata Internazionale della Donna, la seconda edizione \u201cMimosa d\u2019Argento\u201d\" \/>\n<meta property=\"og:url\" content=\"https:\/\/progettotouring.it\/radiotouring104\/2023\/03\/10\/mimosa-dargento-premiata-la-comunita-della-scalinata-di-via-giudecca\/\" \/>\n<meta property=\"og:site_name\" content=\"Radio Touring 104\" \/>\n<meta property=\"article:published_time\" content=\"2023-03-10T11:07:41+00:00\" \/>\n<meta property=\"article:modified_time\" content=\"2023-03-10T11:07:59+00:00\" \/>\n<meta property=\"og:image\" content=\"https:\/\/progettotouring.it\/radiotouring104\/wp-content\/uploads\/sites\/6\/2023\/03\/Scalinata-Via-Giudecca.jpeg\" \/>\n\t<meta property=\"og:image:width\" content=\"928\" \/>\n\t<meta property=\"og:image:height\" content=\"486\" \/>\n\t<meta property=\"og:image:type\" content=\"image\/jpeg\" \/>\n<meta name=\"author\" content=\"Sebastiano Plutino\" \/>\n<meta name=\"twitter:card\" content=\"summary_large_image\" \/>\n<meta name=\"twitter:label1\" content=\"Scritto da\" \/>\n\t<meta name=\"twitter:data1\" content=\"Sebastiano Plutino\" \/>\n\t<meta name=\"twitter:label2\" content=\"Tempo di lettura stimato\" \/>\n\t<meta name=\"twitter:data2\" content=\"2 minuti\" \/>\n<script type=\"application\/ld+json\" class=\"yoast-schema-graph\">{\"@context\":\"https:\/\/schema.org\",\"@graph\":[{\"@type\":\"Article\",\"@id\":\"https:\/\/progettotouring.it\/radiotouring104\/2023\/03\/10\/mimosa-dargento-premiata-la-comunita-della-scalinata-di-via-giudecca\/#article\",\"isPartOf\":{\"@id\":\"https:\/\/progettotouring.it\/radiotouring104\/2023\/03\/10\/mimosa-dargento-premiata-la-comunita-della-scalinata-di-via-giudecca\/\"},\"author\":{\"name\":\"Sebastiano Plutino\",\"@id\":\"https:\/\/progettotouring.it\/radiotouring104\/#\/schema\/person\/78613917f1851f041f7483f5af1d422e\"},\"headline\":\"Mimosa d\u2019Argento: premiata la comunit\u00e0 della Scalinata di via Giudecca\",\"datePublished\":\"2023-03-10T11:07:41+00:00\",\"dateModified\":\"2023-03-10T11:07:59+00:00\",\"mainEntityOfPage\":{\"@id\":\"https:\/\/progettotouring.it\/radiotouring104\/2023\/03\/10\/mimosa-dargento-premiata-la-comunita-della-scalinata-di-via-giudecca\/\"},\"wordCount\":318,\"publisher\":{\"@id\":\"https:\/\/progettotouring.it\/radiotouring104\/#organization\"},\"image\":{\"@id\":\"https:\/\/progettotouring.it\/radiotouring104\/2023\/03\/10\/mimosa-dargento-premiata-la-comunita-della-scalinata-di-via-giudecca\/#primaryimage\"},\"thumbnailUrl\":\"https:\/\/progettotouring.it\/radiotouring104\/wp-content\/uploads\/sites\/6\/2023\/03\/Scalinata-Via-Giudecca.jpeg\",\"keywords\":[\"Cna\",\"Comunit\u00e0 patrimoniale \u201cScalinata Monumentale di via Giudecca\u201d\",\"confartigianato\",\"Confindustria\",\"Mimosa d\u2019Argento\",\"Rettore dell\u2019Universit\u00e0 Mediterranea\",\"Sala delle Conferenze della Camera di Commercio\",\"Scalinata via Giudecca\"],\"articleSection\":[\"Home\",\"News\",\"Reggio Calabria\"],\"inLanguage\":\"it-IT\"},{\"@type\":\"WebPage\",\"@id\":\"https:\/\/progettotouring.it\/radiotouring104\/2023\/03\/10\/mimosa-dargento-premiata-la-comunita-della-scalinata-di-via-giudecca\/\",\"url\":\"https:\/\/progettotouring.it\/radiotouring104\/2023\/03\/10\/mimosa-dargento-premiata-la-comunita-della-scalinata-di-via-giudecca\/\",\"name\":\"Mimosa d\u2019Argento: premiata comunit\u00e0 della Scalinata via Giudecca\",\"isPartOf\":{\"@id\":\"https:\/\/progettotouring.it\/radiotouring104\/#website\"},\"primaryImageOfPage\":{\"@id\":\"https:\/\/progettotouring.it\/radiotouring104\/2023\/03\/10\/mimosa-dargento-premiata-la-comunita-della-scalinata-di-via-giudecca\/#primaryimage\"},\"image\":{\"@id\":\"https:\/\/progettotouring.it\/radiotouring104\/2023\/03\/10\/mimosa-dargento-premiata-la-comunita-della-scalinata-di-via-giudecca\/#primaryimage\"},\"thumbnailUrl\":\"https:\/\/progettotouring.it\/radiotouring104\/wp-content\/uploads\/sites\/6\/2023\/03\/Scalinata-Via-Giudecca.jpeg\",\"datePublished\":\"2023-03-10T11:07:41+00:00\",\"dateModified\":\"2023-03-10T11:07:59+00:00\",\"description\":\"Si \u00e8 tenuta l\u20198 marzo, in occasione della Giornata Internazionale della Donna, la seconda edizione \u201cMimosa d\u2019Argento\u201d\",\"breadcrumb\":{\"@id\":\"https:\/\/progettotouring.it\/radiotouring104\/2023\/03\/10\/mimosa-dargento-premiata-la-comunita-della-scalinata-di-via-giudecca\/#breadcrumb\"},\"inLanguage\":\"it-IT\",\"potentialAction\":[{\"@type\":\"ReadAction\",\"target\":[\"https:\/\/progettotouring.it\/radiotouring104\/2023\/03\/10\/mimosa-dargento-premiata-la-comunita-della-scalinata-di-via-giudecca\/\"]}]},{\"@type\":\"ImageObject\",\"inLanguage\":\"it-IT\",\"@id\":\"https:\/\/progettotouring.it\/radiotouring104\/2023\/03\/10\/mimosa-dargento-premiata-la-comunita-della-scalinata-di-via-giudecca\/#primaryimage\",\"url\":\"https:\/\/progettotouring.it\/radiotouring104\/wp-content\/uploads\/sites\/6\/2023\/03\/Scalinata-Via-Giudecca.jpeg\",\"contentUrl\":\"https:\/\/progettotouring.it\/radiotouring104\/wp-content\/uploads\/sites\/6\/2023\/03\/Scalinata-Via-Giudecca.jpeg\",\"width\":928,\"height\":486},{\"@type\":\"BreadcrumbList\",\"@id\":\"https:\/\/progettotouring.it\/radiotouring104\/2023\/03\/10\/mimosa-dargento-premiata-la-comunita-della-scalinata-di-via-giudecca\/#breadcrumb\",\"itemListElement\":[{\"@type\":\"ListItem\",\"position\":1,\"name\":\"Home\",\"item\":\"https:\/\/progettotouring.it\/radiotouring104\/\"},{\"@type\":\"ListItem\",\"position\":2,\"name\":\"Mimosa d\u2019Argento: premiata la comunit\u00e0 della Scalinata di via Giudecca\"}]},{\"@type\":\"WebSite\",\"@id\":\"https:\/\/progettotouring.it\/radiotouring104\/#website\",\"url\":\"https:\/\/progettotouring.it\/radiotouring104\/\",\"name\":\"Radio Touring 104\",\"description\":\"La prima radio Reggina\",\"publisher\":{\"@id\":\"https:\/\/progettotouring.it\/radiotouring104\/#organization\"},\"potentialAction\":[{\"@type\":\"SearchAction\",\"target\":{\"@type\":\"EntryPoint\",\"urlTemplate\":\"https:\/\/progettotouring.it\/radiotouring104\/?s={search_term_string}\"},\"query-input\":{\"@type\":\"PropertyValueSpecification\",\"valueRequired\":true,\"valueName\":\"search_term_string\"}}],\"inLanguage\":\"it-IT\"},{\"@type\":\"Organization\",\"@id\":\"https:\/\/progettotouring.it\/radiotouring104\/#organization\",\"name\":\"Radio Touring 104\",\"url\":\"https:\/\/progettotouring.it\/radiotouring104\/\",\"logo\":{\"@type\":\"ImageObject\",\"inLanguage\":\"it-IT\",\"@id\":\"https:\/\/progettotouring.it\/radiotouring104\/#\/schema\/logo\/image\/\",\"url\":\"https:\/\/progettotouring.it\/radiotouring104\/wp-content\/uploads\/sites\/6\/2022\/02\/cropped-logo-radio-touring-104.png\",\"contentUrl\":\"https:\/\/progettotouring.it\/radiotouring104\/wp-content\/uploads\/sites\/6\/2022\/02\/cropped-logo-radio-touring-104.png\",\"width\":377,\"height\":182,\"caption\":\"Radio Touring 104\"},\"image\":{\"@id\":\"https:\/\/progettotouring.it\/radiotouring104\/#\/schema\/logo\/image\/\"}},{\"@type\":\"Person\",\"@id\":\"https:\/\/progettotouring.it\/radiotouring104\/#\/schema\/person\/78613917f1851f041f7483f5af1d422e\",\"name\":\"Sebastiano Plutino\",\"image\":{\"@type\":\"ImageObject\",\"inLanguage\":\"it-IT\",\"@id\":\"https:\/\/secure.gravatar.com\/avatar\/0546ffaa9b79224faf9f2a156b67a529ae861d3287c66c1d8ccfdf909bcba78d?s=96&d=mm&r=g\",\"url\":\"https:\/\/secure.gravatar.com\/avatar\/0546ffaa9b79224faf9f2a156b67a529ae861d3287c66c1d8ccfdf909bcba78d?s=96&d=mm&r=g\",\"contentUrl\":\"https:\/\/secure.gravatar.com\/avatar\/0546ffaa9b79224faf9f2a156b67a529ae861d3287c66c1d8ccfdf909bcba78d?s=96&d=mm&r=g\",\"caption\":\"Sebastiano Plutino\"},\"url\":\"https:\/\/progettotouring.it\/radiotouring104\/author\/sebastiano\/\"}]}<\/script>\n<!-- \/ Yoast SEO plugin. -->","yoast_head_json":{"title":"Mimosa d\u2019Argento: premiata comunit\u00e0 della Scalinata via Giudecca","description":"Si \u00e8 tenuta l\u20198 marzo, in occasione della Giornata Internazionale della Donna, la seconda edizione \u201cMimosa d\u2019Argento\u201d","robots":{"index":"index","follow":"follow","max-snippet":"max-snippet:-1","max-image-preview":"max-image-preview:large","max-video-preview":"max-video-preview:-1"},"canonical":"https:\/\/progettotouring.it\/radiotouring104\/2023\/03\/10\/mimosa-dargento-premiata-la-comunita-della-scalinata-di-via-giudecca\/","og_locale":"it_IT","og_type":"article","og_title":"Mimosa d\u2019Argento: premiata comunit\u00e0 della Scalinata via Giudecca","og_description":"Si \u00e8 tenuta l\u20198 marzo, in occasione della Giornata Internazionale della Donna, la seconda edizione \u201cMimosa d\u2019Argento\u201d","og_url":"https:\/\/progettotouring.it\/radiotouring104\/2023\/03\/10\/mimosa-dargento-premiata-la-comunita-della-scalinata-di-via-giudecca\/","og_site_name":"Radio Touring 104","article_published_time":"2023-03-10T11:07:41+00:00","article_modified_time":"2023-03-10T11:07:59+00:00","og_image":[{"width":928,"height":486,"url":"https:\/\/progettotouring.it\/radiotouring104\/wp-content\/uploads\/sites\/6\/2023\/03\/Scalinata-Via-Giudecca.jpeg","type":"image\/jpeg"}],"author":"Sebastiano Plutino","twitter_card":"summary_large_image","twitter_misc":{"Scritto da":"Sebastiano Plutino","Tempo di lettura stimato":"2 minuti"},"schema":{"@context":"https:\/\/schema.org","@graph":[{"@type":"Article","@id":"https:\/\/progettotouring.it\/radiotouring104\/2023\/03\/10\/mimosa-dargento-premiata-la-comunita-della-scalinata-di-via-giudecca\/#article","isPartOf":{"@id":"https:\/\/progettotouring.it\/radiotouring104\/2023\/03\/10\/mimosa-dargento-premiata-la-comunita-della-scalinata-di-via-giudecca\/"},"author":{"name":"Sebastiano Plutino","@id":"https:\/\/progettotouring.it\/radiotouring104\/#\/schema\/person\/78613917f1851f041f7483f5af1d422e"},"headline":"Mimosa d\u2019Argento: premiata la comunit\u00e0 della Scalinata di via Giudecca","datePublished":"2023-03-10T11:07:41+00:00","dateModified":"2023-03-10T11:07:59+00:00","mainEntityOfPage":{"@id":"https:\/\/progettotouring.it\/radiotouring104\/2023\/03\/10\/mimosa-dargento-premiata-la-comunita-della-scalinata-di-via-giudecca\/"},"wordCount":318,"publisher":{"@id":"https:\/\/progettotouring.it\/radiotouring104\/#organization"},"image":{"@id":"https:\/\/progettotouring.it\/radiotouring104\/2023\/03\/10\/mimosa-dargento-premiata-la-comunita-della-scalinata-di-via-giudecca\/#primaryimage"},"thumbnailUrl":"https:\/\/progettotouring.it\/radiotouring104\/wp-content\/uploads\/sites\/6\/2023\/03\/Scalinata-Via-Giudecca.jpeg","keywords":["Cna","Comunit\u00e0 patrimoniale \u201cScalinata Monumentale di via Giudecca\u201d","confartigianato","Confindustria","Mimosa d\u2019Argento","Rettore dell\u2019Universit\u00e0 Mediterranea","Sala delle Conferenze della Camera di Commercio","Scalinata via Giudecca"],"articleSection":["Home","News","Reggio Calabria"],"inLanguage":"it-IT"},{"@type":"WebPage","@id":"https:\/\/progettotouring.it\/radiotouring104\/2023\/03\/10\/mimosa-dargento-premiata-la-comunita-della-scalinata-di-via-giudecca\/","url":"https:\/\/progettotouring.it\/radiotouring104\/2023\/03\/10\/mimosa-dargento-premiata-la-comunita-della-scalinata-di-via-giudecca\/","name":"Mimosa d\u2019Argento: premiata comunit\u00e0 della Scalinata via Giudecca","isPartOf":{"@id":"https:\/\/progettotouring.it\/radiotouring104\/#website"},"primaryImageOfPage":{"@id":"https:\/\/progettotouring.it\/radiotouring104\/2023\/03\/10\/mimosa-dargento-premiata-la-comunita-della-scalinata-di-via-giudecca\/#primaryimage"},"image":{"@id":"https:\/\/progettotouring.it\/radiotouring104\/2023\/03\/10\/mimosa-dargento-premiata-la-comunita-della-scalinata-di-via-giudecca\/#primaryimage"},"thumbnailUrl":"https:\/\/progettotouring.it\/radiotouring104\/wp-content\/uploads\/sites\/6\/2023\/03\/Scalinata-Via-Giudecca.jpeg","datePublished":"2023-03-10T11:07:41+00:00","dateModified":"2023-03-10T11:07:59+00:00","description":"Si \u00e8 tenuta l\u20198 marzo, in occasione della Giornata Internazionale della Donna, la seconda edizione \u201cMimosa d\u2019Argento\u201d","breadcrumb":{"@id":"https:\/\/progettotouring.it\/radiotouring104\/2023\/03\/10\/mimosa-dargento-premiata-la-comunita-della-scalinata-di-via-giudecca\/#breadcrumb"},"inLanguage":"it-IT","potentialAction":[{"@type":"ReadAction","target":["https:\/\/progettotouring.it\/radiotouring104\/2023\/03\/10\/mimosa-dargento-premiata-la-comunita-della-scalinata-di-via-giudecca\/"]}]},{"@type":"ImageObject","inLanguage":"it-IT","@id":"https:\/\/progettotouring.it\/radiotouring104\/2023\/03\/10\/mimosa-dargento-premiata-la-comunita-della-scalinata-di-via-giudecca\/#primaryimage","url":"https:\/\/progettotouring.it\/radiotouring104\/wp-content\/uploads\/sites\/6\/2023\/03\/Scalinata-Via-Giudecca.jpeg","contentUrl":"https:\/\/progettotouring.it\/radiotouring104\/wp-content\/uploads\/sites\/6\/2023\/03\/Scalinata-Via-Giudecca.jpeg","width":928,"height":486},{"@type":"BreadcrumbList","@id":"https:\/\/progettotouring.it\/radiotouring104\/2023\/03\/10\/mimosa-dargento-premiata-la-comunita-della-scalinata-di-via-giudecca\/#breadcrumb","itemListElement":[{"@type":"ListItem","position":1,"name":"Home","item":"https:\/\/progettotouring.it\/radiotouring104\/"},{"@type":"ListItem","position":2,"name":"Mimosa d\u2019Argento: premiata la comunit\u00e0 della Scalinata di via Giudecca"}]},{"@type":"WebSite","@id":"https:\/\/progettotouring.it\/radiotouring104\/#website","url":"https:\/\/progettotouring.it\/radiotouring104\/","name":"Radio Touring 104","description":"La prima radio Reggina","publisher":{"@id":"https:\/\/progettotouring.it\/radiotouring104\/#organization"},"potentialAction":[{"@type":"SearchAction","target":{"@type":"EntryPoint","urlTemplate":"https:\/\/progettotouring.it\/radiotouring104\/?s={search_term_string}"},"query-input":{"@type":"PropertyValueSpecification","valueRequired":true,"valueName":"search_term_string"}}],"inLanguage":"it-IT"},{"@type":"Organization","@id":"https:\/\/progettotouring.it\/radiotouring104\/#organization","name":"Radio Touring 104","url":"https:\/\/progettotouring.it\/radiotouring104\/","logo":{"@type":"ImageObject","inLanguage":"it-IT","@id":"https:\/\/progettotouring.it\/radiotouring104\/#\/schema\/logo\/image\/","url":"https:\/\/progettotouring.it\/radiotouring104\/wp-content\/uploads\/sites\/6\/2022\/02\/cropped-logo-radio-touring-104.png","contentUrl":"https:\/\/progettotouring.it\/radiotouring104\/wp-content\/uploads\/sites\/6\/2022\/02\/cropped-logo-radio-touring-104.png","width":377,"height":182,"caption":"Radio Touring 104"},"image":{"@id":"https:\/\/progettotouring.it\/radiotouring104\/#\/schema\/logo\/image\/"}},{"@type":"Person","@id":"https:\/\/progettotouring.it\/radiotouring104\/#\/schema\/person\/78613917f1851f041f7483f5af1d422e","name":"Sebastiano Plutino","image":{"@type":"ImageObject","inLanguage":"it-IT","@id":"https:\/\/secure.gravatar.com\/avatar\/0546ffaa9b79224faf9f2a156b67a529ae861d3287c66c1d8ccfdf909bcba78d?s=96&d=mm&r=g","url":"https:\/\/secure.gravatar.com\/avatar\/0546ffaa9b79224faf9f2a156b67a529ae861d3287c66c1d8ccfdf909bcba78d?s=96&d=mm&r=g","contentUrl":"https:\/\/secure.gravatar.com\/avatar\/0546ffaa9b79224faf9f2a156b67a529ae861d3287c66c1d8ccfdf909bcba78d?s=96&d=mm&r=g","caption":"Sebastiano Plutino"},"url":"https:\/\/progettotouring.it\/radiotouring104\/author\/sebastiano\/"}]}},"jetpack_publicize_connections":[],"jetpack_featured_media_url":"https:\/\/progettotouring.it\/radiotouring104\/wp-content\/uploads\/sites\/6\/2023\/03\/Scalinata-Via-Giudecca.jpeg","jetpack_sharing_enabled":true,"_links":{"self":[{"href":"https:\/\/progettotouring.it\/radiotouring104\/wp-json\/wp\/v2\/posts\/20560","targetHints":{"allow":["GET"]}}],"collection":[{"href":"https:\/\/progettotouring.it\/radiotouring104\/wp-json\/wp\/v2\/posts"}],"about":[{"href":"https:\/\/progettotouring.it\/radiotouring104\/wp-json\/wp\/v2\/types\/post"}],"author":[{"embeddable":true,"href":"https:\/\/progettotouring.it\/radiotouring104\/wp-json\/wp\/v2\/users\/12"}],"replies":[{"embeddable":true,"href":"https:\/\/progettotouring.it\/radiotouring104\/wp-json\/wp\/v2\/comments?post=20560"}],"version-history":[{"count":1,"href":"https:\/\/progettotouring.it\/radiotouring104\/wp-json\/wp\/v2\/posts\/20560\/revisions"}],"predecessor-version":[{"id":20562,"href":"https:\/\/progettotouring.it\/radiotouring104\/wp-json\/wp\/v2\/posts\/20560\/revisions\/20562"}],"wp:featuredmedia":[{"embeddable":true,"href":"https:\/\/progettotouring.it\/radiotouring104\/wp-json\/wp\/v2\/media\/20561"}],"wp:attachment":[{"href":"https:\/\/progettotouring.it\/radiotouring104\/wp-json\/wp\/v2\/media?parent=20560"}],"wp:term":[{"taxonomy":"category","embeddable":true,"href":"https:\/\/progettotouring.it\/radiotouring104\/wp-json\/wp\/v2\/categories?post=20560"},{"taxonomy":"post_tag","embeddable":true,"href":"https:\/\/progettotouring.it\/radiotouring104\/wp-json\/wp\/v2\/tags?post=20560"}],"curies":[{"name":"wp","href":"https:\/\/api.w.org\/{rel}","templated":true}]}}