{"id":20563,"date":"2023-03-10T12:19:22","date_gmt":"2023-03-10T11:19:22","guid":{"rendered":"https:\/\/progettotouring.it\/radiotouring104\/?p=20563"},"modified":"2023-03-10T12:19:22","modified_gmt":"2023-03-10T11:19:22","slug":"sopralluogo-di-versace-e-mantegna-al-palatenda-di-bovalino","status":"publish","type":"post","link":"https:\/\/progettotouring.it\/radiotouring104\/2023\/03\/10\/sopralluogo-di-versace-e-mantegna-al-palatenda-di-bovalino\/","title":{"rendered":"Sopralluogo di Versace e Mantegna al PalaTenda di Bovalino"},"content":{"rendered":"<div>Il sindaco metropolitano facente funzioni, Carmelo Versace, ha fatto visita al cantiere del PalaTenda di Bovalino. Insieme al consigliere delegato Domenico Mantegna ed al sindaco della cittadina jonica, Vincenzo Maesano, Versace ha potuto constatare l\u2019avanzamento dei lavori che, nei prossimi mesi, potranno dirsi conclusi, consegnando l\u2019opera alla disponibilit\u00e0 del territorio.<\/div>\n<div>\n\u00abIn contrada Porticato a Bovalino \u2013 ha detto il sindaco facente funzioni \u2013 sta nascendo una struttura importante che potr\u00e0 dare respiro a tutto il mondo dell\u2019associazionismo sportivo del comprensorio. In questo senso, non posso che ringraziare il consigliere delegato al ramo, Domenico Mantegna, che sta costantemente collaborando con il sindaco Maesano rispetto alle programmazioni messe in campo dall\u2019amministrazione locale\u00bb.<\/div>\n<div>\n\u00abUn impianto del genere &#8211; ha aggiunto &#8211; atteso ormai da un paio di anni dal Comune, sar\u00e0 sicuramente al servizio delle tante realt\u00e0 sportive impegnate sul territorio. Come Citt\u00e0 Metropolitana stiamo provando a colmare il gap che, sotto l\u2019aspetto dell\u2019impiantistica sportiva, vive la Locride pi\u00f9 in generale. E questo PalaTenda potrebbe servire alle necessit\u00e0 delle comunit\u00e0 adiacenti, considerata la proverbiale accoglienza che, da sempre, contraddistingue il Comune di Bovalino\u00bb.<\/div>\n<div>\n\u00abInfatti \u2013 ha concluso il sindaco metropolitano facente funzioni \u2013 il PalaTenda andrebbe a rappresentare un\u2019opportunit\u00e0 per le esigenze del comprensorio. La speranza \u00e8 che, da qui a qualche settimana, potremo tornare in contrada Porticato per inaugurare un\u2019opera utile, moderna, al servizio dei cittadini. Un ringraziamento, infine, lo rivolgo al dirigente del settore, Giuseppe Mezzatesta, ed alla ditta che sta accelerando sulle attivit\u00e0 di cantiere per consegnare una grande ed importante struttura\u00bb.<\/p>\n<div><\/div>\n<\/div>\n","protected":false},"excerpt":{"rendered":"<p>Il sindaco metropolitano facente funzioni, Carmelo Versace, ha fatto visita al cantiere del PalaTenda di Bovalino. Insieme al consigliere delegato Domenico Mantegna ed al sindaco della cittadina jonica, Vincenzo Maesano,&hellip;<\/p>\n","protected":false},"author":12,"featured_media":20566,"comment_status":"closed","ping_status":"open","sticky":false,"template":"","format":"standard","meta":{"_jetpack_memberships_contains_paid_content":false,"footnotes":"","jetpack_publicize_message":"","jetpack_publicize_feature_enabled":true,"jetpack_social_post_already_shared":false,"jetpack_social_options":{"image_generator_settings":{"template":"highway","default_image_id":0,"font":"","enabled":false},"version":2}},"categories":[921,196,140],"tags":[239,2284,11249,11251,11250],"class_list":["post-20563","post","type-post","status-publish","format-standard","has-post-thumbnail","hentry","category-home","category-news","category-reggio-calabria","tag-carmelo-versace","tag-domenico-mantegna","tag-palatenda-di-bovalino","tag-sindacodi-bovalino-vincenzo-maesano","tag-verifica-avanzamento-dei-lavori-di-cantiere"],"yoast_head":"<!-- This site is optimized with the Yoast SEO plugin v27.2 - https:\/\/yoast.com\/product\/yoast-seo-wordpress\/ -->\n<title>Sopralluogo di Versace e Mantegna al PalaTenda di Bovalino<\/title>\n<meta name=\"description\" content=\"Il sindaco ff e quello di Bovalino Maesano hanno verificato lo stato di avanzamento dei lavori della struttura sportiva nel Comune jonico\" \/>\n<meta name=\"robots\" content=\"index, follow, max-snippet:-1, max-image-preview:large, max-video-preview:-1\" \/>\n<link rel=\"canonical\" href=\"https:\/\/progettotouring.it\/radiotouring104\/2023\/03\/10\/sopralluogo-di-versace-e-mantegna-al-palatenda-di-bovalino\/\" \/>\n<meta property=\"og:locale\" content=\"it_IT\" \/>\n<meta property=\"og:type\" content=\"article\" \/>\n<meta property=\"og:title\" content=\"Sopralluogo di Versace e Mantegna al PalaTenda di Bovalino\" \/>\n<meta property=\"og:description\" content=\"Il sindaco ff e quello di Bovalino Maesano hanno verificato lo stato di avanzamento dei lavori della struttura sportiva nel Comune jonico\" \/>\n<meta property=\"og:url\" content=\"https:\/\/progettotouring.it\/radiotouring104\/2023\/03\/10\/sopralluogo-di-versace-e-mantegna-al-palatenda-di-bovalino\/\" \/>\n<meta property=\"og:site_name\" content=\"Radio Touring 104\" \/>\n<meta property=\"article:published_time\" content=\"2023-03-10T11:19:22+00:00\" \/>\n<meta property=\"og:image\" content=\"https:\/\/progettotouring.it\/radiotouring104\/wp-content\/uploads\/sites\/6\/2023\/03\/Vincenzo-Maesano-sindaco-di-Bovalino-Mantegna-e-Versace.jpeg\" \/>\n\t<meta property=\"og:image:width\" content=\"2000\" \/>\n\t<meta property=\"og:image:height\" content=\"1500\" \/>\n\t<meta property=\"og:image:type\" content=\"image\/jpeg\" \/>\n<meta name=\"author\" content=\"Sebastiano Plutino\" \/>\n<meta name=\"twitter:card\" content=\"summary_large_image\" \/>\n<meta name=\"twitter:label1\" content=\"Scritto da\" \/>\n\t<meta name=\"twitter:data1\" content=\"Sebastiano Plutino\" \/>\n\t<meta name=\"twitter:label2\" content=\"Tempo di lettura stimato\" \/>\n\t<meta name=\"twitter:data2\" content=\"1 minuto\" \/>\n<script type=\"application\/ld+json\" class=\"yoast-schema-graph\">{\"@context\":\"https:\/\/schema.org\",\"@graph\":[{\"@type\":\"Article\",\"@id\":\"https:\/\/progettotouring.it\/radiotouring104\/2023\/03\/10\/sopralluogo-di-versace-e-mantegna-al-palatenda-di-bovalino\/#article\",\"isPartOf\":{\"@id\":\"https:\/\/progettotouring.it\/radiotouring104\/2023\/03\/10\/sopralluogo-di-versace-e-mantegna-al-palatenda-di-bovalino\/\"},\"author\":{\"name\":\"Sebastiano Plutino\",\"@id\":\"https:\/\/progettotouring.it\/radiotouring104\/#\/schema\/person\/78613917f1851f041f7483f5af1d422e\"},\"headline\":\"Sopralluogo di Versace e Mantegna al PalaTenda di Bovalino\",\"datePublished\":\"2023-03-10T11:19:22+00:00\",\"mainEntityOfPage\":{\"@id\":\"https:\/\/progettotouring.it\/radiotouring104\/2023\/03\/10\/sopralluogo-di-versace-e-mantegna-al-palatenda-di-bovalino\/\"},\"wordCount\":264,\"publisher\":{\"@id\":\"https:\/\/progettotouring.it\/radiotouring104\/#organization\"},\"image\":{\"@id\":\"https:\/\/progettotouring.it\/radiotouring104\/2023\/03\/10\/sopralluogo-di-versace-e-mantegna-al-palatenda-di-bovalino\/#primaryimage\"},\"thumbnailUrl\":\"https:\/\/progettotouring.it\/radiotouring104\/wp-content\/uploads\/sites\/6\/2023\/03\/Vincenzo-Maesano-sindaco-di-Bovalino-Mantegna-e-Versace.jpeg\",\"keywords\":[\"carmelo versace\",\"Domenico Mantegna\",\"PalaTenda di Bovalino\",\"Sindacodi Bovalino Vincenzo Maesano\",\"verifica avanzamento dei lavori di cantiere\"],\"articleSection\":[\"Home\",\"News\",\"Reggio Calabria\"],\"inLanguage\":\"it-IT\"},{\"@type\":\"WebPage\",\"@id\":\"https:\/\/progettotouring.it\/radiotouring104\/2023\/03\/10\/sopralluogo-di-versace-e-mantegna-al-palatenda-di-bovalino\/\",\"url\":\"https:\/\/progettotouring.it\/radiotouring104\/2023\/03\/10\/sopralluogo-di-versace-e-mantegna-al-palatenda-di-bovalino\/\",\"name\":\"Sopralluogo di Versace e Mantegna al PalaTenda di Bovalino\",\"isPartOf\":{\"@id\":\"https:\/\/progettotouring.it\/radiotouring104\/#website\"},\"primaryImageOfPage\":{\"@id\":\"https:\/\/progettotouring.it\/radiotouring104\/2023\/03\/10\/sopralluogo-di-versace-e-mantegna-al-palatenda-di-bovalino\/#primaryimage\"},\"image\":{\"@id\":\"https:\/\/progettotouring.it\/radiotouring104\/2023\/03\/10\/sopralluogo-di-versace-e-mantegna-al-palatenda-di-bovalino\/#primaryimage\"},\"thumbnailUrl\":\"https:\/\/progettotouring.it\/radiotouring104\/wp-content\/uploads\/sites\/6\/2023\/03\/Vincenzo-Maesano-sindaco-di-Bovalino-Mantegna-e-Versace.jpeg\",\"datePublished\":\"2023-03-10T11:19:22+00:00\",\"description\":\"Il sindaco ff e quello di Bovalino Maesano hanno verificato lo stato di avanzamento dei lavori della struttura sportiva nel Comune jonico\",\"breadcrumb\":{\"@id\":\"https:\/\/progettotouring.it\/radiotouring104\/2023\/03\/10\/sopralluogo-di-versace-e-mantegna-al-palatenda-di-bovalino\/#breadcrumb\"},\"inLanguage\":\"it-IT\",\"potentialAction\":[{\"@type\":\"ReadAction\",\"target\":[\"https:\/\/progettotouring.it\/radiotouring104\/2023\/03\/10\/sopralluogo-di-versace-e-mantegna-al-palatenda-di-bovalino\/\"]}]},{\"@type\":\"ImageObject\",\"inLanguage\":\"it-IT\",\"@id\":\"https:\/\/progettotouring.it\/radiotouring104\/2023\/03\/10\/sopralluogo-di-versace-e-mantegna-al-palatenda-di-bovalino\/#primaryimage\",\"url\":\"https:\/\/progettotouring.it\/radiotouring104\/wp-content\/uploads\/sites\/6\/2023\/03\/Vincenzo-Maesano-sindaco-di-Bovalino-Mantegna-e-Versace.jpeg\",\"contentUrl\":\"https:\/\/progettotouring.it\/radiotouring104\/wp-content\/uploads\/sites\/6\/2023\/03\/Vincenzo-Maesano-sindaco-di-Bovalino-Mantegna-e-Versace.jpeg\",\"width\":2000,\"height\":1500},{\"@type\":\"BreadcrumbList\",\"@id\":\"https:\/\/progettotouring.it\/radiotouring104\/2023\/03\/10\/sopralluogo-di-versace-e-mantegna-al-palatenda-di-bovalino\/#breadcrumb\",\"itemListElement\":[{\"@type\":\"ListItem\",\"position\":1,\"name\":\"Home\",\"item\":\"https:\/\/progettotouring.it\/radiotouring104\/\"},{\"@type\":\"ListItem\",\"position\":2,\"name\":\"Sopralluogo di Versace e Mantegna al PalaTenda di Bovalino\"}]},{\"@type\":\"WebSite\",\"@id\":\"https:\/\/progettotouring.it\/radiotouring104\/#website\",\"url\":\"https:\/\/progettotouring.it\/radiotouring104\/\",\"name\":\"Radio Touring 104\",\"description\":\"La prima radio Reggina\",\"publisher\":{\"@id\":\"https:\/\/progettotouring.it\/radiotouring104\/#organization\"},\"potentialAction\":[{\"@type\":\"SearchAction\",\"target\":{\"@type\":\"EntryPoint\",\"urlTemplate\":\"https:\/\/progettotouring.it\/radiotouring104\/?s={search_term_string}\"},\"query-input\":{\"@type\":\"PropertyValueSpecification\",\"valueRequired\":true,\"valueName\":\"search_term_string\"}}],\"inLanguage\":\"it-IT\"},{\"@type\":\"Organization\",\"@id\":\"https:\/\/progettotouring.it\/radiotouring104\/#organization\",\"name\":\"Radio Touring 104\",\"url\":\"https:\/\/progettotouring.it\/radiotouring104\/\",\"logo\":{\"@type\":\"ImageObject\",\"inLanguage\":\"it-IT\",\"@id\":\"https:\/\/progettotouring.it\/radiotouring104\/#\/schema\/logo\/image\/\",\"url\":\"https:\/\/progettotouring.it\/radiotouring104\/wp-content\/uploads\/sites\/6\/2022\/02\/cropped-logo-radio-touring-104.png\",\"contentUrl\":\"https:\/\/progettotouring.it\/radiotouring104\/wp-content\/uploads\/sites\/6\/2022\/02\/cropped-logo-radio-touring-104.png\",\"width\":377,\"height\":182,\"caption\":\"Radio Touring 104\"},\"image\":{\"@id\":\"https:\/\/progettotouring.it\/radiotouring104\/#\/schema\/logo\/image\/\"}},{\"@type\":\"Person\",\"@id\":\"https:\/\/progettotouring.it\/radiotouring104\/#\/schema\/person\/78613917f1851f041f7483f5af1d422e\",\"name\":\"Sebastiano Plutino\",\"image\":{\"@type\":\"ImageObject\",\"inLanguage\":\"it-IT\",\"@id\":\"https:\/\/secure.gravatar.com\/avatar\/0546ffaa9b79224faf9f2a156b67a529ae861d3287c66c1d8ccfdf909bcba78d?s=96&d=mm&r=g\",\"url\":\"https:\/\/secure.gravatar.com\/avatar\/0546ffaa9b79224faf9f2a156b67a529ae861d3287c66c1d8ccfdf909bcba78d?s=96&d=mm&r=g\",\"contentUrl\":\"https:\/\/secure.gravatar.com\/avatar\/0546ffaa9b79224faf9f2a156b67a529ae861d3287c66c1d8ccfdf909bcba78d?s=96&d=mm&r=g\",\"caption\":\"Sebastiano Plutino\"},\"url\":\"https:\/\/progettotouring.it\/radiotouring104\/author\/sebastiano\/\"}]}<\/script>\n<!-- \/ Yoast SEO plugin. -->","yoast_head_json":{"title":"Sopralluogo di Versace e Mantegna al PalaTenda di Bovalino","description":"Il sindaco ff e quello di Bovalino Maesano hanno verificato lo stato di avanzamento dei lavori della struttura sportiva nel Comune jonico","robots":{"index":"index","follow":"follow","max-snippet":"max-snippet:-1","max-image-preview":"max-image-preview:large","max-video-preview":"max-video-preview:-1"},"canonical":"https:\/\/progettotouring.it\/radiotouring104\/2023\/03\/10\/sopralluogo-di-versace-e-mantegna-al-palatenda-di-bovalino\/","og_locale":"it_IT","og_type":"article","og_title":"Sopralluogo di Versace e Mantegna al PalaTenda di Bovalino","og_description":"Il sindaco ff e quello di Bovalino Maesano hanno verificato lo stato di avanzamento dei lavori della struttura sportiva nel Comune jonico","og_url":"https:\/\/progettotouring.it\/radiotouring104\/2023\/03\/10\/sopralluogo-di-versace-e-mantegna-al-palatenda-di-bovalino\/","og_site_name":"Radio Touring 104","article_published_time":"2023-03-10T11:19:22+00:00","og_image":[{"width":2000,"height":1500,"url":"https:\/\/progettotouring.it\/radiotouring104\/wp-content\/uploads\/sites\/6\/2023\/03\/Vincenzo-Maesano-sindaco-di-Bovalino-Mantegna-e-Versace.jpeg","type":"image\/jpeg"}],"author":"Sebastiano Plutino","twitter_card":"summary_large_image","twitter_misc":{"Scritto da":"Sebastiano Plutino","Tempo di lettura stimato":"1 minuto"},"schema":{"@context":"https:\/\/schema.org","@graph":[{"@type":"Article","@id":"https:\/\/progettotouring.it\/radiotouring104\/2023\/03\/10\/sopralluogo-di-versace-e-mantegna-al-palatenda-di-bovalino\/#article","isPartOf":{"@id":"https:\/\/progettotouring.it\/radiotouring104\/2023\/03\/10\/sopralluogo-di-versace-e-mantegna-al-palatenda-di-bovalino\/"},"author":{"name":"Sebastiano Plutino","@id":"https:\/\/progettotouring.it\/radiotouring104\/#\/schema\/person\/78613917f1851f041f7483f5af1d422e"},"headline":"Sopralluogo di Versace e Mantegna al PalaTenda di Bovalino","datePublished":"2023-03-10T11:19:22+00:00","mainEntityOfPage":{"@id":"https:\/\/progettotouring.it\/radiotouring104\/2023\/03\/10\/sopralluogo-di-versace-e-mantegna-al-palatenda-di-bovalino\/"},"wordCount":264,"publisher":{"@id":"https:\/\/progettotouring.it\/radiotouring104\/#organization"},"image":{"@id":"https:\/\/progettotouring.it\/radiotouring104\/2023\/03\/10\/sopralluogo-di-versace-e-mantegna-al-palatenda-di-bovalino\/#primaryimage"},"thumbnailUrl":"https:\/\/progettotouring.it\/radiotouring104\/wp-content\/uploads\/sites\/6\/2023\/03\/Vincenzo-Maesano-sindaco-di-Bovalino-Mantegna-e-Versace.jpeg","keywords":["carmelo versace","Domenico Mantegna","PalaTenda di Bovalino","Sindacodi Bovalino Vincenzo Maesano","verifica avanzamento dei lavori di cantiere"],"articleSection":["Home","News","Reggio Calabria"],"inLanguage":"it-IT"},{"@type":"WebPage","@id":"https:\/\/progettotouring.it\/radiotouring104\/2023\/03\/10\/sopralluogo-di-versace-e-mantegna-al-palatenda-di-bovalino\/","url":"https:\/\/progettotouring.it\/radiotouring104\/2023\/03\/10\/sopralluogo-di-versace-e-mantegna-al-palatenda-di-bovalino\/","name":"Sopralluogo di Versace e Mantegna al PalaTenda di Bovalino","isPartOf":{"@id":"https:\/\/progettotouring.it\/radiotouring104\/#website"},"primaryImageOfPage":{"@id":"https:\/\/progettotouring.it\/radiotouring104\/2023\/03\/10\/sopralluogo-di-versace-e-mantegna-al-palatenda-di-bovalino\/#primaryimage"},"image":{"@id":"https:\/\/progettotouring.it\/radiotouring104\/2023\/03\/10\/sopralluogo-di-versace-e-mantegna-al-palatenda-di-bovalino\/#primaryimage"},"thumbnailUrl":"https:\/\/progettotouring.it\/radiotouring104\/wp-content\/uploads\/sites\/6\/2023\/03\/Vincenzo-Maesano-sindaco-di-Bovalino-Mantegna-e-Versace.jpeg","datePublished":"2023-03-10T11:19:22+00:00","description":"Il sindaco ff e quello di Bovalino Maesano hanno verificato lo stato di avanzamento dei lavori della struttura sportiva nel Comune jonico","breadcrumb":{"@id":"https:\/\/progettotouring.it\/radiotouring104\/2023\/03\/10\/sopralluogo-di-versace-e-mantegna-al-palatenda-di-bovalino\/#breadcrumb"},"inLanguage":"it-IT","potentialAction":[{"@type":"ReadAction","target":["https:\/\/progettotouring.it\/radiotouring104\/2023\/03\/10\/sopralluogo-di-versace-e-mantegna-al-palatenda-di-bovalino\/"]}]},{"@type":"ImageObject","inLanguage":"it-IT","@id":"https:\/\/progettotouring.it\/radiotouring104\/2023\/03\/10\/sopralluogo-di-versace-e-mantegna-al-palatenda-di-bovalino\/#primaryimage","url":"https:\/\/progettotouring.it\/radiotouring104\/wp-content\/uploads\/sites\/6\/2023\/03\/Vincenzo-Maesano-sindaco-di-Bovalino-Mantegna-e-Versace.jpeg","contentUrl":"https:\/\/progettotouring.it\/radiotouring104\/wp-content\/uploads\/sites\/6\/2023\/03\/Vincenzo-Maesano-sindaco-di-Bovalino-Mantegna-e-Versace.jpeg","width":2000,"height":1500},{"@type":"BreadcrumbList","@id":"https:\/\/progettotouring.it\/radiotouring104\/2023\/03\/10\/sopralluogo-di-versace-e-mantegna-al-palatenda-di-bovalino\/#breadcrumb","itemListElement":[{"@type":"ListItem","position":1,"name":"Home","item":"https:\/\/progettotouring.it\/radiotouring104\/"},{"@type":"ListItem","position":2,"name":"Sopralluogo di Versace e Mantegna al PalaTenda di Bovalino"}]},{"@type":"WebSite","@id":"https:\/\/progettotouring.it\/radiotouring104\/#website","url":"https:\/\/progettotouring.it\/radiotouring104\/","name":"Radio Touring 104","description":"La prima radio Reggina","publisher":{"@id":"https:\/\/progettotouring.it\/radiotouring104\/#organization"},"potentialAction":[{"@type":"SearchAction","target":{"@type":"EntryPoint","urlTemplate":"https:\/\/progettotouring.it\/radiotouring104\/?s={search_term_string}"},"query-input":{"@type":"PropertyValueSpecification","valueRequired":true,"valueName":"search_term_string"}}],"inLanguage":"it-IT"},{"@type":"Organization","@id":"https:\/\/progettotouring.it\/radiotouring104\/#organization","name":"Radio Touring 104","url":"https:\/\/progettotouring.it\/radiotouring104\/","logo":{"@type":"ImageObject","inLanguage":"it-IT","@id":"https:\/\/progettotouring.it\/radiotouring104\/#\/schema\/logo\/image\/","url":"https:\/\/progettotouring.it\/radiotouring104\/wp-content\/uploads\/sites\/6\/2022\/02\/cropped-logo-radio-touring-104.png","contentUrl":"https:\/\/progettotouring.it\/radiotouring104\/wp-content\/uploads\/sites\/6\/2022\/02\/cropped-logo-radio-touring-104.png","width":377,"height":182,"caption":"Radio Touring 104"},"image":{"@id":"https:\/\/progettotouring.it\/radiotouring104\/#\/schema\/logo\/image\/"}},{"@type":"Person","@id":"https:\/\/progettotouring.it\/radiotouring104\/#\/schema\/person\/78613917f1851f041f7483f5af1d422e","name":"Sebastiano Plutino","image":{"@type":"ImageObject","inLanguage":"it-IT","@id":"https:\/\/secure.gravatar.com\/avatar\/0546ffaa9b79224faf9f2a156b67a529ae861d3287c66c1d8ccfdf909bcba78d?s=96&d=mm&r=g","url":"https:\/\/secure.gravatar.com\/avatar\/0546ffaa9b79224faf9f2a156b67a529ae861d3287c66c1d8ccfdf909bcba78d?s=96&d=mm&r=g","contentUrl":"https:\/\/secure.gravatar.com\/avatar\/0546ffaa9b79224faf9f2a156b67a529ae861d3287c66c1d8ccfdf909bcba78d?s=96&d=mm&r=g","caption":"Sebastiano Plutino"},"url":"https:\/\/progettotouring.it\/radiotouring104\/author\/sebastiano\/"}]}},"jetpack_publicize_connections":[],"jetpack_featured_media_url":"https:\/\/progettotouring.it\/radiotouring104\/wp-content\/uploads\/sites\/6\/2023\/03\/Vincenzo-Maesano-sindaco-di-Bovalino-Mantegna-e-Versace.jpeg","jetpack_sharing_enabled":true,"_links":{"self":[{"href":"https:\/\/progettotouring.it\/radiotouring104\/wp-json\/wp\/v2\/posts\/20563","targetHints":{"allow":["GET"]}}],"collection":[{"href":"https:\/\/progettotouring.it\/radiotouring104\/wp-json\/wp\/v2\/posts"}],"about":[{"href":"https:\/\/progettotouring.it\/radiotouring104\/wp-json\/wp\/v2\/types\/post"}],"author":[{"embeddable":true,"href":"https:\/\/progettotouring.it\/radiotouring104\/wp-json\/wp\/v2\/users\/12"}],"replies":[{"embeddable":true,"href":"https:\/\/progettotouring.it\/radiotouring104\/wp-json\/wp\/v2\/comments?post=20563"}],"version-history":[{"count":1,"href":"https:\/\/progettotouring.it\/radiotouring104\/wp-json\/wp\/v2\/posts\/20563\/revisions"}],"predecessor-version":[{"id":20567,"href":"https:\/\/progettotouring.it\/radiotouring104\/wp-json\/wp\/v2\/posts\/20563\/revisions\/20567"}],"wp:featuredmedia":[{"embeddable":true,"href":"https:\/\/progettotouring.it\/radiotouring104\/wp-json\/wp\/v2\/media\/20566"}],"wp:attachment":[{"href":"https:\/\/progettotouring.it\/radiotouring104\/wp-json\/wp\/v2\/media?parent=20563"}],"wp:term":[{"taxonomy":"category","embeddable":true,"href":"https:\/\/progettotouring.it\/radiotouring104\/wp-json\/wp\/v2\/categories?post=20563"},{"taxonomy":"post_tag","embeddable":true,"href":"https:\/\/progettotouring.it\/radiotouring104\/wp-json\/wp\/v2\/tags?post=20563"}],"curies":[{"name":"wp","href":"https:\/\/api.w.org\/{rel}","templated":true}]}}